{"id":8197,"date":"2017-04-12T09:06:51","date_gmt":"2017-04-12T07:06:51","guid":{"rendered":"https:\/\/www.mines-stetienne.fr\/panoramines\/?p=8197"},"modified":"2017-04-13T14:36:37","modified_gmt":"2017-04-13T12:36:37","slug":"nouveau-mandat-mines-etudes-projets","status":"publish","type":"post","link":"https:\/\/www.mines-stetienne.fr\/panoramines\/2017\/04\/12\/nouveau-mandat-mines-etudes-projets\/","title":{"rendered":"Nouveau mandat pour Mines, \u00c9tudes et Projets"},"content":{"rendered":"<h4>Le bureau 2017-2018 de la junior-entreprise MEP vient de prendre ses fonctions. La nouvelle \u00e9quipe est anim\u00e9e de la m\u00eame volont\u00e9 d&rsquo;excellence : continuer \u00e0 proposer des \u00e9tudes de qualit\u00e9 et rester dans les 30 meilleures JE de France.<\/h4>\n<p>Pour la deuxi\u00e8me ann\u00e9e cons\u00e9cutive, MEP se retrouve dans le <a href=\"https:\/\/www.challenges.fr\/emploi\/sciences-po-essec-audencia-skema-decouvrez-les-30-meilleures-junior-entreprises-de-france_457874?xtor=RSS-16&amp;utm_content=buffer556d6&amp;utm_medium=social&amp;utm_source=facebook.com&amp;utm_campaign=buffer\">classement des 30 meilleures Junior Entreprises de France<\/a> (Challenge.fr, le 4\/03\/2017) : un bilan tr\u00e8s positif pour l&rsquo;\u00e9quipe sortante, emmen\u00e9e par <strong>Natsuki Gunji<\/strong>, qui a \u00e9galement r\u00e9alis\u00e9 d&rsquo;importantes \u00e9tudes et augment\u00e9 le nombre de cotisants. Elle a pass\u00e9 le relais le 11 avril.<\/p>\n<div id='gallery-1' class='gallery galleryid-8197 gallery-columns-2 gallery-size-thumbnail'><dl class='gallery-item'>\n\t\t\t<dt class='gallery-icon landscape'>\n\t\t\t\t<a href='https:\/\/www.mines-stetienne.fr\/panoramines\/wp-content\/uploads\/sites\/3\/2017\/04\/MEPJE2.jpg'><img loading=\"lazy\" decoding=\"async\" width=\"150\" height=\"150\" src=\"https:\/\/www.mines-stetienne.fr\/panoramines\/wp-content\/uploads\/sites\/3\/2017\/04\/MEPJE2-150x150.jpg\" class=\"attachment-thumbnail size-thumbnail\" alt=\"\" srcset=\"https:\/\/www.mines-stetienne.fr\/panoramines\/wp-content\/uploads\/sites\/3\/2017\/04\/MEPJE2-150x150.jpg 150w, https:\/\/www.mines-stetienne.fr\/panoramines\/wp-content\/uploads\/sites\/3\/2017\/04\/MEPJE2-75x75.jpg 75w, https:\/\/www.mines-stetienne.fr\/panoramines\/wp-content\/uploads\/sites\/3\/2017\/04\/MEPJE2-360x360.jpg 360w\" sizes=\"auto, (max-width: 150px) 100vw, 150px\" \/><\/a>\n\t\t\t<\/dt><\/dl><dl class='gallery-item'>\n\t\t\t<dt class='gallery-icon landscape'>\n\t\t\t\t<a href='https:\/\/www.mines-stetienne.fr\/panoramines\/wp-content\/uploads\/sites\/3\/2017\/04\/MEPJE1.jpg'><img loading=\"lazy\" decoding=\"async\" width=\"150\" height=\"150\" src=\"https:\/\/www.mines-stetienne.fr\/panoramines\/wp-content\/uploads\/sites\/3\/2017\/04\/MEPJE1-150x150.jpg\" class=\"attachment-thumbnail size-thumbnail\" alt=\"\" srcset=\"https:\/\/www.mines-stetienne.fr\/panoramines\/wp-content\/uploads\/sites\/3\/2017\/04\/MEPJE1-150x150.jpg 150w, https:\/\/www.mines-stetienne.fr\/panoramines\/wp-content\/uploads\/sites\/3\/2017\/04\/MEPJE1-75x75.jpg 75w, https:\/\/www.mines-stetienne.fr\/panoramines\/wp-content\/uploads\/sites\/3\/2017\/04\/MEPJE1-360x360.jpg 360w\" sizes=\"auto, (max-width: 150px) 100vw, 150px\" \/><\/a>\n\t\t\t<\/dt><\/dl><br style=\"clear: both\" \/>\n\t\t<\/div>\n\n<p>La nouvelle \u00e9quipe, pr\u00e9sid\u00e9e par <strong>Aubin Rabouan<\/strong>, est compos\u00e9e de 24 \u00e9l\u00e8ves-ing\u00e9nieurs ICM. Elle s&rsquo;attachera \u00e9galement \u00e0 renforcer l&rsquo;image et la visibilit\u00e9 de la JE, en particulier au sein du tissu \u00e9conomique st\u00e9phanois, \u00e0 \u00e9largir ses conventions de partenariat et \u00e0 poursuivre la belle dynamique engag\u00e9e depuis 4 ans.<\/p>\n<p><em>MEP, junior-entreprise des \u00e9l\u00e8ves ICM de Mines Saint-\u00c9tienne r\u00e9alise des \u00e9tudes en ing\u00e9nierie pour des entreprises de toutes tailles. <\/em><strong>En savoir + <a href=\"http:\/\/mep-je.fr\/2015\/\">sur mep-je.fr<\/a><\/strong><\/p>\n<hr \/>\n<p>&nbsp;<\/p>\n","protected":false},"excerpt":{"rendered":"<p>Le bureau 2017-2018 de la junior-entreprise MEP vient de prendre ses fonctions. La nouvelle \u00e9quipe est anim\u00e9e de la m\u00eame volont\u00e9 d&rsquo;excellence : continuer \u00e0 proposer des \u00e9tudes de qualit\u00e9 et rester dans les 30 meilleures JE de France. Pour &hellip;<\/p>\n","protected":false},"author":3,"featured_media":8311,"comment_status":"closed","ping_status":"open","sticky":false,"template":"","format":"standard","meta":{"_relevanssi_hide_post":"","_relevanssi_hide_content":"","_relevanssi_pin_for_all":"","_relevanssi_pin_keywords":"","_relevanssi_unpin_keywords":"","_relevanssi_related_keywords":"","_relevanssi_related_include_ids":"","_relevanssi_related_exclude_ids":"","_relevanssi_related_no_append":"","_relevanssi_related_not_related":"","_relevanssi_related_posts":"","_relevanssi_noindex_reason":"","footnotes":""},"categories":[8],"tags":[37,63,236,132],"class_list":["post-8197","post","type-post","status-publish","format-standard","has-post-thumbnail","hentry","category-vie-etudiante","tag-icm","tag-junior-entreprise","tag-mep","tag-saint-etienne"],"pp_statuses_selecting_workflow":false,"pp_workflow_action":"current","pp_status_selection":"publish","pp_force_visibility":null,"pp_subpost_visibility":null,"pp_inherited_force_visibility":null,"pp_inherited_subpost_visibility":null,"yoast_head":"<!-- This site is optimized with the Yoast SEO plugin v27.4 - https:\/\/yoast.com\/product\/yoast-seo-wordpress\/ -->\n<title>Nouveau mandat pour Mines, \u00c9tudes et Projets - Panoramines<\/title>\n<meta name=\"robots\" content=\"index, follow, max-snippet:-1, max-image-preview:large, max-video-preview:-1\" \/>\n<link rel=\"canonical\" href=\"https:\/\/www.mines-stetienne.fr\/panoramines\/2017\/04\/12\/nouveau-mandat-mines-etudes-projets\/\" \/>\n<meta property=\"og:locale\" content=\"fr_FR\" \/>\n<meta property=\"og:type\" content=\"article\" \/>\n<meta property=\"og:title\" content=\"Nouveau mandat pour Mines, \u00c9tudes et Projets - Panoramines\" \/>\n<meta property=\"og:description\" content=\"Le bureau 2017-2018 de la junior-entreprise MEP vient de prendre ses fonctions. La nouvelle \u00e9quipe est anim\u00e9e de la m\u00eame volont\u00e9 d&rsquo;excellence : continuer \u00e0 proposer des \u00e9tudes de qualit\u00e9 et rester dans les 30 meilleures JE de France. Pour &hellip;\" \/>\n<meta property=\"og:url\" content=\"https:\/\/www.mines-stetienne.fr\/panoramines\/2017\/04\/12\/nouveau-mandat-mines-etudes-projets\/\" \/>\n<meta property=\"og:site_name\" content=\"Panoramines\" \/>\n<meta property=\"article:published_time\" content=\"2017-04-12T07:06:51+00:00\" \/>\n<meta property=\"article:modified_time\" content=\"2017-04-13T12:36:37+00:00\" \/>\n<meta property=\"og:image\" content=\"https:\/\/www.mines-stetienne.fr\/panoramines\/wp-content\/uploads\/sites\/3\/2017\/04\/UNe_MEP.jpg\" \/>\n\t<meta property=\"og:image:width\" content=\"700\" \/>\n\t<meta property=\"og:image:height\" content=\"379\" \/>\n\t<meta property=\"og:image:type\" content=\"image\/jpeg\" \/>\n<meta name=\"author\" content=\"Nathalie\" \/>\n<meta name=\"twitter:card\" content=\"summary_large_image\" \/>\n<meta name=\"twitter:label1\" content=\"\u00c9crit par\" \/>\n\t<meta name=\"twitter:data1\" content=\" Nathalie\" \/>\n\t<meta name=\"twitter:label2\" content=\"Dur\u00e9e de lecture estim\u00e9e\" \/>\n\t<meta name=\"twitter:data2\" content=\"1 minute\" \/>\n<script type=\"application\/ld+json\" class=\"yoast-schema-graph\">{\"@context\":\"https:\\\/\\\/schema.org\",\"@graph\":[{\"@type\":\"Article\",\"@id\":\"https:\\\/\\\/www.mines-stetienne.fr\\\/panoramines\\\/2017\\\/04\\\/12\\\/nouveau-mandat-mines-etudes-projets\\\/#article\",\"isPartOf\":{\"@id\":\"https:\\\/\\\/www.mines-stetienne.fr\\\/panoramines\\\/2017\\\/04\\\/12\\\/nouveau-mandat-mines-etudes-projets\\\/\"},\"author\":{\"name\":\"Nathalie\",\"@id\":\"https:\\\/\\\/www.mines-stetienne.fr\\\/panoramines\\\/#\\\/schema\\\/person\\\/95e752e6dedac604ce4535123e0f8df7\"},\"headline\":\"Nouveau mandat pour Mines, \u00c9tudes et Projets\",\"datePublished\":\"2017-04-12T07:06:51+00:00\",\"dateModified\":\"2017-04-13T12:36:37+00:00\",\"mainEntityOfPage\":{\"@id\":\"https:\\\/\\\/www.mines-stetienne.fr\\\/panoramines\\\/2017\\\/04\\\/12\\\/nouveau-mandat-mines-etudes-projets\\\/\"},\"wordCount\":187,\"image\":{\"@id\":\"https:\\\/\\\/www.mines-stetienne.fr\\\/panoramines\\\/2017\\\/04\\\/12\\\/nouveau-mandat-mines-etudes-projets\\\/#primaryimage\"},\"thumbnailUrl\":\"https:\\\/\\\/www.mines-stetienne.fr\\\/panoramines\\\/wp-content\\\/uploads\\\/sites\\\/3\\\/2017\\\/04\\\/UNe_MEP.jpg\",\"keywords\":[\"ICM\",\"Junior-Entreprise\",\"MEP\",\"Saint-\u00c9tienne\"],\"articleSection\":[\"Vie \u00e9tudiante\"],\"inLanguage\":\"fr-FR\"},{\"@type\":\"WebPage\",\"@id\":\"https:\\\/\\\/www.mines-stetienne.fr\\\/panoramines\\\/2017\\\/04\\\/12\\\/nouveau-mandat-mines-etudes-projets\\\/\",\"url\":\"https:\\\/\\\/www.mines-stetienne.fr\\\/panoramines\\\/2017\\\/04\\\/12\\\/nouveau-mandat-mines-etudes-projets\\\/\",\"name\":\"Nouveau mandat pour Mines, \u00c9tudes et Projets - Panoramines\",\"isPartOf\":{\"@id\":\"https:\\\/\\\/www.mines-stetienne.fr\\\/panoramines\\\/#website\"},\"primaryImageOfPage\":{\"@id\":\"https:\\\/\\\/www.mines-stetienne.fr\\\/panoramines\\\/2017\\\/04\\\/12\\\/nouveau-mandat-mines-etudes-projets\\\/#primaryimage\"},\"image\":{\"@id\":\"https:\\\/\\\/www.mines-stetienne.fr\\\/panoramines\\\/2017\\\/04\\\/12\\\/nouveau-mandat-mines-etudes-projets\\\/#primaryimage\"},\"thumbnailUrl\":\"https:\\\/\\\/www.mines-stetienne.fr\\\/panoramines\\\/wp-content\\\/uploads\\\/sites\\\/3\\\/2017\\\/04\\\/UNe_MEP.jpg\",\"datePublished\":\"2017-04-12T07:06:51+00:00\",\"dateModified\":\"2017-04-13T12:36:37+00:00\",\"author\":{\"@id\":\"https:\\\/\\\/www.mines-stetienne.fr\\\/panoramines\\\/#\\\/schema\\\/person\\\/95e752e6dedac604ce4535123e0f8df7\"},\"breadcrumb\":{\"@id\":\"https:\\\/\\\/www.mines-stetienne.fr\\\/panoramines\\\/2017\\\/04\\\/12\\\/nouveau-mandat-mines-etudes-projets\\\/#breadcrumb\"},\"inLanguage\":\"fr-FR\",\"potentialAction\":[{\"@type\":\"ReadAction\",\"target\":[\"https:\\\/\\\/www.mines-stetienne.fr\\\/panoramines\\\/2017\\\/04\\\/12\\\/nouveau-mandat-mines-etudes-projets\\\/\"]}]},{\"@type\":\"ImageObject\",\"inLanguage\":\"fr-FR\",\"@id\":\"https:\\\/\\\/www.mines-stetienne.fr\\\/panoramines\\\/2017\\\/04\\\/12\\\/nouveau-mandat-mines-etudes-projets\\\/#primaryimage\",\"url\":\"https:\\\/\\\/www.mines-stetienne.fr\\\/panoramines\\\/wp-content\\\/uploads\\\/sites\\\/3\\\/2017\\\/04\\\/UNe_MEP.jpg\",\"contentUrl\":\"https:\\\/\\\/www.mines-stetienne.fr\\\/panoramines\\\/wp-content\\\/uploads\\\/sites\\\/3\\\/2017\\\/04\\\/UNe_MEP.jpg\",\"width\":700,\"height\":379},{\"@type\":\"BreadcrumbList\",\"@id\":\"https:\\\/\\\/www.mines-stetienne.fr\\\/panoramines\\\/2017\\\/04\\\/12\\\/nouveau-mandat-mines-etudes-projets\\\/#breadcrumb\",\"itemListElement\":[{\"@type\":\"ListItem\",\"position\":1,\"name\":\"Accueil\",\"item\":\"https:\\\/\\\/www.mines-stetienne.fr\\\/panoramines\\\/\"},{\"@type\":\"ListItem\",\"position\":2,\"name\":\"Nouveau mandat pour Mines, \u00c9tudes et Projets\"}]},{\"@type\":\"WebSite\",\"@id\":\"https:\\\/\\\/www.mines-stetienne.fr\\\/panoramines\\\/#website\",\"url\":\"https:\\\/\\\/www.mines-stetienne.fr\\\/panoramines\\\/\",\"name\":\"Panoramines\",\"description\":\"Panoramines, l\u2019actualit\u00e9 de MINES Saint-\u00c9tienne\",\"potentialAction\":[{\"@type\":\"SearchAction\",\"target\":{\"@type\":\"EntryPoint\",\"urlTemplate\":\"https:\\\/\\\/www.mines-stetienne.fr\\\/panoramines\\\/?s={search_term_string}\"},\"query-input\":{\"@type\":\"PropertyValueSpecification\",\"valueRequired\":true,\"valueName\":\"search_term_string\"}}],\"inLanguage\":\"fr-FR\"},{\"@type\":\"Person\",\"@id\":\"https:\\\/\\\/www.mines-stetienne.fr\\\/panoramines\\\/#\\\/schema\\\/person\\\/95e752e6dedac604ce4535123e0f8df7\",\"name\":\"Nathalie\",\"image\":{\"@type\":\"ImageObject\",\"inLanguage\":\"fr-FR\",\"@id\":\"https:\\\/\\\/www.mines-stetienne.fr\\\/panoramines\\\/wp-content\\\/uploads\\\/sites\\\/3\\\/2021\\\/07\\\/logo-75x75-1.png\",\"url\":\"https:\\\/\\\/www.mines-stetienne.fr\\\/panoramines\\\/wp-content\\\/uploads\\\/sites\\\/3\\\/2021\\\/07\\\/logo-75x75-1.png\",\"contentUrl\":\"https:\\\/\\\/www.mines-stetienne.fr\\\/panoramines\\\/wp-content\\\/uploads\\\/sites\\\/3\\\/2021\\\/07\\\/logo-75x75-1.png\",\"caption\":\"Nathalie\"},\"url\":\"https:\\\/\\\/www.mines-stetienne.fr\\\/panoramines\\\/author\\\/nathalie\\\/\"}]}<\/script>\n<!-- \/ Yoast SEO plugin. -->","yoast_head_json":{"title":"Nouveau mandat pour Mines, \u00c9tudes et Projets - Panoramines","robots":{"index":"index","follow":"follow","max-snippet":"max-snippet:-1","max-image-preview":"max-image-preview:large","max-video-preview":"max-video-preview:-1"},"canonical":"https:\/\/www.mines-stetienne.fr\/panoramines\/2017\/04\/12\/nouveau-mandat-mines-etudes-projets\/","og_locale":"fr_FR","og_type":"article","og_title":"Nouveau mandat pour Mines, \u00c9tudes et Projets - Panoramines","og_description":"Le bureau 2017-2018 de la junior-entreprise MEP vient de prendre ses fonctions. La nouvelle \u00e9quipe est anim\u00e9e de la m\u00eame volont\u00e9 d&rsquo;excellence : continuer \u00e0 proposer des \u00e9tudes de qualit\u00e9 et rester dans les 30 meilleures JE de France. Pour &hellip;","og_url":"https:\/\/www.mines-stetienne.fr\/panoramines\/2017\/04\/12\/nouveau-mandat-mines-etudes-projets\/","og_site_name":"Panoramines","article_published_time":"2017-04-12T07:06:51+00:00","article_modified_time":"2017-04-13T12:36:37+00:00","og_image":[{"width":700,"height":379,"url":"https:\/\/www.mines-stetienne.fr\/panoramines\/wp-content\/uploads\/sites\/3\/2017\/04\/UNe_MEP.jpg","type":"image\/jpeg"}],"author":"Nathalie","twitter_card":"summary_large_image","twitter_misc":{"\u00c9crit par":" Nathalie","Dur\u00e9e de lecture estim\u00e9e":"1 minute"},"schema":{"@context":"https:\/\/schema.org","@graph":[{"@type":"Article","@id":"https:\/\/www.mines-stetienne.fr\/panoramines\/2017\/04\/12\/nouveau-mandat-mines-etudes-projets\/#article","isPartOf":{"@id":"https:\/\/www.mines-stetienne.fr\/panoramines\/2017\/04\/12\/nouveau-mandat-mines-etudes-projets\/"},"author":{"name":"Nathalie","@id":"https:\/\/www.mines-stetienne.fr\/panoramines\/#\/schema\/person\/95e752e6dedac604ce4535123e0f8df7"},"headline":"Nouveau mandat pour Mines, \u00c9tudes et Projets","datePublished":"2017-04-12T07:06:51+00:00","dateModified":"2017-04-13T12:36:37+00:00","mainEntityOfPage":{"@id":"https:\/\/www.mines-stetienne.fr\/panoramines\/2017\/04\/12\/nouveau-mandat-mines-etudes-projets\/"},"wordCount":187,"image":{"@id":"https:\/\/www.mines-stetienne.fr\/panoramines\/2017\/04\/12\/nouveau-mandat-mines-etudes-projets\/#primaryimage"},"thumbnailUrl":"https:\/\/www.mines-stetienne.fr\/panoramines\/wp-content\/uploads\/sites\/3\/2017\/04\/UNe_MEP.jpg","keywords":["ICM","Junior-Entreprise","MEP","Saint-\u00c9tienne"],"articleSection":["Vie \u00e9tudiante"],"inLanguage":"fr-FR"},{"@type":"WebPage","@id":"https:\/\/www.mines-stetienne.fr\/panoramines\/2017\/04\/12\/nouveau-mandat-mines-etudes-projets\/","url":"https:\/\/www.mines-stetienne.fr\/panoramines\/2017\/04\/12\/nouveau-mandat-mines-etudes-projets\/","name":"Nouveau mandat pour Mines, \u00c9tudes et Projets - Panoramines","isPartOf":{"@id":"https:\/\/www.mines-stetienne.fr\/panoramines\/#website"},"primaryImageOfPage":{"@id":"https:\/\/www.mines-stetienne.fr\/panoramines\/2017\/04\/12\/nouveau-mandat-mines-etudes-projets\/#primaryimage"},"image":{"@id":"https:\/\/www.mines-stetienne.fr\/panoramines\/2017\/04\/12\/nouveau-mandat-mines-etudes-projets\/#primaryimage"},"thumbnailUrl":"https:\/\/www.mines-stetienne.fr\/panoramines\/wp-content\/uploads\/sites\/3\/2017\/04\/UNe_MEP.jpg","datePublished":"2017-04-12T07:06:51+00:00","dateModified":"2017-04-13T12:36:37+00:00","author":{"@id":"https:\/\/www.mines-stetienne.fr\/panoramines\/#\/schema\/person\/95e752e6dedac604ce4535123e0f8df7"},"breadcrumb":{"@id":"https:\/\/www.mines-stetienne.fr\/panoramines\/2017\/04\/12\/nouveau-mandat-mines-etudes-projets\/#breadcrumb"},"inLanguage":"fr-FR","potentialAction":[{"@type":"ReadAction","target":["https:\/\/www.mines-stetienne.fr\/panoramines\/2017\/04\/12\/nouveau-mandat-mines-etudes-projets\/"]}]},{"@type":"ImageObject","inLanguage":"fr-FR","@id":"https:\/\/www.mines-stetienne.fr\/panoramines\/2017\/04\/12\/nouveau-mandat-mines-etudes-projets\/#primaryimage","url":"https:\/\/www.mines-stetienne.fr\/panoramines\/wp-content\/uploads\/sites\/3\/2017\/04\/UNe_MEP.jpg","contentUrl":"https:\/\/www.mines-stetienne.fr\/panoramines\/wp-content\/uploads\/sites\/3\/2017\/04\/UNe_MEP.jpg","width":700,"height":379},{"@type":"BreadcrumbList","@id":"https:\/\/www.mines-stetienne.fr\/panoramines\/2017\/04\/12\/nouveau-mandat-mines-etudes-projets\/#breadcrumb","itemListElement":[{"@type":"ListItem","position":1,"name":"Accueil","item":"https:\/\/www.mines-stetienne.fr\/panoramines\/"},{"@type":"ListItem","position":2,"name":"Nouveau mandat pour Mines, \u00c9tudes et Projets"}]},{"@type":"WebSite","@id":"https:\/\/www.mines-stetienne.fr\/panoramines\/#website","url":"https:\/\/www.mines-stetienne.fr\/panoramines\/","name":"Panoramines","description":"Panoramines, l\u2019actualit\u00e9 de MINES Saint-\u00c9tienne","potentialAction":[{"@type":"SearchAction","target":{"@type":"EntryPoint","urlTemplate":"https:\/\/www.mines-stetienne.fr\/panoramines\/?s={search_term_string}"},"query-input":{"@type":"PropertyValueSpecification","valueRequired":true,"valueName":"search_term_string"}}],"inLanguage":"fr-FR"},{"@type":"Person","@id":"https:\/\/www.mines-stetienne.fr\/panoramines\/#\/schema\/person\/95e752e6dedac604ce4535123e0f8df7","name":"Nathalie","image":{"@type":"ImageObject","inLanguage":"fr-FR","@id":"https:\/\/www.mines-stetienne.fr\/panoramines\/wp-content\/uploads\/sites\/3\/2021\/07\/logo-75x75-1.png","url":"https:\/\/www.mines-stetienne.fr\/panoramines\/wp-content\/uploads\/sites\/3\/2021\/07\/logo-75x75-1.png","contentUrl":"https:\/\/www.mines-stetienne.fr\/panoramines\/wp-content\/uploads\/sites\/3\/2021\/07\/logo-75x75-1.png","caption":"Nathalie"},"url":"https:\/\/www.mines-stetienne.fr\/panoramines\/author\/nathalie\/"}]}},"_links":{"self":[{"href":"https:\/\/www.mines-stetienne.fr\/panoramines\/wp-json\/wp\/v2\/posts\/8197","targetHints":{"allow":["GET"]}}],"collection":[{"href":"https:\/\/www.mines-stetienne.fr\/panoramines\/wp-json\/wp\/v2\/posts"}],"about":[{"href":"https:\/\/www.mines-stetienne.fr\/panoramines\/wp-json\/wp\/v2\/types\/post"}],"author":[{"embeddable":true,"href":"https:\/\/www.mines-stetienne.fr\/panoramines\/wp-json\/wp\/v2\/users\/3"}],"replies":[{"embeddable":true,"href":"https:\/\/www.mines-stetienne.fr\/panoramines\/wp-json\/wp\/v2\/comments?post=8197"}],"version-history":[{"count":7,"href":"https:\/\/www.mines-stetienne.fr\/panoramines\/wp-json\/wp\/v2\/posts\/8197\/revisions"}],"predecessor-version":[{"id":8346,"href":"https:\/\/www.mines-stetienne.fr\/panoramines\/wp-json\/wp\/v2\/posts\/8197\/revisions\/8346"}],"wp:featuredmedia":[{"embeddable":true,"href":"https:\/\/www.mines-stetienne.fr\/panoramines\/wp-json\/wp\/v2\/media\/8311"}],"wp:attachment":[{"href":"https:\/\/www.mines-stetienne.fr\/panoramines\/wp-json\/wp\/v2\/media?parent=8197"}],"wp:term":[{"taxonomy":"category","embeddable":true,"href":"https:\/\/www.mines-stetienne.fr\/panoramines\/wp-json\/wp\/v2\/categories?post=8197"},{"taxonomy":"post_tag","embeddable":true,"href":"https:\/\/www.mines-stetienne.fr\/panoramines\/wp-json\/wp\/v2\/tags?post=8197"}],"curies":[{"name":"wp","href":"https:\/\/api.w.org\/{rel}","templated":true}]}}