{"id":6626,"date":"2016-12-02T10:22:23","date_gmt":"2016-12-02T09:22:23","guid":{"rendered":"https:\/\/www.mines-stetienne.fr\/panoramines\/?p=6626"},"modified":"2016-12-05T10:24:15","modified_gmt":"2016-12-05T09:24:15","slug":"reinventer-quotidien-grace-concours-cap-gemini","status":"publish","type":"post","link":"https:\/\/www.mines-stetienne.fr\/panoramines\/2016\/12\/02\/reinventer-quotidien-grace-concours-cap-gemini\/","title":{"rendered":"\u00ab\u00a0R\u00e9inventer le quotidien\u00a0\u00bb gr\u00e2ce au concours Cap Gemini"},"content":{"rendered":"<h4><span style=\"color: #800080\">Chaque ann\u00e9e le partenariat Capgemini Consulting\/BDE Saint-\u00c9tienne permet aux\u00a0\u00e9l\u00e8ves ICM de participer au concours des associations en soutenant un ou plusieurs projets qu&rsquo;ils ont a c\u0153ur de r\u00e9aliser. Les projets \u00ab\u00a0Fanfare de l&rsquo;\u00c9cole\u00a0\u00bb et \u00ab\u00a0OpenMin&rsquo;ded\u00a0\u00bb sont laur\u00e9ats de l&rsquo;\u00e9dition 2016.<\/span><\/h4>\n<p>Plus de 20 projets en lice cette ann\u00e9e ont fait l&rsquo;\u00e9tude d&rsquo;une premi\u00e8re s\u00e9lection sur dossier par <strong>le jury de Capgmini<\/strong> (*) qui s&rsquo;attache en priorit\u00e9 au r\u00e9alisme du projet et \u00e0 l&rsquo;investissement des \u00e9l\u00e8ves qui le proposent (enjeu, objectif, \u00e9tapes, risques, budget&#8230;).<br \/>\nLes projets retenus, qui devaient porter sur le th\u00e8me <em>\u00ab\u00a0R\u00e9inventer le quotidien\u00a0\u00bb<\/em> (et innover l\u00e0 o\u00f9 la routine aurait tendance \u00e0 s&rsquo;installer&#8230;\u00a0\u00bb) ont ensuite fait l&rsquo;objet de <strong>pr\u00e9sentation dynamique<\/strong>, cr\u00e9ative et professionnelle.<\/p>\n<p>Tous les \u00e9l\u00e8ves \u00e9taient mobilis\u00e9s ont pr\u00e9sent\u00e9 et soutenu leurs projets <strong>le 17 novembre \u00e0 la Maison des \u00e9l\u00e8ves.<\/strong>\u00a0 \u00c0 l&rsquo;issue des d\u00e9lib\u00e9rations, <strong>le jury a remis deux prix\u00a0 :<\/strong><\/p>\n<p><strong>1000 euros pour \u00ab\u00a0Une fanfare avec des instruments\u00a0\u00bb<\/strong> : port\u00e9 par <strong>Thomas Solanas\u00a0<\/strong>et les membres de la fanfare. Traditionnellement, elle anime la plupart des activit\u00e9s associatives de la ME et au del\u00e0 quelques \u00e9v\u00e9nements de l&rsquo;\u00e9cole. La fanfare a accueilli cette ann\u00e9e de nombreux musiciens motiv\u00e9s mais manque d&rsquo;instruments (notamment cuivre et percussions). <em>\u00ab\u00a0L&rsquo;achat d&rsquo;instruments de musique est un investissement \u00e0 long terme. Ils sont destin\u00e9s \u00e0 rester \u00e0 la ME pendant de nombreuses ann\u00e9es. Les quelques instruments actuellement disponibles ont \u00e9t\u00e9 achet\u00e9s il y a \u00e0 peu pr\u00e8s 10 ans, et sont en bon \u00e9tat car bien entretenus\u00a0\u00bb.<\/em><\/p>\n<p><strong>500 euros pour \u00ab\u00a0OpenMind&rsquo;ed\u00a0\u00bb : l&rsquo;accueil des \u00e9tudiants internationaux\u00a0\u00bb<\/strong><br \/>\nLe projet port\u00e9 par <strong>J\u00e9r\u00f4me Mouret<\/strong> \u00e0 destination des nouveau \u00e9tudiants internationaux de l&rsquo;\u00c9cole prolonge le dispositif d&rsquo;accueil et d&rsquo;accompagnement mis en place pour accueillir les \u00e9tudiants par l&rsquo;\u00e9quipe des relations internationales.<br \/>\nAu del\u00e0 de l&rsquo;organisation d&rsquo;activit\u00e9s culturelles, sportives, artistiques dans lesquelles il s&rsquo;est investi, il s&rsquo;agit de proposer un nouveau cadre d&rsquo;\u00e9change et de partage pour ces \u00e9tudiants en organisant un week-end en montagne en janvier.<\/p>\n<blockquote><p><span style=\"color: #800080\">F\u00e9licitations aux \u00e9l\u00e8ves ing\u00e9nieurs pour leur implication dans la vie \u00e9tudiante et la vie de l&rsquo;\u00e9cole.<\/span><\/p><\/blockquote>\n<p><strong>(*) Am\u00e9lie Chip<\/strong>, Managing Consultant, <strong>Mathieu Poullain<\/strong>, Consultant, <strong>Tayeb Belhouari<\/strong>, Charg\u00e9 de recrutement, et <strong>Bruno Charvin<\/strong>, Consultant<\/p>\n<p>Contact : <a href=\"http:\/&#47;&#102;&#x69;&#x64;&#x65;le&#46;&#100;&#x65;&#x67;&#x6e;i&#64;&#101;&#116;&#x75;&#x2e;&#x65;m&#115;&#101;&#x2e;&#x66;&#x72;\" target=\"_blank\">Fid\u00e8le Degni<\/a>, pour le bureau des \u00e9l\u00e8ves<\/p>\n","protected":false},"excerpt":{"rendered":"<p>Chaque ann\u00e9e le partenariat Capgemini Consulting\/BDE Saint-\u00c9tienne permet aux\u00a0\u00e9l\u00e8ves ICM de participer au concours des associations en soutenant un ou plusieurs projets qu&rsquo;ils ont a c\u0153ur de r\u00e9aliser. Les projets \u00ab\u00a0Fanfare de l&rsquo;\u00c9cole\u00a0\u00bb et \u00ab\u00a0OpenMin&rsquo;ded\u00a0\u00bb sont laur\u00e9ats de l&rsquo;\u00e9dition 2016. &hellip;<\/p>\n","protected":false},"author":3,"featured_media":6660,"comment_status":"open","ping_status":"open","sticky":false,"template":"","format":"standard","meta":{"_relevanssi_hide_post":"","_relevanssi_hide_content":"","_relevanssi_pin_for_all":"","_relevanssi_pin_keywords":"","_relevanssi_unpin_keywords":"","_relevanssi_related_keywords":"","_relevanssi_related_include_ids":"","_relevanssi_related_exclude_ids":"","_relevanssi_related_no_append":"","_relevanssi_related_not_related":"","_relevanssi_related_posts":"","_relevanssi_noindex_reason":"","footnotes":""},"categories":[8],"tags":[37,81,131],"class_list":["post-6626","post","type-post","status-publish","format-standard","has-post-thumbnail","hentry","category-vie-etudiante","tag-icm","tag-prix","tag-projet-icm"],"pp_statuses_selecting_workflow":false,"pp_workflow_action":"current","pp_status_selection":"publish","pp_force_visibility":null,"pp_subpost_visibility":null,"pp_inherited_force_visibility":null,"pp_inherited_subpost_visibility":null,"yoast_head":"<!-- This site is optimized with the Yoast SEO plugin v27.4 - https:\/\/yoast.com\/product\/yoast-seo-wordpress\/ -->\n<title>&quot;R\u00e9inventer le quotidien&quot; gr\u00e2ce au concours Cap Gemini - Panoramines<\/title>\n<meta name=\"robots\" content=\"index, follow, max-snippet:-1, max-image-preview:large, max-video-preview:-1\" \/>\n<link rel=\"canonical\" href=\"https:\/\/www.mines-stetienne.fr\/panoramines\/2016\/12\/02\/reinventer-quotidien-grace-concours-cap-gemini\/\" \/>\n<meta property=\"og:locale\" content=\"fr_FR\" \/>\n<meta property=\"og:type\" content=\"article\" \/>\n<meta property=\"og:title\" content=\"&quot;R\u00e9inventer le quotidien&quot; gr\u00e2ce au concours Cap Gemini - Panoramines\" \/>\n<meta property=\"og:description\" content=\"Chaque ann\u00e9e le partenariat Capgemini Consulting\/BDE Saint-\u00c9tienne permet aux\u00a0\u00e9l\u00e8ves ICM de participer au concours des associations en soutenant un ou plusieurs projets qu&rsquo;ils ont a c\u0153ur de r\u00e9aliser. Les projets \u00ab\u00a0Fanfare de l&rsquo;\u00c9cole\u00a0\u00bb et \u00ab\u00a0OpenMin&rsquo;ded\u00a0\u00bb sont laur\u00e9ats de l&rsquo;\u00e9dition 2016. &hellip;\" \/>\n<meta property=\"og:url\" content=\"https:\/\/www.mines-stetienne.fr\/panoramines\/2016\/12\/02\/reinventer-quotidien-grace-concours-cap-gemini\/\" \/>\n<meta property=\"og:site_name\" content=\"Panoramines\" \/>\n<meta property=\"article:published_time\" content=\"2016-12-02T09:22:23+00:00\" \/>\n<meta property=\"article:modified_time\" content=\"2016-12-05T09:24:15+00:00\" \/>\n<meta property=\"og:image\" content=\"https:\/\/www.mines-stetienne.fr\/panoramines\/wp-content\/uploads\/sites\/3\/2016\/12\/uneCapGemini.jpg\" \/>\n\t<meta property=\"og:image:width\" content=\"659\" \/>\n\t<meta property=\"og:image:height\" content=\"326\" \/>\n\t<meta property=\"og:image:type\" content=\"image\/jpeg\" \/>\n<meta name=\"author\" content=\"Nathalie\" \/>\n<meta name=\"twitter:card\" content=\"summary_large_image\" \/>\n<meta name=\"twitter:label1\" content=\"\u00c9crit par\" \/>\n\t<meta name=\"twitter:data1\" content=\" Nathalie\" \/>\n\t<meta name=\"twitter:label2\" content=\"Dur\u00e9e de lecture estim\u00e9e\" \/>\n\t<meta name=\"twitter:data2\" content=\"2 minutes\" \/>\n<script type=\"application\/ld+json\" class=\"yoast-schema-graph\">{\"@context\":\"https:\\\/\\\/schema.org\",\"@graph\":[{\"@type\":\"Article\",\"@id\":\"https:\\\/\\\/www.mines-stetienne.fr\\\/panoramines\\\/2016\\\/12\\\/02\\\/reinventer-quotidien-grace-concours-cap-gemini\\\/#article\",\"isPartOf\":{\"@id\":\"https:\\\/\\\/www.mines-stetienne.fr\\\/panoramines\\\/2016\\\/12\\\/02\\\/reinventer-quotidien-grace-concours-cap-gemini\\\/\"},\"author\":{\"name\":\"Nathalie\",\"@id\":\"https:\\\/\\\/www.mines-stetienne.fr\\\/panoramines\\\/#\\\/schema\\\/person\\\/95e752e6dedac604ce4535123e0f8df7\"},\"headline\":\"\u00ab\u00a0R\u00e9inventer le quotidien\u00a0\u00bb gr\u00e2ce au concours Cap Gemini\",\"datePublished\":\"2016-12-02T09:22:23+00:00\",\"dateModified\":\"2016-12-05T09:24:15+00:00\",\"mainEntityOfPage\":{\"@id\":\"https:\\\/\\\/www.mines-stetienne.fr\\\/panoramines\\\/2016\\\/12\\\/02\\\/reinventer-quotidien-grace-concours-cap-gemini\\\/\"},\"wordCount\":400,\"commentCount\":0,\"image\":{\"@id\":\"https:\\\/\\\/www.mines-stetienne.fr\\\/panoramines\\\/2016\\\/12\\\/02\\\/reinventer-quotidien-grace-concours-cap-gemini\\\/#primaryimage\"},\"thumbnailUrl\":\"https:\\\/\\\/www.mines-stetienne.fr\\\/panoramines\\\/wp-content\\\/uploads\\\/sites\\\/3\\\/2016\\\/12\\\/uneCapGemini.jpg\",\"keywords\":[\"ICM\",\"Prix\",\"Projet ICM\"],\"articleSection\":[\"Vie \u00e9tudiante\"],\"inLanguage\":\"fr-FR\",\"potentialAction\":[{\"@type\":\"CommentAction\",\"name\":\"Comment\",\"target\":[\"https:\\\/\\\/www.mines-stetienne.fr\\\/panoramines\\\/2016\\\/12\\\/02\\\/reinventer-quotidien-grace-concours-cap-gemini\\\/#respond\"]}]},{\"@type\":\"WebPage\",\"@id\":\"https:\\\/\\\/www.mines-stetienne.fr\\\/panoramines\\\/2016\\\/12\\\/02\\\/reinventer-quotidien-grace-concours-cap-gemini\\\/\",\"url\":\"https:\\\/\\\/www.mines-stetienne.fr\\\/panoramines\\\/2016\\\/12\\\/02\\\/reinventer-quotidien-grace-concours-cap-gemini\\\/\",\"name\":\"\\\"R\u00e9inventer le quotidien\\\" gr\u00e2ce au concours Cap Gemini - Panoramines\",\"isPartOf\":{\"@id\":\"https:\\\/\\\/www.mines-stetienne.fr\\\/panoramines\\\/#website\"},\"primaryImageOfPage\":{\"@id\":\"https:\\\/\\\/www.mines-stetienne.fr\\\/panoramines\\\/2016\\\/12\\\/02\\\/reinventer-quotidien-grace-concours-cap-gemini\\\/#primaryimage\"},\"image\":{\"@id\":\"https:\\\/\\\/www.mines-stetienne.fr\\\/panoramines\\\/2016\\\/12\\\/02\\\/reinventer-quotidien-grace-concours-cap-gemini\\\/#primaryimage\"},\"thumbnailUrl\":\"https:\\\/\\\/www.mines-stetienne.fr\\\/panoramines\\\/wp-content\\\/uploads\\\/sites\\\/3\\\/2016\\\/12\\\/uneCapGemini.jpg\",\"datePublished\":\"2016-12-02T09:22:23+00:00\",\"dateModified\":\"2016-12-05T09:24:15+00:00\",\"author\":{\"@id\":\"https:\\\/\\\/www.mines-stetienne.fr\\\/panoramines\\\/#\\\/schema\\\/person\\\/95e752e6dedac604ce4535123e0f8df7\"},\"breadcrumb\":{\"@id\":\"https:\\\/\\\/www.mines-stetienne.fr\\\/panoramines\\\/2016\\\/12\\\/02\\\/reinventer-quotidien-grace-concours-cap-gemini\\\/#breadcrumb\"},\"inLanguage\":\"fr-FR\",\"potentialAction\":[{\"@type\":\"ReadAction\",\"target\":[\"https:\\\/\\\/www.mines-stetienne.fr\\\/panoramines\\\/2016\\\/12\\\/02\\\/reinventer-quotidien-grace-concours-cap-gemini\\\/\"]}]},{\"@type\":\"ImageObject\",\"inLanguage\":\"fr-FR\",\"@id\":\"https:\\\/\\\/www.mines-stetienne.fr\\\/panoramines\\\/2016\\\/12\\\/02\\\/reinventer-quotidien-grace-concours-cap-gemini\\\/#primaryimage\",\"url\":\"https:\\\/\\\/www.mines-stetienne.fr\\\/panoramines\\\/wp-content\\\/uploads\\\/sites\\\/3\\\/2016\\\/12\\\/uneCapGemini.jpg\",\"contentUrl\":\"https:\\\/\\\/www.mines-stetienne.fr\\\/panoramines\\\/wp-content\\\/uploads\\\/sites\\\/3\\\/2016\\\/12\\\/uneCapGemini.jpg\",\"width\":659,\"height\":326},{\"@type\":\"BreadcrumbList\",\"@id\":\"https:\\\/\\\/www.mines-stetienne.fr\\\/panoramines\\\/2016\\\/12\\\/02\\\/reinventer-quotidien-grace-concours-cap-gemini\\\/#breadcrumb\",\"itemListElement\":[{\"@type\":\"ListItem\",\"position\":1,\"name\":\"Accueil\",\"item\":\"https:\\\/\\\/www.mines-stetienne.fr\\\/panoramines\\\/\"},{\"@type\":\"ListItem\",\"position\":2,\"name\":\"\u00ab\u00a0R\u00e9inventer le quotidien\u00a0\u00bb gr\u00e2ce au concours Cap Gemini\"}]},{\"@type\":\"WebSite\",\"@id\":\"https:\\\/\\\/www.mines-stetienne.fr\\\/panoramines\\\/#website\",\"url\":\"https:\\\/\\\/www.mines-stetienne.fr\\\/panoramines\\\/\",\"name\":\"Panoramines\",\"description\":\"Panoramines, l\u2019actualit\u00e9 de MINES Saint-\u00c9tienne\",\"potentialAction\":[{\"@type\":\"SearchAction\",\"target\":{\"@type\":\"EntryPoint\",\"urlTemplate\":\"https:\\\/\\\/www.mines-stetienne.fr\\\/panoramines\\\/?s={search_term_string}\"},\"query-input\":{\"@type\":\"PropertyValueSpecification\",\"valueRequired\":true,\"valueName\":\"search_term_string\"}}],\"inLanguage\":\"fr-FR\"},{\"@type\":\"Person\",\"@id\":\"https:\\\/\\\/www.mines-stetienne.fr\\\/panoramines\\\/#\\\/schema\\\/person\\\/95e752e6dedac604ce4535123e0f8df7\",\"name\":\"Nathalie\",\"image\":{\"@type\":\"ImageObject\",\"inLanguage\":\"fr-FR\",\"@id\":\"https:\\\/\\\/www.mines-stetienne.fr\\\/panoramines\\\/wp-content\\\/uploads\\\/sites\\\/3\\\/2021\\\/07\\\/logo-75x75-1.png\",\"url\":\"https:\\\/\\\/www.mines-stetienne.fr\\\/panoramines\\\/wp-content\\\/uploads\\\/sites\\\/3\\\/2021\\\/07\\\/logo-75x75-1.png\",\"contentUrl\":\"https:\\\/\\\/www.mines-stetienne.fr\\\/panoramines\\\/wp-content\\\/uploads\\\/sites\\\/3\\\/2021\\\/07\\\/logo-75x75-1.png\",\"caption\":\"Nathalie\"},\"url\":\"https:\\\/\\\/www.mines-stetienne.fr\\\/panoramines\\\/author\\\/nathalie\\\/\"}]}<\/script>\n<!-- \/ Yoast SEO plugin. -->","yoast_head_json":{"title":"\"R\u00e9inventer le quotidien\" gr\u00e2ce au concours Cap Gemini - Panoramines","robots":{"index":"index","follow":"follow","max-snippet":"max-snippet:-1","max-image-preview":"max-image-preview:large","max-video-preview":"max-video-preview:-1"},"canonical":"https:\/\/www.mines-stetienne.fr\/panoramines\/2016\/12\/02\/reinventer-quotidien-grace-concours-cap-gemini\/","og_locale":"fr_FR","og_type":"article","og_title":"\"R\u00e9inventer le quotidien\" gr\u00e2ce au concours Cap Gemini - Panoramines","og_description":"Chaque ann\u00e9e le partenariat Capgemini Consulting\/BDE Saint-\u00c9tienne permet aux\u00a0\u00e9l\u00e8ves ICM de participer au concours des associations en soutenant un ou plusieurs projets qu&rsquo;ils ont a c\u0153ur de r\u00e9aliser. Les projets \u00ab\u00a0Fanfare de l&rsquo;\u00c9cole\u00a0\u00bb et \u00ab\u00a0OpenMin&rsquo;ded\u00a0\u00bb sont laur\u00e9ats de l&rsquo;\u00e9dition 2016. &hellip;","og_url":"https:\/\/www.mines-stetienne.fr\/panoramines\/2016\/12\/02\/reinventer-quotidien-grace-concours-cap-gemini\/","og_site_name":"Panoramines","article_published_time":"2016-12-02T09:22:23+00:00","article_modified_time":"2016-12-05T09:24:15+00:00","og_image":[{"width":659,"height":326,"url":"https:\/\/www.mines-stetienne.fr\/panoramines\/wp-content\/uploads\/sites\/3\/2016\/12\/uneCapGemini.jpg","type":"image\/jpeg"}],"author":"Nathalie","twitter_card":"summary_large_image","twitter_misc":{"\u00c9crit par":" Nathalie","Dur\u00e9e de lecture estim\u00e9e":"2 minutes"},"schema":{"@context":"https:\/\/schema.org","@graph":[{"@type":"Article","@id":"https:\/\/www.mines-stetienne.fr\/panoramines\/2016\/12\/02\/reinventer-quotidien-grace-concours-cap-gemini\/#article","isPartOf":{"@id":"https:\/\/www.mines-stetienne.fr\/panoramines\/2016\/12\/02\/reinventer-quotidien-grace-concours-cap-gemini\/"},"author":{"name":"Nathalie","@id":"https:\/\/www.mines-stetienne.fr\/panoramines\/#\/schema\/person\/95e752e6dedac604ce4535123e0f8df7"},"headline":"\u00ab\u00a0R\u00e9inventer le quotidien\u00a0\u00bb gr\u00e2ce au concours Cap Gemini","datePublished":"2016-12-02T09:22:23+00:00","dateModified":"2016-12-05T09:24:15+00:00","mainEntityOfPage":{"@id":"https:\/\/www.mines-stetienne.fr\/panoramines\/2016\/12\/02\/reinventer-quotidien-grace-concours-cap-gemini\/"},"wordCount":400,"commentCount":0,"image":{"@id":"https:\/\/www.mines-stetienne.fr\/panoramines\/2016\/12\/02\/reinventer-quotidien-grace-concours-cap-gemini\/#primaryimage"},"thumbnailUrl":"https:\/\/www.mines-stetienne.fr\/panoramines\/wp-content\/uploads\/sites\/3\/2016\/12\/uneCapGemini.jpg","keywords":["ICM","Prix","Projet ICM"],"articleSection":["Vie \u00e9tudiante"],"inLanguage":"fr-FR","potentialAction":[{"@type":"CommentAction","name":"Comment","target":["https:\/\/www.mines-stetienne.fr\/panoramines\/2016\/12\/02\/reinventer-quotidien-grace-concours-cap-gemini\/#respond"]}]},{"@type":"WebPage","@id":"https:\/\/www.mines-stetienne.fr\/panoramines\/2016\/12\/02\/reinventer-quotidien-grace-concours-cap-gemini\/","url":"https:\/\/www.mines-stetienne.fr\/panoramines\/2016\/12\/02\/reinventer-quotidien-grace-concours-cap-gemini\/","name":"\"R\u00e9inventer le quotidien\" gr\u00e2ce au concours Cap Gemini - Panoramines","isPartOf":{"@id":"https:\/\/www.mines-stetienne.fr\/panoramines\/#website"},"primaryImageOfPage":{"@id":"https:\/\/www.mines-stetienne.fr\/panoramines\/2016\/12\/02\/reinventer-quotidien-grace-concours-cap-gemini\/#primaryimage"},"image":{"@id":"https:\/\/www.mines-stetienne.fr\/panoramines\/2016\/12\/02\/reinventer-quotidien-grace-concours-cap-gemini\/#primaryimage"},"thumbnailUrl":"https:\/\/www.mines-stetienne.fr\/panoramines\/wp-content\/uploads\/sites\/3\/2016\/12\/uneCapGemini.jpg","datePublished":"2016-12-02T09:22:23+00:00","dateModified":"2016-12-05T09:24:15+00:00","author":{"@id":"https:\/\/www.mines-stetienne.fr\/panoramines\/#\/schema\/person\/95e752e6dedac604ce4535123e0f8df7"},"breadcrumb":{"@id":"https:\/\/www.mines-stetienne.fr\/panoramines\/2016\/12\/02\/reinventer-quotidien-grace-concours-cap-gemini\/#breadcrumb"},"inLanguage":"fr-FR","potentialAction":[{"@type":"ReadAction","target":["https:\/\/www.mines-stetienne.fr\/panoramines\/2016\/12\/02\/reinventer-quotidien-grace-concours-cap-gemini\/"]}]},{"@type":"ImageObject","inLanguage":"fr-FR","@id":"https:\/\/www.mines-stetienne.fr\/panoramines\/2016\/12\/02\/reinventer-quotidien-grace-concours-cap-gemini\/#primaryimage","url":"https:\/\/www.mines-stetienne.fr\/panoramines\/wp-content\/uploads\/sites\/3\/2016\/12\/uneCapGemini.jpg","contentUrl":"https:\/\/www.mines-stetienne.fr\/panoramines\/wp-content\/uploads\/sites\/3\/2016\/12\/uneCapGemini.jpg","width":659,"height":326},{"@type":"BreadcrumbList","@id":"https:\/\/www.mines-stetienne.fr\/panoramines\/2016\/12\/02\/reinventer-quotidien-grace-concours-cap-gemini\/#breadcrumb","itemListElement":[{"@type":"ListItem","position":1,"name":"Accueil","item":"https:\/\/www.mines-stetienne.fr\/panoramines\/"},{"@type":"ListItem","position":2,"name":"\u00ab\u00a0R\u00e9inventer le quotidien\u00a0\u00bb gr\u00e2ce au concours Cap Gemini"}]},{"@type":"WebSite","@id":"https:\/\/www.mines-stetienne.fr\/panoramines\/#website","url":"https:\/\/www.mines-stetienne.fr\/panoramines\/","name":"Panoramines","description":"Panoramines, l\u2019actualit\u00e9 de MINES Saint-\u00c9tienne","potentialAction":[{"@type":"SearchAction","target":{"@type":"EntryPoint","urlTemplate":"https:\/\/www.mines-stetienne.fr\/panoramines\/?s={search_term_string}"},"query-input":{"@type":"PropertyValueSpecification","valueRequired":true,"valueName":"search_term_string"}}],"inLanguage":"fr-FR"},{"@type":"Person","@id":"https:\/\/www.mines-stetienne.fr\/panoramines\/#\/schema\/person\/95e752e6dedac604ce4535123e0f8df7","name":"Nathalie","image":{"@type":"ImageObject","inLanguage":"fr-FR","@id":"https:\/\/www.mines-stetienne.fr\/panoramines\/wp-content\/uploads\/sites\/3\/2021\/07\/logo-75x75-1.png","url":"https:\/\/www.mines-stetienne.fr\/panoramines\/wp-content\/uploads\/sites\/3\/2021\/07\/logo-75x75-1.png","contentUrl":"https:\/\/www.mines-stetienne.fr\/panoramines\/wp-content\/uploads\/sites\/3\/2021\/07\/logo-75x75-1.png","caption":"Nathalie"},"url":"https:\/\/www.mines-stetienne.fr\/panoramines\/author\/nathalie\/"}]}},"_links":{"self":[{"href":"https:\/\/www.mines-stetienne.fr\/panoramines\/wp-json\/wp\/v2\/posts\/6626","targetHints":{"allow":["GET"]}}],"collection":[{"href":"https:\/\/www.mines-stetienne.fr\/panoramines\/wp-json\/wp\/v2\/posts"}],"about":[{"href":"https:\/\/www.mines-stetienne.fr\/panoramines\/wp-json\/wp\/v2\/types\/post"}],"author":[{"embeddable":true,"href":"https:\/\/www.mines-stetienne.fr\/panoramines\/wp-json\/wp\/v2\/users\/3"}],"replies":[{"embeddable":true,"href":"https:\/\/www.mines-stetienne.fr\/panoramines\/wp-json\/wp\/v2\/comments?post=6626"}],"version-history":[{"count":6,"href":"https:\/\/www.mines-stetienne.fr\/panoramines\/wp-json\/wp\/v2\/posts\/6626\/revisions"}],"predecessor-version":[{"id":6658,"href":"https:\/\/www.mines-stetienne.fr\/panoramines\/wp-json\/wp\/v2\/posts\/6626\/revisions\/6658"}],"wp:featuredmedia":[{"embeddable":true,"href":"https:\/\/www.mines-stetienne.fr\/panoramines\/wp-json\/wp\/v2\/media\/6660"}],"wp:attachment":[{"href":"https:\/\/www.mines-stetienne.fr\/panoramines\/wp-json\/wp\/v2\/media?parent=6626"}],"wp:term":[{"taxonomy":"category","embeddable":true,"href":"https:\/\/www.mines-stetienne.fr\/panoramines\/wp-json\/wp\/v2\/categories?post=6626"},{"taxonomy":"post_tag","embeddable":true,"href":"https:\/\/www.mines-stetienne.fr\/panoramines\/wp-json\/wp\/v2\/tags?post=6626"}],"curies":[{"name":"wp","href":"https:\/\/api.w.org\/{rel}","templated":true}]}}