{"id":6454,"date":"2016-11-14T10:02:31","date_gmt":"2016-11-14T09:02:31","guid":{"rendered":"https:\/\/www.mines-stetienne.fr\/panoramines\/?p=6454"},"modified":"2016-11-18T10:03:06","modified_gmt":"2016-11-18T09:03:06","slug":"eleves-ingenieurs-apprentis-certifies-green-belt","status":"publish","type":"post","link":"https:\/\/www.mines-stetienne.fr\/panoramines\/2016\/11\/14\/eleves-ingenieurs-apprentis-certifies-green-belt\/","title":{"rendered":"Des \u00e9l\u00e8ves ing\u00e9nieurs apprentis certifi\u00e9s \u00ab\u00a0Green BELT\u00a0\u00bb"},"content":{"rendered":"<h4><span style=\"color: #800080\">Le 25 octobre dernier, 20 \u00e9l\u00e8ves ing\u00e9nieurs de sp\u00e9cialit\u00e9 G\u00e9nie industriel promotion 2014, ont re\u00e7u une certification Green Belt. En formation par alternance, ils ont effectu\u00e9 en juin dernier un s\u00e9jour en Su\u00e8de dans le cadre de la mobilit\u00e9 internationale, pour r\u00e9aliser une \u00ab Summerschool\u00a0\u00bb de 4 semaines en partenariat avec l\u2019Universit\u00e9 J\u00f6nk\u00f6ping.<\/span><\/h4>\n<p>Durant leur s\u00e9jour, ils ont eu l\u2019opportunit\u00e9 de passer la <strong>certification \u00ab\u00a0Green Belt\u00a0\u00bb<\/strong> de la <strong>m\u00e9thode Six Sigma<\/strong><em> (\u00ab\u00a0m\u00e9thode structur\u00e9e de management visant \u00e0 une am\u00e9lioration de la qualit\u00e9 et de l&rsquo;efficacit\u00e9 des processus\u00a0\u00bb).<\/em><\/p>\n<p>____________________<\/p>\n<p>\u00c0 l&rsquo;instar des <strong>nouvelles promotions de l&rsquo;\u00c9cole des Mines de Saint-\u00c9tienne,<\/strong> les nouveaux \u00e9l\u00e8ves ing\u00e9nieurs en formation par apprentissage (sp\u00e9cialit\u00e9s G\u00e9nie industriel \/ G\u00e9nie des installations nucl\u00e9aires \/ Valorisation \u00e9nerg\u00e9tique) ont \u00e9t\u00e9 accueillis \u00e0 la Mairie de Saint-\u00c9tienne par <strong>Corinne L&rsquo;Harmet Odin et Jean-Jacques Pauzon<\/strong> le 14 novembre.<\/p>\n<div id='gallery-1' class='gallery galleryid-6454 gallery-columns-3 gallery-size-thumbnail'><dl class='gallery-item'>\n\t\t\t<dt class='gallery-icon landscape'>\n\t\t\t\t<a href='https:\/\/www.mines-stetienne.fr\/panoramines\/wp-content\/uploads\/sites\/3\/2016\/11\/IngFSSMairie.jpg'><img loading=\"lazy\" decoding=\"async\" width=\"150\" height=\"150\" src=\"https:\/\/www.mines-stetienne.fr\/panoramines\/wp-content\/uploads\/sites\/3\/2016\/11\/IngFSSMairie-150x150.jpg\" class=\"attachment-thumbnail size-thumbnail\" alt=\"\" srcset=\"https:\/\/www.mines-stetienne.fr\/panoramines\/wp-content\/uploads\/sites\/3\/2016\/11\/IngFSSMairie-150x150.jpg 150w, https:\/\/www.mines-stetienne.fr\/panoramines\/wp-content\/uploads\/sites\/3\/2016\/11\/IngFSSMairie-75x75.jpg 75w\" sizes=\"auto, (max-width: 150px) 100vw, 150px\" \/><\/a>\n\t\t\t<\/dt><\/dl><dl class='gallery-item'>\n\t\t\t<dt class='gallery-icon landscape'>\n\t\t\t\t<a href='https:\/\/www.mines-stetienne.fr\/panoramines\/wp-content\/uploads\/sites\/3\/2016\/11\/FA2016Mairie.jpg'><img loading=\"lazy\" decoding=\"async\" width=\"150\" height=\"150\" src=\"https:\/\/www.mines-stetienne.fr\/panoramines\/wp-content\/uploads\/sites\/3\/2016\/11\/FA2016Mairie-150x150.jpg\" class=\"attachment-thumbnail size-thumbnail\" alt=\"\" srcset=\"https:\/\/www.mines-stetienne.fr\/panoramines\/wp-content\/uploads\/sites\/3\/2016\/11\/FA2016Mairie-150x150.jpg 150w, https:\/\/www.mines-stetienne.fr\/panoramines\/wp-content\/uploads\/sites\/3\/2016\/11\/FA2016Mairie-75x75.jpg 75w, https:\/\/www.mines-stetienne.fr\/panoramines\/wp-content\/uploads\/sites\/3\/2016\/11\/FA2016Mairie-360x360.jpg 360w\" sizes=\"auto, (max-width: 150px) 100vw, 150px\" \/><\/a>\n\t\t\t<\/dt><\/dl><dl class='gallery-item'>\n\t\t\t<dt class='gallery-icon landscape'>\n\t\t\t\t<a href='https:\/\/www.mines-stetienne.fr\/panoramines\/wp-content\/uploads\/sites\/3\/2016\/11\/FA2016Mairie2.jpg'><img loading=\"lazy\" decoding=\"async\" width=\"150\" height=\"150\" src=\"https:\/\/www.mines-stetienne.fr\/panoramines\/wp-content\/uploads\/sites\/3\/2016\/11\/FA2016Mairie2-150x150.jpg\" class=\"attachment-thumbnail size-thumbnail\" alt=\"\" srcset=\"https:\/\/www.mines-stetienne.fr\/panoramines\/wp-content\/uploads\/sites\/3\/2016\/11\/FA2016Mairie2-150x150.jpg 150w, https:\/\/www.mines-stetienne.fr\/panoramines\/wp-content\/uploads\/sites\/3\/2016\/11\/FA2016Mairie2-75x75.jpg 75w, https:\/\/www.mines-stetienne.fr\/panoramines\/wp-content\/uploads\/sites\/3\/2016\/11\/FA2016Mairie2-360x360.jpg 360w\" sizes=\"auto, (max-width: 150px) 100vw, 150px\" \/><\/a>\n\t\t\t<\/dt><\/dl><br style=\"clear: both\" \/>\n\t\t<\/div>\n\n<p>L\u2019occasion, pour la majeure partie d\u2019entre eux, de d\u00e9couvrir\u00a0 la ville puisque 55 % ne sont pas issus de la R\u00e9gion Auvergne Rh\u00f4ne-Alpes.<\/p>\n","protected":false},"excerpt":{"rendered":"<p>Le 25 octobre dernier, 20 \u00e9l\u00e8ves ing\u00e9nieurs de sp\u00e9cialit\u00e9 G\u00e9nie industriel promotion 2014, ont re\u00e7u une certification Green Belt. En formation par alternance, ils ont effectu\u00e9 en juin dernier un s\u00e9jour en Su\u00e8de dans le cadre de la mobilit\u00e9 internationale, &hellip;<\/p>\n","protected":false},"author":3,"featured_media":6455,"comment_status":"open","ping_status":"open","sticky":false,"template":"","format":"standard","meta":{"_relevanssi_hide_post":"","_relevanssi_hide_content":"","_relevanssi_pin_for_all":"","_relevanssi_pin_keywords":"","_relevanssi_unpin_keywords":"","_relevanssi_related_keywords":"","_relevanssi_related_include_ids":"","_relevanssi_related_exclude_ids":"","_relevanssi_related_no_append":"","_relevanssi_related_not_related":"","_relevanssi_related_posts":"","_relevanssi_noindex_reason":"","footnotes":""},"categories":[8],"tags":[48,202],"class_list":["post-6454","post","type-post","status-publish","format-standard","has-post-thumbnail","hentry","category-vie-etudiante","tag-alternance","tag-formation-specialisee"],"pp_statuses_selecting_workflow":false,"pp_workflow_action":"current","pp_status_selection":"publish","pp_force_visibility":null,"pp_subpost_visibility":null,"pp_inherited_force_visibility":null,"pp_inherited_subpost_visibility":null,"yoast_head":"<!-- This site is optimized with the Yoast SEO plugin v27.4 - https:\/\/yoast.com\/product\/yoast-seo-wordpress\/ -->\n<title>Des \u00e9l\u00e8ves ing\u00e9nieurs apprentis certifi\u00e9s &quot;Green BELT&quot; - Panoramines<\/title>\n<meta name=\"robots\" content=\"index, follow, max-snippet:-1, max-image-preview:large, max-video-preview:-1\" \/>\n<link rel=\"canonical\" href=\"https:\/\/www.mines-stetienne.fr\/panoramines\/2016\/11\/14\/eleves-ingenieurs-apprentis-certifies-green-belt\/\" \/>\n<meta property=\"og:locale\" content=\"fr_FR\" \/>\n<meta property=\"og:type\" content=\"article\" \/>\n<meta property=\"og:title\" content=\"Des \u00e9l\u00e8ves ing\u00e9nieurs apprentis certifi\u00e9s &quot;Green BELT&quot; - Panoramines\" \/>\n<meta property=\"og:description\" content=\"Le 25 octobre dernier, 20 \u00e9l\u00e8ves ing\u00e9nieurs de sp\u00e9cialit\u00e9 G\u00e9nie industriel promotion 2014, ont re\u00e7u une certification Green Belt. En formation par alternance, ils ont effectu\u00e9 en juin dernier un s\u00e9jour en Su\u00e8de dans le cadre de la mobilit\u00e9 internationale, &hellip;\" \/>\n<meta property=\"og:url\" content=\"https:\/\/www.mines-stetienne.fr\/panoramines\/2016\/11\/14\/eleves-ingenieurs-apprentis-certifies-green-belt\/\" \/>\n<meta property=\"og:site_name\" content=\"Panoramines\" \/>\n<meta property=\"article:published_time\" content=\"2016-11-14T09:02:31+00:00\" \/>\n<meta property=\"article:modified_time\" content=\"2016-11-18T09:03:06+00:00\" \/>\n<meta property=\"og:image\" content=\"https:\/\/www.mines-stetienne.fr\/panoramines\/wp-content\/uploads\/sites\/3\/2016\/11\/elveApprentis.jpg\" \/>\n\t<meta property=\"og:image:width\" content=\"660\" \/>\n\t<meta property=\"og:image:height\" content=\"367\" \/>\n\t<meta property=\"og:image:type\" content=\"image\/jpeg\" \/>\n<meta name=\"author\" content=\"Nathalie\" \/>\n<meta name=\"twitter:card\" content=\"summary_large_image\" \/>\n<meta name=\"twitter:label1\" content=\"\u00c9crit par\" \/>\n\t<meta name=\"twitter:data1\" content=\" Nathalie\" \/>\n\t<meta name=\"twitter:label2\" content=\"Dur\u00e9e de lecture estim\u00e9e\" \/>\n\t<meta name=\"twitter:data2\" content=\"1 minute\" \/>\n<script type=\"application\/ld+json\" class=\"yoast-schema-graph\">{\"@context\":\"https:\\\/\\\/schema.org\",\"@graph\":[{\"@type\":\"Article\",\"@id\":\"https:\\\/\\\/www.mines-stetienne.fr\\\/panoramines\\\/2016\\\/11\\\/14\\\/eleves-ingenieurs-apprentis-certifies-green-belt\\\/#article\",\"isPartOf\":{\"@id\":\"https:\\\/\\\/www.mines-stetienne.fr\\\/panoramines\\\/2016\\\/11\\\/14\\\/eleves-ingenieurs-apprentis-certifies-green-belt\\\/\"},\"author\":{\"name\":\"Nathalie\",\"@id\":\"https:\\\/\\\/www.mines-stetienne.fr\\\/panoramines\\\/#\\\/schema\\\/person\\\/95e752e6dedac604ce4535123e0f8df7\"},\"headline\":\"Des \u00e9l\u00e8ves ing\u00e9nieurs apprentis certifi\u00e9s \u00ab\u00a0Green BELT\u00a0\u00bb\",\"datePublished\":\"2016-11-14T09:02:31+00:00\",\"dateModified\":\"2016-11-18T09:03:06+00:00\",\"mainEntityOfPage\":{\"@id\":\"https:\\\/\\\/www.mines-stetienne.fr\\\/panoramines\\\/2016\\\/11\\\/14\\\/eleves-ingenieurs-apprentis-certifies-green-belt\\\/\"},\"wordCount\":192,\"commentCount\":0,\"image\":{\"@id\":\"https:\\\/\\\/www.mines-stetienne.fr\\\/panoramines\\\/2016\\\/11\\\/14\\\/eleves-ingenieurs-apprentis-certifies-green-belt\\\/#primaryimage\"},\"thumbnailUrl\":\"https:\\\/\\\/www.mines-stetienne.fr\\\/panoramines\\\/wp-content\\\/uploads\\\/sites\\\/3\\\/2016\\\/11\\\/elveApprentis.jpg\",\"keywords\":[\"Alternance\",\"Formation sp\u00e9cialis\u00e9e\"],\"articleSection\":[\"Vie \u00e9tudiante\"],\"inLanguage\":\"fr-FR\",\"potentialAction\":[{\"@type\":\"CommentAction\",\"name\":\"Comment\",\"target\":[\"https:\\\/\\\/www.mines-stetienne.fr\\\/panoramines\\\/2016\\\/11\\\/14\\\/eleves-ingenieurs-apprentis-certifies-green-belt\\\/#respond\"]}]},{\"@type\":\"WebPage\",\"@id\":\"https:\\\/\\\/www.mines-stetienne.fr\\\/panoramines\\\/2016\\\/11\\\/14\\\/eleves-ingenieurs-apprentis-certifies-green-belt\\\/\",\"url\":\"https:\\\/\\\/www.mines-stetienne.fr\\\/panoramines\\\/2016\\\/11\\\/14\\\/eleves-ingenieurs-apprentis-certifies-green-belt\\\/\",\"name\":\"Des \u00e9l\u00e8ves ing\u00e9nieurs apprentis certifi\u00e9s \\\"Green BELT\\\" - Panoramines\",\"isPartOf\":{\"@id\":\"https:\\\/\\\/www.mines-stetienne.fr\\\/panoramines\\\/#website\"},\"primaryImageOfPage\":{\"@id\":\"https:\\\/\\\/www.mines-stetienne.fr\\\/panoramines\\\/2016\\\/11\\\/14\\\/eleves-ingenieurs-apprentis-certifies-green-belt\\\/#primaryimage\"},\"image\":{\"@id\":\"https:\\\/\\\/www.mines-stetienne.fr\\\/panoramines\\\/2016\\\/11\\\/14\\\/eleves-ingenieurs-apprentis-certifies-green-belt\\\/#primaryimage\"},\"thumbnailUrl\":\"https:\\\/\\\/www.mines-stetienne.fr\\\/panoramines\\\/wp-content\\\/uploads\\\/sites\\\/3\\\/2016\\\/11\\\/elveApprentis.jpg\",\"datePublished\":\"2016-11-14T09:02:31+00:00\",\"dateModified\":\"2016-11-18T09:03:06+00:00\",\"author\":{\"@id\":\"https:\\\/\\\/www.mines-stetienne.fr\\\/panoramines\\\/#\\\/schema\\\/person\\\/95e752e6dedac604ce4535123e0f8df7\"},\"breadcrumb\":{\"@id\":\"https:\\\/\\\/www.mines-stetienne.fr\\\/panoramines\\\/2016\\\/11\\\/14\\\/eleves-ingenieurs-apprentis-certifies-green-belt\\\/#breadcrumb\"},\"inLanguage\":\"fr-FR\",\"potentialAction\":[{\"@type\":\"ReadAction\",\"target\":[\"https:\\\/\\\/www.mines-stetienne.fr\\\/panoramines\\\/2016\\\/11\\\/14\\\/eleves-ingenieurs-apprentis-certifies-green-belt\\\/\"]}]},{\"@type\":\"ImageObject\",\"inLanguage\":\"fr-FR\",\"@id\":\"https:\\\/\\\/www.mines-stetienne.fr\\\/panoramines\\\/2016\\\/11\\\/14\\\/eleves-ingenieurs-apprentis-certifies-green-belt\\\/#primaryimage\",\"url\":\"https:\\\/\\\/www.mines-stetienne.fr\\\/panoramines\\\/wp-content\\\/uploads\\\/sites\\\/3\\\/2016\\\/11\\\/elveApprentis.jpg\",\"contentUrl\":\"https:\\\/\\\/www.mines-stetienne.fr\\\/panoramines\\\/wp-content\\\/uploads\\\/sites\\\/3\\\/2016\\\/11\\\/elveApprentis.jpg\",\"width\":660,\"height\":367},{\"@type\":\"BreadcrumbList\",\"@id\":\"https:\\\/\\\/www.mines-stetienne.fr\\\/panoramines\\\/2016\\\/11\\\/14\\\/eleves-ingenieurs-apprentis-certifies-green-belt\\\/#breadcrumb\",\"itemListElement\":[{\"@type\":\"ListItem\",\"position\":1,\"name\":\"Accueil\",\"item\":\"https:\\\/\\\/www.mines-stetienne.fr\\\/panoramines\\\/\"},{\"@type\":\"ListItem\",\"position\":2,\"name\":\"Des \u00e9l\u00e8ves ing\u00e9nieurs apprentis certifi\u00e9s \u00ab\u00a0Green BELT\u00a0\u00bb\"}]},{\"@type\":\"WebSite\",\"@id\":\"https:\\\/\\\/www.mines-stetienne.fr\\\/panoramines\\\/#website\",\"url\":\"https:\\\/\\\/www.mines-stetienne.fr\\\/panoramines\\\/\",\"name\":\"Panoramines\",\"description\":\"Panoramines, l\u2019actualit\u00e9 de MINES Saint-\u00c9tienne\",\"potentialAction\":[{\"@type\":\"SearchAction\",\"target\":{\"@type\":\"EntryPoint\",\"urlTemplate\":\"https:\\\/\\\/www.mines-stetienne.fr\\\/panoramines\\\/?s={search_term_string}\"},\"query-input\":{\"@type\":\"PropertyValueSpecification\",\"valueRequired\":true,\"valueName\":\"search_term_string\"}}],\"inLanguage\":\"fr-FR\"},{\"@type\":\"Person\",\"@id\":\"https:\\\/\\\/www.mines-stetienne.fr\\\/panoramines\\\/#\\\/schema\\\/person\\\/95e752e6dedac604ce4535123e0f8df7\",\"name\":\"Nathalie\",\"image\":{\"@type\":\"ImageObject\",\"inLanguage\":\"fr-FR\",\"@id\":\"https:\\\/\\\/www.mines-stetienne.fr\\\/panoramines\\\/wp-content\\\/uploads\\\/sites\\\/3\\\/2021\\\/07\\\/logo-75x75-1.png\",\"url\":\"https:\\\/\\\/www.mines-stetienne.fr\\\/panoramines\\\/wp-content\\\/uploads\\\/sites\\\/3\\\/2021\\\/07\\\/logo-75x75-1.png\",\"contentUrl\":\"https:\\\/\\\/www.mines-stetienne.fr\\\/panoramines\\\/wp-content\\\/uploads\\\/sites\\\/3\\\/2021\\\/07\\\/logo-75x75-1.png\",\"caption\":\"Nathalie\"},\"url\":\"https:\\\/\\\/www.mines-stetienne.fr\\\/panoramines\\\/author\\\/nathalie\\\/\"}]}<\/script>\n<!-- \/ Yoast SEO plugin. -->","yoast_head_json":{"title":"Des \u00e9l\u00e8ves ing\u00e9nieurs apprentis certifi\u00e9s \"Green BELT\" - Panoramines","robots":{"index":"index","follow":"follow","max-snippet":"max-snippet:-1","max-image-preview":"max-image-preview:large","max-video-preview":"max-video-preview:-1"},"canonical":"https:\/\/www.mines-stetienne.fr\/panoramines\/2016\/11\/14\/eleves-ingenieurs-apprentis-certifies-green-belt\/","og_locale":"fr_FR","og_type":"article","og_title":"Des \u00e9l\u00e8ves ing\u00e9nieurs apprentis certifi\u00e9s \"Green BELT\" - Panoramines","og_description":"Le 25 octobre dernier, 20 \u00e9l\u00e8ves ing\u00e9nieurs de sp\u00e9cialit\u00e9 G\u00e9nie industriel promotion 2014, ont re\u00e7u une certification Green Belt. En formation par alternance, ils ont effectu\u00e9 en juin dernier un s\u00e9jour en Su\u00e8de dans le cadre de la mobilit\u00e9 internationale, &hellip;","og_url":"https:\/\/www.mines-stetienne.fr\/panoramines\/2016\/11\/14\/eleves-ingenieurs-apprentis-certifies-green-belt\/","og_site_name":"Panoramines","article_published_time":"2016-11-14T09:02:31+00:00","article_modified_time":"2016-11-18T09:03:06+00:00","og_image":[{"width":660,"height":367,"url":"https:\/\/www.mines-stetienne.fr\/panoramines\/wp-content\/uploads\/sites\/3\/2016\/11\/elveApprentis.jpg","type":"image\/jpeg"}],"author":"Nathalie","twitter_card":"summary_large_image","twitter_misc":{"\u00c9crit par":" Nathalie","Dur\u00e9e de lecture estim\u00e9e":"1 minute"},"schema":{"@context":"https:\/\/schema.org","@graph":[{"@type":"Article","@id":"https:\/\/www.mines-stetienne.fr\/panoramines\/2016\/11\/14\/eleves-ingenieurs-apprentis-certifies-green-belt\/#article","isPartOf":{"@id":"https:\/\/www.mines-stetienne.fr\/panoramines\/2016\/11\/14\/eleves-ingenieurs-apprentis-certifies-green-belt\/"},"author":{"name":"Nathalie","@id":"https:\/\/www.mines-stetienne.fr\/panoramines\/#\/schema\/person\/95e752e6dedac604ce4535123e0f8df7"},"headline":"Des \u00e9l\u00e8ves ing\u00e9nieurs apprentis certifi\u00e9s \u00ab\u00a0Green BELT\u00a0\u00bb","datePublished":"2016-11-14T09:02:31+00:00","dateModified":"2016-11-18T09:03:06+00:00","mainEntityOfPage":{"@id":"https:\/\/www.mines-stetienne.fr\/panoramines\/2016\/11\/14\/eleves-ingenieurs-apprentis-certifies-green-belt\/"},"wordCount":192,"commentCount":0,"image":{"@id":"https:\/\/www.mines-stetienne.fr\/panoramines\/2016\/11\/14\/eleves-ingenieurs-apprentis-certifies-green-belt\/#primaryimage"},"thumbnailUrl":"https:\/\/www.mines-stetienne.fr\/panoramines\/wp-content\/uploads\/sites\/3\/2016\/11\/elveApprentis.jpg","keywords":["Alternance","Formation sp\u00e9cialis\u00e9e"],"articleSection":["Vie \u00e9tudiante"],"inLanguage":"fr-FR","potentialAction":[{"@type":"CommentAction","name":"Comment","target":["https:\/\/www.mines-stetienne.fr\/panoramines\/2016\/11\/14\/eleves-ingenieurs-apprentis-certifies-green-belt\/#respond"]}]},{"@type":"WebPage","@id":"https:\/\/www.mines-stetienne.fr\/panoramines\/2016\/11\/14\/eleves-ingenieurs-apprentis-certifies-green-belt\/","url":"https:\/\/www.mines-stetienne.fr\/panoramines\/2016\/11\/14\/eleves-ingenieurs-apprentis-certifies-green-belt\/","name":"Des \u00e9l\u00e8ves ing\u00e9nieurs apprentis certifi\u00e9s \"Green BELT\" - Panoramines","isPartOf":{"@id":"https:\/\/www.mines-stetienne.fr\/panoramines\/#website"},"primaryImageOfPage":{"@id":"https:\/\/www.mines-stetienne.fr\/panoramines\/2016\/11\/14\/eleves-ingenieurs-apprentis-certifies-green-belt\/#primaryimage"},"image":{"@id":"https:\/\/www.mines-stetienne.fr\/panoramines\/2016\/11\/14\/eleves-ingenieurs-apprentis-certifies-green-belt\/#primaryimage"},"thumbnailUrl":"https:\/\/www.mines-stetienne.fr\/panoramines\/wp-content\/uploads\/sites\/3\/2016\/11\/elveApprentis.jpg","datePublished":"2016-11-14T09:02:31+00:00","dateModified":"2016-11-18T09:03:06+00:00","author":{"@id":"https:\/\/www.mines-stetienne.fr\/panoramines\/#\/schema\/person\/95e752e6dedac604ce4535123e0f8df7"},"breadcrumb":{"@id":"https:\/\/www.mines-stetienne.fr\/panoramines\/2016\/11\/14\/eleves-ingenieurs-apprentis-certifies-green-belt\/#breadcrumb"},"inLanguage":"fr-FR","potentialAction":[{"@type":"ReadAction","target":["https:\/\/www.mines-stetienne.fr\/panoramines\/2016\/11\/14\/eleves-ingenieurs-apprentis-certifies-green-belt\/"]}]},{"@type":"ImageObject","inLanguage":"fr-FR","@id":"https:\/\/www.mines-stetienne.fr\/panoramines\/2016\/11\/14\/eleves-ingenieurs-apprentis-certifies-green-belt\/#primaryimage","url":"https:\/\/www.mines-stetienne.fr\/panoramines\/wp-content\/uploads\/sites\/3\/2016\/11\/elveApprentis.jpg","contentUrl":"https:\/\/www.mines-stetienne.fr\/panoramines\/wp-content\/uploads\/sites\/3\/2016\/11\/elveApprentis.jpg","width":660,"height":367},{"@type":"BreadcrumbList","@id":"https:\/\/www.mines-stetienne.fr\/panoramines\/2016\/11\/14\/eleves-ingenieurs-apprentis-certifies-green-belt\/#breadcrumb","itemListElement":[{"@type":"ListItem","position":1,"name":"Accueil","item":"https:\/\/www.mines-stetienne.fr\/panoramines\/"},{"@type":"ListItem","position":2,"name":"Des \u00e9l\u00e8ves ing\u00e9nieurs apprentis certifi\u00e9s \u00ab\u00a0Green BELT\u00a0\u00bb"}]},{"@type":"WebSite","@id":"https:\/\/www.mines-stetienne.fr\/panoramines\/#website","url":"https:\/\/www.mines-stetienne.fr\/panoramines\/","name":"Panoramines","description":"Panoramines, l\u2019actualit\u00e9 de MINES Saint-\u00c9tienne","potentialAction":[{"@type":"SearchAction","target":{"@type":"EntryPoint","urlTemplate":"https:\/\/www.mines-stetienne.fr\/panoramines\/?s={search_term_string}"},"query-input":{"@type":"PropertyValueSpecification","valueRequired":true,"valueName":"search_term_string"}}],"inLanguage":"fr-FR"},{"@type":"Person","@id":"https:\/\/www.mines-stetienne.fr\/panoramines\/#\/schema\/person\/95e752e6dedac604ce4535123e0f8df7","name":"Nathalie","image":{"@type":"ImageObject","inLanguage":"fr-FR","@id":"https:\/\/www.mines-stetienne.fr\/panoramines\/wp-content\/uploads\/sites\/3\/2021\/07\/logo-75x75-1.png","url":"https:\/\/www.mines-stetienne.fr\/panoramines\/wp-content\/uploads\/sites\/3\/2021\/07\/logo-75x75-1.png","contentUrl":"https:\/\/www.mines-stetienne.fr\/panoramines\/wp-content\/uploads\/sites\/3\/2021\/07\/logo-75x75-1.png","caption":"Nathalie"},"url":"https:\/\/www.mines-stetienne.fr\/panoramines\/author\/nathalie\/"}]}},"_links":{"self":[{"href":"https:\/\/www.mines-stetienne.fr\/panoramines\/wp-json\/wp\/v2\/posts\/6454","targetHints":{"allow":["GET"]}}],"collection":[{"href":"https:\/\/www.mines-stetienne.fr\/panoramines\/wp-json\/wp\/v2\/posts"}],"about":[{"href":"https:\/\/www.mines-stetienne.fr\/panoramines\/wp-json\/wp\/v2\/types\/post"}],"author":[{"embeddable":true,"href":"https:\/\/www.mines-stetienne.fr\/panoramines\/wp-json\/wp\/v2\/users\/3"}],"replies":[{"embeddable":true,"href":"https:\/\/www.mines-stetienne.fr\/panoramines\/wp-json\/wp\/v2\/comments?post=6454"}],"version-history":[{"count":2,"href":"https:\/\/www.mines-stetienne.fr\/panoramines\/wp-json\/wp\/v2\/posts\/6454\/revisions"}],"predecessor-version":[{"id":6474,"href":"https:\/\/www.mines-stetienne.fr\/panoramines\/wp-json\/wp\/v2\/posts\/6454\/revisions\/6474"}],"wp:featuredmedia":[{"embeddable":true,"href":"https:\/\/www.mines-stetienne.fr\/panoramines\/wp-json\/wp\/v2\/media\/6455"}],"wp:attachment":[{"href":"https:\/\/www.mines-stetienne.fr\/panoramines\/wp-json\/wp\/v2\/media?parent=6454"}],"wp:term":[{"taxonomy":"category","embeddable":true,"href":"https:\/\/www.mines-stetienne.fr\/panoramines\/wp-json\/wp\/v2\/categories?post=6454"},{"taxonomy":"post_tag","embeddable":true,"href":"https:\/\/www.mines-stetienne.fr\/panoramines\/wp-json\/wp\/v2\/tags?post=6454"}],"curies":[{"name":"wp","href":"https:\/\/api.w.org\/{rel}","templated":true}]}}