{"id":29340,"date":"2026-04-24T08:34:55","date_gmt":"2026-04-24T06:34:55","guid":{"rendered":"https:\/\/www.mines-stetienne.fr\/panoramines\/?p=29340"},"modified":"2026-04-24T08:35:01","modified_gmt":"2026-04-24T06:35:01","slug":"retour-en-photos-sur-le-cartel-2026","status":"publish","type":"post","link":"https:\/\/www.mines-stetienne.fr\/panoramines\/2026\/04\/24\/retour-en-photos-sur-le-cartel-2026\/","title":{"rendered":"Retour en photos sur le Cartel 2026 !"},"content":{"rendered":"\n<p>Le Cartel est un \u00e9v\u00e9nement sportif \u00e0 destination des \u00e9tudiants de toutes les \u00e9coles des Mines de France. Sur quatre jours, les \u00e9l\u00e8ves ing\u00e9nieurs repr\u00e9sentent leur institution et s\u2019affrontent dans une grande comp\u00e9tition sportive.<\/p>\n\n\n\n<p><br>Cette ann\u00e9e, Mines Saint-Etienne a brill\u00e9 :<\/p>\n\n\n\n<ul class=\"wp-block-list\">\n<li>Nos \u00e9l\u00e8ves ont remport\u00e9 la 2e place pour le Prix de l&rsquo;ambiance<\/li>\n\n\n\n<li>La 1\u00e8re place en natation, en athl\u00e9tisme, au cross et en basket<\/li>\n\n\n\n<li>La 2e place en escalade<\/li>\n\n\n\n<li>Et la 3e place en ultimate Rugby<\/li>\n<\/ul>\n\n\n\n<figure class=\"wp-block-gallery has-nested-images columns-default is-cropped wp-block-gallery-2 is-layout-flex wp-block-gallery-is-layout-flex\">\n<figure class=\"wp-block-image size-large\"><img loading=\"lazy\" decoding=\"async\" width=\"1024\" height=\"576\" data-id=\"29344\" src=\"https:\/\/www.mines-stetienne.fr\/panoramines\/wp-content\/uploads\/sites\/3\/2026\/04\/DSC_2659_DxO-1024x576.jpg\" alt=\"\" class=\"wp-image-29344\" srcset=\"https:\/\/www.mines-stetienne.fr\/panoramines\/wp-content\/uploads\/sites\/3\/2026\/04\/DSC_2659_DxO-1024x576.jpg 1024w, https:\/\/www.mines-stetienne.fr\/panoramines\/wp-content\/uploads\/sites\/3\/2026\/04\/DSC_2659_DxO-300x169.jpg 300w, https:\/\/www.mines-stetienne.fr\/panoramines\/wp-content\/uploads\/sites\/3\/2026\/04\/DSC_2659_DxO-768x432.jpg 768w, https:\/\/www.mines-stetienne.fr\/panoramines\/wp-content\/uploads\/sites\/3\/2026\/04\/DSC_2659_DxO-1536x864.jpg 1536w, https:\/\/www.mines-stetienne.fr\/panoramines\/wp-content\/uploads\/sites\/3\/2026\/04\/DSC_2659_DxO-2048x1152.jpg 2048w\" sizes=\"auto, (max-width: 1024px) 100vw, 1024px\" \/><\/figure>\n<\/figure>\n\n\n\n<figure class=\"wp-block-image size-large\"><img loading=\"lazy\" decoding=\"async\" width=\"1024\" height=\"576\" src=\"https:\/\/www.mines-stetienne.fr\/panoramines\/wp-content\/uploads\/sites\/3\/2026\/04\/DSC_1955_DxO-1-1024x576.jpg\" alt=\"\" class=\"wp-image-29346\" srcset=\"https:\/\/www.mines-stetienne.fr\/panoramines\/wp-content\/uploads\/sites\/3\/2026\/04\/DSC_1955_DxO-1-1024x576.jpg 1024w, https:\/\/www.mines-stetienne.fr\/panoramines\/wp-content\/uploads\/sites\/3\/2026\/04\/DSC_1955_DxO-1-300x169.jpg 300w, https:\/\/www.mines-stetienne.fr\/panoramines\/wp-content\/uploads\/sites\/3\/2026\/04\/DSC_1955_DxO-1-768x432.jpg 768w, https:\/\/www.mines-stetienne.fr\/panoramines\/wp-content\/uploads\/sites\/3\/2026\/04\/DSC_1955_DxO-1-1536x864.jpg 1536w, https:\/\/www.mines-stetienne.fr\/panoramines\/wp-content\/uploads\/sites\/3\/2026\/04\/DSC_1955_DxO-1-2048x1152.jpg 2048w\" sizes=\"auto, (max-width: 1024px) 100vw, 1024px\" \/><\/figure>\n\n\n\n<figure class=\"wp-block-image size-large\"><img loading=\"lazy\" decoding=\"async\" width=\"1024\" height=\"576\" src=\"https:\/\/www.mines-stetienne.fr\/panoramines\/wp-content\/uploads\/sites\/3\/2026\/04\/IMG_8193_DxO-1-1-1024x576.jpg\" alt=\"\" class=\"wp-image-29347\" srcset=\"https:\/\/www.mines-stetienne.fr\/panoramines\/wp-content\/uploads\/sites\/3\/2026\/04\/IMG_8193_DxO-1-1-1024x576.jpg 1024w, https:\/\/www.mines-stetienne.fr\/panoramines\/wp-content\/uploads\/sites\/3\/2026\/04\/IMG_8193_DxO-1-1-300x169.jpg 300w, https:\/\/www.mines-stetienne.fr\/panoramines\/wp-content\/uploads\/sites\/3\/2026\/04\/IMG_8193_DxO-1-1-768x432.jpg 768w, https:\/\/www.mines-stetienne.fr\/panoramines\/wp-content\/uploads\/sites\/3\/2026\/04\/IMG_8193_DxO-1-1-1536x864.jpg 1536w, https:\/\/www.mines-stetienne.fr\/panoramines\/wp-content\/uploads\/sites\/3\/2026\/04\/IMG_8193_DxO-1-1-2048x1152.jpg 2048w\" sizes=\"auto, (max-width: 1024px) 100vw, 1024px\" \/><\/figure>\n\n\n\n<p><br>Bravo aux \u00e9l\u00e8ves ICM, ISMIN, ISTP et aux \u00e9l\u00e8ves de Master qui ont particip\u00e9 \u00e0 ce bel \u00e9v\u00e8nement !<\/p>\n\n\n\n<p>Photos MiTV<\/p>\n","protected":false},"excerpt":{"rendered":"<p>Le Cartel est un \u00e9v\u00e9nement sportif \u00e0 destination des \u00e9tudiants de toutes les \u00e9coles des Mines de France. Sur quatre jours, les \u00e9l\u00e8ves ing\u00e9nieurs repr\u00e9sentent leur institution et s\u2019affrontent dans une grande comp\u00e9tition sportive. Cette ann\u00e9e, Mines Saint-Etienne a brill\u00e9 &hellip;<\/p>\n","protected":false},"author":12778,"featured_media":29341,"comment_status":"closed","ping_status":"open","sticky":false,"template":"","format":"standard","meta":{"_relevanssi_hide_post":"","_relevanssi_hide_content":"","_relevanssi_pin_for_all":"","_relevanssi_pin_keywords":"","_relevanssi_unpin_keywords":"","_relevanssi_related_keywords":"","_relevanssi_related_include_ids":"","_relevanssi_related_exclude_ids":"","_relevanssi_related_no_append":"","_relevanssi_related_not_related":"","_relevanssi_related_posts":"24265,24303,27845,15986,26098,22511","_relevanssi_noindex_reason":"","footnotes":""},"categories":[8],"tags":[83,1325,1327,37,97,42,44,69,1326,873,124],"class_list":["post-29340","post","type-post","status-publish","format-standard","has-post-thumbnail","hentry","category-vie-etudiante","tag-cartel","tag-cartel-2026","tag-cohesion","tag-icm","tag-imt","tag-ismin","tag-istp","tag-master","tag-mines-nancy","tag-mines-saint-etienne","tag-sport"],"pp_statuses_selecting_workflow":false,"pp_workflow_action":"current","pp_status_selection":"publish","pp_force_visibility":null,"pp_subpost_visibility":null,"pp_inherited_force_visibility":null,"pp_inherited_subpost_visibility":null,"yoast_head":"<!-- This site is optimized with the Yoast SEO plugin v27.4 - https:\/\/yoast.com\/product\/yoast-seo-wordpress\/ -->\n<title>Retour en photos sur le Cartel 2026 ! - Panoramines<\/title>\n<meta name=\"robots\" content=\"index, follow, max-snippet:-1, max-image-preview:large, max-video-preview:-1\" \/>\n<link rel=\"canonical\" href=\"https:\/\/www.mines-stetienne.fr\/panoramines\/2026\/04\/24\/retour-en-photos-sur-le-cartel-2026\/\" \/>\n<meta property=\"og:locale\" content=\"fr_FR\" \/>\n<meta property=\"og:type\" content=\"article\" \/>\n<meta property=\"og:title\" content=\"Retour en photos sur le Cartel 2026 ! - Panoramines\" \/>\n<meta property=\"og:description\" content=\"Le Cartel est un \u00e9v\u00e9nement sportif \u00e0 destination des \u00e9tudiants de toutes les \u00e9coles des Mines de France. Sur quatre jours, les \u00e9l\u00e8ves ing\u00e9nieurs repr\u00e9sentent leur institution et s\u2019affrontent dans une grande comp\u00e9tition sportive. Cette ann\u00e9e, Mines Saint-Etienne a brill\u00e9 &hellip;\" \/>\n<meta property=\"og:url\" content=\"https:\/\/www.mines-stetienne.fr\/panoramines\/2026\/04\/24\/retour-en-photos-sur-le-cartel-2026\/\" \/>\n<meta property=\"og:site_name\" content=\"Panoramines\" \/>\n<meta property=\"article:published_time\" content=\"2026-04-24T06:34:55+00:00\" \/>\n<meta property=\"article:modified_time\" content=\"2026-04-24T06:35:01+00:00\" \/>\n<meta property=\"og:image\" content=\"https:\/\/www.mines-stetienne.fr\/panoramines\/wp-content\/uploads\/sites\/3\/2026\/04\/DSC_0024_DxO.jpg\" \/>\n\t<meta property=\"og:image:width\" content=\"3391\" \/>\n\t<meta property=\"og:image:height\" content=\"1908\" \/>\n\t<meta property=\"og:image:type\" content=\"image\/jpeg\" \/>\n<meta name=\"author\" content=\"Marylou BAUDRAND\" \/>\n<meta name=\"twitter:card\" content=\"summary_large_image\" \/>\n<meta name=\"twitter:label1\" content=\"\u00c9crit par\" \/>\n\t<meta name=\"twitter:data1\" content=\"Marylou BAUDRAND\" \/>\n\t<meta name=\"twitter:label2\" content=\"Dur\u00e9e de lecture estim\u00e9e\" \/>\n\t<meta name=\"twitter:data2\" content=\"2 minutes\" \/>\n<script type=\"application\/ld+json\" class=\"yoast-schema-graph\">{\"@context\":\"https:\\\/\\\/schema.org\",\"@graph\":[{\"@type\":\"Article\",\"@id\":\"https:\\\/\\\/www.mines-stetienne.fr\\\/panoramines\\\/2026\\\/04\\\/24\\\/retour-en-photos-sur-le-cartel-2026\\\/#article\",\"isPartOf\":{\"@id\":\"https:\\\/\\\/www.mines-stetienne.fr\\\/panoramines\\\/2026\\\/04\\\/24\\\/retour-en-photos-sur-le-cartel-2026\\\/\"},\"author\":{\"name\":\"Marylou BAUDRAND\",\"@id\":\"https:\\\/\\\/www.mines-stetienne.fr\\\/panoramines\\\/#\\\/schema\\\/person\\\/4122d0d44b90eef069d2cca2a9ed05eb\"},\"headline\":\"Retour en photos sur le Cartel 2026 !\",\"datePublished\":\"2026-04-24T06:34:55+00:00\",\"dateModified\":\"2026-04-24T06:35:01+00:00\",\"mainEntityOfPage\":{\"@id\":\"https:\\\/\\\/www.mines-stetienne.fr\\\/panoramines\\\/2026\\\/04\\\/24\\\/retour-en-photos-sur-le-cartel-2026\\\/\"},\"wordCount\":112,\"image\":{\"@id\":\"https:\\\/\\\/www.mines-stetienne.fr\\\/panoramines\\\/2026\\\/04\\\/24\\\/retour-en-photos-sur-le-cartel-2026\\\/#primaryimage\"},\"thumbnailUrl\":\"https:\\\/\\\/www.mines-stetienne.fr\\\/panoramines\\\/wp-content\\\/uploads\\\/sites\\\/3\\\/2026\\\/04\\\/DSC_0024_DxO.jpg\",\"keywords\":[\"Cartel\",\"Cartel 2026\",\"Coh\u00e9sion\",\"ICM\",\"IMT\",\"ISMIN\",\"ISTP\",\"Master\",\"Mines Nancy\",\"Mines Saint-Etienne\",\"Sport\"],\"articleSection\":[\"Vie \u00e9tudiante\"],\"inLanguage\":\"fr-FR\"},{\"@type\":\"WebPage\",\"@id\":\"https:\\\/\\\/www.mines-stetienne.fr\\\/panoramines\\\/2026\\\/04\\\/24\\\/retour-en-photos-sur-le-cartel-2026\\\/\",\"url\":\"https:\\\/\\\/www.mines-stetienne.fr\\\/panoramines\\\/2026\\\/04\\\/24\\\/retour-en-photos-sur-le-cartel-2026\\\/\",\"name\":\"Retour en photos sur le Cartel 2026 ! - Panoramines\",\"isPartOf\":{\"@id\":\"https:\\\/\\\/www.mines-stetienne.fr\\\/panoramines\\\/#website\"},\"primaryImageOfPage\":{\"@id\":\"https:\\\/\\\/www.mines-stetienne.fr\\\/panoramines\\\/2026\\\/04\\\/24\\\/retour-en-photos-sur-le-cartel-2026\\\/#primaryimage\"},\"image\":{\"@id\":\"https:\\\/\\\/www.mines-stetienne.fr\\\/panoramines\\\/2026\\\/04\\\/24\\\/retour-en-photos-sur-le-cartel-2026\\\/#primaryimage\"},\"thumbnailUrl\":\"https:\\\/\\\/www.mines-stetienne.fr\\\/panoramines\\\/wp-content\\\/uploads\\\/sites\\\/3\\\/2026\\\/04\\\/DSC_0024_DxO.jpg\",\"datePublished\":\"2026-04-24T06:34:55+00:00\",\"dateModified\":\"2026-04-24T06:35:01+00:00\",\"author\":{\"@id\":\"https:\\\/\\\/www.mines-stetienne.fr\\\/panoramines\\\/#\\\/schema\\\/person\\\/4122d0d44b90eef069d2cca2a9ed05eb\"},\"breadcrumb\":{\"@id\":\"https:\\\/\\\/www.mines-stetienne.fr\\\/panoramines\\\/2026\\\/04\\\/24\\\/retour-en-photos-sur-le-cartel-2026\\\/#breadcrumb\"},\"inLanguage\":\"fr-FR\",\"potentialAction\":[{\"@type\":\"ReadAction\",\"target\":[\"https:\\\/\\\/www.mines-stetienne.fr\\\/panoramines\\\/2026\\\/04\\\/24\\\/retour-en-photos-sur-le-cartel-2026\\\/\"]}]},{\"@type\":\"ImageObject\",\"inLanguage\":\"fr-FR\",\"@id\":\"https:\\\/\\\/www.mines-stetienne.fr\\\/panoramines\\\/2026\\\/04\\\/24\\\/retour-en-photos-sur-le-cartel-2026\\\/#primaryimage\",\"url\":\"https:\\\/\\\/www.mines-stetienne.fr\\\/panoramines\\\/wp-content\\\/uploads\\\/sites\\\/3\\\/2026\\\/04\\\/DSC_0024_DxO.jpg\",\"contentUrl\":\"https:\\\/\\\/www.mines-stetienne.fr\\\/panoramines\\\/wp-content\\\/uploads\\\/sites\\\/3\\\/2026\\\/04\\\/DSC_0024_DxO.jpg\",\"width\":3391,\"height\":1908,\"caption\":\"cartel nancy 2026\"},{\"@type\":\"BreadcrumbList\",\"@id\":\"https:\\\/\\\/www.mines-stetienne.fr\\\/panoramines\\\/2026\\\/04\\\/24\\\/retour-en-photos-sur-le-cartel-2026\\\/#breadcrumb\",\"itemListElement\":[{\"@type\":\"ListItem\",\"position\":1,\"name\":\"Accueil\",\"item\":\"https:\\\/\\\/www.mines-stetienne.fr\\\/panoramines\\\/\"},{\"@type\":\"ListItem\",\"position\":2,\"name\":\"Retour en photos sur le Cartel 2026 !\"}]},{\"@type\":\"WebSite\",\"@id\":\"https:\\\/\\\/www.mines-stetienne.fr\\\/panoramines\\\/#website\",\"url\":\"https:\\\/\\\/www.mines-stetienne.fr\\\/panoramines\\\/\",\"name\":\"Panoramines\",\"description\":\"Panoramines, l\u2019actualit\u00e9 de MINES Saint-\u00c9tienne\",\"potentialAction\":[{\"@type\":\"SearchAction\",\"target\":{\"@type\":\"EntryPoint\",\"urlTemplate\":\"https:\\\/\\\/www.mines-stetienne.fr\\\/panoramines\\\/?s={search_term_string}\"},\"query-input\":{\"@type\":\"PropertyValueSpecification\",\"valueRequired\":true,\"valueName\":\"search_term_string\"}}],\"inLanguage\":\"fr-FR\"},{\"@type\":\"Person\",\"@id\":\"https:\\\/\\\/www.mines-stetienne.fr\\\/panoramines\\\/#\\\/schema\\\/person\\\/4122d0d44b90eef069d2cca2a9ed05eb\",\"name\":\"Marylou BAUDRAND\",\"image\":{\"@type\":\"ImageObject\",\"inLanguage\":\"fr-FR\",\"@id\":\"https:\\\/\\\/www.mines-stetienne.fr\\\/panoramines\\\/wp-content\\\/uploads\\\/sites\\\/3\\\/2021\\\/07\\\/logo-75x75-1.png\",\"url\":\"https:\\\/\\\/www.mines-stetienne.fr\\\/panoramines\\\/wp-content\\\/uploads\\\/sites\\\/3\\\/2021\\\/07\\\/logo-75x75-1.png\",\"contentUrl\":\"https:\\\/\\\/www.mines-stetienne.fr\\\/panoramines\\\/wp-content\\\/uploads\\\/sites\\\/3\\\/2021\\\/07\\\/logo-75x75-1.png\",\"caption\":\"Marylou BAUDRAND\"},\"url\":\"https:\\\/\\\/www.mines-stetienne.fr\\\/panoramines\\\/author\\\/marylou-baudrand\\\/\"}]}<\/script>\n<!-- \/ Yoast SEO plugin. -->","yoast_head_json":{"title":"Retour en photos sur le Cartel 2026 ! - Panoramines","robots":{"index":"index","follow":"follow","max-snippet":"max-snippet:-1","max-image-preview":"max-image-preview:large","max-video-preview":"max-video-preview:-1"},"canonical":"https:\/\/www.mines-stetienne.fr\/panoramines\/2026\/04\/24\/retour-en-photos-sur-le-cartel-2026\/","og_locale":"fr_FR","og_type":"article","og_title":"Retour en photos sur le Cartel 2026 ! - Panoramines","og_description":"Le Cartel est un \u00e9v\u00e9nement sportif \u00e0 destination des \u00e9tudiants de toutes les \u00e9coles des Mines de France. Sur quatre jours, les \u00e9l\u00e8ves ing\u00e9nieurs repr\u00e9sentent leur institution et s\u2019affrontent dans une grande comp\u00e9tition sportive. Cette ann\u00e9e, Mines Saint-Etienne a brill\u00e9 &hellip;","og_url":"https:\/\/www.mines-stetienne.fr\/panoramines\/2026\/04\/24\/retour-en-photos-sur-le-cartel-2026\/","og_site_name":"Panoramines","article_published_time":"2026-04-24T06:34:55+00:00","article_modified_time":"2026-04-24T06:35:01+00:00","og_image":[{"width":3391,"height":1908,"url":"https:\/\/www.mines-stetienne.fr\/panoramines\/wp-content\/uploads\/sites\/3\/2026\/04\/DSC_0024_DxO.jpg","type":"image\/jpeg"}],"author":"Marylou BAUDRAND","twitter_card":"summary_large_image","twitter_misc":{"\u00c9crit par":"Marylou BAUDRAND","Dur\u00e9e de lecture estim\u00e9e":"2 minutes"},"schema":{"@context":"https:\/\/schema.org","@graph":[{"@type":"Article","@id":"https:\/\/www.mines-stetienne.fr\/panoramines\/2026\/04\/24\/retour-en-photos-sur-le-cartel-2026\/#article","isPartOf":{"@id":"https:\/\/www.mines-stetienne.fr\/panoramines\/2026\/04\/24\/retour-en-photos-sur-le-cartel-2026\/"},"author":{"name":"Marylou BAUDRAND","@id":"https:\/\/www.mines-stetienne.fr\/panoramines\/#\/schema\/person\/4122d0d44b90eef069d2cca2a9ed05eb"},"headline":"Retour en photos sur le Cartel 2026 !","datePublished":"2026-04-24T06:34:55+00:00","dateModified":"2026-04-24T06:35:01+00:00","mainEntityOfPage":{"@id":"https:\/\/www.mines-stetienne.fr\/panoramines\/2026\/04\/24\/retour-en-photos-sur-le-cartel-2026\/"},"wordCount":112,"image":{"@id":"https:\/\/www.mines-stetienne.fr\/panoramines\/2026\/04\/24\/retour-en-photos-sur-le-cartel-2026\/#primaryimage"},"thumbnailUrl":"https:\/\/www.mines-stetienne.fr\/panoramines\/wp-content\/uploads\/sites\/3\/2026\/04\/DSC_0024_DxO.jpg","keywords":["Cartel","Cartel 2026","Coh\u00e9sion","ICM","IMT","ISMIN","ISTP","Master","Mines Nancy","Mines Saint-Etienne","Sport"],"articleSection":["Vie \u00e9tudiante"],"inLanguage":"fr-FR"},{"@type":"WebPage","@id":"https:\/\/www.mines-stetienne.fr\/panoramines\/2026\/04\/24\/retour-en-photos-sur-le-cartel-2026\/","url":"https:\/\/www.mines-stetienne.fr\/panoramines\/2026\/04\/24\/retour-en-photos-sur-le-cartel-2026\/","name":"Retour en photos sur le Cartel 2026 ! - Panoramines","isPartOf":{"@id":"https:\/\/www.mines-stetienne.fr\/panoramines\/#website"},"primaryImageOfPage":{"@id":"https:\/\/www.mines-stetienne.fr\/panoramines\/2026\/04\/24\/retour-en-photos-sur-le-cartel-2026\/#primaryimage"},"image":{"@id":"https:\/\/www.mines-stetienne.fr\/panoramines\/2026\/04\/24\/retour-en-photos-sur-le-cartel-2026\/#primaryimage"},"thumbnailUrl":"https:\/\/www.mines-stetienne.fr\/panoramines\/wp-content\/uploads\/sites\/3\/2026\/04\/DSC_0024_DxO.jpg","datePublished":"2026-04-24T06:34:55+00:00","dateModified":"2026-04-24T06:35:01+00:00","author":{"@id":"https:\/\/www.mines-stetienne.fr\/panoramines\/#\/schema\/person\/4122d0d44b90eef069d2cca2a9ed05eb"},"breadcrumb":{"@id":"https:\/\/www.mines-stetienne.fr\/panoramines\/2026\/04\/24\/retour-en-photos-sur-le-cartel-2026\/#breadcrumb"},"inLanguage":"fr-FR","potentialAction":[{"@type":"ReadAction","target":["https:\/\/www.mines-stetienne.fr\/panoramines\/2026\/04\/24\/retour-en-photos-sur-le-cartel-2026\/"]}]},{"@type":"ImageObject","inLanguage":"fr-FR","@id":"https:\/\/www.mines-stetienne.fr\/panoramines\/2026\/04\/24\/retour-en-photos-sur-le-cartel-2026\/#primaryimage","url":"https:\/\/www.mines-stetienne.fr\/panoramines\/wp-content\/uploads\/sites\/3\/2026\/04\/DSC_0024_DxO.jpg","contentUrl":"https:\/\/www.mines-stetienne.fr\/panoramines\/wp-content\/uploads\/sites\/3\/2026\/04\/DSC_0024_DxO.jpg","width":3391,"height":1908,"caption":"cartel nancy 2026"},{"@type":"BreadcrumbList","@id":"https:\/\/www.mines-stetienne.fr\/panoramines\/2026\/04\/24\/retour-en-photos-sur-le-cartel-2026\/#breadcrumb","itemListElement":[{"@type":"ListItem","position":1,"name":"Accueil","item":"https:\/\/www.mines-stetienne.fr\/panoramines\/"},{"@type":"ListItem","position":2,"name":"Retour en photos sur le Cartel 2026 !"}]},{"@type":"WebSite","@id":"https:\/\/www.mines-stetienne.fr\/panoramines\/#website","url":"https:\/\/www.mines-stetienne.fr\/panoramines\/","name":"Panoramines","description":"Panoramines, l\u2019actualit\u00e9 de MINES Saint-\u00c9tienne","potentialAction":[{"@type":"SearchAction","target":{"@type":"EntryPoint","urlTemplate":"https:\/\/www.mines-stetienne.fr\/panoramines\/?s={search_term_string}"},"query-input":{"@type":"PropertyValueSpecification","valueRequired":true,"valueName":"search_term_string"}}],"inLanguage":"fr-FR"},{"@type":"Person","@id":"https:\/\/www.mines-stetienne.fr\/panoramines\/#\/schema\/person\/4122d0d44b90eef069d2cca2a9ed05eb","name":"Marylou BAUDRAND","image":{"@type":"ImageObject","inLanguage":"fr-FR","@id":"https:\/\/www.mines-stetienne.fr\/panoramines\/wp-content\/uploads\/sites\/3\/2021\/07\/logo-75x75-1.png","url":"https:\/\/www.mines-stetienne.fr\/panoramines\/wp-content\/uploads\/sites\/3\/2021\/07\/logo-75x75-1.png","contentUrl":"https:\/\/www.mines-stetienne.fr\/panoramines\/wp-content\/uploads\/sites\/3\/2021\/07\/logo-75x75-1.png","caption":"Marylou BAUDRAND"},"url":"https:\/\/www.mines-stetienne.fr\/panoramines\/author\/marylou-baudrand\/"}]}},"_links":{"self":[{"href":"https:\/\/www.mines-stetienne.fr\/panoramines\/wp-json\/wp\/v2\/posts\/29340","targetHints":{"allow":["GET"]}}],"collection":[{"href":"https:\/\/www.mines-stetienne.fr\/panoramines\/wp-json\/wp\/v2\/posts"}],"about":[{"href":"https:\/\/www.mines-stetienne.fr\/panoramines\/wp-json\/wp\/v2\/types\/post"}],"author":[{"embeddable":true,"href":"https:\/\/www.mines-stetienne.fr\/panoramines\/wp-json\/wp\/v2\/users\/12778"}],"replies":[{"embeddable":true,"href":"https:\/\/www.mines-stetienne.fr\/panoramines\/wp-json\/wp\/v2\/comments?post=29340"}],"version-history":[{"count":4,"href":"https:\/\/www.mines-stetienne.fr\/panoramines\/wp-json\/wp\/v2\/posts\/29340\/revisions"}],"predecessor-version":[{"id":29352,"href":"https:\/\/www.mines-stetienne.fr\/panoramines\/wp-json\/wp\/v2\/posts\/29340\/revisions\/29352"}],"wp:featuredmedia":[{"embeddable":true,"href":"https:\/\/www.mines-stetienne.fr\/panoramines\/wp-json\/wp\/v2\/media\/29341"}],"wp:attachment":[{"href":"https:\/\/www.mines-stetienne.fr\/panoramines\/wp-json\/wp\/v2\/media?parent=29340"}],"wp:term":[{"taxonomy":"category","embeddable":true,"href":"https:\/\/www.mines-stetienne.fr\/panoramines\/wp-json\/wp\/v2\/categories?post=29340"},{"taxonomy":"post_tag","embeddable":true,"href":"https:\/\/www.mines-stetienne.fr\/panoramines\/wp-json\/wp\/v2\/tags?post=29340"}],"curies":[{"name":"wp","href":"https:\/\/api.w.org\/{rel}","templated":true}]}}