{"id":29332,"date":"2026-04-27T08:51:51","date_gmt":"2026-04-27T06:51:51","guid":{"rendered":"https:\/\/www.mines-stetienne.fr\/panoramines\/?p=29332"},"modified":"2026-04-27T08:51:55","modified_gmt":"2026-04-27T06:51:55","slug":"sengager-contre-les-comportements-a-risques","status":"publish","type":"post","link":"https:\/\/www.mines-stetienne.fr\/panoramines\/2026\/04\/27\/sengager-contre-les-comportements-a-risques\/","title":{"rendered":"Mines Saint-\u00c9tienne s&rsquo;engage contre les comportements \u00e0 risques, les harc\u00e8lements et les violences sexistes et sexuelles"},"content":{"rendered":"\n<p>H\u00e9l\u00e8ne Pangot, responsable de la mission diversit\u00e9 et charg\u00e9e de l&rsquo;action sociale \u00e9tudiante, Julie Blanc, charg\u00e9e de mission vie \u00e9tudiante et Alexis Ruiz, pr\u00e9sident sortant du BDE ICM ont particip\u00e9 au s\u00e9minaire CPas1Option. Un \u00e9v\u00e8nement pour accompagner les \u00e9tablissements d\u2019enseignement sup\u00e9rieur dans la mise en \u0153uvre d\u2019actions concr\u00e8tes de pr\u00e9ventions contre les conduites addictives, les comportements \u00e0 risques, les harc\u00e8lements et les violences sexistes et sexuelles.<\/p>\n\n\n\n<p><br>Ce d\u00e9placement a permis la signature de la charte CPas1option qui engage notre \u00c9cole pour l\u2019am\u00e9lioration des conditions de vie et de sant\u00e9 des \u00e9l\u00e8ves des grandes \u00e9coles.<br>Cet accord engage Mines Saint-\u00c9tienne \u00e0 diffuser les bonnes pratiques aupr\u00e8s des autres \u00e9coles mais \u00e9galement en interne aupr\u00e8s des associations \u00e9tudiantes. La pr\u00e9sence d\u2019Alexis Ruiz associe le BDE ICM \u00e0 agir pour la pr\u00e9vention et la prise de conscience collective face aux activit\u00e9s festives et conduites addictives des \u00e9l\u00e8ves.<\/p>\n\n\n\n<p><br>La charte CPas1Option \u00e9nonce huit principes accompagn\u00e9s d\u2019indicateurs de mise en \u0153uvre et de moyens m\u00e9thodologiques permettant leur application concr\u00e8te dans les \u00e9coles :<\/p>\n\n\n\n<ul class=\"wp-block-list\">\n<li>Associer en synergie le bin\u00f4me direction \/ associations \u00e9tudiantes et int\u00e9grer les acteurs ext\u00e9rieurs de pr\u00e9vention<\/li>\n\n\n\n<li>Former tous les acteurs de la vie \u00e9tudiante<\/li>\n\n\n\n<li>Identifier les comportements \u00e0 risques et les dangers potentiels<\/li>\n\n\n\n<li>Sensibiliser l\u2019ensemble des \u00e9l\u00e8ves et les personnels de l\u2019\u00c9cole<\/li>\n\n\n\n<li>Concr\u00e9tiser par la mise en place d\u2019outils et de dispositifs associ\u00e9s<\/li>\n\n\n\n<li>Rep\u00e9rer et r\u00e9agir face aux cas d\u2019addiction<\/li>\n\n\n\n<li>Lutter contre les violences sexistes et sexuelles et agri face aux cas<\/li>\n\n\n\n<li>Am\u00e9liorer de fa\u00e7on continue et p\u00e9renniser l&rsquo;action<\/li>\n<\/ul>\n\n\n\n<p><br>Nous remercions H\u00e9l\u00e8ne Pangot, Julie Blanc et Alexis Ruiz pour cet engagement, notre \u00c9cole est fi\u00e8re de soutenir ses personnels et ses \u00e9l\u00e8ves dans cette d\u00e9marche de lutte contre les comportements \u00e0 risque. <\/p>\n","protected":false},"excerpt":{"rendered":"<p>H\u00e9l\u00e8ne Pangot, responsable de la mission diversit\u00e9 et charg\u00e9e de l&rsquo;action sociale \u00e9tudiante, Julie Blanc, charg\u00e9e de mission vie \u00e9tudiante et Alexis Ruiz, pr\u00e9sident sortant du BDE ICM ont particip\u00e9 au s\u00e9minaire CPas1Option. Un \u00e9v\u00e8nement pour accompagner les \u00e9tablissements d\u2019enseignement &hellip;<\/p>\n","protected":false},"author":12778,"featured_media":29333,"comment_status":"closed","ping_status":"open","sticky":false,"template":"","format":"standard","meta":{"_relevanssi_hide_post":"","_relevanssi_hide_content":"","_relevanssi_pin_for_all":"","_relevanssi_pin_keywords":"","_relevanssi_unpin_keywords":"","_relevanssi_related_keywords":"","_relevanssi_related_include_ids":"","_relevanssi_related_exclude_ids":"","_relevanssi_related_no_append":"","_relevanssi_related_not_related":"","_relevanssi_related_posts":"12716,14737,23327,24361,28246,16688","_relevanssi_noindex_reason":"","footnotes":""},"categories":[11],"tags":[1323,87,1321,1322,37,97,873,1276,132,1324,771],"class_list":["post-29332","post","type-post","status-publish","format-standard","has-post-thumbnail","hentry","category-vie-de-l-ecole","tag-action-sociale","tag-bde","tag-bureau-des-eleves","tag-cpas1option","tag-icm","tag-imt","tag-mines-saint-etienne","tag-mission-diversite","tag-saint-etienne","tag-vie-etudiante-2","tag-vss"],"pp_statuses_selecting_workflow":false,"pp_workflow_action":"current","pp_status_selection":"publish","pp_force_visibility":null,"pp_subpost_visibility":null,"pp_inherited_force_visibility":null,"pp_inherited_subpost_visibility":null,"yoast_head":"<!-- This site is optimized with the Yoast SEO plugin v27.4 - https:\/\/yoast.com\/product\/yoast-seo-wordpress\/ -->\n<title>Mines Saint-\u00c9tienne s&#039;engage contre les comportements \u00e0 risques, les harc\u00e8lements et les violences sexistes et sexuelles - Panoramines<\/title>\n<meta name=\"robots\" content=\"index, follow, max-snippet:-1, max-image-preview:large, max-video-preview:-1\" \/>\n<link rel=\"canonical\" href=\"https:\/\/www.mines-stetienne.fr\/panoramines\/2026\/04\/27\/sengager-contre-les-comportements-a-risques\/\" \/>\n<meta property=\"og:locale\" content=\"fr_FR\" \/>\n<meta property=\"og:type\" content=\"article\" \/>\n<meta property=\"og:title\" content=\"Mines Saint-\u00c9tienne s&#039;engage contre les comportements \u00e0 risques, les harc\u00e8lements et les violences sexistes et sexuelles - Panoramines\" \/>\n<meta property=\"og:description\" content=\"H\u00e9l\u00e8ne Pangot, responsable de la mission diversit\u00e9 et charg\u00e9e de l&rsquo;action sociale \u00e9tudiante, Julie Blanc, charg\u00e9e de mission vie \u00e9tudiante et Alexis Ruiz, pr\u00e9sident sortant du BDE ICM ont particip\u00e9 au s\u00e9minaire CPas1Option. Un \u00e9v\u00e8nement pour accompagner les \u00e9tablissements d\u2019enseignement &hellip;\" \/>\n<meta property=\"og:url\" content=\"https:\/\/www.mines-stetienne.fr\/panoramines\/2026\/04\/27\/sengager-contre-les-comportements-a-risques\/\" \/>\n<meta property=\"og:site_name\" content=\"Panoramines\" \/>\n<meta property=\"article:published_time\" content=\"2026-04-27T06:51:51+00:00\" \/>\n<meta property=\"article:modified_time\" content=\"2026-04-27T06:51:55+00:00\" \/>\n<meta property=\"og:image\" content=\"https:\/\/www.mines-stetienne.fr\/panoramines\/wp-content\/uploads\/sites\/3\/2026\/04\/Cpas1option-2026-Mines-Saint-Etienne.jpg\" \/>\n\t<meta property=\"og:image:width\" content=\"1500\" \/>\n\t<meta property=\"og:image:height\" content=\"1500\" \/>\n\t<meta property=\"og:image:type\" content=\"image\/jpeg\" \/>\n<meta name=\"author\" content=\"Marylou BAUDRAND\" \/>\n<meta name=\"twitter:card\" content=\"summary_large_image\" \/>\n<meta name=\"twitter:label1\" content=\"\u00c9crit par\" \/>\n\t<meta name=\"twitter:data1\" content=\"Marylou BAUDRAND\" \/>\n\t<meta name=\"twitter:label2\" content=\"Dur\u00e9e de lecture estim\u00e9e\" \/>\n\t<meta name=\"twitter:data2\" content=\"2 minutes\" \/>\n<script type=\"application\/ld+json\" class=\"yoast-schema-graph\">{\"@context\":\"https:\\\/\\\/schema.org\",\"@graph\":[{\"@type\":\"Article\",\"@id\":\"https:\\\/\\\/www.mines-stetienne.fr\\\/panoramines\\\/2026\\\/04\\\/27\\\/sengager-contre-les-comportements-a-risques\\\/#article\",\"isPartOf\":{\"@id\":\"https:\\\/\\\/www.mines-stetienne.fr\\\/panoramines\\\/2026\\\/04\\\/27\\\/sengager-contre-les-comportements-a-risques\\\/\"},\"author\":{\"name\":\"Marylou BAUDRAND\",\"@id\":\"https:\\\/\\\/www.mines-stetienne.fr\\\/panoramines\\\/#\\\/schema\\\/person\\\/4122d0d44b90eef069d2cca2a9ed05eb\"},\"headline\":\"Mines Saint-\u00c9tienne s&rsquo;engage contre les comportements \u00e0 risques, les harc\u00e8lements et les violences sexistes et sexuelles\",\"datePublished\":\"2026-04-27T06:51:51+00:00\",\"dateModified\":\"2026-04-27T06:51:55+00:00\",\"mainEntityOfPage\":{\"@id\":\"https:\\\/\\\/www.mines-stetienne.fr\\\/panoramines\\\/2026\\\/04\\\/27\\\/sengager-contre-les-comportements-a-risques\\\/\"},\"wordCount\":343,\"image\":{\"@id\":\"https:\\\/\\\/www.mines-stetienne.fr\\\/panoramines\\\/2026\\\/04\\\/27\\\/sengager-contre-les-comportements-a-risques\\\/#primaryimage\"},\"thumbnailUrl\":\"https:\\\/\\\/www.mines-stetienne.fr\\\/panoramines\\\/wp-content\\\/uploads\\\/sites\\\/3\\\/2026\\\/04\\\/Cpas1option-2026-Mines-Saint-Etienne.jpg\",\"keywords\":[\"action sociale\",\"BDE\",\"Bureau des \u00e9l\u00e8ves\",\"CPas1Option\",\"ICM\",\"IMT\",\"Mines Saint-Etienne\",\"Mission diversit\u00e9\",\"Saint-\u00c9tienne\",\"vi\u00e9 \u00e9tudiante\",\"VSS\"],\"articleSection\":[\"Vie de l'\u00c9cole\"],\"inLanguage\":\"fr-FR\"},{\"@type\":\"WebPage\",\"@id\":\"https:\\\/\\\/www.mines-stetienne.fr\\\/panoramines\\\/2026\\\/04\\\/27\\\/sengager-contre-les-comportements-a-risques\\\/\",\"url\":\"https:\\\/\\\/www.mines-stetienne.fr\\\/panoramines\\\/2026\\\/04\\\/27\\\/sengager-contre-les-comportements-a-risques\\\/\",\"name\":\"Mines Saint-\u00c9tienne s'engage contre les comportements \u00e0 risques, les harc\u00e8lements et les violences sexistes et sexuelles - Panoramines\",\"isPartOf\":{\"@id\":\"https:\\\/\\\/www.mines-stetienne.fr\\\/panoramines\\\/#website\"},\"primaryImageOfPage\":{\"@id\":\"https:\\\/\\\/www.mines-stetienne.fr\\\/panoramines\\\/2026\\\/04\\\/27\\\/sengager-contre-les-comportements-a-risques\\\/#primaryimage\"},\"image\":{\"@id\":\"https:\\\/\\\/www.mines-stetienne.fr\\\/panoramines\\\/2026\\\/04\\\/27\\\/sengager-contre-les-comportements-a-risques\\\/#primaryimage\"},\"thumbnailUrl\":\"https:\\\/\\\/www.mines-stetienne.fr\\\/panoramines\\\/wp-content\\\/uploads\\\/sites\\\/3\\\/2026\\\/04\\\/Cpas1option-2026-Mines-Saint-Etienne.jpg\",\"datePublished\":\"2026-04-27T06:51:51+00:00\",\"dateModified\":\"2026-04-27T06:51:55+00:00\",\"author\":{\"@id\":\"https:\\\/\\\/www.mines-stetienne.fr\\\/panoramines\\\/#\\\/schema\\\/person\\\/4122d0d44b90eef069d2cca2a9ed05eb\"},\"breadcrumb\":{\"@id\":\"https:\\\/\\\/www.mines-stetienne.fr\\\/panoramines\\\/2026\\\/04\\\/27\\\/sengager-contre-les-comportements-a-risques\\\/#breadcrumb\"},\"inLanguage\":\"fr-FR\",\"potentialAction\":[{\"@type\":\"ReadAction\",\"target\":[\"https:\\\/\\\/www.mines-stetienne.fr\\\/panoramines\\\/2026\\\/04\\\/27\\\/sengager-contre-les-comportements-a-risques\\\/\"]}]},{\"@type\":\"ImageObject\",\"inLanguage\":\"fr-FR\",\"@id\":\"https:\\\/\\\/www.mines-stetienne.fr\\\/panoramines\\\/2026\\\/04\\\/27\\\/sengager-contre-les-comportements-a-risques\\\/#primaryimage\",\"url\":\"https:\\\/\\\/www.mines-stetienne.fr\\\/panoramines\\\/wp-content\\\/uploads\\\/sites\\\/3\\\/2026\\\/04\\\/Cpas1option-2026-Mines-Saint-Etienne.jpg\",\"contentUrl\":\"https:\\\/\\\/www.mines-stetienne.fr\\\/panoramines\\\/wp-content\\\/uploads\\\/sites\\\/3\\\/2026\\\/04\\\/Cpas1option-2026-Mines-Saint-Etienne.jpg\",\"width\":1500,\"height\":1500,\"caption\":\"Cpas1option 2026 - Mines Saint-Etienne\"},{\"@type\":\"BreadcrumbList\",\"@id\":\"https:\\\/\\\/www.mines-stetienne.fr\\\/panoramines\\\/2026\\\/04\\\/27\\\/sengager-contre-les-comportements-a-risques\\\/#breadcrumb\",\"itemListElement\":[{\"@type\":\"ListItem\",\"position\":1,\"name\":\"Accueil\",\"item\":\"https:\\\/\\\/www.mines-stetienne.fr\\\/panoramines\\\/\"},{\"@type\":\"ListItem\",\"position\":2,\"name\":\"Mines Saint-\u00c9tienne s&rsquo;engage contre les comportements \u00e0 risques, les harc\u00e8lements et les violences sexistes et sexuelles\"}]},{\"@type\":\"WebSite\",\"@id\":\"https:\\\/\\\/www.mines-stetienne.fr\\\/panoramines\\\/#website\",\"url\":\"https:\\\/\\\/www.mines-stetienne.fr\\\/panoramines\\\/\",\"name\":\"Panoramines\",\"description\":\"Panoramines, l\u2019actualit\u00e9 de MINES Saint-\u00c9tienne\",\"potentialAction\":[{\"@type\":\"SearchAction\",\"target\":{\"@type\":\"EntryPoint\",\"urlTemplate\":\"https:\\\/\\\/www.mines-stetienne.fr\\\/panoramines\\\/?s={search_term_string}\"},\"query-input\":{\"@type\":\"PropertyValueSpecification\",\"valueRequired\":true,\"valueName\":\"search_term_string\"}}],\"inLanguage\":\"fr-FR\"},{\"@type\":\"Person\",\"@id\":\"https:\\\/\\\/www.mines-stetienne.fr\\\/panoramines\\\/#\\\/schema\\\/person\\\/4122d0d44b90eef069d2cca2a9ed05eb\",\"name\":\"Marylou BAUDRAND\",\"image\":{\"@type\":\"ImageObject\",\"inLanguage\":\"fr-FR\",\"@id\":\"https:\\\/\\\/www.mines-stetienne.fr\\\/panoramines\\\/wp-content\\\/uploads\\\/sites\\\/3\\\/2021\\\/07\\\/logo-75x75-1.png\",\"url\":\"https:\\\/\\\/www.mines-stetienne.fr\\\/panoramines\\\/wp-content\\\/uploads\\\/sites\\\/3\\\/2021\\\/07\\\/logo-75x75-1.png\",\"contentUrl\":\"https:\\\/\\\/www.mines-stetienne.fr\\\/panoramines\\\/wp-content\\\/uploads\\\/sites\\\/3\\\/2021\\\/07\\\/logo-75x75-1.png\",\"caption\":\"Marylou BAUDRAND\"},\"url\":\"https:\\\/\\\/www.mines-stetienne.fr\\\/panoramines\\\/author\\\/marylou-baudrand\\\/\"}]}<\/script>\n<!-- \/ Yoast SEO plugin. -->","yoast_head_json":{"title":"Mines Saint-\u00c9tienne s'engage contre les comportements \u00e0 risques, les harc\u00e8lements et les violences sexistes et sexuelles - Panoramines","robots":{"index":"index","follow":"follow","max-snippet":"max-snippet:-1","max-image-preview":"max-image-preview:large","max-video-preview":"max-video-preview:-1"},"canonical":"https:\/\/www.mines-stetienne.fr\/panoramines\/2026\/04\/27\/sengager-contre-les-comportements-a-risques\/","og_locale":"fr_FR","og_type":"article","og_title":"Mines Saint-\u00c9tienne s'engage contre les comportements \u00e0 risques, les harc\u00e8lements et les violences sexistes et sexuelles - Panoramines","og_description":"H\u00e9l\u00e8ne Pangot, responsable de la mission diversit\u00e9 et charg\u00e9e de l&rsquo;action sociale \u00e9tudiante, Julie Blanc, charg\u00e9e de mission vie \u00e9tudiante et Alexis Ruiz, pr\u00e9sident sortant du BDE ICM ont particip\u00e9 au s\u00e9minaire CPas1Option. Un \u00e9v\u00e8nement pour accompagner les \u00e9tablissements d\u2019enseignement &hellip;","og_url":"https:\/\/www.mines-stetienne.fr\/panoramines\/2026\/04\/27\/sengager-contre-les-comportements-a-risques\/","og_site_name":"Panoramines","article_published_time":"2026-04-27T06:51:51+00:00","article_modified_time":"2026-04-27T06:51:55+00:00","og_image":[{"width":1500,"height":1500,"url":"https:\/\/www.mines-stetienne.fr\/panoramines\/wp-content\/uploads\/sites\/3\/2026\/04\/Cpas1option-2026-Mines-Saint-Etienne.jpg","type":"image\/jpeg"}],"author":"Marylou BAUDRAND","twitter_card":"summary_large_image","twitter_misc":{"\u00c9crit par":"Marylou BAUDRAND","Dur\u00e9e de lecture estim\u00e9e":"2 minutes"},"schema":{"@context":"https:\/\/schema.org","@graph":[{"@type":"Article","@id":"https:\/\/www.mines-stetienne.fr\/panoramines\/2026\/04\/27\/sengager-contre-les-comportements-a-risques\/#article","isPartOf":{"@id":"https:\/\/www.mines-stetienne.fr\/panoramines\/2026\/04\/27\/sengager-contre-les-comportements-a-risques\/"},"author":{"name":"Marylou BAUDRAND","@id":"https:\/\/www.mines-stetienne.fr\/panoramines\/#\/schema\/person\/4122d0d44b90eef069d2cca2a9ed05eb"},"headline":"Mines Saint-\u00c9tienne s&rsquo;engage contre les comportements \u00e0 risques, les harc\u00e8lements et les violences sexistes et sexuelles","datePublished":"2026-04-27T06:51:51+00:00","dateModified":"2026-04-27T06:51:55+00:00","mainEntityOfPage":{"@id":"https:\/\/www.mines-stetienne.fr\/panoramines\/2026\/04\/27\/sengager-contre-les-comportements-a-risques\/"},"wordCount":343,"image":{"@id":"https:\/\/www.mines-stetienne.fr\/panoramines\/2026\/04\/27\/sengager-contre-les-comportements-a-risques\/#primaryimage"},"thumbnailUrl":"https:\/\/www.mines-stetienne.fr\/panoramines\/wp-content\/uploads\/sites\/3\/2026\/04\/Cpas1option-2026-Mines-Saint-Etienne.jpg","keywords":["action sociale","BDE","Bureau des \u00e9l\u00e8ves","CPas1Option","ICM","IMT","Mines Saint-Etienne","Mission diversit\u00e9","Saint-\u00c9tienne","vi\u00e9 \u00e9tudiante","VSS"],"articleSection":["Vie de l'\u00c9cole"],"inLanguage":"fr-FR"},{"@type":"WebPage","@id":"https:\/\/www.mines-stetienne.fr\/panoramines\/2026\/04\/27\/sengager-contre-les-comportements-a-risques\/","url":"https:\/\/www.mines-stetienne.fr\/panoramines\/2026\/04\/27\/sengager-contre-les-comportements-a-risques\/","name":"Mines Saint-\u00c9tienne s'engage contre les comportements \u00e0 risques, les harc\u00e8lements et les violences sexistes et sexuelles - Panoramines","isPartOf":{"@id":"https:\/\/www.mines-stetienne.fr\/panoramines\/#website"},"primaryImageOfPage":{"@id":"https:\/\/www.mines-stetienne.fr\/panoramines\/2026\/04\/27\/sengager-contre-les-comportements-a-risques\/#primaryimage"},"image":{"@id":"https:\/\/www.mines-stetienne.fr\/panoramines\/2026\/04\/27\/sengager-contre-les-comportements-a-risques\/#primaryimage"},"thumbnailUrl":"https:\/\/www.mines-stetienne.fr\/panoramines\/wp-content\/uploads\/sites\/3\/2026\/04\/Cpas1option-2026-Mines-Saint-Etienne.jpg","datePublished":"2026-04-27T06:51:51+00:00","dateModified":"2026-04-27T06:51:55+00:00","author":{"@id":"https:\/\/www.mines-stetienne.fr\/panoramines\/#\/schema\/person\/4122d0d44b90eef069d2cca2a9ed05eb"},"breadcrumb":{"@id":"https:\/\/www.mines-stetienne.fr\/panoramines\/2026\/04\/27\/sengager-contre-les-comportements-a-risques\/#breadcrumb"},"inLanguage":"fr-FR","potentialAction":[{"@type":"ReadAction","target":["https:\/\/www.mines-stetienne.fr\/panoramines\/2026\/04\/27\/sengager-contre-les-comportements-a-risques\/"]}]},{"@type":"ImageObject","inLanguage":"fr-FR","@id":"https:\/\/www.mines-stetienne.fr\/panoramines\/2026\/04\/27\/sengager-contre-les-comportements-a-risques\/#primaryimage","url":"https:\/\/www.mines-stetienne.fr\/panoramines\/wp-content\/uploads\/sites\/3\/2026\/04\/Cpas1option-2026-Mines-Saint-Etienne.jpg","contentUrl":"https:\/\/www.mines-stetienne.fr\/panoramines\/wp-content\/uploads\/sites\/3\/2026\/04\/Cpas1option-2026-Mines-Saint-Etienne.jpg","width":1500,"height":1500,"caption":"Cpas1option 2026 - Mines Saint-Etienne"},{"@type":"BreadcrumbList","@id":"https:\/\/www.mines-stetienne.fr\/panoramines\/2026\/04\/27\/sengager-contre-les-comportements-a-risques\/#breadcrumb","itemListElement":[{"@type":"ListItem","position":1,"name":"Accueil","item":"https:\/\/www.mines-stetienne.fr\/panoramines\/"},{"@type":"ListItem","position":2,"name":"Mines Saint-\u00c9tienne s&rsquo;engage contre les comportements \u00e0 risques, les harc\u00e8lements et les violences sexistes et sexuelles"}]},{"@type":"WebSite","@id":"https:\/\/www.mines-stetienne.fr\/panoramines\/#website","url":"https:\/\/www.mines-stetienne.fr\/panoramines\/","name":"Panoramines","description":"Panoramines, l\u2019actualit\u00e9 de MINES Saint-\u00c9tienne","potentialAction":[{"@type":"SearchAction","target":{"@type":"EntryPoint","urlTemplate":"https:\/\/www.mines-stetienne.fr\/panoramines\/?s={search_term_string}"},"query-input":{"@type":"PropertyValueSpecification","valueRequired":true,"valueName":"search_term_string"}}],"inLanguage":"fr-FR"},{"@type":"Person","@id":"https:\/\/www.mines-stetienne.fr\/panoramines\/#\/schema\/person\/4122d0d44b90eef069d2cca2a9ed05eb","name":"Marylou BAUDRAND","image":{"@type":"ImageObject","inLanguage":"fr-FR","@id":"https:\/\/www.mines-stetienne.fr\/panoramines\/wp-content\/uploads\/sites\/3\/2021\/07\/logo-75x75-1.png","url":"https:\/\/www.mines-stetienne.fr\/panoramines\/wp-content\/uploads\/sites\/3\/2021\/07\/logo-75x75-1.png","contentUrl":"https:\/\/www.mines-stetienne.fr\/panoramines\/wp-content\/uploads\/sites\/3\/2021\/07\/logo-75x75-1.png","caption":"Marylou BAUDRAND"},"url":"https:\/\/www.mines-stetienne.fr\/panoramines\/author\/marylou-baudrand\/"}]}},"_links":{"self":[{"href":"https:\/\/www.mines-stetienne.fr\/panoramines\/wp-json\/wp\/v2\/posts\/29332","targetHints":{"allow":["GET"]}}],"collection":[{"href":"https:\/\/www.mines-stetienne.fr\/panoramines\/wp-json\/wp\/v2\/posts"}],"about":[{"href":"https:\/\/www.mines-stetienne.fr\/panoramines\/wp-json\/wp\/v2\/types\/post"}],"author":[{"embeddable":true,"href":"https:\/\/www.mines-stetienne.fr\/panoramines\/wp-json\/wp\/v2\/users\/12778"}],"replies":[{"embeddable":true,"href":"https:\/\/www.mines-stetienne.fr\/panoramines\/wp-json\/wp\/v2\/comments?post=29332"}],"version-history":[{"count":2,"href":"https:\/\/www.mines-stetienne.fr\/panoramines\/wp-json\/wp\/v2\/posts\/29332\/revisions"}],"predecessor-version":[{"id":29353,"href":"https:\/\/www.mines-stetienne.fr\/panoramines\/wp-json\/wp\/v2\/posts\/29332\/revisions\/29353"}],"wp:featuredmedia":[{"embeddable":true,"href":"https:\/\/www.mines-stetienne.fr\/panoramines\/wp-json\/wp\/v2\/media\/29333"}],"wp:attachment":[{"href":"https:\/\/www.mines-stetienne.fr\/panoramines\/wp-json\/wp\/v2\/media?parent=29332"}],"wp:term":[{"taxonomy":"category","embeddable":true,"href":"https:\/\/www.mines-stetienne.fr\/panoramines\/wp-json\/wp\/v2\/categories?post=29332"},{"taxonomy":"post_tag","embeddable":true,"href":"https:\/\/www.mines-stetienne.fr\/panoramines\/wp-json\/wp\/v2\/tags?post=29332"}],"curies":[{"name":"wp","href":"https:\/\/api.w.org\/{rel}","templated":true}]}}