{"id":29239,"date":"2026-04-28T08:12:02","date_gmt":"2026-04-28T06:12:02","guid":{"rendered":"https:\/\/www.mines-stetienne.fr\/panoramines\/?p=29239"},"modified":"2026-04-28T09:49:41","modified_gmt":"2026-04-28T07:49:41","slug":"coline-leprieur-et-mathis-autexier-icm-racontent-leur-mobilite-internationale-en-covoiturage","status":"publish","type":"post","link":"https:\/\/www.mines-stetienne.fr\/panoramines\/2026\/04\/28\/coline-leprieur-et-mathis-autexier-icm-racontent-leur-mobilite-internationale-en-covoiturage\/","title":{"rendered":"Coline Leprieur et Mathis Autexier (ICM) racontent leur mobilit\u00e9 internationale en covoiturage"},"content":{"rendered":"\n<p class=\"has-text-align-center\"><em>Coline Leprieur et Mathis Autexier sont \u00e9l\u00e8ves de 3e ann\u00e9e \u00e0 Mines Saint-\u00c9tienne. <\/em><br><em>\u00c9tudiants sensibles aux enjeux environnementaux, ils ont tous les deux suivis la majeur Environnement Industriel et Territorial ainsi que des modules en lien avec la transition \u00e9nerg\u00e9tique qui les inspire pour leur futur m\u00e9tier. <\/em><\/p>\n\n\n\n<p>Pour leur mobilit\u00e9 internationale, ils ont choisi la Biothechnical Faculty de Ljubljana en Slov\u00e9nie. La bourse mobilit\u00e9 douce leur a permis de s\u2019y rendre en covoiture. Aujourd\u2019hui, ils nous en disent plus :<\/p>\n\n\n\n<p><strong>\ud83d\ude97 Comment avez-vous \u00e9t\u00e9 inform\u00e9 de l&rsquo;existence de la bourse mobilit\u00e9 douce ?<br><\/strong>C\u2019est avec la volont\u00e9 de continuer \u00e0 approfondir nos connaissances sur l\u2019environnement que nous avons choisi un semestre d\u2019\u00e9change avec la Biotechnical Faculty de Ljubljana en Slov\u00e9nie. Notre choix a \u00e9t\u00e9 motiv\u00e9 par la proposition de cours (Climatology, Global Change and Forest Ecosystem, Plant Ecology) afin de mieux comprendre les m\u00e9canismes du changement climatique et leurs cons\u00e9quences sur les \u00e9cosyst\u00e8mes. N\u00e9anmoins, un des facteurs d\u00e9terminants a aussi \u00e9t\u00e9 l\u2019accessibilit\u00e9 du pays via des transports bas carbone. Tous les deux convaincus que la sobri\u00e9t\u00e9 \u00e9nerg\u00e9tique est la trajectoire \u00e0 adopter pour limiter le d\u00e9r\u00e8glement climatique, nous nous refusions de devoir prendre l\u2019avion et c\u2019est pourquoi les pays Europ\u00e9ens et notamment la Slov\u00e9nie se sont impos\u00e9es comme les destinations privil\u00e9gi\u00e9es.<\/p>\n\n\n\n<p><strong>\ud83d\ude97 Comment avez-vous fait le choix du covoiturage ?<br><\/strong>Nous avons \u00e9t\u00e9 inform\u00e9s de l\u2019existence de la bourse mobilit\u00e9 douce par e-mail, et cela a imm\u00e9diatement motiv\u00e9 notre projet de covoiturage. Lors de son ann\u00e9e de c\u00e9sure, Mathis a am\u00e9nag\u00e9 son propre Van. Cela nous a permis de nous rendre en Slov\u00e9nie de mani\u00e8re plus \u00e9cologique et donn\u00e9 une solution pour explorer les environs de Ljubljana une fois sur place.<\/p>\n\n\n\n<p><strong>\ud83d\ude97 D\u00e9crivez nous votre voyage (une anecdote marquante, des rencontres ?)<br><\/strong>Notre trajet s\u2019est extr\u00eamement bien pass\u00e9. Nous avons long\u00e9 la c\u00f4te italienne. La route, les paysages et le soleil \u00e9taient magnifiques. Ce mode de transport nous a permis de voyager \u00e0 notre rythme et de nous arr\u00eater quand nous voulions : un d\u00e9jeuner avec vue sur Monaco, un diner en Italie\u2026<\/p>\n\n\n\n<p class=\"has-text-align-center\"><em>\u00ab Ce trajet en covoiturage avec Mathis a renforc\u00e9 ma conviction que le sentiment de libert\u00e9 intrins\u00e8que au voyage n\u2019est pas d\u00e9termin\u00e9 par le nombre de kilom\u00e8tres parcourus mais par la sensation d\u2019aventure et de d\u00e9couverte, prouvant qu\u2019il n\u2019est pas obligatoire de traverser des oc\u00e9ans pour se sentir d\u00e9pays\u00e9. \u00bb<br><\/em>Coline Leprieur<\/p>\n\n\n\n<p><\/p>\n","protected":false},"excerpt":{"rendered":"<p>Coline Leprieur et Mathis Autexier sont \u00e9l\u00e8ves de 3e ann\u00e9e \u00e0 Mines Saint-\u00c9tienne. \u00c9tudiants sensibles aux enjeux environnementaux, ils ont tous les deux suivis la majeur Environnement Industriel et Territorial ainsi que des modules en lien avec la transition \u00e9nerg\u00e9tique &hellip;<\/p>\n","protected":false},"author":12778,"featured_media":29350,"comment_status":"closed","ping_status":"open","sticky":false,"template":"","format":"standard","meta":{"_relevanssi_hide_post":"","_relevanssi_hide_content":"","_relevanssi_pin_for_all":"","_relevanssi_pin_keywords":"","_relevanssi_unpin_keywords":"","_relevanssi_related_keywords":"","_relevanssi_related_include_ids":"","_relevanssi_related_exclude_ids":"","_relevanssi_related_no_append":"","_relevanssi_related_not_related":"","_relevanssi_related_posts":"22448,28950,14146,16230,14896,6620","_relevanssi_noindex_reason":"","footnotes":""},"categories":[1018],"tags":[190,40,53,873,574,1039,421,132],"class_list":["post-29239","post","type-post","status-publish","format-standard","has-post-thumbnail","hentry","category-international","tag-bourse","tag-innovation","tag-international","tag-mines-saint-etienne","tag-mobilite","tag-mobilite-decarbonee","tag-mobilite-internationale","tag-saint-etienne"],"pp_statuses_selecting_workflow":false,"pp_workflow_action":"current","pp_status_selection":"publish","pp_force_visibility":null,"pp_subpost_visibility":null,"pp_inherited_force_visibility":null,"pp_inherited_subpost_visibility":null,"yoast_head":"<!-- This site is optimized with the Yoast SEO plugin v27.4 - https:\/\/yoast.com\/product\/yoast-seo-wordpress\/ -->\n<title>Coline Leprieur et Mathis Autexier (ICM) racontent leur mobilit\u00e9 internationale en covoiturage - Panoramines<\/title>\n<meta name=\"robots\" content=\"index, follow, max-snippet:-1, max-image-preview:large, max-video-preview:-1\" \/>\n<link rel=\"canonical\" href=\"https:\/\/www.mines-stetienne.fr\/panoramines\/2026\/04\/28\/coline-leprieur-et-mathis-autexier-icm-racontent-leur-mobilite-internationale-en-covoiturage\/\" \/>\n<meta property=\"og:locale\" content=\"fr_FR\" \/>\n<meta property=\"og:type\" content=\"article\" \/>\n<meta property=\"og:title\" content=\"Coline Leprieur et Mathis Autexier (ICM) racontent leur mobilit\u00e9 internationale en covoiturage - Panoramines\" \/>\n<meta property=\"og:description\" content=\"Coline Leprieur et Mathis Autexier sont \u00e9l\u00e8ves de 3e ann\u00e9e \u00e0 Mines Saint-\u00c9tienne. \u00c9tudiants sensibles aux enjeux environnementaux, ils ont tous les deux suivis la majeur Environnement Industriel et Territorial ainsi que des modules en lien avec la transition \u00e9nerg\u00e9tique &hellip;\" \/>\n<meta property=\"og:url\" content=\"https:\/\/www.mines-stetienne.fr\/panoramines\/2026\/04\/28\/coline-leprieur-et-mathis-autexier-icm-racontent-leur-mobilite-internationale-en-covoiturage\/\" \/>\n<meta property=\"og:site_name\" content=\"Panoramines\" \/>\n<meta property=\"article:published_time\" content=\"2026-04-28T06:12:02+00:00\" \/>\n<meta property=\"article:modified_time\" content=\"2026-04-28T07:49:41+00:00\" \/>\n<meta property=\"og:image\" content=\"https:\/\/www.mines-stetienne.fr\/panoramines\/wp-content\/uploads\/sites\/3\/2026\/04\/Capture-decran-2026-04-23-095630.jpg\" \/>\n\t<meta property=\"og:image:width\" content=\"460\" \/>\n\t<meta property=\"og:image:height\" content=\"512\" \/>\n\t<meta property=\"og:image:type\" content=\"image\/jpeg\" \/>\n<meta name=\"author\" content=\"Marylou BAUDRAND\" \/>\n<meta name=\"twitter:card\" content=\"summary_large_image\" \/>\n<meta name=\"twitter:label1\" content=\"\u00c9crit par\" \/>\n\t<meta name=\"twitter:data1\" content=\"Marylou BAUDRAND\" \/>\n\t<meta name=\"twitter:label2\" content=\"Dur\u00e9e de lecture estim\u00e9e\" \/>\n\t<meta name=\"twitter:data2\" content=\"3 minutes\" \/>\n<script type=\"application\/ld+json\" class=\"yoast-schema-graph\">{\"@context\":\"https:\\\/\\\/schema.org\",\"@graph\":[{\"@type\":\"Article\",\"@id\":\"https:\\\/\\\/www.mines-stetienne.fr\\\/panoramines\\\/2026\\\/04\\\/28\\\/coline-leprieur-et-mathis-autexier-icm-racontent-leur-mobilite-internationale-en-covoiturage\\\/#article\",\"isPartOf\":{\"@id\":\"https:\\\/\\\/www.mines-stetienne.fr\\\/panoramines\\\/2026\\\/04\\\/28\\\/coline-leprieur-et-mathis-autexier-icm-racontent-leur-mobilite-internationale-en-covoiturage\\\/\"},\"author\":{\"name\":\"Marylou BAUDRAND\",\"@id\":\"https:\\\/\\\/www.mines-stetienne.fr\\\/panoramines\\\/#\\\/schema\\\/person\\\/4122d0d44b90eef069d2cca2a9ed05eb\"},\"headline\":\"Coline Leprieur et Mathis Autexier (ICM) racontent leur mobilit\u00e9 internationale en covoiturage\",\"datePublished\":\"2026-04-28T06:12:02+00:00\",\"dateModified\":\"2026-04-28T07:49:41+00:00\",\"mainEntityOfPage\":{\"@id\":\"https:\\\/\\\/www.mines-stetienne.fr\\\/panoramines\\\/2026\\\/04\\\/28\\\/coline-leprieur-et-mathis-autexier-icm-racontent-leur-mobilite-internationale-en-covoiturage\\\/\"},\"wordCount\":446,\"image\":{\"@id\":\"https:\\\/\\\/www.mines-stetienne.fr\\\/panoramines\\\/2026\\\/04\\\/28\\\/coline-leprieur-et-mathis-autexier-icm-racontent-leur-mobilite-internationale-en-covoiturage\\\/#primaryimage\"},\"thumbnailUrl\":\"https:\\\/\\\/www.mines-stetienne.fr\\\/panoramines\\\/wp-content\\\/uploads\\\/sites\\\/3\\\/2026\\\/04\\\/Capture-decran-2026-04-23-095630.jpg\",\"keywords\":[\"Bourse\",\"Innovation\",\"International\",\"Mines Saint-Etienne\",\"Mobilit\u00e9\",\"mobilit\u00e9 d\u00e9carbon\u00e9e\",\"Mobilit\u00e9 internationale\",\"Saint-\u00c9tienne\"],\"articleSection\":[\"International\"],\"inLanguage\":\"fr-FR\"},{\"@type\":\"WebPage\",\"@id\":\"https:\\\/\\\/www.mines-stetienne.fr\\\/panoramines\\\/2026\\\/04\\\/28\\\/coline-leprieur-et-mathis-autexier-icm-racontent-leur-mobilite-internationale-en-covoiturage\\\/\",\"url\":\"https:\\\/\\\/www.mines-stetienne.fr\\\/panoramines\\\/2026\\\/04\\\/28\\\/coline-leprieur-et-mathis-autexier-icm-racontent-leur-mobilite-internationale-en-covoiturage\\\/\",\"name\":\"Coline Leprieur et Mathis Autexier (ICM) racontent leur mobilit\u00e9 internationale en covoiturage - Panoramines\",\"isPartOf\":{\"@id\":\"https:\\\/\\\/www.mines-stetienne.fr\\\/panoramines\\\/#website\"},\"primaryImageOfPage\":{\"@id\":\"https:\\\/\\\/www.mines-stetienne.fr\\\/panoramines\\\/2026\\\/04\\\/28\\\/coline-leprieur-et-mathis-autexier-icm-racontent-leur-mobilite-internationale-en-covoiturage\\\/#primaryimage\"},\"image\":{\"@id\":\"https:\\\/\\\/www.mines-stetienne.fr\\\/panoramines\\\/2026\\\/04\\\/28\\\/coline-leprieur-et-mathis-autexier-icm-racontent-leur-mobilite-internationale-en-covoiturage\\\/#primaryimage\"},\"thumbnailUrl\":\"https:\\\/\\\/www.mines-stetienne.fr\\\/panoramines\\\/wp-content\\\/uploads\\\/sites\\\/3\\\/2026\\\/04\\\/Capture-decran-2026-04-23-095630.jpg\",\"datePublished\":\"2026-04-28T06:12:02+00:00\",\"dateModified\":\"2026-04-28T07:49:41+00:00\",\"author\":{\"@id\":\"https:\\\/\\\/www.mines-stetienne.fr\\\/panoramines\\\/#\\\/schema\\\/person\\\/4122d0d44b90eef069d2cca2a9ed05eb\"},\"breadcrumb\":{\"@id\":\"https:\\\/\\\/www.mines-stetienne.fr\\\/panoramines\\\/2026\\\/04\\\/28\\\/coline-leprieur-et-mathis-autexier-icm-racontent-leur-mobilite-internationale-en-covoiturage\\\/#breadcrumb\"},\"inLanguage\":\"fr-FR\",\"potentialAction\":[{\"@type\":\"ReadAction\",\"target\":[\"https:\\\/\\\/www.mines-stetienne.fr\\\/panoramines\\\/2026\\\/04\\\/28\\\/coline-leprieur-et-mathis-autexier-icm-racontent-leur-mobilite-internationale-en-covoiturage\\\/\"]}]},{\"@type\":\"ImageObject\",\"inLanguage\":\"fr-FR\",\"@id\":\"https:\\\/\\\/www.mines-stetienne.fr\\\/panoramines\\\/2026\\\/04\\\/28\\\/coline-leprieur-et-mathis-autexier-icm-racontent-leur-mobilite-internationale-en-covoiturage\\\/#primaryimage\",\"url\":\"https:\\\/\\\/www.mines-stetienne.fr\\\/panoramines\\\/wp-content\\\/uploads\\\/sites\\\/3\\\/2026\\\/04\\\/Capture-decran-2026-04-23-095630.jpg\",\"contentUrl\":\"https:\\\/\\\/www.mines-stetienne.fr\\\/panoramines\\\/wp-content\\\/uploads\\\/sites\\\/3\\\/2026\\\/04\\\/Capture-decran-2026-04-23-095630.jpg\",\"width\":460,\"height\":512,\"caption\":\"coline et mathis\"},{\"@type\":\"BreadcrumbList\",\"@id\":\"https:\\\/\\\/www.mines-stetienne.fr\\\/panoramines\\\/2026\\\/04\\\/28\\\/coline-leprieur-et-mathis-autexier-icm-racontent-leur-mobilite-internationale-en-covoiturage\\\/#breadcrumb\",\"itemListElement\":[{\"@type\":\"ListItem\",\"position\":1,\"name\":\"Accueil\",\"item\":\"https:\\\/\\\/www.mines-stetienne.fr\\\/panoramines\\\/\"},{\"@type\":\"ListItem\",\"position\":2,\"name\":\"Coline Leprieur et Mathis Autexier (ICM) racontent leur mobilit\u00e9 internationale en covoiturage\"}]},{\"@type\":\"WebSite\",\"@id\":\"https:\\\/\\\/www.mines-stetienne.fr\\\/panoramines\\\/#website\",\"url\":\"https:\\\/\\\/www.mines-stetienne.fr\\\/panoramines\\\/\",\"name\":\"Panoramines\",\"description\":\"Panoramines, l\u2019actualit\u00e9 de MINES Saint-\u00c9tienne\",\"potentialAction\":[{\"@type\":\"SearchAction\",\"target\":{\"@type\":\"EntryPoint\",\"urlTemplate\":\"https:\\\/\\\/www.mines-stetienne.fr\\\/panoramines\\\/?s={search_term_string}\"},\"query-input\":{\"@type\":\"PropertyValueSpecification\",\"valueRequired\":true,\"valueName\":\"search_term_string\"}}],\"inLanguage\":\"fr-FR\"},{\"@type\":\"Person\",\"@id\":\"https:\\\/\\\/www.mines-stetienne.fr\\\/panoramines\\\/#\\\/schema\\\/person\\\/4122d0d44b90eef069d2cca2a9ed05eb\",\"name\":\"Marylou BAUDRAND\",\"image\":{\"@type\":\"ImageObject\",\"inLanguage\":\"fr-FR\",\"@id\":\"https:\\\/\\\/www.mines-stetienne.fr\\\/panoramines\\\/wp-content\\\/uploads\\\/sites\\\/3\\\/2021\\\/07\\\/logo-75x75-1.png\",\"url\":\"https:\\\/\\\/www.mines-stetienne.fr\\\/panoramines\\\/wp-content\\\/uploads\\\/sites\\\/3\\\/2021\\\/07\\\/logo-75x75-1.png\",\"contentUrl\":\"https:\\\/\\\/www.mines-stetienne.fr\\\/panoramines\\\/wp-content\\\/uploads\\\/sites\\\/3\\\/2021\\\/07\\\/logo-75x75-1.png\",\"caption\":\"Marylou BAUDRAND\"},\"url\":\"https:\\\/\\\/www.mines-stetienne.fr\\\/panoramines\\\/author\\\/marylou-baudrand\\\/\"}]}<\/script>\n<!-- \/ Yoast SEO plugin. -->","yoast_head_json":{"title":"Coline Leprieur et Mathis Autexier (ICM) racontent leur mobilit\u00e9 internationale en covoiturage - Panoramines","robots":{"index":"index","follow":"follow","max-snippet":"max-snippet:-1","max-image-preview":"max-image-preview:large","max-video-preview":"max-video-preview:-1"},"canonical":"https:\/\/www.mines-stetienne.fr\/panoramines\/2026\/04\/28\/coline-leprieur-et-mathis-autexier-icm-racontent-leur-mobilite-internationale-en-covoiturage\/","og_locale":"fr_FR","og_type":"article","og_title":"Coline Leprieur et Mathis Autexier (ICM) racontent leur mobilit\u00e9 internationale en covoiturage - Panoramines","og_description":"Coline Leprieur et Mathis Autexier sont \u00e9l\u00e8ves de 3e ann\u00e9e \u00e0 Mines Saint-\u00c9tienne. \u00c9tudiants sensibles aux enjeux environnementaux, ils ont tous les deux suivis la majeur Environnement Industriel et Territorial ainsi que des modules en lien avec la transition \u00e9nerg\u00e9tique &hellip;","og_url":"https:\/\/www.mines-stetienne.fr\/panoramines\/2026\/04\/28\/coline-leprieur-et-mathis-autexier-icm-racontent-leur-mobilite-internationale-en-covoiturage\/","og_site_name":"Panoramines","article_published_time":"2026-04-28T06:12:02+00:00","article_modified_time":"2026-04-28T07:49:41+00:00","og_image":[{"width":460,"height":512,"url":"https:\/\/www.mines-stetienne.fr\/panoramines\/wp-content\/uploads\/sites\/3\/2026\/04\/Capture-decran-2026-04-23-095630.jpg","type":"image\/jpeg"}],"author":"Marylou BAUDRAND","twitter_card":"summary_large_image","twitter_misc":{"\u00c9crit par":"Marylou BAUDRAND","Dur\u00e9e de lecture estim\u00e9e":"3 minutes"},"schema":{"@context":"https:\/\/schema.org","@graph":[{"@type":"Article","@id":"https:\/\/www.mines-stetienne.fr\/panoramines\/2026\/04\/28\/coline-leprieur-et-mathis-autexier-icm-racontent-leur-mobilite-internationale-en-covoiturage\/#article","isPartOf":{"@id":"https:\/\/www.mines-stetienne.fr\/panoramines\/2026\/04\/28\/coline-leprieur-et-mathis-autexier-icm-racontent-leur-mobilite-internationale-en-covoiturage\/"},"author":{"name":"Marylou BAUDRAND","@id":"https:\/\/www.mines-stetienne.fr\/panoramines\/#\/schema\/person\/4122d0d44b90eef069d2cca2a9ed05eb"},"headline":"Coline Leprieur et Mathis Autexier (ICM) racontent leur mobilit\u00e9 internationale en covoiturage","datePublished":"2026-04-28T06:12:02+00:00","dateModified":"2026-04-28T07:49:41+00:00","mainEntityOfPage":{"@id":"https:\/\/www.mines-stetienne.fr\/panoramines\/2026\/04\/28\/coline-leprieur-et-mathis-autexier-icm-racontent-leur-mobilite-internationale-en-covoiturage\/"},"wordCount":446,"image":{"@id":"https:\/\/www.mines-stetienne.fr\/panoramines\/2026\/04\/28\/coline-leprieur-et-mathis-autexier-icm-racontent-leur-mobilite-internationale-en-covoiturage\/#primaryimage"},"thumbnailUrl":"https:\/\/www.mines-stetienne.fr\/panoramines\/wp-content\/uploads\/sites\/3\/2026\/04\/Capture-decran-2026-04-23-095630.jpg","keywords":["Bourse","Innovation","International","Mines Saint-Etienne","Mobilit\u00e9","mobilit\u00e9 d\u00e9carbon\u00e9e","Mobilit\u00e9 internationale","Saint-\u00c9tienne"],"articleSection":["International"],"inLanguage":"fr-FR"},{"@type":"WebPage","@id":"https:\/\/www.mines-stetienne.fr\/panoramines\/2026\/04\/28\/coline-leprieur-et-mathis-autexier-icm-racontent-leur-mobilite-internationale-en-covoiturage\/","url":"https:\/\/www.mines-stetienne.fr\/panoramines\/2026\/04\/28\/coline-leprieur-et-mathis-autexier-icm-racontent-leur-mobilite-internationale-en-covoiturage\/","name":"Coline Leprieur et Mathis Autexier (ICM) racontent leur mobilit\u00e9 internationale en covoiturage - Panoramines","isPartOf":{"@id":"https:\/\/www.mines-stetienne.fr\/panoramines\/#website"},"primaryImageOfPage":{"@id":"https:\/\/www.mines-stetienne.fr\/panoramines\/2026\/04\/28\/coline-leprieur-et-mathis-autexier-icm-racontent-leur-mobilite-internationale-en-covoiturage\/#primaryimage"},"image":{"@id":"https:\/\/www.mines-stetienne.fr\/panoramines\/2026\/04\/28\/coline-leprieur-et-mathis-autexier-icm-racontent-leur-mobilite-internationale-en-covoiturage\/#primaryimage"},"thumbnailUrl":"https:\/\/www.mines-stetienne.fr\/panoramines\/wp-content\/uploads\/sites\/3\/2026\/04\/Capture-decran-2026-04-23-095630.jpg","datePublished":"2026-04-28T06:12:02+00:00","dateModified":"2026-04-28T07:49:41+00:00","author":{"@id":"https:\/\/www.mines-stetienne.fr\/panoramines\/#\/schema\/person\/4122d0d44b90eef069d2cca2a9ed05eb"},"breadcrumb":{"@id":"https:\/\/www.mines-stetienne.fr\/panoramines\/2026\/04\/28\/coline-leprieur-et-mathis-autexier-icm-racontent-leur-mobilite-internationale-en-covoiturage\/#breadcrumb"},"inLanguage":"fr-FR","potentialAction":[{"@type":"ReadAction","target":["https:\/\/www.mines-stetienne.fr\/panoramines\/2026\/04\/28\/coline-leprieur-et-mathis-autexier-icm-racontent-leur-mobilite-internationale-en-covoiturage\/"]}]},{"@type":"ImageObject","inLanguage":"fr-FR","@id":"https:\/\/www.mines-stetienne.fr\/panoramines\/2026\/04\/28\/coline-leprieur-et-mathis-autexier-icm-racontent-leur-mobilite-internationale-en-covoiturage\/#primaryimage","url":"https:\/\/www.mines-stetienne.fr\/panoramines\/wp-content\/uploads\/sites\/3\/2026\/04\/Capture-decran-2026-04-23-095630.jpg","contentUrl":"https:\/\/www.mines-stetienne.fr\/panoramines\/wp-content\/uploads\/sites\/3\/2026\/04\/Capture-decran-2026-04-23-095630.jpg","width":460,"height":512,"caption":"coline et mathis"},{"@type":"BreadcrumbList","@id":"https:\/\/www.mines-stetienne.fr\/panoramines\/2026\/04\/28\/coline-leprieur-et-mathis-autexier-icm-racontent-leur-mobilite-internationale-en-covoiturage\/#breadcrumb","itemListElement":[{"@type":"ListItem","position":1,"name":"Accueil","item":"https:\/\/www.mines-stetienne.fr\/panoramines\/"},{"@type":"ListItem","position":2,"name":"Coline Leprieur et Mathis Autexier (ICM) racontent leur mobilit\u00e9 internationale en covoiturage"}]},{"@type":"WebSite","@id":"https:\/\/www.mines-stetienne.fr\/panoramines\/#website","url":"https:\/\/www.mines-stetienne.fr\/panoramines\/","name":"Panoramines","description":"Panoramines, l\u2019actualit\u00e9 de MINES Saint-\u00c9tienne","potentialAction":[{"@type":"SearchAction","target":{"@type":"EntryPoint","urlTemplate":"https:\/\/www.mines-stetienne.fr\/panoramines\/?s={search_term_string}"},"query-input":{"@type":"PropertyValueSpecification","valueRequired":true,"valueName":"search_term_string"}}],"inLanguage":"fr-FR"},{"@type":"Person","@id":"https:\/\/www.mines-stetienne.fr\/panoramines\/#\/schema\/person\/4122d0d44b90eef069d2cca2a9ed05eb","name":"Marylou BAUDRAND","image":{"@type":"ImageObject","inLanguage":"fr-FR","@id":"https:\/\/www.mines-stetienne.fr\/panoramines\/wp-content\/uploads\/sites\/3\/2021\/07\/logo-75x75-1.png","url":"https:\/\/www.mines-stetienne.fr\/panoramines\/wp-content\/uploads\/sites\/3\/2021\/07\/logo-75x75-1.png","contentUrl":"https:\/\/www.mines-stetienne.fr\/panoramines\/wp-content\/uploads\/sites\/3\/2021\/07\/logo-75x75-1.png","caption":"Marylou BAUDRAND"},"url":"https:\/\/www.mines-stetienne.fr\/panoramines\/author\/marylou-baudrand\/"}]}},"_links":{"self":[{"href":"https:\/\/www.mines-stetienne.fr\/panoramines\/wp-json\/wp\/v2\/posts\/29239","targetHints":{"allow":["GET"]}}],"collection":[{"href":"https:\/\/www.mines-stetienne.fr\/panoramines\/wp-json\/wp\/v2\/posts"}],"about":[{"href":"https:\/\/www.mines-stetienne.fr\/panoramines\/wp-json\/wp\/v2\/types\/post"}],"author":[{"embeddable":true,"href":"https:\/\/www.mines-stetienne.fr\/panoramines\/wp-json\/wp\/v2\/users\/12778"}],"replies":[{"embeddable":true,"href":"https:\/\/www.mines-stetienne.fr\/panoramines\/wp-json\/wp\/v2\/comments?post=29239"}],"version-history":[{"count":7,"href":"https:\/\/www.mines-stetienne.fr\/panoramines\/wp-json\/wp\/v2\/posts\/29239\/revisions"}],"predecessor-version":[{"id":29389,"href":"https:\/\/www.mines-stetienne.fr\/panoramines\/wp-json\/wp\/v2\/posts\/29239\/revisions\/29389"}],"wp:featuredmedia":[{"embeddable":true,"href":"https:\/\/www.mines-stetienne.fr\/panoramines\/wp-json\/wp\/v2\/media\/29350"}],"wp:attachment":[{"href":"https:\/\/www.mines-stetienne.fr\/panoramines\/wp-json\/wp\/v2\/media?parent=29239"}],"wp:term":[{"taxonomy":"category","embeddable":true,"href":"https:\/\/www.mines-stetienne.fr\/panoramines\/wp-json\/wp\/v2\/categories?post=29239"},{"taxonomy":"post_tag","embeddable":true,"href":"https:\/\/www.mines-stetienne.fr\/panoramines\/wp-json\/wp\/v2\/tags?post=29239"}],"curies":[{"name":"wp","href":"https:\/\/api.w.org\/{rel}","templated":true}]}}