{"id":29164,"date":"2026-03-23T07:37:39","date_gmt":"2026-03-23T06:37:39","guid":{"rendered":"https:\/\/www.mines-stetienne.fr\/panoramines\/?p=29164"},"modified":"2026-03-23T07:38:19","modified_gmt":"2026-03-23T06:38:19","slug":"une-remise-des-diplomes-sous-la-neige","status":"publish","type":"post","link":"https:\/\/www.mines-stetienne.fr\/panoramines\/2026\/03\/23\/une-remise-des-diplomes-sous-la-neige\/","title":{"rendered":"Une remise des dipl\u00f4mes sous la neige"},"content":{"rendered":"\n<p>Le samedi 14 mars, le Centre des Congr\u00e8s de Saint-\u00c9tienne a accueilli la c\u00e9r\u00e9monie de remise des dipl\u00f4mes des Ing\u00e9nieurs Civils des Mines et des Docteurs. C\u2019est sous la neige et avec beaucoup de fiert\u00e9 que les familles des dipl\u00f4m\u00e9s ont applaudi les \u00e9tudiants maintenant ing\u00e9nieurs.<\/p>\n\n\n\n<p>Cette \u00e9dition 2026 a c\u00e9l\u00e9br\u00e9 la r\u00e9ussite de :<br>\u2022 190 dipl\u00f4m\u00e9s du cursus Ing\u00e9nieur Civil des Mines (ICM)<br>\u2022 25 nouveaux Docteurs, issus des centres de recherche de Mines Saint-\u00c9tienne<\/p>\n\n\n\n<figure class=\"wp-block-gallery has-nested-images columns-default is-cropped wp-block-gallery-2 is-layout-flex wp-block-gallery-is-layout-flex\">\n<figure class=\"wp-block-image size-large\"><img loading=\"lazy\" decoding=\"async\" width=\"683\" height=\"1024\" data-id=\"29215\" src=\"https:\/\/www.mines-stetienne.fr\/panoramines\/wp-content\/uploads\/sites\/3\/2026\/03\/DiplomeMINES20260124-683x1024.jpg\" alt=\"\" class=\"wp-image-29215\" srcset=\"https:\/\/www.mines-stetienne.fr\/panoramines\/wp-content\/uploads\/sites\/3\/2026\/03\/DiplomeMINES20260124-683x1024.jpg 683w, https:\/\/www.mines-stetienne.fr\/panoramines\/wp-content\/uploads\/sites\/3\/2026\/03\/DiplomeMINES20260124-200x300.jpg 200w, https:\/\/www.mines-stetienne.fr\/panoramines\/wp-content\/uploads\/sites\/3\/2026\/03\/DiplomeMINES20260124-768x1152.jpg 768w, https:\/\/www.mines-stetienne.fr\/panoramines\/wp-content\/uploads\/sites\/3\/2026\/03\/DiplomeMINES20260124-1024x1536.jpg 1024w, https:\/\/www.mines-stetienne.fr\/panoramines\/wp-content\/uploads\/sites\/3\/2026\/03\/DiplomeMINES20260124-1365x2048.jpg 1365w\" sizes=\"auto, (max-width: 683px) 100vw, 683px\" \/><\/figure>\n\n\n\n<figure class=\"wp-block-image size-large\"><img loading=\"lazy\" decoding=\"async\" width=\"683\" height=\"1024\" data-id=\"29216\" src=\"https:\/\/www.mines-stetienne.fr\/panoramines\/wp-content\/uploads\/sites\/3\/2026\/03\/DiplomeMINES20260134-683x1024.jpg\" alt=\"\" class=\"wp-image-29216\" srcset=\"https:\/\/www.mines-stetienne.fr\/panoramines\/wp-content\/uploads\/sites\/3\/2026\/03\/DiplomeMINES20260134-683x1024.jpg 683w, https:\/\/www.mines-stetienne.fr\/panoramines\/wp-content\/uploads\/sites\/3\/2026\/03\/DiplomeMINES20260134-200x300.jpg 200w, https:\/\/www.mines-stetienne.fr\/panoramines\/wp-content\/uploads\/sites\/3\/2026\/03\/DiplomeMINES20260134-768x1152.jpg 768w, https:\/\/www.mines-stetienne.fr\/panoramines\/wp-content\/uploads\/sites\/3\/2026\/03\/DiplomeMINES20260134-1024x1536.jpg 1024w, https:\/\/www.mines-stetienne.fr\/panoramines\/wp-content\/uploads\/sites\/3\/2026\/03\/DiplomeMINES20260134-1365x2048.jpg 1365w\" sizes=\"auto, (max-width: 683px) 100vw, 683px\" \/><\/figure>\n\n\n\n<figure class=\"wp-block-image size-large\"><img loading=\"lazy\" decoding=\"async\" width=\"683\" height=\"1024\" data-id=\"29214\" src=\"https:\/\/www.mines-stetienne.fr\/panoramines\/wp-content\/uploads\/sites\/3\/2026\/03\/Diplome2026-0165-683x1024.jpg\" alt=\"\" class=\"wp-image-29214\" srcset=\"https:\/\/www.mines-stetienne.fr\/panoramines\/wp-content\/uploads\/sites\/3\/2026\/03\/Diplome2026-0165-683x1024.jpg 683w, https:\/\/www.mines-stetienne.fr\/panoramines\/wp-content\/uploads\/sites\/3\/2026\/03\/Diplome2026-0165-200x300.jpg 200w, https:\/\/www.mines-stetienne.fr\/panoramines\/wp-content\/uploads\/sites\/3\/2026\/03\/Diplome2026-0165-768x1152.jpg 768w, https:\/\/www.mines-stetienne.fr\/panoramines\/wp-content\/uploads\/sites\/3\/2026\/03\/Diplome2026-0165-1024x1536.jpg 1024w, https:\/\/www.mines-stetienne.fr\/panoramines\/wp-content\/uploads\/sites\/3\/2026\/03\/Diplome2026-0165-1365x2048.jpg 1365w\" sizes=\"auto, (max-width: 683px) 100vw, 683px\" \/><\/figure>\n<\/figure>\n\n\n\n<p>Le parrain de la promotion, Fran\u00e7ois Fleutiaux a salu\u00e9 la pers\u00e9v\u00e9rance de ces jeunes ing\u00e9nieurs. Son CV prestigieux a inspir\u00e9 la jeune promotion \u00e0 relever les d\u00e9fis de demain et contribuer aux grandes transitions de l\u2019avenir.<br>Dipl\u00f4m\u00e9 de Mines Saint-\u00c9tienne, Fran\u00e7ois Fleutiaux a d\u00e9but\u00e9 chez IBM en 1989 et a particip\u00e9 \u00e0 de grands projets d\u2019int\u00e9gration, dont la fusion PwC Consulting\u2013IBM. Il a occup\u00e9 des postes de direction internationaux en Europe, aux USA et en Asie au sein d\u2019IBM, Fujitsu et Orange.<br>Aujourd\u2019hui administrateur au MEDEF Paris, il a encourag\u00e9 les dipl\u00f4m\u00e9s \u00e0 poursuivre dans le domaine de l\u2019innovation et de l\u2019Intelligence Artificielle, sans ne jamais n\u00e9gliger la dimension internationale de leur futur m\u00e9tier.<\/p>\n\n\n\n<figure class=\"wp-block-gallery has-nested-images columns-default is-cropped wp-block-gallery-3 is-layout-flex wp-block-gallery-is-layout-flex\">\n<figure class=\"wp-block-image size-large\"><img loading=\"lazy\" decoding=\"async\" width=\"683\" height=\"1024\" data-id=\"29210\" src=\"https:\/\/www.mines-stetienne.fr\/panoramines\/wp-content\/uploads\/sites\/3\/2026\/03\/DiplomeMINES20260088-683x1024.jpg\" alt=\"\" class=\"wp-image-29210\" srcset=\"https:\/\/www.mines-stetienne.fr\/panoramines\/wp-content\/uploads\/sites\/3\/2026\/03\/DiplomeMINES20260088-683x1024.jpg 683w, https:\/\/www.mines-stetienne.fr\/panoramines\/wp-content\/uploads\/sites\/3\/2026\/03\/DiplomeMINES20260088-200x300.jpg 200w, https:\/\/www.mines-stetienne.fr\/panoramines\/wp-content\/uploads\/sites\/3\/2026\/03\/DiplomeMINES20260088-768x1152.jpg 768w, https:\/\/www.mines-stetienne.fr\/panoramines\/wp-content\/uploads\/sites\/3\/2026\/03\/DiplomeMINES20260088-1024x1536.jpg 1024w, https:\/\/www.mines-stetienne.fr\/panoramines\/wp-content\/uploads\/sites\/3\/2026\/03\/DiplomeMINES20260088-1365x2048.jpg 1365w\" sizes=\"auto, (max-width: 683px) 100vw, 683px\" \/><\/figure>\n\n\n\n<figure class=\"wp-block-image size-large\"><img loading=\"lazy\" decoding=\"async\" width=\"683\" height=\"1024\" data-id=\"29209\" src=\"https:\/\/www.mines-stetienne.fr\/panoramines\/wp-content\/uploads\/sites\/3\/2026\/03\/DiplomeMINES20260159-683x1024.jpg\" alt=\"\" class=\"wp-image-29209\" srcset=\"https:\/\/www.mines-stetienne.fr\/panoramines\/wp-content\/uploads\/sites\/3\/2026\/03\/DiplomeMINES20260159-683x1024.jpg 683w, https:\/\/www.mines-stetienne.fr\/panoramines\/wp-content\/uploads\/sites\/3\/2026\/03\/DiplomeMINES20260159-200x300.jpg 200w, https:\/\/www.mines-stetienne.fr\/panoramines\/wp-content\/uploads\/sites\/3\/2026\/03\/DiplomeMINES20260159-768x1152.jpg 768w, https:\/\/www.mines-stetienne.fr\/panoramines\/wp-content\/uploads\/sites\/3\/2026\/03\/DiplomeMINES20260159-1024x1536.jpg 1024w, https:\/\/www.mines-stetienne.fr\/panoramines\/wp-content\/uploads\/sites\/3\/2026\/03\/DiplomeMINES20260159-1365x2048.jpg 1365w\" sizes=\"auto, (max-width: 683px) 100vw, 683px\" \/><\/figure>\n\n\n\n<figure class=\"wp-block-image size-large\"><img loading=\"lazy\" decoding=\"async\" width=\"683\" height=\"1024\" data-id=\"29211\" src=\"https:\/\/www.mines-stetienne.fr\/panoramines\/wp-content\/uploads\/sites\/3\/2026\/03\/DiplomeMINES20260031-683x1024.jpg\" alt=\"\" class=\"wp-image-29211\" srcset=\"https:\/\/www.mines-stetienne.fr\/panoramines\/wp-content\/uploads\/sites\/3\/2026\/03\/DiplomeMINES20260031-683x1024.jpg 683w, https:\/\/www.mines-stetienne.fr\/panoramines\/wp-content\/uploads\/sites\/3\/2026\/03\/DiplomeMINES20260031-200x300.jpg 200w, https:\/\/www.mines-stetienne.fr\/panoramines\/wp-content\/uploads\/sites\/3\/2026\/03\/DiplomeMINES20260031-768x1152.jpg 768w, https:\/\/www.mines-stetienne.fr\/panoramines\/wp-content\/uploads\/sites\/3\/2026\/03\/DiplomeMINES20260031-1024x1536.jpg 1024w, https:\/\/www.mines-stetienne.fr\/panoramines\/wp-content\/uploads\/sites\/3\/2026\/03\/DiplomeMINES20260031-1365x2048.jpg 1365w\" sizes=\"auto, (max-width: 683px) 100vw, 683px\" \/><\/figure>\n<\/figure>\n\n\n\n<p><br>Les traditionnels discours et t\u00e9moignages se sont succ\u00e9d\u00e9s dans une ambiance solennelle et chaleureuse. Souvenirs, rire et \u00e9motions \u00e9taient au rendez-vous. Apr\u00e8s la c\u00e9r\u00e9monie, le gala des \u00e9l\u00e8ves a fait place \u00e0 la musique et au talent des \u00e9l\u00e8ves.<\/p>\n\n\n\n<p>Nous f\u00e9licitons cette nouvelle promotion d\u2019ing\u00e9nieurs civil des Mines ainsi que les docteurs qui font rayonner notre \u00c9cole en France et \u00e0 l\u2019international.<\/p>\n\n\n\n<p>Nous remercions chaleureusement l\u2019\u00e9quipe organisatrice de cette c\u00e9r\u00e9monie et les membres du personnel pr\u00e9sents pour encadrer et applaudir les dipl\u00f4m\u00e9s !<\/p>\n","protected":false},"excerpt":{"rendered":"<p>Le samedi 14 mars, le Centre des Congr\u00e8s de Saint-\u00c9tienne a accueilli la c\u00e9r\u00e9monie de remise des dipl\u00f4mes des Ing\u00e9nieurs Civils des Mines et des Docteurs. C\u2019est sous la neige et avec beaucoup de fiert\u00e9 que les familles des dipl\u00f4m\u00e9s &hellip;<\/p>\n","protected":false},"author":12778,"featured_media":29217,"comment_status":"closed","ping_status":"open","sticky":false,"template":"","format":"standard","meta":{"_relevanssi_hide_post":"","_relevanssi_hide_content":"","_relevanssi_pin_for_all":"","_relevanssi_pin_keywords":"","_relevanssi_unpin_keywords":"","_relevanssi_related_keywords":"","_relevanssi_related_include_ids":"","_relevanssi_related_exclude_ids":"","_relevanssi_related_no_append":"","_relevanssi_related_not_related":"","_relevanssi_related_posts":"24825,29151,28667,24827,21295,28303","_relevanssi_noindex_reason":"","footnotes":""},"categories":[6],"tags":[1213,852,89,1159,37,97,1301,40,873,729,132],"class_list":["post-29164","post","type-post","status-publish","format-standard","has-post-thumbnail","hentry","category-formation","tag-defis-de-demain","tag-docteurs","tag-doctorat","tag-grandes-transitions","tag-icm","tag-imt","tag-ingenieur-civil-des-mines","tag-innovation","tag-mines-saint-etienne","tag-remise-de-diplome","tag-saint-etienne"],"pp_statuses_selecting_workflow":false,"pp_workflow_action":"current","pp_status_selection":"publish","pp_force_visibility":null,"pp_subpost_visibility":null,"pp_inherited_force_visibility":null,"pp_inherited_subpost_visibility":null,"yoast_head":"<!-- This site is optimized with the Yoast SEO plugin v27.4 - https:\/\/yoast.com\/product\/yoast-seo-wordpress\/ -->\n<title>Une remise des dipl\u00f4mes sous la neige - Panoramines<\/title>\n<meta name=\"robots\" content=\"index, follow, max-snippet:-1, max-image-preview:large, max-video-preview:-1\" \/>\n<link rel=\"canonical\" href=\"https:\/\/www.mines-stetienne.fr\/panoramines\/2026\/03\/23\/une-remise-des-diplomes-sous-la-neige\/\" \/>\n<meta property=\"og:locale\" content=\"fr_FR\" \/>\n<meta property=\"og:type\" content=\"article\" \/>\n<meta property=\"og:title\" content=\"Une remise des dipl\u00f4mes sous la neige - Panoramines\" \/>\n<meta property=\"og:description\" content=\"Le samedi 14 mars, le Centre des Congr\u00e8s de Saint-\u00c9tienne a accueilli la c\u00e9r\u00e9monie de remise des dipl\u00f4mes des Ing\u00e9nieurs Civils des Mines et des Docteurs. C\u2019est sous la neige et avec beaucoup de fiert\u00e9 que les familles des dipl\u00f4m\u00e9s &hellip;\" \/>\n<meta property=\"og:url\" content=\"https:\/\/www.mines-stetienne.fr\/panoramines\/2026\/03\/23\/une-remise-des-diplomes-sous-la-neige\/\" \/>\n<meta property=\"og:site_name\" content=\"Panoramines\" \/>\n<meta property=\"article:published_time\" content=\"2026-03-23T06:37:39+00:00\" \/>\n<meta property=\"article:modified_time\" content=\"2026-03-23T06:38:19+00:00\" \/>\n<meta property=\"og:image\" content=\"https:\/\/www.mines-stetienne.fr\/panoramines\/wp-content\/uploads\/sites\/3\/2026\/03\/DiplomeMINES20260108-1024x683.jpg\" \/>\n\t<meta property=\"og:image:width\" content=\"1024\" \/>\n\t<meta property=\"og:image:height\" content=\"683\" \/>\n\t<meta property=\"og:image:type\" content=\"image\/jpeg\" \/>\n<meta name=\"author\" content=\"Marylou BAUDRAND\" \/>\n<meta name=\"twitter:card\" content=\"summary_large_image\" \/>\n<meta name=\"twitter:label1\" content=\"\u00c9crit par\" \/>\n\t<meta name=\"twitter:data1\" content=\"Marylou BAUDRAND\" \/>\n\t<meta name=\"twitter:label2\" content=\"Dur\u00e9e de lecture estim\u00e9e\" \/>\n\t<meta name=\"twitter:data2\" content=\"3 minutes\" \/>\n<script type=\"application\/ld+json\" class=\"yoast-schema-graph\">{\"@context\":\"https:\\\/\\\/schema.org\",\"@graph\":[{\"@type\":\"Article\",\"@id\":\"https:\\\/\\\/www.mines-stetienne.fr\\\/panoramines\\\/2026\\\/03\\\/23\\\/une-remise-des-diplomes-sous-la-neige\\\/#article\",\"isPartOf\":{\"@id\":\"https:\\\/\\\/www.mines-stetienne.fr\\\/panoramines\\\/2026\\\/03\\\/23\\\/une-remise-des-diplomes-sous-la-neige\\\/\"},\"author\":{\"name\":\"Marylou BAUDRAND\",\"@id\":\"https:\\\/\\\/www.mines-stetienne.fr\\\/panoramines\\\/#\\\/schema\\\/person\\\/4122d0d44b90eef069d2cca2a9ed05eb\"},\"headline\":\"Une remise des dipl\u00f4mes sous la neige\",\"datePublished\":\"2026-03-23T06:37:39+00:00\",\"dateModified\":\"2026-03-23T06:38:19+00:00\",\"mainEntityOfPage\":{\"@id\":\"https:\\\/\\\/www.mines-stetienne.fr\\\/panoramines\\\/2026\\\/03\\\/23\\\/une-remise-des-diplomes-sous-la-neige\\\/\"},\"wordCount\":324,\"image\":{\"@id\":\"https:\\\/\\\/www.mines-stetienne.fr\\\/panoramines\\\/2026\\\/03\\\/23\\\/une-remise-des-diplomes-sous-la-neige\\\/#primaryimage\"},\"thumbnailUrl\":\"https:\\\/\\\/www.mines-stetienne.fr\\\/panoramines\\\/wp-content\\\/uploads\\\/sites\\\/3\\\/2026\\\/03\\\/DiplomeMINES20260108.jpg\",\"keywords\":[\"d\u00e9fis de demain\",\"Docteurs\",\"Doctorat\",\"Grandes transitions\",\"ICM\",\"IMT\",\"Ing\u00e9nieur Civil des Mines\",\"Innovation\",\"Mines Saint-Etienne\",\"Remise de dipl\u00f4me\",\"Saint-\u00c9tienne\"],\"articleSection\":[\"Formation\"],\"inLanguage\":\"fr-FR\"},{\"@type\":\"WebPage\",\"@id\":\"https:\\\/\\\/www.mines-stetienne.fr\\\/panoramines\\\/2026\\\/03\\\/23\\\/une-remise-des-diplomes-sous-la-neige\\\/\",\"url\":\"https:\\\/\\\/www.mines-stetienne.fr\\\/panoramines\\\/2026\\\/03\\\/23\\\/une-remise-des-diplomes-sous-la-neige\\\/\",\"name\":\"Une remise des dipl\u00f4mes sous la neige - Panoramines\",\"isPartOf\":{\"@id\":\"https:\\\/\\\/www.mines-stetienne.fr\\\/panoramines\\\/#website\"},\"primaryImageOfPage\":{\"@id\":\"https:\\\/\\\/www.mines-stetienne.fr\\\/panoramines\\\/2026\\\/03\\\/23\\\/une-remise-des-diplomes-sous-la-neige\\\/#primaryimage\"},\"image\":{\"@id\":\"https:\\\/\\\/www.mines-stetienne.fr\\\/panoramines\\\/2026\\\/03\\\/23\\\/une-remise-des-diplomes-sous-la-neige\\\/#primaryimage\"},\"thumbnailUrl\":\"https:\\\/\\\/www.mines-stetienne.fr\\\/panoramines\\\/wp-content\\\/uploads\\\/sites\\\/3\\\/2026\\\/03\\\/DiplomeMINES20260108.jpg\",\"datePublished\":\"2026-03-23T06:37:39+00:00\",\"dateModified\":\"2026-03-23T06:38:19+00:00\",\"author\":{\"@id\":\"https:\\\/\\\/www.mines-stetienne.fr\\\/panoramines\\\/#\\\/schema\\\/person\\\/4122d0d44b90eef069d2cca2a9ed05eb\"},\"breadcrumb\":{\"@id\":\"https:\\\/\\\/www.mines-stetienne.fr\\\/panoramines\\\/2026\\\/03\\\/23\\\/une-remise-des-diplomes-sous-la-neige\\\/#breadcrumb\"},\"inLanguage\":\"fr-FR\",\"potentialAction\":[{\"@type\":\"ReadAction\",\"target\":[\"https:\\\/\\\/www.mines-stetienne.fr\\\/panoramines\\\/2026\\\/03\\\/23\\\/une-remise-des-diplomes-sous-la-neige\\\/\"]}]},{\"@type\":\"ImageObject\",\"inLanguage\":\"fr-FR\",\"@id\":\"https:\\\/\\\/www.mines-stetienne.fr\\\/panoramines\\\/2026\\\/03\\\/23\\\/une-remise-des-diplomes-sous-la-neige\\\/#primaryimage\",\"url\":\"https:\\\/\\\/www.mines-stetienne.fr\\\/panoramines\\\/wp-content\\\/uploads\\\/sites\\\/3\\\/2026\\\/03\\\/DiplomeMINES20260108.jpg\",\"contentUrl\":\"https:\\\/\\\/www.mines-stetienne.fr\\\/panoramines\\\/wp-content\\\/uploads\\\/sites\\\/3\\\/2026\\\/03\\\/DiplomeMINES20260108.jpg\",\"width\":5975,\"height\":3983},{\"@type\":\"BreadcrumbList\",\"@id\":\"https:\\\/\\\/www.mines-stetienne.fr\\\/panoramines\\\/2026\\\/03\\\/23\\\/une-remise-des-diplomes-sous-la-neige\\\/#breadcrumb\",\"itemListElement\":[{\"@type\":\"ListItem\",\"position\":1,\"name\":\"Accueil\",\"item\":\"https:\\\/\\\/www.mines-stetienne.fr\\\/panoramines\\\/\"},{\"@type\":\"ListItem\",\"position\":2,\"name\":\"Une remise des dipl\u00f4mes sous la neige\"}]},{\"@type\":\"WebSite\",\"@id\":\"https:\\\/\\\/www.mines-stetienne.fr\\\/panoramines\\\/#website\",\"url\":\"https:\\\/\\\/www.mines-stetienne.fr\\\/panoramines\\\/\",\"name\":\"Panoramines\",\"description\":\"Panoramines, l\u2019actualit\u00e9 de MINES Saint-\u00c9tienne\",\"potentialAction\":[{\"@type\":\"SearchAction\",\"target\":{\"@type\":\"EntryPoint\",\"urlTemplate\":\"https:\\\/\\\/www.mines-stetienne.fr\\\/panoramines\\\/?s={search_term_string}\"},\"query-input\":{\"@type\":\"PropertyValueSpecification\",\"valueRequired\":true,\"valueName\":\"search_term_string\"}}],\"inLanguage\":\"fr-FR\"},{\"@type\":\"Person\",\"@id\":\"https:\\\/\\\/www.mines-stetienne.fr\\\/panoramines\\\/#\\\/schema\\\/person\\\/4122d0d44b90eef069d2cca2a9ed05eb\",\"name\":\"Marylou BAUDRAND\",\"image\":{\"@type\":\"ImageObject\",\"inLanguage\":\"fr-FR\",\"@id\":\"https:\\\/\\\/www.mines-stetienne.fr\\\/panoramines\\\/wp-content\\\/uploads\\\/sites\\\/3\\\/2021\\\/07\\\/logo-75x75-1.png\",\"url\":\"https:\\\/\\\/www.mines-stetienne.fr\\\/panoramines\\\/wp-content\\\/uploads\\\/sites\\\/3\\\/2021\\\/07\\\/logo-75x75-1.png\",\"contentUrl\":\"https:\\\/\\\/www.mines-stetienne.fr\\\/panoramines\\\/wp-content\\\/uploads\\\/sites\\\/3\\\/2021\\\/07\\\/logo-75x75-1.png\",\"caption\":\"Marylou BAUDRAND\"},\"url\":\"https:\\\/\\\/www.mines-stetienne.fr\\\/panoramines\\\/author\\\/marylou-baudrand\\\/\"}]}<\/script>\n<!-- \/ Yoast SEO plugin. -->","yoast_head_json":{"title":"Une remise des dipl\u00f4mes sous la neige - Panoramines","robots":{"index":"index","follow":"follow","max-snippet":"max-snippet:-1","max-image-preview":"max-image-preview:large","max-video-preview":"max-video-preview:-1"},"canonical":"https:\/\/www.mines-stetienne.fr\/panoramines\/2026\/03\/23\/une-remise-des-diplomes-sous-la-neige\/","og_locale":"fr_FR","og_type":"article","og_title":"Une remise des dipl\u00f4mes sous la neige - Panoramines","og_description":"Le samedi 14 mars, le Centre des Congr\u00e8s de Saint-\u00c9tienne a accueilli la c\u00e9r\u00e9monie de remise des dipl\u00f4mes des Ing\u00e9nieurs Civils des Mines et des Docteurs. C\u2019est sous la neige et avec beaucoup de fiert\u00e9 que les familles des dipl\u00f4m\u00e9s &hellip;","og_url":"https:\/\/www.mines-stetienne.fr\/panoramines\/2026\/03\/23\/une-remise-des-diplomes-sous-la-neige\/","og_site_name":"Panoramines","article_published_time":"2026-03-23T06:37:39+00:00","article_modified_time":"2026-03-23T06:38:19+00:00","og_image":[{"width":1024,"height":683,"url":"https:\/\/www.mines-stetienne.fr\/panoramines\/wp-content\/uploads\/sites\/3\/2026\/03\/DiplomeMINES20260108-1024x683.jpg","type":"image\/jpeg"}],"author":"Marylou BAUDRAND","twitter_card":"summary_large_image","twitter_misc":{"\u00c9crit par":"Marylou BAUDRAND","Dur\u00e9e de lecture estim\u00e9e":"3 minutes"},"schema":{"@context":"https:\/\/schema.org","@graph":[{"@type":"Article","@id":"https:\/\/www.mines-stetienne.fr\/panoramines\/2026\/03\/23\/une-remise-des-diplomes-sous-la-neige\/#article","isPartOf":{"@id":"https:\/\/www.mines-stetienne.fr\/panoramines\/2026\/03\/23\/une-remise-des-diplomes-sous-la-neige\/"},"author":{"name":"Marylou BAUDRAND","@id":"https:\/\/www.mines-stetienne.fr\/panoramines\/#\/schema\/person\/4122d0d44b90eef069d2cca2a9ed05eb"},"headline":"Une remise des dipl\u00f4mes sous la neige","datePublished":"2026-03-23T06:37:39+00:00","dateModified":"2026-03-23T06:38:19+00:00","mainEntityOfPage":{"@id":"https:\/\/www.mines-stetienne.fr\/panoramines\/2026\/03\/23\/une-remise-des-diplomes-sous-la-neige\/"},"wordCount":324,"image":{"@id":"https:\/\/www.mines-stetienne.fr\/panoramines\/2026\/03\/23\/une-remise-des-diplomes-sous-la-neige\/#primaryimage"},"thumbnailUrl":"https:\/\/www.mines-stetienne.fr\/panoramines\/wp-content\/uploads\/sites\/3\/2026\/03\/DiplomeMINES20260108.jpg","keywords":["d\u00e9fis de demain","Docteurs","Doctorat","Grandes transitions","ICM","IMT","Ing\u00e9nieur Civil des Mines","Innovation","Mines Saint-Etienne","Remise de dipl\u00f4me","Saint-\u00c9tienne"],"articleSection":["Formation"],"inLanguage":"fr-FR"},{"@type":"WebPage","@id":"https:\/\/www.mines-stetienne.fr\/panoramines\/2026\/03\/23\/une-remise-des-diplomes-sous-la-neige\/","url":"https:\/\/www.mines-stetienne.fr\/panoramines\/2026\/03\/23\/une-remise-des-diplomes-sous-la-neige\/","name":"Une remise des dipl\u00f4mes sous la neige - Panoramines","isPartOf":{"@id":"https:\/\/www.mines-stetienne.fr\/panoramines\/#website"},"primaryImageOfPage":{"@id":"https:\/\/www.mines-stetienne.fr\/panoramines\/2026\/03\/23\/une-remise-des-diplomes-sous-la-neige\/#primaryimage"},"image":{"@id":"https:\/\/www.mines-stetienne.fr\/panoramines\/2026\/03\/23\/une-remise-des-diplomes-sous-la-neige\/#primaryimage"},"thumbnailUrl":"https:\/\/www.mines-stetienne.fr\/panoramines\/wp-content\/uploads\/sites\/3\/2026\/03\/DiplomeMINES20260108.jpg","datePublished":"2026-03-23T06:37:39+00:00","dateModified":"2026-03-23T06:38:19+00:00","author":{"@id":"https:\/\/www.mines-stetienne.fr\/panoramines\/#\/schema\/person\/4122d0d44b90eef069d2cca2a9ed05eb"},"breadcrumb":{"@id":"https:\/\/www.mines-stetienne.fr\/panoramines\/2026\/03\/23\/une-remise-des-diplomes-sous-la-neige\/#breadcrumb"},"inLanguage":"fr-FR","potentialAction":[{"@type":"ReadAction","target":["https:\/\/www.mines-stetienne.fr\/panoramines\/2026\/03\/23\/une-remise-des-diplomes-sous-la-neige\/"]}]},{"@type":"ImageObject","inLanguage":"fr-FR","@id":"https:\/\/www.mines-stetienne.fr\/panoramines\/2026\/03\/23\/une-remise-des-diplomes-sous-la-neige\/#primaryimage","url":"https:\/\/www.mines-stetienne.fr\/panoramines\/wp-content\/uploads\/sites\/3\/2026\/03\/DiplomeMINES20260108.jpg","contentUrl":"https:\/\/www.mines-stetienne.fr\/panoramines\/wp-content\/uploads\/sites\/3\/2026\/03\/DiplomeMINES20260108.jpg","width":5975,"height":3983},{"@type":"BreadcrumbList","@id":"https:\/\/www.mines-stetienne.fr\/panoramines\/2026\/03\/23\/une-remise-des-diplomes-sous-la-neige\/#breadcrumb","itemListElement":[{"@type":"ListItem","position":1,"name":"Accueil","item":"https:\/\/www.mines-stetienne.fr\/panoramines\/"},{"@type":"ListItem","position":2,"name":"Une remise des dipl\u00f4mes sous la neige"}]},{"@type":"WebSite","@id":"https:\/\/www.mines-stetienne.fr\/panoramines\/#website","url":"https:\/\/www.mines-stetienne.fr\/panoramines\/","name":"Panoramines","description":"Panoramines, l\u2019actualit\u00e9 de MINES Saint-\u00c9tienne","potentialAction":[{"@type":"SearchAction","target":{"@type":"EntryPoint","urlTemplate":"https:\/\/www.mines-stetienne.fr\/panoramines\/?s={search_term_string}"},"query-input":{"@type":"PropertyValueSpecification","valueRequired":true,"valueName":"search_term_string"}}],"inLanguage":"fr-FR"},{"@type":"Person","@id":"https:\/\/www.mines-stetienne.fr\/panoramines\/#\/schema\/person\/4122d0d44b90eef069d2cca2a9ed05eb","name":"Marylou BAUDRAND","image":{"@type":"ImageObject","inLanguage":"fr-FR","@id":"https:\/\/www.mines-stetienne.fr\/panoramines\/wp-content\/uploads\/sites\/3\/2021\/07\/logo-75x75-1.png","url":"https:\/\/www.mines-stetienne.fr\/panoramines\/wp-content\/uploads\/sites\/3\/2021\/07\/logo-75x75-1.png","contentUrl":"https:\/\/www.mines-stetienne.fr\/panoramines\/wp-content\/uploads\/sites\/3\/2021\/07\/logo-75x75-1.png","caption":"Marylou BAUDRAND"},"url":"https:\/\/www.mines-stetienne.fr\/panoramines\/author\/marylou-baudrand\/"}]}},"_links":{"self":[{"href":"https:\/\/www.mines-stetienne.fr\/panoramines\/wp-json\/wp\/v2\/posts\/29164","targetHints":{"allow":["GET"]}}],"collection":[{"href":"https:\/\/www.mines-stetienne.fr\/panoramines\/wp-json\/wp\/v2\/posts"}],"about":[{"href":"https:\/\/www.mines-stetienne.fr\/panoramines\/wp-json\/wp\/v2\/types\/post"}],"author":[{"embeddable":true,"href":"https:\/\/www.mines-stetienne.fr\/panoramines\/wp-json\/wp\/v2\/users\/12778"}],"replies":[{"embeddable":true,"href":"https:\/\/www.mines-stetienne.fr\/panoramines\/wp-json\/wp\/v2\/comments?post=29164"}],"version-history":[{"count":7,"href":"https:\/\/www.mines-stetienne.fr\/panoramines\/wp-json\/wp\/v2\/posts\/29164\/revisions"}],"predecessor-version":[{"id":29222,"href":"https:\/\/www.mines-stetienne.fr\/panoramines\/wp-json\/wp\/v2\/posts\/29164\/revisions\/29222"}],"wp:featuredmedia":[{"embeddable":true,"href":"https:\/\/www.mines-stetienne.fr\/panoramines\/wp-json\/wp\/v2\/media\/29217"}],"wp:attachment":[{"href":"https:\/\/www.mines-stetienne.fr\/panoramines\/wp-json\/wp\/v2\/media?parent=29164"}],"wp:term":[{"taxonomy":"category","embeddable":true,"href":"https:\/\/www.mines-stetienne.fr\/panoramines\/wp-json\/wp\/v2\/categories?post=29164"},{"taxonomy":"post_tag","embeddable":true,"href":"https:\/\/www.mines-stetienne.fr\/panoramines\/wp-json\/wp\/v2\/tags?post=29164"}],"curies":[{"name":"wp","href":"https:\/\/api.w.org\/{rel}","templated":true}]}}