{"id":29103,"date":"2026-03-10T08:22:25","date_gmt":"2026-03-10T07:22:25","guid":{"rendered":"https:\/\/www.mines-stetienne.fr\/panoramines\/?p=29103"},"modified":"2026-03-10T08:22:28","modified_gmt":"2026-03-10T07:22:28","slug":"7e-journee-annuelle-h2olyon-a-lespace-fauriel","status":"publish","type":"post","link":"https:\/\/www.mines-stetienne.fr\/panoramines\/2026\/03\/10\/7e-journee-annuelle-h2olyon-a-lespace-fauriel\/","title":{"rendered":"7e journ\u00e9e annuelle H2O\u2019Lyon \u00e0 l\u2019Espace Fauriel"},"content":{"rendered":"\n<p>Le 17 mars prochain se tiendra <strong>7e journ\u00e9e annuelle H2O\u2019Lyon<\/strong>, un \u00e9v\u00e8nement autour des actions scientifiques et de formation de l\u2019EUR pour permettre les \u00e9changes et construire le futur.<\/p>\n\n\n\n<p>Au programme :<\/p>\n\n\n\n<ul class=\"wp-block-list\">\n<li>Des pr\u00e9sentations d\u2019actions de recherche et de formation men\u00e9es avec des <strong>acteurs du territoire<\/strong> dont le Laboratoire d\u2019\u00e9cologie des hydrosyst\u00e8mes naturels et anthropis\u00e9s (LEHNA) et la Compagnie National du Rh\u00f4ne (CNR).<\/li>\n<\/ul>\n\n\n\n<p><\/p>\n\n\n\n<ul class=\"wp-block-list\">\n<li>Des temps d\u2019<strong>\u00e9changes renforc\u00e9s<\/strong> avec, entre autres, Suzanne Lapillonne du Laboratoire DEEP (D\u00e9chets Eaux Environnement Pollutions) et Am\u00e9lie Potignon du D\u00e9partement de la Loire.<\/li>\n<\/ul>\n\n\n\n<p><\/p>\n\n\n\n<ul class=\"wp-block-list\">\n<li>Des retours d\u2019exp\u00e9rience sur la transformation des pratiques, notamment un retour sur le cas du <strong>SAGE Loire<\/strong> (Sch\u00e9ma d&rsquo;am\u00e9nagement de gestion des eaux).<\/li>\n<\/ul>\n\n\n\n<p><\/p>\n\n\n\n<ul class=\"wp-block-list\">\n<li>Une session de cl\u00f4ture autour des liens sciences-soci\u00e9t\u00e9, accompagn\u00e9e d\u2019une performance artistique.<\/li>\n<\/ul>\n\n\n\n<p>La journ\u00e9e est ouverte \u00e0 tous les scientifiques, \u00e9tudiants, professionnels du monde de l\u2019eau ou curieux !<br><\/p>\n\n\n\n<p>\ud83d\udc49 Plus d\u2019infos et programme : <a href=\"https:\/\/h2olyon.universite-lyon.fr\/actualites\/journee-annuelle-h2o-lyon-7-398493.kjsp?RH=1568366931033 \">https:\/\/h2olyon.universite-lyon.fr\/actualites\/journee-annuelle-h2o-lyon-7-398493.kjsp?RH=1568366931033 <\/a><\/p>\n","protected":false},"excerpt":{"rendered":"<p>Le 17 mars prochain se tiendra 7e journ\u00e9e annuelle H2O\u2019Lyon, un \u00e9v\u00e8nement autour des actions scientifiques et de formation de l\u2019EUR pour permettre les \u00e9changes et construire le futur. Au programme : La journ\u00e9e est ouverte \u00e0 tous les scientifiques, &hellip;<\/p>\n","protected":false},"author":12778,"featured_media":29104,"comment_status":"closed","ping_status":"open","sticky":false,"template":"","format":"standard","meta":{"_relevanssi_hide_post":"","_relevanssi_hide_content":"","_relevanssi_pin_for_all":"","_relevanssi_pin_keywords":"","_relevanssi_unpin_keywords":"","_relevanssi_related_keywords":"","_relevanssi_related_include_ids":"","_relevanssi_related_exclude_ids":"","_relevanssi_related_no_append":"","_relevanssi_related_not_related":"","_relevanssi_related_posts":"26364,17598,15082,24393,15871,23425","_relevanssi_noindex_reason":"","footnotes":""},"categories":[10],"tags":[1000,1294,40,90,789,873,132],"class_list":["post-29103","post","type-post","status-publish","format-standard","has-post-thumbnail","hentry","category-culture-scientifique","tag-enjeux-environnementaux","tag-h2olyon","tag-innovation","tag-institut-fayol","tag-laboratoire","tag-mines-saint-etienne","tag-saint-etienne"],"pp_statuses_selecting_workflow":false,"pp_workflow_action":"current","pp_status_selection":"publish","pp_force_visibility":null,"pp_subpost_visibility":null,"pp_inherited_force_visibility":null,"pp_inherited_subpost_visibility":null,"yoast_head":"<!-- This site is optimized with the Yoast SEO plugin v27.5 - https:\/\/yoast.com\/product\/yoast-seo-wordpress\/ -->\n<title>7e journ\u00e9e annuelle H2O\u2019Lyon \u00e0 l\u2019Espace Fauriel - Panoramines<\/title>\n<meta name=\"robots\" content=\"index, follow, max-snippet:-1, max-image-preview:large, max-video-preview:-1\" \/>\n<link rel=\"canonical\" href=\"https:\/\/www.mines-stetienne.fr\/panoramines\/2026\/03\/10\/7e-journee-annuelle-h2olyon-a-lespace-fauriel\/\" \/>\n<meta property=\"og:locale\" content=\"fr_FR\" \/>\n<meta property=\"og:type\" content=\"article\" \/>\n<meta property=\"og:title\" content=\"7e journ\u00e9e annuelle H2O\u2019Lyon \u00e0 l\u2019Espace Fauriel - Panoramines\" \/>\n<meta property=\"og:description\" content=\"Le 17 mars prochain se tiendra 7e journ\u00e9e annuelle H2O\u2019Lyon, un \u00e9v\u00e8nement autour des actions scientifiques et de formation de l\u2019EUR pour permettre les \u00e9changes et construire le futur. Au programme : La journ\u00e9e est ouverte \u00e0 tous les scientifiques, &hellip;\" \/>\n<meta property=\"og:url\" content=\"https:\/\/www.mines-stetienne.fr\/panoramines\/2026\/03\/10\/7e-journee-annuelle-h2olyon-a-lespace-fauriel\/\" \/>\n<meta property=\"og:site_name\" content=\"Panoramines\" \/>\n<meta property=\"article:published_time\" content=\"2026-03-10T07:22:25+00:00\" \/>\n<meta property=\"article:modified_time\" content=\"2026-03-10T07:22:28+00:00\" \/>\n<meta property=\"og:image\" content=\"https:\/\/www.mines-stetienne.fr\/panoramines\/wp-content\/uploads\/sites\/3\/2026\/03\/image002.jpg\" \/>\n\t<meta property=\"og:image:width\" content=\"544\" \/>\n\t<meta property=\"og:image:height\" content=\"283\" \/>\n\t<meta property=\"og:image:type\" content=\"image\/jpeg\" \/>\n<meta name=\"author\" content=\"Marylou BAUDRAND\" \/>\n<meta name=\"twitter:card\" content=\"summary_large_image\" \/>\n<meta name=\"twitter:label1\" content=\"\u00c9crit par\" \/>\n\t<meta name=\"twitter:data1\" content=\"Marylou BAUDRAND\" \/>\n\t<meta name=\"twitter:label2\" content=\"Dur\u00e9e de lecture estim\u00e9e\" \/>\n\t<meta name=\"twitter:data2\" content=\"1 minute\" \/>\n<script type=\"application\/ld+json\" class=\"yoast-schema-graph\">{\"@context\":\"https:\\\/\\\/schema.org\",\"@graph\":[{\"@type\":\"Article\",\"@id\":\"https:\\\/\\\/www.mines-stetienne.fr\\\/panoramines\\\/2026\\\/03\\\/10\\\/7e-journee-annuelle-h2olyon-a-lespace-fauriel\\\/#article\",\"isPartOf\":{\"@id\":\"https:\\\/\\\/www.mines-stetienne.fr\\\/panoramines\\\/2026\\\/03\\\/10\\\/7e-journee-annuelle-h2olyon-a-lespace-fauriel\\\/\"},\"author\":{\"name\":\"Marylou BAUDRAND\",\"@id\":\"https:\\\/\\\/www.mines-stetienne.fr\\\/panoramines\\\/#\\\/schema\\\/person\\\/4122d0d44b90eef069d2cca2a9ed05eb\"},\"headline\":\"7e journ\u00e9e annuelle H2O\u2019Lyon \u00e0 l\u2019Espace Fauriel\",\"datePublished\":\"2026-03-10T07:22:25+00:00\",\"dateModified\":\"2026-03-10T07:22:28+00:00\",\"mainEntityOfPage\":{\"@id\":\"https:\\\/\\\/www.mines-stetienne.fr\\\/panoramines\\\/2026\\\/03\\\/10\\\/7e-journee-annuelle-h2olyon-a-lespace-fauriel\\\/\"},\"wordCount\":188,\"image\":{\"@id\":\"https:\\\/\\\/www.mines-stetienne.fr\\\/panoramines\\\/2026\\\/03\\\/10\\\/7e-journee-annuelle-h2olyon-a-lespace-fauriel\\\/#primaryimage\"},\"thumbnailUrl\":\"https:\\\/\\\/www.mines-stetienne.fr\\\/panoramines\\\/wp-content\\\/uploads\\\/sites\\\/3\\\/2026\\\/03\\\/image002.jpg\",\"keywords\":[\"Enjeux environnementaux\",\"H2O'Lyon\",\"Innovation\",\"Institut Fayol\",\"Laboratoire\",\"Mines Saint-Etienne\",\"Saint-\u00c9tienne\"],\"articleSection\":[\"Culture scientifique\"],\"inLanguage\":\"fr-FR\"},{\"@type\":\"WebPage\",\"@id\":\"https:\\\/\\\/www.mines-stetienne.fr\\\/panoramines\\\/2026\\\/03\\\/10\\\/7e-journee-annuelle-h2olyon-a-lespace-fauriel\\\/\",\"url\":\"https:\\\/\\\/www.mines-stetienne.fr\\\/panoramines\\\/2026\\\/03\\\/10\\\/7e-journee-annuelle-h2olyon-a-lespace-fauriel\\\/\",\"name\":\"7e journ\u00e9e annuelle H2O\u2019Lyon \u00e0 l\u2019Espace Fauriel - Panoramines\",\"isPartOf\":{\"@id\":\"https:\\\/\\\/www.mines-stetienne.fr\\\/panoramines\\\/#website\"},\"primaryImageOfPage\":{\"@id\":\"https:\\\/\\\/www.mines-stetienne.fr\\\/panoramines\\\/2026\\\/03\\\/10\\\/7e-journee-annuelle-h2olyon-a-lespace-fauriel\\\/#primaryimage\"},\"image\":{\"@id\":\"https:\\\/\\\/www.mines-stetienne.fr\\\/panoramines\\\/2026\\\/03\\\/10\\\/7e-journee-annuelle-h2olyon-a-lespace-fauriel\\\/#primaryimage\"},\"thumbnailUrl\":\"https:\\\/\\\/www.mines-stetienne.fr\\\/panoramines\\\/wp-content\\\/uploads\\\/sites\\\/3\\\/2026\\\/03\\\/image002.jpg\",\"datePublished\":\"2026-03-10T07:22:25+00:00\",\"dateModified\":\"2026-03-10T07:22:28+00:00\",\"author\":{\"@id\":\"https:\\\/\\\/www.mines-stetienne.fr\\\/panoramines\\\/#\\\/schema\\\/person\\\/4122d0d44b90eef069d2cca2a9ed05eb\"},\"breadcrumb\":{\"@id\":\"https:\\\/\\\/www.mines-stetienne.fr\\\/panoramines\\\/2026\\\/03\\\/10\\\/7e-journee-annuelle-h2olyon-a-lespace-fauriel\\\/#breadcrumb\"},\"inLanguage\":\"fr-FR\",\"potentialAction\":[{\"@type\":\"ReadAction\",\"target\":[\"https:\\\/\\\/www.mines-stetienne.fr\\\/panoramines\\\/2026\\\/03\\\/10\\\/7e-journee-annuelle-h2olyon-a-lespace-fauriel\\\/\"]}]},{\"@type\":\"ImageObject\",\"inLanguage\":\"fr-FR\",\"@id\":\"https:\\\/\\\/www.mines-stetienne.fr\\\/panoramines\\\/2026\\\/03\\\/10\\\/7e-journee-annuelle-h2olyon-a-lespace-fauriel\\\/#primaryimage\",\"url\":\"https:\\\/\\\/www.mines-stetienne.fr\\\/panoramines\\\/wp-content\\\/uploads\\\/sites\\\/3\\\/2026\\\/03\\\/image002.jpg\",\"contentUrl\":\"https:\\\/\\\/www.mines-stetienne.fr\\\/panoramines\\\/wp-content\\\/uploads\\\/sites\\\/3\\\/2026\\\/03\\\/image002.jpg\",\"width\":544,\"height\":283},{\"@type\":\"BreadcrumbList\",\"@id\":\"https:\\\/\\\/www.mines-stetienne.fr\\\/panoramines\\\/2026\\\/03\\\/10\\\/7e-journee-annuelle-h2olyon-a-lespace-fauriel\\\/#breadcrumb\",\"itemListElement\":[{\"@type\":\"ListItem\",\"position\":1,\"name\":\"Accueil\",\"item\":\"https:\\\/\\\/www.mines-stetienne.fr\\\/panoramines\\\/\"},{\"@type\":\"ListItem\",\"position\":2,\"name\":\"7e journ\u00e9e annuelle H2O\u2019Lyon \u00e0 l\u2019Espace Fauriel\"}]},{\"@type\":\"WebSite\",\"@id\":\"https:\\\/\\\/www.mines-stetienne.fr\\\/panoramines\\\/#website\",\"url\":\"https:\\\/\\\/www.mines-stetienne.fr\\\/panoramines\\\/\",\"name\":\"Panoramines\",\"description\":\"Panoramines, l\u2019actualit\u00e9 de MINES Saint-\u00c9tienne\",\"potentialAction\":[{\"@type\":\"SearchAction\",\"target\":{\"@type\":\"EntryPoint\",\"urlTemplate\":\"https:\\\/\\\/www.mines-stetienne.fr\\\/panoramines\\\/?s={search_term_string}\"},\"query-input\":{\"@type\":\"PropertyValueSpecification\",\"valueRequired\":true,\"valueName\":\"search_term_string\"}}],\"inLanguage\":\"fr-FR\"},{\"@type\":\"Person\",\"@id\":\"https:\\\/\\\/www.mines-stetienne.fr\\\/panoramines\\\/#\\\/schema\\\/person\\\/4122d0d44b90eef069d2cca2a9ed05eb\",\"name\":\"Marylou BAUDRAND\",\"image\":{\"@type\":\"ImageObject\",\"inLanguage\":\"fr-FR\",\"@id\":\"https:\\\/\\\/www.mines-stetienne.fr\\\/panoramines\\\/wp-content\\\/uploads\\\/sites\\\/3\\\/2021\\\/07\\\/logo-75x75-1.png\",\"url\":\"https:\\\/\\\/www.mines-stetienne.fr\\\/panoramines\\\/wp-content\\\/uploads\\\/sites\\\/3\\\/2021\\\/07\\\/logo-75x75-1.png\",\"contentUrl\":\"https:\\\/\\\/www.mines-stetienne.fr\\\/panoramines\\\/wp-content\\\/uploads\\\/sites\\\/3\\\/2021\\\/07\\\/logo-75x75-1.png\",\"caption\":\"Marylou BAUDRAND\"},\"url\":\"https:\\\/\\\/www.mines-stetienne.fr\\\/panoramines\\\/author\\\/marylou-baudrand\\\/\"}]}<\/script>\n<!-- \/ Yoast SEO plugin. -->","yoast_head_json":{"title":"7e journ\u00e9e annuelle H2O\u2019Lyon \u00e0 l\u2019Espace Fauriel - Panoramines","robots":{"index":"index","follow":"follow","max-snippet":"max-snippet:-1","max-image-preview":"max-image-preview:large","max-video-preview":"max-video-preview:-1"},"canonical":"https:\/\/www.mines-stetienne.fr\/panoramines\/2026\/03\/10\/7e-journee-annuelle-h2olyon-a-lespace-fauriel\/","og_locale":"fr_FR","og_type":"article","og_title":"7e journ\u00e9e annuelle H2O\u2019Lyon \u00e0 l\u2019Espace Fauriel - Panoramines","og_description":"Le 17 mars prochain se tiendra 7e journ\u00e9e annuelle H2O\u2019Lyon, un \u00e9v\u00e8nement autour des actions scientifiques et de formation de l\u2019EUR pour permettre les \u00e9changes et construire le futur. Au programme : La journ\u00e9e est ouverte \u00e0 tous les scientifiques, &hellip;","og_url":"https:\/\/www.mines-stetienne.fr\/panoramines\/2026\/03\/10\/7e-journee-annuelle-h2olyon-a-lespace-fauriel\/","og_site_name":"Panoramines","article_published_time":"2026-03-10T07:22:25+00:00","article_modified_time":"2026-03-10T07:22:28+00:00","og_image":[{"width":544,"height":283,"url":"https:\/\/www.mines-stetienne.fr\/panoramines\/wp-content\/uploads\/sites\/3\/2026\/03\/image002.jpg","type":"image\/jpeg"}],"author":"Marylou BAUDRAND","twitter_card":"summary_large_image","twitter_misc":{"\u00c9crit par":"Marylou BAUDRAND","Dur\u00e9e de lecture estim\u00e9e":"1 minute"},"schema":{"@context":"https:\/\/schema.org","@graph":[{"@type":"Article","@id":"https:\/\/www.mines-stetienne.fr\/panoramines\/2026\/03\/10\/7e-journee-annuelle-h2olyon-a-lespace-fauriel\/#article","isPartOf":{"@id":"https:\/\/www.mines-stetienne.fr\/panoramines\/2026\/03\/10\/7e-journee-annuelle-h2olyon-a-lespace-fauriel\/"},"author":{"name":"Marylou BAUDRAND","@id":"https:\/\/www.mines-stetienne.fr\/panoramines\/#\/schema\/person\/4122d0d44b90eef069d2cca2a9ed05eb"},"headline":"7e journ\u00e9e annuelle H2O\u2019Lyon \u00e0 l\u2019Espace Fauriel","datePublished":"2026-03-10T07:22:25+00:00","dateModified":"2026-03-10T07:22:28+00:00","mainEntityOfPage":{"@id":"https:\/\/www.mines-stetienne.fr\/panoramines\/2026\/03\/10\/7e-journee-annuelle-h2olyon-a-lespace-fauriel\/"},"wordCount":188,"image":{"@id":"https:\/\/www.mines-stetienne.fr\/panoramines\/2026\/03\/10\/7e-journee-annuelle-h2olyon-a-lespace-fauriel\/#primaryimage"},"thumbnailUrl":"https:\/\/www.mines-stetienne.fr\/panoramines\/wp-content\/uploads\/sites\/3\/2026\/03\/image002.jpg","keywords":["Enjeux environnementaux","H2O'Lyon","Innovation","Institut Fayol","Laboratoire","Mines Saint-Etienne","Saint-\u00c9tienne"],"articleSection":["Culture scientifique"],"inLanguage":"fr-FR"},{"@type":"WebPage","@id":"https:\/\/www.mines-stetienne.fr\/panoramines\/2026\/03\/10\/7e-journee-annuelle-h2olyon-a-lespace-fauriel\/","url":"https:\/\/www.mines-stetienne.fr\/panoramines\/2026\/03\/10\/7e-journee-annuelle-h2olyon-a-lespace-fauriel\/","name":"7e journ\u00e9e annuelle H2O\u2019Lyon \u00e0 l\u2019Espace Fauriel - Panoramines","isPartOf":{"@id":"https:\/\/www.mines-stetienne.fr\/panoramines\/#website"},"primaryImageOfPage":{"@id":"https:\/\/www.mines-stetienne.fr\/panoramines\/2026\/03\/10\/7e-journee-annuelle-h2olyon-a-lespace-fauriel\/#primaryimage"},"image":{"@id":"https:\/\/www.mines-stetienne.fr\/panoramines\/2026\/03\/10\/7e-journee-annuelle-h2olyon-a-lespace-fauriel\/#primaryimage"},"thumbnailUrl":"https:\/\/www.mines-stetienne.fr\/panoramines\/wp-content\/uploads\/sites\/3\/2026\/03\/image002.jpg","datePublished":"2026-03-10T07:22:25+00:00","dateModified":"2026-03-10T07:22:28+00:00","author":{"@id":"https:\/\/www.mines-stetienne.fr\/panoramines\/#\/schema\/person\/4122d0d44b90eef069d2cca2a9ed05eb"},"breadcrumb":{"@id":"https:\/\/www.mines-stetienne.fr\/panoramines\/2026\/03\/10\/7e-journee-annuelle-h2olyon-a-lespace-fauriel\/#breadcrumb"},"inLanguage":"fr-FR","potentialAction":[{"@type":"ReadAction","target":["https:\/\/www.mines-stetienne.fr\/panoramines\/2026\/03\/10\/7e-journee-annuelle-h2olyon-a-lespace-fauriel\/"]}]},{"@type":"ImageObject","inLanguage":"fr-FR","@id":"https:\/\/www.mines-stetienne.fr\/panoramines\/2026\/03\/10\/7e-journee-annuelle-h2olyon-a-lespace-fauriel\/#primaryimage","url":"https:\/\/www.mines-stetienne.fr\/panoramines\/wp-content\/uploads\/sites\/3\/2026\/03\/image002.jpg","contentUrl":"https:\/\/www.mines-stetienne.fr\/panoramines\/wp-content\/uploads\/sites\/3\/2026\/03\/image002.jpg","width":544,"height":283},{"@type":"BreadcrumbList","@id":"https:\/\/www.mines-stetienne.fr\/panoramines\/2026\/03\/10\/7e-journee-annuelle-h2olyon-a-lespace-fauriel\/#breadcrumb","itemListElement":[{"@type":"ListItem","position":1,"name":"Accueil","item":"https:\/\/www.mines-stetienne.fr\/panoramines\/"},{"@type":"ListItem","position":2,"name":"7e journ\u00e9e annuelle H2O\u2019Lyon \u00e0 l\u2019Espace Fauriel"}]},{"@type":"WebSite","@id":"https:\/\/www.mines-stetienne.fr\/panoramines\/#website","url":"https:\/\/www.mines-stetienne.fr\/panoramines\/","name":"Panoramines","description":"Panoramines, l\u2019actualit\u00e9 de MINES Saint-\u00c9tienne","potentialAction":[{"@type":"SearchAction","target":{"@type":"EntryPoint","urlTemplate":"https:\/\/www.mines-stetienne.fr\/panoramines\/?s={search_term_string}"},"query-input":{"@type":"PropertyValueSpecification","valueRequired":true,"valueName":"search_term_string"}}],"inLanguage":"fr-FR"},{"@type":"Person","@id":"https:\/\/www.mines-stetienne.fr\/panoramines\/#\/schema\/person\/4122d0d44b90eef069d2cca2a9ed05eb","name":"Marylou BAUDRAND","image":{"@type":"ImageObject","inLanguage":"fr-FR","@id":"https:\/\/www.mines-stetienne.fr\/panoramines\/wp-content\/uploads\/sites\/3\/2021\/07\/logo-75x75-1.png","url":"https:\/\/www.mines-stetienne.fr\/panoramines\/wp-content\/uploads\/sites\/3\/2021\/07\/logo-75x75-1.png","contentUrl":"https:\/\/www.mines-stetienne.fr\/panoramines\/wp-content\/uploads\/sites\/3\/2021\/07\/logo-75x75-1.png","caption":"Marylou BAUDRAND"},"url":"https:\/\/www.mines-stetienne.fr\/panoramines\/author\/marylou-baudrand\/"}]}},"_links":{"self":[{"href":"https:\/\/www.mines-stetienne.fr\/panoramines\/wp-json\/wp\/v2\/posts\/29103","targetHints":{"allow":["GET"]}}],"collection":[{"href":"https:\/\/www.mines-stetienne.fr\/panoramines\/wp-json\/wp\/v2\/posts"}],"about":[{"href":"https:\/\/www.mines-stetienne.fr\/panoramines\/wp-json\/wp\/v2\/types\/post"}],"author":[{"embeddable":true,"href":"https:\/\/www.mines-stetienne.fr\/panoramines\/wp-json\/wp\/v2\/users\/12778"}],"replies":[{"embeddable":true,"href":"https:\/\/www.mines-stetienne.fr\/panoramines\/wp-json\/wp\/v2\/comments?post=29103"}],"version-history":[{"count":3,"href":"https:\/\/www.mines-stetienne.fr\/panoramines\/wp-json\/wp\/v2\/posts\/29103\/revisions"}],"predecessor-version":[{"id":29107,"href":"https:\/\/www.mines-stetienne.fr\/panoramines\/wp-json\/wp\/v2\/posts\/29103\/revisions\/29107"}],"wp:featuredmedia":[{"embeddable":true,"href":"https:\/\/www.mines-stetienne.fr\/panoramines\/wp-json\/wp\/v2\/media\/29104"}],"wp:attachment":[{"href":"https:\/\/www.mines-stetienne.fr\/panoramines\/wp-json\/wp\/v2\/media?parent=29103"}],"wp:term":[{"taxonomy":"category","embeddable":true,"href":"https:\/\/www.mines-stetienne.fr\/panoramines\/wp-json\/wp\/v2\/categories?post=29103"},{"taxonomy":"post_tag","embeddable":true,"href":"https:\/\/www.mines-stetienne.fr\/panoramines\/wp-json\/wp\/v2\/tags?post=29103"}],"curies":[{"name":"wp","href":"https:\/\/api.w.org\/{rel}","templated":true}]}}