{"id":29057,"date":"2026-03-27T08:30:00","date_gmt":"2026-03-27T07:30:00","guid":{"rendered":"https:\/\/www.mines-stetienne.fr\/panoramines\/?p=29057"},"modified":"2026-03-23T07:43:03","modified_gmt":"2026-03-23T06:43:03","slug":"la-terre-tremble-a-la-rotonde","status":"publish","type":"post","link":"https:\/\/www.mines-stetienne.fr\/panoramines\/2026\/03\/27\/la-terre-tremble-a-la-rotonde\/","title":{"rendered":"La terre tremble \u00e0 La Rotonde"},"content":{"rendered":"\n<p><em>La nouvelle exposition&nbsp;\u00ab&nbsp;Quand la terre tremble&nbsp;\u00bb a \u00e9t\u00e9 inaugur\u00e9e<\/em><\/p>\n\n\n\n<p>Jeudi 26 mars, La Rotonde a inaugur\u00e9 sa nouvelle exposition \u00ab&nbsp;Quand la Terre tremble&nbsp;\u00bb. Volcans, s\u00e9ismes, plaques tectoniques, montagnes en formation, cette exposition propose un fascinant voyage dans le temps et au c\u0153ur de la Terre.<\/p>\n\n\n\n<p>Notre Terre, toujours en mouvement, se transforme en permanence et tremble. Avec des installations interactives, des maquettes anim\u00e9es et des exp\u00e9riences ludiques, chacun pourra comprendre comment se prot\u00e9ger en cas de s\u00e9isme.<\/p>\n\n\n\n<p>L\u2019exposition se d\u00e9roule en trois actes&nbsp;:<\/p>\n\n\n\n<ul class=\"wp-block-list\">\n<li>Qu&rsquo;est-ce qu&rsquo;un tremblement de terre ?<\/li>\n<\/ul>\n\n\n\n<p>Cette partie propose une exploration int\u00e9rieure de notre plan\u00e8te afin de mieux comprendre pourquoi la terre tremble. Les notions g\u00e9ologiques telles que l\u2019int\u00e9rieur de la Terre, la tectonique des plaques et les ondes sismiques y sont abord\u00e9es.<\/p>\n\n\n\n<ul class=\"wp-block-list\">\n<li>Comment caract\u00e9riser et mesurer un s\u00e9isme ?<\/li>\n<\/ul>\n\n\n\n<p>Cette partie pr\u00e9sente plusieurs exp\u00e9riences pour expliquer comment se mesure un s\u00e9isme, avec quel appareil et ce qui est exactement mesur\u00e9. Ces donn\u00e9es permettent de caract\u00e9riser un tremblement de terre mais aussi de mieux comprendre la dynamique de notre plan\u00e8te. On y aborde ainsi le calcul de la magnitude et de l\u2019\u00e9picentre d\u2019un s\u00e9isme, et on peut observer le fonctionnement d\u2019un sismom\u00e8tre.<\/p>\n\n\n\n<ul class=\"wp-block-list\">\n<li>Peut-on se prot\u00e9ger d\u2019un s\u00e9isme ?<\/li>\n<\/ul>\n\n\n\n<p>Les ing\u00e9nieurs en g\u00e9nie civil mettent au point des m\u00e9thodes de construction qui rendent les b\u00e2timents plus r\u00e9sistants aux secousses sismiques : c\u2019est la construction parasismique. Bien qu\u2019il soit impossible de pr\u00e9dire pr\u00e9cis\u00e9ment o\u00f9 et quand se d\u00e9clenchera un tremblement de terre, il est n\u00e9anmoins possible de limiter les d\u00e9g\u00e2ts en construisant de mani\u00e8re adapt\u00e9e, diminuant ainsi de mani\u00e8re notable les pertes humaines et mat\u00e9rielles li\u00e9es \u00e0 l\u2019effondrement des b\u00e2timents.<\/p>\n","protected":false},"excerpt":{"rendered":"<p>La nouvelle exposition&nbsp;\u00ab&nbsp;Quand la terre tremble&nbsp;\u00bb a \u00e9t\u00e9 inaugur\u00e9e Jeudi 26 mars, La Rotonde a inaugur\u00e9 sa nouvelle exposition \u00ab&nbsp;Quand la Terre tremble&nbsp;\u00bb. Volcans, s\u00e9ismes, plaques tectoniques, montagnes en formation, cette exposition propose un fascinant voyage dans le temps et &hellip;<\/p>\n","protected":false},"author":12778,"featured_media":29163,"comment_status":"closed","ping_status":"open","sticky":false,"template":"","format":"standard","meta":{"_relevanssi_hide_post":"","_relevanssi_hide_content":"","_relevanssi_pin_for_all":"","_relevanssi_pin_keywords":"","_relevanssi_unpin_keywords":"","_relevanssi_related_keywords":"","_relevanssi_related_include_ids":"","_relevanssi_related_exclude_ids":"","_relevanssi_related_no_append":"","_relevanssi_related_not_related":"","_relevanssi_related_posts":"23288,17104,27336,28873,24445,27458","_relevanssi_noindex_reason":"","footnotes":""},"categories":[10],"tags":[166,1284,451,309,1286,873,1285,800],"class_list":["post-29057","post","type-post","status-publish","format-standard","has-post-thumbnail","hentry","category-culture-scientifique","tag-culture-scientifique","tag-desinformation","tag-inauguration","tag-la-rotonde","tag-mediation-scientifique","tag-mines-saint-etienne","tag-plaques-tectoniques","tag-saint-etienne-2"],"pp_statuses_selecting_workflow":false,"pp_workflow_action":"current","pp_status_selection":"publish","pp_force_visibility":null,"pp_subpost_visibility":null,"pp_inherited_force_visibility":null,"pp_inherited_subpost_visibility":null,"yoast_head":"<!-- This site is optimized with the Yoast SEO plugin v27.5 - https:\/\/yoast.com\/product\/yoast-seo-wordpress\/ -->\n<title>La terre tremble \u00e0 La Rotonde - Panoramines<\/title>\n<meta name=\"robots\" content=\"index, follow, max-snippet:-1, max-image-preview:large, max-video-preview:-1\" \/>\n<link rel=\"canonical\" href=\"https:\/\/www.mines-stetienne.fr\/panoramines\/2026\/03\/27\/la-terre-tremble-a-la-rotonde\/\" \/>\n<meta property=\"og:locale\" content=\"fr_FR\" \/>\n<meta property=\"og:type\" content=\"article\" \/>\n<meta property=\"og:title\" content=\"La terre tremble \u00e0 La Rotonde - Panoramines\" \/>\n<meta property=\"og:description\" content=\"La nouvelle exposition&nbsp;\u00ab&nbsp;Quand la terre tremble&nbsp;\u00bb a \u00e9t\u00e9 inaugur\u00e9e Jeudi 26 mars, La Rotonde a inaugur\u00e9 sa nouvelle exposition \u00ab&nbsp;Quand la Terre tremble&nbsp;\u00bb. Volcans, s\u00e9ismes, plaques tectoniques, montagnes en formation, cette exposition propose un fascinant voyage dans le temps et &hellip;\" \/>\n<meta property=\"og:url\" content=\"https:\/\/www.mines-stetienne.fr\/panoramines\/2026\/03\/27\/la-terre-tremble-a-la-rotonde\/\" \/>\n<meta property=\"og:site_name\" content=\"Panoramines\" \/>\n<meta property=\"article:published_time\" content=\"2026-03-27T07:30:00+00:00\" \/>\n<meta property=\"og:image\" content=\"https:\/\/www.mines-stetienne.fr\/panoramines\/wp-content\/uploads\/sites\/3\/2026\/03\/bandeau-1.jpg\" \/>\n\t<meta property=\"og:image:width\" content=\"1200\" \/>\n\t<meta property=\"og:image:height\" content=\"620\" \/>\n\t<meta property=\"og:image:type\" content=\"image\/jpeg\" \/>\n<meta name=\"author\" content=\"Marylou BAUDRAND\" \/>\n<meta name=\"twitter:card\" content=\"summary_large_image\" \/>\n<meta name=\"twitter:label1\" content=\"\u00c9crit par\" \/>\n\t<meta name=\"twitter:data1\" content=\"Marylou BAUDRAND\" \/>\n\t<meta name=\"twitter:label2\" content=\"Dur\u00e9e de lecture estim\u00e9e\" \/>\n\t<meta name=\"twitter:data2\" content=\"2 minutes\" \/>\n<script type=\"application\/ld+json\" class=\"yoast-schema-graph\">{\"@context\":\"https:\\\/\\\/schema.org\",\"@graph\":[{\"@type\":\"Article\",\"@id\":\"https:\\\/\\\/www.mines-stetienne.fr\\\/panoramines\\\/2026\\\/03\\\/27\\\/la-terre-tremble-a-la-rotonde\\\/#article\",\"isPartOf\":{\"@id\":\"https:\\\/\\\/www.mines-stetienne.fr\\\/panoramines\\\/2026\\\/03\\\/27\\\/la-terre-tremble-a-la-rotonde\\\/\"},\"author\":{\"name\":\"Marylou BAUDRAND\",\"@id\":\"https:\\\/\\\/www.mines-stetienne.fr\\\/panoramines\\\/#\\\/schema\\\/person\\\/4122d0d44b90eef069d2cca2a9ed05eb\"},\"headline\":\"La terre tremble \u00e0 La Rotonde\",\"datePublished\":\"2026-03-27T07:30:00+00:00\",\"mainEntityOfPage\":{\"@id\":\"https:\\\/\\\/www.mines-stetienne.fr\\\/panoramines\\\/2026\\\/03\\\/27\\\/la-terre-tremble-a-la-rotonde\\\/\"},\"wordCount\":329,\"image\":{\"@id\":\"https:\\\/\\\/www.mines-stetienne.fr\\\/panoramines\\\/2026\\\/03\\\/27\\\/la-terre-tremble-a-la-rotonde\\\/#primaryimage\"},\"thumbnailUrl\":\"https:\\\/\\\/www.mines-stetienne.fr\\\/panoramines\\\/wp-content\\\/uploads\\\/sites\\\/3\\\/2026\\\/03\\\/bandeau-1.jpg\",\"keywords\":[\"Culture scientifique\",\"d\u00e9sinformation\",\"Inauguration\",\"La Rotonde\",\"m\u00e9diation scientifique\",\"Mines Saint-Etienne\",\"plaques tectoniques\",\"Saint-Etienne\"],\"articleSection\":[\"Culture scientifique\"],\"inLanguage\":\"fr-FR\"},{\"@type\":\"WebPage\",\"@id\":\"https:\\\/\\\/www.mines-stetienne.fr\\\/panoramines\\\/2026\\\/03\\\/27\\\/la-terre-tremble-a-la-rotonde\\\/\",\"url\":\"https:\\\/\\\/www.mines-stetienne.fr\\\/panoramines\\\/2026\\\/03\\\/27\\\/la-terre-tremble-a-la-rotonde\\\/\",\"name\":\"La terre tremble \u00e0 La Rotonde - Panoramines\",\"isPartOf\":{\"@id\":\"https:\\\/\\\/www.mines-stetienne.fr\\\/panoramines\\\/#website\"},\"primaryImageOfPage\":{\"@id\":\"https:\\\/\\\/www.mines-stetienne.fr\\\/panoramines\\\/2026\\\/03\\\/27\\\/la-terre-tremble-a-la-rotonde\\\/#primaryimage\"},\"image\":{\"@id\":\"https:\\\/\\\/www.mines-stetienne.fr\\\/panoramines\\\/2026\\\/03\\\/27\\\/la-terre-tremble-a-la-rotonde\\\/#primaryimage\"},\"thumbnailUrl\":\"https:\\\/\\\/www.mines-stetienne.fr\\\/panoramines\\\/wp-content\\\/uploads\\\/sites\\\/3\\\/2026\\\/03\\\/bandeau-1.jpg\",\"datePublished\":\"2026-03-27T07:30:00+00:00\",\"author\":{\"@id\":\"https:\\\/\\\/www.mines-stetienne.fr\\\/panoramines\\\/#\\\/schema\\\/person\\\/4122d0d44b90eef069d2cca2a9ed05eb\"},\"breadcrumb\":{\"@id\":\"https:\\\/\\\/www.mines-stetienne.fr\\\/panoramines\\\/2026\\\/03\\\/27\\\/la-terre-tremble-a-la-rotonde\\\/#breadcrumb\"},\"inLanguage\":\"fr-FR\",\"potentialAction\":[{\"@type\":\"ReadAction\",\"target\":[\"https:\\\/\\\/www.mines-stetienne.fr\\\/panoramines\\\/2026\\\/03\\\/27\\\/la-terre-tremble-a-la-rotonde\\\/\"]}]},{\"@type\":\"ImageObject\",\"inLanguage\":\"fr-FR\",\"@id\":\"https:\\\/\\\/www.mines-stetienne.fr\\\/panoramines\\\/2026\\\/03\\\/27\\\/la-terre-tremble-a-la-rotonde\\\/#primaryimage\",\"url\":\"https:\\\/\\\/www.mines-stetienne.fr\\\/panoramines\\\/wp-content\\\/uploads\\\/sites\\\/3\\\/2026\\\/03\\\/bandeau-1.jpg\",\"contentUrl\":\"https:\\\/\\\/www.mines-stetienne.fr\\\/panoramines\\\/wp-content\\\/uploads\\\/sites\\\/3\\\/2026\\\/03\\\/bandeau-1.jpg\",\"width\":1200,\"height\":620},{\"@type\":\"BreadcrumbList\",\"@id\":\"https:\\\/\\\/www.mines-stetienne.fr\\\/panoramines\\\/2026\\\/03\\\/27\\\/la-terre-tremble-a-la-rotonde\\\/#breadcrumb\",\"itemListElement\":[{\"@type\":\"ListItem\",\"position\":1,\"name\":\"Accueil\",\"item\":\"https:\\\/\\\/www.mines-stetienne.fr\\\/panoramines\\\/\"},{\"@type\":\"ListItem\",\"position\":2,\"name\":\"La terre tremble \u00e0 La Rotonde\"}]},{\"@type\":\"WebSite\",\"@id\":\"https:\\\/\\\/www.mines-stetienne.fr\\\/panoramines\\\/#website\",\"url\":\"https:\\\/\\\/www.mines-stetienne.fr\\\/panoramines\\\/\",\"name\":\"Panoramines\",\"description\":\"Panoramines, l\u2019actualit\u00e9 de MINES Saint-\u00c9tienne\",\"potentialAction\":[{\"@type\":\"SearchAction\",\"target\":{\"@type\":\"EntryPoint\",\"urlTemplate\":\"https:\\\/\\\/www.mines-stetienne.fr\\\/panoramines\\\/?s={search_term_string}\"},\"query-input\":{\"@type\":\"PropertyValueSpecification\",\"valueRequired\":true,\"valueName\":\"search_term_string\"}}],\"inLanguage\":\"fr-FR\"},{\"@type\":\"Person\",\"@id\":\"https:\\\/\\\/www.mines-stetienne.fr\\\/panoramines\\\/#\\\/schema\\\/person\\\/4122d0d44b90eef069d2cca2a9ed05eb\",\"name\":\"Marylou BAUDRAND\",\"image\":{\"@type\":\"ImageObject\",\"inLanguage\":\"fr-FR\",\"@id\":\"https:\\\/\\\/www.mines-stetienne.fr\\\/panoramines\\\/wp-content\\\/uploads\\\/sites\\\/3\\\/2021\\\/07\\\/logo-75x75-1.png\",\"url\":\"https:\\\/\\\/www.mines-stetienne.fr\\\/panoramines\\\/wp-content\\\/uploads\\\/sites\\\/3\\\/2021\\\/07\\\/logo-75x75-1.png\",\"contentUrl\":\"https:\\\/\\\/www.mines-stetienne.fr\\\/panoramines\\\/wp-content\\\/uploads\\\/sites\\\/3\\\/2021\\\/07\\\/logo-75x75-1.png\",\"caption\":\"Marylou BAUDRAND\"},\"url\":\"https:\\\/\\\/www.mines-stetienne.fr\\\/panoramines\\\/author\\\/marylou-baudrand\\\/\"}]}<\/script>\n<!-- \/ Yoast SEO plugin. -->","yoast_head_json":{"title":"La terre tremble \u00e0 La Rotonde - Panoramines","robots":{"index":"index","follow":"follow","max-snippet":"max-snippet:-1","max-image-preview":"max-image-preview:large","max-video-preview":"max-video-preview:-1"},"canonical":"https:\/\/www.mines-stetienne.fr\/panoramines\/2026\/03\/27\/la-terre-tremble-a-la-rotonde\/","og_locale":"fr_FR","og_type":"article","og_title":"La terre tremble \u00e0 La Rotonde - Panoramines","og_description":"La nouvelle exposition&nbsp;\u00ab&nbsp;Quand la terre tremble&nbsp;\u00bb a \u00e9t\u00e9 inaugur\u00e9e Jeudi 26 mars, La Rotonde a inaugur\u00e9 sa nouvelle exposition \u00ab&nbsp;Quand la Terre tremble&nbsp;\u00bb. Volcans, s\u00e9ismes, plaques tectoniques, montagnes en formation, cette exposition propose un fascinant voyage dans le temps et &hellip;","og_url":"https:\/\/www.mines-stetienne.fr\/panoramines\/2026\/03\/27\/la-terre-tremble-a-la-rotonde\/","og_site_name":"Panoramines","article_published_time":"2026-03-27T07:30:00+00:00","og_image":[{"width":1200,"height":620,"url":"https:\/\/www.mines-stetienne.fr\/panoramines\/wp-content\/uploads\/sites\/3\/2026\/03\/bandeau-1.jpg","type":"image\/jpeg"}],"author":"Marylou BAUDRAND","twitter_card":"summary_large_image","twitter_misc":{"\u00c9crit par":"Marylou BAUDRAND","Dur\u00e9e de lecture estim\u00e9e":"2 minutes"},"schema":{"@context":"https:\/\/schema.org","@graph":[{"@type":"Article","@id":"https:\/\/www.mines-stetienne.fr\/panoramines\/2026\/03\/27\/la-terre-tremble-a-la-rotonde\/#article","isPartOf":{"@id":"https:\/\/www.mines-stetienne.fr\/panoramines\/2026\/03\/27\/la-terre-tremble-a-la-rotonde\/"},"author":{"name":"Marylou BAUDRAND","@id":"https:\/\/www.mines-stetienne.fr\/panoramines\/#\/schema\/person\/4122d0d44b90eef069d2cca2a9ed05eb"},"headline":"La terre tremble \u00e0 La Rotonde","datePublished":"2026-03-27T07:30:00+00:00","mainEntityOfPage":{"@id":"https:\/\/www.mines-stetienne.fr\/panoramines\/2026\/03\/27\/la-terre-tremble-a-la-rotonde\/"},"wordCount":329,"image":{"@id":"https:\/\/www.mines-stetienne.fr\/panoramines\/2026\/03\/27\/la-terre-tremble-a-la-rotonde\/#primaryimage"},"thumbnailUrl":"https:\/\/www.mines-stetienne.fr\/panoramines\/wp-content\/uploads\/sites\/3\/2026\/03\/bandeau-1.jpg","keywords":["Culture scientifique","d\u00e9sinformation","Inauguration","La Rotonde","m\u00e9diation scientifique","Mines Saint-Etienne","plaques tectoniques","Saint-Etienne"],"articleSection":["Culture scientifique"],"inLanguage":"fr-FR"},{"@type":"WebPage","@id":"https:\/\/www.mines-stetienne.fr\/panoramines\/2026\/03\/27\/la-terre-tremble-a-la-rotonde\/","url":"https:\/\/www.mines-stetienne.fr\/panoramines\/2026\/03\/27\/la-terre-tremble-a-la-rotonde\/","name":"La terre tremble \u00e0 La Rotonde - Panoramines","isPartOf":{"@id":"https:\/\/www.mines-stetienne.fr\/panoramines\/#website"},"primaryImageOfPage":{"@id":"https:\/\/www.mines-stetienne.fr\/panoramines\/2026\/03\/27\/la-terre-tremble-a-la-rotonde\/#primaryimage"},"image":{"@id":"https:\/\/www.mines-stetienne.fr\/panoramines\/2026\/03\/27\/la-terre-tremble-a-la-rotonde\/#primaryimage"},"thumbnailUrl":"https:\/\/www.mines-stetienne.fr\/panoramines\/wp-content\/uploads\/sites\/3\/2026\/03\/bandeau-1.jpg","datePublished":"2026-03-27T07:30:00+00:00","author":{"@id":"https:\/\/www.mines-stetienne.fr\/panoramines\/#\/schema\/person\/4122d0d44b90eef069d2cca2a9ed05eb"},"breadcrumb":{"@id":"https:\/\/www.mines-stetienne.fr\/panoramines\/2026\/03\/27\/la-terre-tremble-a-la-rotonde\/#breadcrumb"},"inLanguage":"fr-FR","potentialAction":[{"@type":"ReadAction","target":["https:\/\/www.mines-stetienne.fr\/panoramines\/2026\/03\/27\/la-terre-tremble-a-la-rotonde\/"]}]},{"@type":"ImageObject","inLanguage":"fr-FR","@id":"https:\/\/www.mines-stetienne.fr\/panoramines\/2026\/03\/27\/la-terre-tremble-a-la-rotonde\/#primaryimage","url":"https:\/\/www.mines-stetienne.fr\/panoramines\/wp-content\/uploads\/sites\/3\/2026\/03\/bandeau-1.jpg","contentUrl":"https:\/\/www.mines-stetienne.fr\/panoramines\/wp-content\/uploads\/sites\/3\/2026\/03\/bandeau-1.jpg","width":1200,"height":620},{"@type":"BreadcrumbList","@id":"https:\/\/www.mines-stetienne.fr\/panoramines\/2026\/03\/27\/la-terre-tremble-a-la-rotonde\/#breadcrumb","itemListElement":[{"@type":"ListItem","position":1,"name":"Accueil","item":"https:\/\/www.mines-stetienne.fr\/panoramines\/"},{"@type":"ListItem","position":2,"name":"La terre tremble \u00e0 La Rotonde"}]},{"@type":"WebSite","@id":"https:\/\/www.mines-stetienne.fr\/panoramines\/#website","url":"https:\/\/www.mines-stetienne.fr\/panoramines\/","name":"Panoramines","description":"Panoramines, l\u2019actualit\u00e9 de MINES Saint-\u00c9tienne","potentialAction":[{"@type":"SearchAction","target":{"@type":"EntryPoint","urlTemplate":"https:\/\/www.mines-stetienne.fr\/panoramines\/?s={search_term_string}"},"query-input":{"@type":"PropertyValueSpecification","valueRequired":true,"valueName":"search_term_string"}}],"inLanguage":"fr-FR"},{"@type":"Person","@id":"https:\/\/www.mines-stetienne.fr\/panoramines\/#\/schema\/person\/4122d0d44b90eef069d2cca2a9ed05eb","name":"Marylou BAUDRAND","image":{"@type":"ImageObject","inLanguage":"fr-FR","@id":"https:\/\/www.mines-stetienne.fr\/panoramines\/wp-content\/uploads\/sites\/3\/2021\/07\/logo-75x75-1.png","url":"https:\/\/www.mines-stetienne.fr\/panoramines\/wp-content\/uploads\/sites\/3\/2021\/07\/logo-75x75-1.png","contentUrl":"https:\/\/www.mines-stetienne.fr\/panoramines\/wp-content\/uploads\/sites\/3\/2021\/07\/logo-75x75-1.png","caption":"Marylou BAUDRAND"},"url":"https:\/\/www.mines-stetienne.fr\/panoramines\/author\/marylou-baudrand\/"}]}},"_links":{"self":[{"href":"https:\/\/www.mines-stetienne.fr\/panoramines\/wp-json\/wp\/v2\/posts\/29057","targetHints":{"allow":["GET"]}}],"collection":[{"href":"https:\/\/www.mines-stetienne.fr\/panoramines\/wp-json\/wp\/v2\/posts"}],"about":[{"href":"https:\/\/www.mines-stetienne.fr\/panoramines\/wp-json\/wp\/v2\/types\/post"}],"author":[{"embeddable":true,"href":"https:\/\/www.mines-stetienne.fr\/panoramines\/wp-json\/wp\/v2\/users\/12778"}],"replies":[{"embeddable":true,"href":"https:\/\/www.mines-stetienne.fr\/panoramines\/wp-json\/wp\/v2\/comments?post=29057"}],"version-history":[{"count":4,"href":"https:\/\/www.mines-stetienne.fr\/panoramines\/wp-json\/wp\/v2\/posts\/29057\/revisions"}],"predecessor-version":[{"id":29224,"href":"https:\/\/www.mines-stetienne.fr\/panoramines\/wp-json\/wp\/v2\/posts\/29057\/revisions\/29224"}],"wp:featuredmedia":[{"embeddable":true,"href":"https:\/\/www.mines-stetienne.fr\/panoramines\/wp-json\/wp\/v2\/media\/29163"}],"wp:attachment":[{"href":"https:\/\/www.mines-stetienne.fr\/panoramines\/wp-json\/wp\/v2\/media?parent=29057"}],"wp:term":[{"taxonomy":"category","embeddable":true,"href":"https:\/\/www.mines-stetienne.fr\/panoramines\/wp-json\/wp\/v2\/categories?post=29057"},{"taxonomy":"post_tag","embeddable":true,"href":"https:\/\/www.mines-stetienne.fr\/panoramines\/wp-json\/wp\/v2\/tags?post=29057"}],"curies":[{"name":"wp","href":"https:\/\/api.w.org\/{rel}","templated":true}]}}