{"id":29012,"date":"2026-03-16T08:25:43","date_gmt":"2026-03-16T07:25:43","guid":{"rendered":"https:\/\/www.mines-stetienne.fr\/panoramines\/?p=29012"},"modified":"2026-03-16T08:28:22","modified_gmt":"2026-03-16T07:28:22","slug":"explora-provence-lance-sa-programmation-entretien-avec-estelle-nakul","status":"publish","type":"post","link":"https:\/\/www.mines-stetienne.fr\/panoramines\/2026\/03\/16\/explora-provence-lance-sa-programmation-entretien-avec-estelle-nakul\/","title":{"rendered":"Explora Provence lance sa programmation : entretien avec Estelle Nakul !"},"content":{"rendered":"\n<p class=\"has-text-align-center has-vivid-purple-color has-text-color has-link-color wp-elements-5eedf6c22cabea94510fcb142e221137\"><em>Le 24 mars prochain, Explora Provence lance sa programmation sur le campus Aix-Marseille-Provence avec une conf\u00e9rence intitul\u00e9e \u00ab <\/em><strong><em>Les oc\u00e9ans, poumons bleus de la plan\u00e8te : sont-ils en train de s&rsquo;asphyxier ? <\/em><\/strong><em>\u00bb, men\u00e9e par Guillaume Leduc, chercheur CNRS.<\/em><\/p>\n\n\n\n<p>A cette occasion, nous revenons sur le <strong>d\u00e9ploiement des missions de La Rotonde <\/strong>sur le campus gardannais en posant quelques questions \u00e0 <strong>Estelle Nakul<\/strong>. Responsable d\u2019Explora Provence depuis d\u00e9cembre 2025, Estelle est docteure en neurosciences et charg\u00e9e du d\u00e9veloppement de ce nouveau lieu culturel ainsi que du maintien du lien avec La Rotonde en r\u00e9gion Provence-Alpes-C\u00f4te d&rsquo;Azur.<\/p>\n\n\n\n<p><\/p>\n\n\n\n<p class=\"has-black-color has-text-color has-link-color wp-elements-48bba544f02eca7bb5aadb558b252b44\"><strong><em>Peux-tu nous parler de tes missions en tant que responsable d\u2019Explora Provence ?<br><\/em><\/strong>Je suis charg\u00e9e de l\u2019installation et du d\u00e9ploiement du concept Explora Provence, de sa programmation, avec l&rsquo;animation et la conception d&rsquo;ateliers et d&rsquo;\u00e9v\u00e9nements, et je d\u00e9veloppe des projets de d\u00e9couverte et d&rsquo;\u00e9ducation aux sciences avec les partenaires locaux. En bref, je d\u00e9veloppe et je g\u00e8re ce nouveau lieu culturel et je suis un relai de La Rotonde en r\u00e9gion Provence-Alpes-C\u00f4te d&rsquo;Azur.<\/p>\n\n\n\n<p class=\"has-black-color has-text-color has-link-color wp-elements-9ac00cf961d1ea846fe5a532228b76c6\"><\/p>\n\n\n\n<p class=\"has-black-color has-text-color has-link-color wp-elements-3d9473b0eb8d91e07a8d383bbff2e460\"><em><strong>Qu\u2019est-ce qu\u2019Explora Provence va apporter au campus gardannais ?<br><\/strong><\/em>Explora Provence est un nouvel espace d&rsquo;exp\u00e9rimentation, de manipulation et de m\u00e9diation pour comprendre les sciences en fabriquant, \u00e0 Gardanne. Ce lieu est port\u00e9 par La Rotonde, le Centre de Culture Scientifique, Technique et Industrielle de l\u2019\u00c9cole des Mines de Saint-\u00c9tienne et se trouve sur le campus Aix-Marseille-Provence. Explora Provence devrait s&rsquo;installer dans le nouveau b\u00e2timent SPOT en 2027, pour \u00eatre un lieu culturel accessible \u00e0 toutes et \u00e0 tous au c\u0153ur de l&rsquo;\u00e9cosyst\u00e8me des sciences et de l&rsquo;innovation.<br>D\u00e8s mars 2026, Explora Provence lance sa programmation de pr\u00e9figuration \u00e0 Gardanne. Explora Provence adapte le concept d&rsquo;Explora Saint-\u00c9tienne qui rencontre un fort succ\u00e8s depuis 5 ans et se base donc sur un mod\u00e8le \u00e9prouv\u00e9. Sa programmation de pr\u00e9figuration s&rsquo;adresse pour l&rsquo;instant au grand public d\u00e8s 6 ans, aux scolaires et aux centres de loisirs, avec des ateliers et des \u00e9v\u00e9nements dans ou hors les murs. Nous esp\u00e9rons proposer des ateliers pour les plus petits, d\u00e8s 3 ans, d&rsquo;ici fin 2026. Lorsque qu&rsquo;Explora Provence s&rsquo;installera dans le b\u00e2timent SPOT, nous pourrons \u00e9largir notre proposition d&rsquo;ateliers et d&rsquo;\u00e9v\u00e9nements mais aussi proposer des expositions interactives.<\/p>\n\n\n\n<p class=\"has-text-align-center\"><em>\ud83d\udc49 Rappelons que La Rotonde est d\u00e9j\u00e0 pr\u00e9sente \u00e0 Gardanne depuis plusieurs ann\u00e9es. L&rsquo;arriv\u00e9e d&rsquo;Explora Provence permet une mont\u00e9e en puissance, pour d\u00e9velopper plus de projets et pour contribuer \u00e0 plus d&rsquo;ouverture et d&rsquo;accessibilit\u00e9 du campus Aix-Marseille-Provence \u00e0 toutes et \u00e0 tous. C&rsquo;est aussi la cr\u00e9ation d&rsquo;un nouveau lieu de culture scientifique \u00e0 Gardanne, ce qui va am\u00e9liorer l&rsquo;offre culturelle locale et permettre d&rsquo;atteindre des publics \u00e9loign\u00e9s et d\u00e9favoris\u00e9s dans l&rsquo;acc\u00e8s aux sciences.<\/em><\/p>\n\n\n\n<p><\/p>\n\n\n\n<p class=\"has-black-color has-text-color has-link-color wp-elements-0db694ce0843b03a2823da9ce40c8674\"><strong><em>Peux-tu nous parler de la conf\u00e9rence \u00ab Les oc\u00e9ans, poumons bleus de la plan\u00e8te : sont-ils en train de s&rsquo;asphyxier ? \u00bb<\/em><\/strong><br>Dans le cadre de sa programmation de pr\u00e9figuration, Explora Provence lance les \u00ab\u00a0Rencontres Explora Provence\u00a0\u00bb : des conf\u00e9rences accessibles au plus grand nombre pour d\u00e9couvrir les recherches en cours sur des th\u00e9matiques fortes en r\u00e9gion Provence-Alpes-C\u00f4te d&rsquo;Azur.<br>Entre mars et juin 2026, nous pr\u00e9voyons d&rsquo;organiser 4 conf\u00e9rences en soir\u00e9e la semaine, une par mois. Ces conf\u00e9rences auront lieu soit directement sur le campus Aix-Marseille-Provence, o\u00f9 se trouve Explora Provence, soit \u00e0 la m\u00e9diath\u00e8que de Gardanne, notre partenaire.<br>La conf\u00e9rence \u00ab Les oc\u00e9ans, poumons bleus de la plan\u00e8te : sont-ils en train de s&rsquo;asphyxier ?\u00a0\u00bb est anim\u00e9e par Guillaume Leduc, chercheur du CNRS au laboratoire CEREGE (Centre Europ\u00e9en de Recherche et d&rsquo;Enseignement des G\u00e9osciences de l&rsquo;Environnement). Elle est accessible d\u00e8s 13 ans et comme pour toutes les Rencontres Explora Provence, il s&rsquo;agit de pr\u00e9senter un sujet de recherche actuel de fa\u00e7on accessible pendant environ 45 minutes, puis d&rsquo;ouvrir la discussion entre chercheur.e.s et public pendant environ 15 minutes.<br>Les Rencontres sont chacune accompagn\u00e9e d&rsquo;une facilitation graphique en direct pour la r\u00e9alisation d&rsquo;une mini-BD, qui sera diffus\u00e9e sur les r\u00e9seaux sociaux quelques jours apr\u00e8s la conf\u00e9rence et imprim\u00e9e pour affichage \u00e0 Explora Provence et lors d&rsquo;\u00e9v\u00e9nements de culture scientifique dans ou hors les murs.<\/p>\n\n\n\n<p class=\"has-text-align-center\"><em>\ud83d\udc49 Peu de gens savent que de vastes zones oc\u00e9aniques sont naturellement d\u00e9pourvues d\u2019oxyg\u00e8ne. La pal\u00e9oclimatologie nous indique que ces zones ont, dans le pass\u00e9, pu s\u2019\u00e9tendre ou dispara\u00eetre en fonction des changements climatiques. Cette conf\u00e9rence expliquera comment et pourquoi ces zones sont pr\u00e9sentes dans l\u2019oc\u00e9an, et comment elles risquent d\u2019\u00e9voluer en r\u00e9ponse au r\u00e9chauffement climatique et \u00e0 la surp\u00eache.<\/em><\/p>\n\n\n\n<p><\/p>\n\n\n\n<p class=\"has-vivid-purple-color has-text-color has-link-color wp-elements-e162003a8a1a1098537163212f548bbb\"><strong>Le rendez-vous est pris : mardi 24 mars 2026 \u00e0 18h, sur le campus Aix-Marseille-Provence !<\/strong><\/p>\n\n\n\n<p>Plus d\u2019infos : <a href=\"https:\/\/www.larotonde-sciences.com\/app\/uploads\/2026\/02\/Programme-Explora-Provence-mars-juill-2026_WEB-min.pdf\">https:\/\/www.larotonde-sciences.com\/app\/uploads\/2026\/02\/Programme-Explora-Provence-mars-juill-2026_WEB-min.pdf<\/a><\/p>\n\n\n\n<p><\/p>\n","protected":false},"excerpt":{"rendered":"<p>Le 24 mars prochain, Explora Provence lance sa programmation sur le campus Aix-Marseille-Provence avec une conf\u00e9rence intitul\u00e9e \u00ab Les oc\u00e9ans, poumons bleus de la plan\u00e8te : sont-ils en train de s&rsquo;asphyxier ? \u00bb, men\u00e9e par Guillaume Leduc, chercheur CNRS. A &hellip;<\/p>\n","protected":false},"author":12778,"featured_media":29017,"comment_status":"closed","ping_status":"open","sticky":false,"template":"","format":"standard","meta":{"_relevanssi_hide_post":"","_relevanssi_hide_content":"","_relevanssi_pin_for_all":"","_relevanssi_pin_keywords":"","_relevanssi_unpin_keywords":"","_relevanssi_related_keywords":"","_relevanssi_related_include_ids":"","_relevanssi_related_exclude_ids":"","_relevanssi_related_no_append":"","_relevanssi_related_not_related":"","_relevanssi_related_posts":"19333,28424,27845,17104,28602,19601","_relevanssi_noindex_reason":"","footnotes":""},"categories":[10],"tags":[971,532,166,1278,40,309,649,873,989],"class_list":["post-29012","post","type-post","status-publish","format-standard","has-post-thumbnail","hentry","category-culture-scientifique","tag-campus-aix-marseille-provence","tag-cnrs","tag-culture-scientifique","tag-explora-provence","tag-innovation","tag-la-rotonde","tag-mediation","tag-mines-saint-etienne","tag-projet-spot"],"pp_statuses_selecting_workflow":false,"pp_workflow_action":"current","pp_status_selection":"publish","pp_force_visibility":null,"pp_subpost_visibility":null,"pp_inherited_force_visibility":null,"pp_inherited_subpost_visibility":null,"yoast_head":"<!-- This site is optimized with the Yoast SEO plugin v27.5 - https:\/\/yoast.com\/product\/yoast-seo-wordpress\/ -->\n<title>Explora Provence lance sa programmation : entretien avec Estelle Nakul ! - Panoramines<\/title>\n<meta name=\"robots\" content=\"index, follow, max-snippet:-1, max-image-preview:large, max-video-preview:-1\" \/>\n<link rel=\"canonical\" href=\"https:\/\/www.mines-stetienne.fr\/panoramines\/2026\/03\/16\/explora-provence-lance-sa-programmation-entretien-avec-estelle-nakul\/\" \/>\n<meta property=\"og:locale\" content=\"fr_FR\" \/>\n<meta property=\"og:type\" content=\"article\" \/>\n<meta property=\"og:title\" content=\"Explora Provence lance sa programmation : entretien avec Estelle Nakul ! - Panoramines\" \/>\n<meta property=\"og:description\" content=\"Le 24 mars prochain, Explora Provence lance sa programmation sur le campus Aix-Marseille-Provence avec une conf\u00e9rence intitul\u00e9e \u00ab Les oc\u00e9ans, poumons bleus de la plan\u00e8te : sont-ils en train de s&rsquo;asphyxier ? \u00bb, men\u00e9e par Guillaume Leduc, chercheur CNRS. A &hellip;\" \/>\n<meta property=\"og:url\" content=\"https:\/\/www.mines-stetienne.fr\/panoramines\/2026\/03\/16\/explora-provence-lance-sa-programmation-entretien-avec-estelle-nakul\/\" \/>\n<meta property=\"og:site_name\" content=\"Panoramines\" \/>\n<meta property=\"article:published_time\" content=\"2026-03-16T07:25:43+00:00\" \/>\n<meta property=\"article:modified_time\" content=\"2026-03-16T07:28:22+00:00\" \/>\n<meta property=\"og:image\" content=\"https:\/\/www.mines-stetienne.fr\/panoramines\/wp-content\/uploads\/sites\/3\/2026\/02\/mockup_photo_exterieur_salle.jpg\" \/>\n\t<meta property=\"og:image:width\" content=\"1140\" \/>\n\t<meta property=\"og:image:height\" content=\"570\" \/>\n\t<meta property=\"og:image:type\" content=\"image\/jpeg\" \/>\n<meta name=\"author\" content=\"Marylou BAUDRAND\" \/>\n<meta name=\"twitter:card\" content=\"summary_large_image\" \/>\n<meta name=\"twitter:label1\" content=\"\u00c9crit par\" \/>\n\t<meta name=\"twitter:data1\" content=\"Marylou BAUDRAND\" \/>\n\t<meta name=\"twitter:label2\" content=\"Dur\u00e9e de lecture estim\u00e9e\" \/>\n\t<meta name=\"twitter:data2\" content=\"4 minutes\" \/>\n<script type=\"application\/ld+json\" class=\"yoast-schema-graph\">{\"@context\":\"https:\\\/\\\/schema.org\",\"@graph\":[{\"@type\":\"Article\",\"@id\":\"https:\\\/\\\/www.mines-stetienne.fr\\\/panoramines\\\/2026\\\/03\\\/16\\\/explora-provence-lance-sa-programmation-entretien-avec-estelle-nakul\\\/#article\",\"isPartOf\":{\"@id\":\"https:\\\/\\\/www.mines-stetienne.fr\\\/panoramines\\\/2026\\\/03\\\/16\\\/explora-provence-lance-sa-programmation-entretien-avec-estelle-nakul\\\/\"},\"author\":{\"name\":\"Marylou BAUDRAND\",\"@id\":\"https:\\\/\\\/www.mines-stetienne.fr\\\/panoramines\\\/#\\\/schema\\\/person\\\/4122d0d44b90eef069d2cca2a9ed05eb\"},\"headline\":\"Explora Provence lance sa programmation : entretien avec Estelle Nakul !\",\"datePublished\":\"2026-03-16T07:25:43+00:00\",\"dateModified\":\"2026-03-16T07:28:22+00:00\",\"mainEntityOfPage\":{\"@id\":\"https:\\\/\\\/www.mines-stetienne.fr\\\/panoramines\\\/2026\\\/03\\\/16\\\/explora-provence-lance-sa-programmation-entretien-avec-estelle-nakul\\\/\"},\"wordCount\":818,\"image\":{\"@id\":\"https:\\\/\\\/www.mines-stetienne.fr\\\/panoramines\\\/2026\\\/03\\\/16\\\/explora-provence-lance-sa-programmation-entretien-avec-estelle-nakul\\\/#primaryimage\"},\"thumbnailUrl\":\"https:\\\/\\\/www.mines-stetienne.fr\\\/panoramines\\\/wp-content\\\/uploads\\\/sites\\\/3\\\/2026\\\/02\\\/mockup_photo_exterieur_salle.jpg\",\"keywords\":[\"Campus Aix-Marseille-Provence\",\"CNRS\",\"Culture scientifique\",\"explora provence\",\"Innovation\",\"La Rotonde\",\"M\u00e9diation\",\"Mines Saint-Etienne\",\"Projet SPOT\"],\"articleSection\":[\"Culture scientifique\"],\"inLanguage\":\"fr-FR\"},{\"@type\":\"WebPage\",\"@id\":\"https:\\\/\\\/www.mines-stetienne.fr\\\/panoramines\\\/2026\\\/03\\\/16\\\/explora-provence-lance-sa-programmation-entretien-avec-estelle-nakul\\\/\",\"url\":\"https:\\\/\\\/www.mines-stetienne.fr\\\/panoramines\\\/2026\\\/03\\\/16\\\/explora-provence-lance-sa-programmation-entretien-avec-estelle-nakul\\\/\",\"name\":\"Explora Provence lance sa programmation : entretien avec Estelle Nakul ! - Panoramines\",\"isPartOf\":{\"@id\":\"https:\\\/\\\/www.mines-stetienne.fr\\\/panoramines\\\/#website\"},\"primaryImageOfPage\":{\"@id\":\"https:\\\/\\\/www.mines-stetienne.fr\\\/panoramines\\\/2026\\\/03\\\/16\\\/explora-provence-lance-sa-programmation-entretien-avec-estelle-nakul\\\/#primaryimage\"},\"image\":{\"@id\":\"https:\\\/\\\/www.mines-stetienne.fr\\\/panoramines\\\/2026\\\/03\\\/16\\\/explora-provence-lance-sa-programmation-entretien-avec-estelle-nakul\\\/#primaryimage\"},\"thumbnailUrl\":\"https:\\\/\\\/www.mines-stetienne.fr\\\/panoramines\\\/wp-content\\\/uploads\\\/sites\\\/3\\\/2026\\\/02\\\/mockup_photo_exterieur_salle.jpg\",\"datePublished\":\"2026-03-16T07:25:43+00:00\",\"dateModified\":\"2026-03-16T07:28:22+00:00\",\"author\":{\"@id\":\"https:\\\/\\\/www.mines-stetienne.fr\\\/panoramines\\\/#\\\/schema\\\/person\\\/4122d0d44b90eef069d2cca2a9ed05eb\"},\"breadcrumb\":{\"@id\":\"https:\\\/\\\/www.mines-stetienne.fr\\\/panoramines\\\/2026\\\/03\\\/16\\\/explora-provence-lance-sa-programmation-entretien-avec-estelle-nakul\\\/#breadcrumb\"},\"inLanguage\":\"fr-FR\",\"potentialAction\":[{\"@type\":\"ReadAction\",\"target\":[\"https:\\\/\\\/www.mines-stetienne.fr\\\/panoramines\\\/2026\\\/03\\\/16\\\/explora-provence-lance-sa-programmation-entretien-avec-estelle-nakul\\\/\"]}]},{\"@type\":\"ImageObject\",\"inLanguage\":\"fr-FR\",\"@id\":\"https:\\\/\\\/www.mines-stetienne.fr\\\/panoramines\\\/2026\\\/03\\\/16\\\/explora-provence-lance-sa-programmation-entretien-avec-estelle-nakul\\\/#primaryimage\",\"url\":\"https:\\\/\\\/www.mines-stetienne.fr\\\/panoramines\\\/wp-content\\\/uploads\\\/sites\\\/3\\\/2026\\\/02\\\/mockup_photo_exterieur_salle.jpg\",\"contentUrl\":\"https:\\\/\\\/www.mines-stetienne.fr\\\/panoramines\\\/wp-content\\\/uploads\\\/sites\\\/3\\\/2026\\\/02\\\/mockup_photo_exterieur_salle.jpg\",\"width\":1140,\"height\":570},{\"@type\":\"BreadcrumbList\",\"@id\":\"https:\\\/\\\/www.mines-stetienne.fr\\\/panoramines\\\/2026\\\/03\\\/16\\\/explora-provence-lance-sa-programmation-entretien-avec-estelle-nakul\\\/#breadcrumb\",\"itemListElement\":[{\"@type\":\"ListItem\",\"position\":1,\"name\":\"Accueil\",\"item\":\"https:\\\/\\\/www.mines-stetienne.fr\\\/panoramines\\\/\"},{\"@type\":\"ListItem\",\"position\":2,\"name\":\"Explora Provence lance sa programmation : entretien avec Estelle Nakul !\"}]},{\"@type\":\"WebSite\",\"@id\":\"https:\\\/\\\/www.mines-stetienne.fr\\\/panoramines\\\/#website\",\"url\":\"https:\\\/\\\/www.mines-stetienne.fr\\\/panoramines\\\/\",\"name\":\"Panoramines\",\"description\":\"Panoramines, l\u2019actualit\u00e9 de MINES Saint-\u00c9tienne\",\"potentialAction\":[{\"@type\":\"SearchAction\",\"target\":{\"@type\":\"EntryPoint\",\"urlTemplate\":\"https:\\\/\\\/www.mines-stetienne.fr\\\/panoramines\\\/?s={search_term_string}\"},\"query-input\":{\"@type\":\"PropertyValueSpecification\",\"valueRequired\":true,\"valueName\":\"search_term_string\"}}],\"inLanguage\":\"fr-FR\"},{\"@type\":\"Person\",\"@id\":\"https:\\\/\\\/www.mines-stetienne.fr\\\/panoramines\\\/#\\\/schema\\\/person\\\/4122d0d44b90eef069d2cca2a9ed05eb\",\"name\":\"Marylou BAUDRAND\",\"image\":{\"@type\":\"ImageObject\",\"inLanguage\":\"fr-FR\",\"@id\":\"https:\\\/\\\/www.mines-stetienne.fr\\\/panoramines\\\/wp-content\\\/uploads\\\/sites\\\/3\\\/2021\\\/07\\\/logo-75x75-1.png\",\"url\":\"https:\\\/\\\/www.mines-stetienne.fr\\\/panoramines\\\/wp-content\\\/uploads\\\/sites\\\/3\\\/2021\\\/07\\\/logo-75x75-1.png\",\"contentUrl\":\"https:\\\/\\\/www.mines-stetienne.fr\\\/panoramines\\\/wp-content\\\/uploads\\\/sites\\\/3\\\/2021\\\/07\\\/logo-75x75-1.png\",\"caption\":\"Marylou BAUDRAND\"},\"url\":\"https:\\\/\\\/www.mines-stetienne.fr\\\/panoramines\\\/author\\\/marylou-baudrand\\\/\"}]}<\/script>\n<!-- \/ Yoast SEO plugin. -->","yoast_head_json":{"title":"Explora Provence lance sa programmation : entretien avec Estelle Nakul ! - Panoramines","robots":{"index":"index","follow":"follow","max-snippet":"max-snippet:-1","max-image-preview":"max-image-preview:large","max-video-preview":"max-video-preview:-1"},"canonical":"https:\/\/www.mines-stetienne.fr\/panoramines\/2026\/03\/16\/explora-provence-lance-sa-programmation-entretien-avec-estelle-nakul\/","og_locale":"fr_FR","og_type":"article","og_title":"Explora Provence lance sa programmation : entretien avec Estelle Nakul ! - Panoramines","og_description":"Le 24 mars prochain, Explora Provence lance sa programmation sur le campus Aix-Marseille-Provence avec une conf\u00e9rence intitul\u00e9e \u00ab Les oc\u00e9ans, poumons bleus de la plan\u00e8te : sont-ils en train de s&rsquo;asphyxier ? \u00bb, men\u00e9e par Guillaume Leduc, chercheur CNRS. A &hellip;","og_url":"https:\/\/www.mines-stetienne.fr\/panoramines\/2026\/03\/16\/explora-provence-lance-sa-programmation-entretien-avec-estelle-nakul\/","og_site_name":"Panoramines","article_published_time":"2026-03-16T07:25:43+00:00","article_modified_time":"2026-03-16T07:28:22+00:00","og_image":[{"width":1140,"height":570,"url":"https:\/\/www.mines-stetienne.fr\/panoramines\/wp-content\/uploads\/sites\/3\/2026\/02\/mockup_photo_exterieur_salle.jpg","type":"image\/jpeg"}],"author":"Marylou BAUDRAND","twitter_card":"summary_large_image","twitter_misc":{"\u00c9crit par":"Marylou BAUDRAND","Dur\u00e9e de lecture estim\u00e9e":"4 minutes"},"schema":{"@context":"https:\/\/schema.org","@graph":[{"@type":"Article","@id":"https:\/\/www.mines-stetienne.fr\/panoramines\/2026\/03\/16\/explora-provence-lance-sa-programmation-entretien-avec-estelle-nakul\/#article","isPartOf":{"@id":"https:\/\/www.mines-stetienne.fr\/panoramines\/2026\/03\/16\/explora-provence-lance-sa-programmation-entretien-avec-estelle-nakul\/"},"author":{"name":"Marylou BAUDRAND","@id":"https:\/\/www.mines-stetienne.fr\/panoramines\/#\/schema\/person\/4122d0d44b90eef069d2cca2a9ed05eb"},"headline":"Explora Provence lance sa programmation : entretien avec Estelle Nakul !","datePublished":"2026-03-16T07:25:43+00:00","dateModified":"2026-03-16T07:28:22+00:00","mainEntityOfPage":{"@id":"https:\/\/www.mines-stetienne.fr\/panoramines\/2026\/03\/16\/explora-provence-lance-sa-programmation-entretien-avec-estelle-nakul\/"},"wordCount":818,"image":{"@id":"https:\/\/www.mines-stetienne.fr\/panoramines\/2026\/03\/16\/explora-provence-lance-sa-programmation-entretien-avec-estelle-nakul\/#primaryimage"},"thumbnailUrl":"https:\/\/www.mines-stetienne.fr\/panoramines\/wp-content\/uploads\/sites\/3\/2026\/02\/mockup_photo_exterieur_salle.jpg","keywords":["Campus Aix-Marseille-Provence","CNRS","Culture scientifique","explora provence","Innovation","La Rotonde","M\u00e9diation","Mines Saint-Etienne","Projet SPOT"],"articleSection":["Culture scientifique"],"inLanguage":"fr-FR"},{"@type":"WebPage","@id":"https:\/\/www.mines-stetienne.fr\/panoramines\/2026\/03\/16\/explora-provence-lance-sa-programmation-entretien-avec-estelle-nakul\/","url":"https:\/\/www.mines-stetienne.fr\/panoramines\/2026\/03\/16\/explora-provence-lance-sa-programmation-entretien-avec-estelle-nakul\/","name":"Explora Provence lance sa programmation : entretien avec Estelle Nakul ! - Panoramines","isPartOf":{"@id":"https:\/\/www.mines-stetienne.fr\/panoramines\/#website"},"primaryImageOfPage":{"@id":"https:\/\/www.mines-stetienne.fr\/panoramines\/2026\/03\/16\/explora-provence-lance-sa-programmation-entretien-avec-estelle-nakul\/#primaryimage"},"image":{"@id":"https:\/\/www.mines-stetienne.fr\/panoramines\/2026\/03\/16\/explora-provence-lance-sa-programmation-entretien-avec-estelle-nakul\/#primaryimage"},"thumbnailUrl":"https:\/\/www.mines-stetienne.fr\/panoramines\/wp-content\/uploads\/sites\/3\/2026\/02\/mockup_photo_exterieur_salle.jpg","datePublished":"2026-03-16T07:25:43+00:00","dateModified":"2026-03-16T07:28:22+00:00","author":{"@id":"https:\/\/www.mines-stetienne.fr\/panoramines\/#\/schema\/person\/4122d0d44b90eef069d2cca2a9ed05eb"},"breadcrumb":{"@id":"https:\/\/www.mines-stetienne.fr\/panoramines\/2026\/03\/16\/explora-provence-lance-sa-programmation-entretien-avec-estelle-nakul\/#breadcrumb"},"inLanguage":"fr-FR","potentialAction":[{"@type":"ReadAction","target":["https:\/\/www.mines-stetienne.fr\/panoramines\/2026\/03\/16\/explora-provence-lance-sa-programmation-entretien-avec-estelle-nakul\/"]}]},{"@type":"ImageObject","inLanguage":"fr-FR","@id":"https:\/\/www.mines-stetienne.fr\/panoramines\/2026\/03\/16\/explora-provence-lance-sa-programmation-entretien-avec-estelle-nakul\/#primaryimage","url":"https:\/\/www.mines-stetienne.fr\/panoramines\/wp-content\/uploads\/sites\/3\/2026\/02\/mockup_photo_exterieur_salle.jpg","contentUrl":"https:\/\/www.mines-stetienne.fr\/panoramines\/wp-content\/uploads\/sites\/3\/2026\/02\/mockup_photo_exterieur_salle.jpg","width":1140,"height":570},{"@type":"BreadcrumbList","@id":"https:\/\/www.mines-stetienne.fr\/panoramines\/2026\/03\/16\/explora-provence-lance-sa-programmation-entretien-avec-estelle-nakul\/#breadcrumb","itemListElement":[{"@type":"ListItem","position":1,"name":"Accueil","item":"https:\/\/www.mines-stetienne.fr\/panoramines\/"},{"@type":"ListItem","position":2,"name":"Explora Provence lance sa programmation : entretien avec Estelle Nakul !"}]},{"@type":"WebSite","@id":"https:\/\/www.mines-stetienne.fr\/panoramines\/#website","url":"https:\/\/www.mines-stetienne.fr\/panoramines\/","name":"Panoramines","description":"Panoramines, l\u2019actualit\u00e9 de MINES Saint-\u00c9tienne","potentialAction":[{"@type":"SearchAction","target":{"@type":"EntryPoint","urlTemplate":"https:\/\/www.mines-stetienne.fr\/panoramines\/?s={search_term_string}"},"query-input":{"@type":"PropertyValueSpecification","valueRequired":true,"valueName":"search_term_string"}}],"inLanguage":"fr-FR"},{"@type":"Person","@id":"https:\/\/www.mines-stetienne.fr\/panoramines\/#\/schema\/person\/4122d0d44b90eef069d2cca2a9ed05eb","name":"Marylou BAUDRAND","image":{"@type":"ImageObject","inLanguage":"fr-FR","@id":"https:\/\/www.mines-stetienne.fr\/panoramines\/wp-content\/uploads\/sites\/3\/2021\/07\/logo-75x75-1.png","url":"https:\/\/www.mines-stetienne.fr\/panoramines\/wp-content\/uploads\/sites\/3\/2021\/07\/logo-75x75-1.png","contentUrl":"https:\/\/www.mines-stetienne.fr\/panoramines\/wp-content\/uploads\/sites\/3\/2021\/07\/logo-75x75-1.png","caption":"Marylou BAUDRAND"},"url":"https:\/\/www.mines-stetienne.fr\/panoramines\/author\/marylou-baudrand\/"}]}},"_links":{"self":[{"href":"https:\/\/www.mines-stetienne.fr\/panoramines\/wp-json\/wp\/v2\/posts\/29012","targetHints":{"allow":["GET"]}}],"collection":[{"href":"https:\/\/www.mines-stetienne.fr\/panoramines\/wp-json\/wp\/v2\/posts"}],"about":[{"href":"https:\/\/www.mines-stetienne.fr\/panoramines\/wp-json\/wp\/v2\/types\/post"}],"author":[{"embeddable":true,"href":"https:\/\/www.mines-stetienne.fr\/panoramines\/wp-json\/wp\/v2\/users\/12778"}],"replies":[{"embeddable":true,"href":"https:\/\/www.mines-stetienne.fr\/panoramines\/wp-json\/wp\/v2\/comments?post=29012"}],"version-history":[{"count":6,"href":"https:\/\/www.mines-stetienne.fr\/panoramines\/wp-json\/wp\/v2\/posts\/29012\/revisions"}],"predecessor-version":[{"id":29162,"href":"https:\/\/www.mines-stetienne.fr\/panoramines\/wp-json\/wp\/v2\/posts\/29012\/revisions\/29162"}],"wp:featuredmedia":[{"embeddable":true,"href":"https:\/\/www.mines-stetienne.fr\/panoramines\/wp-json\/wp\/v2\/media\/29017"}],"wp:attachment":[{"href":"https:\/\/www.mines-stetienne.fr\/panoramines\/wp-json\/wp\/v2\/media?parent=29012"}],"wp:term":[{"taxonomy":"category","embeddable":true,"href":"https:\/\/www.mines-stetienne.fr\/panoramines\/wp-json\/wp\/v2\/categories?post=29012"},{"taxonomy":"post_tag","embeddable":true,"href":"https:\/\/www.mines-stetienne.fr\/panoramines\/wp-json\/wp\/v2\/tags?post=29012"}],"curies":[{"name":"wp","href":"https:\/\/api.w.org\/{rel}","templated":true}]}}