{"id":28922,"date":"2026-02-11T08:19:24","date_gmt":"2026-02-11T07:19:24","guid":{"rendered":"https:\/\/www.mines-stetienne.fr\/panoramines\/?p=28922"},"modified":"2026-02-11T10:17:25","modified_gmt":"2026-02-11T09:17:25","slug":"comment-faire-sa-place-dans-lingenierie-echanges-avec-ana-cameirao","status":"publish","type":"post","link":"https:\/\/www.mines-stetienne.fr\/panoramines\/2026\/02\/11\/comment-faire-sa-place-dans-lingenierie-echanges-avec-ana-cameirao\/","title":{"rendered":"Comment faire sa place dans l\u2019ing\u00e9nierie : \u00c9changes avec Ana Cameir\u00e3o"},"content":{"rendered":"\n<p class=\"has-text-align-center\"><em>\u00ab Il faut veiller \u00e0 ce que chaque fille puisse envisager une carri\u00e8re dans les sciences et \u00e0 ce que chaque femme puisse s\u2019\u00e9panouir professionnellement dans ce secteur. \u00bb<\/em><br><strong>Le Secr\u00e9taire g\u00e9n\u00e9ral de l\u2019ONU, Ant\u00f3nio Guterres<\/strong><\/p>\n\n\n\n<p class=\"has-text-align-left\"><strong><br><\/strong>C\u00e9l\u00e9br\u00e9e depuis plus 10 ans, la <strong>Journ\u00e9e internationale des femmes et filles de science<\/strong> est une initiative des Nations Unies pour mettre en valeur le travail remarquable des femmes en science et promouvoir l\u2019\u00e9galit\u00e9 des genres. Comme <strong>l\u2019UNESCO<\/strong>, Mines Saint-\u00c9tienne consid\u00e8re l\u2019\u00e9galit\u00e9 femmes hommes comme une priorit\u00e9. Aujourd\u2019hui, \u00ab les femmes restent sous-repr\u00e9sent\u00e9es dans la recherche \u00e0 l\u2019\u00e9chelle mondiale, ne constituant pas plus d\u2019un tiers de l\u2019ensemble des chercheurs \u00bb<sup data-fn=\"979ae657-7c62-423a-9bd6-a5b4a3a46729\" class=\"fn\"><a href=\"#979ae657-7c62-423a-9bd6-a5b4a3a46729\" id=\"979ae657-7c62-423a-9bd6-a5b4a3a46729-link\">1<\/a><\/sup>, et si notre \u00c9cole s\u2019engage pour la diversit\u00e9, il nous faut redoubler d\u2019effort pour f\u00e9miniser l\u2019ing\u00e9nierie et <strong>mettre en lumi\u00e8re des femmes qui inspireront les g\u00e9n\u00e9rations futures \u00e0 la science<\/strong>.<\/p>\n\n\n\n<p class=\"has-text-align-left\"><br>Pour ce faire, nous interviewons <strong>Ana Cameir\u00e3o<\/strong> et cette interview est disponible sur la cha\u00eene Youtube de Mines Saint-\u00c9tienne : <a href=\"https:\/\/www.youtube.com\/@Mines-stetienneFr\/videos\">https:\/\/www.youtube.com\/watch?v=U7iHnegh6Gc<\/a><\/p>\n\n\n\n<p class=\"has-text-align-left\"><br><strong>Directrice du centre SPIN<\/strong> (Science des processus industriels et naturels), Ana Cameir\u00e3o a pris son poste en 2024. D\u2019origine portugaise, cette ing\u00e9nieure qui s\u2019\u00e9tait promis de ne jamais \u00eatre prof, encadre aujourd\u2019hui de nombreuses th\u00e8ses et s\u2019impose comme une v\u00e9ritable mentor des \u00e9l\u00e8ves ing\u00e9nieures.<strong> <\/strong><\/p>\n\n\n\n<p class=\"has-text-align-left\"><strong>La question des mod\u00e8les f\u00e9minins est au c\u0153ur de la f\u00e9minisation de l\u2019ing\u00e9nierie<\/strong>. Si, au fur et \u00e0 mesure de sa carri\u00e8re, Ana le devient, elle aussi a eu besoin d\u2019inspiration lors de ses \u00e9tudes. <strong>Marie Curie<\/strong>, \u00e9videmment, mais avant tout une professeure ainsi qu\u2019une directrice de th\u00e8se qui l\u2019ont encourag\u00e9e \u00e0 poursuivre sa passion pour les sciences.<\/p>\n\n\n\n<p class=\"has-text-align-left\"><br>Au fil de cet entretien, Ana nous raconte comment l\u2019\u00e9galit\u00e9 \u00e9tait au c\u0153ur de sa famille. C\u2019est avec le temps qu\u2019elle a compris que les femmes de science devaient faire face \u00e0 de nombreux<strong> st\u00e9r\u00e9otypes de genre<\/strong>. Ayant grandie dans une r\u00e9gion industrielle, elle met en lumi\u00e8re<strong> l\u2019industrie comme un domaine innovant<\/strong> et pour lequel les femmes doivent se mobiliser. De nombreuses actions existent aujourd\u2019hui pour promouvoir l\u2019industrie et la Directrice du centre SPIN encourage \u00e0 s\u2019y int\u00e9resser car <strong>la diversit\u00e9 des profils est la cl\u00e9 pour innover<\/strong>. Le domaine peut se pourvoir de femmes, loin des st\u00e9r\u00e9otypes de genre que notre \u00c9cole d\u00e9nonce. Une femme n\u2019est ni trop f\u00e9minine, ni trop \u00e9motive, ni trop mauvaise en maths pour travailler dans l\u2019industrie. Ana nous le dit \u00ab <strong>Sans diversit\u00e9, sans cr\u00e9ativit\u00e9, sans \u00e9motion, pas d\u2019innovation<\/strong> \u00bb.<\/p>\n\n\n\n<p class=\"has-text-align-left\"><br>Ce format est une premi\u00e8re ! N\u2019h\u00e9sitez pas \u00e0 r\u00e9agir pour nous encourager \u00e0 mettre en lumi\u00e8re nos chercheurs !<\/p>\n\n\n<ol class=\"wp-block-footnotes\"><li id=\"979ae657-7c62-423a-9bd6-a5b4a3a46729\"><a href=\"https:\/\/www.unesco.org\/fr\/days\/women-girls-science\">https:\/\/www.unesco.org\/fr\/days\/women-girls-science<\/a> <a href=\"#979ae657-7c62-423a-9bd6-a5b4a3a46729-link\" aria-label=\"Aller \u00e0 la note de bas de page 1\">\u21a9\ufe0e<\/a><\/li><\/ol>","protected":false},"excerpt":{"rendered":"<p>\u00ab Il faut veiller \u00e0 ce que chaque fille puisse envisager une carri\u00e8re dans les sciences et \u00e0 ce que chaque femme puisse s\u2019\u00e9panouir professionnellement dans ce secteur. \u00bbLe Secr\u00e9taire g\u00e9n\u00e9ral de l\u2019ONU, Ant\u00f3nio Guterres C\u00e9l\u00e9br\u00e9e depuis plus 10 ans, &hellip;<\/p>\n","protected":false},"author":12778,"featured_media":28923,"comment_status":"closed","ping_status":"open","sticky":false,"template":"","format":"standard","meta":{"_relevanssi_hide_post":"","_relevanssi_hide_content":"","_relevanssi_pin_for_all":"","_relevanssi_pin_keywords":"","_relevanssi_unpin_keywords":"","_relevanssi_related_keywords":"","_relevanssi_related_include_ids":"","_relevanssi_related_exclude_ids":"","_relevanssi_related_no_append":"","_relevanssi_related_not_related":"","_relevanssi_related_posts":"28711,26316,19566,28737,20302,19868","_relevanssi_noindex_reason":"","footnotes":"[{\"id\":\"979ae657-7c62-423a-9bd6-a5b4a3a46729\",\"content\":\"<a href=\\\"https:\\\/\\\/www.unesco.org\\\/fr\\\/days\\\/women-girls-science\\\">https:\\\/\\\/www.unesco.org\\\/fr\\\/days\\\/women-girls-science<\\\/a>\"}]"},"categories":[11],"tags":[992,459,1209,97,341,62,1220,1245,873,1193,132],"class_list":["post-28922","post","type-post","status-publish","format-standard","has-post-thumbnail","hentry","category-vie-de-l-ecole","tag-ana-cameirao","tag-centre-spin","tag-feminisation-de-lingenierie","tag-imt","tag-industrie","tag-industrie-du-futur","tag-ingenieures","tag-journee-internationale-des-femmes-et-filles-de-science","tag-mines-saint-etienne","tag-onu","tag-saint-etienne"],"pp_statuses_selecting_workflow":false,"pp_workflow_action":"current","pp_status_selection":"publish","pp_force_visibility":null,"pp_subpost_visibility":null,"pp_inherited_force_visibility":null,"pp_inherited_subpost_visibility":null,"yoast_head":"<!-- This site is optimized with the Yoast SEO plugin v27.5 - https:\/\/yoast.com\/product\/yoast-seo-wordpress\/ -->\n<title>Comment faire sa place dans l\u2019ing\u00e9nierie : \u00c9changes avec Ana Cameir\u00e3o - Panoramines<\/title>\n<meta name=\"robots\" content=\"index, follow, max-snippet:-1, max-image-preview:large, max-video-preview:-1\" \/>\n<link rel=\"canonical\" href=\"https:\/\/www.mines-stetienne.fr\/panoramines\/2026\/02\/11\/comment-faire-sa-place-dans-lingenierie-echanges-avec-ana-cameirao\/\" \/>\n<meta property=\"og:locale\" content=\"fr_FR\" \/>\n<meta property=\"og:type\" content=\"article\" \/>\n<meta property=\"og:title\" content=\"Comment faire sa place dans l\u2019ing\u00e9nierie : \u00c9changes avec Ana Cameir\u00e3o - Panoramines\" \/>\n<meta property=\"og:description\" content=\"\u00ab Il faut veiller \u00e0 ce que chaque fille puisse envisager une carri\u00e8re dans les sciences et \u00e0 ce que chaque femme puisse s\u2019\u00e9panouir professionnellement dans ce secteur. \u00bbLe Secr\u00e9taire g\u00e9n\u00e9ral de l\u2019ONU, Ant\u00f3nio Guterres C\u00e9l\u00e9br\u00e9e depuis plus 10 ans, &hellip;\" \/>\n<meta property=\"og:url\" content=\"https:\/\/www.mines-stetienne.fr\/panoramines\/2026\/02\/11\/comment-faire-sa-place-dans-lingenierie-echanges-avec-ana-cameirao\/\" \/>\n<meta property=\"og:site_name\" content=\"Panoramines\" \/>\n<meta property=\"article:published_time\" content=\"2026-02-11T07:19:24+00:00\" \/>\n<meta property=\"article:modified_time\" content=\"2026-02-11T09:17:25+00:00\" \/>\n<meta property=\"og:image\" content=\"https:\/\/www.mines-stetienne.fr\/panoramines\/wp-content\/uploads\/sites\/3\/2026\/02\/IMG_3988-4.jpg\" \/>\n\t<meta property=\"og:image:width\" content=\"3984\" \/>\n\t<meta property=\"og:image:height\" content=\"2656\" \/>\n\t<meta property=\"og:image:type\" content=\"image\/jpeg\" \/>\n<meta name=\"author\" content=\"Marylou BAUDRAND\" \/>\n<meta name=\"twitter:card\" content=\"summary_large_image\" \/>\n<meta name=\"twitter:label1\" content=\"\u00c9crit par\" \/>\n\t<meta name=\"twitter:data1\" content=\"Marylou BAUDRAND\" \/>\n\t<meta name=\"twitter:label2\" content=\"Dur\u00e9e de lecture estim\u00e9e\" \/>\n\t<meta name=\"twitter:data2\" content=\"3 minutes\" \/>\n<script type=\"application\/ld+json\" class=\"yoast-schema-graph\">{\"@context\":\"https:\\\/\\\/schema.org\",\"@graph\":[{\"@type\":\"Article\",\"@id\":\"https:\\\/\\\/www.mines-stetienne.fr\\\/panoramines\\\/2026\\\/02\\\/11\\\/comment-faire-sa-place-dans-lingenierie-echanges-avec-ana-cameirao\\\/#article\",\"isPartOf\":{\"@id\":\"https:\\\/\\\/www.mines-stetienne.fr\\\/panoramines\\\/2026\\\/02\\\/11\\\/comment-faire-sa-place-dans-lingenierie-echanges-avec-ana-cameirao\\\/\"},\"author\":{\"name\":\"Marylou BAUDRAND\",\"@id\":\"https:\\\/\\\/www.mines-stetienne.fr\\\/panoramines\\\/#\\\/schema\\\/person\\\/4122d0d44b90eef069d2cca2a9ed05eb\"},\"headline\":\"Comment faire sa place dans l\u2019ing\u00e9nierie : \u00c9changes avec Ana Cameir\u00e3o\",\"datePublished\":\"2026-02-11T07:19:24+00:00\",\"dateModified\":\"2026-02-11T09:17:25+00:00\",\"mainEntityOfPage\":{\"@id\":\"https:\\\/\\\/www.mines-stetienne.fr\\\/panoramines\\\/2026\\\/02\\\/11\\\/comment-faire-sa-place-dans-lingenierie-echanges-avec-ana-cameirao\\\/\"},\"wordCount\":496,\"image\":{\"@id\":\"https:\\\/\\\/www.mines-stetienne.fr\\\/panoramines\\\/2026\\\/02\\\/11\\\/comment-faire-sa-place-dans-lingenierie-echanges-avec-ana-cameirao\\\/#primaryimage\"},\"thumbnailUrl\":\"https:\\\/\\\/www.mines-stetienne.fr\\\/panoramines\\\/wp-content\\\/uploads\\\/sites\\\/3\\\/2026\\\/02\\\/IMG_3988-4.jpg\",\"keywords\":[\"Ana Cameirao\",\"Centre SPIN\",\"F\u00e9minisation de l'ing\u00e9nierie\",\"IMT\",\"Industrie\",\"Industrie du futur\",\"Ing\u00e9nieures\",\"Journ\u00e9e internationale des femmes et filles de science\",\"Mines Saint-Etienne\",\"ONU\",\"Saint-\u00c9tienne\"],\"articleSection\":[\"Vie de l'\u00c9cole\"],\"inLanguage\":\"fr-FR\"},{\"@type\":\"WebPage\",\"@id\":\"https:\\\/\\\/www.mines-stetienne.fr\\\/panoramines\\\/2026\\\/02\\\/11\\\/comment-faire-sa-place-dans-lingenierie-echanges-avec-ana-cameirao\\\/\",\"url\":\"https:\\\/\\\/www.mines-stetienne.fr\\\/panoramines\\\/2026\\\/02\\\/11\\\/comment-faire-sa-place-dans-lingenierie-echanges-avec-ana-cameirao\\\/\",\"name\":\"Comment faire sa place dans l\u2019ing\u00e9nierie : \u00c9changes avec Ana Cameir\u00e3o - Panoramines\",\"isPartOf\":{\"@id\":\"https:\\\/\\\/www.mines-stetienne.fr\\\/panoramines\\\/#website\"},\"primaryImageOfPage\":{\"@id\":\"https:\\\/\\\/www.mines-stetienne.fr\\\/panoramines\\\/2026\\\/02\\\/11\\\/comment-faire-sa-place-dans-lingenierie-echanges-avec-ana-cameirao\\\/#primaryimage\"},\"image\":{\"@id\":\"https:\\\/\\\/www.mines-stetienne.fr\\\/panoramines\\\/2026\\\/02\\\/11\\\/comment-faire-sa-place-dans-lingenierie-echanges-avec-ana-cameirao\\\/#primaryimage\"},\"thumbnailUrl\":\"https:\\\/\\\/www.mines-stetienne.fr\\\/panoramines\\\/wp-content\\\/uploads\\\/sites\\\/3\\\/2026\\\/02\\\/IMG_3988-4.jpg\",\"datePublished\":\"2026-02-11T07:19:24+00:00\",\"dateModified\":\"2026-02-11T09:17:25+00:00\",\"author\":{\"@id\":\"https:\\\/\\\/www.mines-stetienne.fr\\\/panoramines\\\/#\\\/schema\\\/person\\\/4122d0d44b90eef069d2cca2a9ed05eb\"},\"breadcrumb\":{\"@id\":\"https:\\\/\\\/www.mines-stetienne.fr\\\/panoramines\\\/2026\\\/02\\\/11\\\/comment-faire-sa-place-dans-lingenierie-echanges-avec-ana-cameirao\\\/#breadcrumb\"},\"inLanguage\":\"fr-FR\",\"potentialAction\":[{\"@type\":\"ReadAction\",\"target\":[\"https:\\\/\\\/www.mines-stetienne.fr\\\/panoramines\\\/2026\\\/02\\\/11\\\/comment-faire-sa-place-dans-lingenierie-echanges-avec-ana-cameirao\\\/\"]}]},{\"@type\":\"ImageObject\",\"inLanguage\":\"fr-FR\",\"@id\":\"https:\\\/\\\/www.mines-stetienne.fr\\\/panoramines\\\/2026\\\/02\\\/11\\\/comment-faire-sa-place-dans-lingenierie-echanges-avec-ana-cameirao\\\/#primaryimage\",\"url\":\"https:\\\/\\\/www.mines-stetienne.fr\\\/panoramines\\\/wp-content\\\/uploads\\\/sites\\\/3\\\/2026\\\/02\\\/IMG_3988-4.jpg\",\"contentUrl\":\"https:\\\/\\\/www.mines-stetienne.fr\\\/panoramines\\\/wp-content\\\/uploads\\\/sites\\\/3\\\/2026\\\/02\\\/IMG_3988-4.jpg\",\"width\":3984,\"height\":2656},{\"@type\":\"BreadcrumbList\",\"@id\":\"https:\\\/\\\/www.mines-stetienne.fr\\\/panoramines\\\/2026\\\/02\\\/11\\\/comment-faire-sa-place-dans-lingenierie-echanges-avec-ana-cameirao\\\/#breadcrumb\",\"itemListElement\":[{\"@type\":\"ListItem\",\"position\":1,\"name\":\"Accueil\",\"item\":\"https:\\\/\\\/www.mines-stetienne.fr\\\/panoramines\\\/\"},{\"@type\":\"ListItem\",\"position\":2,\"name\":\"Comment faire sa place dans l\u2019ing\u00e9nierie : \u00c9changes avec Ana Cameir\u00e3o\"}]},{\"@type\":\"WebSite\",\"@id\":\"https:\\\/\\\/www.mines-stetienne.fr\\\/panoramines\\\/#website\",\"url\":\"https:\\\/\\\/www.mines-stetienne.fr\\\/panoramines\\\/\",\"name\":\"Panoramines\",\"description\":\"Panoramines, l\u2019actualit\u00e9 de MINES Saint-\u00c9tienne\",\"potentialAction\":[{\"@type\":\"SearchAction\",\"target\":{\"@type\":\"EntryPoint\",\"urlTemplate\":\"https:\\\/\\\/www.mines-stetienne.fr\\\/panoramines\\\/?s={search_term_string}\"},\"query-input\":{\"@type\":\"PropertyValueSpecification\",\"valueRequired\":true,\"valueName\":\"search_term_string\"}}],\"inLanguage\":\"fr-FR\"},{\"@type\":\"Person\",\"@id\":\"https:\\\/\\\/www.mines-stetienne.fr\\\/panoramines\\\/#\\\/schema\\\/person\\\/4122d0d44b90eef069d2cca2a9ed05eb\",\"name\":\"Marylou BAUDRAND\",\"image\":{\"@type\":\"ImageObject\",\"inLanguage\":\"fr-FR\",\"@id\":\"https:\\\/\\\/www.mines-stetienne.fr\\\/panoramines\\\/wp-content\\\/uploads\\\/sites\\\/3\\\/2021\\\/07\\\/logo-75x75-1.png\",\"url\":\"https:\\\/\\\/www.mines-stetienne.fr\\\/panoramines\\\/wp-content\\\/uploads\\\/sites\\\/3\\\/2021\\\/07\\\/logo-75x75-1.png\",\"contentUrl\":\"https:\\\/\\\/www.mines-stetienne.fr\\\/panoramines\\\/wp-content\\\/uploads\\\/sites\\\/3\\\/2021\\\/07\\\/logo-75x75-1.png\",\"caption\":\"Marylou BAUDRAND\"},\"url\":\"https:\\\/\\\/www.mines-stetienne.fr\\\/panoramines\\\/author\\\/marylou-baudrand\\\/\"}]}<\/script>\n<!-- \/ Yoast SEO plugin. -->","yoast_head_json":{"title":"Comment faire sa place dans l\u2019ing\u00e9nierie : \u00c9changes avec Ana Cameir\u00e3o - Panoramines","robots":{"index":"index","follow":"follow","max-snippet":"max-snippet:-1","max-image-preview":"max-image-preview:large","max-video-preview":"max-video-preview:-1"},"canonical":"https:\/\/www.mines-stetienne.fr\/panoramines\/2026\/02\/11\/comment-faire-sa-place-dans-lingenierie-echanges-avec-ana-cameirao\/","og_locale":"fr_FR","og_type":"article","og_title":"Comment faire sa place dans l\u2019ing\u00e9nierie : \u00c9changes avec Ana Cameir\u00e3o - Panoramines","og_description":"\u00ab Il faut veiller \u00e0 ce que chaque fille puisse envisager une carri\u00e8re dans les sciences et \u00e0 ce que chaque femme puisse s\u2019\u00e9panouir professionnellement dans ce secteur. \u00bbLe Secr\u00e9taire g\u00e9n\u00e9ral de l\u2019ONU, Ant\u00f3nio Guterres C\u00e9l\u00e9br\u00e9e depuis plus 10 ans, &hellip;","og_url":"https:\/\/www.mines-stetienne.fr\/panoramines\/2026\/02\/11\/comment-faire-sa-place-dans-lingenierie-echanges-avec-ana-cameirao\/","og_site_name":"Panoramines","article_published_time":"2026-02-11T07:19:24+00:00","article_modified_time":"2026-02-11T09:17:25+00:00","og_image":[{"width":3984,"height":2656,"url":"https:\/\/www.mines-stetienne.fr\/panoramines\/wp-content\/uploads\/sites\/3\/2026\/02\/IMG_3988-4.jpg","type":"image\/jpeg"}],"author":"Marylou BAUDRAND","twitter_card":"summary_large_image","twitter_misc":{"\u00c9crit par":"Marylou BAUDRAND","Dur\u00e9e de lecture estim\u00e9e":"3 minutes"},"schema":{"@context":"https:\/\/schema.org","@graph":[{"@type":"Article","@id":"https:\/\/www.mines-stetienne.fr\/panoramines\/2026\/02\/11\/comment-faire-sa-place-dans-lingenierie-echanges-avec-ana-cameirao\/#article","isPartOf":{"@id":"https:\/\/www.mines-stetienne.fr\/panoramines\/2026\/02\/11\/comment-faire-sa-place-dans-lingenierie-echanges-avec-ana-cameirao\/"},"author":{"name":"Marylou BAUDRAND","@id":"https:\/\/www.mines-stetienne.fr\/panoramines\/#\/schema\/person\/4122d0d44b90eef069d2cca2a9ed05eb"},"headline":"Comment faire sa place dans l\u2019ing\u00e9nierie : \u00c9changes avec Ana Cameir\u00e3o","datePublished":"2026-02-11T07:19:24+00:00","dateModified":"2026-02-11T09:17:25+00:00","mainEntityOfPage":{"@id":"https:\/\/www.mines-stetienne.fr\/panoramines\/2026\/02\/11\/comment-faire-sa-place-dans-lingenierie-echanges-avec-ana-cameirao\/"},"wordCount":496,"image":{"@id":"https:\/\/www.mines-stetienne.fr\/panoramines\/2026\/02\/11\/comment-faire-sa-place-dans-lingenierie-echanges-avec-ana-cameirao\/#primaryimage"},"thumbnailUrl":"https:\/\/www.mines-stetienne.fr\/panoramines\/wp-content\/uploads\/sites\/3\/2026\/02\/IMG_3988-4.jpg","keywords":["Ana Cameirao","Centre SPIN","F\u00e9minisation de l'ing\u00e9nierie","IMT","Industrie","Industrie du futur","Ing\u00e9nieures","Journ\u00e9e internationale des femmes et filles de science","Mines Saint-Etienne","ONU","Saint-\u00c9tienne"],"articleSection":["Vie de l'\u00c9cole"],"inLanguage":"fr-FR"},{"@type":"WebPage","@id":"https:\/\/www.mines-stetienne.fr\/panoramines\/2026\/02\/11\/comment-faire-sa-place-dans-lingenierie-echanges-avec-ana-cameirao\/","url":"https:\/\/www.mines-stetienne.fr\/panoramines\/2026\/02\/11\/comment-faire-sa-place-dans-lingenierie-echanges-avec-ana-cameirao\/","name":"Comment faire sa place dans l\u2019ing\u00e9nierie : \u00c9changes avec Ana Cameir\u00e3o - Panoramines","isPartOf":{"@id":"https:\/\/www.mines-stetienne.fr\/panoramines\/#website"},"primaryImageOfPage":{"@id":"https:\/\/www.mines-stetienne.fr\/panoramines\/2026\/02\/11\/comment-faire-sa-place-dans-lingenierie-echanges-avec-ana-cameirao\/#primaryimage"},"image":{"@id":"https:\/\/www.mines-stetienne.fr\/panoramines\/2026\/02\/11\/comment-faire-sa-place-dans-lingenierie-echanges-avec-ana-cameirao\/#primaryimage"},"thumbnailUrl":"https:\/\/www.mines-stetienne.fr\/panoramines\/wp-content\/uploads\/sites\/3\/2026\/02\/IMG_3988-4.jpg","datePublished":"2026-02-11T07:19:24+00:00","dateModified":"2026-02-11T09:17:25+00:00","author":{"@id":"https:\/\/www.mines-stetienne.fr\/panoramines\/#\/schema\/person\/4122d0d44b90eef069d2cca2a9ed05eb"},"breadcrumb":{"@id":"https:\/\/www.mines-stetienne.fr\/panoramines\/2026\/02\/11\/comment-faire-sa-place-dans-lingenierie-echanges-avec-ana-cameirao\/#breadcrumb"},"inLanguage":"fr-FR","potentialAction":[{"@type":"ReadAction","target":["https:\/\/www.mines-stetienne.fr\/panoramines\/2026\/02\/11\/comment-faire-sa-place-dans-lingenierie-echanges-avec-ana-cameirao\/"]}]},{"@type":"ImageObject","inLanguage":"fr-FR","@id":"https:\/\/www.mines-stetienne.fr\/panoramines\/2026\/02\/11\/comment-faire-sa-place-dans-lingenierie-echanges-avec-ana-cameirao\/#primaryimage","url":"https:\/\/www.mines-stetienne.fr\/panoramines\/wp-content\/uploads\/sites\/3\/2026\/02\/IMG_3988-4.jpg","contentUrl":"https:\/\/www.mines-stetienne.fr\/panoramines\/wp-content\/uploads\/sites\/3\/2026\/02\/IMG_3988-4.jpg","width":3984,"height":2656},{"@type":"BreadcrumbList","@id":"https:\/\/www.mines-stetienne.fr\/panoramines\/2026\/02\/11\/comment-faire-sa-place-dans-lingenierie-echanges-avec-ana-cameirao\/#breadcrumb","itemListElement":[{"@type":"ListItem","position":1,"name":"Accueil","item":"https:\/\/www.mines-stetienne.fr\/panoramines\/"},{"@type":"ListItem","position":2,"name":"Comment faire sa place dans l\u2019ing\u00e9nierie : \u00c9changes avec Ana Cameir\u00e3o"}]},{"@type":"WebSite","@id":"https:\/\/www.mines-stetienne.fr\/panoramines\/#website","url":"https:\/\/www.mines-stetienne.fr\/panoramines\/","name":"Panoramines","description":"Panoramines, l\u2019actualit\u00e9 de MINES Saint-\u00c9tienne","potentialAction":[{"@type":"SearchAction","target":{"@type":"EntryPoint","urlTemplate":"https:\/\/www.mines-stetienne.fr\/panoramines\/?s={search_term_string}"},"query-input":{"@type":"PropertyValueSpecification","valueRequired":true,"valueName":"search_term_string"}}],"inLanguage":"fr-FR"},{"@type":"Person","@id":"https:\/\/www.mines-stetienne.fr\/panoramines\/#\/schema\/person\/4122d0d44b90eef069d2cca2a9ed05eb","name":"Marylou BAUDRAND","image":{"@type":"ImageObject","inLanguage":"fr-FR","@id":"https:\/\/www.mines-stetienne.fr\/panoramines\/wp-content\/uploads\/sites\/3\/2021\/07\/logo-75x75-1.png","url":"https:\/\/www.mines-stetienne.fr\/panoramines\/wp-content\/uploads\/sites\/3\/2021\/07\/logo-75x75-1.png","contentUrl":"https:\/\/www.mines-stetienne.fr\/panoramines\/wp-content\/uploads\/sites\/3\/2021\/07\/logo-75x75-1.png","caption":"Marylou BAUDRAND"},"url":"https:\/\/www.mines-stetienne.fr\/panoramines\/author\/marylou-baudrand\/"}]}},"_links":{"self":[{"href":"https:\/\/www.mines-stetienne.fr\/panoramines\/wp-json\/wp\/v2\/posts\/28922","targetHints":{"allow":["GET"]}}],"collection":[{"href":"https:\/\/www.mines-stetienne.fr\/panoramines\/wp-json\/wp\/v2\/posts"}],"about":[{"href":"https:\/\/www.mines-stetienne.fr\/panoramines\/wp-json\/wp\/v2\/types\/post"}],"author":[{"embeddable":true,"href":"https:\/\/www.mines-stetienne.fr\/panoramines\/wp-json\/wp\/v2\/users\/12778"}],"replies":[{"embeddable":true,"href":"https:\/\/www.mines-stetienne.fr\/panoramines\/wp-json\/wp\/v2\/comments?post=28922"}],"version-history":[{"count":4,"href":"https:\/\/www.mines-stetienne.fr\/panoramines\/wp-json\/wp\/v2\/posts\/28922\/revisions"}],"predecessor-version":[{"id":29077,"href":"https:\/\/www.mines-stetienne.fr\/panoramines\/wp-json\/wp\/v2\/posts\/28922\/revisions\/29077"}],"wp:featuredmedia":[{"embeddable":true,"href":"https:\/\/www.mines-stetienne.fr\/panoramines\/wp-json\/wp\/v2\/media\/28923"}],"wp:attachment":[{"href":"https:\/\/www.mines-stetienne.fr\/panoramines\/wp-json\/wp\/v2\/media?parent=28922"}],"wp:term":[{"taxonomy":"category","embeddable":true,"href":"https:\/\/www.mines-stetienne.fr\/panoramines\/wp-json\/wp\/v2\/categories?post=28922"},{"taxonomy":"post_tag","embeddable":true,"href":"https:\/\/www.mines-stetienne.fr\/panoramines\/wp-json\/wp\/v2\/tags?post=28922"}],"curies":[{"name":"wp","href":"https:\/\/api.w.org\/{rel}","templated":true}]}}