{"id":28719,"date":"2026-01-08T15:32:41","date_gmt":"2026-01-08T14:32:41","guid":{"rendered":"https:\/\/www.mines-stetienne.fr\/panoramines\/?p=28719"},"modified":"2026-01-21T15:10:31","modified_gmt":"2026-01-21T14:10:31","slug":"decider-a-lere-du-numerique-en-sante","status":"publish","type":"post","link":"https:\/\/www.mines-stetienne.fr\/panoramines\/2026\/01\/08\/decider-a-lere-du-numerique-en-sante\/","title":{"rendered":"D\u00e9cider \u00e0 l\u2019\u00e8re du num\u00e9rique en sant\u00e9"},"content":{"rendered":"\n<blockquote class=\"wp-block-quote has-text-align-center is-layout-flow wp-block-quote-is-layout-flow\">\n<p><em>Le 8 janvier, Mines Saint-\u00c9tienne et l\u2019\u00c9cole des Hautes Etudes en Sant\u00e9 Publique (EHESP) ont sign\u00e9 une convention de partenariat dans le cadre de l\u2019\u00e9v\u00e8nement \u00ab\u00a0D\u00e9cider \u00e0 l\u2019\u00e8re du num\u00e9rique\u00a0\u00bb organis\u00e9 \u00e0 PariSant\u00e9 campus.<\/em><\/p>\n<\/blockquote>\n\n\n\n<p>L\u2019objectif de ce partenariat est de travailler conjointement sur une dur\u00e9e de 5 ans pour acc\u00e9l\u00e9rer la transformation num\u00e9rique du syst\u00e8me de sant\u00e9. Un objectif commun pour nos \u00c9coles, toutes les deux expertes en sant\u00e9 publique et nouvelles technologies.<\/p>\n\n\n\n<p>Mines Saint-\u00c9tienne forme depuis plus de 30 ans les professionnels de sant\u00e9 au sein de son centre de recherche en Ing\u00e9nierie et Sant\u00e9 (CIS) implant\u00e9 sur le campus hospitalo-universitaire de Saint-\u00c9tienne. Dans le cadre de ce partenariat, l\u2019\u00c9cole proposera \u00e0 l\u2019EHESP des modules d\u00e9di\u00e9s \u00e0 l\u2019IA en sant\u00e9, \u00e0 l\u2019aide \u00e0 la d\u00e9cision et \u00e0 l\u2019ing\u00e9nierie des syst\u00e8mes de sant\u00e9. Une r\u00e9elle contribution \u00e0 l\u2019expertise de l\u2019EHESP, grande \u00e9cole de service publique qui forme et accompagne les cadres et experts de la sant\u00e9 en France et \u00e0 l\u2019international.&nbsp;<\/p>\n\n\n\n<figure class=\"wp-block-gallery has-nested-images columns-default is-cropped wp-block-gallery-2 is-layout-flex wp-block-gallery-is-layout-flex\">\n<figure class=\"wp-block-image size-large\"><img loading=\"lazy\" decoding=\"async\" width=\"1024\" height=\"683\" data-id=\"28723\" src=\"https:\/\/www.mines-stetienne.fr\/panoramines\/wp-content\/uploads\/sites\/3\/2026\/01\/Ateliers2et3-1024x683.jpg\" alt=\"\" class=\"wp-image-28723\" srcset=\"https:\/\/www.mines-stetienne.fr\/panoramines\/wp-content\/uploads\/sites\/3\/2026\/01\/Ateliers2et3-1024x683.jpg 1024w, https:\/\/www.mines-stetienne.fr\/panoramines\/wp-content\/uploads\/sites\/3\/2026\/01\/Ateliers2et3-300x200.jpg 300w, https:\/\/www.mines-stetienne.fr\/panoramines\/wp-content\/uploads\/sites\/3\/2026\/01\/Ateliers2et3-768x512.jpg 768w, https:\/\/www.mines-stetienne.fr\/panoramines\/wp-content\/uploads\/sites\/3\/2026\/01\/Ateliers2et3-1536x1024.jpg 1536w, https:\/\/www.mines-stetienne.fr\/panoramines\/wp-content\/uploads\/sites\/3\/2026\/01\/Ateliers2et3-2048x1365.jpg 2048w\" sizes=\"auto, (max-width: 1024px) 100vw, 1024px\" \/><\/figure>\n\n\n\n<figure class=\"wp-block-image size-large\"><img loading=\"lazy\" decoding=\"async\" width=\"1024\" height=\"683\" data-id=\"28721\" src=\"https:\/\/www.mines-stetienne.fr\/panoramines\/wp-content\/uploads\/sites\/3\/2026\/01\/ParisSanteCampus-1024x683.jpg\" alt=\"\" class=\"wp-image-28721\" srcset=\"https:\/\/www.mines-stetienne.fr\/panoramines\/wp-content\/uploads\/sites\/3\/2026\/01\/ParisSanteCampus-1024x683.jpg 1024w, https:\/\/www.mines-stetienne.fr\/panoramines\/wp-content\/uploads\/sites\/3\/2026\/01\/ParisSanteCampus-300x200.jpg 300w, https:\/\/www.mines-stetienne.fr\/panoramines\/wp-content\/uploads\/sites\/3\/2026\/01\/ParisSanteCampus-768x512.jpg 768w, https:\/\/www.mines-stetienne.fr\/panoramines\/wp-content\/uploads\/sites\/3\/2026\/01\/ParisSanteCampus-1536x1024.jpg 1536w, https:\/\/www.mines-stetienne.fr\/panoramines\/wp-content\/uploads\/sites\/3\/2026\/01\/ParisSanteCampus-2048x1365.jpg 2048w\" sizes=\"auto, (max-width: 1024px) 100vw, 1024px\" \/><\/figure>\n\n\n\n<figure class=\"wp-block-image size-large\"><img loading=\"lazy\" decoding=\"async\" width=\"1024\" height=\"683\" data-id=\"28722\" src=\"https:\/\/www.mines-stetienne.fr\/panoramines\/wp-content\/uploads\/sites\/3\/2026\/01\/Signature-1-1024x683.jpg\" alt=\"\" class=\"wp-image-28722\" srcset=\"https:\/\/www.mines-stetienne.fr\/panoramines\/wp-content\/uploads\/sites\/3\/2026\/01\/Signature-1-1024x683.jpg 1024w, https:\/\/www.mines-stetienne.fr\/panoramines\/wp-content\/uploads\/sites\/3\/2026\/01\/Signature-1-300x200.jpg 300w, https:\/\/www.mines-stetienne.fr\/panoramines\/wp-content\/uploads\/sites\/3\/2026\/01\/Signature-1-768x512.jpg 768w, https:\/\/www.mines-stetienne.fr\/panoramines\/wp-content\/uploads\/sites\/3\/2026\/01\/Signature-1-1536x1024.jpg 1536w, https:\/\/www.mines-stetienne.fr\/panoramines\/wp-content\/uploads\/sites\/3\/2026\/01\/Signature-1-2048x1365.jpg 2048w\" sizes=\"auto, (max-width: 1024px) 100vw, 1024px\" \/><\/figure>\n<\/figure>\n\n\n\n<p>Conjuguer nos savoirs, c\u2019est am\u00e9liorer durablement la qualit\u00e9 des soins et l\u2019efficience des organisations. Comme le souligne Jacques Fayolle, \u00ab&nbsp;les dirigeants du secteur sanitaires doivent \u00eatre en capacit\u00e9 de comprendre ces \u00e9volutions&nbsp;\u00bb num\u00e9riques et technologiques. Isabelle Richard, directrice de l\u2019EHESP ajoute que la formation des leaders de demain au num\u00e9rique en sant\u00e9 est \u00ab&nbsp;un enjeu incontournable&nbsp;\u00bb.<\/p>\n\n\n\n<p>Cette convention de partenariat s\u2019inscrit ainsi dans le positionnement durable de Mines Saint-\u00c9tienne pour la sant\u00e9 du futur.<\/p>\n","protected":false},"excerpt":{"rendered":"<p>Le 8 janvier, Mines Saint-\u00c9tienne et l\u2019\u00c9cole des Hautes Etudes en Sant\u00e9 Publique (EHESP) ont sign\u00e9 une convention de partenariat dans le cadre de l\u2019\u00e9v\u00e8nement \u00ab\u00a0D\u00e9cider \u00e0 l\u2019\u00e8re du num\u00e9rique\u00a0\u00bb organis\u00e9 \u00e0 PariSant\u00e9 campus. L\u2019objectif de ce partenariat est de &hellip;<\/p>\n","protected":false},"author":12778,"featured_media":28720,"comment_status":"closed","ping_status":"open","sticky":false,"template":"","format":"standard","meta":{"_relevanssi_hide_post":"","_relevanssi_hide_content":"","_relevanssi_pin_for_all":"","_relevanssi_pin_keywords":"","_relevanssi_unpin_keywords":"","_relevanssi_related_keywords":"","_relevanssi_related_include_ids":"","_relevanssi_related_exclude_ids":"","_relevanssi_related_no_append":"","_relevanssi_related_not_related":"","_relevanssi_related_posts":"26876,16691,16966,26515,28450,16457","_relevanssi_noindex_reason":"","footnotes":""},"categories":[6],"tags":[806,272,1215,494,97,196,40,53,873,1214],"class_list":["post-28719","post","type-post","status-publish","format-standard","has-post-thumbnail","hentry","category-formation","tag-centre-ingenierie-et-sante","tag-cis","tag-ehesp","tag-ia","tag-imt","tag-ingenierie-et-sante","tag-innovation","tag-international","tag-mines-saint-etienne","tag-parisante-campus"],"pp_statuses_selecting_workflow":false,"pp_workflow_action":"current","pp_status_selection":"publish","pp_force_visibility":null,"pp_subpost_visibility":null,"pp_inherited_force_visibility":null,"pp_inherited_subpost_visibility":null,"yoast_head":"<!-- This site is optimized with the Yoast SEO plugin v27.5 - https:\/\/yoast.com\/product\/yoast-seo-wordpress\/ -->\n<title>D\u00e9cider \u00e0 l\u2019\u00e8re du num\u00e9rique en sant\u00e9 - Panoramines<\/title>\n<meta name=\"robots\" content=\"index, follow, max-snippet:-1, max-image-preview:large, max-video-preview:-1\" \/>\n<link rel=\"canonical\" href=\"https:\/\/www.mines-stetienne.fr\/panoramines\/2026\/01\/08\/decider-a-lere-du-numerique-en-sante\/\" \/>\n<meta property=\"og:locale\" content=\"fr_FR\" \/>\n<meta property=\"og:type\" content=\"article\" \/>\n<meta property=\"og:title\" content=\"D\u00e9cider \u00e0 l\u2019\u00e8re du num\u00e9rique en sant\u00e9 - Panoramines\" \/>\n<meta property=\"og:description\" content=\"Le 8 janvier, Mines Saint-\u00c9tienne et l\u2019\u00c9cole des Hautes Etudes en Sant\u00e9 Publique (EHESP) ont sign\u00e9 une convention de partenariat dans le cadre de l\u2019\u00e9v\u00e8nement \u00ab\u00a0D\u00e9cider \u00e0 l\u2019\u00e8re du num\u00e9rique\u00a0\u00bb organis\u00e9 \u00e0 PariSant\u00e9 campus. L\u2019objectif de ce partenariat est de &hellip;\" \/>\n<meta property=\"og:url\" content=\"https:\/\/www.mines-stetienne.fr\/panoramines\/2026\/01\/08\/decider-a-lere-du-numerique-en-sante\/\" \/>\n<meta property=\"og:site_name\" content=\"Panoramines\" \/>\n<meta property=\"article:published_time\" content=\"2026-01-08T14:32:41+00:00\" \/>\n<meta property=\"article:modified_time\" content=\"2026-01-21T14:10:31+00:00\" \/>\n<meta property=\"og:image\" content=\"https:\/\/www.mines-stetienne.fr\/panoramines\/wp-content\/uploads\/sites\/3\/2026\/01\/Atelier1b.jpg\" \/>\n\t<meta property=\"og:image:width\" content=\"3984\" \/>\n\t<meta property=\"og:image:height\" content=\"2656\" \/>\n\t<meta property=\"og:image:type\" content=\"image\/jpeg\" \/>\n<meta name=\"author\" content=\"Marylou BAUDRAND\" \/>\n<meta name=\"twitter:card\" content=\"summary_large_image\" \/>\n<meta name=\"twitter:label1\" content=\"\u00c9crit par\" \/>\n\t<meta name=\"twitter:data1\" content=\"Marylou BAUDRAND\" \/>\n\t<meta name=\"twitter:label2\" content=\"Dur\u00e9e de lecture estim\u00e9e\" \/>\n\t<meta name=\"twitter:data2\" content=\"2 minutes\" \/>\n<script type=\"application\/ld+json\" class=\"yoast-schema-graph\">{\"@context\":\"https:\\\/\\\/schema.org\",\"@graph\":[{\"@type\":\"Article\",\"@id\":\"https:\\\/\\\/www.mines-stetienne.fr\\\/panoramines\\\/2026\\\/01\\\/08\\\/decider-a-lere-du-numerique-en-sante\\\/#article\",\"isPartOf\":{\"@id\":\"https:\\\/\\\/www.mines-stetienne.fr\\\/panoramines\\\/2026\\\/01\\\/08\\\/decider-a-lere-du-numerique-en-sante\\\/\"},\"author\":{\"name\":\"Marylou BAUDRAND\",\"@id\":\"https:\\\/\\\/www.mines-stetienne.fr\\\/panoramines\\\/#\\\/schema\\\/person\\\/4122d0d44b90eef069d2cca2a9ed05eb\"},\"headline\":\"D\u00e9cider \u00e0 l\u2019\u00e8re du num\u00e9rique en sant\u00e9\",\"datePublished\":\"2026-01-08T14:32:41+00:00\",\"dateModified\":\"2026-01-21T14:10:31+00:00\",\"mainEntityOfPage\":{\"@id\":\"https:\\\/\\\/www.mines-stetienne.fr\\\/panoramines\\\/2026\\\/01\\\/08\\\/decider-a-lere-du-numerique-en-sante\\\/\"},\"wordCount\":275,\"image\":{\"@id\":\"https:\\\/\\\/www.mines-stetienne.fr\\\/panoramines\\\/2026\\\/01\\\/08\\\/decider-a-lere-du-numerique-en-sante\\\/#primaryimage\"},\"thumbnailUrl\":\"https:\\\/\\\/www.mines-stetienne.fr\\\/panoramines\\\/wp-content\\\/uploads\\\/sites\\\/3\\\/2026\\\/01\\\/Atelier1b.jpg\",\"keywords\":[\"Centre Ing\u00e9nierie et Sant\u00e9\",\"CIS\",\"EHESP\",\"IA\",\"IMT\",\"Ing\u00e9nierie et Sant\u00e9\",\"Innovation\",\"International\",\"Mines Saint-Etienne\",\"PariSant\u00e9 Campus\"],\"articleSection\":[\"Formation\"],\"inLanguage\":\"fr-FR\"},{\"@type\":\"WebPage\",\"@id\":\"https:\\\/\\\/www.mines-stetienne.fr\\\/panoramines\\\/2026\\\/01\\\/08\\\/decider-a-lere-du-numerique-en-sante\\\/\",\"url\":\"https:\\\/\\\/www.mines-stetienne.fr\\\/panoramines\\\/2026\\\/01\\\/08\\\/decider-a-lere-du-numerique-en-sante\\\/\",\"name\":\"D\u00e9cider \u00e0 l\u2019\u00e8re du num\u00e9rique en sant\u00e9 - Panoramines\",\"isPartOf\":{\"@id\":\"https:\\\/\\\/www.mines-stetienne.fr\\\/panoramines\\\/#website\"},\"primaryImageOfPage\":{\"@id\":\"https:\\\/\\\/www.mines-stetienne.fr\\\/panoramines\\\/2026\\\/01\\\/08\\\/decider-a-lere-du-numerique-en-sante\\\/#primaryimage\"},\"image\":{\"@id\":\"https:\\\/\\\/www.mines-stetienne.fr\\\/panoramines\\\/2026\\\/01\\\/08\\\/decider-a-lere-du-numerique-en-sante\\\/#primaryimage\"},\"thumbnailUrl\":\"https:\\\/\\\/www.mines-stetienne.fr\\\/panoramines\\\/wp-content\\\/uploads\\\/sites\\\/3\\\/2026\\\/01\\\/Atelier1b.jpg\",\"datePublished\":\"2026-01-08T14:32:41+00:00\",\"dateModified\":\"2026-01-21T14:10:31+00:00\",\"author\":{\"@id\":\"https:\\\/\\\/www.mines-stetienne.fr\\\/panoramines\\\/#\\\/schema\\\/person\\\/4122d0d44b90eef069d2cca2a9ed05eb\"},\"breadcrumb\":{\"@id\":\"https:\\\/\\\/www.mines-stetienne.fr\\\/panoramines\\\/2026\\\/01\\\/08\\\/decider-a-lere-du-numerique-en-sante\\\/#breadcrumb\"},\"inLanguage\":\"fr-FR\",\"potentialAction\":[{\"@type\":\"ReadAction\",\"target\":[\"https:\\\/\\\/www.mines-stetienne.fr\\\/panoramines\\\/2026\\\/01\\\/08\\\/decider-a-lere-du-numerique-en-sante\\\/\"]}]},{\"@type\":\"ImageObject\",\"inLanguage\":\"fr-FR\",\"@id\":\"https:\\\/\\\/www.mines-stetienne.fr\\\/panoramines\\\/2026\\\/01\\\/08\\\/decider-a-lere-du-numerique-en-sante\\\/#primaryimage\",\"url\":\"https:\\\/\\\/www.mines-stetienne.fr\\\/panoramines\\\/wp-content\\\/uploads\\\/sites\\\/3\\\/2026\\\/01\\\/Atelier1b.jpg\",\"contentUrl\":\"https:\\\/\\\/www.mines-stetienne.fr\\\/panoramines\\\/wp-content\\\/uploads\\\/sites\\\/3\\\/2026\\\/01\\\/Atelier1b.jpg\",\"width\":3984,\"height\":2656},{\"@type\":\"BreadcrumbList\",\"@id\":\"https:\\\/\\\/www.mines-stetienne.fr\\\/panoramines\\\/2026\\\/01\\\/08\\\/decider-a-lere-du-numerique-en-sante\\\/#breadcrumb\",\"itemListElement\":[{\"@type\":\"ListItem\",\"position\":1,\"name\":\"Accueil\",\"item\":\"https:\\\/\\\/www.mines-stetienne.fr\\\/panoramines\\\/\"},{\"@type\":\"ListItem\",\"position\":2,\"name\":\"D\u00e9cider \u00e0 l\u2019\u00e8re du num\u00e9rique en sant\u00e9\"}]},{\"@type\":\"WebSite\",\"@id\":\"https:\\\/\\\/www.mines-stetienne.fr\\\/panoramines\\\/#website\",\"url\":\"https:\\\/\\\/www.mines-stetienne.fr\\\/panoramines\\\/\",\"name\":\"Panoramines\",\"description\":\"Panoramines, l\u2019actualit\u00e9 de MINES Saint-\u00c9tienne\",\"potentialAction\":[{\"@type\":\"SearchAction\",\"target\":{\"@type\":\"EntryPoint\",\"urlTemplate\":\"https:\\\/\\\/www.mines-stetienne.fr\\\/panoramines\\\/?s={search_term_string}\"},\"query-input\":{\"@type\":\"PropertyValueSpecification\",\"valueRequired\":true,\"valueName\":\"search_term_string\"}}],\"inLanguage\":\"fr-FR\"},{\"@type\":\"Person\",\"@id\":\"https:\\\/\\\/www.mines-stetienne.fr\\\/panoramines\\\/#\\\/schema\\\/person\\\/4122d0d44b90eef069d2cca2a9ed05eb\",\"name\":\"Marylou BAUDRAND\",\"image\":{\"@type\":\"ImageObject\",\"inLanguage\":\"fr-FR\",\"@id\":\"https:\\\/\\\/www.mines-stetienne.fr\\\/panoramines\\\/wp-content\\\/uploads\\\/sites\\\/3\\\/2021\\\/07\\\/logo-75x75-1.png\",\"url\":\"https:\\\/\\\/www.mines-stetienne.fr\\\/panoramines\\\/wp-content\\\/uploads\\\/sites\\\/3\\\/2021\\\/07\\\/logo-75x75-1.png\",\"contentUrl\":\"https:\\\/\\\/www.mines-stetienne.fr\\\/panoramines\\\/wp-content\\\/uploads\\\/sites\\\/3\\\/2021\\\/07\\\/logo-75x75-1.png\",\"caption\":\"Marylou BAUDRAND\"},\"url\":\"https:\\\/\\\/www.mines-stetienne.fr\\\/panoramines\\\/author\\\/marylou-baudrand\\\/\"}]}<\/script>\n<!-- \/ Yoast SEO plugin. -->","yoast_head_json":{"title":"D\u00e9cider \u00e0 l\u2019\u00e8re du num\u00e9rique en sant\u00e9 - Panoramines","robots":{"index":"index","follow":"follow","max-snippet":"max-snippet:-1","max-image-preview":"max-image-preview:large","max-video-preview":"max-video-preview:-1"},"canonical":"https:\/\/www.mines-stetienne.fr\/panoramines\/2026\/01\/08\/decider-a-lere-du-numerique-en-sante\/","og_locale":"fr_FR","og_type":"article","og_title":"D\u00e9cider \u00e0 l\u2019\u00e8re du num\u00e9rique en sant\u00e9 - Panoramines","og_description":"Le 8 janvier, Mines Saint-\u00c9tienne et l\u2019\u00c9cole des Hautes Etudes en Sant\u00e9 Publique (EHESP) ont sign\u00e9 une convention de partenariat dans le cadre de l\u2019\u00e9v\u00e8nement \u00ab\u00a0D\u00e9cider \u00e0 l\u2019\u00e8re du num\u00e9rique\u00a0\u00bb organis\u00e9 \u00e0 PariSant\u00e9 campus. L\u2019objectif de ce partenariat est de &hellip;","og_url":"https:\/\/www.mines-stetienne.fr\/panoramines\/2026\/01\/08\/decider-a-lere-du-numerique-en-sante\/","og_site_name":"Panoramines","article_published_time":"2026-01-08T14:32:41+00:00","article_modified_time":"2026-01-21T14:10:31+00:00","og_image":[{"width":3984,"height":2656,"url":"https:\/\/www.mines-stetienne.fr\/panoramines\/wp-content\/uploads\/sites\/3\/2026\/01\/Atelier1b.jpg","type":"image\/jpeg"}],"author":"Marylou BAUDRAND","twitter_card":"summary_large_image","twitter_misc":{"\u00c9crit par":"Marylou BAUDRAND","Dur\u00e9e de lecture estim\u00e9e":"2 minutes"},"schema":{"@context":"https:\/\/schema.org","@graph":[{"@type":"Article","@id":"https:\/\/www.mines-stetienne.fr\/panoramines\/2026\/01\/08\/decider-a-lere-du-numerique-en-sante\/#article","isPartOf":{"@id":"https:\/\/www.mines-stetienne.fr\/panoramines\/2026\/01\/08\/decider-a-lere-du-numerique-en-sante\/"},"author":{"name":"Marylou BAUDRAND","@id":"https:\/\/www.mines-stetienne.fr\/panoramines\/#\/schema\/person\/4122d0d44b90eef069d2cca2a9ed05eb"},"headline":"D\u00e9cider \u00e0 l\u2019\u00e8re du num\u00e9rique en sant\u00e9","datePublished":"2026-01-08T14:32:41+00:00","dateModified":"2026-01-21T14:10:31+00:00","mainEntityOfPage":{"@id":"https:\/\/www.mines-stetienne.fr\/panoramines\/2026\/01\/08\/decider-a-lere-du-numerique-en-sante\/"},"wordCount":275,"image":{"@id":"https:\/\/www.mines-stetienne.fr\/panoramines\/2026\/01\/08\/decider-a-lere-du-numerique-en-sante\/#primaryimage"},"thumbnailUrl":"https:\/\/www.mines-stetienne.fr\/panoramines\/wp-content\/uploads\/sites\/3\/2026\/01\/Atelier1b.jpg","keywords":["Centre Ing\u00e9nierie et Sant\u00e9","CIS","EHESP","IA","IMT","Ing\u00e9nierie et Sant\u00e9","Innovation","International","Mines Saint-Etienne","PariSant\u00e9 Campus"],"articleSection":["Formation"],"inLanguage":"fr-FR"},{"@type":"WebPage","@id":"https:\/\/www.mines-stetienne.fr\/panoramines\/2026\/01\/08\/decider-a-lere-du-numerique-en-sante\/","url":"https:\/\/www.mines-stetienne.fr\/panoramines\/2026\/01\/08\/decider-a-lere-du-numerique-en-sante\/","name":"D\u00e9cider \u00e0 l\u2019\u00e8re du num\u00e9rique en sant\u00e9 - Panoramines","isPartOf":{"@id":"https:\/\/www.mines-stetienne.fr\/panoramines\/#website"},"primaryImageOfPage":{"@id":"https:\/\/www.mines-stetienne.fr\/panoramines\/2026\/01\/08\/decider-a-lere-du-numerique-en-sante\/#primaryimage"},"image":{"@id":"https:\/\/www.mines-stetienne.fr\/panoramines\/2026\/01\/08\/decider-a-lere-du-numerique-en-sante\/#primaryimage"},"thumbnailUrl":"https:\/\/www.mines-stetienne.fr\/panoramines\/wp-content\/uploads\/sites\/3\/2026\/01\/Atelier1b.jpg","datePublished":"2026-01-08T14:32:41+00:00","dateModified":"2026-01-21T14:10:31+00:00","author":{"@id":"https:\/\/www.mines-stetienne.fr\/panoramines\/#\/schema\/person\/4122d0d44b90eef069d2cca2a9ed05eb"},"breadcrumb":{"@id":"https:\/\/www.mines-stetienne.fr\/panoramines\/2026\/01\/08\/decider-a-lere-du-numerique-en-sante\/#breadcrumb"},"inLanguage":"fr-FR","potentialAction":[{"@type":"ReadAction","target":["https:\/\/www.mines-stetienne.fr\/panoramines\/2026\/01\/08\/decider-a-lere-du-numerique-en-sante\/"]}]},{"@type":"ImageObject","inLanguage":"fr-FR","@id":"https:\/\/www.mines-stetienne.fr\/panoramines\/2026\/01\/08\/decider-a-lere-du-numerique-en-sante\/#primaryimage","url":"https:\/\/www.mines-stetienne.fr\/panoramines\/wp-content\/uploads\/sites\/3\/2026\/01\/Atelier1b.jpg","contentUrl":"https:\/\/www.mines-stetienne.fr\/panoramines\/wp-content\/uploads\/sites\/3\/2026\/01\/Atelier1b.jpg","width":3984,"height":2656},{"@type":"BreadcrumbList","@id":"https:\/\/www.mines-stetienne.fr\/panoramines\/2026\/01\/08\/decider-a-lere-du-numerique-en-sante\/#breadcrumb","itemListElement":[{"@type":"ListItem","position":1,"name":"Accueil","item":"https:\/\/www.mines-stetienne.fr\/panoramines\/"},{"@type":"ListItem","position":2,"name":"D\u00e9cider \u00e0 l\u2019\u00e8re du num\u00e9rique en sant\u00e9"}]},{"@type":"WebSite","@id":"https:\/\/www.mines-stetienne.fr\/panoramines\/#website","url":"https:\/\/www.mines-stetienne.fr\/panoramines\/","name":"Panoramines","description":"Panoramines, l\u2019actualit\u00e9 de MINES Saint-\u00c9tienne","potentialAction":[{"@type":"SearchAction","target":{"@type":"EntryPoint","urlTemplate":"https:\/\/www.mines-stetienne.fr\/panoramines\/?s={search_term_string}"},"query-input":{"@type":"PropertyValueSpecification","valueRequired":true,"valueName":"search_term_string"}}],"inLanguage":"fr-FR"},{"@type":"Person","@id":"https:\/\/www.mines-stetienne.fr\/panoramines\/#\/schema\/person\/4122d0d44b90eef069d2cca2a9ed05eb","name":"Marylou BAUDRAND","image":{"@type":"ImageObject","inLanguage":"fr-FR","@id":"https:\/\/www.mines-stetienne.fr\/panoramines\/wp-content\/uploads\/sites\/3\/2021\/07\/logo-75x75-1.png","url":"https:\/\/www.mines-stetienne.fr\/panoramines\/wp-content\/uploads\/sites\/3\/2021\/07\/logo-75x75-1.png","contentUrl":"https:\/\/www.mines-stetienne.fr\/panoramines\/wp-content\/uploads\/sites\/3\/2021\/07\/logo-75x75-1.png","caption":"Marylou BAUDRAND"},"url":"https:\/\/www.mines-stetienne.fr\/panoramines\/author\/marylou-baudrand\/"}]}},"_links":{"self":[{"href":"https:\/\/www.mines-stetienne.fr\/panoramines\/wp-json\/wp\/v2\/posts\/28719","targetHints":{"allow":["GET"]}}],"collection":[{"href":"https:\/\/www.mines-stetienne.fr\/panoramines\/wp-json\/wp\/v2\/posts"}],"about":[{"href":"https:\/\/www.mines-stetienne.fr\/panoramines\/wp-json\/wp\/v2\/types\/post"}],"author":[{"embeddable":true,"href":"https:\/\/www.mines-stetienne.fr\/panoramines\/wp-json\/wp\/v2\/users\/12778"}],"replies":[{"embeddable":true,"href":"https:\/\/www.mines-stetienne.fr\/panoramines\/wp-json\/wp\/v2\/comments?post=28719"}],"version-history":[{"count":1,"href":"https:\/\/www.mines-stetienne.fr\/panoramines\/wp-json\/wp\/v2\/posts\/28719\/revisions"}],"predecessor-version":[{"id":28724,"href":"https:\/\/www.mines-stetienne.fr\/panoramines\/wp-json\/wp\/v2\/posts\/28719\/revisions\/28724"}],"wp:featuredmedia":[{"embeddable":true,"href":"https:\/\/www.mines-stetienne.fr\/panoramines\/wp-json\/wp\/v2\/media\/28720"}],"wp:attachment":[{"href":"https:\/\/www.mines-stetienne.fr\/panoramines\/wp-json\/wp\/v2\/media?parent=28719"}],"wp:term":[{"taxonomy":"category","embeddable":true,"href":"https:\/\/www.mines-stetienne.fr\/panoramines\/wp-json\/wp\/v2\/categories?post=28719"},{"taxonomy":"post_tag","embeddable":true,"href":"https:\/\/www.mines-stetienne.fr\/panoramines\/wp-json\/wp\/v2\/tags?post=28719"}],"curies":[{"name":"wp","href":"https:\/\/api.w.org\/{rel}","templated":true}]}}