{"id":28622,"date":"2025-12-05T09:38:03","date_gmt":"2025-12-05T08:38:03","guid":{"rendered":"https:\/\/www.mines-stetienne.fr\/panoramines\/?p=28622"},"modified":"2026-01-21T15:11:06","modified_gmt":"2026-01-21T14:11:06","slug":"les-rencontres-du-medtechlab","status":"publish","type":"post","link":"https:\/\/www.mines-stetienne.fr\/panoramines\/2025\/12\/05\/les-rencontres-du-medtechlab\/","title":{"rendered":"Les Rencontres du MedTechLab"},"content":{"rendered":"\n<p class=\"has-text-align-center\"><em>Le MedTechLab est un Tiers Lieu d\u2019Exp\u00e9rimentation (TLE) en sant\u00e9 ouvert aux \u00e9tablissement sanitaires et m\u00e9dico-sociaux bas\u00e9 au Centre Ing\u00e9nierie et Sant\u00e9 de Mines Saint-\u00c9tienne.<\/em><\/p>\n\n\n\n<p>Il est dirig\u00e9 par l\u2019\u00c9cole et la mutuelle A\u00c9SIO Sant\u00e9. La mission du MedTechLab est d\u2019offrir un environnement privil\u00e9gi\u00e9 pour <strong>soutenir et encourager la recherche et le d\u00e9veloppement de projets innovants<\/strong>. Ateliers d\u2019intelligence collective, conception de maquettes, prototypage, programme d\u2019exp\u00e9rimentation et de test, le MedTechLab donne acc\u00e8s aux comp\u00e9tences des ing\u00e9nieurs et chercheurs de Mines Saint-\u00c9tienne ainsi qu\u2019au professionnels de sant\u00e9.&nbsp; L\u2019objectif est de <strong>d\u00e9velopper un outil pour porter l\u2019excellence de la recherche<\/strong> et am\u00e9liorer la prise en charge de tous les usagers.<\/p>\n\n\n\n<p>Le 4 d\u00e9cembre dernier, les experts du MedTechLab se sont r\u00e9unis \u00e0 l\u2019\u00c9cole pour pr\u00e9senter ce tiers-lieu et ses missions. <strong>Jacques Fayolle <\/strong>et <strong>Thierry Esmilaire<\/strong>, co-directeur g\u00e9n\u00e9ral d\u2019AESIO Sant\u00e9, ont ouvert les rencontres en rappelant l\u2019importance de <strong>l\u2019ancrage territorial<\/strong> du tiers lieu. Rencontrer les industriels et acteurs territoriaux c\u2019est renforcer le r\u00e9seau du MedTechLab.<\/p>\n\n\n\n<p>R\u00e9seau lig\u00e9rien particuli\u00e8rement propice \u00e0 la <strong>collaboration et la recherche en sant\u00e9<\/strong>\u00a0: Avec le soutien du CHU de Saint-\u00c9tienne et celui d\u2019un groupe comme A\u00c9SIO Sant\u00e9, Mines Saint-\u00c9tienne poursuit en effet son objectif d\u2019\u00e9cole d\u2019ing\u00e9nieur \u00e0 impact soci\u00e9tal positif.<\/p>\n\n\n\n<p><strong>Vincent Augusto <\/strong>et <strong>Olivier Pignet<\/strong> ont \u00e9galement pris la parole pour mettre en avant l\u2019engagement du TLE qu\u2019ils dirigent conjointement. <\/p>\n\n\n\n<p>Anim\u00e9 par <strong>G\u00e9rald Comtet<\/strong>, coordinateur du TLE, l&rsquo;\u00e9v\u00e9nement a permis \u00e0 une dizaine de startups de pitcher leurs\u00a0<strong>solutions innovantes en mati\u00e8re de tech sant\u00e9<\/strong>\u00a0:<\/p>\n\n\n\n<ul class=\"wp-block-list\">\n<li>solution de d\u00e9pistage avec la start-up <em>Lianeli<\/em>, <\/li>\n\n\n\n<li>solution d\u2019acc\u00e8s \u00e0 l\u2019imagerie m\u00e9dicale avec <em>X-Ray Moov<\/em> <\/li>\n\n\n\n<li>ou encore le dispositif de <em>Lumeen<\/em> qui propose la r\u00e9alit\u00e9 virtuelle comme alternative th\u00e9rapeutique non m\u00e9dicamenteuse. <\/li>\n<\/ul>\n\n\n\n<p>Les pitchs se sont succ\u00e9d\u00e9, toujours plus innovants.<\/p>\n\n\n\n<p>Mines Saint-\u00c9tienne remercie les participants d\u2019\u00eatre venus nombreux aux rencontres du MedTechLab et tous les intervenants pour leur temps et leur expertise. &nbsp;<\/p>\n\n\n\n<p>Pour plus d&rsquo;informations : <a href=\"https:\/\/www.aesio-sante.fr\/medtechlab\">https:\/\/www.aesio-sante.fr\/medtechlab<\/a><\/p>\n\n\n\n<p><\/p>\n","protected":false},"excerpt":{"rendered":"<p>Le MedTechLab est un Tiers Lieu d\u2019Exp\u00e9rimentation (TLE) en sant\u00e9 ouvert aux \u00e9tablissement sanitaires et m\u00e9dico-sociaux bas\u00e9 au Centre Ing\u00e9nierie et Sant\u00e9 de Mines Saint-\u00c9tienne. Il est dirig\u00e9 par l\u2019\u00c9cole et la mutuelle A\u00c9SIO Sant\u00e9. La mission du MedTechLab est &hellip;<\/p>\n","protected":false},"author":12778,"featured_media":28627,"comment_status":"closed","ping_status":"open","sticky":false,"template":"","format":"standard","meta":{"_relevanssi_hide_post":"","_relevanssi_hide_content":"","_relevanssi_pin_for_all":"","_relevanssi_pin_keywords":"","_relevanssi_unpin_keywords":"","_relevanssi_related_keywords":"","_relevanssi_related_include_ids":"","_relevanssi_related_exclude_ids":"","_relevanssi_related_no_append":"","_relevanssi_related_not_related":"","_relevanssi_related_posts":"20806,23373,26515,25201,25378,28175","_relevanssi_noindex_reason":"","footnotes":""},"categories":[19],"tags":[1201,806,196,40,873,91,132,111,744,27,1127],"class_list":["post-28622","post","type-post","status-publish","format-standard","has-post-thumbnail","hentry","category-entreprise","tag-aesio-sante","tag-centre-ingenierie-et-sante","tag-ingenierie-et-sante","tag-innovation","tag-mines-saint-etienne","tag-recherche","tag-saint-etienne","tag-sante","tag-sante-du-futur","tag-start-up","tag-tiers-lieu-dexperimentatioon"],"pp_statuses_selecting_workflow":false,"pp_workflow_action":"current","pp_status_selection":"publish","pp_force_visibility":null,"pp_subpost_visibility":null,"pp_inherited_force_visibility":null,"pp_inherited_subpost_visibility":null,"yoast_head":"<!-- This site is optimized with the Yoast SEO plugin v27.4 - https:\/\/yoast.com\/product\/yoast-seo-wordpress\/ -->\n<title>Les Rencontres du MedTechLab - Panoramines<\/title>\n<meta name=\"robots\" content=\"index, follow, max-snippet:-1, max-image-preview:large, max-video-preview:-1\" \/>\n<link rel=\"canonical\" href=\"https:\/\/www.mines-stetienne.fr\/panoramines\/2025\/12\/05\/les-rencontres-du-medtechlab\/\" \/>\n<meta property=\"og:locale\" content=\"fr_FR\" \/>\n<meta property=\"og:type\" content=\"article\" \/>\n<meta property=\"og:title\" content=\"Les Rencontres du MedTechLab - Panoramines\" \/>\n<meta property=\"og:description\" content=\"Le MedTechLab est un Tiers Lieu d\u2019Exp\u00e9rimentation (TLE) en sant\u00e9 ouvert aux \u00e9tablissement sanitaires et m\u00e9dico-sociaux bas\u00e9 au Centre Ing\u00e9nierie et Sant\u00e9 de Mines Saint-\u00c9tienne. Il est dirig\u00e9 par l\u2019\u00c9cole et la mutuelle A\u00c9SIO Sant\u00e9. La mission du MedTechLab est &hellip;\" \/>\n<meta property=\"og:url\" content=\"https:\/\/www.mines-stetienne.fr\/panoramines\/2025\/12\/05\/les-rencontres-du-medtechlab\/\" \/>\n<meta property=\"og:site_name\" content=\"Panoramines\" \/>\n<meta property=\"article:published_time\" content=\"2025-12-05T08:38:03+00:00\" \/>\n<meta property=\"article:modified_time\" content=\"2026-01-21T14:11:06+00:00\" \/>\n<meta property=\"og:image\" content=\"https:\/\/www.mines-stetienne.fr\/panoramines\/wp-content\/uploads\/sites\/3\/2025\/12\/ok-1.jpg\" \/>\n\t<meta property=\"og:image:width\" content=\"2245\" \/>\n\t<meta property=\"og:image:height\" content=\"1030\" \/>\n\t<meta property=\"og:image:type\" content=\"image\/jpeg\" \/>\n<meta name=\"author\" content=\"Marylou BAUDRAND\" \/>\n<meta name=\"twitter:card\" content=\"summary_large_image\" \/>\n<meta name=\"twitter:label1\" content=\"\u00c9crit par\" \/>\n\t<meta name=\"twitter:data1\" content=\"Marylou BAUDRAND\" \/>\n\t<meta name=\"twitter:label2\" content=\"Dur\u00e9e de lecture estim\u00e9e\" \/>\n\t<meta name=\"twitter:data2\" content=\"2 minutes\" \/>\n<script type=\"application\/ld+json\" class=\"yoast-schema-graph\">{\"@context\":\"https:\\\/\\\/schema.org\",\"@graph\":[{\"@type\":\"Article\",\"@id\":\"https:\\\/\\\/www.mines-stetienne.fr\\\/panoramines\\\/2025\\\/12\\\/05\\\/les-rencontres-du-medtechlab\\\/#article\",\"isPartOf\":{\"@id\":\"https:\\\/\\\/www.mines-stetienne.fr\\\/panoramines\\\/2025\\\/12\\\/05\\\/les-rencontres-du-medtechlab\\\/\"},\"author\":{\"name\":\"Marylou BAUDRAND\",\"@id\":\"https:\\\/\\\/www.mines-stetienne.fr\\\/panoramines\\\/#\\\/schema\\\/person\\\/4122d0d44b90eef069d2cca2a9ed05eb\"},\"headline\":\"Les Rencontres du MedTechLab\",\"datePublished\":\"2025-12-05T08:38:03+00:00\",\"dateModified\":\"2026-01-21T14:11:06+00:00\",\"mainEntityOfPage\":{\"@id\":\"https:\\\/\\\/www.mines-stetienne.fr\\\/panoramines\\\/2025\\\/12\\\/05\\\/les-rencontres-du-medtechlab\\\/\"},\"wordCount\":376,\"image\":{\"@id\":\"https:\\\/\\\/www.mines-stetienne.fr\\\/panoramines\\\/2025\\\/12\\\/05\\\/les-rencontres-du-medtechlab\\\/#primaryimage\"},\"thumbnailUrl\":\"https:\\\/\\\/www.mines-stetienne.fr\\\/panoramines\\\/wp-content\\\/uploads\\\/sites\\\/3\\\/2025\\\/12\\\/ok-1.jpg\",\"keywords\":[\"AESIO SANTE\",\"Centre Ing\u00e9nierie et Sant\u00e9\",\"Ing\u00e9nierie et Sant\u00e9\",\"Innovation\",\"Mines Saint-Etienne\",\"Recherche\",\"Saint-\u00c9tienne\",\"Sant\u00e9\",\"Sant\u00e9 du futur\",\"Start-up\",\"Tiers lieu d'exp\u00e9rimentatioon\"],\"articleSection\":[\"Entreprise\"],\"inLanguage\":\"fr-FR\"},{\"@type\":\"WebPage\",\"@id\":\"https:\\\/\\\/www.mines-stetienne.fr\\\/panoramines\\\/2025\\\/12\\\/05\\\/les-rencontres-du-medtechlab\\\/\",\"url\":\"https:\\\/\\\/www.mines-stetienne.fr\\\/panoramines\\\/2025\\\/12\\\/05\\\/les-rencontres-du-medtechlab\\\/\",\"name\":\"Les Rencontres du MedTechLab - Panoramines\",\"isPartOf\":{\"@id\":\"https:\\\/\\\/www.mines-stetienne.fr\\\/panoramines\\\/#website\"},\"primaryImageOfPage\":{\"@id\":\"https:\\\/\\\/www.mines-stetienne.fr\\\/panoramines\\\/2025\\\/12\\\/05\\\/les-rencontres-du-medtechlab\\\/#primaryimage\"},\"image\":{\"@id\":\"https:\\\/\\\/www.mines-stetienne.fr\\\/panoramines\\\/2025\\\/12\\\/05\\\/les-rencontres-du-medtechlab\\\/#primaryimage\"},\"thumbnailUrl\":\"https:\\\/\\\/www.mines-stetienne.fr\\\/panoramines\\\/wp-content\\\/uploads\\\/sites\\\/3\\\/2025\\\/12\\\/ok-1.jpg\",\"datePublished\":\"2025-12-05T08:38:03+00:00\",\"dateModified\":\"2026-01-21T14:11:06+00:00\",\"author\":{\"@id\":\"https:\\\/\\\/www.mines-stetienne.fr\\\/panoramines\\\/#\\\/schema\\\/person\\\/4122d0d44b90eef069d2cca2a9ed05eb\"},\"breadcrumb\":{\"@id\":\"https:\\\/\\\/www.mines-stetienne.fr\\\/panoramines\\\/2025\\\/12\\\/05\\\/les-rencontres-du-medtechlab\\\/#breadcrumb\"},\"inLanguage\":\"fr-FR\",\"potentialAction\":[{\"@type\":\"ReadAction\",\"target\":[\"https:\\\/\\\/www.mines-stetienne.fr\\\/panoramines\\\/2025\\\/12\\\/05\\\/les-rencontres-du-medtechlab\\\/\"]}]},{\"@type\":\"ImageObject\",\"inLanguage\":\"fr-FR\",\"@id\":\"https:\\\/\\\/www.mines-stetienne.fr\\\/panoramines\\\/2025\\\/12\\\/05\\\/les-rencontres-du-medtechlab\\\/#primaryimage\",\"url\":\"https:\\\/\\\/www.mines-stetienne.fr\\\/panoramines\\\/wp-content\\\/uploads\\\/sites\\\/3\\\/2025\\\/12\\\/ok-1.jpg\",\"contentUrl\":\"https:\\\/\\\/www.mines-stetienne.fr\\\/panoramines\\\/wp-content\\\/uploads\\\/sites\\\/3\\\/2025\\\/12\\\/ok-1.jpg\",\"width\":2245,\"height\":1030,\"caption\":\"Beige and White Vintage Travel Blank Paper Poster - ok\"},{\"@type\":\"BreadcrumbList\",\"@id\":\"https:\\\/\\\/www.mines-stetienne.fr\\\/panoramines\\\/2025\\\/12\\\/05\\\/les-rencontres-du-medtechlab\\\/#breadcrumb\",\"itemListElement\":[{\"@type\":\"ListItem\",\"position\":1,\"name\":\"Accueil\",\"item\":\"https:\\\/\\\/www.mines-stetienne.fr\\\/panoramines\\\/\"},{\"@type\":\"ListItem\",\"position\":2,\"name\":\"Les Rencontres du MedTechLab\"}]},{\"@type\":\"WebSite\",\"@id\":\"https:\\\/\\\/www.mines-stetienne.fr\\\/panoramines\\\/#website\",\"url\":\"https:\\\/\\\/www.mines-stetienne.fr\\\/panoramines\\\/\",\"name\":\"Panoramines\",\"description\":\"Panoramines, l\u2019actualit\u00e9 de MINES Saint-\u00c9tienne\",\"potentialAction\":[{\"@type\":\"SearchAction\",\"target\":{\"@type\":\"EntryPoint\",\"urlTemplate\":\"https:\\\/\\\/www.mines-stetienne.fr\\\/panoramines\\\/?s={search_term_string}\"},\"query-input\":{\"@type\":\"PropertyValueSpecification\",\"valueRequired\":true,\"valueName\":\"search_term_string\"}}],\"inLanguage\":\"fr-FR\"},{\"@type\":\"Person\",\"@id\":\"https:\\\/\\\/www.mines-stetienne.fr\\\/panoramines\\\/#\\\/schema\\\/person\\\/4122d0d44b90eef069d2cca2a9ed05eb\",\"name\":\"Marylou BAUDRAND\",\"image\":{\"@type\":\"ImageObject\",\"inLanguage\":\"fr-FR\",\"@id\":\"https:\\\/\\\/www.mines-stetienne.fr\\\/panoramines\\\/wp-content\\\/uploads\\\/sites\\\/3\\\/2021\\\/07\\\/logo-75x75-1.png\",\"url\":\"https:\\\/\\\/www.mines-stetienne.fr\\\/panoramines\\\/wp-content\\\/uploads\\\/sites\\\/3\\\/2021\\\/07\\\/logo-75x75-1.png\",\"contentUrl\":\"https:\\\/\\\/www.mines-stetienne.fr\\\/panoramines\\\/wp-content\\\/uploads\\\/sites\\\/3\\\/2021\\\/07\\\/logo-75x75-1.png\",\"caption\":\"Marylou BAUDRAND\"},\"url\":\"https:\\\/\\\/www.mines-stetienne.fr\\\/panoramines\\\/author\\\/marylou-baudrand\\\/\"}]}<\/script>\n<!-- \/ Yoast SEO plugin. -->","yoast_head_json":{"title":"Les Rencontres du MedTechLab - Panoramines","robots":{"index":"index","follow":"follow","max-snippet":"max-snippet:-1","max-image-preview":"max-image-preview:large","max-video-preview":"max-video-preview:-1"},"canonical":"https:\/\/www.mines-stetienne.fr\/panoramines\/2025\/12\/05\/les-rencontres-du-medtechlab\/","og_locale":"fr_FR","og_type":"article","og_title":"Les Rencontres du MedTechLab - Panoramines","og_description":"Le MedTechLab est un Tiers Lieu d\u2019Exp\u00e9rimentation (TLE) en sant\u00e9 ouvert aux \u00e9tablissement sanitaires et m\u00e9dico-sociaux bas\u00e9 au Centre Ing\u00e9nierie et Sant\u00e9 de Mines Saint-\u00c9tienne. Il est dirig\u00e9 par l\u2019\u00c9cole et la mutuelle A\u00c9SIO Sant\u00e9. La mission du MedTechLab est &hellip;","og_url":"https:\/\/www.mines-stetienne.fr\/panoramines\/2025\/12\/05\/les-rencontres-du-medtechlab\/","og_site_name":"Panoramines","article_published_time":"2025-12-05T08:38:03+00:00","article_modified_time":"2026-01-21T14:11:06+00:00","og_image":[{"width":2245,"height":1030,"url":"https:\/\/www.mines-stetienne.fr\/panoramines\/wp-content\/uploads\/sites\/3\/2025\/12\/ok-1.jpg","type":"image\/jpeg"}],"author":"Marylou BAUDRAND","twitter_card":"summary_large_image","twitter_misc":{"\u00c9crit par":"Marylou BAUDRAND","Dur\u00e9e de lecture estim\u00e9e":"2 minutes"},"schema":{"@context":"https:\/\/schema.org","@graph":[{"@type":"Article","@id":"https:\/\/www.mines-stetienne.fr\/panoramines\/2025\/12\/05\/les-rencontres-du-medtechlab\/#article","isPartOf":{"@id":"https:\/\/www.mines-stetienne.fr\/panoramines\/2025\/12\/05\/les-rencontres-du-medtechlab\/"},"author":{"name":"Marylou BAUDRAND","@id":"https:\/\/www.mines-stetienne.fr\/panoramines\/#\/schema\/person\/4122d0d44b90eef069d2cca2a9ed05eb"},"headline":"Les Rencontres du MedTechLab","datePublished":"2025-12-05T08:38:03+00:00","dateModified":"2026-01-21T14:11:06+00:00","mainEntityOfPage":{"@id":"https:\/\/www.mines-stetienne.fr\/panoramines\/2025\/12\/05\/les-rencontres-du-medtechlab\/"},"wordCount":376,"image":{"@id":"https:\/\/www.mines-stetienne.fr\/panoramines\/2025\/12\/05\/les-rencontres-du-medtechlab\/#primaryimage"},"thumbnailUrl":"https:\/\/www.mines-stetienne.fr\/panoramines\/wp-content\/uploads\/sites\/3\/2025\/12\/ok-1.jpg","keywords":["AESIO SANTE","Centre Ing\u00e9nierie et Sant\u00e9","Ing\u00e9nierie et Sant\u00e9","Innovation","Mines Saint-Etienne","Recherche","Saint-\u00c9tienne","Sant\u00e9","Sant\u00e9 du futur","Start-up","Tiers lieu d'exp\u00e9rimentatioon"],"articleSection":["Entreprise"],"inLanguage":"fr-FR"},{"@type":"WebPage","@id":"https:\/\/www.mines-stetienne.fr\/panoramines\/2025\/12\/05\/les-rencontres-du-medtechlab\/","url":"https:\/\/www.mines-stetienne.fr\/panoramines\/2025\/12\/05\/les-rencontres-du-medtechlab\/","name":"Les Rencontres du MedTechLab - Panoramines","isPartOf":{"@id":"https:\/\/www.mines-stetienne.fr\/panoramines\/#website"},"primaryImageOfPage":{"@id":"https:\/\/www.mines-stetienne.fr\/panoramines\/2025\/12\/05\/les-rencontres-du-medtechlab\/#primaryimage"},"image":{"@id":"https:\/\/www.mines-stetienne.fr\/panoramines\/2025\/12\/05\/les-rencontres-du-medtechlab\/#primaryimage"},"thumbnailUrl":"https:\/\/www.mines-stetienne.fr\/panoramines\/wp-content\/uploads\/sites\/3\/2025\/12\/ok-1.jpg","datePublished":"2025-12-05T08:38:03+00:00","dateModified":"2026-01-21T14:11:06+00:00","author":{"@id":"https:\/\/www.mines-stetienne.fr\/panoramines\/#\/schema\/person\/4122d0d44b90eef069d2cca2a9ed05eb"},"breadcrumb":{"@id":"https:\/\/www.mines-stetienne.fr\/panoramines\/2025\/12\/05\/les-rencontres-du-medtechlab\/#breadcrumb"},"inLanguage":"fr-FR","potentialAction":[{"@type":"ReadAction","target":["https:\/\/www.mines-stetienne.fr\/panoramines\/2025\/12\/05\/les-rencontres-du-medtechlab\/"]}]},{"@type":"ImageObject","inLanguage":"fr-FR","@id":"https:\/\/www.mines-stetienne.fr\/panoramines\/2025\/12\/05\/les-rencontres-du-medtechlab\/#primaryimage","url":"https:\/\/www.mines-stetienne.fr\/panoramines\/wp-content\/uploads\/sites\/3\/2025\/12\/ok-1.jpg","contentUrl":"https:\/\/www.mines-stetienne.fr\/panoramines\/wp-content\/uploads\/sites\/3\/2025\/12\/ok-1.jpg","width":2245,"height":1030,"caption":"Beige and White Vintage Travel Blank Paper Poster - ok"},{"@type":"BreadcrumbList","@id":"https:\/\/www.mines-stetienne.fr\/panoramines\/2025\/12\/05\/les-rencontres-du-medtechlab\/#breadcrumb","itemListElement":[{"@type":"ListItem","position":1,"name":"Accueil","item":"https:\/\/www.mines-stetienne.fr\/panoramines\/"},{"@type":"ListItem","position":2,"name":"Les Rencontres du MedTechLab"}]},{"@type":"WebSite","@id":"https:\/\/www.mines-stetienne.fr\/panoramines\/#website","url":"https:\/\/www.mines-stetienne.fr\/panoramines\/","name":"Panoramines","description":"Panoramines, l\u2019actualit\u00e9 de MINES Saint-\u00c9tienne","potentialAction":[{"@type":"SearchAction","target":{"@type":"EntryPoint","urlTemplate":"https:\/\/www.mines-stetienne.fr\/panoramines\/?s={search_term_string}"},"query-input":{"@type":"PropertyValueSpecification","valueRequired":true,"valueName":"search_term_string"}}],"inLanguage":"fr-FR"},{"@type":"Person","@id":"https:\/\/www.mines-stetienne.fr\/panoramines\/#\/schema\/person\/4122d0d44b90eef069d2cca2a9ed05eb","name":"Marylou BAUDRAND","image":{"@type":"ImageObject","inLanguage":"fr-FR","@id":"https:\/\/www.mines-stetienne.fr\/panoramines\/wp-content\/uploads\/sites\/3\/2021\/07\/logo-75x75-1.png","url":"https:\/\/www.mines-stetienne.fr\/panoramines\/wp-content\/uploads\/sites\/3\/2021\/07\/logo-75x75-1.png","contentUrl":"https:\/\/www.mines-stetienne.fr\/panoramines\/wp-content\/uploads\/sites\/3\/2021\/07\/logo-75x75-1.png","caption":"Marylou BAUDRAND"},"url":"https:\/\/www.mines-stetienne.fr\/panoramines\/author\/marylou-baudrand\/"}]}},"_links":{"self":[{"href":"https:\/\/www.mines-stetienne.fr\/panoramines\/wp-json\/wp\/v2\/posts\/28622","targetHints":{"allow":["GET"]}}],"collection":[{"href":"https:\/\/www.mines-stetienne.fr\/panoramines\/wp-json\/wp\/v2\/posts"}],"about":[{"href":"https:\/\/www.mines-stetienne.fr\/panoramines\/wp-json\/wp\/v2\/types\/post"}],"author":[{"embeddable":true,"href":"https:\/\/www.mines-stetienne.fr\/panoramines\/wp-json\/wp\/v2\/users\/12778"}],"replies":[{"embeddable":true,"href":"https:\/\/www.mines-stetienne.fr\/panoramines\/wp-json\/wp\/v2\/comments?post=28622"}],"version-history":[{"count":3,"href":"https:\/\/www.mines-stetienne.fr\/panoramines\/wp-json\/wp\/v2\/posts\/28622\/revisions"}],"predecessor-version":[{"id":28631,"href":"https:\/\/www.mines-stetienne.fr\/panoramines\/wp-json\/wp\/v2\/posts\/28622\/revisions\/28631"}],"wp:featuredmedia":[{"embeddable":true,"href":"https:\/\/www.mines-stetienne.fr\/panoramines\/wp-json\/wp\/v2\/media\/28627"}],"wp:attachment":[{"href":"https:\/\/www.mines-stetienne.fr\/panoramines\/wp-json\/wp\/v2\/media?parent=28622"}],"wp:term":[{"taxonomy":"category","embeddable":true,"href":"https:\/\/www.mines-stetienne.fr\/panoramines\/wp-json\/wp\/v2\/categories?post=28622"},{"taxonomy":"post_tag","embeddable":true,"href":"https:\/\/www.mines-stetienne.fr\/panoramines\/wp-json\/wp\/v2\/tags?post=28622"}],"curies":[{"name":"wp","href":"https:\/\/api.w.org\/{rel}","templated":true}]}}