{"id":28591,"date":"2025-12-03T14:24:56","date_gmt":"2025-12-03T13:24:56","guid":{"rendered":"https:\/\/www.mines-stetienne.fr\/panoramines\/?p=28591"},"modified":"2025-12-03T14:24:58","modified_gmt":"2025-12-03T13:24:58","slug":"ceux-qui-innovent-meme-quand-on-dit-que-cest-impossible-2","status":"publish","type":"post","link":"https:\/\/www.mines-stetienne.fr\/panoramines\/2025\/12\/03\/ceux-qui-innovent-meme-quand-on-dit-que-cest-impossible-2\/","title":{"rendered":"\u00ab Ceux qui innovent m\u00eame quand on dit que c\u2019est impossible \u00bb"},"content":{"rendered":"\n<p>La promo ISMIN 2022 a \u00e9t\u00e9 dipl\u00f4m\u00e9e le samedi 29 Novembre 2025 sur le campus Aix-Marseille-Provence. Une c\u00e9r\u00e9monie pleine d\u2019encouragements, de fiert\u00e9 et d\u2019espoir pour l\u2019avenir.<\/p>\n\n\n\n<p>Sur 99 dipl\u00f4m\u00e9s, 71 \u00e9taient pr\u00e9sents pour recevoir leur dipl\u00f4me de la main de <strong>Jacques Fayolle<\/strong>. Le directeur a rappel\u00e9 le prestige de la double sp\u00e9cialit\u00e9 informatique et micro\u00e9lectronique que propose le parcours ISMIN. Pour lui, ces jeunes dipl\u00f4m\u00e9s sont \u00ab&nbsp;<em>ceux qui innovent m\u00eame quand on dit que c\u2019est impossible<\/em>&nbsp;\u00bb.<\/p>\n\n\n\n<p>Cette promotion aux profils multiples (issus de classe pr\u00e9pa, admis sur titres ou \u00e9tudiants internationaux) avait choisi deux repr\u00e9sentants&nbsp;: <strong>Liam Lotte et No\u00e9 Backert<\/strong>. Deux jeunes hommes aux discours inspirants et f\u00e9d\u00e9rateurs. Ils ont notamment soulign\u00e9 l\u2019importance du dialogue entre \u00e9l\u00e8ves et \u00c9cole, privil\u00e9giant les \u00e9changes pour parvenir \u00e0 un terrain d\u2019entente.<\/p>\n\n\n\n<p><strong>Benjamin Massis<\/strong>, Responsable des formations, a soulign\u00e9 leur pers\u00e9v\u00e9rance et leur solidarit\u00e9. Il a rappel\u00e9 que les nuits blanches pass\u00e9es \u00e0 travailler et \u00e0 coder ne sont pas perdues (ni celles pass\u00e9es \u00e0 faire la f\u00eate) et qu\u2019il faut persister face au doute et aux bugs. <\/p>\n\n\n\n<figure class=\"wp-block-gallery has-nested-images columns-default is-cropped wp-block-gallery-2 is-layout-flex wp-block-gallery-is-layout-flex\">\n<figure class=\"wp-block-image size-large\"><img loading=\"lazy\" decoding=\"async\" width=\"1024\" height=\"683\" data-id=\"28593\" src=\"https:\/\/www.mines-stetienne.fr\/panoramines\/wp-content\/uploads\/sites\/3\/2025\/12\/mines-417.jpg\" alt=\"\" class=\"wp-image-28593\" srcset=\"https:\/\/www.mines-stetienne.fr\/panoramines\/wp-content\/uploads\/sites\/3\/2025\/12\/mines-417.jpg 1024w, https:\/\/www.mines-stetienne.fr\/panoramines\/wp-content\/uploads\/sites\/3\/2025\/12\/mines-417-300x200.jpg 300w, https:\/\/www.mines-stetienne.fr\/panoramines\/wp-content\/uploads\/sites\/3\/2025\/12\/mines-417-768x512.jpg 768w\" sizes=\"auto, (max-width: 1024px) 100vw, 1024px\" \/><\/figure>\n\n\n\n<figure class=\"wp-block-image size-large\"><img loading=\"lazy\" decoding=\"async\" width=\"1024\" height=\"683\" data-id=\"28594\" src=\"https:\/\/www.mines-stetienne.fr\/panoramines\/wp-content\/uploads\/sites\/3\/2025\/12\/mines-267.jpg\" alt=\"\" class=\"wp-image-28594\" srcset=\"https:\/\/www.mines-stetienne.fr\/panoramines\/wp-content\/uploads\/sites\/3\/2025\/12\/mines-267.jpg 1024w, https:\/\/www.mines-stetienne.fr\/panoramines\/wp-content\/uploads\/sites\/3\/2025\/12\/mines-267-300x200.jpg 300w, https:\/\/www.mines-stetienne.fr\/panoramines\/wp-content\/uploads\/sites\/3\/2025\/12\/mines-267-768x512.jpg 768w\" sizes=\"auto, (max-width: 1024px) 100vw, 1024px\" \/><\/figure>\n\n\n\n<figure class=\"wp-block-image size-large\"><img loading=\"lazy\" decoding=\"async\" width=\"1024\" height=\"683\" data-id=\"28595\" src=\"https:\/\/www.mines-stetienne.fr\/panoramines\/wp-content\/uploads\/sites\/3\/2025\/12\/mines-459.jpg\" alt=\"\" class=\"wp-image-28595\" srcset=\"https:\/\/www.mines-stetienne.fr\/panoramines\/wp-content\/uploads\/sites\/3\/2025\/12\/mines-459.jpg 1024w, https:\/\/www.mines-stetienne.fr\/panoramines\/wp-content\/uploads\/sites\/3\/2025\/12\/mines-459-300x200.jpg 300w, https:\/\/www.mines-stetienne.fr\/panoramines\/wp-content\/uploads\/sites\/3\/2025\/12\/mines-459-768x512.jpg 768w\" sizes=\"auto, (max-width: 1024px) 100vw, 1024px\" \/><\/figure>\n<\/figure>\n\n\n\n<blockquote class=\"wp-block-quote is-layout-flow wp-block-quote-is-layout-flow\">\n<p class=\"has-text-align-center\"><em>\u00ab&nbsp;Un bug, ce n\u2019est pas un \u00e9chec, c\u2019est juste une fonctionnalit\u00e9 qu\u2019on n\u2019a pas encore comprise&nbsp;\u00bb.<\/em><\/p>\n<\/blockquote>\n\n\n\n<p>Les dipl\u00f4m\u00e9s ont d\u00e9fil\u00e9 un par un sous les projecteurs et l\u2019\u0153il de la photographe. Ils ont laiss\u00e9 la parole \u00e0 leur enseignant <strong>Fran\u00e7ois Jaujard<\/strong> qui a partag\u00e9 la sc\u00e8ne avec \u00e9motion. Bient\u00f4t \u00e0 la retraite, c\u2019est pour lui aussi sa derni\u00e8re ann\u00e9e sur le Campus Aix-Marseille-Provence.<\/p>\n\n\n\n<p><strong>Olivier Cazzulo<\/strong>, parrain de la promo, fondateur et pr\u00e9sident de <em>Netsystem<\/em> (entreprise sp\u00e9cialiste du conseil en transformation digitale) a \u00e9galement \u00e9t\u00e9 remerci\u00e9 pour son soutien. Le Directeur de l\u2019\u00c9cole lui a remis la c\u00e9l\u00e8bre lampe de mineur, symbole de Mines Saint-\u00c9tienne. Son parrainage renforce notre lien avec le monde professionnel et ouvre de belles perspectives aux nouveaux dipl\u00f4m\u00e9s. &nbsp;<\/p>\n\n\n\n<p>Apr\u00e8s la c\u00e9r\u00e9monie, la musique a r\u00e9uni \u00e9l\u00e8ves et personnels pour un moment de c\u00e9l\u00e9bration.<\/p>\n\n\n\n<figure class=\"wp-block-gallery has-nested-images columns-default is-cropped wp-block-gallery-3 is-layout-flex wp-block-gallery-is-layout-flex\">\n<figure class=\"wp-block-image size-large\"><img loading=\"lazy\" decoding=\"async\" width=\"1024\" height=\"683\" data-id=\"28597\" src=\"https:\/\/www.mines-stetienne.fr\/panoramines\/wp-content\/uploads\/sites\/3\/2025\/12\/mines-613.jpg\" alt=\"\" class=\"wp-image-28597\" srcset=\"https:\/\/www.mines-stetienne.fr\/panoramines\/wp-content\/uploads\/sites\/3\/2025\/12\/mines-613.jpg 1024w, https:\/\/www.mines-stetienne.fr\/panoramines\/wp-content\/uploads\/sites\/3\/2025\/12\/mines-613-300x200.jpg 300w, https:\/\/www.mines-stetienne.fr\/panoramines\/wp-content\/uploads\/sites\/3\/2025\/12\/mines-613-768x512.jpg 768w\" sizes=\"auto, (max-width: 1024px) 100vw, 1024px\" \/><\/figure>\n\n\n\n<figure class=\"wp-block-image size-large\"><img loading=\"lazy\" decoding=\"async\" width=\"1024\" height=\"440\" data-id=\"28598\" src=\"https:\/\/www.mines-stetienne.fr\/panoramines\/wp-content\/uploads\/sites\/3\/2025\/12\/mines-778.jpg\" alt=\"\" class=\"wp-image-28598\" srcset=\"https:\/\/www.mines-stetienne.fr\/panoramines\/wp-content\/uploads\/sites\/3\/2025\/12\/mines-778.jpg 1024w, https:\/\/www.mines-stetienne.fr\/panoramines\/wp-content\/uploads\/sites\/3\/2025\/12\/mines-778-300x129.jpg 300w, https:\/\/www.mines-stetienne.fr\/panoramines\/wp-content\/uploads\/sites\/3\/2025\/12\/mines-778-768x330.jpg 768w\" sizes=\"auto, (max-width: 1024px) 100vw, 1024px\" \/><\/figure>\n\n\n\n<figure class=\"wp-block-image size-large\"><img loading=\"lazy\" decoding=\"async\" width=\"1024\" height=\"683\" data-id=\"28596\" src=\"https:\/\/www.mines-stetienne.fr\/panoramines\/wp-content\/uploads\/sites\/3\/2025\/12\/mines-775.jpg\" alt=\"\" class=\"wp-image-28596\" srcset=\"https:\/\/www.mines-stetienne.fr\/panoramines\/wp-content\/uploads\/sites\/3\/2025\/12\/mines-775.jpg 1024w, https:\/\/www.mines-stetienne.fr\/panoramines\/wp-content\/uploads\/sites\/3\/2025\/12\/mines-775-300x200.jpg 300w, https:\/\/www.mines-stetienne.fr\/panoramines\/wp-content\/uploads\/sites\/3\/2025\/12\/mines-775-768x512.jpg 768w\" sizes=\"auto, (max-width: 1024px) 100vw, 1024px\" \/><\/figure>\n<\/figure>\n\n\n\n<p>Un grand bravo aux ing\u00e9nieurs dipl\u00f4m\u00e9s cette ann\u00e9e, pour leur travail, leur solidarit\u00e9 et leurs futures r\u00e9ussites\u00a0! Nous remercions tous les personnels investis pendant 3 ans aupr\u00e8s des \u00e9tudiants et engag\u00e9s lors de cette remise de dipl\u00f4me.<\/p>\n","protected":false},"excerpt":{"rendered":"<p>La promo ISMIN 2022 a \u00e9t\u00e9 dipl\u00f4m\u00e9e le samedi 29 Novembre 2025 sur le campus Aix-Marseille-Provence. Une c\u00e9r\u00e9monie pleine d\u2019encouragements, de fiert\u00e9 et d\u2019espoir pour l\u2019avenir. Sur 99 dipl\u00f4m\u00e9s, 71 \u00e9taient pr\u00e9sents pour recevoir leur dipl\u00f4me de la main de &hellip;<\/p>\n","protected":false},"author":12778,"featured_media":28599,"comment_status":"closed","ping_status":"open","sticky":false,"template":"","format":"standard","meta":{"_relevanssi_hide_post":"","_relevanssi_hide_content":"","_relevanssi_pin_for_all":"","_relevanssi_pin_keywords":"","_relevanssi_unpin_keywords":"","_relevanssi_related_keywords":"","_relevanssi_related_include_ids":"","_relevanssi_related_exclude_ids":"","_relevanssi_related_no_append":"","_relevanssi_related_not_related":"","_relevanssi_related_posts":"27177,27127,16021,22688,22369,28124","_relevanssi_noindex_reason":"","footnotes":""},"categories":[6],"tags":[971,370,779,97,42,873,729],"class_list":["post-28591","post","type-post","status-publish","format-standard","has-post-thumbnail","hentry","category-formation","tag-campus-aix-marseille-provence","tag-campus-gc-provence","tag-ceremonie","tag-imt","tag-ismin","tag-mines-saint-etienne","tag-remise-de-diplome"],"pp_statuses_selecting_workflow":false,"pp_workflow_action":"current","pp_status_selection":"publish","pp_force_visibility":null,"pp_subpost_visibility":null,"pp_inherited_force_visibility":null,"pp_inherited_subpost_visibility":null,"yoast_head":"<!-- This site is optimized with the Yoast SEO plugin v27.5 - https:\/\/yoast.com\/product\/yoast-seo-wordpress\/ -->\n<title>\u00ab Ceux qui innovent m\u00eame quand on dit que c\u2019est impossible \u00bb - Panoramines<\/title>\n<meta name=\"robots\" content=\"index, follow, max-snippet:-1, max-image-preview:large, max-video-preview:-1\" \/>\n<link rel=\"canonical\" href=\"https:\/\/www.mines-stetienne.fr\/panoramines\/2025\/12\/03\/ceux-qui-innovent-meme-quand-on-dit-que-cest-impossible-2\/\" \/>\n<meta property=\"og:locale\" content=\"fr_FR\" \/>\n<meta property=\"og:type\" content=\"article\" \/>\n<meta property=\"og:title\" content=\"\u00ab Ceux qui innovent m\u00eame quand on dit que c\u2019est impossible \u00bb - Panoramines\" \/>\n<meta property=\"og:description\" content=\"La promo ISMIN 2022 a \u00e9t\u00e9 dipl\u00f4m\u00e9e le samedi 29 Novembre 2025 sur le campus Aix-Marseille-Provence. Une c\u00e9r\u00e9monie pleine d\u2019encouragements, de fiert\u00e9 et d\u2019espoir pour l\u2019avenir. Sur 99 dipl\u00f4m\u00e9s, 71 \u00e9taient pr\u00e9sents pour recevoir leur dipl\u00f4me de la main de &hellip;\" \/>\n<meta property=\"og:url\" content=\"https:\/\/www.mines-stetienne.fr\/panoramines\/2025\/12\/03\/ceux-qui-innovent-meme-quand-on-dit-que-cest-impossible-2\/\" \/>\n<meta property=\"og:site_name\" content=\"Panoramines\" \/>\n<meta property=\"article:published_time\" content=\"2025-12-03T13:24:56+00:00\" \/>\n<meta property=\"article:modified_time\" content=\"2025-12-03T13:24:58+00:00\" \/>\n<meta property=\"og:image\" content=\"https:\/\/www.mines-stetienne.fr\/panoramines\/wp-content\/uploads\/sites\/3\/2025\/12\/mines-134.jpg\" \/>\n\t<meta property=\"og:image:width\" content=\"1024\" \/>\n\t<meta property=\"og:image:height\" content=\"683\" \/>\n\t<meta property=\"og:image:type\" content=\"image\/jpeg\" \/>\n<meta name=\"author\" content=\"Marylou BAUDRAND\" \/>\n<meta name=\"twitter:card\" content=\"summary_large_image\" \/>\n<meta name=\"twitter:label1\" content=\"\u00c9crit par\" \/>\n\t<meta name=\"twitter:data1\" content=\"Marylou BAUDRAND\" \/>\n\t<meta name=\"twitter:label2\" content=\"Dur\u00e9e de lecture estim\u00e9e\" \/>\n\t<meta name=\"twitter:data2\" content=\"2 minutes\" \/>\n<script type=\"application\/ld+json\" class=\"yoast-schema-graph\">{\"@context\":\"https:\\\/\\\/schema.org\",\"@graph\":[{\"@type\":\"Article\",\"@id\":\"https:\\\/\\\/www.mines-stetienne.fr\\\/panoramines\\\/2025\\\/12\\\/03\\\/ceux-qui-innovent-meme-quand-on-dit-que-cest-impossible-2\\\/#article\",\"isPartOf\":{\"@id\":\"https:\\\/\\\/www.mines-stetienne.fr\\\/panoramines\\\/2025\\\/12\\\/03\\\/ceux-qui-innovent-meme-quand-on-dit-que-cest-impossible-2\\\/\"},\"author\":{\"name\":\"Marylou BAUDRAND\",\"@id\":\"https:\\\/\\\/www.mines-stetienne.fr\\\/panoramines\\\/#\\\/schema\\\/person\\\/4122d0d44b90eef069d2cca2a9ed05eb\"},\"headline\":\"\u00ab Ceux qui innovent m\u00eame quand on dit que c\u2019est impossible \u00bb\",\"datePublished\":\"2025-12-03T13:24:56+00:00\",\"dateModified\":\"2025-12-03T13:24:58+00:00\",\"mainEntityOfPage\":{\"@id\":\"https:\\\/\\\/www.mines-stetienne.fr\\\/panoramines\\\/2025\\\/12\\\/03\\\/ceux-qui-innovent-meme-quand-on-dit-que-cest-impossible-2\\\/\"},\"wordCount\":421,\"image\":{\"@id\":\"https:\\\/\\\/www.mines-stetienne.fr\\\/panoramines\\\/2025\\\/12\\\/03\\\/ceux-qui-innovent-meme-quand-on-dit-que-cest-impossible-2\\\/#primaryimage\"},\"thumbnailUrl\":\"https:\\\/\\\/www.mines-stetienne.fr\\\/panoramines\\\/wp-content\\\/uploads\\\/sites\\\/3\\\/2025\\\/12\\\/mines-134.jpg\",\"keywords\":[\"Campus Aix-Marseille-Provence\",\"Campus GC Provence\",\"C\u00e9r\u00e9monie\",\"IMT\",\"ISMIN\",\"Mines Saint-Etienne\",\"Remise de dipl\u00f4me\"],\"articleSection\":[\"Formation\"],\"inLanguage\":\"fr-FR\"},{\"@type\":\"WebPage\",\"@id\":\"https:\\\/\\\/www.mines-stetienne.fr\\\/panoramines\\\/2025\\\/12\\\/03\\\/ceux-qui-innovent-meme-quand-on-dit-que-cest-impossible-2\\\/\",\"url\":\"https:\\\/\\\/www.mines-stetienne.fr\\\/panoramines\\\/2025\\\/12\\\/03\\\/ceux-qui-innovent-meme-quand-on-dit-que-cest-impossible-2\\\/\",\"name\":\"\u00ab Ceux qui innovent m\u00eame quand on dit que c\u2019est impossible \u00bb - Panoramines\",\"isPartOf\":{\"@id\":\"https:\\\/\\\/www.mines-stetienne.fr\\\/panoramines\\\/#website\"},\"primaryImageOfPage\":{\"@id\":\"https:\\\/\\\/www.mines-stetienne.fr\\\/panoramines\\\/2025\\\/12\\\/03\\\/ceux-qui-innovent-meme-quand-on-dit-que-cest-impossible-2\\\/#primaryimage\"},\"image\":{\"@id\":\"https:\\\/\\\/www.mines-stetienne.fr\\\/panoramines\\\/2025\\\/12\\\/03\\\/ceux-qui-innovent-meme-quand-on-dit-que-cest-impossible-2\\\/#primaryimage\"},\"thumbnailUrl\":\"https:\\\/\\\/www.mines-stetienne.fr\\\/panoramines\\\/wp-content\\\/uploads\\\/sites\\\/3\\\/2025\\\/12\\\/mines-134.jpg\",\"datePublished\":\"2025-12-03T13:24:56+00:00\",\"dateModified\":\"2025-12-03T13:24:58+00:00\",\"author\":{\"@id\":\"https:\\\/\\\/www.mines-stetienne.fr\\\/panoramines\\\/#\\\/schema\\\/person\\\/4122d0d44b90eef069d2cca2a9ed05eb\"},\"breadcrumb\":{\"@id\":\"https:\\\/\\\/www.mines-stetienne.fr\\\/panoramines\\\/2025\\\/12\\\/03\\\/ceux-qui-innovent-meme-quand-on-dit-que-cest-impossible-2\\\/#breadcrumb\"},\"inLanguage\":\"fr-FR\",\"potentialAction\":[{\"@type\":\"ReadAction\",\"target\":[\"https:\\\/\\\/www.mines-stetienne.fr\\\/panoramines\\\/2025\\\/12\\\/03\\\/ceux-qui-innovent-meme-quand-on-dit-que-cest-impossible-2\\\/\"]}]},{\"@type\":\"ImageObject\",\"inLanguage\":\"fr-FR\",\"@id\":\"https:\\\/\\\/www.mines-stetienne.fr\\\/panoramines\\\/2025\\\/12\\\/03\\\/ceux-qui-innovent-meme-quand-on-dit-que-cest-impossible-2\\\/#primaryimage\",\"url\":\"https:\\\/\\\/www.mines-stetienne.fr\\\/panoramines\\\/wp-content\\\/uploads\\\/sites\\\/3\\\/2025\\\/12\\\/mines-134.jpg\",\"contentUrl\":\"https:\\\/\\\/www.mines-stetienne.fr\\\/panoramines\\\/wp-content\\\/uploads\\\/sites\\\/3\\\/2025\\\/12\\\/mines-134.jpg\",\"width\":1024,\"height\":683},{\"@type\":\"BreadcrumbList\",\"@id\":\"https:\\\/\\\/www.mines-stetienne.fr\\\/panoramines\\\/2025\\\/12\\\/03\\\/ceux-qui-innovent-meme-quand-on-dit-que-cest-impossible-2\\\/#breadcrumb\",\"itemListElement\":[{\"@type\":\"ListItem\",\"position\":1,\"name\":\"Accueil\",\"item\":\"https:\\\/\\\/www.mines-stetienne.fr\\\/panoramines\\\/\"},{\"@type\":\"ListItem\",\"position\":2,\"name\":\"\u00ab Ceux qui innovent m\u00eame quand on dit que c\u2019est impossible \u00bb\"}]},{\"@type\":\"WebSite\",\"@id\":\"https:\\\/\\\/www.mines-stetienne.fr\\\/panoramines\\\/#website\",\"url\":\"https:\\\/\\\/www.mines-stetienne.fr\\\/panoramines\\\/\",\"name\":\"Panoramines\",\"description\":\"Panoramines, l\u2019actualit\u00e9 de MINES Saint-\u00c9tienne\",\"potentialAction\":[{\"@type\":\"SearchAction\",\"target\":{\"@type\":\"EntryPoint\",\"urlTemplate\":\"https:\\\/\\\/www.mines-stetienne.fr\\\/panoramines\\\/?s={search_term_string}\"},\"query-input\":{\"@type\":\"PropertyValueSpecification\",\"valueRequired\":true,\"valueName\":\"search_term_string\"}}],\"inLanguage\":\"fr-FR\"},{\"@type\":\"Person\",\"@id\":\"https:\\\/\\\/www.mines-stetienne.fr\\\/panoramines\\\/#\\\/schema\\\/person\\\/4122d0d44b90eef069d2cca2a9ed05eb\",\"name\":\"Marylou BAUDRAND\",\"image\":{\"@type\":\"ImageObject\",\"inLanguage\":\"fr-FR\",\"@id\":\"https:\\\/\\\/www.mines-stetienne.fr\\\/panoramines\\\/wp-content\\\/uploads\\\/sites\\\/3\\\/2021\\\/07\\\/logo-75x75-1.png\",\"url\":\"https:\\\/\\\/www.mines-stetienne.fr\\\/panoramines\\\/wp-content\\\/uploads\\\/sites\\\/3\\\/2021\\\/07\\\/logo-75x75-1.png\",\"contentUrl\":\"https:\\\/\\\/www.mines-stetienne.fr\\\/panoramines\\\/wp-content\\\/uploads\\\/sites\\\/3\\\/2021\\\/07\\\/logo-75x75-1.png\",\"caption\":\"Marylou BAUDRAND\"},\"url\":\"https:\\\/\\\/www.mines-stetienne.fr\\\/panoramines\\\/author\\\/marylou-baudrand\\\/\"}]}<\/script>\n<!-- \/ Yoast SEO plugin. -->","yoast_head_json":{"title":"\u00ab Ceux qui innovent m\u00eame quand on dit que c\u2019est impossible \u00bb - Panoramines","robots":{"index":"index","follow":"follow","max-snippet":"max-snippet:-1","max-image-preview":"max-image-preview:large","max-video-preview":"max-video-preview:-1"},"canonical":"https:\/\/www.mines-stetienne.fr\/panoramines\/2025\/12\/03\/ceux-qui-innovent-meme-quand-on-dit-que-cest-impossible-2\/","og_locale":"fr_FR","og_type":"article","og_title":"\u00ab Ceux qui innovent m\u00eame quand on dit que c\u2019est impossible \u00bb - Panoramines","og_description":"La promo ISMIN 2022 a \u00e9t\u00e9 dipl\u00f4m\u00e9e le samedi 29 Novembre 2025 sur le campus Aix-Marseille-Provence. Une c\u00e9r\u00e9monie pleine d\u2019encouragements, de fiert\u00e9 et d\u2019espoir pour l\u2019avenir. Sur 99 dipl\u00f4m\u00e9s, 71 \u00e9taient pr\u00e9sents pour recevoir leur dipl\u00f4me de la main de &hellip;","og_url":"https:\/\/www.mines-stetienne.fr\/panoramines\/2025\/12\/03\/ceux-qui-innovent-meme-quand-on-dit-que-cest-impossible-2\/","og_site_name":"Panoramines","article_published_time":"2025-12-03T13:24:56+00:00","article_modified_time":"2025-12-03T13:24:58+00:00","og_image":[{"width":1024,"height":683,"url":"https:\/\/www.mines-stetienne.fr\/panoramines\/wp-content\/uploads\/sites\/3\/2025\/12\/mines-134.jpg","type":"image\/jpeg"}],"author":"Marylou BAUDRAND","twitter_card":"summary_large_image","twitter_misc":{"\u00c9crit par":"Marylou BAUDRAND","Dur\u00e9e de lecture estim\u00e9e":"2 minutes"},"schema":{"@context":"https:\/\/schema.org","@graph":[{"@type":"Article","@id":"https:\/\/www.mines-stetienne.fr\/panoramines\/2025\/12\/03\/ceux-qui-innovent-meme-quand-on-dit-que-cest-impossible-2\/#article","isPartOf":{"@id":"https:\/\/www.mines-stetienne.fr\/panoramines\/2025\/12\/03\/ceux-qui-innovent-meme-quand-on-dit-que-cest-impossible-2\/"},"author":{"name":"Marylou BAUDRAND","@id":"https:\/\/www.mines-stetienne.fr\/panoramines\/#\/schema\/person\/4122d0d44b90eef069d2cca2a9ed05eb"},"headline":"\u00ab Ceux qui innovent m\u00eame quand on dit que c\u2019est impossible \u00bb","datePublished":"2025-12-03T13:24:56+00:00","dateModified":"2025-12-03T13:24:58+00:00","mainEntityOfPage":{"@id":"https:\/\/www.mines-stetienne.fr\/panoramines\/2025\/12\/03\/ceux-qui-innovent-meme-quand-on-dit-que-cest-impossible-2\/"},"wordCount":421,"image":{"@id":"https:\/\/www.mines-stetienne.fr\/panoramines\/2025\/12\/03\/ceux-qui-innovent-meme-quand-on-dit-que-cest-impossible-2\/#primaryimage"},"thumbnailUrl":"https:\/\/www.mines-stetienne.fr\/panoramines\/wp-content\/uploads\/sites\/3\/2025\/12\/mines-134.jpg","keywords":["Campus Aix-Marseille-Provence","Campus GC Provence","C\u00e9r\u00e9monie","IMT","ISMIN","Mines Saint-Etienne","Remise de dipl\u00f4me"],"articleSection":["Formation"],"inLanguage":"fr-FR"},{"@type":"WebPage","@id":"https:\/\/www.mines-stetienne.fr\/panoramines\/2025\/12\/03\/ceux-qui-innovent-meme-quand-on-dit-que-cest-impossible-2\/","url":"https:\/\/www.mines-stetienne.fr\/panoramines\/2025\/12\/03\/ceux-qui-innovent-meme-quand-on-dit-que-cest-impossible-2\/","name":"\u00ab Ceux qui innovent m\u00eame quand on dit que c\u2019est impossible \u00bb - Panoramines","isPartOf":{"@id":"https:\/\/www.mines-stetienne.fr\/panoramines\/#website"},"primaryImageOfPage":{"@id":"https:\/\/www.mines-stetienne.fr\/panoramines\/2025\/12\/03\/ceux-qui-innovent-meme-quand-on-dit-que-cest-impossible-2\/#primaryimage"},"image":{"@id":"https:\/\/www.mines-stetienne.fr\/panoramines\/2025\/12\/03\/ceux-qui-innovent-meme-quand-on-dit-que-cest-impossible-2\/#primaryimage"},"thumbnailUrl":"https:\/\/www.mines-stetienne.fr\/panoramines\/wp-content\/uploads\/sites\/3\/2025\/12\/mines-134.jpg","datePublished":"2025-12-03T13:24:56+00:00","dateModified":"2025-12-03T13:24:58+00:00","author":{"@id":"https:\/\/www.mines-stetienne.fr\/panoramines\/#\/schema\/person\/4122d0d44b90eef069d2cca2a9ed05eb"},"breadcrumb":{"@id":"https:\/\/www.mines-stetienne.fr\/panoramines\/2025\/12\/03\/ceux-qui-innovent-meme-quand-on-dit-que-cest-impossible-2\/#breadcrumb"},"inLanguage":"fr-FR","potentialAction":[{"@type":"ReadAction","target":["https:\/\/www.mines-stetienne.fr\/panoramines\/2025\/12\/03\/ceux-qui-innovent-meme-quand-on-dit-que-cest-impossible-2\/"]}]},{"@type":"ImageObject","inLanguage":"fr-FR","@id":"https:\/\/www.mines-stetienne.fr\/panoramines\/2025\/12\/03\/ceux-qui-innovent-meme-quand-on-dit-que-cest-impossible-2\/#primaryimage","url":"https:\/\/www.mines-stetienne.fr\/panoramines\/wp-content\/uploads\/sites\/3\/2025\/12\/mines-134.jpg","contentUrl":"https:\/\/www.mines-stetienne.fr\/panoramines\/wp-content\/uploads\/sites\/3\/2025\/12\/mines-134.jpg","width":1024,"height":683},{"@type":"BreadcrumbList","@id":"https:\/\/www.mines-stetienne.fr\/panoramines\/2025\/12\/03\/ceux-qui-innovent-meme-quand-on-dit-que-cest-impossible-2\/#breadcrumb","itemListElement":[{"@type":"ListItem","position":1,"name":"Accueil","item":"https:\/\/www.mines-stetienne.fr\/panoramines\/"},{"@type":"ListItem","position":2,"name":"\u00ab Ceux qui innovent m\u00eame quand on dit que c\u2019est impossible \u00bb"}]},{"@type":"WebSite","@id":"https:\/\/www.mines-stetienne.fr\/panoramines\/#website","url":"https:\/\/www.mines-stetienne.fr\/panoramines\/","name":"Panoramines","description":"Panoramines, l\u2019actualit\u00e9 de MINES Saint-\u00c9tienne","potentialAction":[{"@type":"SearchAction","target":{"@type":"EntryPoint","urlTemplate":"https:\/\/www.mines-stetienne.fr\/panoramines\/?s={search_term_string}"},"query-input":{"@type":"PropertyValueSpecification","valueRequired":true,"valueName":"search_term_string"}}],"inLanguage":"fr-FR"},{"@type":"Person","@id":"https:\/\/www.mines-stetienne.fr\/panoramines\/#\/schema\/person\/4122d0d44b90eef069d2cca2a9ed05eb","name":"Marylou BAUDRAND","image":{"@type":"ImageObject","inLanguage":"fr-FR","@id":"https:\/\/www.mines-stetienne.fr\/panoramines\/wp-content\/uploads\/sites\/3\/2021\/07\/logo-75x75-1.png","url":"https:\/\/www.mines-stetienne.fr\/panoramines\/wp-content\/uploads\/sites\/3\/2021\/07\/logo-75x75-1.png","contentUrl":"https:\/\/www.mines-stetienne.fr\/panoramines\/wp-content\/uploads\/sites\/3\/2021\/07\/logo-75x75-1.png","caption":"Marylou BAUDRAND"},"url":"https:\/\/www.mines-stetienne.fr\/panoramines\/author\/marylou-baudrand\/"}]}},"_links":{"self":[{"href":"https:\/\/www.mines-stetienne.fr\/panoramines\/wp-json\/wp\/v2\/posts\/28591","targetHints":{"allow":["GET"]}}],"collection":[{"href":"https:\/\/www.mines-stetienne.fr\/panoramines\/wp-json\/wp\/v2\/posts"}],"about":[{"href":"https:\/\/www.mines-stetienne.fr\/panoramines\/wp-json\/wp\/v2\/types\/post"}],"author":[{"embeddable":true,"href":"https:\/\/www.mines-stetienne.fr\/panoramines\/wp-json\/wp\/v2\/users\/12778"}],"replies":[{"embeddable":true,"href":"https:\/\/www.mines-stetienne.fr\/panoramines\/wp-json\/wp\/v2\/comments?post=28591"}],"version-history":[{"count":3,"href":"https:\/\/www.mines-stetienne.fr\/panoramines\/wp-json\/wp\/v2\/posts\/28591\/revisions"}],"predecessor-version":[{"id":28601,"href":"https:\/\/www.mines-stetienne.fr\/panoramines\/wp-json\/wp\/v2\/posts\/28591\/revisions\/28601"}],"wp:featuredmedia":[{"embeddable":true,"href":"https:\/\/www.mines-stetienne.fr\/panoramines\/wp-json\/wp\/v2\/media\/28599"}],"wp:attachment":[{"href":"https:\/\/www.mines-stetienne.fr\/panoramines\/wp-json\/wp\/v2\/media?parent=28591"}],"wp:term":[{"taxonomy":"category","embeddable":true,"href":"https:\/\/www.mines-stetienne.fr\/panoramines\/wp-json\/wp\/v2\/categories?post=28591"},{"taxonomy":"post_tag","embeddable":true,"href":"https:\/\/www.mines-stetienne.fr\/panoramines\/wp-json\/wp\/v2\/tags?post=28591"}],"curies":[{"name":"wp","href":"https:\/\/api.w.org\/{rel}","templated":true}]}}