{"id":28554,"date":"2025-11-26T10:04:36","date_gmt":"2025-11-26T09:04:36","guid":{"rendered":"https:\/\/www.mines-stetienne.fr\/panoramines\/?p=28554"},"modified":"2025-12-01T10:17:54","modified_gmt":"2025-12-01T09:17:54","slug":"venez-vous-sensibiliser-a-la-cybersecurite","status":"publish","type":"post","link":"https:\/\/www.mines-stetienne.fr\/panoramines\/2025\/11\/26\/venez-vous-sensibiliser-a-la-cybersecurite\/","title":{"rendered":"Venez vous sensibiliser \u00e0 la cybers\u00e9curit\u00e9\u00a0!"},"content":{"rendered":"\n<p>Le mois dernier, Mines Saint-Etienne participait au mois europ\u00e9en de la cybers\u00e9curit\u00e9. Initiative qui sensibilisait aux <strong>cybermenaces <\/strong>et aux bons r\u00e9flexes pour s\u2019en prot\u00e9ger. A cette occasion, l\u2019Ecole avait institutionnalis\u00e9 l\u2019utilisation de la <strong>double authentification<\/strong>, une solution d\u2019authentification renforc\u00e9e pour mieux prot\u00e9ger les donn\u00e9es de nos services. Aujourd&rsquo;hui plus de<strong> 500 personnels<\/strong> l&rsquo;utilisent.<\/p>\n\n\n\n<p>Depuis, Mines Saint-Etienne a \u00e9t\u00e9 labelis\u00e9 \u00ab&nbsp;<strong>Num\u00e9rique Responsable<\/strong>&nbsp;\u00bb. Un label qui r\u00e9compense les institutions qui s\u2019engagent \u00e0 r\u00e9duire l\u2019empreinte sociale, \u00e9conomique et environnementale de leur utilisation du num\u00e9rique.<\/p>\n\n\n\n<p>Pour poursuivre cette d\u00e9marche, <strong>le 1<sup>er<\/sup> d\u00e9cembre prochain<\/strong>, L\u2019Ecole accueille l\u2019entreprise Ovide pour une <strong>demi-journ\u00e9e de sensibilisation \u00e0 la cybers\u00e9curit\u00e9<\/strong>.<\/p>\n\n\n\n<p>Objectifs&nbsp;:<\/p>\n\n\n\n<ul class=\"wp-block-list\">\n<li>identifier les diff\u00e9rents types de menaces li\u00e9es aux usages num\u00e9riques du quotidien<\/li>\n\n\n\n<li>reconna\u00eetre les signes d\u2019une fuite de donn\u00e9es ou d\u2019une tentative de phishing<\/li>\n\n\n\n<li>comprendre comment des gestes simples peuvent compromettre la s\u00e9curit\u00e9 d\u2019une entreprise<\/li>\n\n\n\n<li>int\u00e9grer, \u00e0 travers l\u2019enqu\u00eate, le r\u00f4le du facteur humain dans la cybers\u00e9curit\u00e9.<\/li>\n<\/ul>\n\n\n\n<p>De 9h \u00e0 14h,<strong> rendez-vous aux Cabanes <\/strong>pour d\u00e9couvrir comment de petites erreurs peuvent compromettre la s\u00e9curit\u00e9 d\u2019une organisation. Ovide vous propose de vivre une cyberattaque au c\u0153ur d\u2019un mus\u00e9e et m\u00eame d\u2019endosser le r\u00f4le du pirate informatique qui attaque le lieu.<\/p>\n\n\n\n<p>Personnels et \u00e9tudiants, nous vous attendons nombreux&nbsp;!<\/p>\n\n\n\n<p><\/p>\n","protected":false},"excerpt":{"rendered":"<p>Le mois dernier, Mines Saint-Etienne participait au mois europ\u00e9en de la cybers\u00e9curit\u00e9. Initiative qui sensibilisait aux cybermenaces et aux bons r\u00e9flexes pour s\u2019en prot\u00e9ger. A cette occasion, l\u2019Ecole avait institutionnalis\u00e9 l\u2019utilisation de la double authentification, une solution d\u2019authentification renforc\u00e9e pour &hellip;<\/p>\n","protected":false},"author":12778,"featured_media":28555,"comment_status":"closed","ping_status":"open","sticky":false,"template":"","format":"standard","meta":{"_relevanssi_hide_post":"","_relevanssi_hide_content":"","_relevanssi_pin_for_all":"","_relevanssi_pin_keywords":"","_relevanssi_unpin_keywords":"","_relevanssi_related_keywords":"","_relevanssi_related_include_ids":"","_relevanssi_related_exclude_ids":"","_relevanssi_related_no_append":"","_relevanssi_related_not_related":"","_relevanssi_related_posts":"16950,23464,27656,23653,13534,19856","_relevanssi_noindex_reason":"","footnotes":""},"categories":[11],"tags":[214,873,800,140],"class_list":["post-28554","post","type-post","status-publish","format-standard","has-post-thumbnail","hentry","category-vie-de-l-ecole","tag-cybersecurite","tag-mines-saint-etienne","tag-saint-etienne-2","tag-team"],"pp_statuses_selecting_workflow":false,"pp_workflow_action":"current","pp_status_selection":"publish","pp_force_visibility":null,"pp_subpost_visibility":null,"pp_inherited_force_visibility":null,"pp_inherited_subpost_visibility":null,"yoast_head":"<!-- This site is optimized with the Yoast SEO plugin v27.5 - https:\/\/yoast.com\/product\/yoast-seo-wordpress\/ -->\n<title>Venez vous sensibiliser \u00e0 la cybers\u00e9curit\u00e9\u00a0! - Panoramines<\/title>\n<meta name=\"robots\" content=\"index, follow, max-snippet:-1, max-image-preview:large, max-video-preview:-1\" \/>\n<link rel=\"canonical\" href=\"https:\/\/www.mines-stetienne.fr\/panoramines\/2025\/11\/26\/venez-vous-sensibiliser-a-la-cybersecurite\/\" \/>\n<meta property=\"og:locale\" content=\"fr_FR\" \/>\n<meta property=\"og:type\" content=\"article\" \/>\n<meta property=\"og:title\" content=\"Venez vous sensibiliser \u00e0 la cybers\u00e9curit\u00e9\u00a0! - Panoramines\" \/>\n<meta property=\"og:description\" content=\"Le mois dernier, Mines Saint-Etienne participait au mois europ\u00e9en de la cybers\u00e9curit\u00e9. Initiative qui sensibilisait aux cybermenaces et aux bons r\u00e9flexes pour s\u2019en prot\u00e9ger. A cette occasion, l\u2019Ecole avait institutionnalis\u00e9 l\u2019utilisation de la double authentification, une solution d\u2019authentification renforc\u00e9e pour &hellip;\" \/>\n<meta property=\"og:url\" content=\"https:\/\/www.mines-stetienne.fr\/panoramines\/2025\/11\/26\/venez-vous-sensibiliser-a-la-cybersecurite\/\" \/>\n<meta property=\"og:site_name\" content=\"Panoramines\" \/>\n<meta property=\"article:published_time\" content=\"2025-11-26T09:04:36+00:00\" \/>\n<meta property=\"article:modified_time\" content=\"2025-12-01T09:17:54+00:00\" \/>\n<meta property=\"og:image\" content=\"https:\/\/www.mines-stetienne.fr\/panoramines\/wp-content\/uploads\/sites\/3\/2025\/11\/Capture-decran-2025-11-26-100310.jpg\" \/>\n\t<meta property=\"og:image:width\" content=\"1763\" \/>\n\t<meta property=\"og:image:height\" content=\"499\" \/>\n\t<meta property=\"og:image:type\" content=\"image\/jpeg\" \/>\n<meta name=\"author\" content=\"Marylou BAUDRAND\" \/>\n<meta name=\"twitter:card\" content=\"summary_large_image\" \/>\n<meta name=\"twitter:label1\" content=\"\u00c9crit par\" \/>\n\t<meta name=\"twitter:data1\" content=\"Marylou BAUDRAND\" \/>\n\t<meta name=\"twitter:label2\" content=\"Dur\u00e9e de lecture estim\u00e9e\" \/>\n\t<meta name=\"twitter:data2\" content=\"2 minutes\" \/>\n<script type=\"application\/ld+json\" class=\"yoast-schema-graph\">{\"@context\":\"https:\\\/\\\/schema.org\",\"@graph\":[{\"@type\":\"Article\",\"@id\":\"https:\\\/\\\/www.mines-stetienne.fr\\\/panoramines\\\/2025\\\/11\\\/26\\\/venez-vous-sensibiliser-a-la-cybersecurite\\\/#article\",\"isPartOf\":{\"@id\":\"https:\\\/\\\/www.mines-stetienne.fr\\\/panoramines\\\/2025\\\/11\\\/26\\\/venez-vous-sensibiliser-a-la-cybersecurite\\\/\"},\"author\":{\"name\":\"Marylou BAUDRAND\",\"@id\":\"https:\\\/\\\/www.mines-stetienne.fr\\\/panoramines\\\/#\\\/schema\\\/person\\\/4122d0d44b90eef069d2cca2a9ed05eb\"},\"headline\":\"Venez vous sensibiliser \u00e0 la cybers\u00e9curit\u00e9\u00a0!\",\"datePublished\":\"2025-11-26T09:04:36+00:00\",\"dateModified\":\"2025-12-01T09:17:54+00:00\",\"mainEntityOfPage\":{\"@id\":\"https:\\\/\\\/www.mines-stetienne.fr\\\/panoramines\\\/2025\\\/11\\\/26\\\/venez-vous-sensibiliser-a-la-cybersecurite\\\/\"},\"wordCount\":249,\"image\":{\"@id\":\"https:\\\/\\\/www.mines-stetienne.fr\\\/panoramines\\\/2025\\\/11\\\/26\\\/venez-vous-sensibiliser-a-la-cybersecurite\\\/#primaryimage\"},\"thumbnailUrl\":\"https:\\\/\\\/www.mines-stetienne.fr\\\/panoramines\\\/wp-content\\\/uploads\\\/sites\\\/3\\\/2025\\\/11\\\/Capture-decran-2025-11-26-100310.jpg\",\"keywords\":[\"Cybers\u00e9curit\u00e9\",\"Mines Saint-Etienne\",\"Saint-Etienne\",\"TEAM\"],\"articleSection\":[\"Vie de l'\u00c9cole\"],\"inLanguage\":\"fr-FR\"},{\"@type\":\"WebPage\",\"@id\":\"https:\\\/\\\/www.mines-stetienne.fr\\\/panoramines\\\/2025\\\/11\\\/26\\\/venez-vous-sensibiliser-a-la-cybersecurite\\\/\",\"url\":\"https:\\\/\\\/www.mines-stetienne.fr\\\/panoramines\\\/2025\\\/11\\\/26\\\/venez-vous-sensibiliser-a-la-cybersecurite\\\/\",\"name\":\"Venez vous sensibiliser \u00e0 la cybers\u00e9curit\u00e9\u00a0! - Panoramines\",\"isPartOf\":{\"@id\":\"https:\\\/\\\/www.mines-stetienne.fr\\\/panoramines\\\/#website\"},\"primaryImageOfPage\":{\"@id\":\"https:\\\/\\\/www.mines-stetienne.fr\\\/panoramines\\\/2025\\\/11\\\/26\\\/venez-vous-sensibiliser-a-la-cybersecurite\\\/#primaryimage\"},\"image\":{\"@id\":\"https:\\\/\\\/www.mines-stetienne.fr\\\/panoramines\\\/2025\\\/11\\\/26\\\/venez-vous-sensibiliser-a-la-cybersecurite\\\/#primaryimage\"},\"thumbnailUrl\":\"https:\\\/\\\/www.mines-stetienne.fr\\\/panoramines\\\/wp-content\\\/uploads\\\/sites\\\/3\\\/2025\\\/11\\\/Capture-decran-2025-11-26-100310.jpg\",\"datePublished\":\"2025-11-26T09:04:36+00:00\",\"dateModified\":\"2025-12-01T09:17:54+00:00\",\"author\":{\"@id\":\"https:\\\/\\\/www.mines-stetienne.fr\\\/panoramines\\\/#\\\/schema\\\/person\\\/4122d0d44b90eef069d2cca2a9ed05eb\"},\"breadcrumb\":{\"@id\":\"https:\\\/\\\/www.mines-stetienne.fr\\\/panoramines\\\/2025\\\/11\\\/26\\\/venez-vous-sensibiliser-a-la-cybersecurite\\\/#breadcrumb\"},\"inLanguage\":\"fr-FR\",\"potentialAction\":[{\"@type\":\"ReadAction\",\"target\":[\"https:\\\/\\\/www.mines-stetienne.fr\\\/panoramines\\\/2025\\\/11\\\/26\\\/venez-vous-sensibiliser-a-la-cybersecurite\\\/\"]}]},{\"@type\":\"ImageObject\",\"inLanguage\":\"fr-FR\",\"@id\":\"https:\\\/\\\/www.mines-stetienne.fr\\\/panoramines\\\/2025\\\/11\\\/26\\\/venez-vous-sensibiliser-a-la-cybersecurite\\\/#primaryimage\",\"url\":\"https:\\\/\\\/www.mines-stetienne.fr\\\/panoramines\\\/wp-content\\\/uploads\\\/sites\\\/3\\\/2025\\\/11\\\/Capture-decran-2025-11-26-100310.jpg\",\"contentUrl\":\"https:\\\/\\\/www.mines-stetienne.fr\\\/panoramines\\\/wp-content\\\/uploads\\\/sites\\\/3\\\/2025\\\/11\\\/Capture-decran-2025-11-26-100310.jpg\",\"width\":1763,\"height\":499},{\"@type\":\"BreadcrumbList\",\"@id\":\"https:\\\/\\\/www.mines-stetienne.fr\\\/panoramines\\\/2025\\\/11\\\/26\\\/venez-vous-sensibiliser-a-la-cybersecurite\\\/#breadcrumb\",\"itemListElement\":[{\"@type\":\"ListItem\",\"position\":1,\"name\":\"Accueil\",\"item\":\"https:\\\/\\\/www.mines-stetienne.fr\\\/panoramines\\\/\"},{\"@type\":\"ListItem\",\"position\":2,\"name\":\"Venez vous sensibiliser \u00e0 la cybers\u00e9curit\u00e9\u00a0!\"}]},{\"@type\":\"WebSite\",\"@id\":\"https:\\\/\\\/www.mines-stetienne.fr\\\/panoramines\\\/#website\",\"url\":\"https:\\\/\\\/www.mines-stetienne.fr\\\/panoramines\\\/\",\"name\":\"Panoramines\",\"description\":\"Panoramines, l\u2019actualit\u00e9 de MINES Saint-\u00c9tienne\",\"potentialAction\":[{\"@type\":\"SearchAction\",\"target\":{\"@type\":\"EntryPoint\",\"urlTemplate\":\"https:\\\/\\\/www.mines-stetienne.fr\\\/panoramines\\\/?s={search_term_string}\"},\"query-input\":{\"@type\":\"PropertyValueSpecification\",\"valueRequired\":true,\"valueName\":\"search_term_string\"}}],\"inLanguage\":\"fr-FR\"},{\"@type\":\"Person\",\"@id\":\"https:\\\/\\\/www.mines-stetienne.fr\\\/panoramines\\\/#\\\/schema\\\/person\\\/4122d0d44b90eef069d2cca2a9ed05eb\",\"name\":\"Marylou BAUDRAND\",\"image\":{\"@type\":\"ImageObject\",\"inLanguage\":\"fr-FR\",\"@id\":\"https:\\\/\\\/www.mines-stetienne.fr\\\/panoramines\\\/wp-content\\\/uploads\\\/sites\\\/3\\\/2021\\\/07\\\/logo-75x75-1.png\",\"url\":\"https:\\\/\\\/www.mines-stetienne.fr\\\/panoramines\\\/wp-content\\\/uploads\\\/sites\\\/3\\\/2021\\\/07\\\/logo-75x75-1.png\",\"contentUrl\":\"https:\\\/\\\/www.mines-stetienne.fr\\\/panoramines\\\/wp-content\\\/uploads\\\/sites\\\/3\\\/2021\\\/07\\\/logo-75x75-1.png\",\"caption\":\"Marylou BAUDRAND\"},\"url\":\"https:\\\/\\\/www.mines-stetienne.fr\\\/panoramines\\\/author\\\/marylou-baudrand\\\/\"}]}<\/script>\n<!-- \/ Yoast SEO plugin. -->","yoast_head_json":{"title":"Venez vous sensibiliser \u00e0 la cybers\u00e9curit\u00e9\u00a0! - Panoramines","robots":{"index":"index","follow":"follow","max-snippet":"max-snippet:-1","max-image-preview":"max-image-preview:large","max-video-preview":"max-video-preview:-1"},"canonical":"https:\/\/www.mines-stetienne.fr\/panoramines\/2025\/11\/26\/venez-vous-sensibiliser-a-la-cybersecurite\/","og_locale":"fr_FR","og_type":"article","og_title":"Venez vous sensibiliser \u00e0 la cybers\u00e9curit\u00e9\u00a0! - Panoramines","og_description":"Le mois dernier, Mines Saint-Etienne participait au mois europ\u00e9en de la cybers\u00e9curit\u00e9. Initiative qui sensibilisait aux cybermenaces et aux bons r\u00e9flexes pour s\u2019en prot\u00e9ger. A cette occasion, l\u2019Ecole avait institutionnalis\u00e9 l\u2019utilisation de la double authentification, une solution d\u2019authentification renforc\u00e9e pour &hellip;","og_url":"https:\/\/www.mines-stetienne.fr\/panoramines\/2025\/11\/26\/venez-vous-sensibiliser-a-la-cybersecurite\/","og_site_name":"Panoramines","article_published_time":"2025-11-26T09:04:36+00:00","article_modified_time":"2025-12-01T09:17:54+00:00","og_image":[{"width":1763,"height":499,"url":"https:\/\/www.mines-stetienne.fr\/panoramines\/wp-content\/uploads\/sites\/3\/2025\/11\/Capture-decran-2025-11-26-100310.jpg","type":"image\/jpeg"}],"author":"Marylou BAUDRAND","twitter_card":"summary_large_image","twitter_misc":{"\u00c9crit par":"Marylou BAUDRAND","Dur\u00e9e de lecture estim\u00e9e":"2 minutes"},"schema":{"@context":"https:\/\/schema.org","@graph":[{"@type":"Article","@id":"https:\/\/www.mines-stetienne.fr\/panoramines\/2025\/11\/26\/venez-vous-sensibiliser-a-la-cybersecurite\/#article","isPartOf":{"@id":"https:\/\/www.mines-stetienne.fr\/panoramines\/2025\/11\/26\/venez-vous-sensibiliser-a-la-cybersecurite\/"},"author":{"name":"Marylou BAUDRAND","@id":"https:\/\/www.mines-stetienne.fr\/panoramines\/#\/schema\/person\/4122d0d44b90eef069d2cca2a9ed05eb"},"headline":"Venez vous sensibiliser \u00e0 la cybers\u00e9curit\u00e9\u00a0!","datePublished":"2025-11-26T09:04:36+00:00","dateModified":"2025-12-01T09:17:54+00:00","mainEntityOfPage":{"@id":"https:\/\/www.mines-stetienne.fr\/panoramines\/2025\/11\/26\/venez-vous-sensibiliser-a-la-cybersecurite\/"},"wordCount":249,"image":{"@id":"https:\/\/www.mines-stetienne.fr\/panoramines\/2025\/11\/26\/venez-vous-sensibiliser-a-la-cybersecurite\/#primaryimage"},"thumbnailUrl":"https:\/\/www.mines-stetienne.fr\/panoramines\/wp-content\/uploads\/sites\/3\/2025\/11\/Capture-decran-2025-11-26-100310.jpg","keywords":["Cybers\u00e9curit\u00e9","Mines Saint-Etienne","Saint-Etienne","TEAM"],"articleSection":["Vie de l'\u00c9cole"],"inLanguage":"fr-FR"},{"@type":"WebPage","@id":"https:\/\/www.mines-stetienne.fr\/panoramines\/2025\/11\/26\/venez-vous-sensibiliser-a-la-cybersecurite\/","url":"https:\/\/www.mines-stetienne.fr\/panoramines\/2025\/11\/26\/venez-vous-sensibiliser-a-la-cybersecurite\/","name":"Venez vous sensibiliser \u00e0 la cybers\u00e9curit\u00e9\u00a0! - Panoramines","isPartOf":{"@id":"https:\/\/www.mines-stetienne.fr\/panoramines\/#website"},"primaryImageOfPage":{"@id":"https:\/\/www.mines-stetienne.fr\/panoramines\/2025\/11\/26\/venez-vous-sensibiliser-a-la-cybersecurite\/#primaryimage"},"image":{"@id":"https:\/\/www.mines-stetienne.fr\/panoramines\/2025\/11\/26\/venez-vous-sensibiliser-a-la-cybersecurite\/#primaryimage"},"thumbnailUrl":"https:\/\/www.mines-stetienne.fr\/panoramines\/wp-content\/uploads\/sites\/3\/2025\/11\/Capture-decran-2025-11-26-100310.jpg","datePublished":"2025-11-26T09:04:36+00:00","dateModified":"2025-12-01T09:17:54+00:00","author":{"@id":"https:\/\/www.mines-stetienne.fr\/panoramines\/#\/schema\/person\/4122d0d44b90eef069d2cca2a9ed05eb"},"breadcrumb":{"@id":"https:\/\/www.mines-stetienne.fr\/panoramines\/2025\/11\/26\/venez-vous-sensibiliser-a-la-cybersecurite\/#breadcrumb"},"inLanguage":"fr-FR","potentialAction":[{"@type":"ReadAction","target":["https:\/\/www.mines-stetienne.fr\/panoramines\/2025\/11\/26\/venez-vous-sensibiliser-a-la-cybersecurite\/"]}]},{"@type":"ImageObject","inLanguage":"fr-FR","@id":"https:\/\/www.mines-stetienne.fr\/panoramines\/2025\/11\/26\/venez-vous-sensibiliser-a-la-cybersecurite\/#primaryimage","url":"https:\/\/www.mines-stetienne.fr\/panoramines\/wp-content\/uploads\/sites\/3\/2025\/11\/Capture-decran-2025-11-26-100310.jpg","contentUrl":"https:\/\/www.mines-stetienne.fr\/panoramines\/wp-content\/uploads\/sites\/3\/2025\/11\/Capture-decran-2025-11-26-100310.jpg","width":1763,"height":499},{"@type":"BreadcrumbList","@id":"https:\/\/www.mines-stetienne.fr\/panoramines\/2025\/11\/26\/venez-vous-sensibiliser-a-la-cybersecurite\/#breadcrumb","itemListElement":[{"@type":"ListItem","position":1,"name":"Accueil","item":"https:\/\/www.mines-stetienne.fr\/panoramines\/"},{"@type":"ListItem","position":2,"name":"Venez vous sensibiliser \u00e0 la cybers\u00e9curit\u00e9\u00a0!"}]},{"@type":"WebSite","@id":"https:\/\/www.mines-stetienne.fr\/panoramines\/#website","url":"https:\/\/www.mines-stetienne.fr\/panoramines\/","name":"Panoramines","description":"Panoramines, l\u2019actualit\u00e9 de MINES Saint-\u00c9tienne","potentialAction":[{"@type":"SearchAction","target":{"@type":"EntryPoint","urlTemplate":"https:\/\/www.mines-stetienne.fr\/panoramines\/?s={search_term_string}"},"query-input":{"@type":"PropertyValueSpecification","valueRequired":true,"valueName":"search_term_string"}}],"inLanguage":"fr-FR"},{"@type":"Person","@id":"https:\/\/www.mines-stetienne.fr\/panoramines\/#\/schema\/person\/4122d0d44b90eef069d2cca2a9ed05eb","name":"Marylou BAUDRAND","image":{"@type":"ImageObject","inLanguage":"fr-FR","@id":"https:\/\/www.mines-stetienne.fr\/panoramines\/wp-content\/uploads\/sites\/3\/2021\/07\/logo-75x75-1.png","url":"https:\/\/www.mines-stetienne.fr\/panoramines\/wp-content\/uploads\/sites\/3\/2021\/07\/logo-75x75-1.png","contentUrl":"https:\/\/www.mines-stetienne.fr\/panoramines\/wp-content\/uploads\/sites\/3\/2021\/07\/logo-75x75-1.png","caption":"Marylou BAUDRAND"},"url":"https:\/\/www.mines-stetienne.fr\/panoramines\/author\/marylou-baudrand\/"}]}},"_links":{"self":[{"href":"https:\/\/www.mines-stetienne.fr\/panoramines\/wp-json\/wp\/v2\/posts\/28554","targetHints":{"allow":["GET"]}}],"collection":[{"href":"https:\/\/www.mines-stetienne.fr\/panoramines\/wp-json\/wp\/v2\/posts"}],"about":[{"href":"https:\/\/www.mines-stetienne.fr\/panoramines\/wp-json\/wp\/v2\/types\/post"}],"author":[{"embeddable":true,"href":"https:\/\/www.mines-stetienne.fr\/panoramines\/wp-json\/wp\/v2\/users\/12778"}],"replies":[{"embeddable":true,"href":"https:\/\/www.mines-stetienne.fr\/panoramines\/wp-json\/wp\/v2\/comments?post=28554"}],"version-history":[{"count":3,"href":"https:\/\/www.mines-stetienne.fr\/panoramines\/wp-json\/wp\/v2\/posts\/28554\/revisions"}],"predecessor-version":[{"id":28582,"href":"https:\/\/www.mines-stetienne.fr\/panoramines\/wp-json\/wp\/v2\/posts\/28554\/revisions\/28582"}],"wp:featuredmedia":[{"embeddable":true,"href":"https:\/\/www.mines-stetienne.fr\/panoramines\/wp-json\/wp\/v2\/media\/28555"}],"wp:attachment":[{"href":"https:\/\/www.mines-stetienne.fr\/panoramines\/wp-json\/wp\/v2\/media?parent=28554"}],"wp:term":[{"taxonomy":"category","embeddable":true,"href":"https:\/\/www.mines-stetienne.fr\/panoramines\/wp-json\/wp\/v2\/categories?post=28554"},{"taxonomy":"post_tag","embeddable":true,"href":"https:\/\/www.mines-stetienne.fr\/panoramines\/wp-json\/wp\/v2\/tags?post=28554"}],"curies":[{"name":"wp","href":"https:\/\/api.w.org\/{rel}","templated":true}]}}