{"id":28536,"date":"2025-11-25T16:27:12","date_gmt":"2025-11-25T15:27:12","guid":{"rendered":"https:\/\/www.mines-stetienne.fr\/panoramines\/?p=28536"},"modified":"2025-11-26T09:35:41","modified_gmt":"2025-11-26T08:35:41","slug":"guillaume-millet-lutte-contre-la-sedentarite-au-travail","status":"publish","type":"post","link":"https:\/\/www.mines-stetienne.fr\/panoramines\/2025\/11\/25\/guillaume-millet-lutte-contre-la-sedentarite-au-travail\/","title":{"rendered":"D\u00e9fatiguez-vous ! Guillaume Millet lutte contre la l&rsquo;inactivit\u00e9"},"content":{"rendered":"\n<p>Le 13 Novembre dernier s\u2019est d\u00e9roul\u00e9e une conf\u00e9rence sur la <strong>s\u00e9dentarit\u00e9 au travail<\/strong> et les risques qu\u2019elle entra\u00eene. Avant cet \u00e9v\u00e8nement, il avait \u00e9t\u00e9 demand\u00e9 \u00e0 l&rsquo;ensemble des personnels de l&rsquo;Ecole de r\u00e9pondre \u00e0 un simple questionnaire sur leurs habitudes de travail.<\/p>\n\n\n\n<p>En est ressorti que <strong>82% des r\u00e9pondants passent plus de 5 heures en position assise<\/strong> par jour et <strong>53% maintiennent une posture s\u00e9dentaire pendant un temps long<\/strong>.<\/p>\n\n\n\n<p>La conf\u00e9rence anim\u00e9e par Guillaume MILLET \u00e9tait donc la bienvenue. Physiologiste de l\u2019exercice, Professeur \u00e0 l\u2019Universit\u00e9 Jean Monnet de Saint-Etienne, Guillaume MILLET a apport\u00e9 son expertise sur la s\u00e9dentarit\u00e9 et les moyens de lutter contre. L\u2019expert a \u00e9galement a dirig\u00e9 un groupe de recherche de 15 personnes sur la fatigue neuromusculaire \u00e0 l\u2019Universit\u00e9 de Calgary au Canada, prouvant que l\u2019am\u00e9lioration de la qualit\u00e9 de vie au travail est un sujet mondial.<\/p>\n\n\n\n<p>A ce propos, Guillaume MILLET a publi\u00e9 un ouvrage qui donne les cl\u00e9s pour retrouver son \u00e9nergie \u00ab&nbsp;quand se reposer ne suffit pas&nbsp;\u00bb. <strong><em>D\u00e9fatiguez-vous <\/em>revient sur l\u2019importance de l\u2019activit\u00e9 physique<\/strong> et la remise en mouvement. A Mines Saint-Etienne, nous l\u2019avons bien compris, c\u2019est pourquoi l\u2019Ecole propose des cours de sport entre midi et deux. Pilates, course, renforcement musculaire, le personnel de l\u2019Ecole peut se d\u00e9tendre et se d\u00e9fouler sur la pause du midi pour reprendre le travail plus serein.<\/p>\n","protected":false},"excerpt":{"rendered":"<p>Le 13 Novembre dernier s\u2019est d\u00e9roul\u00e9e une conf\u00e9rence sur la s\u00e9dentarit\u00e9 au travail et les risques qu\u2019elle entra\u00eene. Avant cet \u00e9v\u00e8nement, il avait \u00e9t\u00e9 demand\u00e9 \u00e0 l&rsquo;ensemble des personnels de l&rsquo;Ecole de r\u00e9pondre \u00e0 un simple questionnaire sur leurs habitudes &hellip;<\/p>\n","protected":false},"author":12778,"featured_media":28552,"comment_status":"closed","ping_status":"open","sticky":false,"template":"","format":"standard","meta":{"_relevanssi_hide_post":"","_relevanssi_hide_content":"","_relevanssi_pin_for_all":"","_relevanssi_pin_keywords":"","_relevanssi_unpin_keywords":"","_relevanssi_related_keywords":"","_relevanssi_related_include_ids":"","_relevanssi_related_exclude_ids":"","_relevanssi_related_no_append":"","_relevanssi_related_not_related":"","_relevanssi_related_posts":"22252,28275,22303,20411,18577,26988","_relevanssi_noindex_reason":"","footnotes":""},"categories":[11],"tags":[873,800],"class_list":["post-28536","post","type-post","status-publish","format-standard","has-post-thumbnail","hentry","category-vie-de-l-ecole","tag-mines-saint-etienne","tag-saint-etienne-2"],"pp_statuses_selecting_workflow":false,"pp_workflow_action":"current","pp_status_selection":"publish","pp_force_visibility":null,"pp_subpost_visibility":null,"pp_inherited_force_visibility":null,"pp_inherited_subpost_visibility":null,"yoast_head":"<!-- This site is optimized with the Yoast SEO plugin v27.5 - https:\/\/yoast.com\/product\/yoast-seo-wordpress\/ -->\n<title>D\u00e9fatiguez-vous ! Guillaume Millet lutte contre la l&#039;inactivit\u00e9 - Panoramines<\/title>\n<meta name=\"robots\" content=\"index, follow, max-snippet:-1, max-image-preview:large, max-video-preview:-1\" \/>\n<link rel=\"canonical\" href=\"https:\/\/www.mines-stetienne.fr\/panoramines\/2025\/11\/25\/guillaume-millet-lutte-contre-la-sedentarite-au-travail\/\" \/>\n<meta property=\"og:locale\" content=\"fr_FR\" \/>\n<meta property=\"og:type\" content=\"article\" \/>\n<meta property=\"og:title\" content=\"D\u00e9fatiguez-vous ! Guillaume Millet lutte contre la l&#039;inactivit\u00e9 - Panoramines\" \/>\n<meta property=\"og:description\" content=\"Le 13 Novembre dernier s\u2019est d\u00e9roul\u00e9e une conf\u00e9rence sur la s\u00e9dentarit\u00e9 au travail et les risques qu\u2019elle entra\u00eene. Avant cet \u00e9v\u00e8nement, il avait \u00e9t\u00e9 demand\u00e9 \u00e0 l&rsquo;ensemble des personnels de l&rsquo;Ecole de r\u00e9pondre \u00e0 un simple questionnaire sur leurs habitudes &hellip;\" \/>\n<meta property=\"og:url\" content=\"https:\/\/www.mines-stetienne.fr\/panoramines\/2025\/11\/25\/guillaume-millet-lutte-contre-la-sedentarite-au-travail\/\" \/>\n<meta property=\"og:site_name\" content=\"Panoramines\" \/>\n<meta property=\"article:published_time\" content=\"2025-11-25T15:27:12+00:00\" \/>\n<meta property=\"article:modified_time\" content=\"2025-11-26T08:35:41+00:00\" \/>\n<meta property=\"og:image\" content=\"https:\/\/www.mines-stetienne.fr\/panoramines\/wp-content\/uploads\/sites\/3\/2025\/11\/IMG_9042.jpeg\" \/>\n\t<meta property=\"og:image:width\" content=\"640\" \/>\n\t<meta property=\"og:image:height\" content=\"480\" \/>\n\t<meta property=\"og:image:type\" content=\"image\/jpeg\" \/>\n<meta name=\"author\" content=\"Marylou BAUDRAND\" \/>\n<meta name=\"twitter:card\" content=\"summary_large_image\" \/>\n<meta name=\"twitter:label1\" content=\"\u00c9crit par\" \/>\n\t<meta name=\"twitter:data1\" content=\"Marylou BAUDRAND\" \/>\n\t<meta name=\"twitter:label2\" content=\"Dur\u00e9e de lecture estim\u00e9e\" \/>\n\t<meta name=\"twitter:data2\" content=\"2 minutes\" \/>\n<script type=\"application\/ld+json\" class=\"yoast-schema-graph\">{\"@context\":\"https:\\\/\\\/schema.org\",\"@graph\":[{\"@type\":\"Article\",\"@id\":\"https:\\\/\\\/www.mines-stetienne.fr\\\/panoramines\\\/2025\\\/11\\\/25\\\/guillaume-millet-lutte-contre-la-sedentarite-au-travail\\\/#article\",\"isPartOf\":{\"@id\":\"https:\\\/\\\/www.mines-stetienne.fr\\\/panoramines\\\/2025\\\/11\\\/25\\\/guillaume-millet-lutte-contre-la-sedentarite-au-travail\\\/\"},\"author\":{\"name\":\"Marylou BAUDRAND\",\"@id\":\"https:\\\/\\\/www.mines-stetienne.fr\\\/panoramines\\\/#\\\/schema\\\/person\\\/4122d0d44b90eef069d2cca2a9ed05eb\"},\"headline\":\"D\u00e9fatiguez-vous ! Guillaume Millet lutte contre la l&rsquo;inactivit\u00e9\",\"datePublished\":\"2025-11-25T15:27:12+00:00\",\"dateModified\":\"2025-11-26T08:35:41+00:00\",\"mainEntityOfPage\":{\"@id\":\"https:\\\/\\\/www.mines-stetienne.fr\\\/panoramines\\\/2025\\\/11\\\/25\\\/guillaume-millet-lutte-contre-la-sedentarite-au-travail\\\/\"},\"wordCount\":250,\"image\":{\"@id\":\"https:\\\/\\\/www.mines-stetienne.fr\\\/panoramines\\\/2025\\\/11\\\/25\\\/guillaume-millet-lutte-contre-la-sedentarite-au-travail\\\/#primaryimage\"},\"thumbnailUrl\":\"https:\\\/\\\/www.mines-stetienne.fr\\\/panoramines\\\/wp-content\\\/uploads\\\/sites\\\/3\\\/2025\\\/11\\\/IMG_9042.jpeg\",\"keywords\":[\"Mines Saint-Etienne\",\"Saint-Etienne\"],\"articleSection\":[\"Vie de l'\u00c9cole\"],\"inLanguage\":\"fr-FR\"},{\"@type\":\"WebPage\",\"@id\":\"https:\\\/\\\/www.mines-stetienne.fr\\\/panoramines\\\/2025\\\/11\\\/25\\\/guillaume-millet-lutte-contre-la-sedentarite-au-travail\\\/\",\"url\":\"https:\\\/\\\/www.mines-stetienne.fr\\\/panoramines\\\/2025\\\/11\\\/25\\\/guillaume-millet-lutte-contre-la-sedentarite-au-travail\\\/\",\"name\":\"D\u00e9fatiguez-vous ! Guillaume Millet lutte contre la l'inactivit\u00e9 - Panoramines\",\"isPartOf\":{\"@id\":\"https:\\\/\\\/www.mines-stetienne.fr\\\/panoramines\\\/#website\"},\"primaryImageOfPage\":{\"@id\":\"https:\\\/\\\/www.mines-stetienne.fr\\\/panoramines\\\/2025\\\/11\\\/25\\\/guillaume-millet-lutte-contre-la-sedentarite-au-travail\\\/#primaryimage\"},\"image\":{\"@id\":\"https:\\\/\\\/www.mines-stetienne.fr\\\/panoramines\\\/2025\\\/11\\\/25\\\/guillaume-millet-lutte-contre-la-sedentarite-au-travail\\\/#primaryimage\"},\"thumbnailUrl\":\"https:\\\/\\\/www.mines-stetienne.fr\\\/panoramines\\\/wp-content\\\/uploads\\\/sites\\\/3\\\/2025\\\/11\\\/IMG_9042.jpeg\",\"datePublished\":\"2025-11-25T15:27:12+00:00\",\"dateModified\":\"2025-11-26T08:35:41+00:00\",\"author\":{\"@id\":\"https:\\\/\\\/www.mines-stetienne.fr\\\/panoramines\\\/#\\\/schema\\\/person\\\/4122d0d44b90eef069d2cca2a9ed05eb\"},\"breadcrumb\":{\"@id\":\"https:\\\/\\\/www.mines-stetienne.fr\\\/panoramines\\\/2025\\\/11\\\/25\\\/guillaume-millet-lutte-contre-la-sedentarite-au-travail\\\/#breadcrumb\"},\"inLanguage\":\"fr-FR\",\"potentialAction\":[{\"@type\":\"ReadAction\",\"target\":[\"https:\\\/\\\/www.mines-stetienne.fr\\\/panoramines\\\/2025\\\/11\\\/25\\\/guillaume-millet-lutte-contre-la-sedentarite-au-travail\\\/\"]}]},{\"@type\":\"ImageObject\",\"inLanguage\":\"fr-FR\",\"@id\":\"https:\\\/\\\/www.mines-stetienne.fr\\\/panoramines\\\/2025\\\/11\\\/25\\\/guillaume-millet-lutte-contre-la-sedentarite-au-travail\\\/#primaryimage\",\"url\":\"https:\\\/\\\/www.mines-stetienne.fr\\\/panoramines\\\/wp-content\\\/uploads\\\/sites\\\/3\\\/2025\\\/11\\\/IMG_9042.jpeg\",\"contentUrl\":\"https:\\\/\\\/www.mines-stetienne.fr\\\/panoramines\\\/wp-content\\\/uploads\\\/sites\\\/3\\\/2025\\\/11\\\/IMG_9042.jpeg\",\"width\":640,\"height\":480},{\"@type\":\"BreadcrumbList\",\"@id\":\"https:\\\/\\\/www.mines-stetienne.fr\\\/panoramines\\\/2025\\\/11\\\/25\\\/guillaume-millet-lutte-contre-la-sedentarite-au-travail\\\/#breadcrumb\",\"itemListElement\":[{\"@type\":\"ListItem\",\"position\":1,\"name\":\"Accueil\",\"item\":\"https:\\\/\\\/www.mines-stetienne.fr\\\/panoramines\\\/\"},{\"@type\":\"ListItem\",\"position\":2,\"name\":\"D\u00e9fatiguez-vous ! Guillaume Millet lutte contre la l&rsquo;inactivit\u00e9\"}]},{\"@type\":\"WebSite\",\"@id\":\"https:\\\/\\\/www.mines-stetienne.fr\\\/panoramines\\\/#website\",\"url\":\"https:\\\/\\\/www.mines-stetienne.fr\\\/panoramines\\\/\",\"name\":\"Panoramines\",\"description\":\"Panoramines, l\u2019actualit\u00e9 de MINES Saint-\u00c9tienne\",\"potentialAction\":[{\"@type\":\"SearchAction\",\"target\":{\"@type\":\"EntryPoint\",\"urlTemplate\":\"https:\\\/\\\/www.mines-stetienne.fr\\\/panoramines\\\/?s={search_term_string}\"},\"query-input\":{\"@type\":\"PropertyValueSpecification\",\"valueRequired\":true,\"valueName\":\"search_term_string\"}}],\"inLanguage\":\"fr-FR\"},{\"@type\":\"Person\",\"@id\":\"https:\\\/\\\/www.mines-stetienne.fr\\\/panoramines\\\/#\\\/schema\\\/person\\\/4122d0d44b90eef069d2cca2a9ed05eb\",\"name\":\"Marylou BAUDRAND\",\"image\":{\"@type\":\"ImageObject\",\"inLanguage\":\"fr-FR\",\"@id\":\"https:\\\/\\\/www.mines-stetienne.fr\\\/panoramines\\\/wp-content\\\/uploads\\\/sites\\\/3\\\/2021\\\/07\\\/logo-75x75-1.png\",\"url\":\"https:\\\/\\\/www.mines-stetienne.fr\\\/panoramines\\\/wp-content\\\/uploads\\\/sites\\\/3\\\/2021\\\/07\\\/logo-75x75-1.png\",\"contentUrl\":\"https:\\\/\\\/www.mines-stetienne.fr\\\/panoramines\\\/wp-content\\\/uploads\\\/sites\\\/3\\\/2021\\\/07\\\/logo-75x75-1.png\",\"caption\":\"Marylou BAUDRAND\"},\"url\":\"https:\\\/\\\/www.mines-stetienne.fr\\\/panoramines\\\/author\\\/marylou-baudrand\\\/\"}]}<\/script>\n<!-- \/ Yoast SEO plugin. -->","yoast_head_json":{"title":"D\u00e9fatiguez-vous ! Guillaume Millet lutte contre la l'inactivit\u00e9 - Panoramines","robots":{"index":"index","follow":"follow","max-snippet":"max-snippet:-1","max-image-preview":"max-image-preview:large","max-video-preview":"max-video-preview:-1"},"canonical":"https:\/\/www.mines-stetienne.fr\/panoramines\/2025\/11\/25\/guillaume-millet-lutte-contre-la-sedentarite-au-travail\/","og_locale":"fr_FR","og_type":"article","og_title":"D\u00e9fatiguez-vous ! Guillaume Millet lutte contre la l'inactivit\u00e9 - Panoramines","og_description":"Le 13 Novembre dernier s\u2019est d\u00e9roul\u00e9e une conf\u00e9rence sur la s\u00e9dentarit\u00e9 au travail et les risques qu\u2019elle entra\u00eene. Avant cet \u00e9v\u00e8nement, il avait \u00e9t\u00e9 demand\u00e9 \u00e0 l&rsquo;ensemble des personnels de l&rsquo;Ecole de r\u00e9pondre \u00e0 un simple questionnaire sur leurs habitudes &hellip;","og_url":"https:\/\/www.mines-stetienne.fr\/panoramines\/2025\/11\/25\/guillaume-millet-lutte-contre-la-sedentarite-au-travail\/","og_site_name":"Panoramines","article_published_time":"2025-11-25T15:27:12+00:00","article_modified_time":"2025-11-26T08:35:41+00:00","og_image":[{"width":640,"height":480,"url":"https:\/\/www.mines-stetienne.fr\/panoramines\/wp-content\/uploads\/sites\/3\/2025\/11\/IMG_9042.jpeg","type":"image\/jpeg"}],"author":"Marylou BAUDRAND","twitter_card":"summary_large_image","twitter_misc":{"\u00c9crit par":"Marylou BAUDRAND","Dur\u00e9e de lecture estim\u00e9e":"2 minutes"},"schema":{"@context":"https:\/\/schema.org","@graph":[{"@type":"Article","@id":"https:\/\/www.mines-stetienne.fr\/panoramines\/2025\/11\/25\/guillaume-millet-lutte-contre-la-sedentarite-au-travail\/#article","isPartOf":{"@id":"https:\/\/www.mines-stetienne.fr\/panoramines\/2025\/11\/25\/guillaume-millet-lutte-contre-la-sedentarite-au-travail\/"},"author":{"name":"Marylou BAUDRAND","@id":"https:\/\/www.mines-stetienne.fr\/panoramines\/#\/schema\/person\/4122d0d44b90eef069d2cca2a9ed05eb"},"headline":"D\u00e9fatiguez-vous ! Guillaume Millet lutte contre la l&rsquo;inactivit\u00e9","datePublished":"2025-11-25T15:27:12+00:00","dateModified":"2025-11-26T08:35:41+00:00","mainEntityOfPage":{"@id":"https:\/\/www.mines-stetienne.fr\/panoramines\/2025\/11\/25\/guillaume-millet-lutte-contre-la-sedentarite-au-travail\/"},"wordCount":250,"image":{"@id":"https:\/\/www.mines-stetienne.fr\/panoramines\/2025\/11\/25\/guillaume-millet-lutte-contre-la-sedentarite-au-travail\/#primaryimage"},"thumbnailUrl":"https:\/\/www.mines-stetienne.fr\/panoramines\/wp-content\/uploads\/sites\/3\/2025\/11\/IMG_9042.jpeg","keywords":["Mines Saint-Etienne","Saint-Etienne"],"articleSection":["Vie de l'\u00c9cole"],"inLanguage":"fr-FR"},{"@type":"WebPage","@id":"https:\/\/www.mines-stetienne.fr\/panoramines\/2025\/11\/25\/guillaume-millet-lutte-contre-la-sedentarite-au-travail\/","url":"https:\/\/www.mines-stetienne.fr\/panoramines\/2025\/11\/25\/guillaume-millet-lutte-contre-la-sedentarite-au-travail\/","name":"D\u00e9fatiguez-vous ! Guillaume Millet lutte contre la l'inactivit\u00e9 - Panoramines","isPartOf":{"@id":"https:\/\/www.mines-stetienne.fr\/panoramines\/#website"},"primaryImageOfPage":{"@id":"https:\/\/www.mines-stetienne.fr\/panoramines\/2025\/11\/25\/guillaume-millet-lutte-contre-la-sedentarite-au-travail\/#primaryimage"},"image":{"@id":"https:\/\/www.mines-stetienne.fr\/panoramines\/2025\/11\/25\/guillaume-millet-lutte-contre-la-sedentarite-au-travail\/#primaryimage"},"thumbnailUrl":"https:\/\/www.mines-stetienne.fr\/panoramines\/wp-content\/uploads\/sites\/3\/2025\/11\/IMG_9042.jpeg","datePublished":"2025-11-25T15:27:12+00:00","dateModified":"2025-11-26T08:35:41+00:00","author":{"@id":"https:\/\/www.mines-stetienne.fr\/panoramines\/#\/schema\/person\/4122d0d44b90eef069d2cca2a9ed05eb"},"breadcrumb":{"@id":"https:\/\/www.mines-stetienne.fr\/panoramines\/2025\/11\/25\/guillaume-millet-lutte-contre-la-sedentarite-au-travail\/#breadcrumb"},"inLanguage":"fr-FR","potentialAction":[{"@type":"ReadAction","target":["https:\/\/www.mines-stetienne.fr\/panoramines\/2025\/11\/25\/guillaume-millet-lutte-contre-la-sedentarite-au-travail\/"]}]},{"@type":"ImageObject","inLanguage":"fr-FR","@id":"https:\/\/www.mines-stetienne.fr\/panoramines\/2025\/11\/25\/guillaume-millet-lutte-contre-la-sedentarite-au-travail\/#primaryimage","url":"https:\/\/www.mines-stetienne.fr\/panoramines\/wp-content\/uploads\/sites\/3\/2025\/11\/IMG_9042.jpeg","contentUrl":"https:\/\/www.mines-stetienne.fr\/panoramines\/wp-content\/uploads\/sites\/3\/2025\/11\/IMG_9042.jpeg","width":640,"height":480},{"@type":"BreadcrumbList","@id":"https:\/\/www.mines-stetienne.fr\/panoramines\/2025\/11\/25\/guillaume-millet-lutte-contre-la-sedentarite-au-travail\/#breadcrumb","itemListElement":[{"@type":"ListItem","position":1,"name":"Accueil","item":"https:\/\/www.mines-stetienne.fr\/panoramines\/"},{"@type":"ListItem","position":2,"name":"D\u00e9fatiguez-vous ! Guillaume Millet lutte contre la l&rsquo;inactivit\u00e9"}]},{"@type":"WebSite","@id":"https:\/\/www.mines-stetienne.fr\/panoramines\/#website","url":"https:\/\/www.mines-stetienne.fr\/panoramines\/","name":"Panoramines","description":"Panoramines, l\u2019actualit\u00e9 de MINES Saint-\u00c9tienne","potentialAction":[{"@type":"SearchAction","target":{"@type":"EntryPoint","urlTemplate":"https:\/\/www.mines-stetienne.fr\/panoramines\/?s={search_term_string}"},"query-input":{"@type":"PropertyValueSpecification","valueRequired":true,"valueName":"search_term_string"}}],"inLanguage":"fr-FR"},{"@type":"Person","@id":"https:\/\/www.mines-stetienne.fr\/panoramines\/#\/schema\/person\/4122d0d44b90eef069d2cca2a9ed05eb","name":"Marylou BAUDRAND","image":{"@type":"ImageObject","inLanguage":"fr-FR","@id":"https:\/\/www.mines-stetienne.fr\/panoramines\/wp-content\/uploads\/sites\/3\/2021\/07\/logo-75x75-1.png","url":"https:\/\/www.mines-stetienne.fr\/panoramines\/wp-content\/uploads\/sites\/3\/2021\/07\/logo-75x75-1.png","contentUrl":"https:\/\/www.mines-stetienne.fr\/panoramines\/wp-content\/uploads\/sites\/3\/2021\/07\/logo-75x75-1.png","caption":"Marylou BAUDRAND"},"url":"https:\/\/www.mines-stetienne.fr\/panoramines\/author\/marylou-baudrand\/"}]}},"_links":{"self":[{"href":"https:\/\/www.mines-stetienne.fr\/panoramines\/wp-json\/wp\/v2\/posts\/28536","targetHints":{"allow":["GET"]}}],"collection":[{"href":"https:\/\/www.mines-stetienne.fr\/panoramines\/wp-json\/wp\/v2\/posts"}],"about":[{"href":"https:\/\/www.mines-stetienne.fr\/panoramines\/wp-json\/wp\/v2\/types\/post"}],"author":[{"embeddable":true,"href":"https:\/\/www.mines-stetienne.fr\/panoramines\/wp-json\/wp\/v2\/users\/12778"}],"replies":[{"embeddable":true,"href":"https:\/\/www.mines-stetienne.fr\/panoramines\/wp-json\/wp\/v2\/comments?post=28536"}],"version-history":[{"count":2,"href":"https:\/\/www.mines-stetienne.fr\/panoramines\/wp-json\/wp\/v2\/posts\/28536\/revisions"}],"predecessor-version":[{"id":28553,"href":"https:\/\/www.mines-stetienne.fr\/panoramines\/wp-json\/wp\/v2\/posts\/28536\/revisions\/28553"}],"wp:featuredmedia":[{"embeddable":true,"href":"https:\/\/www.mines-stetienne.fr\/panoramines\/wp-json\/wp\/v2\/media\/28552"}],"wp:attachment":[{"href":"https:\/\/www.mines-stetienne.fr\/panoramines\/wp-json\/wp\/v2\/media?parent=28536"}],"wp:term":[{"taxonomy":"category","embeddable":true,"href":"https:\/\/www.mines-stetienne.fr\/panoramines\/wp-json\/wp\/v2\/categories?post=28536"},{"taxonomy":"post_tag","embeddable":true,"href":"https:\/\/www.mines-stetienne.fr\/panoramines\/wp-json\/wp\/v2\/tags?post=28536"}],"curies":[{"name":"wp","href":"https:\/\/api.w.org\/{rel}","templated":true}]}}