{"id":28488,"date":"2025-11-17T14:53:47","date_gmt":"2025-11-17T13:53:47","guid":{"rendered":"https:\/\/www.mines-stetienne.fr\/panoramines\/?p=28488"},"modified":"2025-11-17T14:53:48","modified_gmt":"2025-11-17T13:53:48","slug":"les-eleves-en-mastere-specialise-sont-diplomes","status":"publish","type":"post","link":"https:\/\/www.mines-stetienne.fr\/panoramines\/2025\/11\/17\/les-eleves-en-mastere-specialise-sont-diplomes\/","title":{"rendered":"Les \u00e9l\u00e8ves en Mast\u00e8re Sp\u00e9cialis\u00e9 sont dipl\u00f4m\u00e9s\u00a0!"},"content":{"rendered":"\n<p>A Mines Saint-\u00c9tienne, 10 formations dipl\u00f4mantes sont propos\u00e9es pour les ing\u00e9nieurs en reconversion ou poursuite d\u2019\u00e9tude. <\/p>\n\n\n\n<p>Transition \u00e9cologique, industrie, micro\u00e9lectronique et cybers\u00e9curit\u00e9, les Mast\u00e8res Sp\u00e9cialis\u00e9s permettent aux \u00e9tudiants d\u2019acqu\u00e9rir une sp\u00e9cialisation de haut niveau, une double comp\u00e9tence reconnue sur le march\u00e9 du travail et un dipl\u00f4me.<\/p>\n\n\n\n<p>Et c\u2019est bien de dipl\u00f4me dont il \u00e9tait question le vendredi 7 novembre dernier. 39 \u00e9l\u00e8ves ont \u00e9t\u00e9 dipl\u00f4m\u00e9s et leur travail mis \u00e0 l\u2019honneur devant leurs familles et les responsables de formation qui ont salu\u00e9 le parcours de chaque \u00e9tudiant.<\/p>\n\n\n\n<p>Nous f\u00e9licitons les \u00e9l\u00e8ves pour l\u2019obtention de ce dipl\u00f4me qui les pr\u00e9pare aux grands enjeux soci\u00e9taux et technologiques de notre temps et les encourageons pour leurs projets futurs&nbsp;!<\/p>\n","protected":false},"excerpt":{"rendered":"<p>A Mines Saint-\u00c9tienne, 10 formations dipl\u00f4mantes sont propos\u00e9es pour les ing\u00e9nieurs en reconversion ou poursuite d\u2019\u00e9tude. Transition \u00e9cologique, industrie, micro\u00e9lectronique et cybers\u00e9curit\u00e9, les Mast\u00e8res Sp\u00e9cialis\u00e9s permettent aux \u00e9tudiants d\u2019acqu\u00e9rir une sp\u00e9cialisation de haut niveau, une double comp\u00e9tence reconnue sur le &hellip;<\/p>\n","protected":false},"author":12778,"featured_media":28489,"comment_status":"closed","ping_status":"open","sticky":false,"template":"","format":"standard","meta":{"_relevanssi_hide_post":"","_relevanssi_hide_content":"","_relevanssi_pin_for_all":"","_relevanssi_pin_keywords":"","_relevanssi_unpin_keywords":"","_relevanssi_related_keywords":"","_relevanssi_related_include_ids":"","_relevanssi_related_exclude_ids":"","_relevanssi_related_no_append":"","_relevanssi_related_not_related":"","_relevanssi_related_posts":"27482,28251,28325,14913,26430,20506","_relevanssi_noindex_reason":"","footnotes":""},"categories":[6],"tags":[214,341,40,29,135,873,972,132,876],"class_list":["post-28488","post","type-post","status-publish","format-standard","has-post-thumbnail","hentry","category-formation","tag-cybersecurite","tag-industrie","tag-innovation","tag-mastere-specialise","tag-microelectronique","tag-mines-saint-etienne","tag-remise-des-diplomes","tag-saint-etienne","tag-transition-ecologique"],"pp_statuses_selecting_workflow":false,"pp_workflow_action":"current","pp_status_selection":"publish","pp_force_visibility":null,"pp_subpost_visibility":null,"pp_inherited_force_visibility":null,"pp_inherited_subpost_visibility":null,"yoast_head":"<!-- This site is optimized with the Yoast SEO plugin v27.5 - https:\/\/yoast.com\/product\/yoast-seo-wordpress\/ -->\n<title>Les \u00e9l\u00e8ves en Mast\u00e8re Sp\u00e9cialis\u00e9 sont dipl\u00f4m\u00e9s\u00a0! - Panoramines<\/title>\n<meta name=\"robots\" content=\"index, follow, max-snippet:-1, max-image-preview:large, max-video-preview:-1\" \/>\n<link rel=\"canonical\" href=\"https:\/\/www.mines-stetienne.fr\/panoramines\/2025\/11\/17\/les-eleves-en-mastere-specialise-sont-diplomes\/\" \/>\n<meta property=\"og:locale\" content=\"fr_FR\" \/>\n<meta property=\"og:type\" content=\"article\" \/>\n<meta property=\"og:title\" content=\"Les \u00e9l\u00e8ves en Mast\u00e8re Sp\u00e9cialis\u00e9 sont dipl\u00f4m\u00e9s\u00a0! - Panoramines\" \/>\n<meta property=\"og:description\" content=\"A Mines Saint-\u00c9tienne, 10 formations dipl\u00f4mantes sont propos\u00e9es pour les ing\u00e9nieurs en reconversion ou poursuite d\u2019\u00e9tude. Transition \u00e9cologique, industrie, micro\u00e9lectronique et cybers\u00e9curit\u00e9, les Mast\u00e8res Sp\u00e9cialis\u00e9s permettent aux \u00e9tudiants d\u2019acqu\u00e9rir une sp\u00e9cialisation de haut niveau, une double comp\u00e9tence reconnue sur le &hellip;\" \/>\n<meta property=\"og:url\" content=\"https:\/\/www.mines-stetienne.fr\/panoramines\/2025\/11\/17\/les-eleves-en-mastere-specialise-sont-diplomes\/\" \/>\n<meta property=\"og:site_name\" content=\"Panoramines\" \/>\n<meta property=\"article:published_time\" content=\"2025-11-17T13:53:47+00:00\" \/>\n<meta property=\"article:modified_time\" content=\"2025-11-17T13:53:48+00:00\" \/>\n<meta property=\"og:image\" content=\"https:\/\/www.mines-stetienne.fr\/panoramines\/wp-content\/uploads\/sites\/3\/2025\/11\/1763370752355.jpg\" \/>\n\t<meta property=\"og:image:width\" content=\"2048\" \/>\n\t<meta property=\"og:image:height\" content=\"1365\" \/>\n\t<meta property=\"og:image:type\" content=\"image\/jpeg\" \/>\n<meta name=\"author\" content=\"Marylou BAUDRAND\" \/>\n<meta name=\"twitter:card\" content=\"summary_large_image\" \/>\n<meta name=\"twitter:label1\" content=\"\u00c9crit par\" \/>\n\t<meta name=\"twitter:data1\" content=\"Marylou BAUDRAND\" \/>\n\t<meta name=\"twitter:label2\" content=\"Dur\u00e9e de lecture estim\u00e9e\" \/>\n\t<meta name=\"twitter:data2\" content=\"1 minute\" \/>\n<script type=\"application\/ld+json\" class=\"yoast-schema-graph\">{\"@context\":\"https:\\\/\\\/schema.org\",\"@graph\":[{\"@type\":\"Article\",\"@id\":\"https:\\\/\\\/www.mines-stetienne.fr\\\/panoramines\\\/2025\\\/11\\\/17\\\/les-eleves-en-mastere-specialise-sont-diplomes\\\/#article\",\"isPartOf\":{\"@id\":\"https:\\\/\\\/www.mines-stetienne.fr\\\/panoramines\\\/2025\\\/11\\\/17\\\/les-eleves-en-mastere-specialise-sont-diplomes\\\/\"},\"author\":{\"name\":\"Marylou BAUDRAND\",\"@id\":\"https:\\\/\\\/www.mines-stetienne.fr\\\/panoramines\\\/#\\\/schema\\\/person\\\/4122d0d44b90eef069d2cca2a9ed05eb\"},\"headline\":\"Les \u00e9l\u00e8ves en Mast\u00e8re Sp\u00e9cialis\u00e9 sont dipl\u00f4m\u00e9s\u00a0!\",\"datePublished\":\"2025-11-17T13:53:47+00:00\",\"dateModified\":\"2025-11-17T13:53:48+00:00\",\"mainEntityOfPage\":{\"@id\":\"https:\\\/\\\/www.mines-stetienne.fr\\\/panoramines\\\/2025\\\/11\\\/17\\\/les-eleves-en-mastere-specialise-sont-diplomes\\\/\"},\"wordCount\":151,\"image\":{\"@id\":\"https:\\\/\\\/www.mines-stetienne.fr\\\/panoramines\\\/2025\\\/11\\\/17\\\/les-eleves-en-mastere-specialise-sont-diplomes\\\/#primaryimage\"},\"thumbnailUrl\":\"https:\\\/\\\/www.mines-stetienne.fr\\\/panoramines\\\/wp-content\\\/uploads\\\/sites\\\/3\\\/2025\\\/11\\\/1763370752355.jpg\",\"keywords\":[\"Cybers\u00e9curit\u00e9\",\"Industrie\",\"Innovation\",\"Mast\u00e8re Sp\u00e9cialis\u00e9\",\"Micro\u00e9lectronique\",\"Mines Saint-Etienne\",\"Remise des dipl\u00f4mes\",\"Saint-\u00c9tienne\",\"transition \u00e9cologique\"],\"articleSection\":[\"Formation\"],\"inLanguage\":\"fr-FR\"},{\"@type\":\"WebPage\",\"@id\":\"https:\\\/\\\/www.mines-stetienne.fr\\\/panoramines\\\/2025\\\/11\\\/17\\\/les-eleves-en-mastere-specialise-sont-diplomes\\\/\",\"url\":\"https:\\\/\\\/www.mines-stetienne.fr\\\/panoramines\\\/2025\\\/11\\\/17\\\/les-eleves-en-mastere-specialise-sont-diplomes\\\/\",\"name\":\"Les \u00e9l\u00e8ves en Mast\u00e8re Sp\u00e9cialis\u00e9 sont dipl\u00f4m\u00e9s\u00a0! - Panoramines\",\"isPartOf\":{\"@id\":\"https:\\\/\\\/www.mines-stetienne.fr\\\/panoramines\\\/#website\"},\"primaryImageOfPage\":{\"@id\":\"https:\\\/\\\/www.mines-stetienne.fr\\\/panoramines\\\/2025\\\/11\\\/17\\\/les-eleves-en-mastere-specialise-sont-diplomes\\\/#primaryimage\"},\"image\":{\"@id\":\"https:\\\/\\\/www.mines-stetienne.fr\\\/panoramines\\\/2025\\\/11\\\/17\\\/les-eleves-en-mastere-specialise-sont-diplomes\\\/#primaryimage\"},\"thumbnailUrl\":\"https:\\\/\\\/www.mines-stetienne.fr\\\/panoramines\\\/wp-content\\\/uploads\\\/sites\\\/3\\\/2025\\\/11\\\/1763370752355.jpg\",\"datePublished\":\"2025-11-17T13:53:47+00:00\",\"dateModified\":\"2025-11-17T13:53:48+00:00\",\"author\":{\"@id\":\"https:\\\/\\\/www.mines-stetienne.fr\\\/panoramines\\\/#\\\/schema\\\/person\\\/4122d0d44b90eef069d2cca2a9ed05eb\"},\"breadcrumb\":{\"@id\":\"https:\\\/\\\/www.mines-stetienne.fr\\\/panoramines\\\/2025\\\/11\\\/17\\\/les-eleves-en-mastere-specialise-sont-diplomes\\\/#breadcrumb\"},\"inLanguage\":\"fr-FR\",\"potentialAction\":[{\"@type\":\"ReadAction\",\"target\":[\"https:\\\/\\\/www.mines-stetienne.fr\\\/panoramines\\\/2025\\\/11\\\/17\\\/les-eleves-en-mastere-specialise-sont-diplomes\\\/\"]}]},{\"@type\":\"ImageObject\",\"inLanguage\":\"fr-FR\",\"@id\":\"https:\\\/\\\/www.mines-stetienne.fr\\\/panoramines\\\/2025\\\/11\\\/17\\\/les-eleves-en-mastere-specialise-sont-diplomes\\\/#primaryimage\",\"url\":\"https:\\\/\\\/www.mines-stetienne.fr\\\/panoramines\\\/wp-content\\\/uploads\\\/sites\\\/3\\\/2025\\\/11\\\/1763370752355.jpg\",\"contentUrl\":\"https:\\\/\\\/www.mines-stetienne.fr\\\/panoramines\\\/wp-content\\\/uploads\\\/sites\\\/3\\\/2025\\\/11\\\/1763370752355.jpg\",\"width\":2048,\"height\":1365},{\"@type\":\"BreadcrumbList\",\"@id\":\"https:\\\/\\\/www.mines-stetienne.fr\\\/panoramines\\\/2025\\\/11\\\/17\\\/les-eleves-en-mastere-specialise-sont-diplomes\\\/#breadcrumb\",\"itemListElement\":[{\"@type\":\"ListItem\",\"position\":1,\"name\":\"Accueil\",\"item\":\"https:\\\/\\\/www.mines-stetienne.fr\\\/panoramines\\\/\"},{\"@type\":\"ListItem\",\"position\":2,\"name\":\"Les \u00e9l\u00e8ves en Mast\u00e8re Sp\u00e9cialis\u00e9 sont dipl\u00f4m\u00e9s\u00a0!\"}]},{\"@type\":\"WebSite\",\"@id\":\"https:\\\/\\\/www.mines-stetienne.fr\\\/panoramines\\\/#website\",\"url\":\"https:\\\/\\\/www.mines-stetienne.fr\\\/panoramines\\\/\",\"name\":\"Panoramines\",\"description\":\"Panoramines, l\u2019actualit\u00e9 de MINES Saint-\u00c9tienne\",\"potentialAction\":[{\"@type\":\"SearchAction\",\"target\":{\"@type\":\"EntryPoint\",\"urlTemplate\":\"https:\\\/\\\/www.mines-stetienne.fr\\\/panoramines\\\/?s={search_term_string}\"},\"query-input\":{\"@type\":\"PropertyValueSpecification\",\"valueRequired\":true,\"valueName\":\"search_term_string\"}}],\"inLanguage\":\"fr-FR\"},{\"@type\":\"Person\",\"@id\":\"https:\\\/\\\/www.mines-stetienne.fr\\\/panoramines\\\/#\\\/schema\\\/person\\\/4122d0d44b90eef069d2cca2a9ed05eb\",\"name\":\"Marylou BAUDRAND\",\"image\":{\"@type\":\"ImageObject\",\"inLanguage\":\"fr-FR\",\"@id\":\"https:\\\/\\\/www.mines-stetienne.fr\\\/panoramines\\\/wp-content\\\/uploads\\\/sites\\\/3\\\/2021\\\/07\\\/logo-75x75-1.png\",\"url\":\"https:\\\/\\\/www.mines-stetienne.fr\\\/panoramines\\\/wp-content\\\/uploads\\\/sites\\\/3\\\/2021\\\/07\\\/logo-75x75-1.png\",\"contentUrl\":\"https:\\\/\\\/www.mines-stetienne.fr\\\/panoramines\\\/wp-content\\\/uploads\\\/sites\\\/3\\\/2021\\\/07\\\/logo-75x75-1.png\",\"caption\":\"Marylou BAUDRAND\"},\"url\":\"https:\\\/\\\/www.mines-stetienne.fr\\\/panoramines\\\/author\\\/marylou-baudrand\\\/\"}]}<\/script>\n<!-- \/ Yoast SEO plugin. -->","yoast_head_json":{"title":"Les \u00e9l\u00e8ves en Mast\u00e8re Sp\u00e9cialis\u00e9 sont dipl\u00f4m\u00e9s\u00a0! - Panoramines","robots":{"index":"index","follow":"follow","max-snippet":"max-snippet:-1","max-image-preview":"max-image-preview:large","max-video-preview":"max-video-preview:-1"},"canonical":"https:\/\/www.mines-stetienne.fr\/panoramines\/2025\/11\/17\/les-eleves-en-mastere-specialise-sont-diplomes\/","og_locale":"fr_FR","og_type":"article","og_title":"Les \u00e9l\u00e8ves en Mast\u00e8re Sp\u00e9cialis\u00e9 sont dipl\u00f4m\u00e9s\u00a0! - Panoramines","og_description":"A Mines Saint-\u00c9tienne, 10 formations dipl\u00f4mantes sont propos\u00e9es pour les ing\u00e9nieurs en reconversion ou poursuite d\u2019\u00e9tude. Transition \u00e9cologique, industrie, micro\u00e9lectronique et cybers\u00e9curit\u00e9, les Mast\u00e8res Sp\u00e9cialis\u00e9s permettent aux \u00e9tudiants d\u2019acqu\u00e9rir une sp\u00e9cialisation de haut niveau, une double comp\u00e9tence reconnue sur le &hellip;","og_url":"https:\/\/www.mines-stetienne.fr\/panoramines\/2025\/11\/17\/les-eleves-en-mastere-specialise-sont-diplomes\/","og_site_name":"Panoramines","article_published_time":"2025-11-17T13:53:47+00:00","article_modified_time":"2025-11-17T13:53:48+00:00","og_image":[{"width":2048,"height":1365,"url":"https:\/\/www.mines-stetienne.fr\/panoramines\/wp-content\/uploads\/sites\/3\/2025\/11\/1763370752355.jpg","type":"image\/jpeg"}],"author":"Marylou BAUDRAND","twitter_card":"summary_large_image","twitter_misc":{"\u00c9crit par":"Marylou BAUDRAND","Dur\u00e9e de lecture estim\u00e9e":"1 minute"},"schema":{"@context":"https:\/\/schema.org","@graph":[{"@type":"Article","@id":"https:\/\/www.mines-stetienne.fr\/panoramines\/2025\/11\/17\/les-eleves-en-mastere-specialise-sont-diplomes\/#article","isPartOf":{"@id":"https:\/\/www.mines-stetienne.fr\/panoramines\/2025\/11\/17\/les-eleves-en-mastere-specialise-sont-diplomes\/"},"author":{"name":"Marylou BAUDRAND","@id":"https:\/\/www.mines-stetienne.fr\/panoramines\/#\/schema\/person\/4122d0d44b90eef069d2cca2a9ed05eb"},"headline":"Les \u00e9l\u00e8ves en Mast\u00e8re Sp\u00e9cialis\u00e9 sont dipl\u00f4m\u00e9s\u00a0!","datePublished":"2025-11-17T13:53:47+00:00","dateModified":"2025-11-17T13:53:48+00:00","mainEntityOfPage":{"@id":"https:\/\/www.mines-stetienne.fr\/panoramines\/2025\/11\/17\/les-eleves-en-mastere-specialise-sont-diplomes\/"},"wordCount":151,"image":{"@id":"https:\/\/www.mines-stetienne.fr\/panoramines\/2025\/11\/17\/les-eleves-en-mastere-specialise-sont-diplomes\/#primaryimage"},"thumbnailUrl":"https:\/\/www.mines-stetienne.fr\/panoramines\/wp-content\/uploads\/sites\/3\/2025\/11\/1763370752355.jpg","keywords":["Cybers\u00e9curit\u00e9","Industrie","Innovation","Mast\u00e8re Sp\u00e9cialis\u00e9","Micro\u00e9lectronique","Mines Saint-Etienne","Remise des dipl\u00f4mes","Saint-\u00c9tienne","transition \u00e9cologique"],"articleSection":["Formation"],"inLanguage":"fr-FR"},{"@type":"WebPage","@id":"https:\/\/www.mines-stetienne.fr\/panoramines\/2025\/11\/17\/les-eleves-en-mastere-specialise-sont-diplomes\/","url":"https:\/\/www.mines-stetienne.fr\/panoramines\/2025\/11\/17\/les-eleves-en-mastere-specialise-sont-diplomes\/","name":"Les \u00e9l\u00e8ves en Mast\u00e8re Sp\u00e9cialis\u00e9 sont dipl\u00f4m\u00e9s\u00a0! - Panoramines","isPartOf":{"@id":"https:\/\/www.mines-stetienne.fr\/panoramines\/#website"},"primaryImageOfPage":{"@id":"https:\/\/www.mines-stetienne.fr\/panoramines\/2025\/11\/17\/les-eleves-en-mastere-specialise-sont-diplomes\/#primaryimage"},"image":{"@id":"https:\/\/www.mines-stetienne.fr\/panoramines\/2025\/11\/17\/les-eleves-en-mastere-specialise-sont-diplomes\/#primaryimage"},"thumbnailUrl":"https:\/\/www.mines-stetienne.fr\/panoramines\/wp-content\/uploads\/sites\/3\/2025\/11\/1763370752355.jpg","datePublished":"2025-11-17T13:53:47+00:00","dateModified":"2025-11-17T13:53:48+00:00","author":{"@id":"https:\/\/www.mines-stetienne.fr\/panoramines\/#\/schema\/person\/4122d0d44b90eef069d2cca2a9ed05eb"},"breadcrumb":{"@id":"https:\/\/www.mines-stetienne.fr\/panoramines\/2025\/11\/17\/les-eleves-en-mastere-specialise-sont-diplomes\/#breadcrumb"},"inLanguage":"fr-FR","potentialAction":[{"@type":"ReadAction","target":["https:\/\/www.mines-stetienne.fr\/panoramines\/2025\/11\/17\/les-eleves-en-mastere-specialise-sont-diplomes\/"]}]},{"@type":"ImageObject","inLanguage":"fr-FR","@id":"https:\/\/www.mines-stetienne.fr\/panoramines\/2025\/11\/17\/les-eleves-en-mastere-specialise-sont-diplomes\/#primaryimage","url":"https:\/\/www.mines-stetienne.fr\/panoramines\/wp-content\/uploads\/sites\/3\/2025\/11\/1763370752355.jpg","contentUrl":"https:\/\/www.mines-stetienne.fr\/panoramines\/wp-content\/uploads\/sites\/3\/2025\/11\/1763370752355.jpg","width":2048,"height":1365},{"@type":"BreadcrumbList","@id":"https:\/\/www.mines-stetienne.fr\/panoramines\/2025\/11\/17\/les-eleves-en-mastere-specialise-sont-diplomes\/#breadcrumb","itemListElement":[{"@type":"ListItem","position":1,"name":"Accueil","item":"https:\/\/www.mines-stetienne.fr\/panoramines\/"},{"@type":"ListItem","position":2,"name":"Les \u00e9l\u00e8ves en Mast\u00e8re Sp\u00e9cialis\u00e9 sont dipl\u00f4m\u00e9s\u00a0!"}]},{"@type":"WebSite","@id":"https:\/\/www.mines-stetienne.fr\/panoramines\/#website","url":"https:\/\/www.mines-stetienne.fr\/panoramines\/","name":"Panoramines","description":"Panoramines, l\u2019actualit\u00e9 de MINES Saint-\u00c9tienne","potentialAction":[{"@type":"SearchAction","target":{"@type":"EntryPoint","urlTemplate":"https:\/\/www.mines-stetienne.fr\/panoramines\/?s={search_term_string}"},"query-input":{"@type":"PropertyValueSpecification","valueRequired":true,"valueName":"search_term_string"}}],"inLanguage":"fr-FR"},{"@type":"Person","@id":"https:\/\/www.mines-stetienne.fr\/panoramines\/#\/schema\/person\/4122d0d44b90eef069d2cca2a9ed05eb","name":"Marylou BAUDRAND","image":{"@type":"ImageObject","inLanguage":"fr-FR","@id":"https:\/\/www.mines-stetienne.fr\/panoramines\/wp-content\/uploads\/sites\/3\/2021\/07\/logo-75x75-1.png","url":"https:\/\/www.mines-stetienne.fr\/panoramines\/wp-content\/uploads\/sites\/3\/2021\/07\/logo-75x75-1.png","contentUrl":"https:\/\/www.mines-stetienne.fr\/panoramines\/wp-content\/uploads\/sites\/3\/2021\/07\/logo-75x75-1.png","caption":"Marylou BAUDRAND"},"url":"https:\/\/www.mines-stetienne.fr\/panoramines\/author\/marylou-baudrand\/"}]}},"_links":{"self":[{"href":"https:\/\/www.mines-stetienne.fr\/panoramines\/wp-json\/wp\/v2\/posts\/28488","targetHints":{"allow":["GET"]}}],"collection":[{"href":"https:\/\/www.mines-stetienne.fr\/panoramines\/wp-json\/wp\/v2\/posts"}],"about":[{"href":"https:\/\/www.mines-stetienne.fr\/panoramines\/wp-json\/wp\/v2\/types\/post"}],"author":[{"embeddable":true,"href":"https:\/\/www.mines-stetienne.fr\/panoramines\/wp-json\/wp\/v2\/users\/12778"}],"replies":[{"embeddable":true,"href":"https:\/\/www.mines-stetienne.fr\/panoramines\/wp-json\/wp\/v2\/comments?post=28488"}],"version-history":[{"count":1,"href":"https:\/\/www.mines-stetienne.fr\/panoramines\/wp-json\/wp\/v2\/posts\/28488\/revisions"}],"predecessor-version":[{"id":28490,"href":"https:\/\/www.mines-stetienne.fr\/panoramines\/wp-json\/wp\/v2\/posts\/28488\/revisions\/28490"}],"wp:featuredmedia":[{"embeddable":true,"href":"https:\/\/www.mines-stetienne.fr\/panoramines\/wp-json\/wp\/v2\/media\/28489"}],"wp:attachment":[{"href":"https:\/\/www.mines-stetienne.fr\/panoramines\/wp-json\/wp\/v2\/media?parent=28488"}],"wp:term":[{"taxonomy":"category","embeddable":true,"href":"https:\/\/www.mines-stetienne.fr\/panoramines\/wp-json\/wp\/v2\/categories?post=28488"},{"taxonomy":"post_tag","embeddable":true,"href":"https:\/\/www.mines-stetienne.fr\/panoramines\/wp-json\/wp\/v2\/tags?post=28488"}],"curies":[{"name":"wp","href":"https:\/\/api.w.org\/{rel}","templated":true}]}}