{"id":28296,"date":"2025-07-30T15:50:33","date_gmt":"2025-07-30T13:50:33","guid":{"rendered":"https:\/\/www.mines-stetienne.fr\/panoramines\/?p=28296"},"modified":"2025-07-30T15:50:36","modified_gmt":"2025-07-30T13:50:36","slug":"top-30-mondial-vivatech2025","status":"publish","type":"post","link":"https:\/\/www.mines-stetienne.fr\/panoramines\/2025\/07\/30\/top-30-mondial-vivatech2025\/","title":{"rendered":"Une start-up incub\u00e9e \u00e0 Mines Saint-\u00c9tienne dans le top 30 mondial Vivatech2025"},"content":{"rendered":"\n<p>Chaque ann\u00e9e, le prix <em>VivaTech Innovation of the Year<\/em> r\u00e9compense les startups pionni\u00e8res qui fa\u00e7onnent l&rsquo;avenir. Il met en lumi\u00e8re la cr\u00e9ativit\u00e9, l\u2019ing\u00e9niosit\u00e9 technologique et le potentiel de transformation du secteur de ces jeunes entreprises du monde entier.<\/p>\n\n\n\n<p>Le Top 30 a \u00e9t\u00e9 r\u00e9v\u00e9l\u00e9 et Oncoelectronics, <strong>startup fran\u00e7aise incub\u00e9e \u00e0 Mines Saint-\u00c9tienne <\/strong>en fait partie. A sa t\u00eate, Rod O\u2019Connor, Alanna Harlton et Martin Ba\u010da associent biocompatibilit\u00e9, miniaturisation et \u00e9lectrophysiologie pour proposer une solution in\u00e9dite aux tumeurs c\u00e9r\u00e9brales incurables. Un dispositif souple implantable, capable de d\u00e9livrer des champs \u00e9lectriques localis\u00e9s dans le cerveau et <strong>destin\u00e9s \u00e0 ralentir la progression tumorale<\/strong>.<\/p>\n\n\n\n<p>Chercheur du Centre de micro\u00e9lectronique de Provence (CMP), situ\u00e9 sur le campus Aix-Marseille-Provence de Mines Saint-\u00c9tienne, Rod O\u2019Connor m\u00e8ne depuis 12 ans des \u00e9tudes sur le cancer et la biotechnologie. Accompagn\u00e9 par Alana Harlton (entrepreneuse canadienne) et Martin Ba\u010da (ing\u00e9nieur de recherche slovaque), il a b\u00e9n\u00e9fici\u00e9 du mentoring scientifique et de l\u2019\u00e9cosyst\u00e8me technologique de <strong>l\u2019incubateur TEAM de Mines Saint-\u00c9tienne <\/strong>pour d\u00e9velopper Oncoelectronics.<\/p>\n\n\n\n<p>Une aide qui a permis \u00e0 la start-up d\u2019acc\u00e9der \u00e0 plusieurs \u00e9tablissements de r\u00e9f\u00e9rence dans la lutte contre le cancer. Notamment l\u2019Institut Paoli-Calmettes \u00e0 Marseille, Gustave Roussy en \u00cele-de-France ou l\u2019h\u00f4pital Marie Lannelongue dans les Hauts-de-Seine.<\/p>\n\n\n\n<p>Oncoelectronics figure parmi les 30 jeunes entreprises s\u00e9lectionn\u00e9es par Vivatech2025, au c\u00f4t\u00e9 de de projets d&rsquo;exploration spatiale, d\u2019IA capable de lire les pens\u00e9es et de nombreux autres projets qui m\u00e8nent la science et l\u2019ing\u00e9nierie vers de nouveaux sommets.<\/p>\n","protected":false},"excerpt":{"rendered":"<p>Chaque ann\u00e9e, le prix VivaTech Innovation of the Year r\u00e9compense les startups pionni\u00e8res qui fa\u00e7onnent l&rsquo;avenir. Il met en lumi\u00e8re la cr\u00e9ativit\u00e9, l\u2019ing\u00e9niosit\u00e9 technologique et le potentiel de transformation du secteur de ces jeunes entreprises du monde entier. Le Top &hellip;<\/p>\n","protected":false},"author":12778,"featured_media":28297,"comment_status":"closed","ping_status":"open","sticky":false,"template":"","format":"standard","meta":{"_relevanssi_hide_post":"","_relevanssi_hide_content":"","_relevanssi_pin_for_all":"","_relevanssi_pin_keywords":"","_relevanssi_unpin_keywords":"","_relevanssi_related_keywords":"","_relevanssi_related_include_ids":"","_relevanssi_related_exclude_ids":"","_relevanssi_related_no_append":"","_relevanssi_related_not_related":"","_relevanssi_related_posts":"27560,11564,11951,22599,24030,19847","_relevanssi_noindex_reason":"","footnotes":""},"categories":[1018],"tags":[370,167,40,873,140,557],"class_list":["post-28296","post","type-post","status-publish","format-standard","has-post-thumbnail","hentry","category-international","tag-campus-gc-provence","tag-cmp","tag-innovation","tag-mines-saint-etienne","tag-team","tag-vivatech"],"pp_statuses_selecting_workflow":false,"pp_workflow_action":"current","pp_status_selection":"publish","pp_force_visibility":null,"pp_subpost_visibility":null,"pp_inherited_force_visibility":null,"pp_inherited_subpost_visibility":null,"yoast_head":"<!-- This site is optimized with the Yoast SEO plugin v27.5 - https:\/\/yoast.com\/product\/yoast-seo-wordpress\/ -->\n<title>Une start-up incub\u00e9e \u00e0 Mines Saint-\u00c9tienne dans le top 30 mondial Vivatech2025 - Panoramines<\/title>\n<meta name=\"robots\" content=\"index, follow, max-snippet:-1, max-image-preview:large, max-video-preview:-1\" \/>\n<link rel=\"canonical\" href=\"https:\/\/www.mines-stetienne.fr\/panoramines\/2025\/07\/30\/top-30-mondial-vivatech2025\/\" \/>\n<meta property=\"og:locale\" content=\"fr_FR\" \/>\n<meta property=\"og:type\" content=\"article\" \/>\n<meta property=\"og:title\" content=\"Une start-up incub\u00e9e \u00e0 Mines Saint-\u00c9tienne dans le top 30 mondial Vivatech2025 - Panoramines\" \/>\n<meta property=\"og:description\" content=\"Chaque ann\u00e9e, le prix VivaTech Innovation of the Year r\u00e9compense les startups pionni\u00e8res qui fa\u00e7onnent l&rsquo;avenir. Il met en lumi\u00e8re la cr\u00e9ativit\u00e9, l\u2019ing\u00e9niosit\u00e9 technologique et le potentiel de transformation du secteur de ces jeunes entreprises du monde entier. Le Top &hellip;\" \/>\n<meta property=\"og:url\" content=\"https:\/\/www.mines-stetienne.fr\/panoramines\/2025\/07\/30\/top-30-mondial-vivatech2025\/\" \/>\n<meta property=\"og:site_name\" content=\"Panoramines\" \/>\n<meta property=\"article:published_time\" content=\"2025-07-30T13:50:33+00:00\" \/>\n<meta property=\"article:modified_time\" content=\"2025-07-30T13:50:36+00:00\" \/>\n<meta property=\"og:image\" content=\"https:\/\/www.mines-stetienne.fr\/panoramines\/wp-content\/uploads\/sites\/3\/2025\/07\/IYA-COLOR@2x-1-1.png\" \/>\n\t<meta property=\"og:image:width\" content=\"3841\" \/>\n\t<meta property=\"og:image:height\" content=\"2161\" \/>\n\t<meta property=\"og:image:type\" content=\"image\/png\" \/>\n<meta name=\"author\" content=\"Marylou BAUDRAND\" \/>\n<meta name=\"twitter:card\" content=\"summary_large_image\" \/>\n<meta name=\"twitter:label1\" content=\"\u00c9crit par\" \/>\n\t<meta name=\"twitter:data1\" content=\"Marylou BAUDRAND\" \/>\n\t<meta name=\"twitter:label2\" content=\"Dur\u00e9e de lecture estim\u00e9e\" \/>\n\t<meta name=\"twitter:data2\" content=\"2 minutes\" \/>\n<script type=\"application\/ld+json\" class=\"yoast-schema-graph\">{\"@context\":\"https:\\\/\\\/schema.org\",\"@graph\":[{\"@type\":\"Article\",\"@id\":\"https:\\\/\\\/www.mines-stetienne.fr\\\/panoramines\\\/2025\\\/07\\\/30\\\/top-30-mondial-vivatech2025\\\/#article\",\"isPartOf\":{\"@id\":\"https:\\\/\\\/www.mines-stetienne.fr\\\/panoramines\\\/2025\\\/07\\\/30\\\/top-30-mondial-vivatech2025\\\/\"},\"author\":{\"name\":\"Marylou BAUDRAND\",\"@id\":\"https:\\\/\\\/www.mines-stetienne.fr\\\/panoramines\\\/#\\\/schema\\\/person\\\/4122d0d44b90eef069d2cca2a9ed05eb\"},\"headline\":\"Une start-up incub\u00e9e \u00e0 Mines Saint-\u00c9tienne dans le top 30 mondial Vivatech2025\",\"datePublished\":\"2025-07-30T13:50:33+00:00\",\"dateModified\":\"2025-07-30T13:50:36+00:00\",\"mainEntityOfPage\":{\"@id\":\"https:\\\/\\\/www.mines-stetienne.fr\\\/panoramines\\\/2025\\\/07\\\/30\\\/top-30-mondial-vivatech2025\\\/\"},\"wordCount\":290,\"image\":{\"@id\":\"https:\\\/\\\/www.mines-stetienne.fr\\\/panoramines\\\/2025\\\/07\\\/30\\\/top-30-mondial-vivatech2025\\\/#primaryimage\"},\"thumbnailUrl\":\"https:\\\/\\\/www.mines-stetienne.fr\\\/panoramines\\\/wp-content\\\/uploads\\\/sites\\\/3\\\/2025\\\/07\\\/IYA-COLOR@2x-1-1.png\",\"keywords\":[\"Campus GC Provence\",\"CMP\",\"Innovation\",\"Mines Saint-Etienne\",\"TEAM\",\"Vivatech\"],\"articleSection\":[\"International\"],\"inLanguage\":\"fr-FR\"},{\"@type\":\"WebPage\",\"@id\":\"https:\\\/\\\/www.mines-stetienne.fr\\\/panoramines\\\/2025\\\/07\\\/30\\\/top-30-mondial-vivatech2025\\\/\",\"url\":\"https:\\\/\\\/www.mines-stetienne.fr\\\/panoramines\\\/2025\\\/07\\\/30\\\/top-30-mondial-vivatech2025\\\/\",\"name\":\"Une start-up incub\u00e9e \u00e0 Mines Saint-\u00c9tienne dans le top 30 mondial Vivatech2025 - Panoramines\",\"isPartOf\":{\"@id\":\"https:\\\/\\\/www.mines-stetienne.fr\\\/panoramines\\\/#website\"},\"primaryImageOfPage\":{\"@id\":\"https:\\\/\\\/www.mines-stetienne.fr\\\/panoramines\\\/2025\\\/07\\\/30\\\/top-30-mondial-vivatech2025\\\/#primaryimage\"},\"image\":{\"@id\":\"https:\\\/\\\/www.mines-stetienne.fr\\\/panoramines\\\/2025\\\/07\\\/30\\\/top-30-mondial-vivatech2025\\\/#primaryimage\"},\"thumbnailUrl\":\"https:\\\/\\\/www.mines-stetienne.fr\\\/panoramines\\\/wp-content\\\/uploads\\\/sites\\\/3\\\/2025\\\/07\\\/IYA-COLOR@2x-1-1.png\",\"datePublished\":\"2025-07-30T13:50:33+00:00\",\"dateModified\":\"2025-07-30T13:50:36+00:00\",\"author\":{\"@id\":\"https:\\\/\\\/www.mines-stetienne.fr\\\/panoramines\\\/#\\\/schema\\\/person\\\/4122d0d44b90eef069d2cca2a9ed05eb\"},\"breadcrumb\":{\"@id\":\"https:\\\/\\\/www.mines-stetienne.fr\\\/panoramines\\\/2025\\\/07\\\/30\\\/top-30-mondial-vivatech2025\\\/#breadcrumb\"},\"inLanguage\":\"fr-FR\",\"potentialAction\":[{\"@type\":\"ReadAction\",\"target\":[\"https:\\\/\\\/www.mines-stetienne.fr\\\/panoramines\\\/2025\\\/07\\\/30\\\/top-30-mondial-vivatech2025\\\/\"]}]},{\"@type\":\"ImageObject\",\"inLanguage\":\"fr-FR\",\"@id\":\"https:\\\/\\\/www.mines-stetienne.fr\\\/panoramines\\\/2025\\\/07\\\/30\\\/top-30-mondial-vivatech2025\\\/#primaryimage\",\"url\":\"https:\\\/\\\/www.mines-stetienne.fr\\\/panoramines\\\/wp-content\\\/uploads\\\/sites\\\/3\\\/2025\\\/07\\\/IYA-COLOR@2x-1-1.png\",\"contentUrl\":\"https:\\\/\\\/www.mines-stetienne.fr\\\/panoramines\\\/wp-content\\\/uploads\\\/sites\\\/3\\\/2025\\\/07\\\/IYA-COLOR@2x-1-1.png\",\"width\":3841,\"height\":2161},{\"@type\":\"BreadcrumbList\",\"@id\":\"https:\\\/\\\/www.mines-stetienne.fr\\\/panoramines\\\/2025\\\/07\\\/30\\\/top-30-mondial-vivatech2025\\\/#breadcrumb\",\"itemListElement\":[{\"@type\":\"ListItem\",\"position\":1,\"name\":\"Accueil\",\"item\":\"https:\\\/\\\/www.mines-stetienne.fr\\\/panoramines\\\/\"},{\"@type\":\"ListItem\",\"position\":2,\"name\":\"Une start-up incub\u00e9e \u00e0 Mines Saint-\u00c9tienne dans le top 30 mondial Vivatech2025\"}]},{\"@type\":\"WebSite\",\"@id\":\"https:\\\/\\\/www.mines-stetienne.fr\\\/panoramines\\\/#website\",\"url\":\"https:\\\/\\\/www.mines-stetienne.fr\\\/panoramines\\\/\",\"name\":\"Panoramines\",\"description\":\"Panoramines, l\u2019actualit\u00e9 de MINES Saint-\u00c9tienne\",\"potentialAction\":[{\"@type\":\"SearchAction\",\"target\":{\"@type\":\"EntryPoint\",\"urlTemplate\":\"https:\\\/\\\/www.mines-stetienne.fr\\\/panoramines\\\/?s={search_term_string}\"},\"query-input\":{\"@type\":\"PropertyValueSpecification\",\"valueRequired\":true,\"valueName\":\"search_term_string\"}}],\"inLanguage\":\"fr-FR\"},{\"@type\":\"Person\",\"@id\":\"https:\\\/\\\/www.mines-stetienne.fr\\\/panoramines\\\/#\\\/schema\\\/person\\\/4122d0d44b90eef069d2cca2a9ed05eb\",\"name\":\"Marylou BAUDRAND\",\"image\":{\"@type\":\"ImageObject\",\"inLanguage\":\"fr-FR\",\"@id\":\"https:\\\/\\\/www.mines-stetienne.fr\\\/panoramines\\\/wp-content\\\/uploads\\\/sites\\\/3\\\/2021\\\/07\\\/logo-75x75-1.png\",\"url\":\"https:\\\/\\\/www.mines-stetienne.fr\\\/panoramines\\\/wp-content\\\/uploads\\\/sites\\\/3\\\/2021\\\/07\\\/logo-75x75-1.png\",\"contentUrl\":\"https:\\\/\\\/www.mines-stetienne.fr\\\/panoramines\\\/wp-content\\\/uploads\\\/sites\\\/3\\\/2021\\\/07\\\/logo-75x75-1.png\",\"caption\":\"Marylou BAUDRAND\"},\"url\":\"https:\\\/\\\/www.mines-stetienne.fr\\\/panoramines\\\/author\\\/marylou-baudrand\\\/\"}]}<\/script>\n<!-- \/ Yoast SEO plugin. -->","yoast_head_json":{"title":"Une start-up incub\u00e9e \u00e0 Mines Saint-\u00c9tienne dans le top 30 mondial Vivatech2025 - Panoramines","robots":{"index":"index","follow":"follow","max-snippet":"max-snippet:-1","max-image-preview":"max-image-preview:large","max-video-preview":"max-video-preview:-1"},"canonical":"https:\/\/www.mines-stetienne.fr\/panoramines\/2025\/07\/30\/top-30-mondial-vivatech2025\/","og_locale":"fr_FR","og_type":"article","og_title":"Une start-up incub\u00e9e \u00e0 Mines Saint-\u00c9tienne dans le top 30 mondial Vivatech2025 - Panoramines","og_description":"Chaque ann\u00e9e, le prix VivaTech Innovation of the Year r\u00e9compense les startups pionni\u00e8res qui fa\u00e7onnent l&rsquo;avenir. Il met en lumi\u00e8re la cr\u00e9ativit\u00e9, l\u2019ing\u00e9niosit\u00e9 technologique et le potentiel de transformation du secteur de ces jeunes entreprises du monde entier. Le Top &hellip;","og_url":"https:\/\/www.mines-stetienne.fr\/panoramines\/2025\/07\/30\/top-30-mondial-vivatech2025\/","og_site_name":"Panoramines","article_published_time":"2025-07-30T13:50:33+00:00","article_modified_time":"2025-07-30T13:50:36+00:00","og_image":[{"width":3841,"height":2161,"url":"https:\/\/www.mines-stetienne.fr\/panoramines\/wp-content\/uploads\/sites\/3\/2025\/07\/IYA-COLOR@2x-1-1.png","type":"image\/png"}],"author":"Marylou BAUDRAND","twitter_card":"summary_large_image","twitter_misc":{"\u00c9crit par":"Marylou BAUDRAND","Dur\u00e9e de lecture estim\u00e9e":"2 minutes"},"schema":{"@context":"https:\/\/schema.org","@graph":[{"@type":"Article","@id":"https:\/\/www.mines-stetienne.fr\/panoramines\/2025\/07\/30\/top-30-mondial-vivatech2025\/#article","isPartOf":{"@id":"https:\/\/www.mines-stetienne.fr\/panoramines\/2025\/07\/30\/top-30-mondial-vivatech2025\/"},"author":{"name":"Marylou BAUDRAND","@id":"https:\/\/www.mines-stetienne.fr\/panoramines\/#\/schema\/person\/4122d0d44b90eef069d2cca2a9ed05eb"},"headline":"Une start-up incub\u00e9e \u00e0 Mines Saint-\u00c9tienne dans le top 30 mondial Vivatech2025","datePublished":"2025-07-30T13:50:33+00:00","dateModified":"2025-07-30T13:50:36+00:00","mainEntityOfPage":{"@id":"https:\/\/www.mines-stetienne.fr\/panoramines\/2025\/07\/30\/top-30-mondial-vivatech2025\/"},"wordCount":290,"image":{"@id":"https:\/\/www.mines-stetienne.fr\/panoramines\/2025\/07\/30\/top-30-mondial-vivatech2025\/#primaryimage"},"thumbnailUrl":"https:\/\/www.mines-stetienne.fr\/panoramines\/wp-content\/uploads\/sites\/3\/2025\/07\/IYA-COLOR@2x-1-1.png","keywords":["Campus GC Provence","CMP","Innovation","Mines Saint-Etienne","TEAM","Vivatech"],"articleSection":["International"],"inLanguage":"fr-FR"},{"@type":"WebPage","@id":"https:\/\/www.mines-stetienne.fr\/panoramines\/2025\/07\/30\/top-30-mondial-vivatech2025\/","url":"https:\/\/www.mines-stetienne.fr\/panoramines\/2025\/07\/30\/top-30-mondial-vivatech2025\/","name":"Une start-up incub\u00e9e \u00e0 Mines Saint-\u00c9tienne dans le top 30 mondial Vivatech2025 - Panoramines","isPartOf":{"@id":"https:\/\/www.mines-stetienne.fr\/panoramines\/#website"},"primaryImageOfPage":{"@id":"https:\/\/www.mines-stetienne.fr\/panoramines\/2025\/07\/30\/top-30-mondial-vivatech2025\/#primaryimage"},"image":{"@id":"https:\/\/www.mines-stetienne.fr\/panoramines\/2025\/07\/30\/top-30-mondial-vivatech2025\/#primaryimage"},"thumbnailUrl":"https:\/\/www.mines-stetienne.fr\/panoramines\/wp-content\/uploads\/sites\/3\/2025\/07\/IYA-COLOR@2x-1-1.png","datePublished":"2025-07-30T13:50:33+00:00","dateModified":"2025-07-30T13:50:36+00:00","author":{"@id":"https:\/\/www.mines-stetienne.fr\/panoramines\/#\/schema\/person\/4122d0d44b90eef069d2cca2a9ed05eb"},"breadcrumb":{"@id":"https:\/\/www.mines-stetienne.fr\/panoramines\/2025\/07\/30\/top-30-mondial-vivatech2025\/#breadcrumb"},"inLanguage":"fr-FR","potentialAction":[{"@type":"ReadAction","target":["https:\/\/www.mines-stetienne.fr\/panoramines\/2025\/07\/30\/top-30-mondial-vivatech2025\/"]}]},{"@type":"ImageObject","inLanguage":"fr-FR","@id":"https:\/\/www.mines-stetienne.fr\/panoramines\/2025\/07\/30\/top-30-mondial-vivatech2025\/#primaryimage","url":"https:\/\/www.mines-stetienne.fr\/panoramines\/wp-content\/uploads\/sites\/3\/2025\/07\/IYA-COLOR@2x-1-1.png","contentUrl":"https:\/\/www.mines-stetienne.fr\/panoramines\/wp-content\/uploads\/sites\/3\/2025\/07\/IYA-COLOR@2x-1-1.png","width":3841,"height":2161},{"@type":"BreadcrumbList","@id":"https:\/\/www.mines-stetienne.fr\/panoramines\/2025\/07\/30\/top-30-mondial-vivatech2025\/#breadcrumb","itemListElement":[{"@type":"ListItem","position":1,"name":"Accueil","item":"https:\/\/www.mines-stetienne.fr\/panoramines\/"},{"@type":"ListItem","position":2,"name":"Une start-up incub\u00e9e \u00e0 Mines Saint-\u00c9tienne dans le top 30 mondial Vivatech2025"}]},{"@type":"WebSite","@id":"https:\/\/www.mines-stetienne.fr\/panoramines\/#website","url":"https:\/\/www.mines-stetienne.fr\/panoramines\/","name":"Panoramines","description":"Panoramines, l\u2019actualit\u00e9 de MINES Saint-\u00c9tienne","potentialAction":[{"@type":"SearchAction","target":{"@type":"EntryPoint","urlTemplate":"https:\/\/www.mines-stetienne.fr\/panoramines\/?s={search_term_string}"},"query-input":{"@type":"PropertyValueSpecification","valueRequired":true,"valueName":"search_term_string"}}],"inLanguage":"fr-FR"},{"@type":"Person","@id":"https:\/\/www.mines-stetienne.fr\/panoramines\/#\/schema\/person\/4122d0d44b90eef069d2cca2a9ed05eb","name":"Marylou BAUDRAND","image":{"@type":"ImageObject","inLanguage":"fr-FR","@id":"https:\/\/www.mines-stetienne.fr\/panoramines\/wp-content\/uploads\/sites\/3\/2021\/07\/logo-75x75-1.png","url":"https:\/\/www.mines-stetienne.fr\/panoramines\/wp-content\/uploads\/sites\/3\/2021\/07\/logo-75x75-1.png","contentUrl":"https:\/\/www.mines-stetienne.fr\/panoramines\/wp-content\/uploads\/sites\/3\/2021\/07\/logo-75x75-1.png","caption":"Marylou BAUDRAND"},"url":"https:\/\/www.mines-stetienne.fr\/panoramines\/author\/marylou-baudrand\/"}]}},"_links":{"self":[{"href":"https:\/\/www.mines-stetienne.fr\/panoramines\/wp-json\/wp\/v2\/posts\/28296","targetHints":{"allow":["GET"]}}],"collection":[{"href":"https:\/\/www.mines-stetienne.fr\/panoramines\/wp-json\/wp\/v2\/posts"}],"about":[{"href":"https:\/\/www.mines-stetienne.fr\/panoramines\/wp-json\/wp\/v2\/types\/post"}],"author":[{"embeddable":true,"href":"https:\/\/www.mines-stetienne.fr\/panoramines\/wp-json\/wp\/v2\/users\/12778"}],"replies":[{"embeddable":true,"href":"https:\/\/www.mines-stetienne.fr\/panoramines\/wp-json\/wp\/v2\/comments?post=28296"}],"version-history":[{"count":1,"href":"https:\/\/www.mines-stetienne.fr\/panoramines\/wp-json\/wp\/v2\/posts\/28296\/revisions"}],"predecessor-version":[{"id":28298,"href":"https:\/\/www.mines-stetienne.fr\/panoramines\/wp-json\/wp\/v2\/posts\/28296\/revisions\/28298"}],"wp:featuredmedia":[{"embeddable":true,"href":"https:\/\/www.mines-stetienne.fr\/panoramines\/wp-json\/wp\/v2\/media\/28297"}],"wp:attachment":[{"href":"https:\/\/www.mines-stetienne.fr\/panoramines\/wp-json\/wp\/v2\/media?parent=28296"}],"wp:term":[{"taxonomy":"category","embeddable":true,"href":"https:\/\/www.mines-stetienne.fr\/panoramines\/wp-json\/wp\/v2\/categories?post=28296"},{"taxonomy":"post_tag","embeddable":true,"href":"https:\/\/www.mines-stetienne.fr\/panoramines\/wp-json\/wp\/v2\/tags?post=28296"}],"curies":[{"name":"wp","href":"https:\/\/api.w.org\/{rel}","templated":true}]}}