{"id":28292,"date":"2025-07-23T12:21:54","date_gmt":"2025-07-23T10:21:54","guid":{"rendered":"https:\/\/www.mines-stetienne.fr\/panoramines\/?p=28292"},"modified":"2025-07-23T12:21:56","modified_gmt":"2025-07-23T10:21:56","slug":"fairtechday","status":"publish","type":"post","link":"https:\/\/www.mines-stetienne.fr\/panoramines\/2025\/07\/23\/fairtechday\/","title":{"rendered":"Technologie et responsabilit\u00e9 au Fair Tech Day"},"content":{"rendered":"\n<p>Le 13 juin dernier s\u2019est d\u00e9roul\u00e9e la 2<sup>e<\/sup> \u00e9dition du Fair Tech Day sur le campus Aix-Marseille-Provence. Initi\u00e9e en 2024 par Sylvain Blayac, enseignant-chercheur \u00e0 Mines Saint-Etienne, cette journ\u00e9e se d\u00e9die \u00e0 la sensibilisation des \u00e9l\u00e8ves ing\u00e9nieurs aux Objectifs de D\u00e9veloppement Durable (ODD) de l\u2019ONU. Quel sens donner \u00e0 la technologie dans un monde en transition&nbsp;? Telle est la question pos\u00e9e aux enseignants, aux chercheurs, aux industriels ainsi qu\u2019aux \u00e9l\u00e8ves lors du Fair Tech Day.<\/p>\n\n\n\n<p>Cet \u00e9v\u00e8nement est un temps fort dans le parcours ISMIN de 1<sup>\u00e8re<\/sup> ann\u00e9e. Il permet aux \u00e9tudiants de remettre en question les mod\u00e8les technologiques dominants et de rencontrer des acteurs porteurs de solutions innovantes et concr\u00e8tes. Le Fair Tech Day prolonge ainsi le module sur les ODD propos\u00e9 aux \u00e9tudiants.<\/p>\n\n\n\n<p>Cette ann\u00e9e, la journ\u00e9e s\u2019est articul\u00e9e entre conf\u00e9rences et tables rondes. Les interventions de St\u00e9phane Crozat (UTC) sur la <em>Lowtechisation<\/em>, Thierry Stein (Responsable R&amp;D Pellenc) au sujet de la robotique en viticulture et d\u2019Anne Alombert (Universit\u00e9 Paris 8) sur les liens ente pharmacologie et intelligence artificielle ont marqu\u00e9 les esprits et le programme. Des ateliers et jeux de r\u00f4les ont \u00e9galement \u00e9t\u00e9 propos\u00e9s notamment le challenge recyclage de mat\u00e9riaux organis\u00e9 par l\u2019Association de Robotique et d\u2019\u00c9lectronique des Mines (AREM).<\/p>\n\n\n\n<p>Le Fair Tech Day est un \u00e9v\u00e9nement qui m\u00eale innovation et rencontre, un rendez-vous annuel entre diff\u00e9rents acteurs de la technologie qui n\u2019aurait pas \u00e9t\u00e9 possible sans l\u2019aide de la COMIF (Commission Foyer).<\/p>\n","protected":false},"excerpt":{"rendered":"<p>Le 13 juin dernier s\u2019est d\u00e9roul\u00e9e la 2e \u00e9dition du Fair Tech Day sur le campus Aix-Marseille-Provence. Initi\u00e9e en 2024 par Sylvain Blayac, enseignant-chercheur \u00e0 Mines Saint-Etienne, cette journ\u00e9e se d\u00e9die \u00e0 la sensibilisation des \u00e9l\u00e8ves ing\u00e9nieurs aux Objectifs de &hellip;<\/p>\n","protected":false},"author":12778,"featured_media":28293,"comment_status":"closed","ping_status":"open","sticky":false,"template":"","format":"standard","meta":{"_relevanssi_hide_post":"","_relevanssi_hide_content":"","_relevanssi_pin_for_all":"","_relevanssi_pin_keywords":"","_relevanssi_unpin_keywords":"","_relevanssi_related_keywords":"","_relevanssi_related_include_ids":"","_relevanssi_related_exclude_ids":"","_relevanssi_related_no_append":"","_relevanssi_related_not_related":"","_relevanssi_related_posts":"17336,24584,16748,5129,8524,22399","_relevanssi_noindex_reason":"","footnotes":""},"categories":[10],"tags":[370,42,873,877,141],"class_list":["post-28292","post","type-post","status-publish","format-standard","has-post-thumbnail","hentry","category-culture-scientifique","tag-campus-gc-provence","tag-ismin","tag-mines-saint-etienne","tag-odd","tag-technologie"],"pp_statuses_selecting_workflow":false,"pp_workflow_action":"current","pp_status_selection":"publish","pp_force_visibility":null,"pp_subpost_visibility":null,"pp_inherited_force_visibility":null,"pp_inherited_subpost_visibility":null,"yoast_head":"<!-- This site is optimized with the Yoast SEO plugin v27.5 - https:\/\/yoast.com\/product\/yoast-seo-wordpress\/ -->\n<title>Technologie et responsabilit\u00e9 au Fair Tech Day - Panoramines<\/title>\n<meta name=\"robots\" content=\"index, follow, max-snippet:-1, max-image-preview:large, max-video-preview:-1\" \/>\n<link rel=\"canonical\" href=\"https:\/\/www.mines-stetienne.fr\/panoramines\/2025\/07\/23\/fairtechday\/\" \/>\n<meta property=\"og:locale\" content=\"fr_FR\" \/>\n<meta property=\"og:type\" content=\"article\" \/>\n<meta property=\"og:title\" content=\"Technologie et responsabilit\u00e9 au Fair Tech Day - Panoramines\" \/>\n<meta property=\"og:description\" content=\"Le 13 juin dernier s\u2019est d\u00e9roul\u00e9e la 2e \u00e9dition du Fair Tech Day sur le campus Aix-Marseille-Provence. Initi\u00e9e en 2024 par Sylvain Blayac, enseignant-chercheur \u00e0 Mines Saint-Etienne, cette journ\u00e9e se d\u00e9die \u00e0 la sensibilisation des \u00e9l\u00e8ves ing\u00e9nieurs aux Objectifs de &hellip;\" \/>\n<meta property=\"og:url\" content=\"https:\/\/www.mines-stetienne.fr\/panoramines\/2025\/07\/23\/fairtechday\/\" \/>\n<meta property=\"og:site_name\" content=\"Panoramines\" \/>\n<meta property=\"article:published_time\" content=\"2025-07-23T10:21:54+00:00\" \/>\n<meta property=\"article:modified_time\" content=\"2025-07-23T10:21:56+00:00\" \/>\n<meta property=\"og:image\" content=\"https:\/\/www.mines-stetienne.fr\/panoramines\/wp-content\/uploads\/sites\/3\/2025\/07\/IMG_8028-1-1024x683.jpg\" \/>\n\t<meta property=\"og:image:width\" content=\"1024\" \/>\n\t<meta property=\"og:image:height\" content=\"683\" \/>\n\t<meta property=\"og:image:type\" content=\"image\/jpeg\" \/>\n<meta name=\"author\" content=\"Marylou BAUDRAND\" \/>\n<meta name=\"twitter:card\" content=\"summary_large_image\" \/>\n<meta name=\"twitter:label1\" content=\"\u00c9crit par\" \/>\n\t<meta name=\"twitter:data1\" content=\"Marylou BAUDRAND\" \/>\n\t<meta name=\"twitter:label2\" content=\"Dur\u00e9e de lecture estim\u00e9e\" \/>\n\t<meta name=\"twitter:data2\" content=\"2 minutes\" \/>\n<script type=\"application\/ld+json\" class=\"yoast-schema-graph\">{\"@context\":\"https:\\\/\\\/schema.org\",\"@graph\":[{\"@type\":\"Article\",\"@id\":\"https:\\\/\\\/www.mines-stetienne.fr\\\/panoramines\\\/2025\\\/07\\\/23\\\/fairtechday\\\/#article\",\"isPartOf\":{\"@id\":\"https:\\\/\\\/www.mines-stetienne.fr\\\/panoramines\\\/2025\\\/07\\\/23\\\/fairtechday\\\/\"},\"author\":{\"name\":\"Marylou BAUDRAND\",\"@id\":\"https:\\\/\\\/www.mines-stetienne.fr\\\/panoramines\\\/#\\\/schema\\\/person\\\/4122d0d44b90eef069d2cca2a9ed05eb\"},\"headline\":\"Technologie et responsabilit\u00e9 au Fair Tech Day\",\"datePublished\":\"2025-07-23T10:21:54+00:00\",\"dateModified\":\"2025-07-23T10:21:56+00:00\",\"mainEntityOfPage\":{\"@id\":\"https:\\\/\\\/www.mines-stetienne.fr\\\/panoramines\\\/2025\\\/07\\\/23\\\/fairtechday\\\/\"},\"wordCount\":275,\"image\":{\"@id\":\"https:\\\/\\\/www.mines-stetienne.fr\\\/panoramines\\\/2025\\\/07\\\/23\\\/fairtechday\\\/#primaryimage\"},\"thumbnailUrl\":\"https:\\\/\\\/www.mines-stetienne.fr\\\/panoramines\\\/wp-content\\\/uploads\\\/sites\\\/3\\\/2025\\\/07\\\/IMG_8028-1.jpg\",\"keywords\":[\"Campus GC Provence\",\"ISMIN\",\"Mines Saint-Etienne\",\"ODD\",\"Technologie\"],\"articleSection\":[\"Culture scientifique\"],\"inLanguage\":\"fr-FR\"},{\"@type\":\"WebPage\",\"@id\":\"https:\\\/\\\/www.mines-stetienne.fr\\\/panoramines\\\/2025\\\/07\\\/23\\\/fairtechday\\\/\",\"url\":\"https:\\\/\\\/www.mines-stetienne.fr\\\/panoramines\\\/2025\\\/07\\\/23\\\/fairtechday\\\/\",\"name\":\"Technologie et responsabilit\u00e9 au Fair Tech Day - Panoramines\",\"isPartOf\":{\"@id\":\"https:\\\/\\\/www.mines-stetienne.fr\\\/panoramines\\\/#website\"},\"primaryImageOfPage\":{\"@id\":\"https:\\\/\\\/www.mines-stetienne.fr\\\/panoramines\\\/2025\\\/07\\\/23\\\/fairtechday\\\/#primaryimage\"},\"image\":{\"@id\":\"https:\\\/\\\/www.mines-stetienne.fr\\\/panoramines\\\/2025\\\/07\\\/23\\\/fairtechday\\\/#primaryimage\"},\"thumbnailUrl\":\"https:\\\/\\\/www.mines-stetienne.fr\\\/panoramines\\\/wp-content\\\/uploads\\\/sites\\\/3\\\/2025\\\/07\\\/IMG_8028-1.jpg\",\"datePublished\":\"2025-07-23T10:21:54+00:00\",\"dateModified\":\"2025-07-23T10:21:56+00:00\",\"author\":{\"@id\":\"https:\\\/\\\/www.mines-stetienne.fr\\\/panoramines\\\/#\\\/schema\\\/person\\\/4122d0d44b90eef069d2cca2a9ed05eb\"},\"breadcrumb\":{\"@id\":\"https:\\\/\\\/www.mines-stetienne.fr\\\/panoramines\\\/2025\\\/07\\\/23\\\/fairtechday\\\/#breadcrumb\"},\"inLanguage\":\"fr-FR\",\"potentialAction\":[{\"@type\":\"ReadAction\",\"target\":[\"https:\\\/\\\/www.mines-stetienne.fr\\\/panoramines\\\/2025\\\/07\\\/23\\\/fairtechday\\\/\"]}]},{\"@type\":\"ImageObject\",\"inLanguage\":\"fr-FR\",\"@id\":\"https:\\\/\\\/www.mines-stetienne.fr\\\/panoramines\\\/2025\\\/07\\\/23\\\/fairtechday\\\/#primaryimage\",\"url\":\"https:\\\/\\\/www.mines-stetienne.fr\\\/panoramines\\\/wp-content\\\/uploads\\\/sites\\\/3\\\/2025\\\/07\\\/IMG_8028-1.jpg\",\"contentUrl\":\"https:\\\/\\\/www.mines-stetienne.fr\\\/panoramines\\\/wp-content\\\/uploads\\\/sites\\\/3\\\/2025\\\/07\\\/IMG_8028-1.jpg\",\"width\":5184,\"height\":3456},{\"@type\":\"BreadcrumbList\",\"@id\":\"https:\\\/\\\/www.mines-stetienne.fr\\\/panoramines\\\/2025\\\/07\\\/23\\\/fairtechday\\\/#breadcrumb\",\"itemListElement\":[{\"@type\":\"ListItem\",\"position\":1,\"name\":\"Accueil\",\"item\":\"https:\\\/\\\/www.mines-stetienne.fr\\\/panoramines\\\/\"},{\"@type\":\"ListItem\",\"position\":2,\"name\":\"Technologie et responsabilit\u00e9 au Fair Tech Day\"}]},{\"@type\":\"WebSite\",\"@id\":\"https:\\\/\\\/www.mines-stetienne.fr\\\/panoramines\\\/#website\",\"url\":\"https:\\\/\\\/www.mines-stetienne.fr\\\/panoramines\\\/\",\"name\":\"Panoramines\",\"description\":\"Panoramines, l\u2019actualit\u00e9 de MINES Saint-\u00c9tienne\",\"potentialAction\":[{\"@type\":\"SearchAction\",\"target\":{\"@type\":\"EntryPoint\",\"urlTemplate\":\"https:\\\/\\\/www.mines-stetienne.fr\\\/panoramines\\\/?s={search_term_string}\"},\"query-input\":{\"@type\":\"PropertyValueSpecification\",\"valueRequired\":true,\"valueName\":\"search_term_string\"}}],\"inLanguage\":\"fr-FR\"},{\"@type\":\"Person\",\"@id\":\"https:\\\/\\\/www.mines-stetienne.fr\\\/panoramines\\\/#\\\/schema\\\/person\\\/4122d0d44b90eef069d2cca2a9ed05eb\",\"name\":\"Marylou BAUDRAND\",\"image\":{\"@type\":\"ImageObject\",\"inLanguage\":\"fr-FR\",\"@id\":\"https:\\\/\\\/www.mines-stetienne.fr\\\/panoramines\\\/wp-content\\\/uploads\\\/sites\\\/3\\\/2021\\\/07\\\/logo-75x75-1.png\",\"url\":\"https:\\\/\\\/www.mines-stetienne.fr\\\/panoramines\\\/wp-content\\\/uploads\\\/sites\\\/3\\\/2021\\\/07\\\/logo-75x75-1.png\",\"contentUrl\":\"https:\\\/\\\/www.mines-stetienne.fr\\\/panoramines\\\/wp-content\\\/uploads\\\/sites\\\/3\\\/2021\\\/07\\\/logo-75x75-1.png\",\"caption\":\"Marylou BAUDRAND\"},\"url\":\"https:\\\/\\\/www.mines-stetienne.fr\\\/panoramines\\\/author\\\/marylou-baudrand\\\/\"}]}<\/script>\n<!-- \/ Yoast SEO plugin. -->","yoast_head_json":{"title":"Technologie et responsabilit\u00e9 au Fair Tech Day - Panoramines","robots":{"index":"index","follow":"follow","max-snippet":"max-snippet:-1","max-image-preview":"max-image-preview:large","max-video-preview":"max-video-preview:-1"},"canonical":"https:\/\/www.mines-stetienne.fr\/panoramines\/2025\/07\/23\/fairtechday\/","og_locale":"fr_FR","og_type":"article","og_title":"Technologie et responsabilit\u00e9 au Fair Tech Day - Panoramines","og_description":"Le 13 juin dernier s\u2019est d\u00e9roul\u00e9e la 2e \u00e9dition du Fair Tech Day sur le campus Aix-Marseille-Provence. Initi\u00e9e en 2024 par Sylvain Blayac, enseignant-chercheur \u00e0 Mines Saint-Etienne, cette journ\u00e9e se d\u00e9die \u00e0 la sensibilisation des \u00e9l\u00e8ves ing\u00e9nieurs aux Objectifs de &hellip;","og_url":"https:\/\/www.mines-stetienne.fr\/panoramines\/2025\/07\/23\/fairtechday\/","og_site_name":"Panoramines","article_published_time":"2025-07-23T10:21:54+00:00","article_modified_time":"2025-07-23T10:21:56+00:00","og_image":[{"width":1024,"height":683,"url":"https:\/\/www.mines-stetienne.fr\/panoramines\/wp-content\/uploads\/sites\/3\/2025\/07\/IMG_8028-1-1024x683.jpg","type":"image\/jpeg"}],"author":"Marylou BAUDRAND","twitter_card":"summary_large_image","twitter_misc":{"\u00c9crit par":"Marylou BAUDRAND","Dur\u00e9e de lecture estim\u00e9e":"2 minutes"},"schema":{"@context":"https:\/\/schema.org","@graph":[{"@type":"Article","@id":"https:\/\/www.mines-stetienne.fr\/panoramines\/2025\/07\/23\/fairtechday\/#article","isPartOf":{"@id":"https:\/\/www.mines-stetienne.fr\/panoramines\/2025\/07\/23\/fairtechday\/"},"author":{"name":"Marylou BAUDRAND","@id":"https:\/\/www.mines-stetienne.fr\/panoramines\/#\/schema\/person\/4122d0d44b90eef069d2cca2a9ed05eb"},"headline":"Technologie et responsabilit\u00e9 au Fair Tech Day","datePublished":"2025-07-23T10:21:54+00:00","dateModified":"2025-07-23T10:21:56+00:00","mainEntityOfPage":{"@id":"https:\/\/www.mines-stetienne.fr\/panoramines\/2025\/07\/23\/fairtechday\/"},"wordCount":275,"image":{"@id":"https:\/\/www.mines-stetienne.fr\/panoramines\/2025\/07\/23\/fairtechday\/#primaryimage"},"thumbnailUrl":"https:\/\/www.mines-stetienne.fr\/panoramines\/wp-content\/uploads\/sites\/3\/2025\/07\/IMG_8028-1.jpg","keywords":["Campus GC Provence","ISMIN","Mines Saint-Etienne","ODD","Technologie"],"articleSection":["Culture scientifique"],"inLanguage":"fr-FR"},{"@type":"WebPage","@id":"https:\/\/www.mines-stetienne.fr\/panoramines\/2025\/07\/23\/fairtechday\/","url":"https:\/\/www.mines-stetienne.fr\/panoramines\/2025\/07\/23\/fairtechday\/","name":"Technologie et responsabilit\u00e9 au Fair Tech Day - Panoramines","isPartOf":{"@id":"https:\/\/www.mines-stetienne.fr\/panoramines\/#website"},"primaryImageOfPage":{"@id":"https:\/\/www.mines-stetienne.fr\/panoramines\/2025\/07\/23\/fairtechday\/#primaryimage"},"image":{"@id":"https:\/\/www.mines-stetienne.fr\/panoramines\/2025\/07\/23\/fairtechday\/#primaryimage"},"thumbnailUrl":"https:\/\/www.mines-stetienne.fr\/panoramines\/wp-content\/uploads\/sites\/3\/2025\/07\/IMG_8028-1.jpg","datePublished":"2025-07-23T10:21:54+00:00","dateModified":"2025-07-23T10:21:56+00:00","author":{"@id":"https:\/\/www.mines-stetienne.fr\/panoramines\/#\/schema\/person\/4122d0d44b90eef069d2cca2a9ed05eb"},"breadcrumb":{"@id":"https:\/\/www.mines-stetienne.fr\/panoramines\/2025\/07\/23\/fairtechday\/#breadcrumb"},"inLanguage":"fr-FR","potentialAction":[{"@type":"ReadAction","target":["https:\/\/www.mines-stetienne.fr\/panoramines\/2025\/07\/23\/fairtechday\/"]}]},{"@type":"ImageObject","inLanguage":"fr-FR","@id":"https:\/\/www.mines-stetienne.fr\/panoramines\/2025\/07\/23\/fairtechday\/#primaryimage","url":"https:\/\/www.mines-stetienne.fr\/panoramines\/wp-content\/uploads\/sites\/3\/2025\/07\/IMG_8028-1.jpg","contentUrl":"https:\/\/www.mines-stetienne.fr\/panoramines\/wp-content\/uploads\/sites\/3\/2025\/07\/IMG_8028-1.jpg","width":5184,"height":3456},{"@type":"BreadcrumbList","@id":"https:\/\/www.mines-stetienne.fr\/panoramines\/2025\/07\/23\/fairtechday\/#breadcrumb","itemListElement":[{"@type":"ListItem","position":1,"name":"Accueil","item":"https:\/\/www.mines-stetienne.fr\/panoramines\/"},{"@type":"ListItem","position":2,"name":"Technologie et responsabilit\u00e9 au Fair Tech Day"}]},{"@type":"WebSite","@id":"https:\/\/www.mines-stetienne.fr\/panoramines\/#website","url":"https:\/\/www.mines-stetienne.fr\/panoramines\/","name":"Panoramines","description":"Panoramines, l\u2019actualit\u00e9 de MINES Saint-\u00c9tienne","potentialAction":[{"@type":"SearchAction","target":{"@type":"EntryPoint","urlTemplate":"https:\/\/www.mines-stetienne.fr\/panoramines\/?s={search_term_string}"},"query-input":{"@type":"PropertyValueSpecification","valueRequired":true,"valueName":"search_term_string"}}],"inLanguage":"fr-FR"},{"@type":"Person","@id":"https:\/\/www.mines-stetienne.fr\/panoramines\/#\/schema\/person\/4122d0d44b90eef069d2cca2a9ed05eb","name":"Marylou BAUDRAND","image":{"@type":"ImageObject","inLanguage":"fr-FR","@id":"https:\/\/www.mines-stetienne.fr\/panoramines\/wp-content\/uploads\/sites\/3\/2021\/07\/logo-75x75-1.png","url":"https:\/\/www.mines-stetienne.fr\/panoramines\/wp-content\/uploads\/sites\/3\/2021\/07\/logo-75x75-1.png","contentUrl":"https:\/\/www.mines-stetienne.fr\/panoramines\/wp-content\/uploads\/sites\/3\/2021\/07\/logo-75x75-1.png","caption":"Marylou BAUDRAND"},"url":"https:\/\/www.mines-stetienne.fr\/panoramines\/author\/marylou-baudrand\/"}]}},"_links":{"self":[{"href":"https:\/\/www.mines-stetienne.fr\/panoramines\/wp-json\/wp\/v2\/posts\/28292","targetHints":{"allow":["GET"]}}],"collection":[{"href":"https:\/\/www.mines-stetienne.fr\/panoramines\/wp-json\/wp\/v2\/posts"}],"about":[{"href":"https:\/\/www.mines-stetienne.fr\/panoramines\/wp-json\/wp\/v2\/types\/post"}],"author":[{"embeddable":true,"href":"https:\/\/www.mines-stetienne.fr\/panoramines\/wp-json\/wp\/v2\/users\/12778"}],"replies":[{"embeddable":true,"href":"https:\/\/www.mines-stetienne.fr\/panoramines\/wp-json\/wp\/v2\/comments?post=28292"}],"version-history":[{"count":1,"href":"https:\/\/www.mines-stetienne.fr\/panoramines\/wp-json\/wp\/v2\/posts\/28292\/revisions"}],"predecessor-version":[{"id":28294,"href":"https:\/\/www.mines-stetienne.fr\/panoramines\/wp-json\/wp\/v2\/posts\/28292\/revisions\/28294"}],"wp:featuredmedia":[{"embeddable":true,"href":"https:\/\/www.mines-stetienne.fr\/panoramines\/wp-json\/wp\/v2\/media\/28293"}],"wp:attachment":[{"href":"https:\/\/www.mines-stetienne.fr\/panoramines\/wp-json\/wp\/v2\/media?parent=28292"}],"wp:term":[{"taxonomy":"category","embeddable":true,"href":"https:\/\/www.mines-stetienne.fr\/panoramines\/wp-json\/wp\/v2\/categories?post=28292"},{"taxonomy":"post_tag","embeddable":true,"href":"https:\/\/www.mines-stetienne.fr\/panoramines\/wp-json\/wp\/v2\/tags?post=28292"}],"curies":[{"name":"wp","href":"https:\/\/api.w.org\/{rel}","templated":true}]}}