{"id":28286,"date":"2025-07-23T11:21:54","date_gmt":"2025-07-23T09:21:54","guid":{"rendered":"https:\/\/www.mines-stetienne.fr\/panoramines\/?p=28286"},"modified":"2025-07-23T14:34:34","modified_gmt":"2025-07-23T12:34:34","slug":"1ere-edition-de-la-conference-evenement-du-laboratoire-georges-friedel","status":"publish","type":"post","link":"https:\/\/www.mines-stetienne.fr\/panoramines\/2025\/07\/23\/1ere-edition-de-la-conference-evenement-du-laboratoire-georges-friedel\/","title":{"rendered":"Succ\u00e8s pour la 1re \u00e9dition de la conf\u00e9rence-\u00e9v\u00e8nement du laboratoire Georges Friedel"},"content":{"rendered":"\n<p>Le 16 juin dernier s\u2019est tenue la premi\u00e8re conf\u00e9rence-\u00e9v\u00e8nement du laboratoire Georges Friedel.<\/p>\n\n\n\n<p>Intitul\u00e9 \u00ab&nbsp;Mythes technologiques et r\u00e9alit\u00e9s sociales de l\u2019intelligence artificielle&nbsp;\u00bb, cet \u00e9v\u00e8nement accueillait un invit\u00e9 de marque :&nbsp; le professeur d\u2019informatique \u00e0 l\u2019universit\u00e9 de Bordeaux, Fran\u00e7ois Pellegrini. Il codirige le coll\u00e8ge \u00ab Codes sources et logiciels \u00bb du Comit\u00e9 pour la science ouverte du minist\u00e8re de l\u2019Enseignement Sup\u00e9rieur et de la Recherche et pr\u00e9side le Cluster NAOS, une association qui promeut l\u2019innovation et l\u2019entrepreneuriat par les mod\u00e8les \u00e9conomiques libres en r\u00e9gion Nouvelle-Aquitaine.<\/p>\n\n\n\n<p>Organis\u00e9e par le laboratoire Georges Friedel, mais touchant une th\u00e9matique large, la conf\u00e9rence-\u00e9v\u00e9nement a rassembl\u00e9 une centaine de personnes. La journ\u00e9e s\u2019est ouverte par un s\u00e9minaire sur l\u2019intelligence artificielle, mis en place par l&rsquo;interm\u00e9diaire de l&rsquo;Institut Fayol.<\/p>\n\n\n\n<p>Pour la suite du programme, les enseignants-chercheurs du laboratoire ont pr\u00e9sent\u00e9 leurs travaux sur la th\u00e9matique de la place du logiciel dans les sciences ouvertes. Ils ont ainsi pu b\u00e9n\u00e9ficier de l\u2019expertise de Fran\u00e7ois Pellegrini lors des questions \/ r\u00e9ponses cl\u00f4turant la journ\u00e9e.<\/p>\n\n\n\n<p>Cette conf\u00e9rence-\u00e9v\u00e9nement du laboratoire Georges Friedel a l\u2019ambition de devenir un \u00e9v\u00e9nement annuel qui met en avant des th\u00e9matiques susceptibles d\u2019int\u00e9resser l\u2019ensemble du personnel du laboratoire et de Mines Saint-Etienne. Nous vous y attendons nombreux l\u2019ann\u00e9e prochaine !<\/p>\n\n\n\n<p><\/p>\n","protected":false},"excerpt":{"rendered":"<p>Le 16 juin dernier s\u2019est tenue la premi\u00e8re conf\u00e9rence-\u00e9v\u00e8nement du laboratoire Georges Friedel. Intitul\u00e9 \u00ab&nbsp;Mythes technologiques et r\u00e9alit\u00e9s sociales de l\u2019intelligence artificielle&nbsp;\u00bb, cet \u00e9v\u00e8nement accueillait un invit\u00e9 de marque :&nbsp; le professeur d\u2019informatique \u00e0 l\u2019universit\u00e9 de Bordeaux, Fran\u00e7ois Pellegrini. Il &hellip;<\/p>\n","protected":false},"author":12778,"featured_media":28287,"comment_status":"closed","ping_status":"open","sticky":false,"template":"","format":"standard","meta":{"_relevanssi_hide_post":"","_relevanssi_hide_content":"","_relevanssi_pin_for_all":"","_relevanssi_pin_keywords":"","_relevanssi_unpin_keywords":"","_relevanssi_related_keywords":"","_relevanssi_related_include_ids":"","_relevanssi_related_exclude_ids":"","_relevanssi_related_no_append":"","_relevanssi_related_not_related":"","_relevanssi_related_posts":"22588,20038,26364,22252,11564,17481","_relevanssi_noindex_reason":"","footnotes":""},"categories":[10],"tags":[40,156,1179,873,132],"class_list":["post-28286","post","type-post","status-publish","format-standard","has-post-thumbnail","hentry","category-culture-scientifique","tag-innovation","tag-intelligence-artificielle","tag-laboratoire-georges-friedel","tag-mines-saint-etienne","tag-saint-etienne"],"pp_statuses_selecting_workflow":false,"pp_workflow_action":"current","pp_status_selection":"publish","pp_force_visibility":null,"pp_subpost_visibility":null,"pp_inherited_force_visibility":null,"pp_inherited_subpost_visibility":null,"yoast_head":"<!-- This site is optimized with the Yoast SEO plugin v27.5 - https:\/\/yoast.com\/product\/yoast-seo-wordpress\/ -->\n<title>Succ\u00e8s pour la 1re \u00e9dition de la conf\u00e9rence-\u00e9v\u00e8nement du laboratoire Georges Friedel - Panoramines<\/title>\n<meta name=\"robots\" content=\"index, follow, max-snippet:-1, max-image-preview:large, max-video-preview:-1\" \/>\n<link rel=\"canonical\" href=\"https:\/\/www.mines-stetienne.fr\/panoramines\/2025\/07\/23\/1ere-edition-de-la-conference-evenement-du-laboratoire-georges-friedel\/\" \/>\n<meta property=\"og:locale\" content=\"fr_FR\" \/>\n<meta property=\"og:type\" content=\"article\" \/>\n<meta property=\"og:title\" content=\"Succ\u00e8s pour la 1re \u00e9dition de la conf\u00e9rence-\u00e9v\u00e8nement du laboratoire Georges Friedel - Panoramines\" \/>\n<meta property=\"og:description\" content=\"Le 16 juin dernier s\u2019est tenue la premi\u00e8re conf\u00e9rence-\u00e9v\u00e8nement du laboratoire Georges Friedel. Intitul\u00e9 \u00ab&nbsp;Mythes technologiques et r\u00e9alit\u00e9s sociales de l\u2019intelligence artificielle&nbsp;\u00bb, cet \u00e9v\u00e8nement accueillait un invit\u00e9 de marque :&nbsp; le professeur d\u2019informatique \u00e0 l\u2019universit\u00e9 de Bordeaux, Fran\u00e7ois Pellegrini. Il &hellip;\" \/>\n<meta property=\"og:url\" content=\"https:\/\/www.mines-stetienne.fr\/panoramines\/2025\/07\/23\/1ere-edition-de-la-conference-evenement-du-laboratoire-georges-friedel\/\" \/>\n<meta property=\"og:site_name\" content=\"Panoramines\" \/>\n<meta property=\"article:published_time\" content=\"2025-07-23T09:21:54+00:00\" \/>\n<meta property=\"article:modified_time\" content=\"2025-07-23T12:34:34+00:00\" \/>\n<meta property=\"og:image\" content=\"https:\/\/www.mines-stetienne.fr\/panoramines\/wp-content\/uploads\/sites\/3\/2025\/07\/20250616_125221-1024x577.jpg\" \/>\n\t<meta property=\"og:image:width\" content=\"1024\" \/>\n\t<meta property=\"og:image:height\" content=\"577\" \/>\n\t<meta property=\"og:image:type\" content=\"image\/jpeg\" \/>\n<meta name=\"author\" content=\"Marylou BAUDRAND\" \/>\n<meta name=\"twitter:card\" content=\"summary_large_image\" \/>\n<meta name=\"twitter:label1\" content=\"\u00c9crit par\" \/>\n\t<meta name=\"twitter:data1\" content=\"Marylou BAUDRAND\" \/>\n\t<meta name=\"twitter:label2\" content=\"Dur\u00e9e de lecture estim\u00e9e\" \/>\n\t<meta name=\"twitter:data2\" content=\"2 minutes\" \/>\n<script type=\"application\/ld+json\" class=\"yoast-schema-graph\">{\"@context\":\"https:\\\/\\\/schema.org\",\"@graph\":[{\"@type\":\"Article\",\"@id\":\"https:\\\/\\\/www.mines-stetienne.fr\\\/panoramines\\\/2025\\\/07\\\/23\\\/1ere-edition-de-la-conference-evenement-du-laboratoire-georges-friedel\\\/#article\",\"isPartOf\":{\"@id\":\"https:\\\/\\\/www.mines-stetienne.fr\\\/panoramines\\\/2025\\\/07\\\/23\\\/1ere-edition-de-la-conference-evenement-du-laboratoire-georges-friedel\\\/\"},\"author\":{\"name\":\"Marylou BAUDRAND\",\"@id\":\"https:\\\/\\\/www.mines-stetienne.fr\\\/panoramines\\\/#\\\/schema\\\/person\\\/4122d0d44b90eef069d2cca2a9ed05eb\"},\"headline\":\"Succ\u00e8s pour la 1re \u00e9dition de la conf\u00e9rence-\u00e9v\u00e8nement du laboratoire Georges Friedel\",\"datePublished\":\"2025-07-23T09:21:54+00:00\",\"dateModified\":\"2025-07-23T12:34:34+00:00\",\"mainEntityOfPage\":{\"@id\":\"https:\\\/\\\/www.mines-stetienne.fr\\\/panoramines\\\/2025\\\/07\\\/23\\\/1ere-edition-de-la-conference-evenement-du-laboratoire-georges-friedel\\\/\"},\"wordCount\":265,\"image\":{\"@id\":\"https:\\\/\\\/www.mines-stetienne.fr\\\/panoramines\\\/2025\\\/07\\\/23\\\/1ere-edition-de-la-conference-evenement-du-laboratoire-georges-friedel\\\/#primaryimage\"},\"thumbnailUrl\":\"https:\\\/\\\/www.mines-stetienne.fr\\\/panoramines\\\/wp-content\\\/uploads\\\/sites\\\/3\\\/2025\\\/07\\\/20250616_125221.jpg\",\"keywords\":[\"Innovation\",\"Intelligence artificielle\",\"Laboratoire Georges Friedel\",\"Mines Saint-Etienne\",\"Saint-\u00c9tienne\"],\"articleSection\":[\"Culture scientifique\"],\"inLanguage\":\"fr-FR\"},{\"@type\":\"WebPage\",\"@id\":\"https:\\\/\\\/www.mines-stetienne.fr\\\/panoramines\\\/2025\\\/07\\\/23\\\/1ere-edition-de-la-conference-evenement-du-laboratoire-georges-friedel\\\/\",\"url\":\"https:\\\/\\\/www.mines-stetienne.fr\\\/panoramines\\\/2025\\\/07\\\/23\\\/1ere-edition-de-la-conference-evenement-du-laboratoire-georges-friedel\\\/\",\"name\":\"Succ\u00e8s pour la 1re \u00e9dition de la conf\u00e9rence-\u00e9v\u00e8nement du laboratoire Georges Friedel - Panoramines\",\"isPartOf\":{\"@id\":\"https:\\\/\\\/www.mines-stetienne.fr\\\/panoramines\\\/#website\"},\"primaryImageOfPage\":{\"@id\":\"https:\\\/\\\/www.mines-stetienne.fr\\\/panoramines\\\/2025\\\/07\\\/23\\\/1ere-edition-de-la-conference-evenement-du-laboratoire-georges-friedel\\\/#primaryimage\"},\"image\":{\"@id\":\"https:\\\/\\\/www.mines-stetienne.fr\\\/panoramines\\\/2025\\\/07\\\/23\\\/1ere-edition-de-la-conference-evenement-du-laboratoire-georges-friedel\\\/#primaryimage\"},\"thumbnailUrl\":\"https:\\\/\\\/www.mines-stetienne.fr\\\/panoramines\\\/wp-content\\\/uploads\\\/sites\\\/3\\\/2025\\\/07\\\/20250616_125221.jpg\",\"datePublished\":\"2025-07-23T09:21:54+00:00\",\"dateModified\":\"2025-07-23T12:34:34+00:00\",\"author\":{\"@id\":\"https:\\\/\\\/www.mines-stetienne.fr\\\/panoramines\\\/#\\\/schema\\\/person\\\/4122d0d44b90eef069d2cca2a9ed05eb\"},\"breadcrumb\":{\"@id\":\"https:\\\/\\\/www.mines-stetienne.fr\\\/panoramines\\\/2025\\\/07\\\/23\\\/1ere-edition-de-la-conference-evenement-du-laboratoire-georges-friedel\\\/#breadcrumb\"},\"inLanguage\":\"fr-FR\",\"potentialAction\":[{\"@type\":\"ReadAction\",\"target\":[\"https:\\\/\\\/www.mines-stetienne.fr\\\/panoramines\\\/2025\\\/07\\\/23\\\/1ere-edition-de-la-conference-evenement-du-laboratoire-georges-friedel\\\/\"]}]},{\"@type\":\"ImageObject\",\"inLanguage\":\"fr-FR\",\"@id\":\"https:\\\/\\\/www.mines-stetienne.fr\\\/panoramines\\\/2025\\\/07\\\/23\\\/1ere-edition-de-la-conference-evenement-du-laboratoire-georges-friedel\\\/#primaryimage\",\"url\":\"https:\\\/\\\/www.mines-stetienne.fr\\\/panoramines\\\/wp-content\\\/uploads\\\/sites\\\/3\\\/2025\\\/07\\\/20250616_125221.jpg\",\"contentUrl\":\"https:\\\/\\\/www.mines-stetienne.fr\\\/panoramines\\\/wp-content\\\/uploads\\\/sites\\\/3\\\/2025\\\/07\\\/20250616_125221.jpg\",\"width\":4624,\"height\":2604},{\"@type\":\"BreadcrumbList\",\"@id\":\"https:\\\/\\\/www.mines-stetienne.fr\\\/panoramines\\\/2025\\\/07\\\/23\\\/1ere-edition-de-la-conference-evenement-du-laboratoire-georges-friedel\\\/#breadcrumb\",\"itemListElement\":[{\"@type\":\"ListItem\",\"position\":1,\"name\":\"Accueil\",\"item\":\"https:\\\/\\\/www.mines-stetienne.fr\\\/panoramines\\\/\"},{\"@type\":\"ListItem\",\"position\":2,\"name\":\"Succ\u00e8s pour la 1re \u00e9dition de la conf\u00e9rence-\u00e9v\u00e8nement du laboratoire Georges Friedel\"}]},{\"@type\":\"WebSite\",\"@id\":\"https:\\\/\\\/www.mines-stetienne.fr\\\/panoramines\\\/#website\",\"url\":\"https:\\\/\\\/www.mines-stetienne.fr\\\/panoramines\\\/\",\"name\":\"Panoramines\",\"description\":\"Panoramines, l\u2019actualit\u00e9 de MINES Saint-\u00c9tienne\",\"potentialAction\":[{\"@type\":\"SearchAction\",\"target\":{\"@type\":\"EntryPoint\",\"urlTemplate\":\"https:\\\/\\\/www.mines-stetienne.fr\\\/panoramines\\\/?s={search_term_string}\"},\"query-input\":{\"@type\":\"PropertyValueSpecification\",\"valueRequired\":true,\"valueName\":\"search_term_string\"}}],\"inLanguage\":\"fr-FR\"},{\"@type\":\"Person\",\"@id\":\"https:\\\/\\\/www.mines-stetienne.fr\\\/panoramines\\\/#\\\/schema\\\/person\\\/4122d0d44b90eef069d2cca2a9ed05eb\",\"name\":\"Marylou BAUDRAND\",\"image\":{\"@type\":\"ImageObject\",\"inLanguage\":\"fr-FR\",\"@id\":\"https:\\\/\\\/www.mines-stetienne.fr\\\/panoramines\\\/wp-content\\\/uploads\\\/sites\\\/3\\\/2021\\\/07\\\/logo-75x75-1.png\",\"url\":\"https:\\\/\\\/www.mines-stetienne.fr\\\/panoramines\\\/wp-content\\\/uploads\\\/sites\\\/3\\\/2021\\\/07\\\/logo-75x75-1.png\",\"contentUrl\":\"https:\\\/\\\/www.mines-stetienne.fr\\\/panoramines\\\/wp-content\\\/uploads\\\/sites\\\/3\\\/2021\\\/07\\\/logo-75x75-1.png\",\"caption\":\"Marylou BAUDRAND\"},\"url\":\"https:\\\/\\\/www.mines-stetienne.fr\\\/panoramines\\\/author\\\/marylou-baudrand\\\/\"}]}<\/script>\n<!-- \/ Yoast SEO plugin. -->","yoast_head_json":{"title":"Succ\u00e8s pour la 1re \u00e9dition de la conf\u00e9rence-\u00e9v\u00e8nement du laboratoire Georges Friedel - Panoramines","robots":{"index":"index","follow":"follow","max-snippet":"max-snippet:-1","max-image-preview":"max-image-preview:large","max-video-preview":"max-video-preview:-1"},"canonical":"https:\/\/www.mines-stetienne.fr\/panoramines\/2025\/07\/23\/1ere-edition-de-la-conference-evenement-du-laboratoire-georges-friedel\/","og_locale":"fr_FR","og_type":"article","og_title":"Succ\u00e8s pour la 1re \u00e9dition de la conf\u00e9rence-\u00e9v\u00e8nement du laboratoire Georges Friedel - Panoramines","og_description":"Le 16 juin dernier s\u2019est tenue la premi\u00e8re conf\u00e9rence-\u00e9v\u00e8nement du laboratoire Georges Friedel. Intitul\u00e9 \u00ab&nbsp;Mythes technologiques et r\u00e9alit\u00e9s sociales de l\u2019intelligence artificielle&nbsp;\u00bb, cet \u00e9v\u00e8nement accueillait un invit\u00e9 de marque :&nbsp; le professeur d\u2019informatique \u00e0 l\u2019universit\u00e9 de Bordeaux, Fran\u00e7ois Pellegrini. Il &hellip;","og_url":"https:\/\/www.mines-stetienne.fr\/panoramines\/2025\/07\/23\/1ere-edition-de-la-conference-evenement-du-laboratoire-georges-friedel\/","og_site_name":"Panoramines","article_published_time":"2025-07-23T09:21:54+00:00","article_modified_time":"2025-07-23T12:34:34+00:00","og_image":[{"width":1024,"height":577,"url":"https:\/\/www.mines-stetienne.fr\/panoramines\/wp-content\/uploads\/sites\/3\/2025\/07\/20250616_125221-1024x577.jpg","type":"image\/jpeg"}],"author":"Marylou BAUDRAND","twitter_card":"summary_large_image","twitter_misc":{"\u00c9crit par":"Marylou BAUDRAND","Dur\u00e9e de lecture estim\u00e9e":"2 minutes"},"schema":{"@context":"https:\/\/schema.org","@graph":[{"@type":"Article","@id":"https:\/\/www.mines-stetienne.fr\/panoramines\/2025\/07\/23\/1ere-edition-de-la-conference-evenement-du-laboratoire-georges-friedel\/#article","isPartOf":{"@id":"https:\/\/www.mines-stetienne.fr\/panoramines\/2025\/07\/23\/1ere-edition-de-la-conference-evenement-du-laboratoire-georges-friedel\/"},"author":{"name":"Marylou BAUDRAND","@id":"https:\/\/www.mines-stetienne.fr\/panoramines\/#\/schema\/person\/4122d0d44b90eef069d2cca2a9ed05eb"},"headline":"Succ\u00e8s pour la 1re \u00e9dition de la conf\u00e9rence-\u00e9v\u00e8nement du laboratoire Georges Friedel","datePublished":"2025-07-23T09:21:54+00:00","dateModified":"2025-07-23T12:34:34+00:00","mainEntityOfPage":{"@id":"https:\/\/www.mines-stetienne.fr\/panoramines\/2025\/07\/23\/1ere-edition-de-la-conference-evenement-du-laboratoire-georges-friedel\/"},"wordCount":265,"image":{"@id":"https:\/\/www.mines-stetienne.fr\/panoramines\/2025\/07\/23\/1ere-edition-de-la-conference-evenement-du-laboratoire-georges-friedel\/#primaryimage"},"thumbnailUrl":"https:\/\/www.mines-stetienne.fr\/panoramines\/wp-content\/uploads\/sites\/3\/2025\/07\/20250616_125221.jpg","keywords":["Innovation","Intelligence artificielle","Laboratoire Georges Friedel","Mines Saint-Etienne","Saint-\u00c9tienne"],"articleSection":["Culture scientifique"],"inLanguage":"fr-FR"},{"@type":"WebPage","@id":"https:\/\/www.mines-stetienne.fr\/panoramines\/2025\/07\/23\/1ere-edition-de-la-conference-evenement-du-laboratoire-georges-friedel\/","url":"https:\/\/www.mines-stetienne.fr\/panoramines\/2025\/07\/23\/1ere-edition-de-la-conference-evenement-du-laboratoire-georges-friedel\/","name":"Succ\u00e8s pour la 1re \u00e9dition de la conf\u00e9rence-\u00e9v\u00e8nement du laboratoire Georges Friedel - Panoramines","isPartOf":{"@id":"https:\/\/www.mines-stetienne.fr\/panoramines\/#website"},"primaryImageOfPage":{"@id":"https:\/\/www.mines-stetienne.fr\/panoramines\/2025\/07\/23\/1ere-edition-de-la-conference-evenement-du-laboratoire-georges-friedel\/#primaryimage"},"image":{"@id":"https:\/\/www.mines-stetienne.fr\/panoramines\/2025\/07\/23\/1ere-edition-de-la-conference-evenement-du-laboratoire-georges-friedel\/#primaryimage"},"thumbnailUrl":"https:\/\/www.mines-stetienne.fr\/panoramines\/wp-content\/uploads\/sites\/3\/2025\/07\/20250616_125221.jpg","datePublished":"2025-07-23T09:21:54+00:00","dateModified":"2025-07-23T12:34:34+00:00","author":{"@id":"https:\/\/www.mines-stetienne.fr\/panoramines\/#\/schema\/person\/4122d0d44b90eef069d2cca2a9ed05eb"},"breadcrumb":{"@id":"https:\/\/www.mines-stetienne.fr\/panoramines\/2025\/07\/23\/1ere-edition-de-la-conference-evenement-du-laboratoire-georges-friedel\/#breadcrumb"},"inLanguage":"fr-FR","potentialAction":[{"@type":"ReadAction","target":["https:\/\/www.mines-stetienne.fr\/panoramines\/2025\/07\/23\/1ere-edition-de-la-conference-evenement-du-laboratoire-georges-friedel\/"]}]},{"@type":"ImageObject","inLanguage":"fr-FR","@id":"https:\/\/www.mines-stetienne.fr\/panoramines\/2025\/07\/23\/1ere-edition-de-la-conference-evenement-du-laboratoire-georges-friedel\/#primaryimage","url":"https:\/\/www.mines-stetienne.fr\/panoramines\/wp-content\/uploads\/sites\/3\/2025\/07\/20250616_125221.jpg","contentUrl":"https:\/\/www.mines-stetienne.fr\/panoramines\/wp-content\/uploads\/sites\/3\/2025\/07\/20250616_125221.jpg","width":4624,"height":2604},{"@type":"BreadcrumbList","@id":"https:\/\/www.mines-stetienne.fr\/panoramines\/2025\/07\/23\/1ere-edition-de-la-conference-evenement-du-laboratoire-georges-friedel\/#breadcrumb","itemListElement":[{"@type":"ListItem","position":1,"name":"Accueil","item":"https:\/\/www.mines-stetienne.fr\/panoramines\/"},{"@type":"ListItem","position":2,"name":"Succ\u00e8s pour la 1re \u00e9dition de la conf\u00e9rence-\u00e9v\u00e8nement du laboratoire Georges Friedel"}]},{"@type":"WebSite","@id":"https:\/\/www.mines-stetienne.fr\/panoramines\/#website","url":"https:\/\/www.mines-stetienne.fr\/panoramines\/","name":"Panoramines","description":"Panoramines, l\u2019actualit\u00e9 de MINES Saint-\u00c9tienne","potentialAction":[{"@type":"SearchAction","target":{"@type":"EntryPoint","urlTemplate":"https:\/\/www.mines-stetienne.fr\/panoramines\/?s={search_term_string}"},"query-input":{"@type":"PropertyValueSpecification","valueRequired":true,"valueName":"search_term_string"}}],"inLanguage":"fr-FR"},{"@type":"Person","@id":"https:\/\/www.mines-stetienne.fr\/panoramines\/#\/schema\/person\/4122d0d44b90eef069d2cca2a9ed05eb","name":"Marylou BAUDRAND","image":{"@type":"ImageObject","inLanguage":"fr-FR","@id":"https:\/\/www.mines-stetienne.fr\/panoramines\/wp-content\/uploads\/sites\/3\/2021\/07\/logo-75x75-1.png","url":"https:\/\/www.mines-stetienne.fr\/panoramines\/wp-content\/uploads\/sites\/3\/2021\/07\/logo-75x75-1.png","contentUrl":"https:\/\/www.mines-stetienne.fr\/panoramines\/wp-content\/uploads\/sites\/3\/2021\/07\/logo-75x75-1.png","caption":"Marylou BAUDRAND"},"url":"https:\/\/www.mines-stetienne.fr\/panoramines\/author\/marylou-baudrand\/"}]}},"_links":{"self":[{"href":"https:\/\/www.mines-stetienne.fr\/panoramines\/wp-json\/wp\/v2\/posts\/28286","targetHints":{"allow":["GET"]}}],"collection":[{"href":"https:\/\/www.mines-stetienne.fr\/panoramines\/wp-json\/wp\/v2\/posts"}],"about":[{"href":"https:\/\/www.mines-stetienne.fr\/panoramines\/wp-json\/wp\/v2\/types\/post"}],"author":[{"embeddable":true,"href":"https:\/\/www.mines-stetienne.fr\/panoramines\/wp-json\/wp\/v2\/users\/12778"}],"replies":[{"embeddable":true,"href":"https:\/\/www.mines-stetienne.fr\/panoramines\/wp-json\/wp\/v2\/comments?post=28286"}],"version-history":[{"count":2,"href":"https:\/\/www.mines-stetienne.fr\/panoramines\/wp-json\/wp\/v2\/posts\/28286\/revisions"}],"predecessor-version":[{"id":28295,"href":"https:\/\/www.mines-stetienne.fr\/panoramines\/wp-json\/wp\/v2\/posts\/28286\/revisions\/28295"}],"wp:featuredmedia":[{"embeddable":true,"href":"https:\/\/www.mines-stetienne.fr\/panoramines\/wp-json\/wp\/v2\/media\/28287"}],"wp:attachment":[{"href":"https:\/\/www.mines-stetienne.fr\/panoramines\/wp-json\/wp\/v2\/media?parent=28286"}],"wp:term":[{"taxonomy":"category","embeddable":true,"href":"https:\/\/www.mines-stetienne.fr\/panoramines\/wp-json\/wp\/v2\/categories?post=28286"},{"taxonomy":"post_tag","embeddable":true,"href":"https:\/\/www.mines-stetienne.fr\/panoramines\/wp-json\/wp\/v2\/tags?post=28286"}],"curies":[{"name":"wp","href":"https:\/\/api.w.org\/{rel}","templated":true}]}}