{"id":28283,"date":"2025-07-23T10:59:14","date_gmt":"2025-07-23T08:59:14","guid":{"rendered":"https:\/\/www.mines-stetienne.fr\/panoramines\/?p=28283"},"modified":"2025-07-23T10:59:14","modified_gmt":"2025-07-23T08:59:14","slug":"prix-fondation-mines-telecom","status":"publish","type":"post","link":"https:\/\/www.mines-stetienne.fr\/panoramines\/2025\/07\/23\/prix-fondation-mines-telecom\/","title":{"rendered":"Prix Fondation Mines-T\u00e9l\u00e9com : F\u00e9licitations aux 2 laur\u00e9ats de Mines Saint-Etienne !"},"content":{"rendered":"\n<p>Le 18 juin dernier, la Fondation Mines-T\u00e9l\u00e9com a distingu\u00e9 les talents des \u00e9coles de l\u2019Institut Mines-Telecom pour leur stage de fin d\u2019\u00e9tudes et leur apprentissage. Deux \u00e9l\u00e8ves de l\u2019Ecole ont \u00e9t\u00e9 r\u00e9compens\u00e9s pour leur excellence.<\/p>\n\n\n\n<p>Dans la cat\u00e9gorie Stages, Flavie Morel a re\u00e7u le 3e prix pour son travail sur l\u2019optimisation du flux de patients aux Hospices Civils de Lyon. Plus pr\u00e9cis\u00e9ment, elle s\u2019est int\u00e9ress\u00e9e \u00e0 la r\u00e9gulation m\u00e9dicale au sein de la plateforme op\u00e9ratoire. Flavie est aujourd\u2019hui dipl\u00f4m\u00e9e et travaille comme ing\u00e9nieure charg\u00e9e de mission performance bloc \u00e0 l\u2019H\u00f4pital de la Croix-Rousse. Pour elle, \u00ab l\u2019ing\u00e9nierie de la sant\u00e9, c\u2019est avant tout une aventure humaine et un d\u00e9fi collectif au service du soin \u00bb.<\/p>\n\n\n\n<p>Dans la cat\u00e9gorie Apprentissage, Sylvain Thomas a re\u00e7u le 2e prix pour son travail chez STMicroelectronics. Pour lui, \u00ab&nbsp;l\u2019innovation ne se limite pas \u00e0 la technologie&nbsp;\u00bb et ses deux missions d\u2019apprentissage en \u00e9taient l\u2019illustration&nbsp;:<\/p>\n\n\n\n<ul class=\"wp-block-list\">\n<li>Le d\u00e9veloppement d\u2019un FabLab pour les 1500 collaborateurs de l\u2019entreprise. Un espace collaboratif de fabrication num\u00e9rique pour r\u00e9aliser des prototypes.<\/li>\n\n\n\n<li>La mod\u00e9lisation num\u00e9rique de composants semi-conducteurs afin de les int\u00e9grer \u00e0 une simulation de haut niveau.<\/li>\n<\/ul>\n\n\n\n<p>Nous f\u00e9licitons Flavie et Sylvain ainsi que les autres laur\u00e9ats du Prix Fondation Mines-T\u00e9l\u00e9com. D\u2019une valeur de 750 \u00e0 2500 euros, cette r\u00e9compense permettra \u00e0 nos jeunes dipl\u00f4m\u00e9s d\u2019envisager de nouveaux projets innovants.<\/p>\n\n\n\n<p><\/p>\n","protected":false},"excerpt":{"rendered":"<p>Le 18 juin dernier, la Fondation Mines-T\u00e9l\u00e9com a distingu\u00e9 les talents des \u00e9coles de l\u2019Institut Mines-Telecom pour leur stage de fin d\u2019\u00e9tudes et leur apprentissage. Deux \u00e9l\u00e8ves de l\u2019Ecole ont \u00e9t\u00e9 r\u00e9compens\u00e9s pour leur excellence. Dans la cat\u00e9gorie Stages, Flavie &hellip;<\/p>\n","protected":false},"author":12778,"featured_media":28284,"comment_status":"closed","ping_status":"open","sticky":false,"template":"","format":"standard","meta":{"_relevanssi_hide_post":"","_relevanssi_hide_content":"","_relevanssi_pin_for_all":"","_relevanssi_pin_keywords":"","_relevanssi_unpin_keywords":"","_relevanssi_related_keywords":"","_relevanssi_related_include_ids":"","_relevanssi_related_exclude_ids":"","_relevanssi_related_no_append":"","_relevanssi_related_not_related":"","_relevanssi_related_posts":"21044,19071,22252,15943,25651,24700","_relevanssi_noindex_reason":"","footnotes":""},"categories":[10],"tags":[879,40,873],"class_list":["post-28283","post","type-post","status-publish","format-standard","has-post-thumbnail","hentry","category-culture-scientifique","tag-fondation-mines-telecom-2","tag-innovation","tag-mines-saint-etienne"],"pp_statuses_selecting_workflow":false,"pp_workflow_action":"current","pp_status_selection":"publish","pp_force_visibility":null,"pp_subpost_visibility":null,"pp_inherited_force_visibility":null,"pp_inherited_subpost_visibility":null,"yoast_head":"<!-- This site is optimized with the Yoast SEO plugin v27.5 - https:\/\/yoast.com\/product\/yoast-seo-wordpress\/ -->\n<title>Prix Fondation Mines-T\u00e9l\u00e9com : F\u00e9licitations aux 2 laur\u00e9ats de Mines Saint-Etienne ! - Panoramines<\/title>\n<meta name=\"robots\" content=\"index, follow, max-snippet:-1, max-image-preview:large, max-video-preview:-1\" \/>\n<link rel=\"canonical\" href=\"https:\/\/www.mines-stetienne.fr\/panoramines\/2025\/07\/23\/prix-fondation-mines-telecom\/\" \/>\n<meta property=\"og:locale\" content=\"fr_FR\" \/>\n<meta property=\"og:type\" content=\"article\" \/>\n<meta property=\"og:title\" content=\"Prix Fondation Mines-T\u00e9l\u00e9com : F\u00e9licitations aux 2 laur\u00e9ats de Mines Saint-Etienne ! - Panoramines\" \/>\n<meta property=\"og:description\" content=\"Le 18 juin dernier, la Fondation Mines-T\u00e9l\u00e9com a distingu\u00e9 les talents des \u00e9coles de l\u2019Institut Mines-Telecom pour leur stage de fin d\u2019\u00e9tudes et leur apprentissage. Deux \u00e9l\u00e8ves de l\u2019Ecole ont \u00e9t\u00e9 r\u00e9compens\u00e9s pour leur excellence. Dans la cat\u00e9gorie Stages, Flavie &hellip;\" \/>\n<meta property=\"og:url\" content=\"https:\/\/www.mines-stetienne.fr\/panoramines\/2025\/07\/23\/prix-fondation-mines-telecom\/\" \/>\n<meta property=\"og:site_name\" content=\"Panoramines\" \/>\n<meta property=\"article:published_time\" content=\"2025-07-23T08:59:14+00:00\" \/>\n<meta property=\"og:image\" content=\"https:\/\/www.mines-stetienne.fr\/panoramines\/wp-content\/uploads\/sites\/3\/2025\/07\/1750325596878.jpg\" \/>\n\t<meta property=\"og:image:width\" content=\"1024\" \/>\n\t<meta property=\"og:image:height\" content=\"683\" \/>\n\t<meta property=\"og:image:type\" content=\"image\/jpeg\" \/>\n<meta name=\"author\" content=\"Marylou BAUDRAND\" \/>\n<meta name=\"twitter:card\" content=\"summary_large_image\" \/>\n<meta name=\"twitter:label1\" content=\"\u00c9crit par\" \/>\n\t<meta name=\"twitter:data1\" content=\"Marylou BAUDRAND\" \/>\n\t<meta name=\"twitter:label2\" content=\"Dur\u00e9e de lecture estim\u00e9e\" \/>\n\t<meta name=\"twitter:data2\" content=\"2 minutes\" \/>\n<script type=\"application\/ld+json\" class=\"yoast-schema-graph\">{\"@context\":\"https:\\\/\\\/schema.org\",\"@graph\":[{\"@type\":\"Article\",\"@id\":\"https:\\\/\\\/www.mines-stetienne.fr\\\/panoramines\\\/2025\\\/07\\\/23\\\/prix-fondation-mines-telecom\\\/#article\",\"isPartOf\":{\"@id\":\"https:\\\/\\\/www.mines-stetienne.fr\\\/panoramines\\\/2025\\\/07\\\/23\\\/prix-fondation-mines-telecom\\\/\"},\"author\":{\"name\":\"Marylou BAUDRAND\",\"@id\":\"https:\\\/\\\/www.mines-stetienne.fr\\\/panoramines\\\/#\\\/schema\\\/person\\\/4122d0d44b90eef069d2cca2a9ed05eb\"},\"headline\":\"Prix Fondation Mines-T\u00e9l\u00e9com : F\u00e9licitations aux 2 laur\u00e9ats de Mines Saint-Etienne !\",\"datePublished\":\"2025-07-23T08:59:14+00:00\",\"mainEntityOfPage\":{\"@id\":\"https:\\\/\\\/www.mines-stetienne.fr\\\/panoramines\\\/2025\\\/07\\\/23\\\/prix-fondation-mines-telecom\\\/\"},\"wordCount\":274,\"image\":{\"@id\":\"https:\\\/\\\/www.mines-stetienne.fr\\\/panoramines\\\/2025\\\/07\\\/23\\\/prix-fondation-mines-telecom\\\/#primaryimage\"},\"thumbnailUrl\":\"https:\\\/\\\/www.mines-stetienne.fr\\\/panoramines\\\/wp-content\\\/uploads\\\/sites\\\/3\\\/2025\\\/07\\\/1750325596878.jpg\",\"keywords\":[\"Fondation Mines-T\u00e9l\u00e9com\",\"Innovation\",\"Mines Saint-Etienne\"],\"articleSection\":[\"Culture scientifique\"],\"inLanguage\":\"fr-FR\"},{\"@type\":\"WebPage\",\"@id\":\"https:\\\/\\\/www.mines-stetienne.fr\\\/panoramines\\\/2025\\\/07\\\/23\\\/prix-fondation-mines-telecom\\\/\",\"url\":\"https:\\\/\\\/www.mines-stetienne.fr\\\/panoramines\\\/2025\\\/07\\\/23\\\/prix-fondation-mines-telecom\\\/\",\"name\":\"Prix Fondation Mines-T\u00e9l\u00e9com : F\u00e9licitations aux 2 laur\u00e9ats de Mines Saint-Etienne ! - Panoramines\",\"isPartOf\":{\"@id\":\"https:\\\/\\\/www.mines-stetienne.fr\\\/panoramines\\\/#website\"},\"primaryImageOfPage\":{\"@id\":\"https:\\\/\\\/www.mines-stetienne.fr\\\/panoramines\\\/2025\\\/07\\\/23\\\/prix-fondation-mines-telecom\\\/#primaryimage\"},\"image\":{\"@id\":\"https:\\\/\\\/www.mines-stetienne.fr\\\/panoramines\\\/2025\\\/07\\\/23\\\/prix-fondation-mines-telecom\\\/#primaryimage\"},\"thumbnailUrl\":\"https:\\\/\\\/www.mines-stetienne.fr\\\/panoramines\\\/wp-content\\\/uploads\\\/sites\\\/3\\\/2025\\\/07\\\/1750325596878.jpg\",\"datePublished\":\"2025-07-23T08:59:14+00:00\",\"author\":{\"@id\":\"https:\\\/\\\/www.mines-stetienne.fr\\\/panoramines\\\/#\\\/schema\\\/person\\\/4122d0d44b90eef069d2cca2a9ed05eb\"},\"breadcrumb\":{\"@id\":\"https:\\\/\\\/www.mines-stetienne.fr\\\/panoramines\\\/2025\\\/07\\\/23\\\/prix-fondation-mines-telecom\\\/#breadcrumb\"},\"inLanguage\":\"fr-FR\",\"potentialAction\":[{\"@type\":\"ReadAction\",\"target\":[\"https:\\\/\\\/www.mines-stetienne.fr\\\/panoramines\\\/2025\\\/07\\\/23\\\/prix-fondation-mines-telecom\\\/\"]}]},{\"@type\":\"ImageObject\",\"inLanguage\":\"fr-FR\",\"@id\":\"https:\\\/\\\/www.mines-stetienne.fr\\\/panoramines\\\/2025\\\/07\\\/23\\\/prix-fondation-mines-telecom\\\/#primaryimage\",\"url\":\"https:\\\/\\\/www.mines-stetienne.fr\\\/panoramines\\\/wp-content\\\/uploads\\\/sites\\\/3\\\/2025\\\/07\\\/1750325596878.jpg\",\"contentUrl\":\"https:\\\/\\\/www.mines-stetienne.fr\\\/panoramines\\\/wp-content\\\/uploads\\\/sites\\\/3\\\/2025\\\/07\\\/1750325596878.jpg\",\"width\":1024,\"height\":683},{\"@type\":\"BreadcrumbList\",\"@id\":\"https:\\\/\\\/www.mines-stetienne.fr\\\/panoramines\\\/2025\\\/07\\\/23\\\/prix-fondation-mines-telecom\\\/#breadcrumb\",\"itemListElement\":[{\"@type\":\"ListItem\",\"position\":1,\"name\":\"Accueil\",\"item\":\"https:\\\/\\\/www.mines-stetienne.fr\\\/panoramines\\\/\"},{\"@type\":\"ListItem\",\"position\":2,\"name\":\"Prix Fondation Mines-T\u00e9l\u00e9com : F\u00e9licitations aux 2 laur\u00e9ats de Mines Saint-Etienne !\"}]},{\"@type\":\"WebSite\",\"@id\":\"https:\\\/\\\/www.mines-stetienne.fr\\\/panoramines\\\/#website\",\"url\":\"https:\\\/\\\/www.mines-stetienne.fr\\\/panoramines\\\/\",\"name\":\"Panoramines\",\"description\":\"Panoramines, l\u2019actualit\u00e9 de MINES Saint-\u00c9tienne\",\"potentialAction\":[{\"@type\":\"SearchAction\",\"target\":{\"@type\":\"EntryPoint\",\"urlTemplate\":\"https:\\\/\\\/www.mines-stetienne.fr\\\/panoramines\\\/?s={search_term_string}\"},\"query-input\":{\"@type\":\"PropertyValueSpecification\",\"valueRequired\":true,\"valueName\":\"search_term_string\"}}],\"inLanguage\":\"fr-FR\"},{\"@type\":\"Person\",\"@id\":\"https:\\\/\\\/www.mines-stetienne.fr\\\/panoramines\\\/#\\\/schema\\\/person\\\/4122d0d44b90eef069d2cca2a9ed05eb\",\"name\":\"Marylou BAUDRAND\",\"image\":{\"@type\":\"ImageObject\",\"inLanguage\":\"fr-FR\",\"@id\":\"https:\\\/\\\/www.mines-stetienne.fr\\\/panoramines\\\/wp-content\\\/uploads\\\/sites\\\/3\\\/2021\\\/07\\\/logo-75x75-1.png\",\"url\":\"https:\\\/\\\/www.mines-stetienne.fr\\\/panoramines\\\/wp-content\\\/uploads\\\/sites\\\/3\\\/2021\\\/07\\\/logo-75x75-1.png\",\"contentUrl\":\"https:\\\/\\\/www.mines-stetienne.fr\\\/panoramines\\\/wp-content\\\/uploads\\\/sites\\\/3\\\/2021\\\/07\\\/logo-75x75-1.png\",\"caption\":\"Marylou BAUDRAND\"},\"url\":\"https:\\\/\\\/www.mines-stetienne.fr\\\/panoramines\\\/author\\\/marylou-baudrand\\\/\"}]}<\/script>\n<!-- \/ Yoast SEO plugin. -->","yoast_head_json":{"title":"Prix Fondation Mines-T\u00e9l\u00e9com : F\u00e9licitations aux 2 laur\u00e9ats de Mines Saint-Etienne ! - Panoramines","robots":{"index":"index","follow":"follow","max-snippet":"max-snippet:-1","max-image-preview":"max-image-preview:large","max-video-preview":"max-video-preview:-1"},"canonical":"https:\/\/www.mines-stetienne.fr\/panoramines\/2025\/07\/23\/prix-fondation-mines-telecom\/","og_locale":"fr_FR","og_type":"article","og_title":"Prix Fondation Mines-T\u00e9l\u00e9com : F\u00e9licitations aux 2 laur\u00e9ats de Mines Saint-Etienne ! - Panoramines","og_description":"Le 18 juin dernier, la Fondation Mines-T\u00e9l\u00e9com a distingu\u00e9 les talents des \u00e9coles de l\u2019Institut Mines-Telecom pour leur stage de fin d\u2019\u00e9tudes et leur apprentissage. Deux \u00e9l\u00e8ves de l\u2019Ecole ont \u00e9t\u00e9 r\u00e9compens\u00e9s pour leur excellence. Dans la cat\u00e9gorie Stages, Flavie &hellip;","og_url":"https:\/\/www.mines-stetienne.fr\/panoramines\/2025\/07\/23\/prix-fondation-mines-telecom\/","og_site_name":"Panoramines","article_published_time":"2025-07-23T08:59:14+00:00","og_image":[{"width":1024,"height":683,"url":"https:\/\/www.mines-stetienne.fr\/panoramines\/wp-content\/uploads\/sites\/3\/2025\/07\/1750325596878.jpg","type":"image\/jpeg"}],"author":"Marylou BAUDRAND","twitter_card":"summary_large_image","twitter_misc":{"\u00c9crit par":"Marylou BAUDRAND","Dur\u00e9e de lecture estim\u00e9e":"2 minutes"},"schema":{"@context":"https:\/\/schema.org","@graph":[{"@type":"Article","@id":"https:\/\/www.mines-stetienne.fr\/panoramines\/2025\/07\/23\/prix-fondation-mines-telecom\/#article","isPartOf":{"@id":"https:\/\/www.mines-stetienne.fr\/panoramines\/2025\/07\/23\/prix-fondation-mines-telecom\/"},"author":{"name":"Marylou BAUDRAND","@id":"https:\/\/www.mines-stetienne.fr\/panoramines\/#\/schema\/person\/4122d0d44b90eef069d2cca2a9ed05eb"},"headline":"Prix Fondation Mines-T\u00e9l\u00e9com : F\u00e9licitations aux 2 laur\u00e9ats de Mines Saint-Etienne !","datePublished":"2025-07-23T08:59:14+00:00","mainEntityOfPage":{"@id":"https:\/\/www.mines-stetienne.fr\/panoramines\/2025\/07\/23\/prix-fondation-mines-telecom\/"},"wordCount":274,"image":{"@id":"https:\/\/www.mines-stetienne.fr\/panoramines\/2025\/07\/23\/prix-fondation-mines-telecom\/#primaryimage"},"thumbnailUrl":"https:\/\/www.mines-stetienne.fr\/panoramines\/wp-content\/uploads\/sites\/3\/2025\/07\/1750325596878.jpg","keywords":["Fondation Mines-T\u00e9l\u00e9com","Innovation","Mines Saint-Etienne"],"articleSection":["Culture scientifique"],"inLanguage":"fr-FR"},{"@type":"WebPage","@id":"https:\/\/www.mines-stetienne.fr\/panoramines\/2025\/07\/23\/prix-fondation-mines-telecom\/","url":"https:\/\/www.mines-stetienne.fr\/panoramines\/2025\/07\/23\/prix-fondation-mines-telecom\/","name":"Prix Fondation Mines-T\u00e9l\u00e9com : F\u00e9licitations aux 2 laur\u00e9ats de Mines Saint-Etienne ! - Panoramines","isPartOf":{"@id":"https:\/\/www.mines-stetienne.fr\/panoramines\/#website"},"primaryImageOfPage":{"@id":"https:\/\/www.mines-stetienne.fr\/panoramines\/2025\/07\/23\/prix-fondation-mines-telecom\/#primaryimage"},"image":{"@id":"https:\/\/www.mines-stetienne.fr\/panoramines\/2025\/07\/23\/prix-fondation-mines-telecom\/#primaryimage"},"thumbnailUrl":"https:\/\/www.mines-stetienne.fr\/panoramines\/wp-content\/uploads\/sites\/3\/2025\/07\/1750325596878.jpg","datePublished":"2025-07-23T08:59:14+00:00","author":{"@id":"https:\/\/www.mines-stetienne.fr\/panoramines\/#\/schema\/person\/4122d0d44b90eef069d2cca2a9ed05eb"},"breadcrumb":{"@id":"https:\/\/www.mines-stetienne.fr\/panoramines\/2025\/07\/23\/prix-fondation-mines-telecom\/#breadcrumb"},"inLanguage":"fr-FR","potentialAction":[{"@type":"ReadAction","target":["https:\/\/www.mines-stetienne.fr\/panoramines\/2025\/07\/23\/prix-fondation-mines-telecom\/"]}]},{"@type":"ImageObject","inLanguage":"fr-FR","@id":"https:\/\/www.mines-stetienne.fr\/panoramines\/2025\/07\/23\/prix-fondation-mines-telecom\/#primaryimage","url":"https:\/\/www.mines-stetienne.fr\/panoramines\/wp-content\/uploads\/sites\/3\/2025\/07\/1750325596878.jpg","contentUrl":"https:\/\/www.mines-stetienne.fr\/panoramines\/wp-content\/uploads\/sites\/3\/2025\/07\/1750325596878.jpg","width":1024,"height":683},{"@type":"BreadcrumbList","@id":"https:\/\/www.mines-stetienne.fr\/panoramines\/2025\/07\/23\/prix-fondation-mines-telecom\/#breadcrumb","itemListElement":[{"@type":"ListItem","position":1,"name":"Accueil","item":"https:\/\/www.mines-stetienne.fr\/panoramines\/"},{"@type":"ListItem","position":2,"name":"Prix Fondation Mines-T\u00e9l\u00e9com : F\u00e9licitations aux 2 laur\u00e9ats de Mines Saint-Etienne !"}]},{"@type":"WebSite","@id":"https:\/\/www.mines-stetienne.fr\/panoramines\/#website","url":"https:\/\/www.mines-stetienne.fr\/panoramines\/","name":"Panoramines","description":"Panoramines, l\u2019actualit\u00e9 de MINES Saint-\u00c9tienne","potentialAction":[{"@type":"SearchAction","target":{"@type":"EntryPoint","urlTemplate":"https:\/\/www.mines-stetienne.fr\/panoramines\/?s={search_term_string}"},"query-input":{"@type":"PropertyValueSpecification","valueRequired":true,"valueName":"search_term_string"}}],"inLanguage":"fr-FR"},{"@type":"Person","@id":"https:\/\/www.mines-stetienne.fr\/panoramines\/#\/schema\/person\/4122d0d44b90eef069d2cca2a9ed05eb","name":"Marylou BAUDRAND","image":{"@type":"ImageObject","inLanguage":"fr-FR","@id":"https:\/\/www.mines-stetienne.fr\/panoramines\/wp-content\/uploads\/sites\/3\/2021\/07\/logo-75x75-1.png","url":"https:\/\/www.mines-stetienne.fr\/panoramines\/wp-content\/uploads\/sites\/3\/2021\/07\/logo-75x75-1.png","contentUrl":"https:\/\/www.mines-stetienne.fr\/panoramines\/wp-content\/uploads\/sites\/3\/2021\/07\/logo-75x75-1.png","caption":"Marylou BAUDRAND"},"url":"https:\/\/www.mines-stetienne.fr\/panoramines\/author\/marylou-baudrand\/"}]}},"_links":{"self":[{"href":"https:\/\/www.mines-stetienne.fr\/panoramines\/wp-json\/wp\/v2\/posts\/28283","targetHints":{"allow":["GET"]}}],"collection":[{"href":"https:\/\/www.mines-stetienne.fr\/panoramines\/wp-json\/wp\/v2\/posts"}],"about":[{"href":"https:\/\/www.mines-stetienne.fr\/panoramines\/wp-json\/wp\/v2\/types\/post"}],"author":[{"embeddable":true,"href":"https:\/\/www.mines-stetienne.fr\/panoramines\/wp-json\/wp\/v2\/users\/12778"}],"replies":[{"embeddable":true,"href":"https:\/\/www.mines-stetienne.fr\/panoramines\/wp-json\/wp\/v2\/comments?post=28283"}],"version-history":[{"count":1,"href":"https:\/\/www.mines-stetienne.fr\/panoramines\/wp-json\/wp\/v2\/posts\/28283\/revisions"}],"predecessor-version":[{"id":28285,"href":"https:\/\/www.mines-stetienne.fr\/panoramines\/wp-json\/wp\/v2\/posts\/28283\/revisions\/28285"}],"wp:featuredmedia":[{"embeddable":true,"href":"https:\/\/www.mines-stetienne.fr\/panoramines\/wp-json\/wp\/v2\/media\/28284"}],"wp:attachment":[{"href":"https:\/\/www.mines-stetienne.fr\/panoramines\/wp-json\/wp\/v2\/media?parent=28283"}],"wp:term":[{"taxonomy":"category","embeddable":true,"href":"https:\/\/www.mines-stetienne.fr\/panoramines\/wp-json\/wp\/v2\/categories?post=28283"},{"taxonomy":"post_tag","embeddable":true,"href":"https:\/\/www.mines-stetienne.fr\/panoramines\/wp-json\/wp\/v2\/tags?post=28283"}],"curies":[{"name":"wp","href":"https:\/\/api.w.org\/{rel}","templated":true}]}}