{"id":28275,"date":"2025-07-16T13:47:04","date_gmt":"2025-07-16T11:47:04","guid":{"rendered":"https:\/\/www.mines-stetienne.fr\/panoramines\/?p=28275"},"modified":"2026-02-03T15:17:15","modified_gmt":"2026-02-03T14:17:15","slug":"digitalisation-de-la-filiere-dechets","status":"publish","type":"post","link":"https:\/\/www.mines-stetienne.fr\/panoramines\/2025\/07\/16\/digitalisation-de-la-filiere-dechets\/","title":{"rendered":"La journ\u00e9e technique \u00ab\u00a0Digitalisation de la fili\u00e8re D\u00e9chets\u00a0\u00bb s\u2019est d\u00e9roul\u00e9e \u00e0 Mines Saint-Etienne"},"content":{"rendered":"\n<p>Le 3 juin dernier, Mines Saint-Etienne a re\u00e7u la Journ\u00e9e technique \u00ab&nbsp;Digitalisation de la fili\u00e8re D\u00e9chets&nbsp;\u00bb, un \u00e9v\u00e8nement qui permet de pr\u00e9senter des projets innovants et des solutions op\u00e9rationnelles num\u00e9riques \u00e0 la gestion des d\u00e9chets.<\/p>\n\n\n\n<p>Organis\u00e9e par AXELERA, le p\u00f4le de comp\u00e9titivit\u00e9 chimie-environnement d\u2019Auvergne Rh\u00f4ne-Alpes, la journ\u00e9e s\u2019est articul\u00e9e autour de trois axes&nbsp;pr\u00e9sent\u00e9s par diff\u00e9rents acteurs de l\u2019industrie, de la recherche et de la formation en chimie et en environnement&nbsp;:<\/p>\n\n\n\n<ul class=\"wp-block-list\">\n<li>L\u2019IA au service du tri<\/li>\n\n\n\n<li>La qualit\u00e9 des grenailles issues du recyclage de c\u00e2bles\u00a0<\/li>\n\n\n\n<li>L\u2019optimisation du tri des plastiques et des textiles<\/li>\n<\/ul>\n\n\n\n<p>En participant \u00e0 l\u2019accueil de cette journ\u00e9e th\u00e9matique, Mines Saint-Etienne et le centre SPIN (G\u00e9nie des Proc\u00e9d\u00e9s) encouragent la r\u00e9flexion et l\u2019innovation autour de l\u2019optimisation de la collecte des d\u00e9chets, leur traitement et leur gestion \u00e0 l\u2019\u00e9chelle r\u00e9gionale.<\/p>\n","protected":false},"excerpt":{"rendered":"<p>Le 3 juin dernier, Mines Saint-Etienne a re\u00e7u la Journ\u00e9e technique \u00ab&nbsp;Digitalisation de la fili\u00e8re D\u00e9chets&nbsp;\u00bb, un \u00e9v\u00e8nement qui permet de pr\u00e9senter des projets innovants et des solutions op\u00e9rationnelles num\u00e9riques \u00e0 la gestion des d\u00e9chets. Organis\u00e9e par AXELERA, le p\u00f4le &hellip;<\/p>\n","protected":false},"author":12778,"featured_media":28276,"comment_status":"closed","ping_status":"open","sticky":false,"template":"","format":"standard","meta":{"_relevanssi_hide_post":"","_relevanssi_hide_content":"","_relevanssi_pin_for_all":"","_relevanssi_pin_keywords":"","_relevanssi_unpin_keywords":"","_relevanssi_related_keywords":"","_relevanssi_related_include_ids":"","_relevanssi_related_exclude_ids":"","_relevanssi_related_no_append":"","_relevanssi_related_not_related":"","_relevanssi_related_posts":"25016,27779,17598,19379,26887,22405","_relevanssi_noindex_reason":"","footnotes":""},"categories":[19],"tags":[459,40,873,800],"class_list":["post-28275","post","type-post","status-publish","format-standard","has-post-thumbnail","hentry","category-entreprise","tag-centre-spin","tag-innovation","tag-mines-saint-etienne","tag-saint-etienne-2"],"pp_statuses_selecting_workflow":false,"pp_workflow_action":"current","pp_status_selection":"publish","pp_force_visibility":null,"pp_subpost_visibility":null,"pp_inherited_force_visibility":null,"pp_inherited_subpost_visibility":null,"yoast_head":"<!-- This site is optimized with the Yoast SEO plugin v27.5 - https:\/\/yoast.com\/product\/yoast-seo-wordpress\/ -->\n<title>La journ\u00e9e technique \u00ab\u00a0Digitalisation de la fili\u00e8re D\u00e9chets\u00a0\u00bb s\u2019est d\u00e9roul\u00e9e \u00e0 Mines Saint-Etienne - Panoramines<\/title>\n<meta name=\"robots\" content=\"index, follow, max-snippet:-1, max-image-preview:large, max-video-preview:-1\" \/>\n<link rel=\"canonical\" href=\"https:\/\/www.mines-stetienne.fr\/panoramines\/2025\/07\/16\/digitalisation-de-la-filiere-dechets\/\" \/>\n<meta property=\"og:locale\" content=\"fr_FR\" \/>\n<meta property=\"og:type\" content=\"article\" \/>\n<meta property=\"og:title\" content=\"La journ\u00e9e technique \u00ab\u00a0Digitalisation de la fili\u00e8re D\u00e9chets\u00a0\u00bb s\u2019est d\u00e9roul\u00e9e \u00e0 Mines Saint-Etienne - Panoramines\" \/>\n<meta property=\"og:description\" content=\"Le 3 juin dernier, Mines Saint-Etienne a re\u00e7u la Journ\u00e9e technique \u00ab&nbsp;Digitalisation de la fili\u00e8re D\u00e9chets&nbsp;\u00bb, un \u00e9v\u00e8nement qui permet de pr\u00e9senter des projets innovants et des solutions op\u00e9rationnelles num\u00e9riques \u00e0 la gestion des d\u00e9chets. Organis\u00e9e par AXELERA, le p\u00f4le &hellip;\" \/>\n<meta property=\"og:url\" content=\"https:\/\/www.mines-stetienne.fr\/panoramines\/2025\/07\/16\/digitalisation-de-la-filiere-dechets\/\" \/>\n<meta property=\"og:site_name\" content=\"Panoramines\" \/>\n<meta property=\"article:published_time\" content=\"2025-07-16T11:47:04+00:00\" \/>\n<meta property=\"article:modified_time\" content=\"2026-02-03T14:17:15+00:00\" \/>\n<meta property=\"og:image\" content=\"https:\/\/www.mines-stetienne.fr\/panoramines\/wp-content\/uploads\/sites\/3\/2025\/07\/shutterstock-2495052409-1024x562.jpg\" \/>\n\t<meta property=\"og:image:width\" content=\"1024\" \/>\n\t<meta property=\"og:image:height\" content=\"562\" \/>\n\t<meta property=\"og:image:type\" content=\"image\/jpeg\" \/>\n<meta name=\"author\" content=\"Marylou BAUDRAND\" \/>\n<meta name=\"twitter:card\" content=\"summary_large_image\" \/>\n<meta name=\"twitter:label1\" content=\"\u00c9crit par\" \/>\n\t<meta name=\"twitter:data1\" content=\"Marylou BAUDRAND\" \/>\n\t<meta name=\"twitter:label2\" content=\"Dur\u00e9e de lecture estim\u00e9e\" \/>\n\t<meta name=\"twitter:data2\" content=\"1 minute\" \/>\n<script type=\"application\/ld+json\" class=\"yoast-schema-graph\">{\"@context\":\"https:\\\/\\\/schema.org\",\"@graph\":[{\"@type\":\"Article\",\"@id\":\"https:\\\/\\\/www.mines-stetienne.fr\\\/panoramines\\\/2025\\\/07\\\/16\\\/digitalisation-de-la-filiere-dechets\\\/#article\",\"isPartOf\":{\"@id\":\"https:\\\/\\\/www.mines-stetienne.fr\\\/panoramines\\\/2025\\\/07\\\/16\\\/digitalisation-de-la-filiere-dechets\\\/\"},\"author\":{\"name\":\"Marylou BAUDRAND\",\"@id\":\"https:\\\/\\\/www.mines-stetienne.fr\\\/panoramines\\\/#\\\/schema\\\/person\\\/4122d0d44b90eef069d2cca2a9ed05eb\"},\"headline\":\"La journ\u00e9e technique \u00ab\u00a0Digitalisation de la fili\u00e8re D\u00e9chets\u00a0\u00bb s\u2019est d\u00e9roul\u00e9e \u00e0 Mines Saint-Etienne\",\"datePublished\":\"2025-07-16T11:47:04+00:00\",\"dateModified\":\"2026-02-03T14:17:15+00:00\",\"mainEntityOfPage\":{\"@id\":\"https:\\\/\\\/www.mines-stetienne.fr\\\/panoramines\\\/2025\\\/07\\\/16\\\/digitalisation-de-la-filiere-dechets\\\/\"},\"wordCount\":185,\"image\":{\"@id\":\"https:\\\/\\\/www.mines-stetienne.fr\\\/panoramines\\\/2025\\\/07\\\/16\\\/digitalisation-de-la-filiere-dechets\\\/#primaryimage\"},\"thumbnailUrl\":\"https:\\\/\\\/www.mines-stetienne.fr\\\/panoramines\\\/wp-content\\\/uploads\\\/sites\\\/3\\\/2025\\\/07\\\/shutterstock-2495052409.jpg\",\"keywords\":[\"Centre SPIN\",\"Innovation\",\"Mines Saint-Etienne\",\"Saint-Etienne\"],\"articleSection\":[\"Entreprise\"],\"inLanguage\":\"fr-FR\"},{\"@type\":\"WebPage\",\"@id\":\"https:\\\/\\\/www.mines-stetienne.fr\\\/panoramines\\\/2025\\\/07\\\/16\\\/digitalisation-de-la-filiere-dechets\\\/\",\"url\":\"https:\\\/\\\/www.mines-stetienne.fr\\\/panoramines\\\/2025\\\/07\\\/16\\\/digitalisation-de-la-filiere-dechets\\\/\",\"name\":\"La journ\u00e9e technique \u00ab\u00a0Digitalisation de la fili\u00e8re D\u00e9chets\u00a0\u00bb s\u2019est d\u00e9roul\u00e9e \u00e0 Mines Saint-Etienne - Panoramines\",\"isPartOf\":{\"@id\":\"https:\\\/\\\/www.mines-stetienne.fr\\\/panoramines\\\/#website\"},\"primaryImageOfPage\":{\"@id\":\"https:\\\/\\\/www.mines-stetienne.fr\\\/panoramines\\\/2025\\\/07\\\/16\\\/digitalisation-de-la-filiere-dechets\\\/#primaryimage\"},\"image\":{\"@id\":\"https:\\\/\\\/www.mines-stetienne.fr\\\/panoramines\\\/2025\\\/07\\\/16\\\/digitalisation-de-la-filiere-dechets\\\/#primaryimage\"},\"thumbnailUrl\":\"https:\\\/\\\/www.mines-stetienne.fr\\\/panoramines\\\/wp-content\\\/uploads\\\/sites\\\/3\\\/2025\\\/07\\\/shutterstock-2495052409.jpg\",\"datePublished\":\"2025-07-16T11:47:04+00:00\",\"dateModified\":\"2026-02-03T14:17:15+00:00\",\"author\":{\"@id\":\"https:\\\/\\\/www.mines-stetienne.fr\\\/panoramines\\\/#\\\/schema\\\/person\\\/4122d0d44b90eef069d2cca2a9ed05eb\"},\"breadcrumb\":{\"@id\":\"https:\\\/\\\/www.mines-stetienne.fr\\\/panoramines\\\/2025\\\/07\\\/16\\\/digitalisation-de-la-filiere-dechets\\\/#breadcrumb\"},\"inLanguage\":\"fr-FR\",\"potentialAction\":[{\"@type\":\"ReadAction\",\"target\":[\"https:\\\/\\\/www.mines-stetienne.fr\\\/panoramines\\\/2025\\\/07\\\/16\\\/digitalisation-de-la-filiere-dechets\\\/\"]}]},{\"@type\":\"ImageObject\",\"inLanguage\":\"fr-FR\",\"@id\":\"https:\\\/\\\/www.mines-stetienne.fr\\\/panoramines\\\/2025\\\/07\\\/16\\\/digitalisation-de-la-filiere-dechets\\\/#primaryimage\",\"url\":\"https:\\\/\\\/www.mines-stetienne.fr\\\/panoramines\\\/wp-content\\\/uploads\\\/sites\\\/3\\\/2025\\\/07\\\/shutterstock-2495052409.jpg\",\"contentUrl\":\"https:\\\/\\\/www.mines-stetienne.fr\\\/panoramines\\\/wp-content\\\/uploads\\\/sites\\\/3\\\/2025\\\/07\\\/shutterstock-2495052409.jpg\",\"width\":6860,\"height\":3763},{\"@type\":\"BreadcrumbList\",\"@id\":\"https:\\\/\\\/www.mines-stetienne.fr\\\/panoramines\\\/2025\\\/07\\\/16\\\/digitalisation-de-la-filiere-dechets\\\/#breadcrumb\",\"itemListElement\":[{\"@type\":\"ListItem\",\"position\":1,\"name\":\"Accueil\",\"item\":\"https:\\\/\\\/www.mines-stetienne.fr\\\/panoramines\\\/\"},{\"@type\":\"ListItem\",\"position\":2,\"name\":\"La journ\u00e9e technique \u00ab\u00a0Digitalisation de la fili\u00e8re D\u00e9chets\u00a0\u00bb s\u2019est d\u00e9roul\u00e9e \u00e0 Mines Saint-Etienne\"}]},{\"@type\":\"WebSite\",\"@id\":\"https:\\\/\\\/www.mines-stetienne.fr\\\/panoramines\\\/#website\",\"url\":\"https:\\\/\\\/www.mines-stetienne.fr\\\/panoramines\\\/\",\"name\":\"Panoramines\",\"description\":\"Panoramines, l\u2019actualit\u00e9 de MINES Saint-\u00c9tienne\",\"potentialAction\":[{\"@type\":\"SearchAction\",\"target\":{\"@type\":\"EntryPoint\",\"urlTemplate\":\"https:\\\/\\\/www.mines-stetienne.fr\\\/panoramines\\\/?s={search_term_string}\"},\"query-input\":{\"@type\":\"PropertyValueSpecification\",\"valueRequired\":true,\"valueName\":\"search_term_string\"}}],\"inLanguage\":\"fr-FR\"},{\"@type\":\"Person\",\"@id\":\"https:\\\/\\\/www.mines-stetienne.fr\\\/panoramines\\\/#\\\/schema\\\/person\\\/4122d0d44b90eef069d2cca2a9ed05eb\",\"name\":\"Marylou BAUDRAND\",\"image\":{\"@type\":\"ImageObject\",\"inLanguage\":\"fr-FR\",\"@id\":\"https:\\\/\\\/www.mines-stetienne.fr\\\/panoramines\\\/wp-content\\\/uploads\\\/sites\\\/3\\\/2021\\\/07\\\/logo-75x75-1.png\",\"url\":\"https:\\\/\\\/www.mines-stetienne.fr\\\/panoramines\\\/wp-content\\\/uploads\\\/sites\\\/3\\\/2021\\\/07\\\/logo-75x75-1.png\",\"contentUrl\":\"https:\\\/\\\/www.mines-stetienne.fr\\\/panoramines\\\/wp-content\\\/uploads\\\/sites\\\/3\\\/2021\\\/07\\\/logo-75x75-1.png\",\"caption\":\"Marylou BAUDRAND\"},\"url\":\"https:\\\/\\\/www.mines-stetienne.fr\\\/panoramines\\\/author\\\/marylou-baudrand\\\/\"}]}<\/script>\n<!-- \/ Yoast SEO plugin. -->","yoast_head_json":{"title":"La journ\u00e9e technique \u00ab\u00a0Digitalisation de la fili\u00e8re D\u00e9chets\u00a0\u00bb s\u2019est d\u00e9roul\u00e9e \u00e0 Mines Saint-Etienne - Panoramines","robots":{"index":"index","follow":"follow","max-snippet":"max-snippet:-1","max-image-preview":"max-image-preview:large","max-video-preview":"max-video-preview:-1"},"canonical":"https:\/\/www.mines-stetienne.fr\/panoramines\/2025\/07\/16\/digitalisation-de-la-filiere-dechets\/","og_locale":"fr_FR","og_type":"article","og_title":"La journ\u00e9e technique \u00ab\u00a0Digitalisation de la fili\u00e8re D\u00e9chets\u00a0\u00bb s\u2019est d\u00e9roul\u00e9e \u00e0 Mines Saint-Etienne - Panoramines","og_description":"Le 3 juin dernier, Mines Saint-Etienne a re\u00e7u la Journ\u00e9e technique \u00ab&nbsp;Digitalisation de la fili\u00e8re D\u00e9chets&nbsp;\u00bb, un \u00e9v\u00e8nement qui permet de pr\u00e9senter des projets innovants et des solutions op\u00e9rationnelles num\u00e9riques \u00e0 la gestion des d\u00e9chets. Organis\u00e9e par AXELERA, le p\u00f4le &hellip;","og_url":"https:\/\/www.mines-stetienne.fr\/panoramines\/2025\/07\/16\/digitalisation-de-la-filiere-dechets\/","og_site_name":"Panoramines","article_published_time":"2025-07-16T11:47:04+00:00","article_modified_time":"2026-02-03T14:17:15+00:00","og_image":[{"width":1024,"height":562,"url":"https:\/\/www.mines-stetienne.fr\/panoramines\/wp-content\/uploads\/sites\/3\/2025\/07\/shutterstock-2495052409-1024x562.jpg","type":"image\/jpeg"}],"author":"Marylou BAUDRAND","twitter_card":"summary_large_image","twitter_misc":{"\u00c9crit par":"Marylou BAUDRAND","Dur\u00e9e de lecture estim\u00e9e":"1 minute"},"schema":{"@context":"https:\/\/schema.org","@graph":[{"@type":"Article","@id":"https:\/\/www.mines-stetienne.fr\/panoramines\/2025\/07\/16\/digitalisation-de-la-filiere-dechets\/#article","isPartOf":{"@id":"https:\/\/www.mines-stetienne.fr\/panoramines\/2025\/07\/16\/digitalisation-de-la-filiere-dechets\/"},"author":{"name":"Marylou BAUDRAND","@id":"https:\/\/www.mines-stetienne.fr\/panoramines\/#\/schema\/person\/4122d0d44b90eef069d2cca2a9ed05eb"},"headline":"La journ\u00e9e technique \u00ab\u00a0Digitalisation de la fili\u00e8re D\u00e9chets\u00a0\u00bb s\u2019est d\u00e9roul\u00e9e \u00e0 Mines Saint-Etienne","datePublished":"2025-07-16T11:47:04+00:00","dateModified":"2026-02-03T14:17:15+00:00","mainEntityOfPage":{"@id":"https:\/\/www.mines-stetienne.fr\/panoramines\/2025\/07\/16\/digitalisation-de-la-filiere-dechets\/"},"wordCount":185,"image":{"@id":"https:\/\/www.mines-stetienne.fr\/panoramines\/2025\/07\/16\/digitalisation-de-la-filiere-dechets\/#primaryimage"},"thumbnailUrl":"https:\/\/www.mines-stetienne.fr\/panoramines\/wp-content\/uploads\/sites\/3\/2025\/07\/shutterstock-2495052409.jpg","keywords":["Centre SPIN","Innovation","Mines Saint-Etienne","Saint-Etienne"],"articleSection":["Entreprise"],"inLanguage":"fr-FR"},{"@type":"WebPage","@id":"https:\/\/www.mines-stetienne.fr\/panoramines\/2025\/07\/16\/digitalisation-de-la-filiere-dechets\/","url":"https:\/\/www.mines-stetienne.fr\/panoramines\/2025\/07\/16\/digitalisation-de-la-filiere-dechets\/","name":"La journ\u00e9e technique \u00ab\u00a0Digitalisation de la fili\u00e8re D\u00e9chets\u00a0\u00bb s\u2019est d\u00e9roul\u00e9e \u00e0 Mines Saint-Etienne - Panoramines","isPartOf":{"@id":"https:\/\/www.mines-stetienne.fr\/panoramines\/#website"},"primaryImageOfPage":{"@id":"https:\/\/www.mines-stetienne.fr\/panoramines\/2025\/07\/16\/digitalisation-de-la-filiere-dechets\/#primaryimage"},"image":{"@id":"https:\/\/www.mines-stetienne.fr\/panoramines\/2025\/07\/16\/digitalisation-de-la-filiere-dechets\/#primaryimage"},"thumbnailUrl":"https:\/\/www.mines-stetienne.fr\/panoramines\/wp-content\/uploads\/sites\/3\/2025\/07\/shutterstock-2495052409.jpg","datePublished":"2025-07-16T11:47:04+00:00","dateModified":"2026-02-03T14:17:15+00:00","author":{"@id":"https:\/\/www.mines-stetienne.fr\/panoramines\/#\/schema\/person\/4122d0d44b90eef069d2cca2a9ed05eb"},"breadcrumb":{"@id":"https:\/\/www.mines-stetienne.fr\/panoramines\/2025\/07\/16\/digitalisation-de-la-filiere-dechets\/#breadcrumb"},"inLanguage":"fr-FR","potentialAction":[{"@type":"ReadAction","target":["https:\/\/www.mines-stetienne.fr\/panoramines\/2025\/07\/16\/digitalisation-de-la-filiere-dechets\/"]}]},{"@type":"ImageObject","inLanguage":"fr-FR","@id":"https:\/\/www.mines-stetienne.fr\/panoramines\/2025\/07\/16\/digitalisation-de-la-filiere-dechets\/#primaryimage","url":"https:\/\/www.mines-stetienne.fr\/panoramines\/wp-content\/uploads\/sites\/3\/2025\/07\/shutterstock-2495052409.jpg","contentUrl":"https:\/\/www.mines-stetienne.fr\/panoramines\/wp-content\/uploads\/sites\/3\/2025\/07\/shutterstock-2495052409.jpg","width":6860,"height":3763},{"@type":"BreadcrumbList","@id":"https:\/\/www.mines-stetienne.fr\/panoramines\/2025\/07\/16\/digitalisation-de-la-filiere-dechets\/#breadcrumb","itemListElement":[{"@type":"ListItem","position":1,"name":"Accueil","item":"https:\/\/www.mines-stetienne.fr\/panoramines\/"},{"@type":"ListItem","position":2,"name":"La journ\u00e9e technique \u00ab\u00a0Digitalisation de la fili\u00e8re D\u00e9chets\u00a0\u00bb s\u2019est d\u00e9roul\u00e9e \u00e0 Mines Saint-Etienne"}]},{"@type":"WebSite","@id":"https:\/\/www.mines-stetienne.fr\/panoramines\/#website","url":"https:\/\/www.mines-stetienne.fr\/panoramines\/","name":"Panoramines","description":"Panoramines, l\u2019actualit\u00e9 de MINES Saint-\u00c9tienne","potentialAction":[{"@type":"SearchAction","target":{"@type":"EntryPoint","urlTemplate":"https:\/\/www.mines-stetienne.fr\/panoramines\/?s={search_term_string}"},"query-input":{"@type":"PropertyValueSpecification","valueRequired":true,"valueName":"search_term_string"}}],"inLanguage":"fr-FR"},{"@type":"Person","@id":"https:\/\/www.mines-stetienne.fr\/panoramines\/#\/schema\/person\/4122d0d44b90eef069d2cca2a9ed05eb","name":"Marylou BAUDRAND","image":{"@type":"ImageObject","inLanguage":"fr-FR","@id":"https:\/\/www.mines-stetienne.fr\/panoramines\/wp-content\/uploads\/sites\/3\/2021\/07\/logo-75x75-1.png","url":"https:\/\/www.mines-stetienne.fr\/panoramines\/wp-content\/uploads\/sites\/3\/2021\/07\/logo-75x75-1.png","contentUrl":"https:\/\/www.mines-stetienne.fr\/panoramines\/wp-content\/uploads\/sites\/3\/2021\/07\/logo-75x75-1.png","caption":"Marylou BAUDRAND"},"url":"https:\/\/www.mines-stetienne.fr\/panoramines\/author\/marylou-baudrand\/"}]}},"_links":{"self":[{"href":"https:\/\/www.mines-stetienne.fr\/panoramines\/wp-json\/wp\/v2\/posts\/28275","targetHints":{"allow":["GET"]}}],"collection":[{"href":"https:\/\/www.mines-stetienne.fr\/panoramines\/wp-json\/wp\/v2\/posts"}],"about":[{"href":"https:\/\/www.mines-stetienne.fr\/panoramines\/wp-json\/wp\/v2\/types\/post"}],"author":[{"embeddable":true,"href":"https:\/\/www.mines-stetienne.fr\/panoramines\/wp-json\/wp\/v2\/users\/12778"}],"replies":[{"embeddable":true,"href":"https:\/\/www.mines-stetienne.fr\/panoramines\/wp-json\/wp\/v2\/comments?post=28275"}],"version-history":[{"count":1,"href":"https:\/\/www.mines-stetienne.fr\/panoramines\/wp-json\/wp\/v2\/posts\/28275\/revisions"}],"predecessor-version":[{"id":28277,"href":"https:\/\/www.mines-stetienne.fr\/panoramines\/wp-json\/wp\/v2\/posts\/28275\/revisions\/28277"}],"wp:featuredmedia":[{"embeddable":true,"href":"https:\/\/www.mines-stetienne.fr\/panoramines\/wp-json\/wp\/v2\/media\/28276"}],"wp:attachment":[{"href":"https:\/\/www.mines-stetienne.fr\/panoramines\/wp-json\/wp\/v2\/media?parent=28275"}],"wp:term":[{"taxonomy":"category","embeddable":true,"href":"https:\/\/www.mines-stetienne.fr\/panoramines\/wp-json\/wp\/v2\/categories?post=28275"},{"taxonomy":"post_tag","embeddable":true,"href":"https:\/\/www.mines-stetienne.fr\/panoramines\/wp-json\/wp\/v2\/tags?post=28275"}],"curies":[{"name":"wp","href":"https:\/\/api.w.org\/{rel}","templated":true}]}}