{"id":28270,"date":"2025-07-15T16:24:34","date_gmt":"2025-07-15T14:24:34","guid":{"rendered":"https:\/\/www.mines-stetienne.fr\/panoramines\/?p=28270"},"modified":"2025-07-15T16:24:35","modified_gmt":"2025-07-15T14:24:35","slug":"cap-de-fin-pour-le-schoolab","status":"publish","type":"post","link":"https:\/\/www.mines-stetienne.fr\/panoramines\/2025\/07\/15\/cap-de-fin-pour-le-schoolab\/","title":{"rendered":"Clap de fin pour le Schoolab sur le Campus Aix-Marseille-Provence"},"content":{"rendered":"\n<p>Vendredi 16 mai, pr\u00e8s de 400 \u00e9l\u00e8ves sont venus pr\u00e9senter leurs projets Schoolab sur le Campus Aix-Marseille-Provence. Cet \u00e9v\u00e8nement marquait la derni\u00e8re journ\u00e9e du dispositif Schoolab qui a pour objectif de rendre la science accessible, vivante et inspirante aupr\u00e8s des jeunes.&nbsp;<\/p>\n\n\n\n<p>Port\u00e9 par la Rotonde depuis bient\u00f4t 10 ans, le projet engage les coll\u00e9giens et les lyc\u00e9es dans la science et le num\u00e9rique tout au long de l\u2019ann\u00e9e. Rencontres, ateliers, visites de laboratoires et d\u2019entreprises, l\u2019objectif est d\u2019encourager un apprentissage par la recherche et l\u2019investigation, d\u00e9velopper la curiosit\u00e9 et la culture scientifique des \u00e9l\u00e8ves et promouvoir une appropriation citoyenne des sciences autour de th\u00e9matiques \u00e0 fort impact soci\u00e9tal.<\/p>\n\n\n\n<p>Schoolab, c\u2019est \u00e9galement un levier d\u2019\u00e9galit\u00e9 des chances gratuit et ouvert \u00e0 tous les \u00e9tablissements sous contrat de l&rsquo;\u00c9ducation nationale. Les jeunes s\u2019ouvrent aux m\u00e9tiers d\u2019avenir (robotique, cybers\u00e9curit\u00e9, sant\u00e9 connect\u00e9e, logistique, d\u00e9veloppement durable) gr\u00e2ce \u00e0 la p\u00e9dagogie active et inclusive des \u00e9tudiants, doctorants, chercheurs de Mines Saint-Etienne et professionnels qui les accompagnent.<\/p>\n\n\n\n<p>Cette ann\u00e9e, la journ\u00e9e de restitution a \u00e9t\u00e9 l\u2019occasion pour les \u00e9l\u00e8ves de r\u00e9aliser un \u00ab&nbsp;JT du futur&nbsp;\u00bb, d\u00e9couvrir le parcours de femmes scientifiques m\u00e9connues, r\u00e9fl\u00e9chir autour des \u00e9nergies renouvelables, de l\u2019eau, des technologies. Quizz, concours, rires, les id\u00e9es ont fus\u00e9 et la journ\u00e9e s\u2019est termin\u00e9e par une repr\u00e9sentation de Novabot&nbsp;d\u2019Youssra Mansar. Une performance sc\u00e9nique qui fait dialoguer th\u00e9\u00e2tre et innovation et qui a su captiver l\u2019ensemble de son public. Cette conclusion n\u2019aurait pas \u00e9t\u00e9 possible sans l\u2019aide de Fran\u00e7ois Bernier (IDFAB) et Julien Serres (AMU) qui se sont investis dans ce projet toute l\u2019ann\u00e9e.<\/p>\n","protected":false},"excerpt":{"rendered":"<p>Vendredi 16 mai, pr\u00e8s de 400 \u00e9l\u00e8ves sont venus pr\u00e9senter leurs projets Schoolab sur le Campus Aix-Marseille-Provence. Cet \u00e9v\u00e8nement marquait la derni\u00e8re journ\u00e9e du dispositif Schoolab qui a pour objectif de rendre la science accessible, vivante et inspirante aupr\u00e8s des &hellip;<\/p>\n","protected":false},"author":12778,"featured_media":28272,"comment_status":"closed","ping_status":"open","sticky":false,"template":"","format":"standard","meta":{"_relevanssi_hide_post":"","_relevanssi_hide_content":"","_relevanssi_pin_for_all":"","_relevanssi_pin_keywords":"","_relevanssi_unpin_keywords":"","_relevanssi_related_keywords":"","_relevanssi_related_include_ids":"","_relevanssi_related_exclude_ids":"","_relevanssi_related_no_append":"","_relevanssi_related_not_related":"","_relevanssi_related_posts":"19769,13626,18679,22995,19702,27377","_relevanssi_noindex_reason":"","footnotes":""},"categories":[10],"tags":[370,309,873,432],"class_list":["post-28270","post","type-post","status-publish","format-standard","has-post-thumbnail","hentry","category-culture-scientifique","tag-campus-gc-provence","tag-la-rotonde","tag-mines-saint-etienne","tag-schoolab"],"pp_statuses_selecting_workflow":false,"pp_workflow_action":"current","pp_status_selection":"publish","pp_force_visibility":null,"pp_subpost_visibility":null,"pp_inherited_force_visibility":null,"pp_inherited_subpost_visibility":null,"yoast_head":"<!-- This site is optimized with the Yoast SEO plugin v27.5 - https:\/\/yoast.com\/product\/yoast-seo-wordpress\/ -->\n<title>Clap de fin pour le Schoolab sur le Campus Aix-Marseille-Provence - Panoramines<\/title>\n<meta name=\"robots\" content=\"index, follow, max-snippet:-1, max-image-preview:large, max-video-preview:-1\" \/>\n<link rel=\"canonical\" href=\"https:\/\/www.mines-stetienne.fr\/panoramines\/2025\/07\/15\/cap-de-fin-pour-le-schoolab\/\" \/>\n<meta property=\"og:locale\" content=\"fr_FR\" \/>\n<meta property=\"og:type\" content=\"article\" \/>\n<meta property=\"og:title\" content=\"Clap de fin pour le Schoolab sur le Campus Aix-Marseille-Provence - Panoramines\" \/>\n<meta property=\"og:description\" content=\"Vendredi 16 mai, pr\u00e8s de 400 \u00e9l\u00e8ves sont venus pr\u00e9senter leurs projets Schoolab sur le Campus Aix-Marseille-Provence. Cet \u00e9v\u00e8nement marquait la derni\u00e8re journ\u00e9e du dispositif Schoolab qui a pour objectif de rendre la science accessible, vivante et inspirante aupr\u00e8s des &hellip;\" \/>\n<meta property=\"og:url\" content=\"https:\/\/www.mines-stetienne.fr\/panoramines\/2025\/07\/15\/cap-de-fin-pour-le-schoolab\/\" \/>\n<meta property=\"og:site_name\" content=\"Panoramines\" \/>\n<meta property=\"article:published_time\" content=\"2025-07-15T14:24:34+00:00\" \/>\n<meta property=\"article:modified_time\" content=\"2025-07-15T14:24:35+00:00\" \/>\n<meta property=\"og:image\" content=\"https:\/\/www.mines-stetienne.fr\/panoramines\/wp-content\/uploads\/sites\/3\/2025\/07\/1749800247700.jpg\" \/>\n\t<meta property=\"og:image:width\" content=\"1536\" \/>\n\t<meta property=\"og:image:height\" content=\"1536\" \/>\n\t<meta property=\"og:image:type\" content=\"image\/jpeg\" \/>\n<meta name=\"author\" content=\"Marylou BAUDRAND\" \/>\n<meta name=\"twitter:card\" content=\"summary_large_image\" \/>\n<meta name=\"twitter:label1\" content=\"\u00c9crit par\" \/>\n\t<meta name=\"twitter:data1\" content=\"Marylou BAUDRAND\" \/>\n\t<meta name=\"twitter:label2\" content=\"Dur\u00e9e de lecture estim\u00e9e\" \/>\n\t<meta name=\"twitter:data2\" content=\"2 minutes\" \/>\n<script type=\"application\/ld+json\" class=\"yoast-schema-graph\">{\"@context\":\"https:\\\/\\\/schema.org\",\"@graph\":[{\"@type\":\"Article\",\"@id\":\"https:\\\/\\\/www.mines-stetienne.fr\\\/panoramines\\\/2025\\\/07\\\/15\\\/cap-de-fin-pour-le-schoolab\\\/#article\",\"isPartOf\":{\"@id\":\"https:\\\/\\\/www.mines-stetienne.fr\\\/panoramines\\\/2025\\\/07\\\/15\\\/cap-de-fin-pour-le-schoolab\\\/\"},\"author\":{\"name\":\"Marylou BAUDRAND\",\"@id\":\"https:\\\/\\\/www.mines-stetienne.fr\\\/panoramines\\\/#\\\/schema\\\/person\\\/4122d0d44b90eef069d2cca2a9ed05eb\"},\"headline\":\"Clap de fin pour le Schoolab sur le Campus Aix-Marseille-Provence\",\"datePublished\":\"2025-07-15T14:24:34+00:00\",\"dateModified\":\"2025-07-15T14:24:35+00:00\",\"mainEntityOfPage\":{\"@id\":\"https:\\\/\\\/www.mines-stetienne.fr\\\/panoramines\\\/2025\\\/07\\\/15\\\/cap-de-fin-pour-le-schoolab\\\/\"},\"wordCount\":320,\"image\":{\"@id\":\"https:\\\/\\\/www.mines-stetienne.fr\\\/panoramines\\\/2025\\\/07\\\/15\\\/cap-de-fin-pour-le-schoolab\\\/#primaryimage\"},\"thumbnailUrl\":\"https:\\\/\\\/www.mines-stetienne.fr\\\/panoramines\\\/wp-content\\\/uploads\\\/sites\\\/3\\\/2025\\\/07\\\/1749800247700.jpg\",\"keywords\":[\"Campus GC Provence\",\"La Rotonde\",\"Mines Saint-Etienne\",\"SchooLab\"],\"articleSection\":[\"Culture scientifique\"],\"inLanguage\":\"fr-FR\"},{\"@type\":\"WebPage\",\"@id\":\"https:\\\/\\\/www.mines-stetienne.fr\\\/panoramines\\\/2025\\\/07\\\/15\\\/cap-de-fin-pour-le-schoolab\\\/\",\"url\":\"https:\\\/\\\/www.mines-stetienne.fr\\\/panoramines\\\/2025\\\/07\\\/15\\\/cap-de-fin-pour-le-schoolab\\\/\",\"name\":\"Clap de fin pour le Schoolab sur le Campus Aix-Marseille-Provence - Panoramines\",\"isPartOf\":{\"@id\":\"https:\\\/\\\/www.mines-stetienne.fr\\\/panoramines\\\/#website\"},\"primaryImageOfPage\":{\"@id\":\"https:\\\/\\\/www.mines-stetienne.fr\\\/panoramines\\\/2025\\\/07\\\/15\\\/cap-de-fin-pour-le-schoolab\\\/#primaryimage\"},\"image\":{\"@id\":\"https:\\\/\\\/www.mines-stetienne.fr\\\/panoramines\\\/2025\\\/07\\\/15\\\/cap-de-fin-pour-le-schoolab\\\/#primaryimage\"},\"thumbnailUrl\":\"https:\\\/\\\/www.mines-stetienne.fr\\\/panoramines\\\/wp-content\\\/uploads\\\/sites\\\/3\\\/2025\\\/07\\\/1749800247700.jpg\",\"datePublished\":\"2025-07-15T14:24:34+00:00\",\"dateModified\":\"2025-07-15T14:24:35+00:00\",\"author\":{\"@id\":\"https:\\\/\\\/www.mines-stetienne.fr\\\/panoramines\\\/#\\\/schema\\\/person\\\/4122d0d44b90eef069d2cca2a9ed05eb\"},\"breadcrumb\":{\"@id\":\"https:\\\/\\\/www.mines-stetienne.fr\\\/panoramines\\\/2025\\\/07\\\/15\\\/cap-de-fin-pour-le-schoolab\\\/#breadcrumb\"},\"inLanguage\":\"fr-FR\",\"potentialAction\":[{\"@type\":\"ReadAction\",\"target\":[\"https:\\\/\\\/www.mines-stetienne.fr\\\/panoramines\\\/2025\\\/07\\\/15\\\/cap-de-fin-pour-le-schoolab\\\/\"]}]},{\"@type\":\"ImageObject\",\"inLanguage\":\"fr-FR\",\"@id\":\"https:\\\/\\\/www.mines-stetienne.fr\\\/panoramines\\\/2025\\\/07\\\/15\\\/cap-de-fin-pour-le-schoolab\\\/#primaryimage\",\"url\":\"https:\\\/\\\/www.mines-stetienne.fr\\\/panoramines\\\/wp-content\\\/uploads\\\/sites\\\/3\\\/2025\\\/07\\\/1749800247700.jpg\",\"contentUrl\":\"https:\\\/\\\/www.mines-stetienne.fr\\\/panoramines\\\/wp-content\\\/uploads\\\/sites\\\/3\\\/2025\\\/07\\\/1749800247700.jpg\",\"width\":1536,\"height\":1536},{\"@type\":\"BreadcrumbList\",\"@id\":\"https:\\\/\\\/www.mines-stetienne.fr\\\/panoramines\\\/2025\\\/07\\\/15\\\/cap-de-fin-pour-le-schoolab\\\/#breadcrumb\",\"itemListElement\":[{\"@type\":\"ListItem\",\"position\":1,\"name\":\"Accueil\",\"item\":\"https:\\\/\\\/www.mines-stetienne.fr\\\/panoramines\\\/\"},{\"@type\":\"ListItem\",\"position\":2,\"name\":\"Clap de fin pour le Schoolab sur le Campus Aix-Marseille-Provence\"}]},{\"@type\":\"WebSite\",\"@id\":\"https:\\\/\\\/www.mines-stetienne.fr\\\/panoramines\\\/#website\",\"url\":\"https:\\\/\\\/www.mines-stetienne.fr\\\/panoramines\\\/\",\"name\":\"Panoramines\",\"description\":\"Panoramines, l\u2019actualit\u00e9 de MINES Saint-\u00c9tienne\",\"potentialAction\":[{\"@type\":\"SearchAction\",\"target\":{\"@type\":\"EntryPoint\",\"urlTemplate\":\"https:\\\/\\\/www.mines-stetienne.fr\\\/panoramines\\\/?s={search_term_string}\"},\"query-input\":{\"@type\":\"PropertyValueSpecification\",\"valueRequired\":true,\"valueName\":\"search_term_string\"}}],\"inLanguage\":\"fr-FR\"},{\"@type\":\"Person\",\"@id\":\"https:\\\/\\\/www.mines-stetienne.fr\\\/panoramines\\\/#\\\/schema\\\/person\\\/4122d0d44b90eef069d2cca2a9ed05eb\",\"name\":\"Marylou BAUDRAND\",\"image\":{\"@type\":\"ImageObject\",\"inLanguage\":\"fr-FR\",\"@id\":\"https:\\\/\\\/www.mines-stetienne.fr\\\/panoramines\\\/wp-content\\\/uploads\\\/sites\\\/3\\\/2021\\\/07\\\/logo-75x75-1.png\",\"url\":\"https:\\\/\\\/www.mines-stetienne.fr\\\/panoramines\\\/wp-content\\\/uploads\\\/sites\\\/3\\\/2021\\\/07\\\/logo-75x75-1.png\",\"contentUrl\":\"https:\\\/\\\/www.mines-stetienne.fr\\\/panoramines\\\/wp-content\\\/uploads\\\/sites\\\/3\\\/2021\\\/07\\\/logo-75x75-1.png\",\"caption\":\"Marylou BAUDRAND\"},\"url\":\"https:\\\/\\\/www.mines-stetienne.fr\\\/panoramines\\\/author\\\/marylou-baudrand\\\/\"}]}<\/script>\n<!-- \/ Yoast SEO plugin. -->","yoast_head_json":{"title":"Clap de fin pour le Schoolab sur le Campus Aix-Marseille-Provence - Panoramines","robots":{"index":"index","follow":"follow","max-snippet":"max-snippet:-1","max-image-preview":"max-image-preview:large","max-video-preview":"max-video-preview:-1"},"canonical":"https:\/\/www.mines-stetienne.fr\/panoramines\/2025\/07\/15\/cap-de-fin-pour-le-schoolab\/","og_locale":"fr_FR","og_type":"article","og_title":"Clap de fin pour le Schoolab sur le Campus Aix-Marseille-Provence - Panoramines","og_description":"Vendredi 16 mai, pr\u00e8s de 400 \u00e9l\u00e8ves sont venus pr\u00e9senter leurs projets Schoolab sur le Campus Aix-Marseille-Provence. Cet \u00e9v\u00e8nement marquait la derni\u00e8re journ\u00e9e du dispositif Schoolab qui a pour objectif de rendre la science accessible, vivante et inspirante aupr\u00e8s des &hellip;","og_url":"https:\/\/www.mines-stetienne.fr\/panoramines\/2025\/07\/15\/cap-de-fin-pour-le-schoolab\/","og_site_name":"Panoramines","article_published_time":"2025-07-15T14:24:34+00:00","article_modified_time":"2025-07-15T14:24:35+00:00","og_image":[{"width":1536,"height":1536,"url":"https:\/\/www.mines-stetienne.fr\/panoramines\/wp-content\/uploads\/sites\/3\/2025\/07\/1749800247700.jpg","type":"image\/jpeg"}],"author":"Marylou BAUDRAND","twitter_card":"summary_large_image","twitter_misc":{"\u00c9crit par":"Marylou BAUDRAND","Dur\u00e9e de lecture estim\u00e9e":"2 minutes"},"schema":{"@context":"https:\/\/schema.org","@graph":[{"@type":"Article","@id":"https:\/\/www.mines-stetienne.fr\/panoramines\/2025\/07\/15\/cap-de-fin-pour-le-schoolab\/#article","isPartOf":{"@id":"https:\/\/www.mines-stetienne.fr\/panoramines\/2025\/07\/15\/cap-de-fin-pour-le-schoolab\/"},"author":{"name":"Marylou BAUDRAND","@id":"https:\/\/www.mines-stetienne.fr\/panoramines\/#\/schema\/person\/4122d0d44b90eef069d2cca2a9ed05eb"},"headline":"Clap de fin pour le Schoolab sur le Campus Aix-Marseille-Provence","datePublished":"2025-07-15T14:24:34+00:00","dateModified":"2025-07-15T14:24:35+00:00","mainEntityOfPage":{"@id":"https:\/\/www.mines-stetienne.fr\/panoramines\/2025\/07\/15\/cap-de-fin-pour-le-schoolab\/"},"wordCount":320,"image":{"@id":"https:\/\/www.mines-stetienne.fr\/panoramines\/2025\/07\/15\/cap-de-fin-pour-le-schoolab\/#primaryimage"},"thumbnailUrl":"https:\/\/www.mines-stetienne.fr\/panoramines\/wp-content\/uploads\/sites\/3\/2025\/07\/1749800247700.jpg","keywords":["Campus GC Provence","La Rotonde","Mines Saint-Etienne","SchooLab"],"articleSection":["Culture scientifique"],"inLanguage":"fr-FR"},{"@type":"WebPage","@id":"https:\/\/www.mines-stetienne.fr\/panoramines\/2025\/07\/15\/cap-de-fin-pour-le-schoolab\/","url":"https:\/\/www.mines-stetienne.fr\/panoramines\/2025\/07\/15\/cap-de-fin-pour-le-schoolab\/","name":"Clap de fin pour le Schoolab sur le Campus Aix-Marseille-Provence - Panoramines","isPartOf":{"@id":"https:\/\/www.mines-stetienne.fr\/panoramines\/#website"},"primaryImageOfPage":{"@id":"https:\/\/www.mines-stetienne.fr\/panoramines\/2025\/07\/15\/cap-de-fin-pour-le-schoolab\/#primaryimage"},"image":{"@id":"https:\/\/www.mines-stetienne.fr\/panoramines\/2025\/07\/15\/cap-de-fin-pour-le-schoolab\/#primaryimage"},"thumbnailUrl":"https:\/\/www.mines-stetienne.fr\/panoramines\/wp-content\/uploads\/sites\/3\/2025\/07\/1749800247700.jpg","datePublished":"2025-07-15T14:24:34+00:00","dateModified":"2025-07-15T14:24:35+00:00","author":{"@id":"https:\/\/www.mines-stetienne.fr\/panoramines\/#\/schema\/person\/4122d0d44b90eef069d2cca2a9ed05eb"},"breadcrumb":{"@id":"https:\/\/www.mines-stetienne.fr\/panoramines\/2025\/07\/15\/cap-de-fin-pour-le-schoolab\/#breadcrumb"},"inLanguage":"fr-FR","potentialAction":[{"@type":"ReadAction","target":["https:\/\/www.mines-stetienne.fr\/panoramines\/2025\/07\/15\/cap-de-fin-pour-le-schoolab\/"]}]},{"@type":"ImageObject","inLanguage":"fr-FR","@id":"https:\/\/www.mines-stetienne.fr\/panoramines\/2025\/07\/15\/cap-de-fin-pour-le-schoolab\/#primaryimage","url":"https:\/\/www.mines-stetienne.fr\/panoramines\/wp-content\/uploads\/sites\/3\/2025\/07\/1749800247700.jpg","contentUrl":"https:\/\/www.mines-stetienne.fr\/panoramines\/wp-content\/uploads\/sites\/3\/2025\/07\/1749800247700.jpg","width":1536,"height":1536},{"@type":"BreadcrumbList","@id":"https:\/\/www.mines-stetienne.fr\/panoramines\/2025\/07\/15\/cap-de-fin-pour-le-schoolab\/#breadcrumb","itemListElement":[{"@type":"ListItem","position":1,"name":"Accueil","item":"https:\/\/www.mines-stetienne.fr\/panoramines\/"},{"@type":"ListItem","position":2,"name":"Clap de fin pour le Schoolab sur le Campus Aix-Marseille-Provence"}]},{"@type":"WebSite","@id":"https:\/\/www.mines-stetienne.fr\/panoramines\/#website","url":"https:\/\/www.mines-stetienne.fr\/panoramines\/","name":"Panoramines","description":"Panoramines, l\u2019actualit\u00e9 de MINES Saint-\u00c9tienne","potentialAction":[{"@type":"SearchAction","target":{"@type":"EntryPoint","urlTemplate":"https:\/\/www.mines-stetienne.fr\/panoramines\/?s={search_term_string}"},"query-input":{"@type":"PropertyValueSpecification","valueRequired":true,"valueName":"search_term_string"}}],"inLanguage":"fr-FR"},{"@type":"Person","@id":"https:\/\/www.mines-stetienne.fr\/panoramines\/#\/schema\/person\/4122d0d44b90eef069d2cca2a9ed05eb","name":"Marylou BAUDRAND","image":{"@type":"ImageObject","inLanguage":"fr-FR","@id":"https:\/\/www.mines-stetienne.fr\/panoramines\/wp-content\/uploads\/sites\/3\/2021\/07\/logo-75x75-1.png","url":"https:\/\/www.mines-stetienne.fr\/panoramines\/wp-content\/uploads\/sites\/3\/2021\/07\/logo-75x75-1.png","contentUrl":"https:\/\/www.mines-stetienne.fr\/panoramines\/wp-content\/uploads\/sites\/3\/2021\/07\/logo-75x75-1.png","caption":"Marylou BAUDRAND"},"url":"https:\/\/www.mines-stetienne.fr\/panoramines\/author\/marylou-baudrand\/"}]}},"_links":{"self":[{"href":"https:\/\/www.mines-stetienne.fr\/panoramines\/wp-json\/wp\/v2\/posts\/28270","targetHints":{"allow":["GET"]}}],"collection":[{"href":"https:\/\/www.mines-stetienne.fr\/panoramines\/wp-json\/wp\/v2\/posts"}],"about":[{"href":"https:\/\/www.mines-stetienne.fr\/panoramines\/wp-json\/wp\/v2\/types\/post"}],"author":[{"embeddable":true,"href":"https:\/\/www.mines-stetienne.fr\/panoramines\/wp-json\/wp\/v2\/users\/12778"}],"replies":[{"embeddable":true,"href":"https:\/\/www.mines-stetienne.fr\/panoramines\/wp-json\/wp\/v2\/comments?post=28270"}],"version-history":[{"count":2,"href":"https:\/\/www.mines-stetienne.fr\/panoramines\/wp-json\/wp\/v2\/posts\/28270\/revisions"}],"predecessor-version":[{"id":28273,"href":"https:\/\/www.mines-stetienne.fr\/panoramines\/wp-json\/wp\/v2\/posts\/28270\/revisions\/28273"}],"wp:featuredmedia":[{"embeddable":true,"href":"https:\/\/www.mines-stetienne.fr\/panoramines\/wp-json\/wp\/v2\/media\/28272"}],"wp:attachment":[{"href":"https:\/\/www.mines-stetienne.fr\/panoramines\/wp-json\/wp\/v2\/media?parent=28270"}],"wp:term":[{"taxonomy":"category","embeddable":true,"href":"https:\/\/www.mines-stetienne.fr\/panoramines\/wp-json\/wp\/v2\/categories?post=28270"},{"taxonomy":"post_tag","embeddable":true,"href":"https:\/\/www.mines-stetienne.fr\/panoramines\/wp-json\/wp\/v2\/tags?post=28270"}],"curies":[{"name":"wp","href":"https:\/\/api.w.org\/{rel}","templated":true}]}}