{"id":28266,"date":"2025-07-15T16:27:38","date_gmt":"2025-07-15T14:27:38","guid":{"rendered":"https:\/\/www.mines-stetienne.fr\/panoramines\/?p=28266"},"modified":"2025-07-15T16:28:44","modified_gmt":"2025-07-15T14:28:44","slug":"le-cis-a-la-une","status":"publish","type":"post","link":"https:\/\/www.mines-stetienne.fr\/panoramines\/2025\/07\/15\/le-cis-a-la-une\/","title":{"rendered":"Le CIS \u00e0 la une"},"content":{"rendered":"\n<p>Au CIS, l\u2019\u00e9quipe BioPi (J\u00e9r\u00e9mie Pourchez, Cl\u00e9ment Mercier, Lara Leclerc) dirige les recherches sur la toxicit\u00e9 des cigarettes \u00e9lectroniques. Un sujet d\u2019actualit\u00e9 passionnant pour les m\u00e9dias qui ont mis en avant le travail du Centre Ing\u00e9nierie et Sant\u00e9 de Mines Saint-Etienne.<\/p>\n\n\n\n<p>Trois sujets ont \u00e9t\u00e9 r\u00e9alis\u00e9s dans des m\u00e9dias de grande audience&nbsp;:<\/p>\n\n\n\n<ul class=\"wp-block-list\">\n<li>France info a titr\u00e9\u00a0\u00ab\u00a0Comment le laboratoire du Centre ing\u00e9nierie et sant\u00e9 teste la toxicit\u00e9 des cigarettes \u00e9lectroniques\u00a0\u00bb<\/li>\n<\/ul>\n\n\n\n<p><a href=\"https:\/\/www.franceinfo.fr\/sante\/drogue-addictions\/cigarette-electronique\/reportage-certains-aromes-peuvent-etre-problematiques-comment-le-laboratoire-du-centre-ingenierie-et-sante-teste-la-toxicite-des-cigarettes-electroniques_7122153.html\">https:\/\/www.franceinfo.fr\/sante\/drogue-addictions\/cigarette-electronique\/reportage-certains-aromes-peuvent-etre-problematiques-comment-le-laboratoire-du-centre-ingenierie-et-sante-teste-la-toxicite-des-cigarettes-electroniques_7122153.html<\/a><\/p>\n\n\n\n<ul class=\"wp-block-list\">\n<li>M6 a rappel\u00e9 que le tabac est la premi\u00e8re cause de mortalit\u00e9 \u00e9vitable en France, avec plus de 75 000 d\u00e9c\u00e8s par an.<\/li>\n<\/ul>\n\n\n\n<p><a href=\"https:\/\/www.instagram.com\/reel\/DKSXnFYNi8M\">https:\/\/www.instagram.com\/reel\/DKSXnFYNi8M<\/a><\/p>\n\n\n\n<ul class=\"wp-block-list\">\n<li>RTL s\u2019est demand\u00e9 si les produits de vapotage sont toxiques pour les poumons.<\/li>\n<\/ul>\n\n\n\n<p><a href=\"https:\/\/www.rtl.fr\/actu\/sante\/tabac-les-produits-de-vapotage-sont-ils-toxiques-pour-les-poumons-7900492536\">https:\/\/www.rtl.fr\/actu\/sante\/tabac-les-produits-de-vapotage-sont-ils-toxiques-pour-les-poumons-7900492536<\/a><\/p>\n\n\n\n<p>Le traitement m\u00e9diatique du travail du CIS met en lumi\u00e8re l\u2019expertise et l\u2019impact soci\u00e9tal positif des recherches de Mines Saint-Etienne.<\/p>\n","protected":false},"excerpt":{"rendered":"<p>Au CIS, l\u2019\u00e9quipe BioPi (J\u00e9r\u00e9mie Pourchez, Cl\u00e9ment Mercier, Lara Leclerc) dirige les recherches sur la toxicit\u00e9 des cigarettes \u00e9lectroniques. Un sujet d\u2019actualit\u00e9 passionnant pour les m\u00e9dias qui ont mis en avant le travail du Centre Ing\u00e9nierie et Sant\u00e9 de Mines &hellip;<\/p>\n","protected":false},"author":12778,"featured_media":28274,"comment_status":"closed","ping_status":"open","sticky":false,"template":"","format":"standard","meta":{"_relevanssi_hide_post":"","_relevanssi_hide_content":"","_relevanssi_pin_for_all":"","_relevanssi_pin_keywords":"","_relevanssi_unpin_keywords":"","_relevanssi_related_keywords":"","_relevanssi_related_include_ids":"","_relevanssi_related_exclude_ids":"","_relevanssi_related_no_append":"","_relevanssi_related_not_related":"","_relevanssi_related_posts":"23653,13728,24821,24352,17214,27907","_relevanssi_noindex_reason":"","footnotes":""},"categories":[10],"tags":[1178,272,40,873,132],"class_list":["post-28266","post","type-post","status-publish","format-standard","has-post-thumbnail","hentry","category-culture-scientifique","tag-biopi","tag-cis","tag-innovation","tag-mines-saint-etienne","tag-saint-etienne"],"pp_statuses_selecting_workflow":false,"pp_workflow_action":"current","pp_status_selection":"publish","pp_force_visibility":null,"pp_subpost_visibility":null,"pp_inherited_force_visibility":null,"pp_inherited_subpost_visibility":null,"yoast_head":"<!-- This site is optimized with the Yoast SEO plugin v27.5 - https:\/\/yoast.com\/product\/yoast-seo-wordpress\/ -->\n<title>Le CIS \u00e0 la une - Panoramines<\/title>\n<meta name=\"robots\" content=\"index, follow, max-snippet:-1, max-image-preview:large, max-video-preview:-1\" \/>\n<link rel=\"canonical\" href=\"https:\/\/www.mines-stetienne.fr\/panoramines\/2025\/07\/15\/le-cis-a-la-une\/\" \/>\n<meta property=\"og:locale\" content=\"fr_FR\" \/>\n<meta property=\"og:type\" content=\"article\" \/>\n<meta property=\"og:title\" content=\"Le CIS \u00e0 la une - Panoramines\" \/>\n<meta property=\"og:description\" content=\"Au CIS, l\u2019\u00e9quipe BioPi (J\u00e9r\u00e9mie Pourchez, Cl\u00e9ment Mercier, Lara Leclerc) dirige les recherches sur la toxicit\u00e9 des cigarettes \u00e9lectroniques. Un sujet d\u2019actualit\u00e9 passionnant pour les m\u00e9dias qui ont mis en avant le travail du Centre Ing\u00e9nierie et Sant\u00e9 de Mines &hellip;\" \/>\n<meta property=\"og:url\" content=\"https:\/\/www.mines-stetienne.fr\/panoramines\/2025\/07\/15\/le-cis-a-la-une\/\" \/>\n<meta property=\"og:site_name\" content=\"Panoramines\" \/>\n<meta property=\"article:published_time\" content=\"2025-07-15T14:27:38+00:00\" \/>\n<meta property=\"article:modified_time\" content=\"2025-07-15T14:28:44+00:00\" \/>\n<meta property=\"og:image\" content=\"https:\/\/www.mines-stetienne.fr\/panoramines\/wp-content\/uploads\/sites\/3\/2025\/07\/jeremie.jpg\" \/>\n\t<meta property=\"og:image:width\" content=\"720\" \/>\n\t<meta property=\"og:image:height\" content=\"405\" \/>\n\t<meta property=\"og:image:type\" content=\"image\/jpeg\" \/>\n<meta name=\"author\" content=\"Marylou BAUDRAND\" \/>\n<meta name=\"twitter:card\" content=\"summary_large_image\" \/>\n<meta name=\"twitter:label1\" content=\"\u00c9crit par\" \/>\n\t<meta name=\"twitter:data1\" content=\"Marylou BAUDRAND\" \/>\n\t<meta name=\"twitter:label2\" content=\"Dur\u00e9e de lecture estim\u00e9e\" \/>\n\t<meta name=\"twitter:data2\" content=\"1 minute\" \/>\n<script type=\"application\/ld+json\" class=\"yoast-schema-graph\">{\"@context\":\"https:\\\/\\\/schema.org\",\"@graph\":[{\"@type\":\"Article\",\"@id\":\"https:\\\/\\\/www.mines-stetienne.fr\\\/panoramines\\\/2025\\\/07\\\/15\\\/le-cis-a-la-une\\\/#article\",\"isPartOf\":{\"@id\":\"https:\\\/\\\/www.mines-stetienne.fr\\\/panoramines\\\/2025\\\/07\\\/15\\\/le-cis-a-la-une\\\/\"},\"author\":{\"name\":\"Marylou BAUDRAND\",\"@id\":\"https:\\\/\\\/www.mines-stetienne.fr\\\/panoramines\\\/#\\\/schema\\\/person\\\/4122d0d44b90eef069d2cca2a9ed05eb\"},\"headline\":\"Le CIS \u00e0 la une\",\"datePublished\":\"2025-07-15T14:27:38+00:00\",\"dateModified\":\"2025-07-15T14:28:44+00:00\",\"mainEntityOfPage\":{\"@id\":\"https:\\\/\\\/www.mines-stetienne.fr\\\/panoramines\\\/2025\\\/07\\\/15\\\/le-cis-a-la-une\\\/\"},\"wordCount\":172,\"image\":{\"@id\":\"https:\\\/\\\/www.mines-stetienne.fr\\\/panoramines\\\/2025\\\/07\\\/15\\\/le-cis-a-la-une\\\/#primaryimage\"},\"thumbnailUrl\":\"https:\\\/\\\/www.mines-stetienne.fr\\\/panoramines\\\/wp-content\\\/uploads\\\/sites\\\/3\\\/2025\\\/07\\\/jeremie.jpg\",\"keywords\":[\"BioPi\",\"CIS\",\"Innovation\",\"Mines Saint-Etienne\",\"Saint-\u00c9tienne\"],\"articleSection\":[\"Culture scientifique\"],\"inLanguage\":\"fr-FR\"},{\"@type\":\"WebPage\",\"@id\":\"https:\\\/\\\/www.mines-stetienne.fr\\\/panoramines\\\/2025\\\/07\\\/15\\\/le-cis-a-la-une\\\/\",\"url\":\"https:\\\/\\\/www.mines-stetienne.fr\\\/panoramines\\\/2025\\\/07\\\/15\\\/le-cis-a-la-une\\\/\",\"name\":\"Le CIS \u00e0 la une - Panoramines\",\"isPartOf\":{\"@id\":\"https:\\\/\\\/www.mines-stetienne.fr\\\/panoramines\\\/#website\"},\"primaryImageOfPage\":{\"@id\":\"https:\\\/\\\/www.mines-stetienne.fr\\\/panoramines\\\/2025\\\/07\\\/15\\\/le-cis-a-la-une\\\/#primaryimage\"},\"image\":{\"@id\":\"https:\\\/\\\/www.mines-stetienne.fr\\\/panoramines\\\/2025\\\/07\\\/15\\\/le-cis-a-la-une\\\/#primaryimage\"},\"thumbnailUrl\":\"https:\\\/\\\/www.mines-stetienne.fr\\\/panoramines\\\/wp-content\\\/uploads\\\/sites\\\/3\\\/2025\\\/07\\\/jeremie.jpg\",\"datePublished\":\"2025-07-15T14:27:38+00:00\",\"dateModified\":\"2025-07-15T14:28:44+00:00\",\"author\":{\"@id\":\"https:\\\/\\\/www.mines-stetienne.fr\\\/panoramines\\\/#\\\/schema\\\/person\\\/4122d0d44b90eef069d2cca2a9ed05eb\"},\"breadcrumb\":{\"@id\":\"https:\\\/\\\/www.mines-stetienne.fr\\\/panoramines\\\/2025\\\/07\\\/15\\\/le-cis-a-la-une\\\/#breadcrumb\"},\"inLanguage\":\"fr-FR\",\"potentialAction\":[{\"@type\":\"ReadAction\",\"target\":[\"https:\\\/\\\/www.mines-stetienne.fr\\\/panoramines\\\/2025\\\/07\\\/15\\\/le-cis-a-la-une\\\/\"]}]},{\"@type\":\"ImageObject\",\"inLanguage\":\"fr-FR\",\"@id\":\"https:\\\/\\\/www.mines-stetienne.fr\\\/panoramines\\\/2025\\\/07\\\/15\\\/le-cis-a-la-une\\\/#primaryimage\",\"url\":\"https:\\\/\\\/www.mines-stetienne.fr\\\/panoramines\\\/wp-content\\\/uploads\\\/sites\\\/3\\\/2025\\\/07\\\/jeremie.jpg\",\"contentUrl\":\"https:\\\/\\\/www.mines-stetienne.fr\\\/panoramines\\\/wp-content\\\/uploads\\\/sites\\\/3\\\/2025\\\/07\\\/jeremie.jpg\",\"width\":720,\"height\":405},{\"@type\":\"BreadcrumbList\",\"@id\":\"https:\\\/\\\/www.mines-stetienne.fr\\\/panoramines\\\/2025\\\/07\\\/15\\\/le-cis-a-la-une\\\/#breadcrumb\",\"itemListElement\":[{\"@type\":\"ListItem\",\"position\":1,\"name\":\"Accueil\",\"item\":\"https:\\\/\\\/www.mines-stetienne.fr\\\/panoramines\\\/\"},{\"@type\":\"ListItem\",\"position\":2,\"name\":\"Le CIS \u00e0 la une\"}]},{\"@type\":\"WebSite\",\"@id\":\"https:\\\/\\\/www.mines-stetienne.fr\\\/panoramines\\\/#website\",\"url\":\"https:\\\/\\\/www.mines-stetienne.fr\\\/panoramines\\\/\",\"name\":\"Panoramines\",\"description\":\"Panoramines, l\u2019actualit\u00e9 de MINES Saint-\u00c9tienne\",\"potentialAction\":[{\"@type\":\"SearchAction\",\"target\":{\"@type\":\"EntryPoint\",\"urlTemplate\":\"https:\\\/\\\/www.mines-stetienne.fr\\\/panoramines\\\/?s={search_term_string}\"},\"query-input\":{\"@type\":\"PropertyValueSpecification\",\"valueRequired\":true,\"valueName\":\"search_term_string\"}}],\"inLanguage\":\"fr-FR\"},{\"@type\":\"Person\",\"@id\":\"https:\\\/\\\/www.mines-stetienne.fr\\\/panoramines\\\/#\\\/schema\\\/person\\\/4122d0d44b90eef069d2cca2a9ed05eb\",\"name\":\"Marylou BAUDRAND\",\"image\":{\"@type\":\"ImageObject\",\"inLanguage\":\"fr-FR\",\"@id\":\"https:\\\/\\\/www.mines-stetienne.fr\\\/panoramines\\\/wp-content\\\/uploads\\\/sites\\\/3\\\/2021\\\/07\\\/logo-75x75-1.png\",\"url\":\"https:\\\/\\\/www.mines-stetienne.fr\\\/panoramines\\\/wp-content\\\/uploads\\\/sites\\\/3\\\/2021\\\/07\\\/logo-75x75-1.png\",\"contentUrl\":\"https:\\\/\\\/www.mines-stetienne.fr\\\/panoramines\\\/wp-content\\\/uploads\\\/sites\\\/3\\\/2021\\\/07\\\/logo-75x75-1.png\",\"caption\":\"Marylou BAUDRAND\"},\"url\":\"https:\\\/\\\/www.mines-stetienne.fr\\\/panoramines\\\/author\\\/marylou-baudrand\\\/\"}]}<\/script>\n<!-- \/ Yoast SEO plugin. -->","yoast_head_json":{"title":"Le CIS \u00e0 la une - Panoramines","robots":{"index":"index","follow":"follow","max-snippet":"max-snippet:-1","max-image-preview":"max-image-preview:large","max-video-preview":"max-video-preview:-1"},"canonical":"https:\/\/www.mines-stetienne.fr\/panoramines\/2025\/07\/15\/le-cis-a-la-une\/","og_locale":"fr_FR","og_type":"article","og_title":"Le CIS \u00e0 la une - Panoramines","og_description":"Au CIS, l\u2019\u00e9quipe BioPi (J\u00e9r\u00e9mie Pourchez, Cl\u00e9ment Mercier, Lara Leclerc) dirige les recherches sur la toxicit\u00e9 des cigarettes \u00e9lectroniques. Un sujet d\u2019actualit\u00e9 passionnant pour les m\u00e9dias qui ont mis en avant le travail du Centre Ing\u00e9nierie et Sant\u00e9 de Mines &hellip;","og_url":"https:\/\/www.mines-stetienne.fr\/panoramines\/2025\/07\/15\/le-cis-a-la-une\/","og_site_name":"Panoramines","article_published_time":"2025-07-15T14:27:38+00:00","article_modified_time":"2025-07-15T14:28:44+00:00","og_image":[{"width":720,"height":405,"url":"https:\/\/www.mines-stetienne.fr\/panoramines\/wp-content\/uploads\/sites\/3\/2025\/07\/jeremie.jpg","type":"image\/jpeg"}],"author":"Marylou BAUDRAND","twitter_card":"summary_large_image","twitter_misc":{"\u00c9crit par":"Marylou BAUDRAND","Dur\u00e9e de lecture estim\u00e9e":"1 minute"},"schema":{"@context":"https:\/\/schema.org","@graph":[{"@type":"Article","@id":"https:\/\/www.mines-stetienne.fr\/panoramines\/2025\/07\/15\/le-cis-a-la-une\/#article","isPartOf":{"@id":"https:\/\/www.mines-stetienne.fr\/panoramines\/2025\/07\/15\/le-cis-a-la-une\/"},"author":{"name":"Marylou BAUDRAND","@id":"https:\/\/www.mines-stetienne.fr\/panoramines\/#\/schema\/person\/4122d0d44b90eef069d2cca2a9ed05eb"},"headline":"Le CIS \u00e0 la une","datePublished":"2025-07-15T14:27:38+00:00","dateModified":"2025-07-15T14:28:44+00:00","mainEntityOfPage":{"@id":"https:\/\/www.mines-stetienne.fr\/panoramines\/2025\/07\/15\/le-cis-a-la-une\/"},"wordCount":172,"image":{"@id":"https:\/\/www.mines-stetienne.fr\/panoramines\/2025\/07\/15\/le-cis-a-la-une\/#primaryimage"},"thumbnailUrl":"https:\/\/www.mines-stetienne.fr\/panoramines\/wp-content\/uploads\/sites\/3\/2025\/07\/jeremie.jpg","keywords":["BioPi","CIS","Innovation","Mines Saint-Etienne","Saint-\u00c9tienne"],"articleSection":["Culture scientifique"],"inLanguage":"fr-FR"},{"@type":"WebPage","@id":"https:\/\/www.mines-stetienne.fr\/panoramines\/2025\/07\/15\/le-cis-a-la-une\/","url":"https:\/\/www.mines-stetienne.fr\/panoramines\/2025\/07\/15\/le-cis-a-la-une\/","name":"Le CIS \u00e0 la une - Panoramines","isPartOf":{"@id":"https:\/\/www.mines-stetienne.fr\/panoramines\/#website"},"primaryImageOfPage":{"@id":"https:\/\/www.mines-stetienne.fr\/panoramines\/2025\/07\/15\/le-cis-a-la-une\/#primaryimage"},"image":{"@id":"https:\/\/www.mines-stetienne.fr\/panoramines\/2025\/07\/15\/le-cis-a-la-une\/#primaryimage"},"thumbnailUrl":"https:\/\/www.mines-stetienne.fr\/panoramines\/wp-content\/uploads\/sites\/3\/2025\/07\/jeremie.jpg","datePublished":"2025-07-15T14:27:38+00:00","dateModified":"2025-07-15T14:28:44+00:00","author":{"@id":"https:\/\/www.mines-stetienne.fr\/panoramines\/#\/schema\/person\/4122d0d44b90eef069d2cca2a9ed05eb"},"breadcrumb":{"@id":"https:\/\/www.mines-stetienne.fr\/panoramines\/2025\/07\/15\/le-cis-a-la-une\/#breadcrumb"},"inLanguage":"fr-FR","potentialAction":[{"@type":"ReadAction","target":["https:\/\/www.mines-stetienne.fr\/panoramines\/2025\/07\/15\/le-cis-a-la-une\/"]}]},{"@type":"ImageObject","inLanguage":"fr-FR","@id":"https:\/\/www.mines-stetienne.fr\/panoramines\/2025\/07\/15\/le-cis-a-la-une\/#primaryimage","url":"https:\/\/www.mines-stetienne.fr\/panoramines\/wp-content\/uploads\/sites\/3\/2025\/07\/jeremie.jpg","contentUrl":"https:\/\/www.mines-stetienne.fr\/panoramines\/wp-content\/uploads\/sites\/3\/2025\/07\/jeremie.jpg","width":720,"height":405},{"@type":"BreadcrumbList","@id":"https:\/\/www.mines-stetienne.fr\/panoramines\/2025\/07\/15\/le-cis-a-la-une\/#breadcrumb","itemListElement":[{"@type":"ListItem","position":1,"name":"Accueil","item":"https:\/\/www.mines-stetienne.fr\/panoramines\/"},{"@type":"ListItem","position":2,"name":"Le CIS \u00e0 la une"}]},{"@type":"WebSite","@id":"https:\/\/www.mines-stetienne.fr\/panoramines\/#website","url":"https:\/\/www.mines-stetienne.fr\/panoramines\/","name":"Panoramines","description":"Panoramines, l\u2019actualit\u00e9 de MINES Saint-\u00c9tienne","potentialAction":[{"@type":"SearchAction","target":{"@type":"EntryPoint","urlTemplate":"https:\/\/www.mines-stetienne.fr\/panoramines\/?s={search_term_string}"},"query-input":{"@type":"PropertyValueSpecification","valueRequired":true,"valueName":"search_term_string"}}],"inLanguage":"fr-FR"},{"@type":"Person","@id":"https:\/\/www.mines-stetienne.fr\/panoramines\/#\/schema\/person\/4122d0d44b90eef069d2cca2a9ed05eb","name":"Marylou BAUDRAND","image":{"@type":"ImageObject","inLanguage":"fr-FR","@id":"https:\/\/www.mines-stetienne.fr\/panoramines\/wp-content\/uploads\/sites\/3\/2021\/07\/logo-75x75-1.png","url":"https:\/\/www.mines-stetienne.fr\/panoramines\/wp-content\/uploads\/sites\/3\/2021\/07\/logo-75x75-1.png","contentUrl":"https:\/\/www.mines-stetienne.fr\/panoramines\/wp-content\/uploads\/sites\/3\/2021\/07\/logo-75x75-1.png","caption":"Marylou BAUDRAND"},"url":"https:\/\/www.mines-stetienne.fr\/panoramines\/author\/marylou-baudrand\/"}]}},"_links":{"self":[{"href":"https:\/\/www.mines-stetienne.fr\/panoramines\/wp-json\/wp\/v2\/posts\/28266","targetHints":{"allow":["GET"]}}],"collection":[{"href":"https:\/\/www.mines-stetienne.fr\/panoramines\/wp-json\/wp\/v2\/posts"}],"about":[{"href":"https:\/\/www.mines-stetienne.fr\/panoramines\/wp-json\/wp\/v2\/types\/post"}],"author":[{"embeddable":true,"href":"https:\/\/www.mines-stetienne.fr\/panoramines\/wp-json\/wp\/v2\/users\/12778"}],"replies":[{"embeddable":true,"href":"https:\/\/www.mines-stetienne.fr\/panoramines\/wp-json\/wp\/v2\/comments?post=28266"}],"version-history":[{"count":2,"href":"https:\/\/www.mines-stetienne.fr\/panoramines\/wp-json\/wp\/v2\/posts\/28266\/revisions"}],"predecessor-version":[{"id":28268,"href":"https:\/\/www.mines-stetienne.fr\/panoramines\/wp-json\/wp\/v2\/posts\/28266\/revisions\/28268"}],"wp:featuredmedia":[{"embeddable":true,"href":"https:\/\/www.mines-stetienne.fr\/panoramines\/wp-json\/wp\/v2\/media\/28274"}],"wp:attachment":[{"href":"https:\/\/www.mines-stetienne.fr\/panoramines\/wp-json\/wp\/v2\/media?parent=28266"}],"wp:term":[{"taxonomy":"category","embeddable":true,"href":"https:\/\/www.mines-stetienne.fr\/panoramines\/wp-json\/wp\/v2\/categories?post=28266"},{"taxonomy":"post_tag","embeddable":true,"href":"https:\/\/www.mines-stetienne.fr\/panoramines\/wp-json\/wp\/v2\/tags?post=28266"}],"curies":[{"name":"wp","href":"https:\/\/api.w.org\/{rel}","templated":true}]}}