{"id":28251,"date":"2025-07-10T15:43:44","date_gmt":"2025-07-10T13:43:44","guid":{"rendered":"https:\/\/www.mines-stetienne.fr\/panoramines\/?p=28251"},"modified":"2025-07-10T15:44:03","modified_gmt":"2025-07-10T13:44:03","slug":"batiment-spot","status":"publish","type":"post","link":"https:\/\/www.mines-stetienne.fr\/panoramines\/2025\/07\/10\/batiment-spot\/","title":{"rendered":"La premi\u00e8re pierre du b\u00e2timent SPOT a \u00e9t\u00e9 pos\u00e9e"},"content":{"rendered":"\n<p>Sur le campus Aix-Marseille-Provence de Mines Saint Etienne, SPOT (Students &amp; Partners Open Transfert), l\u2019ancien r\u00e9fectoire se transforme en un hub de formation, d\u2019exp\u00e9rimentation, d\u2019accompagnement d\u2019entreprises et de culture scientifique dans lequel se croiseront \u00e9tudiants, apprenants, entreprises, partenaires institutionnels, scolaires et grand public.\u00a0Le projet est financ\u00e9 dans le cadre du Contrat de<strong> Plan \u00c9tat-R\u00e9gion 2021\u20132027<\/strong>, par le minist\u00e8re de l\u2019\u00c9conomie, des Finances et de la Souverainet\u00e9 industrielle et num\u00e9rique, la R\u00e9gion Sud \u2013 Provence-Alpes-C\u00f4te d\u2019Azur, le D\u00e9partement des Bouches-du-Rh\u00f4ne et la M\u00e9tropole Aix-Marseille-Provence<\/p>\n\n\n\n<p>Le b\u00e2timent SPOT accueillera trois espaces caract\u00e9ristiques de Mines Saint-Etienne sur le Campus Provence :<\/p>\n\n\n\n<ul class=\"wp-block-list\">\n<li>La Rotonde et sa programmation culturelle et scientifique \u00e0 travers un lien d\u2019exp\u00e9rimentation et un lieu d\u2019exposition<\/li>\n\n\n\n<li>L\u2019IoT Center et les entreprises que le centre accompagne dans leur transition num\u00e9rique dans le cadre du projet europ\u00e9en Move2digital.<\/li>\n\n\n\n<li>La \u00ab salle grise p\u00e9dagogique \u00bb pour la formation d\u2019op\u00e9rateurs en micro\u00e9lectronique en partenariat avec le Centre de Formation des Apprentis de l\u2019Industrie de Provence.<\/li>\n<\/ul>\n\n\n\n<p>Il h\u00e9bergera \u00e9galement les associations \u00e9tudiantes de robotique et de culture scientifique. L\u2019ambition finale \u00e9tant la labellisation du campus en \u00ab lieu d\u2019acculturation \u00e0 l\u2019IA \u00bb dans le cadre du projet R\u00e9gion Sud, terre d\u2019IA.<\/p>\n","protected":false},"excerpt":{"rendered":"<p>Sur le campus Aix-Marseille-Provence de Mines Saint Etienne, SPOT (Students &amp; Partners Open Transfert), l\u2019ancien r\u00e9fectoire se transforme en un hub de formation, d\u2019exp\u00e9rimentation, d\u2019accompagnement d\u2019entreprises et de culture scientifique dans lequel se croiseront \u00e9tudiants, apprenants, entreprises, partenaires institutionnels, scolaires &hellip;<\/p>\n","protected":false},"author":12778,"featured_media":28252,"comment_status":"closed","ping_status":"open","sticky":false,"template":"","format":"standard","meta":{"_relevanssi_hide_post":"","_relevanssi_hide_content":"","_relevanssi_pin_for_all":"","_relevanssi_pin_keywords":"","_relevanssi_unpin_keywords":"","_relevanssi_related_keywords":"","_relevanssi_related_include_ids":"","_relevanssi_related_exclude_ids":"","_relevanssi_related_no_append":"","_relevanssi_related_not_related":"","_relevanssi_related_posts":"25601,27742,26847,25859,20230,16460","_relevanssi_noindex_reason":"","footnotes":""},"categories":[11],"tags":[370,201,809,1172,309,873,989,1173],"class_list":["post-28251","post","type-post","status-publish","format-standard","has-post-thumbnail","hentry","category-vie-de-l-ecole","tag-campus-gc-provence","tag-entreprise","tag-intelligence-articielle","tag-iot-center","tag-la-rotonde","tag-mines-saint-etienne","tag-projet-spot","tag-terre-dia"],"pp_statuses_selecting_workflow":false,"pp_workflow_action":"current","pp_status_selection":"publish","pp_force_visibility":null,"pp_subpost_visibility":null,"pp_inherited_force_visibility":null,"pp_inherited_subpost_visibility":null,"yoast_head":"<!-- This site is optimized with the Yoast SEO plugin v27.5 - https:\/\/yoast.com\/product\/yoast-seo-wordpress\/ -->\n<title>La premi\u00e8re pierre du b\u00e2timent SPOT a \u00e9t\u00e9 pos\u00e9e - Panoramines<\/title>\n<meta name=\"robots\" content=\"index, follow, max-snippet:-1, max-image-preview:large, max-video-preview:-1\" \/>\n<link rel=\"canonical\" href=\"https:\/\/www.mines-stetienne.fr\/panoramines\/2025\/07\/10\/batiment-spot\/\" \/>\n<meta property=\"og:locale\" content=\"fr_FR\" \/>\n<meta property=\"og:type\" content=\"article\" \/>\n<meta property=\"og:title\" content=\"La premi\u00e8re pierre du b\u00e2timent SPOT a \u00e9t\u00e9 pos\u00e9e - Panoramines\" \/>\n<meta property=\"og:description\" content=\"Sur le campus Aix-Marseille-Provence de Mines Saint Etienne, SPOT (Students &amp; Partners Open Transfert), l\u2019ancien r\u00e9fectoire se transforme en un hub de formation, d\u2019exp\u00e9rimentation, d\u2019accompagnement d\u2019entreprises et de culture scientifique dans lequel se croiseront \u00e9tudiants, apprenants, entreprises, partenaires institutionnels, scolaires &hellip;\" \/>\n<meta property=\"og:url\" content=\"https:\/\/www.mines-stetienne.fr\/panoramines\/2025\/07\/10\/batiment-spot\/\" \/>\n<meta property=\"og:site_name\" content=\"Panoramines\" \/>\n<meta property=\"article:published_time\" content=\"2025-07-10T13:43:44+00:00\" \/>\n<meta property=\"article:modified_time\" content=\"2025-07-10T13:44:03+00:00\" \/>\n<meta property=\"og:image\" content=\"https:\/\/www.mines-stetienne.fr\/panoramines\/wp-content\/uploads\/sites\/3\/2025\/07\/1750928913637.jpg\" \/>\n\t<meta property=\"og:image:width\" content=\"800\" \/>\n\t<meta property=\"og:image:height\" content=\"533\" \/>\n\t<meta property=\"og:image:type\" content=\"image\/jpeg\" \/>\n<meta name=\"author\" content=\"Marylou BAUDRAND\" \/>\n<meta name=\"twitter:card\" content=\"summary_large_image\" \/>\n<meta name=\"twitter:label1\" content=\"\u00c9crit par\" \/>\n\t<meta name=\"twitter:data1\" content=\"Marylou BAUDRAND\" \/>\n\t<meta name=\"twitter:label2\" content=\"Dur\u00e9e de lecture estim\u00e9e\" \/>\n\t<meta name=\"twitter:data2\" content=\"2 minutes\" \/>\n<script type=\"application\/ld+json\" class=\"yoast-schema-graph\">{\"@context\":\"https:\\\/\\\/schema.org\",\"@graph\":[{\"@type\":\"Article\",\"@id\":\"https:\\\/\\\/www.mines-stetienne.fr\\\/panoramines\\\/2025\\\/07\\\/10\\\/batiment-spot\\\/#article\",\"isPartOf\":{\"@id\":\"https:\\\/\\\/www.mines-stetienne.fr\\\/panoramines\\\/2025\\\/07\\\/10\\\/batiment-spot\\\/\"},\"author\":{\"name\":\"Marylou BAUDRAND\",\"@id\":\"https:\\\/\\\/www.mines-stetienne.fr\\\/panoramines\\\/#\\\/schema\\\/person\\\/4122d0d44b90eef069d2cca2a9ed05eb\"},\"headline\":\"La premi\u00e8re pierre du b\u00e2timent SPOT a \u00e9t\u00e9 pos\u00e9e\",\"datePublished\":\"2025-07-10T13:43:44+00:00\",\"dateModified\":\"2025-07-10T13:44:03+00:00\",\"mainEntityOfPage\":{\"@id\":\"https:\\\/\\\/www.mines-stetienne.fr\\\/panoramines\\\/2025\\\/07\\\/10\\\/batiment-spot\\\/\"},\"wordCount\":235,\"image\":{\"@id\":\"https:\\\/\\\/www.mines-stetienne.fr\\\/panoramines\\\/2025\\\/07\\\/10\\\/batiment-spot\\\/#primaryimage\"},\"thumbnailUrl\":\"https:\\\/\\\/www.mines-stetienne.fr\\\/panoramines\\\/wp-content\\\/uploads\\\/sites\\\/3\\\/2025\\\/07\\\/1750928913637.jpg\",\"keywords\":[\"Campus GC Provence\",\"Entreprise\",\"Intelligence articielle\",\"IoT Center\",\"La Rotonde\",\"Mines Saint-Etienne\",\"Projet SPOT\",\"Terre d'IA\"],\"articleSection\":[\"Vie de l'\u00c9cole\"],\"inLanguage\":\"fr-FR\"},{\"@type\":\"WebPage\",\"@id\":\"https:\\\/\\\/www.mines-stetienne.fr\\\/panoramines\\\/2025\\\/07\\\/10\\\/batiment-spot\\\/\",\"url\":\"https:\\\/\\\/www.mines-stetienne.fr\\\/panoramines\\\/2025\\\/07\\\/10\\\/batiment-spot\\\/\",\"name\":\"La premi\u00e8re pierre du b\u00e2timent SPOT a \u00e9t\u00e9 pos\u00e9e - Panoramines\",\"isPartOf\":{\"@id\":\"https:\\\/\\\/www.mines-stetienne.fr\\\/panoramines\\\/#website\"},\"primaryImageOfPage\":{\"@id\":\"https:\\\/\\\/www.mines-stetienne.fr\\\/panoramines\\\/2025\\\/07\\\/10\\\/batiment-spot\\\/#primaryimage\"},\"image\":{\"@id\":\"https:\\\/\\\/www.mines-stetienne.fr\\\/panoramines\\\/2025\\\/07\\\/10\\\/batiment-spot\\\/#primaryimage\"},\"thumbnailUrl\":\"https:\\\/\\\/www.mines-stetienne.fr\\\/panoramines\\\/wp-content\\\/uploads\\\/sites\\\/3\\\/2025\\\/07\\\/1750928913637.jpg\",\"datePublished\":\"2025-07-10T13:43:44+00:00\",\"dateModified\":\"2025-07-10T13:44:03+00:00\",\"author\":{\"@id\":\"https:\\\/\\\/www.mines-stetienne.fr\\\/panoramines\\\/#\\\/schema\\\/person\\\/4122d0d44b90eef069d2cca2a9ed05eb\"},\"breadcrumb\":{\"@id\":\"https:\\\/\\\/www.mines-stetienne.fr\\\/panoramines\\\/2025\\\/07\\\/10\\\/batiment-spot\\\/#breadcrumb\"},\"inLanguage\":\"fr-FR\",\"potentialAction\":[{\"@type\":\"ReadAction\",\"target\":[\"https:\\\/\\\/www.mines-stetienne.fr\\\/panoramines\\\/2025\\\/07\\\/10\\\/batiment-spot\\\/\"]}]},{\"@type\":\"ImageObject\",\"inLanguage\":\"fr-FR\",\"@id\":\"https:\\\/\\\/www.mines-stetienne.fr\\\/panoramines\\\/2025\\\/07\\\/10\\\/batiment-spot\\\/#primaryimage\",\"url\":\"https:\\\/\\\/www.mines-stetienne.fr\\\/panoramines\\\/wp-content\\\/uploads\\\/sites\\\/3\\\/2025\\\/07\\\/1750928913637.jpg\",\"contentUrl\":\"https:\\\/\\\/www.mines-stetienne.fr\\\/panoramines\\\/wp-content\\\/uploads\\\/sites\\\/3\\\/2025\\\/07\\\/1750928913637.jpg\",\"width\":800,\"height\":533},{\"@type\":\"BreadcrumbList\",\"@id\":\"https:\\\/\\\/www.mines-stetienne.fr\\\/panoramines\\\/2025\\\/07\\\/10\\\/batiment-spot\\\/#breadcrumb\",\"itemListElement\":[{\"@type\":\"ListItem\",\"position\":1,\"name\":\"Accueil\",\"item\":\"https:\\\/\\\/www.mines-stetienne.fr\\\/panoramines\\\/\"},{\"@type\":\"ListItem\",\"position\":2,\"name\":\"La premi\u00e8re pierre du b\u00e2timent SPOT a \u00e9t\u00e9 pos\u00e9e\"}]},{\"@type\":\"WebSite\",\"@id\":\"https:\\\/\\\/www.mines-stetienne.fr\\\/panoramines\\\/#website\",\"url\":\"https:\\\/\\\/www.mines-stetienne.fr\\\/panoramines\\\/\",\"name\":\"Panoramines\",\"description\":\"Panoramines, l\u2019actualit\u00e9 de MINES Saint-\u00c9tienne\",\"potentialAction\":[{\"@type\":\"SearchAction\",\"target\":{\"@type\":\"EntryPoint\",\"urlTemplate\":\"https:\\\/\\\/www.mines-stetienne.fr\\\/panoramines\\\/?s={search_term_string}\"},\"query-input\":{\"@type\":\"PropertyValueSpecification\",\"valueRequired\":true,\"valueName\":\"search_term_string\"}}],\"inLanguage\":\"fr-FR\"},{\"@type\":\"Person\",\"@id\":\"https:\\\/\\\/www.mines-stetienne.fr\\\/panoramines\\\/#\\\/schema\\\/person\\\/4122d0d44b90eef069d2cca2a9ed05eb\",\"name\":\"Marylou BAUDRAND\",\"image\":{\"@type\":\"ImageObject\",\"inLanguage\":\"fr-FR\",\"@id\":\"https:\\\/\\\/www.mines-stetienne.fr\\\/panoramines\\\/wp-content\\\/uploads\\\/sites\\\/3\\\/2021\\\/07\\\/logo-75x75-1.png\",\"url\":\"https:\\\/\\\/www.mines-stetienne.fr\\\/panoramines\\\/wp-content\\\/uploads\\\/sites\\\/3\\\/2021\\\/07\\\/logo-75x75-1.png\",\"contentUrl\":\"https:\\\/\\\/www.mines-stetienne.fr\\\/panoramines\\\/wp-content\\\/uploads\\\/sites\\\/3\\\/2021\\\/07\\\/logo-75x75-1.png\",\"caption\":\"Marylou BAUDRAND\"},\"url\":\"https:\\\/\\\/www.mines-stetienne.fr\\\/panoramines\\\/author\\\/marylou-baudrand\\\/\"}]}<\/script>\n<!-- \/ Yoast SEO plugin. -->","yoast_head_json":{"title":"La premi\u00e8re pierre du b\u00e2timent SPOT a \u00e9t\u00e9 pos\u00e9e - Panoramines","robots":{"index":"index","follow":"follow","max-snippet":"max-snippet:-1","max-image-preview":"max-image-preview:large","max-video-preview":"max-video-preview:-1"},"canonical":"https:\/\/www.mines-stetienne.fr\/panoramines\/2025\/07\/10\/batiment-spot\/","og_locale":"fr_FR","og_type":"article","og_title":"La premi\u00e8re pierre du b\u00e2timent SPOT a \u00e9t\u00e9 pos\u00e9e - Panoramines","og_description":"Sur le campus Aix-Marseille-Provence de Mines Saint Etienne, SPOT (Students &amp; Partners Open Transfert), l\u2019ancien r\u00e9fectoire se transforme en un hub de formation, d\u2019exp\u00e9rimentation, d\u2019accompagnement d\u2019entreprises et de culture scientifique dans lequel se croiseront \u00e9tudiants, apprenants, entreprises, partenaires institutionnels, scolaires &hellip;","og_url":"https:\/\/www.mines-stetienne.fr\/panoramines\/2025\/07\/10\/batiment-spot\/","og_site_name":"Panoramines","article_published_time":"2025-07-10T13:43:44+00:00","article_modified_time":"2025-07-10T13:44:03+00:00","og_image":[{"width":800,"height":533,"url":"https:\/\/www.mines-stetienne.fr\/panoramines\/wp-content\/uploads\/sites\/3\/2025\/07\/1750928913637.jpg","type":"image\/jpeg"}],"author":"Marylou BAUDRAND","twitter_card":"summary_large_image","twitter_misc":{"\u00c9crit par":"Marylou BAUDRAND","Dur\u00e9e de lecture estim\u00e9e":"2 minutes"},"schema":{"@context":"https:\/\/schema.org","@graph":[{"@type":"Article","@id":"https:\/\/www.mines-stetienne.fr\/panoramines\/2025\/07\/10\/batiment-spot\/#article","isPartOf":{"@id":"https:\/\/www.mines-stetienne.fr\/panoramines\/2025\/07\/10\/batiment-spot\/"},"author":{"name":"Marylou BAUDRAND","@id":"https:\/\/www.mines-stetienne.fr\/panoramines\/#\/schema\/person\/4122d0d44b90eef069d2cca2a9ed05eb"},"headline":"La premi\u00e8re pierre du b\u00e2timent SPOT a \u00e9t\u00e9 pos\u00e9e","datePublished":"2025-07-10T13:43:44+00:00","dateModified":"2025-07-10T13:44:03+00:00","mainEntityOfPage":{"@id":"https:\/\/www.mines-stetienne.fr\/panoramines\/2025\/07\/10\/batiment-spot\/"},"wordCount":235,"image":{"@id":"https:\/\/www.mines-stetienne.fr\/panoramines\/2025\/07\/10\/batiment-spot\/#primaryimage"},"thumbnailUrl":"https:\/\/www.mines-stetienne.fr\/panoramines\/wp-content\/uploads\/sites\/3\/2025\/07\/1750928913637.jpg","keywords":["Campus GC Provence","Entreprise","Intelligence articielle","IoT Center","La Rotonde","Mines Saint-Etienne","Projet SPOT","Terre d'IA"],"articleSection":["Vie de l'\u00c9cole"],"inLanguage":"fr-FR"},{"@type":"WebPage","@id":"https:\/\/www.mines-stetienne.fr\/panoramines\/2025\/07\/10\/batiment-spot\/","url":"https:\/\/www.mines-stetienne.fr\/panoramines\/2025\/07\/10\/batiment-spot\/","name":"La premi\u00e8re pierre du b\u00e2timent SPOT a \u00e9t\u00e9 pos\u00e9e - Panoramines","isPartOf":{"@id":"https:\/\/www.mines-stetienne.fr\/panoramines\/#website"},"primaryImageOfPage":{"@id":"https:\/\/www.mines-stetienne.fr\/panoramines\/2025\/07\/10\/batiment-spot\/#primaryimage"},"image":{"@id":"https:\/\/www.mines-stetienne.fr\/panoramines\/2025\/07\/10\/batiment-spot\/#primaryimage"},"thumbnailUrl":"https:\/\/www.mines-stetienne.fr\/panoramines\/wp-content\/uploads\/sites\/3\/2025\/07\/1750928913637.jpg","datePublished":"2025-07-10T13:43:44+00:00","dateModified":"2025-07-10T13:44:03+00:00","author":{"@id":"https:\/\/www.mines-stetienne.fr\/panoramines\/#\/schema\/person\/4122d0d44b90eef069d2cca2a9ed05eb"},"breadcrumb":{"@id":"https:\/\/www.mines-stetienne.fr\/panoramines\/2025\/07\/10\/batiment-spot\/#breadcrumb"},"inLanguage":"fr-FR","potentialAction":[{"@type":"ReadAction","target":["https:\/\/www.mines-stetienne.fr\/panoramines\/2025\/07\/10\/batiment-spot\/"]}]},{"@type":"ImageObject","inLanguage":"fr-FR","@id":"https:\/\/www.mines-stetienne.fr\/panoramines\/2025\/07\/10\/batiment-spot\/#primaryimage","url":"https:\/\/www.mines-stetienne.fr\/panoramines\/wp-content\/uploads\/sites\/3\/2025\/07\/1750928913637.jpg","contentUrl":"https:\/\/www.mines-stetienne.fr\/panoramines\/wp-content\/uploads\/sites\/3\/2025\/07\/1750928913637.jpg","width":800,"height":533},{"@type":"BreadcrumbList","@id":"https:\/\/www.mines-stetienne.fr\/panoramines\/2025\/07\/10\/batiment-spot\/#breadcrumb","itemListElement":[{"@type":"ListItem","position":1,"name":"Accueil","item":"https:\/\/www.mines-stetienne.fr\/panoramines\/"},{"@type":"ListItem","position":2,"name":"La premi\u00e8re pierre du b\u00e2timent SPOT a \u00e9t\u00e9 pos\u00e9e"}]},{"@type":"WebSite","@id":"https:\/\/www.mines-stetienne.fr\/panoramines\/#website","url":"https:\/\/www.mines-stetienne.fr\/panoramines\/","name":"Panoramines","description":"Panoramines, l\u2019actualit\u00e9 de MINES Saint-\u00c9tienne","potentialAction":[{"@type":"SearchAction","target":{"@type":"EntryPoint","urlTemplate":"https:\/\/www.mines-stetienne.fr\/panoramines\/?s={search_term_string}"},"query-input":{"@type":"PropertyValueSpecification","valueRequired":true,"valueName":"search_term_string"}}],"inLanguage":"fr-FR"},{"@type":"Person","@id":"https:\/\/www.mines-stetienne.fr\/panoramines\/#\/schema\/person\/4122d0d44b90eef069d2cca2a9ed05eb","name":"Marylou BAUDRAND","image":{"@type":"ImageObject","inLanguage":"fr-FR","@id":"https:\/\/www.mines-stetienne.fr\/panoramines\/wp-content\/uploads\/sites\/3\/2021\/07\/logo-75x75-1.png","url":"https:\/\/www.mines-stetienne.fr\/panoramines\/wp-content\/uploads\/sites\/3\/2021\/07\/logo-75x75-1.png","contentUrl":"https:\/\/www.mines-stetienne.fr\/panoramines\/wp-content\/uploads\/sites\/3\/2021\/07\/logo-75x75-1.png","caption":"Marylou BAUDRAND"},"url":"https:\/\/www.mines-stetienne.fr\/panoramines\/author\/marylou-baudrand\/"}]}},"_links":{"self":[{"href":"https:\/\/www.mines-stetienne.fr\/panoramines\/wp-json\/wp\/v2\/posts\/28251","targetHints":{"allow":["GET"]}}],"collection":[{"href":"https:\/\/www.mines-stetienne.fr\/panoramines\/wp-json\/wp\/v2\/posts"}],"about":[{"href":"https:\/\/www.mines-stetienne.fr\/panoramines\/wp-json\/wp\/v2\/types\/post"}],"author":[{"embeddable":true,"href":"https:\/\/www.mines-stetienne.fr\/panoramines\/wp-json\/wp\/v2\/users\/12778"}],"replies":[{"embeddable":true,"href":"https:\/\/www.mines-stetienne.fr\/panoramines\/wp-json\/wp\/v2\/comments?post=28251"}],"version-history":[{"count":2,"href":"https:\/\/www.mines-stetienne.fr\/panoramines\/wp-json\/wp\/v2\/posts\/28251\/revisions"}],"predecessor-version":[{"id":28254,"href":"https:\/\/www.mines-stetienne.fr\/panoramines\/wp-json\/wp\/v2\/posts\/28251\/revisions\/28254"}],"wp:featuredmedia":[{"embeddable":true,"href":"https:\/\/www.mines-stetienne.fr\/panoramines\/wp-json\/wp\/v2\/media\/28252"}],"wp:attachment":[{"href":"https:\/\/www.mines-stetienne.fr\/panoramines\/wp-json\/wp\/v2\/media?parent=28251"}],"wp:term":[{"taxonomy":"category","embeddable":true,"href":"https:\/\/www.mines-stetienne.fr\/panoramines\/wp-json\/wp\/v2\/categories?post=28251"},{"taxonomy":"post_tag","embeddable":true,"href":"https:\/\/www.mines-stetienne.fr\/panoramines\/wp-json\/wp\/v2\/tags?post=28251"}],"curies":[{"name":"wp","href":"https:\/\/api.w.org\/{rel}","templated":true}]}}