{"id":28198,"date":"2025-04-29T08:11:21","date_gmt":"2025-04-29T06:11:21","guid":{"rendered":"https:\/\/www.mines-stetienne.fr\/panoramines\/?p=28198"},"modified":"2025-05-29T08:29:55","modified_gmt":"2025-05-29T06:29:55","slug":"festival-astronomie","status":"publish","type":"post","link":"https:\/\/www.mines-stetienne.fr\/panoramines\/2025\/04\/29\/festival-astronomie\/","title":{"rendered":"Festival Astronomie"},"content":{"rendered":"\n<h2 class=\"wp-block-heading\">Le ciel \u00e9toil\u00e9 s\u2019invite \u00e0 Gardanne<\/h2>\n\n\n\n<p>Retour sur la conf\u00e9rence \u00ab Lumi\u00e8re et obscurit\u00e9 dans l\u2019histoire de l\u2019Univers \u00bb.<\/p>\n\n\n\n<p>Le 28 avril dernier, notre campus Provence a eu le plaisir d\u2019accueillir un \u00e9v\u00e9nement exceptionnel ouvert \u00e0 tous, dans le cadre du Festival d\u2019Astronomie de Provence, en partenariat avec l\u2019association Illu-Mines.<\/p>\n\n\n\n<p>\ud83c\udfa4 Pr\u00e8s de 50 personnes \u2014 curieux, passionn\u00e9s ou simples amateurs \u2014 ont assist\u00e9 \u00e0 la conf\u00e9rence captivante d\u2019Herv\u00e9 Dole, astrophysicien et professeur \u00e0 l\u2019Universit\u00e9 Paris-Saclay. Son intervention a offert un voyage \u00e0 travers le temps, explorant les myst\u00e8res de la cosmologie et les m\u00e9thodes modernes pour percer les secrets de l\u2019Univers.<\/p>\n\n\n\n<p>\ud83d\udcda La soir\u00e9e s\u2019est prolong\u00e9e autour d\u2019un moment convivial avec une s\u00e9ance de d\u00e9dicaces de son ouvrage, favorisant les \u00e9changes et le partage entre participants.<\/p>\n\n\n\n<p>\ud83d\udc4f Merci \u00e0 toutes celles et ceux qui ont contribu\u00e9 \u00e0 faire de cet \u00e9v\u00e9nement une belle r\u00e9ussite, m\u00ealant science, curiosit\u00e9 et ouverture au grand public.<\/p>\n\n\n\n<p>C\u2019est une belle illustration de notre engagement \u00e0 faire rayonner la culture scientifique sur le territoire !<\/p>\n","protected":false},"excerpt":{"rendered":"<p>Le ciel \u00e9toil\u00e9 s\u2019invite \u00e0 Gardanne Retour sur la conf\u00e9rence \u00ab Lumi\u00e8re et obscurit\u00e9 dans l\u2019histoire de l\u2019Univers \u00bb. Le 28 avril dernier, notre campus Provence a eu le plaisir d\u2019accueillir un \u00e9v\u00e9nement exceptionnel ouvert \u00e0 tous, dans le cadre &hellip;<\/p>\n","protected":false},"author":2,"featured_media":28199,"comment_status":"closed","ping_status":"open","sticky":false,"template":"","format":"standard","meta":{"_relevanssi_hide_post":"","_relevanssi_hide_content":"","_relevanssi_pin_for_all":"","_relevanssi_pin_keywords":"","_relevanssi_unpin_keywords":"","_relevanssi_related_keywords":"","_relevanssi_related_include_ids":"","_relevanssi_related_exclude_ids":"","_relevanssi_related_no_append":"","_relevanssi_related_not_related":"","_relevanssi_related_posts":"21168,20882,16186,15594,21030,26479","_relevanssi_noindex_reason":"","footnotes":""},"categories":[10],"tags":[],"class_list":["post-28198","post","type-post","status-publish","format-standard","has-post-thumbnail","hentry","category-culture-scientifique"],"pp_statuses_selecting_workflow":false,"pp_workflow_action":"current","pp_status_selection":"publish","pp_force_visibility":null,"pp_subpost_visibility":null,"pp_inherited_force_visibility":null,"pp_inherited_subpost_visibility":null,"yoast_head":"<!-- This site is optimized with the Yoast SEO plugin v27.5 - https:\/\/yoast.com\/product\/yoast-seo-wordpress\/ -->\n<title>Festival Astronomie - Panoramines<\/title>\n<meta name=\"robots\" content=\"index, follow, max-snippet:-1, max-image-preview:large, max-video-preview:-1\" \/>\n<link rel=\"canonical\" href=\"https:\/\/www.mines-stetienne.fr\/panoramines\/2025\/04\/29\/festival-astronomie\/\" \/>\n<meta property=\"og:locale\" content=\"fr_FR\" \/>\n<meta property=\"og:type\" content=\"article\" \/>\n<meta property=\"og:title\" content=\"Festival Astronomie - Panoramines\" \/>\n<meta property=\"og:description\" content=\"Le ciel \u00e9toil\u00e9 s\u2019invite \u00e0 Gardanne Retour sur la conf\u00e9rence \u00ab Lumi\u00e8re et obscurit\u00e9 dans l\u2019histoire de l\u2019Univers \u00bb. Le 28 avril dernier, notre campus Provence a eu le plaisir d\u2019accueillir un \u00e9v\u00e9nement exceptionnel ouvert \u00e0 tous, dans le cadre &hellip;\" \/>\n<meta property=\"og:url\" content=\"https:\/\/www.mines-stetienne.fr\/panoramines\/2025\/04\/29\/festival-astronomie\/\" \/>\n<meta property=\"og:site_name\" content=\"Panoramines\" \/>\n<meta property=\"article:author\" content=\"jjj\" \/>\n<meta property=\"article:published_time\" content=\"2025-04-29T06:11:21+00:00\" \/>\n<meta property=\"article:modified_time\" content=\"2025-05-29T06:29:55+00:00\" \/>\n<meta property=\"og:image\" content=\"https:\/\/www.mines-stetienne.fr\/panoramines\/wp-content\/uploads\/sites\/3\/2025\/05\/festival-astronomie.jpeg\" \/>\n\t<meta property=\"og:image:width\" content=\"800\" \/>\n\t<meta property=\"og:image:height\" content=\"600\" \/>\n\t<meta property=\"og:image:type\" content=\"image\/jpeg\" \/>\n<meta name=\"author\" content=\"Gr\u00e9goire\" \/>\n<meta name=\"twitter:card\" content=\"summary_large_image\" \/>\n<meta name=\"twitter:creator\" content=\"@qqq\" \/>\n<meta name=\"twitter:label1\" content=\"\u00c9crit par\" \/>\n\t<meta name=\"twitter:data1\" content=\"Gr\u00e9goire\" \/>\n\t<meta name=\"twitter:label2\" content=\"Dur\u00e9e de lecture estim\u00e9e\" \/>\n\t<meta name=\"twitter:data2\" content=\"2 minutes\" \/>\n<script type=\"application\/ld+json\" class=\"yoast-schema-graph\">{\"@context\":\"https:\\\/\\\/schema.org\",\"@graph\":[{\"@type\":\"Article\",\"@id\":\"https:\\\/\\\/www.mines-stetienne.fr\\\/panoramines\\\/2025\\\/04\\\/29\\\/festival-astronomie\\\/#article\",\"isPartOf\":{\"@id\":\"https:\\\/\\\/www.mines-stetienne.fr\\\/panoramines\\\/2025\\\/04\\\/29\\\/festival-astronomie\\\/\"},\"author\":{\"name\":\"Gr\u00e9goire\",\"@id\":\"https:\\\/\\\/www.mines-stetienne.fr\\\/panoramines\\\/#\\\/schema\\\/person\\\/53c118c529c866c1454c8138b35880e8\"},\"headline\":\"Festival Astronomie\",\"datePublished\":\"2025-04-29T06:11:21+00:00\",\"dateModified\":\"2025-05-29T06:29:55+00:00\",\"mainEntityOfPage\":{\"@id\":\"https:\\\/\\\/www.mines-stetienne.fr\\\/panoramines\\\/2025\\\/04\\\/29\\\/festival-astronomie\\\/\"},\"wordCount\":181,\"image\":{\"@id\":\"https:\\\/\\\/www.mines-stetienne.fr\\\/panoramines\\\/2025\\\/04\\\/29\\\/festival-astronomie\\\/#primaryimage\"},\"thumbnailUrl\":\"https:\\\/\\\/www.mines-stetienne.fr\\\/panoramines\\\/wp-content\\\/uploads\\\/sites\\\/3\\\/2025\\\/05\\\/festival-astronomie.jpeg\",\"articleSection\":[\"Culture scientifique\"],\"inLanguage\":\"fr-FR\"},{\"@type\":\"WebPage\",\"@id\":\"https:\\\/\\\/www.mines-stetienne.fr\\\/panoramines\\\/2025\\\/04\\\/29\\\/festival-astronomie\\\/\",\"url\":\"https:\\\/\\\/www.mines-stetienne.fr\\\/panoramines\\\/2025\\\/04\\\/29\\\/festival-astronomie\\\/\",\"name\":\"Festival Astronomie - Panoramines\",\"isPartOf\":{\"@id\":\"https:\\\/\\\/www.mines-stetienne.fr\\\/panoramines\\\/#website\"},\"primaryImageOfPage\":{\"@id\":\"https:\\\/\\\/www.mines-stetienne.fr\\\/panoramines\\\/2025\\\/04\\\/29\\\/festival-astronomie\\\/#primaryimage\"},\"image\":{\"@id\":\"https:\\\/\\\/www.mines-stetienne.fr\\\/panoramines\\\/2025\\\/04\\\/29\\\/festival-astronomie\\\/#primaryimage\"},\"thumbnailUrl\":\"https:\\\/\\\/www.mines-stetienne.fr\\\/panoramines\\\/wp-content\\\/uploads\\\/sites\\\/3\\\/2025\\\/05\\\/festival-astronomie.jpeg\",\"datePublished\":\"2025-04-29T06:11:21+00:00\",\"dateModified\":\"2025-05-29T06:29:55+00:00\",\"author\":{\"@id\":\"https:\\\/\\\/www.mines-stetienne.fr\\\/panoramines\\\/#\\\/schema\\\/person\\\/53c118c529c866c1454c8138b35880e8\"},\"breadcrumb\":{\"@id\":\"https:\\\/\\\/www.mines-stetienne.fr\\\/panoramines\\\/2025\\\/04\\\/29\\\/festival-astronomie\\\/#breadcrumb\"},\"inLanguage\":\"fr-FR\",\"potentialAction\":[{\"@type\":\"ReadAction\",\"target\":[\"https:\\\/\\\/www.mines-stetienne.fr\\\/panoramines\\\/2025\\\/04\\\/29\\\/festival-astronomie\\\/\"]}]},{\"@type\":\"ImageObject\",\"inLanguage\":\"fr-FR\",\"@id\":\"https:\\\/\\\/www.mines-stetienne.fr\\\/panoramines\\\/2025\\\/04\\\/29\\\/festival-astronomie\\\/#primaryimage\",\"url\":\"https:\\\/\\\/www.mines-stetienne.fr\\\/panoramines\\\/wp-content\\\/uploads\\\/sites\\\/3\\\/2025\\\/05\\\/festival-astronomie.jpeg\",\"contentUrl\":\"https:\\\/\\\/www.mines-stetienne.fr\\\/panoramines\\\/wp-content\\\/uploads\\\/sites\\\/3\\\/2025\\\/05\\\/festival-astronomie.jpeg\",\"width\":800,\"height\":600},{\"@type\":\"BreadcrumbList\",\"@id\":\"https:\\\/\\\/www.mines-stetienne.fr\\\/panoramines\\\/2025\\\/04\\\/29\\\/festival-astronomie\\\/#breadcrumb\",\"itemListElement\":[{\"@type\":\"ListItem\",\"position\":1,\"name\":\"Accueil\",\"item\":\"https:\\\/\\\/www.mines-stetienne.fr\\\/panoramines\\\/\"},{\"@type\":\"ListItem\",\"position\":2,\"name\":\"Festival Astronomie\"}]},{\"@type\":\"WebSite\",\"@id\":\"https:\\\/\\\/www.mines-stetienne.fr\\\/panoramines\\\/#website\",\"url\":\"https:\\\/\\\/www.mines-stetienne.fr\\\/panoramines\\\/\",\"name\":\"Panoramines\",\"description\":\"Panoramines, l\u2019actualit\u00e9 de MINES Saint-\u00c9tienne\",\"potentialAction\":[{\"@type\":\"SearchAction\",\"target\":{\"@type\":\"EntryPoint\",\"urlTemplate\":\"https:\\\/\\\/www.mines-stetienne.fr\\\/panoramines\\\/?s={search_term_string}\"},\"query-input\":{\"@type\":\"PropertyValueSpecification\",\"valueRequired\":true,\"valueName\":\"search_term_string\"}}],\"inLanguage\":\"fr-FR\"},{\"@type\":\"Person\",\"@id\":\"https:\\\/\\\/www.mines-stetienne.fr\\\/panoramines\\\/#\\\/schema\\\/person\\\/53c118c529c866c1454c8138b35880e8\",\"name\":\"Gr\u00e9goire\",\"image\":{\"@type\":\"ImageObject\",\"inLanguage\":\"fr-FR\",\"@id\":\"https:\\\/\\\/www.mines-stetienne.fr\\\/panoramines\\\/wp-content\\\/uploads\\\/sites\\\/3\\\/2021\\\/07\\\/logo-75x75-1.png\",\"url\":\"https:\\\/\\\/www.mines-stetienne.fr\\\/panoramines\\\/wp-content\\\/uploads\\\/sites\\\/3\\\/2021\\\/07\\\/logo-75x75-1.png\",\"contentUrl\":\"https:\\\/\\\/www.mines-stetienne.fr\\\/panoramines\\\/wp-content\\\/uploads\\\/sites\\\/3\\\/2021\\\/07\\\/logo-75x75-1.png\",\"caption\":\"Gr\u00e9goire\"},\"sameAs\":[\"http:\\\/\\\/www.mines-stetienne.fr\",\"jjj\",\"kkk\",\"aaa\",\"mmm\",\"https:\\\/\\\/x.com\\\/qqq\",\"lll\",\"rrr\",\"nnn\",\"ooo\",\"ppp\"],\"url\":\"https:\\\/\\\/www.mines-stetienne.fr\\\/panoramines\\\/author\\\/gregoire\\\/\"}]}<\/script>\n<!-- \/ Yoast SEO plugin. -->","yoast_head_json":{"title":"Festival Astronomie - Panoramines","robots":{"index":"index","follow":"follow","max-snippet":"max-snippet:-1","max-image-preview":"max-image-preview:large","max-video-preview":"max-video-preview:-1"},"canonical":"https:\/\/www.mines-stetienne.fr\/panoramines\/2025\/04\/29\/festival-astronomie\/","og_locale":"fr_FR","og_type":"article","og_title":"Festival Astronomie - Panoramines","og_description":"Le ciel \u00e9toil\u00e9 s\u2019invite \u00e0 Gardanne Retour sur la conf\u00e9rence \u00ab Lumi\u00e8re et obscurit\u00e9 dans l\u2019histoire de l\u2019Univers \u00bb. Le 28 avril dernier, notre campus Provence a eu le plaisir d\u2019accueillir un \u00e9v\u00e9nement exceptionnel ouvert \u00e0 tous, dans le cadre &hellip;","og_url":"https:\/\/www.mines-stetienne.fr\/panoramines\/2025\/04\/29\/festival-astronomie\/","og_site_name":"Panoramines","article_author":"jjj","article_published_time":"2025-04-29T06:11:21+00:00","article_modified_time":"2025-05-29T06:29:55+00:00","og_image":[{"width":800,"height":600,"url":"https:\/\/www.mines-stetienne.fr\/panoramines\/wp-content\/uploads\/sites\/3\/2025\/05\/festival-astronomie.jpeg","type":"image\/jpeg"}],"author":"Gr\u00e9goire","twitter_card":"summary_large_image","twitter_creator":"@qqq","twitter_misc":{"\u00c9crit par":"Gr\u00e9goire","Dur\u00e9e de lecture estim\u00e9e":"2 minutes"},"schema":{"@context":"https:\/\/schema.org","@graph":[{"@type":"Article","@id":"https:\/\/www.mines-stetienne.fr\/panoramines\/2025\/04\/29\/festival-astronomie\/#article","isPartOf":{"@id":"https:\/\/www.mines-stetienne.fr\/panoramines\/2025\/04\/29\/festival-astronomie\/"},"author":{"name":"Gr\u00e9goire","@id":"https:\/\/www.mines-stetienne.fr\/panoramines\/#\/schema\/person\/53c118c529c866c1454c8138b35880e8"},"headline":"Festival Astronomie","datePublished":"2025-04-29T06:11:21+00:00","dateModified":"2025-05-29T06:29:55+00:00","mainEntityOfPage":{"@id":"https:\/\/www.mines-stetienne.fr\/panoramines\/2025\/04\/29\/festival-astronomie\/"},"wordCount":181,"image":{"@id":"https:\/\/www.mines-stetienne.fr\/panoramines\/2025\/04\/29\/festival-astronomie\/#primaryimage"},"thumbnailUrl":"https:\/\/www.mines-stetienne.fr\/panoramines\/wp-content\/uploads\/sites\/3\/2025\/05\/festival-astronomie.jpeg","articleSection":["Culture scientifique"],"inLanguage":"fr-FR"},{"@type":"WebPage","@id":"https:\/\/www.mines-stetienne.fr\/panoramines\/2025\/04\/29\/festival-astronomie\/","url":"https:\/\/www.mines-stetienne.fr\/panoramines\/2025\/04\/29\/festival-astronomie\/","name":"Festival Astronomie - Panoramines","isPartOf":{"@id":"https:\/\/www.mines-stetienne.fr\/panoramines\/#website"},"primaryImageOfPage":{"@id":"https:\/\/www.mines-stetienne.fr\/panoramines\/2025\/04\/29\/festival-astronomie\/#primaryimage"},"image":{"@id":"https:\/\/www.mines-stetienne.fr\/panoramines\/2025\/04\/29\/festival-astronomie\/#primaryimage"},"thumbnailUrl":"https:\/\/www.mines-stetienne.fr\/panoramines\/wp-content\/uploads\/sites\/3\/2025\/05\/festival-astronomie.jpeg","datePublished":"2025-04-29T06:11:21+00:00","dateModified":"2025-05-29T06:29:55+00:00","author":{"@id":"https:\/\/www.mines-stetienne.fr\/panoramines\/#\/schema\/person\/53c118c529c866c1454c8138b35880e8"},"breadcrumb":{"@id":"https:\/\/www.mines-stetienne.fr\/panoramines\/2025\/04\/29\/festival-astronomie\/#breadcrumb"},"inLanguage":"fr-FR","potentialAction":[{"@type":"ReadAction","target":["https:\/\/www.mines-stetienne.fr\/panoramines\/2025\/04\/29\/festival-astronomie\/"]}]},{"@type":"ImageObject","inLanguage":"fr-FR","@id":"https:\/\/www.mines-stetienne.fr\/panoramines\/2025\/04\/29\/festival-astronomie\/#primaryimage","url":"https:\/\/www.mines-stetienne.fr\/panoramines\/wp-content\/uploads\/sites\/3\/2025\/05\/festival-astronomie.jpeg","contentUrl":"https:\/\/www.mines-stetienne.fr\/panoramines\/wp-content\/uploads\/sites\/3\/2025\/05\/festival-astronomie.jpeg","width":800,"height":600},{"@type":"BreadcrumbList","@id":"https:\/\/www.mines-stetienne.fr\/panoramines\/2025\/04\/29\/festival-astronomie\/#breadcrumb","itemListElement":[{"@type":"ListItem","position":1,"name":"Accueil","item":"https:\/\/www.mines-stetienne.fr\/panoramines\/"},{"@type":"ListItem","position":2,"name":"Festival Astronomie"}]},{"@type":"WebSite","@id":"https:\/\/www.mines-stetienne.fr\/panoramines\/#website","url":"https:\/\/www.mines-stetienne.fr\/panoramines\/","name":"Panoramines","description":"Panoramines, l\u2019actualit\u00e9 de MINES Saint-\u00c9tienne","potentialAction":[{"@type":"SearchAction","target":{"@type":"EntryPoint","urlTemplate":"https:\/\/www.mines-stetienne.fr\/panoramines\/?s={search_term_string}"},"query-input":{"@type":"PropertyValueSpecification","valueRequired":true,"valueName":"search_term_string"}}],"inLanguage":"fr-FR"},{"@type":"Person","@id":"https:\/\/www.mines-stetienne.fr\/panoramines\/#\/schema\/person\/53c118c529c866c1454c8138b35880e8","name":"Gr\u00e9goire","image":{"@type":"ImageObject","inLanguage":"fr-FR","@id":"https:\/\/www.mines-stetienne.fr\/panoramines\/wp-content\/uploads\/sites\/3\/2021\/07\/logo-75x75-1.png","url":"https:\/\/www.mines-stetienne.fr\/panoramines\/wp-content\/uploads\/sites\/3\/2021\/07\/logo-75x75-1.png","contentUrl":"https:\/\/www.mines-stetienne.fr\/panoramines\/wp-content\/uploads\/sites\/3\/2021\/07\/logo-75x75-1.png","caption":"Gr\u00e9goire"},"sameAs":["http:\/\/www.mines-stetienne.fr","jjj","kkk","aaa","mmm","https:\/\/x.com\/qqq","lll","rrr","nnn","ooo","ppp"],"url":"https:\/\/www.mines-stetienne.fr\/panoramines\/author\/gregoire\/"}]}},"_links":{"self":[{"href":"https:\/\/www.mines-stetienne.fr\/panoramines\/wp-json\/wp\/v2\/posts\/28198","targetHints":{"allow":["GET"]}}],"collection":[{"href":"https:\/\/www.mines-stetienne.fr\/panoramines\/wp-json\/wp\/v2\/posts"}],"about":[{"href":"https:\/\/www.mines-stetienne.fr\/panoramines\/wp-json\/wp\/v2\/types\/post"}],"author":[{"embeddable":true,"href":"https:\/\/www.mines-stetienne.fr\/panoramines\/wp-json\/wp\/v2\/users\/2"}],"replies":[{"embeddable":true,"href":"https:\/\/www.mines-stetienne.fr\/panoramines\/wp-json\/wp\/v2\/comments?post=28198"}],"version-history":[{"count":2,"href":"https:\/\/www.mines-stetienne.fr\/panoramines\/wp-json\/wp\/v2\/posts\/28198\/revisions"}],"predecessor-version":[{"id":28218,"href":"https:\/\/www.mines-stetienne.fr\/panoramines\/wp-json\/wp\/v2\/posts\/28198\/revisions\/28218"}],"wp:featuredmedia":[{"embeddable":true,"href":"https:\/\/www.mines-stetienne.fr\/panoramines\/wp-json\/wp\/v2\/media\/28199"}],"wp:attachment":[{"href":"https:\/\/www.mines-stetienne.fr\/panoramines\/wp-json\/wp\/v2\/media?parent=28198"}],"wp:term":[{"taxonomy":"category","embeddable":true,"href":"https:\/\/www.mines-stetienne.fr\/panoramines\/wp-json\/wp\/v2\/categories?post=28198"},{"taxonomy":"post_tag","embeddable":true,"href":"https:\/\/www.mines-stetienne.fr\/panoramines\/wp-json\/wp\/v2\/tags?post=28198"}],"curies":[{"name":"wp","href":"https:\/\/api.w.org\/{rel}","templated":true}]}}