{"id":27820,"date":"2025-01-27T15:18:23","date_gmt":"2025-01-27T14:18:23","guid":{"rendered":"https:\/\/www.mines-stetienne.fr\/panoramines\/?p=27820"},"modified":"2025-03-15T11:40:34","modified_gmt":"2025-03-15T10:40:34","slug":"vis-ma-vie-dentrepreneur-en-8h-chrono","status":"publish","type":"post","link":"https:\/\/www.mines-stetienne.fr\/panoramines\/2025\/01\/27\/vis-ma-vie-dentrepreneur-en-8h-chrono\/","title":{"rendered":"Vis ma vie d&rsquo;entrepreneur en 8h chrono!"},"content":{"rendered":"\n<h2 class=\"wp-block-heading\">Les \u00e9tudiants du cursus ISMIN se sont gliss\u00e9s dans la peau d&rsquo;un entrepreneur lors d&rsquo;une journ\u00e9e immersive organis\u00e9e le jeudi 23 janvier sur le Campus Aix-Marseille-Provence. <\/h2>\n\n\n\n<p>Ils ont v\u00e9cu une aventure entrepreneuriale exceptionnelle de fa\u00e7on intensive.<\/p>\n\n\n\n<p>13 \u00e9quipes mixtes et pluridisciplinaires issues de Mines Saint-\u00c9tienne ou d&rsquo;un des \u00e9tablissements d&rsquo;enseignement sup\u00e9rieur membres du <a href=\"https:\/\/pepiteprovence.fr\/\">P\u00e9pite Provence<\/a> ou de la CRGE (Conf\u00e9rence R\u00e9gionale des Grandes \u00c9coles) ont d\u00e9couvert les \u00e9tapes successives de cr\u00e9ation d&rsquo;une entreprise lors de cet escape game inspir\u00e9 du r\u00e9trogaming.<\/p>\n\n\n\n<h4 class=\"wp-block-heading\">Penser un projet entrepreneurial global<\/h4>\n\n\n\n<p>Au programme : compr\u00e9hension du besoin client, conception d&rsquo;un produit ou d&rsquo;un service sur la base d&rsquo;un sc\u00e9nario impos\u00e9, challenges techniques, constitution d&rsquo;un budget, programmation, prototypage, argumentaires commerciaux et pitchs.<\/p>\n\n\n\n<p>Autant d&rsquo;activit\u00e9s compl\u00e9mentaires qui ont permis aux \u00e9tudiants de penser un projet entrepreneurial global avant de le soumettre \u00e0 un jury d&rsquo;experts pour les d\u00e9partager.<\/p>\n\n\n\n<figure class=\"wp-block-gallery has-nested-images columns-default is-cropped wp-block-gallery-2 is-layout-flex wp-block-gallery-is-layout-flex\">\n<figure class=\"wp-block-image size-large\"><img loading=\"lazy\" decoding=\"async\" width=\"1024\" height=\"768\" data-id=\"27827\" src=\"https:\/\/www.mines-stetienne.fr\/panoramines\/wp-content\/uploads\/sites\/3\/2025\/01\/Amphi-1-1024x768.jpg\" alt=\"\" class=\"wp-image-27827\" srcset=\"https:\/\/www.mines-stetienne.fr\/panoramines\/wp-content\/uploads\/sites\/3\/2025\/01\/Amphi-1-1024x768.jpg 1024w, https:\/\/www.mines-stetienne.fr\/panoramines\/wp-content\/uploads\/sites\/3\/2025\/01\/Amphi-1-300x225.jpg 300w, https:\/\/www.mines-stetienne.fr\/panoramines\/wp-content\/uploads\/sites\/3\/2025\/01\/Amphi-1-768x576.jpg 768w, https:\/\/www.mines-stetienne.fr\/panoramines\/wp-content\/uploads\/sites\/3\/2025\/01\/Amphi-1-1536x1152.jpg 1536w, https:\/\/www.mines-stetienne.fr\/panoramines\/wp-content\/uploads\/sites\/3\/2025\/01\/Amphi-1.jpg 2048w\" sizes=\"auto, (max-width: 1024px) 100vw, 1024px\" \/><\/figure>\n\n\n\n<figure class=\"wp-block-image size-large\"><img loading=\"lazy\" decoding=\"async\" width=\"1024\" height=\"939\" data-id=\"27826\" src=\"https:\/\/www.mines-stetienne.fr\/panoramines\/wp-content\/uploads\/sites\/3\/2025\/01\/Coup-de-coeur-1-1024x939.jpg\" alt=\"\" class=\"wp-image-27826\" srcset=\"https:\/\/www.mines-stetienne.fr\/panoramines\/wp-content\/uploads\/sites\/3\/2025\/01\/Coup-de-coeur-1-1024x939.jpg 1024w, https:\/\/www.mines-stetienne.fr\/panoramines\/wp-content\/uploads\/sites\/3\/2025\/01\/Coup-de-coeur-1-300x275.jpg 300w, https:\/\/www.mines-stetienne.fr\/panoramines\/wp-content\/uploads\/sites\/3\/2025\/01\/Coup-de-coeur-1-768x704.jpg 768w, https:\/\/www.mines-stetienne.fr\/panoramines\/wp-content\/uploads\/sites\/3\/2025\/01\/Coup-de-coeur-1.jpg 1358w\" sizes=\"auto, (max-width: 1024px) 100vw, 1024px\" \/><\/figure>\n\n\n\n<figure class=\"wp-block-image size-large\"><img loading=\"lazy\" decoding=\"async\" width=\"875\" height=\"1024\" data-id=\"27828\" src=\"https:\/\/www.mines-stetienne.fr\/panoramines\/wp-content\/uploads\/sites\/3\/2025\/01\/Vainqueurs-1-875x1024.jpg\" alt=\"\" class=\"wp-image-27828\" srcset=\"https:\/\/www.mines-stetienne.fr\/panoramines\/wp-content\/uploads\/sites\/3\/2025\/01\/Vainqueurs-1-875x1024.jpg 875w, https:\/\/www.mines-stetienne.fr\/panoramines\/wp-content\/uploads\/sites\/3\/2025\/01\/Vainqueurs-1-256x300.jpg 256w, https:\/\/www.mines-stetienne.fr\/panoramines\/wp-content\/uploads\/sites\/3\/2025\/01\/Vainqueurs-1-768x899.jpg 768w, https:\/\/www.mines-stetienne.fr\/panoramines\/wp-content\/uploads\/sites\/3\/2025\/01\/Vainqueurs-1-1313x1536.jpg 1313w, https:\/\/www.mines-stetienne.fr\/panoramines\/wp-content\/uploads\/sites\/3\/2025\/01\/Vainqueurs-1.jpg 1536w\" sizes=\"auto, (max-width: 875px) 100vw, 875px\" \/><\/figure>\n<\/figure>\n\n\n\n<ul class=\"wp-block-list\">\n<li>La premi\u00e8re place est revenue \u00e0 <strong>GREENSQUAD <\/strong>pour son syst\u00e8me de cam\u00e9ras dissimul\u00e9es dans la nature pour observer les animaux sauvages et sensibiliser le grand public \u00e0 la pr\u00e9servation de la biodiversit\u00e9.&nbsp;<\/li>\n<\/ul>\n\n\n\n<ul class=\"wp-block-list\">\n<li>Le prix coup de c\u0153ur a lui \u00e9t\u00e9 attribu\u00e9 \u00e0 <strong>LEAF ME ALONE <\/strong>pour son kit connect\u00e9 destin\u00e9 \u00e0 aider les seniors \u00e0 cultiver leur potager.<\/li>\n<\/ul>\n\n\n\n<p>Un grand bravo \u00e0 tous les participants pour la qualit\u00e9 et l&rsquo;originalit\u00e9 des projets pr\u00e9sent\u00e9s.<\/p>\n\n\n\n<p>Et merci \u00e0 la R\u00e9gion Sud Provence-Alpes-C\u00f4te d&rsquo;Azur pour son soutien.<\/p>\n","protected":false},"excerpt":{"rendered":"<p>Les \u00e9tudiants du cursus ISMIN se sont gliss\u00e9s dans la peau d&rsquo;un entrepreneur lors d&rsquo;une journ\u00e9e immersive organis\u00e9e le jeudi 23 janvier sur le Campus Aix-Marseille-Provence. Ils ont v\u00e9cu une aventure entrepreneuriale exceptionnelle de fa\u00e7on intensive. 13 \u00e9quipes mixtes et &hellip;<\/p>\n","protected":false},"author":2,"featured_media":27822,"comment_status":"closed","ping_status":"open","sticky":false,"template":"","format":"standard","meta":{"_relevanssi_hide_post":"","_relevanssi_hide_content":"","_relevanssi_pin_for_all":"","_relevanssi_pin_keywords":"","_relevanssi_unpin_keywords":"","_relevanssi_related_keywords":"","_relevanssi_related_include_ids":"","_relevanssi_related_exclude_ids":"","_relevanssi_related_no_append":"","_relevanssi_related_not_related":"","_relevanssi_related_posts":"21035,8197,26430,16041,27612,24126","_relevanssi_noindex_reason":"","footnotes":""},"categories":[6],"tags":[984,971,981,42,980],"class_list":["post-27820","post","type-post","status-publish","format-standard","has-post-thumbnail","hentry","category-formation","tag-8h-chrono","tag-campus-aix-marseille-provence","tag-crge","tag-ismin","tag-pepite-provence-2"],"pp_statuses_selecting_workflow":false,"pp_workflow_action":"current","pp_status_selection":"publish","pp_force_visibility":null,"pp_subpost_visibility":null,"pp_inherited_force_visibility":null,"pp_inherited_subpost_visibility":null,"yoast_head":"<!-- This site is optimized with the Yoast SEO plugin v27.5 - https:\/\/yoast.com\/product\/yoast-seo-wordpress\/ -->\n<title>Vis ma vie d&#039;entrepreneur en 8h chrono! - Panoramines<\/title>\n<meta name=\"robots\" content=\"index, follow, max-snippet:-1, max-image-preview:large, max-video-preview:-1\" \/>\n<link rel=\"canonical\" href=\"https:\/\/www.mines-stetienne.fr\/panoramines\/2025\/01\/27\/vis-ma-vie-dentrepreneur-en-8h-chrono\/\" \/>\n<meta property=\"og:locale\" content=\"fr_FR\" \/>\n<meta property=\"og:type\" content=\"article\" \/>\n<meta property=\"og:title\" content=\"Vis ma vie d&#039;entrepreneur en 8h chrono! - Panoramines\" \/>\n<meta property=\"og:description\" content=\"Les \u00e9tudiants du cursus ISMIN se sont gliss\u00e9s dans la peau d&rsquo;un entrepreneur lors d&rsquo;une journ\u00e9e immersive organis\u00e9e le jeudi 23 janvier sur le Campus Aix-Marseille-Provence. Ils ont v\u00e9cu une aventure entrepreneuriale exceptionnelle de fa\u00e7on intensive. 13 \u00e9quipes mixtes et &hellip;\" \/>\n<meta property=\"og:url\" content=\"https:\/\/www.mines-stetienne.fr\/panoramines\/2025\/01\/27\/vis-ma-vie-dentrepreneur-en-8h-chrono\/\" \/>\n<meta property=\"og:site_name\" content=\"Panoramines\" \/>\n<meta property=\"article:author\" content=\"jjj\" \/>\n<meta property=\"article:published_time\" content=\"2025-01-27T14:18:23+00:00\" \/>\n<meta property=\"article:modified_time\" content=\"2025-03-15T10:40:34+00:00\" \/>\n<meta property=\"og:image\" content=\"https:\/\/www.mines-stetienne.fr\/panoramines\/wp-content\/uploads\/sites\/3\/2025\/01\/Ambiance.jpg\" \/>\n\t<meta property=\"og:image:width\" content=\"889\" \/>\n\t<meta property=\"og:image:height\" content=\"710\" \/>\n\t<meta property=\"og:image:type\" content=\"image\/jpeg\" \/>\n<meta name=\"author\" content=\"Gr\u00e9goire\" \/>\n<meta name=\"twitter:card\" content=\"summary_large_image\" \/>\n<meta name=\"twitter:creator\" content=\"@qqq\" \/>\n<meta name=\"twitter:label1\" content=\"\u00c9crit par\" \/>\n\t<meta name=\"twitter:data1\" content=\"Gr\u00e9goire\" \/>\n\t<meta name=\"twitter:label2\" content=\"Dur\u00e9e de lecture estim\u00e9e\" \/>\n\t<meta name=\"twitter:data2\" content=\"2 minutes\" \/>\n<script type=\"application\/ld+json\" class=\"yoast-schema-graph\">{\"@context\":\"https:\\\/\\\/schema.org\",\"@graph\":[{\"@type\":\"Article\",\"@id\":\"https:\\\/\\\/www.mines-stetienne.fr\\\/panoramines\\\/2025\\\/01\\\/27\\\/vis-ma-vie-dentrepreneur-en-8h-chrono\\\/#article\",\"isPartOf\":{\"@id\":\"https:\\\/\\\/www.mines-stetienne.fr\\\/panoramines\\\/2025\\\/01\\\/27\\\/vis-ma-vie-dentrepreneur-en-8h-chrono\\\/\"},\"author\":{\"name\":\"Gr\u00e9goire\",\"@id\":\"https:\\\/\\\/www.mines-stetienne.fr\\\/panoramines\\\/#\\\/schema\\\/person\\\/53c118c529c866c1454c8138b35880e8\"},\"headline\":\"Vis ma vie d&rsquo;entrepreneur en 8h chrono!\",\"datePublished\":\"2025-01-27T14:18:23+00:00\",\"dateModified\":\"2025-03-15T10:40:34+00:00\",\"mainEntityOfPage\":{\"@id\":\"https:\\\/\\\/www.mines-stetienne.fr\\\/panoramines\\\/2025\\\/01\\\/27\\\/vis-ma-vie-dentrepreneur-en-8h-chrono\\\/\"},\"wordCount\":250,\"image\":{\"@id\":\"https:\\\/\\\/www.mines-stetienne.fr\\\/panoramines\\\/2025\\\/01\\\/27\\\/vis-ma-vie-dentrepreneur-en-8h-chrono\\\/#primaryimage\"},\"thumbnailUrl\":\"https:\\\/\\\/www.mines-stetienne.fr\\\/panoramines\\\/wp-content\\\/uploads\\\/sites\\\/3\\\/2025\\\/01\\\/Ambiance.jpg\",\"keywords\":[\"8h chrono\",\"Campus Aix-Marseille-Provence\",\"CRGE\",\"ISMIN\",\"P\u00e9pite Provence\"],\"articleSection\":[\"Formation\"],\"inLanguage\":\"fr-FR\"},{\"@type\":\"WebPage\",\"@id\":\"https:\\\/\\\/www.mines-stetienne.fr\\\/panoramines\\\/2025\\\/01\\\/27\\\/vis-ma-vie-dentrepreneur-en-8h-chrono\\\/\",\"url\":\"https:\\\/\\\/www.mines-stetienne.fr\\\/panoramines\\\/2025\\\/01\\\/27\\\/vis-ma-vie-dentrepreneur-en-8h-chrono\\\/\",\"name\":\"Vis ma vie d'entrepreneur en 8h chrono! - Panoramines\",\"isPartOf\":{\"@id\":\"https:\\\/\\\/www.mines-stetienne.fr\\\/panoramines\\\/#website\"},\"primaryImageOfPage\":{\"@id\":\"https:\\\/\\\/www.mines-stetienne.fr\\\/panoramines\\\/2025\\\/01\\\/27\\\/vis-ma-vie-dentrepreneur-en-8h-chrono\\\/#primaryimage\"},\"image\":{\"@id\":\"https:\\\/\\\/www.mines-stetienne.fr\\\/panoramines\\\/2025\\\/01\\\/27\\\/vis-ma-vie-dentrepreneur-en-8h-chrono\\\/#primaryimage\"},\"thumbnailUrl\":\"https:\\\/\\\/www.mines-stetienne.fr\\\/panoramines\\\/wp-content\\\/uploads\\\/sites\\\/3\\\/2025\\\/01\\\/Ambiance.jpg\",\"datePublished\":\"2025-01-27T14:18:23+00:00\",\"dateModified\":\"2025-03-15T10:40:34+00:00\",\"author\":{\"@id\":\"https:\\\/\\\/www.mines-stetienne.fr\\\/panoramines\\\/#\\\/schema\\\/person\\\/53c118c529c866c1454c8138b35880e8\"},\"breadcrumb\":{\"@id\":\"https:\\\/\\\/www.mines-stetienne.fr\\\/panoramines\\\/2025\\\/01\\\/27\\\/vis-ma-vie-dentrepreneur-en-8h-chrono\\\/#breadcrumb\"},\"inLanguage\":\"fr-FR\",\"potentialAction\":[{\"@type\":\"ReadAction\",\"target\":[\"https:\\\/\\\/www.mines-stetienne.fr\\\/panoramines\\\/2025\\\/01\\\/27\\\/vis-ma-vie-dentrepreneur-en-8h-chrono\\\/\"]}]},{\"@type\":\"ImageObject\",\"inLanguage\":\"fr-FR\",\"@id\":\"https:\\\/\\\/www.mines-stetienne.fr\\\/panoramines\\\/2025\\\/01\\\/27\\\/vis-ma-vie-dentrepreneur-en-8h-chrono\\\/#primaryimage\",\"url\":\"https:\\\/\\\/www.mines-stetienne.fr\\\/panoramines\\\/wp-content\\\/uploads\\\/sites\\\/3\\\/2025\\\/01\\\/Ambiance.jpg\",\"contentUrl\":\"https:\\\/\\\/www.mines-stetienne.fr\\\/panoramines\\\/wp-content\\\/uploads\\\/sites\\\/3\\\/2025\\\/01\\\/Ambiance.jpg\",\"width\":889,\"height\":710},{\"@type\":\"BreadcrumbList\",\"@id\":\"https:\\\/\\\/www.mines-stetienne.fr\\\/panoramines\\\/2025\\\/01\\\/27\\\/vis-ma-vie-dentrepreneur-en-8h-chrono\\\/#breadcrumb\",\"itemListElement\":[{\"@type\":\"ListItem\",\"position\":1,\"name\":\"Accueil\",\"item\":\"https:\\\/\\\/www.mines-stetienne.fr\\\/panoramines\\\/\"},{\"@type\":\"ListItem\",\"position\":2,\"name\":\"Vis ma vie d&rsquo;entrepreneur en 8h chrono!\"}]},{\"@type\":\"WebSite\",\"@id\":\"https:\\\/\\\/www.mines-stetienne.fr\\\/panoramines\\\/#website\",\"url\":\"https:\\\/\\\/www.mines-stetienne.fr\\\/panoramines\\\/\",\"name\":\"Panoramines\",\"description\":\"Panoramines, l\u2019actualit\u00e9 de MINES Saint-\u00c9tienne\",\"potentialAction\":[{\"@type\":\"SearchAction\",\"target\":{\"@type\":\"EntryPoint\",\"urlTemplate\":\"https:\\\/\\\/www.mines-stetienne.fr\\\/panoramines\\\/?s={search_term_string}\"},\"query-input\":{\"@type\":\"PropertyValueSpecification\",\"valueRequired\":true,\"valueName\":\"search_term_string\"}}],\"inLanguage\":\"fr-FR\"},{\"@type\":\"Person\",\"@id\":\"https:\\\/\\\/www.mines-stetienne.fr\\\/panoramines\\\/#\\\/schema\\\/person\\\/53c118c529c866c1454c8138b35880e8\",\"name\":\"Gr\u00e9goire\",\"image\":{\"@type\":\"ImageObject\",\"inLanguage\":\"fr-FR\",\"@id\":\"https:\\\/\\\/www.mines-stetienne.fr\\\/panoramines\\\/wp-content\\\/uploads\\\/sites\\\/3\\\/2021\\\/07\\\/logo-75x75-1.png\",\"url\":\"https:\\\/\\\/www.mines-stetienne.fr\\\/panoramines\\\/wp-content\\\/uploads\\\/sites\\\/3\\\/2021\\\/07\\\/logo-75x75-1.png\",\"contentUrl\":\"https:\\\/\\\/www.mines-stetienne.fr\\\/panoramines\\\/wp-content\\\/uploads\\\/sites\\\/3\\\/2021\\\/07\\\/logo-75x75-1.png\",\"caption\":\"Gr\u00e9goire\"},\"sameAs\":[\"http:\\\/\\\/www.mines-stetienne.fr\",\"jjj\",\"kkk\",\"aaa\",\"mmm\",\"https:\\\/\\\/x.com\\\/qqq\",\"lll\",\"rrr\",\"nnn\",\"ooo\",\"ppp\"],\"url\":\"https:\\\/\\\/www.mines-stetienne.fr\\\/panoramines\\\/author\\\/gregoire\\\/\"}]}<\/script>\n<!-- \/ Yoast SEO plugin. -->","yoast_head_json":{"title":"Vis ma vie d'entrepreneur en 8h chrono! - Panoramines","robots":{"index":"index","follow":"follow","max-snippet":"max-snippet:-1","max-image-preview":"max-image-preview:large","max-video-preview":"max-video-preview:-1"},"canonical":"https:\/\/www.mines-stetienne.fr\/panoramines\/2025\/01\/27\/vis-ma-vie-dentrepreneur-en-8h-chrono\/","og_locale":"fr_FR","og_type":"article","og_title":"Vis ma vie d'entrepreneur en 8h chrono! - Panoramines","og_description":"Les \u00e9tudiants du cursus ISMIN se sont gliss\u00e9s dans la peau d&rsquo;un entrepreneur lors d&rsquo;une journ\u00e9e immersive organis\u00e9e le jeudi 23 janvier sur le Campus Aix-Marseille-Provence. Ils ont v\u00e9cu une aventure entrepreneuriale exceptionnelle de fa\u00e7on intensive. 13 \u00e9quipes mixtes et &hellip;","og_url":"https:\/\/www.mines-stetienne.fr\/panoramines\/2025\/01\/27\/vis-ma-vie-dentrepreneur-en-8h-chrono\/","og_site_name":"Panoramines","article_author":"jjj","article_published_time":"2025-01-27T14:18:23+00:00","article_modified_time":"2025-03-15T10:40:34+00:00","og_image":[{"width":889,"height":710,"url":"https:\/\/www.mines-stetienne.fr\/panoramines\/wp-content\/uploads\/sites\/3\/2025\/01\/Ambiance.jpg","type":"image\/jpeg"}],"author":"Gr\u00e9goire","twitter_card":"summary_large_image","twitter_creator":"@qqq","twitter_misc":{"\u00c9crit par":"Gr\u00e9goire","Dur\u00e9e de lecture estim\u00e9e":"2 minutes"},"schema":{"@context":"https:\/\/schema.org","@graph":[{"@type":"Article","@id":"https:\/\/www.mines-stetienne.fr\/panoramines\/2025\/01\/27\/vis-ma-vie-dentrepreneur-en-8h-chrono\/#article","isPartOf":{"@id":"https:\/\/www.mines-stetienne.fr\/panoramines\/2025\/01\/27\/vis-ma-vie-dentrepreneur-en-8h-chrono\/"},"author":{"name":"Gr\u00e9goire","@id":"https:\/\/www.mines-stetienne.fr\/panoramines\/#\/schema\/person\/53c118c529c866c1454c8138b35880e8"},"headline":"Vis ma vie d&rsquo;entrepreneur en 8h chrono!","datePublished":"2025-01-27T14:18:23+00:00","dateModified":"2025-03-15T10:40:34+00:00","mainEntityOfPage":{"@id":"https:\/\/www.mines-stetienne.fr\/panoramines\/2025\/01\/27\/vis-ma-vie-dentrepreneur-en-8h-chrono\/"},"wordCount":250,"image":{"@id":"https:\/\/www.mines-stetienne.fr\/panoramines\/2025\/01\/27\/vis-ma-vie-dentrepreneur-en-8h-chrono\/#primaryimage"},"thumbnailUrl":"https:\/\/www.mines-stetienne.fr\/panoramines\/wp-content\/uploads\/sites\/3\/2025\/01\/Ambiance.jpg","keywords":["8h chrono","Campus Aix-Marseille-Provence","CRGE","ISMIN","P\u00e9pite Provence"],"articleSection":["Formation"],"inLanguage":"fr-FR"},{"@type":"WebPage","@id":"https:\/\/www.mines-stetienne.fr\/panoramines\/2025\/01\/27\/vis-ma-vie-dentrepreneur-en-8h-chrono\/","url":"https:\/\/www.mines-stetienne.fr\/panoramines\/2025\/01\/27\/vis-ma-vie-dentrepreneur-en-8h-chrono\/","name":"Vis ma vie d'entrepreneur en 8h chrono! - Panoramines","isPartOf":{"@id":"https:\/\/www.mines-stetienne.fr\/panoramines\/#website"},"primaryImageOfPage":{"@id":"https:\/\/www.mines-stetienne.fr\/panoramines\/2025\/01\/27\/vis-ma-vie-dentrepreneur-en-8h-chrono\/#primaryimage"},"image":{"@id":"https:\/\/www.mines-stetienne.fr\/panoramines\/2025\/01\/27\/vis-ma-vie-dentrepreneur-en-8h-chrono\/#primaryimage"},"thumbnailUrl":"https:\/\/www.mines-stetienne.fr\/panoramines\/wp-content\/uploads\/sites\/3\/2025\/01\/Ambiance.jpg","datePublished":"2025-01-27T14:18:23+00:00","dateModified":"2025-03-15T10:40:34+00:00","author":{"@id":"https:\/\/www.mines-stetienne.fr\/panoramines\/#\/schema\/person\/53c118c529c866c1454c8138b35880e8"},"breadcrumb":{"@id":"https:\/\/www.mines-stetienne.fr\/panoramines\/2025\/01\/27\/vis-ma-vie-dentrepreneur-en-8h-chrono\/#breadcrumb"},"inLanguage":"fr-FR","potentialAction":[{"@type":"ReadAction","target":["https:\/\/www.mines-stetienne.fr\/panoramines\/2025\/01\/27\/vis-ma-vie-dentrepreneur-en-8h-chrono\/"]}]},{"@type":"ImageObject","inLanguage":"fr-FR","@id":"https:\/\/www.mines-stetienne.fr\/panoramines\/2025\/01\/27\/vis-ma-vie-dentrepreneur-en-8h-chrono\/#primaryimage","url":"https:\/\/www.mines-stetienne.fr\/panoramines\/wp-content\/uploads\/sites\/3\/2025\/01\/Ambiance.jpg","contentUrl":"https:\/\/www.mines-stetienne.fr\/panoramines\/wp-content\/uploads\/sites\/3\/2025\/01\/Ambiance.jpg","width":889,"height":710},{"@type":"BreadcrumbList","@id":"https:\/\/www.mines-stetienne.fr\/panoramines\/2025\/01\/27\/vis-ma-vie-dentrepreneur-en-8h-chrono\/#breadcrumb","itemListElement":[{"@type":"ListItem","position":1,"name":"Accueil","item":"https:\/\/www.mines-stetienne.fr\/panoramines\/"},{"@type":"ListItem","position":2,"name":"Vis ma vie d&rsquo;entrepreneur en 8h chrono!"}]},{"@type":"WebSite","@id":"https:\/\/www.mines-stetienne.fr\/panoramines\/#website","url":"https:\/\/www.mines-stetienne.fr\/panoramines\/","name":"Panoramines","description":"Panoramines, l\u2019actualit\u00e9 de MINES Saint-\u00c9tienne","potentialAction":[{"@type":"SearchAction","target":{"@type":"EntryPoint","urlTemplate":"https:\/\/www.mines-stetienne.fr\/panoramines\/?s={search_term_string}"},"query-input":{"@type":"PropertyValueSpecification","valueRequired":true,"valueName":"search_term_string"}}],"inLanguage":"fr-FR"},{"@type":"Person","@id":"https:\/\/www.mines-stetienne.fr\/panoramines\/#\/schema\/person\/53c118c529c866c1454c8138b35880e8","name":"Gr\u00e9goire","image":{"@type":"ImageObject","inLanguage":"fr-FR","@id":"https:\/\/www.mines-stetienne.fr\/panoramines\/wp-content\/uploads\/sites\/3\/2021\/07\/logo-75x75-1.png","url":"https:\/\/www.mines-stetienne.fr\/panoramines\/wp-content\/uploads\/sites\/3\/2021\/07\/logo-75x75-1.png","contentUrl":"https:\/\/www.mines-stetienne.fr\/panoramines\/wp-content\/uploads\/sites\/3\/2021\/07\/logo-75x75-1.png","caption":"Gr\u00e9goire"},"sameAs":["http:\/\/www.mines-stetienne.fr","jjj","kkk","aaa","mmm","https:\/\/x.com\/qqq","lll","rrr","nnn","ooo","ppp"],"url":"https:\/\/www.mines-stetienne.fr\/panoramines\/author\/gregoire\/"}]}},"_links":{"self":[{"href":"https:\/\/www.mines-stetienne.fr\/panoramines\/wp-json\/wp\/v2\/posts\/27820","targetHints":{"allow":["GET"]}}],"collection":[{"href":"https:\/\/www.mines-stetienne.fr\/panoramines\/wp-json\/wp\/v2\/posts"}],"about":[{"href":"https:\/\/www.mines-stetienne.fr\/panoramines\/wp-json\/wp\/v2\/types\/post"}],"author":[{"embeddable":true,"href":"https:\/\/www.mines-stetienne.fr\/panoramines\/wp-json\/wp\/v2\/users\/2"}],"replies":[{"embeddable":true,"href":"https:\/\/www.mines-stetienne.fr\/panoramines\/wp-json\/wp\/v2\/comments?post=27820"}],"version-history":[{"count":6,"href":"https:\/\/www.mines-stetienne.fr\/panoramines\/wp-json\/wp\/v2\/posts\/27820\/revisions"}],"predecessor-version":[{"id":28055,"href":"https:\/\/www.mines-stetienne.fr\/panoramines\/wp-json\/wp\/v2\/posts\/27820\/revisions\/28055"}],"wp:featuredmedia":[{"embeddable":true,"href":"https:\/\/www.mines-stetienne.fr\/panoramines\/wp-json\/wp\/v2\/media\/27822"}],"wp:attachment":[{"href":"https:\/\/www.mines-stetienne.fr\/panoramines\/wp-json\/wp\/v2\/media?parent=27820"}],"wp:term":[{"taxonomy":"category","embeddable":true,"href":"https:\/\/www.mines-stetienne.fr\/panoramines\/wp-json\/wp\/v2\/categories?post=27820"},{"taxonomy":"post_tag","embeddable":true,"href":"https:\/\/www.mines-stetienne.fr\/panoramines\/wp-json\/wp\/v2\/tags?post=27820"}],"curies":[{"name":"wp","href":"https:\/\/api.w.org\/{rel}","templated":true}]}}