{"id":27612,"date":"2024-12-10T09:56:39","date_gmt":"2024-12-10T08:56:39","guid":{"rendered":"https:\/\/www.mines-stetienne.fr\/panoramines\/?p=27612"},"modified":"2025-03-15T11:43:07","modified_gmt":"2025-03-15T10:43:07","slug":"le-campus-aix-marseille-provence-fete-ses-100-diplomes","status":"publish","type":"post","link":"https:\/\/www.mines-stetienne.fr\/panoramines\/2024\/12\/10\/le-campus-aix-marseille-provence-fete-ses-100-diplomes\/","title":{"rendered":"Le Campus Aix-Marseille-Provence f\u00eate ses 100 dipl\u00f4m\u00e9s"},"content":{"rendered":"\n<h2 class=\"wp-block-heading\">Le Campus Aix-Marseille-Provence a accueilli la traditionnelle remise des dipl\u00f4mes des \u00e9tudiants du cursus ISMIN le samedi 30 novembre. Un moment \u00e0 marquer d&rsquo;une pierre blanche pour ces ing\u00e9nieurs en devenir et leurs familles.<\/h2>\n\n\n\n<p>En uniforme, \u00e9mus et fiers, les jeunes ing\u00e9nieurs ont re\u00e7u le dipl\u00f4me sanctionnant leurs trois ann\u00e9es d\u2019\u00e9tudes dans l\u2019\u00e9tablissement des mains de Jacques Fayolle, directeur de Mines Saint-\u00c9tienne.<\/p>\n\n\n\n<p>Ponctu\u00e9e d\u2019interventions \u00e9clairantes et de vid\u00e9os inspirantes, la c\u00e9r\u00e9monie a \u00e9t\u00e9 l\u2019occasion d\u2019\u00e9voquer les points forts de la formation, les nombreuses comp\u00e9tences en micro\u00e9lectronique et informatique acquises dans ce cadre, sans oublier la richesse de la vie \u00e9tudiante sur le site.<\/p>\n\n\n\n<p>C\u00e9dric Demeure, directeur du centre de Recherche Corporate de Thales pour la France et parrain de la promotion, a soulign\u00e9 l&rsquo;importance d&rsquo;une utilisation raisonn\u00e9e de ces savoirs dans son discours : \u00ab\u00a0<em>Vous avez d\u00e9sormais entre vos mains des technologies formidables, \u00e0 un niveau jamais atteint par l\u2019humanit\u00e9 jusqu\u2019ici : le num\u00e9rique, les \u00e9nergies renouvelables, les mat\u00e9riaux innovants, les syst\u00e8mes connect\u00e9s\u2026 Sans compter des technologies de rupture propres \u00e0 bouleverser notre monde telles que le quantique ou l\u2019intelligence artificielle. Mais ce ne sont que des outils. Ce qui leur donne un sens, ce qui leur conf\u00e8re une v\u00e9ritable valeur, c\u2019est l\u2019usage que vous en ferez. Utilisez ces technologies pour inclure, et non exclure pour r\u00e9duire les \u00e9carts entre les territoires et entre les g\u00e9n\u00e9rations.<\/em>\u00ab\u00a0<\/p>\n\n\n\n<figure class=\"wp-block-gallery has-nested-images columns-default is-cropped wp-block-gallery-2 is-layout-flex wp-block-gallery-is-layout-flex\">\n<figure class=\"wp-block-image size-large\"><img loading=\"lazy\" decoding=\"async\" width=\"1024\" height=\"683\" data-id=\"27638\" src=\"https:\/\/www.mines-stetienne.fr\/panoramines\/wp-content\/uploads\/sites\/3\/2024\/12\/Ambiance-2.jpg\" alt=\"\" class=\"wp-image-27638\" srcset=\"https:\/\/www.mines-stetienne.fr\/panoramines\/wp-content\/uploads\/sites\/3\/2024\/12\/Ambiance-2.jpg 1024w, https:\/\/www.mines-stetienne.fr\/panoramines\/wp-content\/uploads\/sites\/3\/2024\/12\/Ambiance-2-300x200.jpg 300w, https:\/\/www.mines-stetienne.fr\/panoramines\/wp-content\/uploads\/sites\/3\/2024\/12\/Ambiance-2-768x512.jpg 768w\" sizes=\"auto, (max-width: 1024px) 100vw, 1024px\" \/><\/figure>\n\n\n\n<figure class=\"wp-block-image size-large\"><img loading=\"lazy\" decoding=\"async\" width=\"1024\" height=\"683\" data-id=\"27637\" src=\"https:\/\/www.mines-stetienne.fr\/panoramines\/wp-content\/uploads\/sites\/3\/2024\/12\/Ambiance-3.jpg\" alt=\"\" class=\"wp-image-27637\" srcset=\"https:\/\/www.mines-stetienne.fr\/panoramines\/wp-content\/uploads\/sites\/3\/2024\/12\/Ambiance-3.jpg 1024w, https:\/\/www.mines-stetienne.fr\/panoramines\/wp-content\/uploads\/sites\/3\/2024\/12\/Ambiance-3-300x200.jpg 300w, https:\/\/www.mines-stetienne.fr\/panoramines\/wp-content\/uploads\/sites\/3\/2024\/12\/Ambiance-3-768x512.jpg 768w\" sizes=\"auto, (max-width: 1024px) 100vw, 1024px\" \/><\/figure>\n\n\n\n<figure class=\"wp-block-image size-large\"><img loading=\"lazy\" decoding=\"async\" width=\"1024\" height=\"683\" data-id=\"27635\" src=\"https:\/\/www.mines-stetienne.fr\/panoramines\/wp-content\/uploads\/sites\/3\/2024\/12\/Ambiance-4.jpg\" alt=\"\" class=\"wp-image-27635\" srcset=\"https:\/\/www.mines-stetienne.fr\/panoramines\/wp-content\/uploads\/sites\/3\/2024\/12\/Ambiance-4.jpg 1024w, https:\/\/www.mines-stetienne.fr\/panoramines\/wp-content\/uploads\/sites\/3\/2024\/12\/Ambiance-4-300x200.jpg 300w, https:\/\/www.mines-stetienne.fr\/panoramines\/wp-content\/uploads\/sites\/3\/2024\/12\/Ambiance-4-768x512.jpg 768w\" sizes=\"auto, (max-width: 1024px) 100vw, 1024px\" \/><\/figure>\n\n\n\n<figure class=\"wp-block-image size-large\"><img loading=\"lazy\" decoding=\"async\" width=\"1024\" height=\"683\" data-id=\"27639\" src=\"https:\/\/www.mines-stetienne.fr\/panoramines\/wp-content\/uploads\/sites\/3\/2024\/12\/Ambiance-5.jpg\" alt=\"\" class=\"wp-image-27639\" srcset=\"https:\/\/www.mines-stetienne.fr\/panoramines\/wp-content\/uploads\/sites\/3\/2024\/12\/Ambiance-5.jpg 1024w, https:\/\/www.mines-stetienne.fr\/panoramines\/wp-content\/uploads\/sites\/3\/2024\/12\/Ambiance-5-300x200.jpg 300w, https:\/\/www.mines-stetienne.fr\/panoramines\/wp-content\/uploads\/sites\/3\/2024\/12\/Ambiance-5-768x512.jpg 768w\" sizes=\"auto, (max-width: 1024px) 100vw, 1024px\" \/><\/figure>\n\n\n\n<figure class=\"wp-block-image size-large\"><img loading=\"lazy\" decoding=\"async\" width=\"1024\" height=\"683\" data-id=\"27636\" src=\"https:\/\/www.mines-stetienne.fr\/panoramines\/wp-content\/uploads\/sites\/3\/2024\/12\/Ambiance-groupe.jpg\" alt=\"\" class=\"wp-image-27636\" srcset=\"https:\/\/www.mines-stetienne.fr\/panoramines\/wp-content\/uploads\/sites\/3\/2024\/12\/Ambiance-groupe.jpg 1024w, https:\/\/www.mines-stetienne.fr\/panoramines\/wp-content\/uploads\/sites\/3\/2024\/12\/Ambiance-groupe-300x200.jpg 300w, https:\/\/www.mines-stetienne.fr\/panoramines\/wp-content\/uploads\/sites\/3\/2024\/12\/Ambiance-groupe-768x512.jpg 768w\" sizes=\"auto, (max-width: 1024px) 100vw, 1024px\" \/><\/figure>\n\n\n\n<figure class=\"wp-block-image size-large\"><img loading=\"lazy\" decoding=\"async\" width=\"1024\" height=\"683\" data-id=\"27640\" src=\"https:\/\/www.mines-stetienne.fr\/panoramines\/wp-content\/uploads\/sites\/3\/2024\/12\/Delafosse.jpg\" alt=\"\" class=\"wp-image-27640\" srcset=\"https:\/\/www.mines-stetienne.fr\/panoramines\/wp-content\/uploads\/sites\/3\/2024\/12\/Delafosse.jpg 1024w, https:\/\/www.mines-stetienne.fr\/panoramines\/wp-content\/uploads\/sites\/3\/2024\/12\/Delafosse-300x200.jpg 300w, https:\/\/www.mines-stetienne.fr\/panoramines\/wp-content\/uploads\/sites\/3\/2024\/12\/Delafosse-768x512.jpg 768w\" sizes=\"auto, (max-width: 1024px) 100vw, 1024px\" \/><\/figure>\n\n\n\n<figure class=\"wp-block-image size-large\"><img loading=\"lazy\" decoding=\"async\" width=\"1024\" height=\"683\" data-id=\"27641\" src=\"https:\/\/www.mines-stetienne.fr\/panoramines\/wp-content\/uploads\/sites\/3\/2024\/12\/Lampe.jpg\" alt=\"\" class=\"wp-image-27641\" srcset=\"https:\/\/www.mines-stetienne.fr\/panoramines\/wp-content\/uploads\/sites\/3\/2024\/12\/Lampe.jpg 1024w, https:\/\/www.mines-stetienne.fr\/panoramines\/wp-content\/uploads\/sites\/3\/2024\/12\/Lampe-300x200.jpg 300w, https:\/\/www.mines-stetienne.fr\/panoramines\/wp-content\/uploads\/sites\/3\/2024\/12\/Lampe-768x512.jpg 768w\" sizes=\"auto, (max-width: 1024px) 100vw, 1024px\" \/><\/figure>\n<\/figure>\n\n\n\n<p>Apr\u00e8s la c\u00e9r\u00e9monie dans la salle Sainte-Victoire, tous les invit\u00e9s ont \u00e9t\u00e9 convi\u00e9s \u00e0 partager un moment convivial autour d\u2019un cocktail.<\/p>\n\n\n\n<p>Pour prolonger la journ\u00e9e dans une ambiance festive, les \u00e9tudiants et leurs familles ont ensuite assist\u00e9 \u00e0 un spectacle musical organis\u00e9 par l\u2019association Gala.<\/p>\n\n\n\n<p>F\u00e9licitations et bon vent \u00e0 tous les dipl\u00f4m\u00e9s !<\/p>\n","protected":false},"excerpt":{"rendered":"<p>Le Campus Aix-Marseille-Provence a accueilli la traditionnelle remise des dipl\u00f4mes des \u00e9tudiants du cursus ISMIN le samedi 30 novembre. Un moment \u00e0 marquer d&rsquo;une pierre blanche pour ces ing\u00e9nieurs en devenir et leurs familles. En uniforme, \u00e9mus et fiers, les &hellip;<\/p>\n","protected":false},"author":2,"featured_media":27634,"comment_status":"closed","ping_status":"open","sticky":false,"template":"","format":"standard","meta":{"_relevanssi_hide_post":"","_relevanssi_hide_content":"","_relevanssi_pin_for_all":"","_relevanssi_pin_keywords":"","_relevanssi_unpin_keywords":"","_relevanssi_related_keywords":"","_relevanssi_related_include_ids":"","_relevanssi_related_exclude_ids":"","_relevanssi_related_no_append":"","_relevanssi_related_not_related":"","_relevanssi_related_posts":"27537,17058,26949,24527,15495,16948","_relevanssi_noindex_reason":"","footnotes":""},"categories":[11],"tags":[971,42,972],"class_list":["post-27612","post","type-post","status-publish","format-standard","has-post-thumbnail","hentry","category-vie-de-l-ecole","tag-campus-aix-marseille-provence","tag-ismin","tag-remise-des-diplomes"],"pp_statuses_selecting_workflow":false,"pp_workflow_action":"current","pp_status_selection":"publish","pp_force_visibility":null,"pp_subpost_visibility":null,"pp_inherited_force_visibility":null,"pp_inherited_subpost_visibility":null,"yoast_head":"<!-- This site is optimized with the Yoast SEO plugin v27.5 - https:\/\/yoast.com\/product\/yoast-seo-wordpress\/ -->\n<title>Le Campus Aix-Marseille-Provence f\u00eate ses 100 dipl\u00f4m\u00e9s - Panoramines<\/title>\n<meta name=\"robots\" content=\"index, follow, max-snippet:-1, max-image-preview:large, max-video-preview:-1\" \/>\n<link rel=\"canonical\" href=\"https:\/\/www.mines-stetienne.fr\/panoramines\/2024\/12\/10\/le-campus-aix-marseille-provence-fete-ses-100-diplomes\/\" \/>\n<meta property=\"og:locale\" content=\"fr_FR\" \/>\n<meta property=\"og:type\" content=\"article\" \/>\n<meta property=\"og:title\" content=\"Le Campus Aix-Marseille-Provence f\u00eate ses 100 dipl\u00f4m\u00e9s - Panoramines\" \/>\n<meta property=\"og:description\" content=\"Le Campus Aix-Marseille-Provence a accueilli la traditionnelle remise des dipl\u00f4mes des \u00e9tudiants du cursus ISMIN le samedi 30 novembre. Un moment \u00e0 marquer d&rsquo;une pierre blanche pour ces ing\u00e9nieurs en devenir et leurs familles. En uniforme, \u00e9mus et fiers, les &hellip;\" \/>\n<meta property=\"og:url\" content=\"https:\/\/www.mines-stetienne.fr\/panoramines\/2024\/12\/10\/le-campus-aix-marseille-provence-fete-ses-100-diplomes\/\" \/>\n<meta property=\"og:site_name\" content=\"Panoramines\" \/>\n<meta property=\"article:author\" content=\"jjj\" \/>\n<meta property=\"article:published_time\" content=\"2024-12-10T08:56:39+00:00\" \/>\n<meta property=\"article:modified_time\" content=\"2025-03-15T10:43:07+00:00\" \/>\n<meta property=\"og:image\" content=\"https:\/\/www.mines-stetienne.fr\/panoramines\/wp-content\/uploads\/sites\/3\/2024\/12\/Diplomes-ISMIN.jpg\" \/>\n\t<meta property=\"og:image:width\" content=\"1024\" \/>\n\t<meta property=\"og:image:height\" content=\"683\" \/>\n\t<meta property=\"og:image:type\" content=\"image\/jpeg\" \/>\n<meta name=\"author\" content=\"Gr\u00e9goire\" \/>\n<meta name=\"twitter:card\" content=\"summary_large_image\" \/>\n<meta name=\"twitter:creator\" content=\"@qqq\" \/>\n<meta name=\"twitter:label1\" content=\"\u00c9crit par\" \/>\n\t<meta name=\"twitter:data1\" content=\"Gr\u00e9goire\" \/>\n\t<meta name=\"twitter:label2\" content=\"Dur\u00e9e de lecture estim\u00e9e\" \/>\n\t<meta name=\"twitter:data2\" content=\"4 minutes\" \/>\n<script type=\"application\/ld+json\" class=\"yoast-schema-graph\">{\"@context\":\"https:\\\/\\\/schema.org\",\"@graph\":[{\"@type\":\"Article\",\"@id\":\"https:\\\/\\\/www.mines-stetienne.fr\\\/panoramines\\\/2024\\\/12\\\/10\\\/le-campus-aix-marseille-provence-fete-ses-100-diplomes\\\/#article\",\"isPartOf\":{\"@id\":\"https:\\\/\\\/www.mines-stetienne.fr\\\/panoramines\\\/2024\\\/12\\\/10\\\/le-campus-aix-marseille-provence-fete-ses-100-diplomes\\\/\"},\"author\":{\"name\":\"Gr\u00e9goire\",\"@id\":\"https:\\\/\\\/www.mines-stetienne.fr\\\/panoramines\\\/#\\\/schema\\\/person\\\/53c118c529c866c1454c8138b35880e8\"},\"headline\":\"Le Campus Aix-Marseille-Provence f\u00eate ses 100 dipl\u00f4m\u00e9s\",\"datePublished\":\"2024-12-10T08:56:39+00:00\",\"dateModified\":\"2025-03-15T10:43:07+00:00\",\"mainEntityOfPage\":{\"@id\":\"https:\\\/\\\/www.mines-stetienne.fr\\\/panoramines\\\/2024\\\/12\\\/10\\\/le-campus-aix-marseille-provence-fete-ses-100-diplomes\\\/\"},\"wordCount\":325,\"image\":{\"@id\":\"https:\\\/\\\/www.mines-stetienne.fr\\\/panoramines\\\/2024\\\/12\\\/10\\\/le-campus-aix-marseille-provence-fete-ses-100-diplomes\\\/#primaryimage\"},\"thumbnailUrl\":\"https:\\\/\\\/www.mines-stetienne.fr\\\/panoramines\\\/wp-content\\\/uploads\\\/sites\\\/3\\\/2024\\\/12\\\/Diplomes-ISMIN.jpg\",\"keywords\":[\"Campus Aix-Marseille-Provence\",\"ISMIN\",\"Remise des dipl\u00f4mes\"],\"articleSection\":[\"Vie de l'\u00c9cole\"],\"inLanguage\":\"fr-FR\"},{\"@type\":\"WebPage\",\"@id\":\"https:\\\/\\\/www.mines-stetienne.fr\\\/panoramines\\\/2024\\\/12\\\/10\\\/le-campus-aix-marseille-provence-fete-ses-100-diplomes\\\/\",\"url\":\"https:\\\/\\\/www.mines-stetienne.fr\\\/panoramines\\\/2024\\\/12\\\/10\\\/le-campus-aix-marseille-provence-fete-ses-100-diplomes\\\/\",\"name\":\"Le Campus Aix-Marseille-Provence f\u00eate ses 100 dipl\u00f4m\u00e9s - Panoramines\",\"isPartOf\":{\"@id\":\"https:\\\/\\\/www.mines-stetienne.fr\\\/panoramines\\\/#website\"},\"primaryImageOfPage\":{\"@id\":\"https:\\\/\\\/www.mines-stetienne.fr\\\/panoramines\\\/2024\\\/12\\\/10\\\/le-campus-aix-marseille-provence-fete-ses-100-diplomes\\\/#primaryimage\"},\"image\":{\"@id\":\"https:\\\/\\\/www.mines-stetienne.fr\\\/panoramines\\\/2024\\\/12\\\/10\\\/le-campus-aix-marseille-provence-fete-ses-100-diplomes\\\/#primaryimage\"},\"thumbnailUrl\":\"https:\\\/\\\/www.mines-stetienne.fr\\\/panoramines\\\/wp-content\\\/uploads\\\/sites\\\/3\\\/2024\\\/12\\\/Diplomes-ISMIN.jpg\",\"datePublished\":\"2024-12-10T08:56:39+00:00\",\"dateModified\":\"2025-03-15T10:43:07+00:00\",\"author\":{\"@id\":\"https:\\\/\\\/www.mines-stetienne.fr\\\/panoramines\\\/#\\\/schema\\\/person\\\/53c118c529c866c1454c8138b35880e8\"},\"breadcrumb\":{\"@id\":\"https:\\\/\\\/www.mines-stetienne.fr\\\/panoramines\\\/2024\\\/12\\\/10\\\/le-campus-aix-marseille-provence-fete-ses-100-diplomes\\\/#breadcrumb\"},\"inLanguage\":\"fr-FR\",\"potentialAction\":[{\"@type\":\"ReadAction\",\"target\":[\"https:\\\/\\\/www.mines-stetienne.fr\\\/panoramines\\\/2024\\\/12\\\/10\\\/le-campus-aix-marseille-provence-fete-ses-100-diplomes\\\/\"]}]},{\"@type\":\"ImageObject\",\"inLanguage\":\"fr-FR\",\"@id\":\"https:\\\/\\\/www.mines-stetienne.fr\\\/panoramines\\\/2024\\\/12\\\/10\\\/le-campus-aix-marseille-provence-fete-ses-100-diplomes\\\/#primaryimage\",\"url\":\"https:\\\/\\\/www.mines-stetienne.fr\\\/panoramines\\\/wp-content\\\/uploads\\\/sites\\\/3\\\/2024\\\/12\\\/Diplomes-ISMIN.jpg\",\"contentUrl\":\"https:\\\/\\\/www.mines-stetienne.fr\\\/panoramines\\\/wp-content\\\/uploads\\\/sites\\\/3\\\/2024\\\/12\\\/Diplomes-ISMIN.jpg\",\"width\":1024,\"height\":683},{\"@type\":\"BreadcrumbList\",\"@id\":\"https:\\\/\\\/www.mines-stetienne.fr\\\/panoramines\\\/2024\\\/12\\\/10\\\/le-campus-aix-marseille-provence-fete-ses-100-diplomes\\\/#breadcrumb\",\"itemListElement\":[{\"@type\":\"ListItem\",\"position\":1,\"name\":\"Accueil\",\"item\":\"https:\\\/\\\/www.mines-stetienne.fr\\\/panoramines\\\/\"},{\"@type\":\"ListItem\",\"position\":2,\"name\":\"Le Campus Aix-Marseille-Provence f\u00eate ses 100 dipl\u00f4m\u00e9s\"}]},{\"@type\":\"WebSite\",\"@id\":\"https:\\\/\\\/www.mines-stetienne.fr\\\/panoramines\\\/#website\",\"url\":\"https:\\\/\\\/www.mines-stetienne.fr\\\/panoramines\\\/\",\"name\":\"Panoramines\",\"description\":\"Panoramines, l\u2019actualit\u00e9 de MINES Saint-\u00c9tienne\",\"potentialAction\":[{\"@type\":\"SearchAction\",\"target\":{\"@type\":\"EntryPoint\",\"urlTemplate\":\"https:\\\/\\\/www.mines-stetienne.fr\\\/panoramines\\\/?s={search_term_string}\"},\"query-input\":{\"@type\":\"PropertyValueSpecification\",\"valueRequired\":true,\"valueName\":\"search_term_string\"}}],\"inLanguage\":\"fr-FR\"},{\"@type\":\"Person\",\"@id\":\"https:\\\/\\\/www.mines-stetienne.fr\\\/panoramines\\\/#\\\/schema\\\/person\\\/53c118c529c866c1454c8138b35880e8\",\"name\":\"Gr\u00e9goire\",\"image\":{\"@type\":\"ImageObject\",\"inLanguage\":\"fr-FR\",\"@id\":\"https:\\\/\\\/www.mines-stetienne.fr\\\/panoramines\\\/wp-content\\\/uploads\\\/sites\\\/3\\\/2021\\\/07\\\/logo-75x75-1.png\",\"url\":\"https:\\\/\\\/www.mines-stetienne.fr\\\/panoramines\\\/wp-content\\\/uploads\\\/sites\\\/3\\\/2021\\\/07\\\/logo-75x75-1.png\",\"contentUrl\":\"https:\\\/\\\/www.mines-stetienne.fr\\\/panoramines\\\/wp-content\\\/uploads\\\/sites\\\/3\\\/2021\\\/07\\\/logo-75x75-1.png\",\"caption\":\"Gr\u00e9goire\"},\"sameAs\":[\"http:\\\/\\\/www.mines-stetienne.fr\",\"jjj\",\"kkk\",\"aaa\",\"mmm\",\"https:\\\/\\\/x.com\\\/qqq\",\"lll\",\"rrr\",\"nnn\",\"ooo\",\"ppp\"],\"url\":\"https:\\\/\\\/www.mines-stetienne.fr\\\/panoramines\\\/author\\\/gregoire\\\/\"}]}<\/script>\n<!-- \/ Yoast SEO plugin. -->","yoast_head_json":{"title":"Le Campus Aix-Marseille-Provence f\u00eate ses 100 dipl\u00f4m\u00e9s - Panoramines","robots":{"index":"index","follow":"follow","max-snippet":"max-snippet:-1","max-image-preview":"max-image-preview:large","max-video-preview":"max-video-preview:-1"},"canonical":"https:\/\/www.mines-stetienne.fr\/panoramines\/2024\/12\/10\/le-campus-aix-marseille-provence-fete-ses-100-diplomes\/","og_locale":"fr_FR","og_type":"article","og_title":"Le Campus Aix-Marseille-Provence f\u00eate ses 100 dipl\u00f4m\u00e9s - Panoramines","og_description":"Le Campus Aix-Marseille-Provence a accueilli la traditionnelle remise des dipl\u00f4mes des \u00e9tudiants du cursus ISMIN le samedi 30 novembre. Un moment \u00e0 marquer d&rsquo;une pierre blanche pour ces ing\u00e9nieurs en devenir et leurs familles. En uniforme, \u00e9mus et fiers, les &hellip;","og_url":"https:\/\/www.mines-stetienne.fr\/panoramines\/2024\/12\/10\/le-campus-aix-marseille-provence-fete-ses-100-diplomes\/","og_site_name":"Panoramines","article_author":"jjj","article_published_time":"2024-12-10T08:56:39+00:00","article_modified_time":"2025-03-15T10:43:07+00:00","og_image":[{"width":1024,"height":683,"url":"https:\/\/www.mines-stetienne.fr\/panoramines\/wp-content\/uploads\/sites\/3\/2024\/12\/Diplomes-ISMIN.jpg","type":"image\/jpeg"}],"author":"Gr\u00e9goire","twitter_card":"summary_large_image","twitter_creator":"@qqq","twitter_misc":{"\u00c9crit par":"Gr\u00e9goire","Dur\u00e9e de lecture estim\u00e9e":"4 minutes"},"schema":{"@context":"https:\/\/schema.org","@graph":[{"@type":"Article","@id":"https:\/\/www.mines-stetienne.fr\/panoramines\/2024\/12\/10\/le-campus-aix-marseille-provence-fete-ses-100-diplomes\/#article","isPartOf":{"@id":"https:\/\/www.mines-stetienne.fr\/panoramines\/2024\/12\/10\/le-campus-aix-marseille-provence-fete-ses-100-diplomes\/"},"author":{"name":"Gr\u00e9goire","@id":"https:\/\/www.mines-stetienne.fr\/panoramines\/#\/schema\/person\/53c118c529c866c1454c8138b35880e8"},"headline":"Le Campus Aix-Marseille-Provence f\u00eate ses 100 dipl\u00f4m\u00e9s","datePublished":"2024-12-10T08:56:39+00:00","dateModified":"2025-03-15T10:43:07+00:00","mainEntityOfPage":{"@id":"https:\/\/www.mines-stetienne.fr\/panoramines\/2024\/12\/10\/le-campus-aix-marseille-provence-fete-ses-100-diplomes\/"},"wordCount":325,"image":{"@id":"https:\/\/www.mines-stetienne.fr\/panoramines\/2024\/12\/10\/le-campus-aix-marseille-provence-fete-ses-100-diplomes\/#primaryimage"},"thumbnailUrl":"https:\/\/www.mines-stetienne.fr\/panoramines\/wp-content\/uploads\/sites\/3\/2024\/12\/Diplomes-ISMIN.jpg","keywords":["Campus Aix-Marseille-Provence","ISMIN","Remise des dipl\u00f4mes"],"articleSection":["Vie de l'\u00c9cole"],"inLanguage":"fr-FR"},{"@type":"WebPage","@id":"https:\/\/www.mines-stetienne.fr\/panoramines\/2024\/12\/10\/le-campus-aix-marseille-provence-fete-ses-100-diplomes\/","url":"https:\/\/www.mines-stetienne.fr\/panoramines\/2024\/12\/10\/le-campus-aix-marseille-provence-fete-ses-100-diplomes\/","name":"Le Campus Aix-Marseille-Provence f\u00eate ses 100 dipl\u00f4m\u00e9s - Panoramines","isPartOf":{"@id":"https:\/\/www.mines-stetienne.fr\/panoramines\/#website"},"primaryImageOfPage":{"@id":"https:\/\/www.mines-stetienne.fr\/panoramines\/2024\/12\/10\/le-campus-aix-marseille-provence-fete-ses-100-diplomes\/#primaryimage"},"image":{"@id":"https:\/\/www.mines-stetienne.fr\/panoramines\/2024\/12\/10\/le-campus-aix-marseille-provence-fete-ses-100-diplomes\/#primaryimage"},"thumbnailUrl":"https:\/\/www.mines-stetienne.fr\/panoramines\/wp-content\/uploads\/sites\/3\/2024\/12\/Diplomes-ISMIN.jpg","datePublished":"2024-12-10T08:56:39+00:00","dateModified":"2025-03-15T10:43:07+00:00","author":{"@id":"https:\/\/www.mines-stetienne.fr\/panoramines\/#\/schema\/person\/53c118c529c866c1454c8138b35880e8"},"breadcrumb":{"@id":"https:\/\/www.mines-stetienne.fr\/panoramines\/2024\/12\/10\/le-campus-aix-marseille-provence-fete-ses-100-diplomes\/#breadcrumb"},"inLanguage":"fr-FR","potentialAction":[{"@type":"ReadAction","target":["https:\/\/www.mines-stetienne.fr\/panoramines\/2024\/12\/10\/le-campus-aix-marseille-provence-fete-ses-100-diplomes\/"]}]},{"@type":"ImageObject","inLanguage":"fr-FR","@id":"https:\/\/www.mines-stetienne.fr\/panoramines\/2024\/12\/10\/le-campus-aix-marseille-provence-fete-ses-100-diplomes\/#primaryimage","url":"https:\/\/www.mines-stetienne.fr\/panoramines\/wp-content\/uploads\/sites\/3\/2024\/12\/Diplomes-ISMIN.jpg","contentUrl":"https:\/\/www.mines-stetienne.fr\/panoramines\/wp-content\/uploads\/sites\/3\/2024\/12\/Diplomes-ISMIN.jpg","width":1024,"height":683},{"@type":"BreadcrumbList","@id":"https:\/\/www.mines-stetienne.fr\/panoramines\/2024\/12\/10\/le-campus-aix-marseille-provence-fete-ses-100-diplomes\/#breadcrumb","itemListElement":[{"@type":"ListItem","position":1,"name":"Accueil","item":"https:\/\/www.mines-stetienne.fr\/panoramines\/"},{"@type":"ListItem","position":2,"name":"Le Campus Aix-Marseille-Provence f\u00eate ses 100 dipl\u00f4m\u00e9s"}]},{"@type":"WebSite","@id":"https:\/\/www.mines-stetienne.fr\/panoramines\/#website","url":"https:\/\/www.mines-stetienne.fr\/panoramines\/","name":"Panoramines","description":"Panoramines, l\u2019actualit\u00e9 de MINES Saint-\u00c9tienne","potentialAction":[{"@type":"SearchAction","target":{"@type":"EntryPoint","urlTemplate":"https:\/\/www.mines-stetienne.fr\/panoramines\/?s={search_term_string}"},"query-input":{"@type":"PropertyValueSpecification","valueRequired":true,"valueName":"search_term_string"}}],"inLanguage":"fr-FR"},{"@type":"Person","@id":"https:\/\/www.mines-stetienne.fr\/panoramines\/#\/schema\/person\/53c118c529c866c1454c8138b35880e8","name":"Gr\u00e9goire","image":{"@type":"ImageObject","inLanguage":"fr-FR","@id":"https:\/\/www.mines-stetienne.fr\/panoramines\/wp-content\/uploads\/sites\/3\/2021\/07\/logo-75x75-1.png","url":"https:\/\/www.mines-stetienne.fr\/panoramines\/wp-content\/uploads\/sites\/3\/2021\/07\/logo-75x75-1.png","contentUrl":"https:\/\/www.mines-stetienne.fr\/panoramines\/wp-content\/uploads\/sites\/3\/2021\/07\/logo-75x75-1.png","caption":"Gr\u00e9goire"},"sameAs":["http:\/\/www.mines-stetienne.fr","jjj","kkk","aaa","mmm","https:\/\/x.com\/qqq","lll","rrr","nnn","ooo","ppp"],"url":"https:\/\/www.mines-stetienne.fr\/panoramines\/author\/gregoire\/"}]}},"_links":{"self":[{"href":"https:\/\/www.mines-stetienne.fr\/panoramines\/wp-json\/wp\/v2\/posts\/27612","targetHints":{"allow":["GET"]}}],"collection":[{"href":"https:\/\/www.mines-stetienne.fr\/panoramines\/wp-json\/wp\/v2\/posts"}],"about":[{"href":"https:\/\/www.mines-stetienne.fr\/panoramines\/wp-json\/wp\/v2\/types\/post"}],"author":[{"embeddable":true,"href":"https:\/\/www.mines-stetienne.fr\/panoramines\/wp-json\/wp\/v2\/users\/2"}],"replies":[{"embeddable":true,"href":"https:\/\/www.mines-stetienne.fr\/panoramines\/wp-json\/wp\/v2\/comments?post=27612"}],"version-history":[{"count":9,"href":"https:\/\/www.mines-stetienne.fr\/panoramines\/wp-json\/wp\/v2\/posts\/27612\/revisions"}],"predecessor-version":[{"id":28062,"href":"https:\/\/www.mines-stetienne.fr\/panoramines\/wp-json\/wp\/v2\/posts\/27612\/revisions\/28062"}],"wp:featuredmedia":[{"embeddable":true,"href":"https:\/\/www.mines-stetienne.fr\/panoramines\/wp-json\/wp\/v2\/media\/27634"}],"wp:attachment":[{"href":"https:\/\/www.mines-stetienne.fr\/panoramines\/wp-json\/wp\/v2\/media?parent=27612"}],"wp:term":[{"taxonomy":"category","embeddable":true,"href":"https:\/\/www.mines-stetienne.fr\/panoramines\/wp-json\/wp\/v2\/categories?post=27612"},{"taxonomy":"post_tag","embeddable":true,"href":"https:\/\/www.mines-stetienne.fr\/panoramines\/wp-json\/wp\/v2\/tags?post=27612"}],"curies":[{"name":"wp","href":"https:\/\/api.w.org\/{rel}","templated":true}]}}