{"id":27605,"date":"2024-12-06T09:00:00","date_gmt":"2024-12-06T08:00:00","guid":{"rendered":"https:\/\/www.mines-stetienne.fr\/panoramines\/?p=27605"},"modified":"2025-03-15T11:43:40","modified_gmt":"2025-03-15T10:43:40","slug":"saintelyon-mines-saint-etienne-au-depart-de-la-mythique-course-a-pied-dauvergne-rhone-alpes","status":"publish","type":"post","link":"https:\/\/www.mines-stetienne.fr\/panoramines\/2024\/12\/06\/saintelyon-mines-saint-etienne-au-depart-de-la-mythique-course-a-pied-dauvergne-rhone-alpes\/","title":{"rendered":"Saint\u00e9Lyon : Mines Saint-\u00c9tienne au d\u00e9part de la mythique course \u00e0 pied d&rsquo;Auvergne-Rh\u00f4ne-Alpes"},"content":{"rendered":"\n<h2 class=\"wp-block-heading\">Une dizaine d&rsquo;\u00e9tudiants de l&rsquo;\u00c9cole ont pris le d\u00e9part de la 70<sup>e<\/sup> \u00e9dition de cette \u00e9preuve de trail et course sur route disput\u00e9e de nuit entre Saint-\u00c9tienne et Lyon le samedi 30 novembre.<\/h2>\n\n\n\n<p>Ils ont brav\u00e9 la nuit, le froid et les d\u00e9nivel\u00e9s.<\/p>\n\n\n\n<p>\u00c0 la lueur de leur frontale, chaudement habill\u00e9s et motiv\u00e9s comme des athl\u00e8tes de haut niveau, Alexandre Mondini, Charles Lhopiteau, Tristan Lefebvre et Cl\u00e9ment Aubert ont boucl\u00e9 les 82 km du parcours historique en respectivement : 9h23, 7h23, 8h15 et 11h18. Lucile Maret, elle aussi au d\u00e9part, n&rsquo;a pas d\u00e9m\u00e9rit\u00e9 mais son aventure s&rsquo;est arr\u00eat\u00e9e pr\u00e9matur\u00e9ment apr\u00e8s 61 km (hors-d\u00e9lai).<\/p>\n\n\n\n<h4 class=\"wp-block-heading\">Sous la barre des 5h<\/h4>\n\n\n\n<p>Anna Brunet, Mathieu Goblet, Martin de Viry et Titouan Linlaud disputaient de leur c\u00f4t\u00e9 la SaintExpress, une formule \u00ab\u00a0maratrail\u00a0\u00bb de 45 km au profil plus accessible. Les objectifs du quatuor \u00e9taient ambitieux mais de pr\u00e9cieuses minutes perdues \u00e0 cause de la foule sur le parcours les contraignaient \u00e0 revoir leurs pr\u00e9tentions \u00e0 la baisse. Au final, de belles performances malgr\u00e9 tout avec Anna, Mathieu et Titouan sous la barre symbolique des 5h.<\/p>\n\n\n\n<figure class=\"wp-block-gallery has-nested-images columns-default is-cropped wp-block-gallery-2 is-layout-flex wp-block-gallery-is-layout-flex\">\n<figure class=\"wp-block-image size-large\"><img loading=\"lazy\" decoding=\"async\" width=\"1011\" height=\"1024\" data-id=\"27618\" src=\"https:\/\/www.mines-stetienne.fr\/panoramines\/wp-content\/uploads\/sites\/3\/2024\/12\/462640863_579385064740244_886981635807433801_n-1011x1024.jpg\" alt=\"\" class=\"wp-image-27618\" srcset=\"https:\/\/www.mines-stetienne.fr\/panoramines\/wp-content\/uploads\/sites\/3\/2024\/12\/462640863_579385064740244_886981635807433801_n-1011x1024.jpg 1011w, https:\/\/www.mines-stetienne.fr\/panoramines\/wp-content\/uploads\/sites\/3\/2024\/12\/462640863_579385064740244_886981635807433801_n-296x300.jpg 296w, https:\/\/www.mines-stetienne.fr\/panoramines\/wp-content\/uploads\/sites\/3\/2024\/12\/462640863_579385064740244_886981635807433801_n-768x778.jpg 768w, https:\/\/www.mines-stetienne.fr\/panoramines\/wp-content\/uploads\/sites\/3\/2024\/12\/462640863_579385064740244_886981635807433801_n-75x75.jpg 75w, https:\/\/www.mines-stetienne.fr\/panoramines\/wp-content\/uploads\/sites\/3\/2024\/12\/462640863_579385064740244_886981635807433801_n.jpg 1170w\" sizes=\"auto, (max-width: 1011px) 100vw, 1011px\" \/><\/figure>\n\n\n\n<figure class=\"wp-block-image size-large\"><img loading=\"lazy\" decoding=\"async\" width=\"768\" height=\"1024\" data-id=\"27619\" src=\"https:\/\/www.mines-stetienne.fr\/panoramines\/wp-content\/uploads\/sites\/3\/2024\/12\/462641130_3991784011147840_8725623977784523344_n-768x1024.jpg\" alt=\"\" class=\"wp-image-27619\" srcset=\"https:\/\/www.mines-stetienne.fr\/panoramines\/wp-content\/uploads\/sites\/3\/2024\/12\/462641130_3991784011147840_8725623977784523344_n-768x1024.jpg 768w, https:\/\/www.mines-stetienne.fr\/panoramines\/wp-content\/uploads\/sites\/3\/2024\/12\/462641130_3991784011147840_8725623977784523344_n-225x300.jpg 225w, https:\/\/www.mines-stetienne.fr\/panoramines\/wp-content\/uploads\/sites\/3\/2024\/12\/462641130_3991784011147840_8725623977784523344_n-1152x1536.jpg 1152w, https:\/\/www.mines-stetienne.fr\/panoramines\/wp-content\/uploads\/sites\/3\/2024\/12\/462641130_3991784011147840_8725623977784523344_n.jpg 1536w\" sizes=\"auto, (max-width: 768px) 100vw, 768px\" \/><\/figure>\n<\/figure>\n\n\n\n<p>Les \u00e9tudiants de cette \u00e9dition 2024 s&rsquo;\u00e9taient entra\u00een\u00e9s avec Virgile Morisset, coureur de haut niveau en trail-running. Ce dernier concluait \u00e0 une tr\u00e8s belle 4<sup>e<\/sup> place finale qui devrait lui permettre de trouver des sponsors pour ses futures courses.<\/p>\n\n\n\n<p>Quels que soient les r\u00e9sultats, tous les \u00e9tudiants ont pris un immense plaisir \u00e0 participer \u00e0 cet \u00e9v\u00e9nement de renomm\u00e9e nationale.<\/p>\n\n\n\n<p>Nul doute qu&rsquo;ils seront encore plus nombreux \u00e0 faire briller les couleurs de Mines Saint-\u00c9tienne sur les diff\u00e9rents parcours l&rsquo;an prochain.<\/p>\n\n\n\n<p>Le rendez-vous est pris !<\/p>\n","protected":false},"excerpt":{"rendered":"<p>Une dizaine d&rsquo;\u00e9tudiants de l&rsquo;\u00c9cole ont pris le d\u00e9part de la 70e \u00e9dition de cette \u00e9preuve de trail et course sur route disput\u00e9e de nuit entre Saint-\u00c9tienne et Lyon le samedi 30 novembre. Ils ont brav\u00e9 la nuit, le froid &hellip;<\/p>\n","protected":false},"author":2,"featured_media":27617,"comment_status":"closed","ping_status":"open","sticky":false,"template":"","format":"standard","meta":{"_relevanssi_hide_post":"","_relevanssi_hide_content":"","_relevanssi_pin_for_all":"","_relevanssi_pin_keywords":"","_relevanssi_unpin_keywords":"","_relevanssi_related_keywords":"","_relevanssi_related_include_ids":"","_relevanssi_related_exclude_ids":"","_relevanssi_related_no_append":"","_relevanssi_related_not_related":"","_relevanssi_related_posts":"16868,18970,19931,25378,17336,20276","_relevanssi_noindex_reason":"","footnotes":""},"categories":[8],"tags":[1132,873,1131],"class_list":["post-27605","post","type-post","status-publish","format-standard","has-post-thumbnail","hentry","category-vie-etudiante","tag-course-a-pied","tag-mines-saint-etienne","tag-saintelyon"],"pp_statuses_selecting_workflow":false,"pp_workflow_action":"current","pp_status_selection":"publish","pp_force_visibility":null,"pp_subpost_visibility":null,"pp_inherited_force_visibility":null,"pp_inherited_subpost_visibility":null,"yoast_head":"<!-- This site is optimized with the Yoast SEO plugin v27.4 - https:\/\/yoast.com\/product\/yoast-seo-wordpress\/ -->\n<title>Saint\u00e9Lyon : Mines Saint-\u00c9tienne au d\u00e9part de la mythique course \u00e0 pied d&#039;Auvergne-Rh\u00f4ne-Alpes - Panoramines<\/title>\n<meta name=\"robots\" content=\"index, follow, max-snippet:-1, max-image-preview:large, max-video-preview:-1\" \/>\n<link rel=\"canonical\" href=\"https:\/\/www.mines-stetienne.fr\/panoramines\/2024\/12\/06\/saintelyon-mines-saint-etienne-au-depart-de-la-mythique-course-a-pied-dauvergne-rhone-alpes\/\" \/>\n<meta property=\"og:locale\" content=\"fr_FR\" \/>\n<meta property=\"og:type\" content=\"article\" \/>\n<meta property=\"og:title\" content=\"Saint\u00e9Lyon : Mines Saint-\u00c9tienne au d\u00e9part de la mythique course \u00e0 pied d&#039;Auvergne-Rh\u00f4ne-Alpes - Panoramines\" \/>\n<meta property=\"og:description\" content=\"Une dizaine d&rsquo;\u00e9tudiants de l&rsquo;\u00c9cole ont pris le d\u00e9part de la 70e \u00e9dition de cette \u00e9preuve de trail et course sur route disput\u00e9e de nuit entre Saint-\u00c9tienne et Lyon le samedi 30 novembre. Ils ont brav\u00e9 la nuit, le froid &hellip;\" \/>\n<meta property=\"og:url\" content=\"https:\/\/www.mines-stetienne.fr\/panoramines\/2024\/12\/06\/saintelyon-mines-saint-etienne-au-depart-de-la-mythique-course-a-pied-dauvergne-rhone-alpes\/\" \/>\n<meta property=\"og:site_name\" content=\"Panoramines\" \/>\n<meta property=\"article:author\" content=\"jjj\" \/>\n<meta property=\"article:published_time\" content=\"2024-12-06T08:00:00+00:00\" \/>\n<meta property=\"article:modified_time\" content=\"2025-03-15T10:43:40+00:00\" \/>\n<meta property=\"og:image\" content=\"https:\/\/www.mines-stetienne.fr\/panoramines\/wp-content\/uploads\/sites\/3\/2024\/12\/462564018_1914666569021725_4909229943386768384_n.jpg\" \/>\n\t<meta property=\"og:image:width\" content=\"2048\" \/>\n\t<meta property=\"og:image:height\" content=\"1365\" \/>\n\t<meta property=\"og:image:type\" content=\"image\/jpeg\" \/>\n<meta name=\"author\" content=\"Gr\u00e9goire\" \/>\n<meta name=\"twitter:card\" content=\"summary_large_image\" \/>\n<meta name=\"twitter:creator\" content=\"@qqq\" \/>\n<meta name=\"twitter:label1\" content=\"\u00c9crit par\" \/>\n\t<meta name=\"twitter:data1\" content=\"Gr\u00e9goire\" \/>\n\t<meta name=\"twitter:label2\" content=\"Dur\u00e9e de lecture estim\u00e9e\" \/>\n\t<meta name=\"twitter:data2\" content=\"2 minutes\" \/>\n<script type=\"application\/ld+json\" class=\"yoast-schema-graph\">{\"@context\":\"https:\\\/\\\/schema.org\",\"@graph\":[{\"@type\":\"Article\",\"@id\":\"https:\\\/\\\/www.mines-stetienne.fr\\\/panoramines\\\/2024\\\/12\\\/06\\\/saintelyon-mines-saint-etienne-au-depart-de-la-mythique-course-a-pied-dauvergne-rhone-alpes\\\/#article\",\"isPartOf\":{\"@id\":\"https:\\\/\\\/www.mines-stetienne.fr\\\/panoramines\\\/2024\\\/12\\\/06\\\/saintelyon-mines-saint-etienne-au-depart-de-la-mythique-course-a-pied-dauvergne-rhone-alpes\\\/\"},\"author\":{\"name\":\"Gr\u00e9goire\",\"@id\":\"https:\\\/\\\/www.mines-stetienne.fr\\\/panoramines\\\/#\\\/schema\\\/person\\\/53c118c529c866c1454c8138b35880e8\"},\"headline\":\"Saint\u00e9Lyon : Mines Saint-\u00c9tienne au d\u00e9part de la mythique course \u00e0 pied d&rsquo;Auvergne-Rh\u00f4ne-Alpes\",\"datePublished\":\"2024-12-06T08:00:00+00:00\",\"dateModified\":\"2025-03-15T10:43:40+00:00\",\"mainEntityOfPage\":{\"@id\":\"https:\\\/\\\/www.mines-stetienne.fr\\\/panoramines\\\/2024\\\/12\\\/06\\\/saintelyon-mines-saint-etienne-au-depart-de-la-mythique-course-a-pied-dauvergne-rhone-alpes\\\/\"},\"wordCount\":298,\"image\":{\"@id\":\"https:\\\/\\\/www.mines-stetienne.fr\\\/panoramines\\\/2024\\\/12\\\/06\\\/saintelyon-mines-saint-etienne-au-depart-de-la-mythique-course-a-pied-dauvergne-rhone-alpes\\\/#primaryimage\"},\"thumbnailUrl\":\"https:\\\/\\\/www.mines-stetienne.fr\\\/panoramines\\\/wp-content\\\/uploads\\\/sites\\\/3\\\/2024\\\/12\\\/462564018_1914666569021725_4909229943386768384_n.jpg\",\"keywords\":[\"Course \u00e0 pied\",\"Mines Saint-Etienne\",\"Saint\u00e9Lyon\"],\"articleSection\":[\"Vie \u00e9tudiante\"],\"inLanguage\":\"fr-FR\"},{\"@type\":\"WebPage\",\"@id\":\"https:\\\/\\\/www.mines-stetienne.fr\\\/panoramines\\\/2024\\\/12\\\/06\\\/saintelyon-mines-saint-etienne-au-depart-de-la-mythique-course-a-pied-dauvergne-rhone-alpes\\\/\",\"url\":\"https:\\\/\\\/www.mines-stetienne.fr\\\/panoramines\\\/2024\\\/12\\\/06\\\/saintelyon-mines-saint-etienne-au-depart-de-la-mythique-course-a-pied-dauvergne-rhone-alpes\\\/\",\"name\":\"Saint\u00e9Lyon : Mines Saint-\u00c9tienne au d\u00e9part de la mythique course \u00e0 pied d'Auvergne-Rh\u00f4ne-Alpes - Panoramines\",\"isPartOf\":{\"@id\":\"https:\\\/\\\/www.mines-stetienne.fr\\\/panoramines\\\/#website\"},\"primaryImageOfPage\":{\"@id\":\"https:\\\/\\\/www.mines-stetienne.fr\\\/panoramines\\\/2024\\\/12\\\/06\\\/saintelyon-mines-saint-etienne-au-depart-de-la-mythique-course-a-pied-dauvergne-rhone-alpes\\\/#primaryimage\"},\"image\":{\"@id\":\"https:\\\/\\\/www.mines-stetienne.fr\\\/panoramines\\\/2024\\\/12\\\/06\\\/saintelyon-mines-saint-etienne-au-depart-de-la-mythique-course-a-pied-dauvergne-rhone-alpes\\\/#primaryimage\"},\"thumbnailUrl\":\"https:\\\/\\\/www.mines-stetienne.fr\\\/panoramines\\\/wp-content\\\/uploads\\\/sites\\\/3\\\/2024\\\/12\\\/462564018_1914666569021725_4909229943386768384_n.jpg\",\"datePublished\":\"2024-12-06T08:00:00+00:00\",\"dateModified\":\"2025-03-15T10:43:40+00:00\",\"author\":{\"@id\":\"https:\\\/\\\/www.mines-stetienne.fr\\\/panoramines\\\/#\\\/schema\\\/person\\\/53c118c529c866c1454c8138b35880e8\"},\"breadcrumb\":{\"@id\":\"https:\\\/\\\/www.mines-stetienne.fr\\\/panoramines\\\/2024\\\/12\\\/06\\\/saintelyon-mines-saint-etienne-au-depart-de-la-mythique-course-a-pied-dauvergne-rhone-alpes\\\/#breadcrumb\"},\"inLanguage\":\"fr-FR\",\"potentialAction\":[{\"@type\":\"ReadAction\",\"target\":[\"https:\\\/\\\/www.mines-stetienne.fr\\\/panoramines\\\/2024\\\/12\\\/06\\\/saintelyon-mines-saint-etienne-au-depart-de-la-mythique-course-a-pied-dauvergne-rhone-alpes\\\/\"]}]},{\"@type\":\"ImageObject\",\"inLanguage\":\"fr-FR\",\"@id\":\"https:\\\/\\\/www.mines-stetienne.fr\\\/panoramines\\\/2024\\\/12\\\/06\\\/saintelyon-mines-saint-etienne-au-depart-de-la-mythique-course-a-pied-dauvergne-rhone-alpes\\\/#primaryimage\",\"url\":\"https:\\\/\\\/www.mines-stetienne.fr\\\/panoramines\\\/wp-content\\\/uploads\\\/sites\\\/3\\\/2024\\\/12\\\/462564018_1914666569021725_4909229943386768384_n.jpg\",\"contentUrl\":\"https:\\\/\\\/www.mines-stetienne.fr\\\/panoramines\\\/wp-content\\\/uploads\\\/sites\\\/3\\\/2024\\\/12\\\/462564018_1914666569021725_4909229943386768384_n.jpg\",\"width\":2048,\"height\":1365},{\"@type\":\"BreadcrumbList\",\"@id\":\"https:\\\/\\\/www.mines-stetienne.fr\\\/panoramines\\\/2024\\\/12\\\/06\\\/saintelyon-mines-saint-etienne-au-depart-de-la-mythique-course-a-pied-dauvergne-rhone-alpes\\\/#breadcrumb\",\"itemListElement\":[{\"@type\":\"ListItem\",\"position\":1,\"name\":\"Accueil\",\"item\":\"https:\\\/\\\/www.mines-stetienne.fr\\\/panoramines\\\/\"},{\"@type\":\"ListItem\",\"position\":2,\"name\":\"Saint\u00e9Lyon : Mines Saint-\u00c9tienne au d\u00e9part de la mythique course \u00e0 pied d&rsquo;Auvergne-Rh\u00f4ne-Alpes\"}]},{\"@type\":\"WebSite\",\"@id\":\"https:\\\/\\\/www.mines-stetienne.fr\\\/panoramines\\\/#website\",\"url\":\"https:\\\/\\\/www.mines-stetienne.fr\\\/panoramines\\\/\",\"name\":\"Panoramines\",\"description\":\"Panoramines, l\u2019actualit\u00e9 de MINES Saint-\u00c9tienne\",\"potentialAction\":[{\"@type\":\"SearchAction\",\"target\":{\"@type\":\"EntryPoint\",\"urlTemplate\":\"https:\\\/\\\/www.mines-stetienne.fr\\\/panoramines\\\/?s={search_term_string}\"},\"query-input\":{\"@type\":\"PropertyValueSpecification\",\"valueRequired\":true,\"valueName\":\"search_term_string\"}}],\"inLanguage\":\"fr-FR\"},{\"@type\":\"Person\",\"@id\":\"https:\\\/\\\/www.mines-stetienne.fr\\\/panoramines\\\/#\\\/schema\\\/person\\\/53c118c529c866c1454c8138b35880e8\",\"name\":\"Gr\u00e9goire\",\"image\":{\"@type\":\"ImageObject\",\"inLanguage\":\"fr-FR\",\"@id\":\"https:\\\/\\\/www.mines-stetienne.fr\\\/panoramines\\\/wp-content\\\/uploads\\\/sites\\\/3\\\/2021\\\/07\\\/logo-75x75-1.png\",\"url\":\"https:\\\/\\\/www.mines-stetienne.fr\\\/panoramines\\\/wp-content\\\/uploads\\\/sites\\\/3\\\/2021\\\/07\\\/logo-75x75-1.png\",\"contentUrl\":\"https:\\\/\\\/www.mines-stetienne.fr\\\/panoramines\\\/wp-content\\\/uploads\\\/sites\\\/3\\\/2021\\\/07\\\/logo-75x75-1.png\",\"caption\":\"Gr\u00e9goire\"},\"sameAs\":[\"http:\\\/\\\/www.mines-stetienne.fr\",\"jjj\",\"kkk\",\"aaa\",\"mmm\",\"https:\\\/\\\/x.com\\\/qqq\",\"lll\",\"rrr\",\"nnn\",\"ooo\",\"ppp\"],\"url\":\"https:\\\/\\\/www.mines-stetienne.fr\\\/panoramines\\\/author\\\/gregoire\\\/\"}]}<\/script>\n<!-- \/ Yoast SEO plugin. -->","yoast_head_json":{"title":"Saint\u00e9Lyon : Mines Saint-\u00c9tienne au d\u00e9part de la mythique course \u00e0 pied d'Auvergne-Rh\u00f4ne-Alpes - Panoramines","robots":{"index":"index","follow":"follow","max-snippet":"max-snippet:-1","max-image-preview":"max-image-preview:large","max-video-preview":"max-video-preview:-1"},"canonical":"https:\/\/www.mines-stetienne.fr\/panoramines\/2024\/12\/06\/saintelyon-mines-saint-etienne-au-depart-de-la-mythique-course-a-pied-dauvergne-rhone-alpes\/","og_locale":"fr_FR","og_type":"article","og_title":"Saint\u00e9Lyon : Mines Saint-\u00c9tienne au d\u00e9part de la mythique course \u00e0 pied d'Auvergne-Rh\u00f4ne-Alpes - Panoramines","og_description":"Une dizaine d&rsquo;\u00e9tudiants de l&rsquo;\u00c9cole ont pris le d\u00e9part de la 70e \u00e9dition de cette \u00e9preuve de trail et course sur route disput\u00e9e de nuit entre Saint-\u00c9tienne et Lyon le samedi 30 novembre. Ils ont brav\u00e9 la nuit, le froid &hellip;","og_url":"https:\/\/www.mines-stetienne.fr\/panoramines\/2024\/12\/06\/saintelyon-mines-saint-etienne-au-depart-de-la-mythique-course-a-pied-dauvergne-rhone-alpes\/","og_site_name":"Panoramines","article_author":"jjj","article_published_time":"2024-12-06T08:00:00+00:00","article_modified_time":"2025-03-15T10:43:40+00:00","og_image":[{"width":2048,"height":1365,"url":"https:\/\/www.mines-stetienne.fr\/panoramines\/wp-content\/uploads\/sites\/3\/2024\/12\/462564018_1914666569021725_4909229943386768384_n.jpg","type":"image\/jpeg"}],"author":"Gr\u00e9goire","twitter_card":"summary_large_image","twitter_creator":"@qqq","twitter_misc":{"\u00c9crit par":"Gr\u00e9goire","Dur\u00e9e de lecture estim\u00e9e":"2 minutes"},"schema":{"@context":"https:\/\/schema.org","@graph":[{"@type":"Article","@id":"https:\/\/www.mines-stetienne.fr\/panoramines\/2024\/12\/06\/saintelyon-mines-saint-etienne-au-depart-de-la-mythique-course-a-pied-dauvergne-rhone-alpes\/#article","isPartOf":{"@id":"https:\/\/www.mines-stetienne.fr\/panoramines\/2024\/12\/06\/saintelyon-mines-saint-etienne-au-depart-de-la-mythique-course-a-pied-dauvergne-rhone-alpes\/"},"author":{"name":"Gr\u00e9goire","@id":"https:\/\/www.mines-stetienne.fr\/panoramines\/#\/schema\/person\/53c118c529c866c1454c8138b35880e8"},"headline":"Saint\u00e9Lyon : Mines Saint-\u00c9tienne au d\u00e9part de la mythique course \u00e0 pied d&rsquo;Auvergne-Rh\u00f4ne-Alpes","datePublished":"2024-12-06T08:00:00+00:00","dateModified":"2025-03-15T10:43:40+00:00","mainEntityOfPage":{"@id":"https:\/\/www.mines-stetienne.fr\/panoramines\/2024\/12\/06\/saintelyon-mines-saint-etienne-au-depart-de-la-mythique-course-a-pied-dauvergne-rhone-alpes\/"},"wordCount":298,"image":{"@id":"https:\/\/www.mines-stetienne.fr\/panoramines\/2024\/12\/06\/saintelyon-mines-saint-etienne-au-depart-de-la-mythique-course-a-pied-dauvergne-rhone-alpes\/#primaryimage"},"thumbnailUrl":"https:\/\/www.mines-stetienne.fr\/panoramines\/wp-content\/uploads\/sites\/3\/2024\/12\/462564018_1914666569021725_4909229943386768384_n.jpg","keywords":["Course \u00e0 pied","Mines Saint-Etienne","Saint\u00e9Lyon"],"articleSection":["Vie \u00e9tudiante"],"inLanguage":"fr-FR"},{"@type":"WebPage","@id":"https:\/\/www.mines-stetienne.fr\/panoramines\/2024\/12\/06\/saintelyon-mines-saint-etienne-au-depart-de-la-mythique-course-a-pied-dauvergne-rhone-alpes\/","url":"https:\/\/www.mines-stetienne.fr\/panoramines\/2024\/12\/06\/saintelyon-mines-saint-etienne-au-depart-de-la-mythique-course-a-pied-dauvergne-rhone-alpes\/","name":"Saint\u00e9Lyon : Mines Saint-\u00c9tienne au d\u00e9part de la mythique course \u00e0 pied d'Auvergne-Rh\u00f4ne-Alpes - Panoramines","isPartOf":{"@id":"https:\/\/www.mines-stetienne.fr\/panoramines\/#website"},"primaryImageOfPage":{"@id":"https:\/\/www.mines-stetienne.fr\/panoramines\/2024\/12\/06\/saintelyon-mines-saint-etienne-au-depart-de-la-mythique-course-a-pied-dauvergne-rhone-alpes\/#primaryimage"},"image":{"@id":"https:\/\/www.mines-stetienne.fr\/panoramines\/2024\/12\/06\/saintelyon-mines-saint-etienne-au-depart-de-la-mythique-course-a-pied-dauvergne-rhone-alpes\/#primaryimage"},"thumbnailUrl":"https:\/\/www.mines-stetienne.fr\/panoramines\/wp-content\/uploads\/sites\/3\/2024\/12\/462564018_1914666569021725_4909229943386768384_n.jpg","datePublished":"2024-12-06T08:00:00+00:00","dateModified":"2025-03-15T10:43:40+00:00","author":{"@id":"https:\/\/www.mines-stetienne.fr\/panoramines\/#\/schema\/person\/53c118c529c866c1454c8138b35880e8"},"breadcrumb":{"@id":"https:\/\/www.mines-stetienne.fr\/panoramines\/2024\/12\/06\/saintelyon-mines-saint-etienne-au-depart-de-la-mythique-course-a-pied-dauvergne-rhone-alpes\/#breadcrumb"},"inLanguage":"fr-FR","potentialAction":[{"@type":"ReadAction","target":["https:\/\/www.mines-stetienne.fr\/panoramines\/2024\/12\/06\/saintelyon-mines-saint-etienne-au-depart-de-la-mythique-course-a-pied-dauvergne-rhone-alpes\/"]}]},{"@type":"ImageObject","inLanguage":"fr-FR","@id":"https:\/\/www.mines-stetienne.fr\/panoramines\/2024\/12\/06\/saintelyon-mines-saint-etienne-au-depart-de-la-mythique-course-a-pied-dauvergne-rhone-alpes\/#primaryimage","url":"https:\/\/www.mines-stetienne.fr\/panoramines\/wp-content\/uploads\/sites\/3\/2024\/12\/462564018_1914666569021725_4909229943386768384_n.jpg","contentUrl":"https:\/\/www.mines-stetienne.fr\/panoramines\/wp-content\/uploads\/sites\/3\/2024\/12\/462564018_1914666569021725_4909229943386768384_n.jpg","width":2048,"height":1365},{"@type":"BreadcrumbList","@id":"https:\/\/www.mines-stetienne.fr\/panoramines\/2024\/12\/06\/saintelyon-mines-saint-etienne-au-depart-de-la-mythique-course-a-pied-dauvergne-rhone-alpes\/#breadcrumb","itemListElement":[{"@type":"ListItem","position":1,"name":"Accueil","item":"https:\/\/www.mines-stetienne.fr\/panoramines\/"},{"@type":"ListItem","position":2,"name":"Saint\u00e9Lyon : Mines Saint-\u00c9tienne au d\u00e9part de la mythique course \u00e0 pied d&rsquo;Auvergne-Rh\u00f4ne-Alpes"}]},{"@type":"WebSite","@id":"https:\/\/www.mines-stetienne.fr\/panoramines\/#website","url":"https:\/\/www.mines-stetienne.fr\/panoramines\/","name":"Panoramines","description":"Panoramines, l\u2019actualit\u00e9 de MINES Saint-\u00c9tienne","potentialAction":[{"@type":"SearchAction","target":{"@type":"EntryPoint","urlTemplate":"https:\/\/www.mines-stetienne.fr\/panoramines\/?s={search_term_string}"},"query-input":{"@type":"PropertyValueSpecification","valueRequired":true,"valueName":"search_term_string"}}],"inLanguage":"fr-FR"},{"@type":"Person","@id":"https:\/\/www.mines-stetienne.fr\/panoramines\/#\/schema\/person\/53c118c529c866c1454c8138b35880e8","name":"Gr\u00e9goire","image":{"@type":"ImageObject","inLanguage":"fr-FR","@id":"https:\/\/www.mines-stetienne.fr\/panoramines\/wp-content\/uploads\/sites\/3\/2021\/07\/logo-75x75-1.png","url":"https:\/\/www.mines-stetienne.fr\/panoramines\/wp-content\/uploads\/sites\/3\/2021\/07\/logo-75x75-1.png","contentUrl":"https:\/\/www.mines-stetienne.fr\/panoramines\/wp-content\/uploads\/sites\/3\/2021\/07\/logo-75x75-1.png","caption":"Gr\u00e9goire"},"sameAs":["http:\/\/www.mines-stetienne.fr","jjj","kkk","aaa","mmm","https:\/\/x.com\/qqq","lll","rrr","nnn","ooo","ppp"],"url":"https:\/\/www.mines-stetienne.fr\/panoramines\/author\/gregoire\/"}]}},"_links":{"self":[{"href":"https:\/\/www.mines-stetienne.fr\/panoramines\/wp-json\/wp\/v2\/posts\/27605","targetHints":{"allow":["GET"]}}],"collection":[{"href":"https:\/\/www.mines-stetienne.fr\/panoramines\/wp-json\/wp\/v2\/posts"}],"about":[{"href":"https:\/\/www.mines-stetienne.fr\/panoramines\/wp-json\/wp\/v2\/types\/post"}],"author":[{"embeddable":true,"href":"https:\/\/www.mines-stetienne.fr\/panoramines\/wp-json\/wp\/v2\/users\/2"}],"replies":[{"embeddable":true,"href":"https:\/\/www.mines-stetienne.fr\/panoramines\/wp-json\/wp\/v2\/comments?post=27605"}],"version-history":[{"count":6,"href":"https:\/\/www.mines-stetienne.fr\/panoramines\/wp-json\/wp\/v2\/posts\/27605\/revisions"}],"predecessor-version":[{"id":28063,"href":"https:\/\/www.mines-stetienne.fr\/panoramines\/wp-json\/wp\/v2\/posts\/27605\/revisions\/28063"}],"wp:featuredmedia":[{"embeddable":true,"href":"https:\/\/www.mines-stetienne.fr\/panoramines\/wp-json\/wp\/v2\/media\/27617"}],"wp:attachment":[{"href":"https:\/\/www.mines-stetienne.fr\/panoramines\/wp-json\/wp\/v2\/media?parent=27605"}],"wp:term":[{"taxonomy":"category","embeddable":true,"href":"https:\/\/www.mines-stetienne.fr\/panoramines\/wp-json\/wp\/v2\/categories?post=27605"},{"taxonomy":"post_tag","embeddable":true,"href":"https:\/\/www.mines-stetienne.fr\/panoramines\/wp-json\/wp\/v2\/tags?post=27605"}],"curies":[{"name":"wp","href":"https:\/\/api.w.org\/{rel}","templated":true}]}}