{"id":27601,"date":"2025-01-06T09:00:00","date_gmt":"2025-01-06T08:00:00","guid":{"rendered":"https:\/\/www.mines-stetienne.fr\/panoramines\/?p=27601"},"modified":"2025-03-15T11:41:32","modified_gmt":"2025-03-15T10:41:32","slug":"linterview-de-sandrine-goulvestre","status":"publish","type":"post","link":"https:\/\/www.mines-stetienne.fr\/panoramines\/2025\/01\/06\/linterview-de-sandrine-goulvestre\/","title":{"rendered":"L&rsquo;interview de Sandrine Goulvestre"},"content":{"rendered":"\n<h2 class=\"wp-block-heading\">Elle occupe le poste de charg\u00e9e de projet sur le Campus Aix-Marseille-Provence depuis le 2 mai 2024. Une mission de vulgarisation scientifique au service de La Rotonde que cette ing\u00e9nieure de formation remplit avec passion et enthousiasme.<\/h2>\n\n\n\n<p><strong>1. En quoi consistent vos principales missions sur le Campus Aix-Marseille-Provence ?<\/strong><\/p>\n\n\n\n<p>J&rsquo;accompagne des projets de culture scientifique pour le grand public et les scolaires autour de la micro\u00e9lectronique et du num\u00e9rique dans le cadre du projet I-NOVMICRO#2. Cela comprend : l&rsquo;organisation de la F\u00eate de la science, le d\u00e9ploiement du projet Schoolab sur la r\u00e9gion PACA (ce programme existe depuis 7 ans \u00e0 Saint-\u00c9tienne et on vient de lancer la premi\u00e8re \u00e9dition dans les Bouches-du-Rh\u00f4ne avec l&rsquo;objectif d&rsquo;accompagner 10 classes par an pour une ouverture au monde de la recherche, des sciences et de l&rsquo;industrie) et enfin le d\u00e9veloppement de malles p\u00e9dagogiques \u00e0 destination des \u00e9tablissements scolaires.<\/p>\n\n\n\n<p><strong>2. De quel support disposez-vous pour les mener \u00e0 bien ?<\/strong><\/p>\n\n\n\n<p>Je n&rsquo;arriverai pas \u00e0 mener \u00e0 bien mes diff\u00e9rentes missions sans le soutien de mon \u00e9quipe, des chercheurs du Centre Micro\u00e9lectronique de Provence (CMP) et des \u00e9tudiants qui m&rsquo;aident \u00e0 monter et \u00e0 animer les projets.<\/p>\n\n\n\n<p><strong>3. \u00c9changez-vous r\u00e9guli\u00e8rement avec l&rsquo;\u00e9quipe st\u00e9phanoise de La Rotonde ? <\/strong><\/p>\n\n\n\n<p>Je suis en contact permanent avec les membres de l&rsquo;\u00e9quipe pour \u00e9changer sur des pratiques, des id\u00e9es et pour la logistique. Je monte aussi r\u00e9guli\u00e8rement \u00e0 Saint-\u00c9tienne pour les rencontrer en pr\u00e9sentiel.<\/p>\n\n\n\n<figure class=\"wp-block-pullquote\"><blockquote><p>Je n&rsquo;oublierai jamais les scolaires dire : \u00ab\u00a0<em>whouaaa, c&rsquo;\u00e9tait super !<\/em>\u00ab\u00a0<\/p><cite>Sandrine Goulvestre, charg\u00e9e de projet <\/cite><\/blockquote><\/figure>\n\n\n\n<p><strong>4. Quel a \u00e9t\u00e9 l&rsquo;\u00e9v\u00e9nement le plus marquant depuis votre prise de poste ? <\/strong><\/p>\n\n\n\n<p>La F\u00eate&nbsp;de la science qui s&rsquo;est d\u00e9roul\u00e9e en&nbsp;octobre 2024. Nous avons accueilli 36 classes sur 2 jours et le&nbsp;samedi&nbsp;250 personnes. Ces trois jours intenses ont \u00e9t\u00e9 riches en \u00e9changes et en rencontres. Au-del\u00e0 de l&rsquo;aspect p\u00e9dagogique, ce fut un beau travail collaboratif entre les membres de l&rsquo;\u00c9cole : des chercheurs \u00e0 l&rsquo;\u00e9quipe \u00ab\u00a0infrastructure\u00a0\u00bb, sans oublier l&rsquo;implication des \u00e9l\u00e8ves, des associations \u00e9tudiantes comme&nbsp;Illu\u2019mines, AREM et Solidar\u2019ISMIN. Et puis, je n&rsquo;oublierai jamais les scolaires dire : \u00ab\u00a0<em>whouaaa, c&rsquo;\u00e9tait super<\/em> !\u00a0\u00bb<\/p>\n","protected":false},"excerpt":{"rendered":"<p>Elle occupe le poste de charg\u00e9e de projet sur le Campus Aix-Marseille-Provence depuis le 2 mai 2024. Une mission de vulgarisation scientifique au service de La Rotonde que cette ing\u00e9nieure de formation remplit avec passion et enthousiasme. 1. En quoi &hellip;<\/p>\n","protected":false},"author":2,"featured_media":27715,"comment_status":"closed","ping_status":"open","sticky":false,"template":"","format":"standard","meta":{"_relevanssi_hide_post":"","_relevanssi_hide_content":"","_relevanssi_pin_for_all":"","_relevanssi_pin_keywords":"","_relevanssi_unpin_keywords":"","_relevanssi_related_keywords":"","_relevanssi_related_include_ids":"","_relevanssi_related_exclude_ids":"","_relevanssi_related_no_append":"","_relevanssi_related_not_related":"","_relevanssi_related_posts":"22814,11016,22866,19333,15204,12999","_relevanssi_noindex_reason":"","footnotes":""},"categories":[10],"tags":[971,1148,1146,1147],"class_list":["post-27601","post","type-post","status-publish","format-standard","has-post-thumbnail","hentry","category-culture-scientifique","tag-campus-aix-marseille-provence","tag-chargee-de-projet","tag-sandrine-goulvestre","tag-vulgarisation-scientifique"],"pp_statuses_selecting_workflow":false,"pp_workflow_action":"current","pp_status_selection":"publish","pp_force_visibility":null,"pp_subpost_visibility":null,"pp_inherited_force_visibility":null,"pp_inherited_subpost_visibility":null,"yoast_head":"<!-- This site is optimized with the Yoast SEO plugin v27.5 - https:\/\/yoast.com\/product\/yoast-seo-wordpress\/ -->\n<title>L&#039;interview de Sandrine Goulvestre - Panoramines<\/title>\n<meta name=\"robots\" content=\"index, follow, max-snippet:-1, max-image-preview:large, max-video-preview:-1\" \/>\n<link rel=\"canonical\" href=\"https:\/\/www.mines-stetienne.fr\/panoramines\/2025\/01\/06\/linterview-de-sandrine-goulvestre\/\" \/>\n<meta property=\"og:locale\" content=\"fr_FR\" \/>\n<meta property=\"og:type\" content=\"article\" \/>\n<meta property=\"og:title\" content=\"L&#039;interview de Sandrine Goulvestre - Panoramines\" \/>\n<meta property=\"og:description\" content=\"Elle occupe le poste de charg\u00e9e de projet sur le Campus Aix-Marseille-Provence depuis le 2 mai 2024. Une mission de vulgarisation scientifique au service de La Rotonde que cette ing\u00e9nieure de formation remplit avec passion et enthousiasme. 1. En quoi &hellip;\" \/>\n<meta property=\"og:url\" content=\"https:\/\/www.mines-stetienne.fr\/panoramines\/2025\/01\/06\/linterview-de-sandrine-goulvestre\/\" \/>\n<meta property=\"og:site_name\" content=\"Panoramines\" \/>\n<meta property=\"article:author\" content=\"jjj\" \/>\n<meta property=\"article:published_time\" content=\"2025-01-06T08:00:00+00:00\" \/>\n<meta property=\"article:modified_time\" content=\"2025-03-15T10:41:32+00:00\" \/>\n<meta property=\"og:image\" content=\"https:\/\/www.mines-stetienne.fr\/panoramines\/wp-content\/uploads\/sites\/3\/2024\/12\/Sandrine-Goulvestre-scaled.jpg\" \/>\n\t<meta property=\"og:image:width\" content=\"2526\" \/>\n\t<meta property=\"og:image:height\" content=\"2560\" \/>\n\t<meta property=\"og:image:type\" content=\"image\/jpeg\" \/>\n<meta name=\"author\" content=\"Gr\u00e9goire\" \/>\n<meta name=\"twitter:card\" content=\"summary_large_image\" \/>\n<meta name=\"twitter:creator\" content=\"@qqq\" \/>\n<meta name=\"twitter:label1\" content=\"\u00c9crit par\" \/>\n\t<meta name=\"twitter:data1\" content=\"Gr\u00e9goire\" \/>\n\t<meta name=\"twitter:label2\" content=\"Dur\u00e9e de lecture estim\u00e9e\" \/>\n\t<meta name=\"twitter:data2\" content=\"2 minutes\" \/>\n<script type=\"application\/ld+json\" class=\"yoast-schema-graph\">{\"@context\":\"https:\\\/\\\/schema.org\",\"@graph\":[{\"@type\":\"Article\",\"@id\":\"https:\\\/\\\/www.mines-stetienne.fr\\\/panoramines\\\/2025\\\/01\\\/06\\\/linterview-de-sandrine-goulvestre\\\/#article\",\"isPartOf\":{\"@id\":\"https:\\\/\\\/www.mines-stetienne.fr\\\/panoramines\\\/2025\\\/01\\\/06\\\/linterview-de-sandrine-goulvestre\\\/\"},\"author\":{\"name\":\"Gr\u00e9goire\",\"@id\":\"https:\\\/\\\/www.mines-stetienne.fr\\\/panoramines\\\/#\\\/schema\\\/person\\\/53c118c529c866c1454c8138b35880e8\"},\"headline\":\"L&rsquo;interview de Sandrine Goulvestre\",\"datePublished\":\"2025-01-06T08:00:00+00:00\",\"dateModified\":\"2025-03-15T10:41:32+00:00\",\"mainEntityOfPage\":{\"@id\":\"https:\\\/\\\/www.mines-stetienne.fr\\\/panoramines\\\/2025\\\/01\\\/06\\\/linterview-de-sandrine-goulvestre\\\/\"},\"wordCount\":363,\"image\":{\"@id\":\"https:\\\/\\\/www.mines-stetienne.fr\\\/panoramines\\\/2025\\\/01\\\/06\\\/linterview-de-sandrine-goulvestre\\\/#primaryimage\"},\"thumbnailUrl\":\"https:\\\/\\\/www.mines-stetienne.fr\\\/panoramines\\\/wp-content\\\/uploads\\\/sites\\\/3\\\/2024\\\/12\\\/Sandrine-Goulvestre-scaled.jpg\",\"keywords\":[\"Campus Aix-Marseille-Provence\",\"Charg\u00e9e de projet\",\"Sandrine Goulvestre\",\"Vulgarisation scientifique\"],\"articleSection\":[\"Culture scientifique\"],\"inLanguage\":\"fr-FR\"},{\"@type\":\"WebPage\",\"@id\":\"https:\\\/\\\/www.mines-stetienne.fr\\\/panoramines\\\/2025\\\/01\\\/06\\\/linterview-de-sandrine-goulvestre\\\/\",\"url\":\"https:\\\/\\\/www.mines-stetienne.fr\\\/panoramines\\\/2025\\\/01\\\/06\\\/linterview-de-sandrine-goulvestre\\\/\",\"name\":\"L'interview de Sandrine Goulvestre - Panoramines\",\"isPartOf\":{\"@id\":\"https:\\\/\\\/www.mines-stetienne.fr\\\/panoramines\\\/#website\"},\"primaryImageOfPage\":{\"@id\":\"https:\\\/\\\/www.mines-stetienne.fr\\\/panoramines\\\/2025\\\/01\\\/06\\\/linterview-de-sandrine-goulvestre\\\/#primaryimage\"},\"image\":{\"@id\":\"https:\\\/\\\/www.mines-stetienne.fr\\\/panoramines\\\/2025\\\/01\\\/06\\\/linterview-de-sandrine-goulvestre\\\/#primaryimage\"},\"thumbnailUrl\":\"https:\\\/\\\/www.mines-stetienne.fr\\\/panoramines\\\/wp-content\\\/uploads\\\/sites\\\/3\\\/2024\\\/12\\\/Sandrine-Goulvestre-scaled.jpg\",\"datePublished\":\"2025-01-06T08:00:00+00:00\",\"dateModified\":\"2025-03-15T10:41:32+00:00\",\"author\":{\"@id\":\"https:\\\/\\\/www.mines-stetienne.fr\\\/panoramines\\\/#\\\/schema\\\/person\\\/53c118c529c866c1454c8138b35880e8\"},\"breadcrumb\":{\"@id\":\"https:\\\/\\\/www.mines-stetienne.fr\\\/panoramines\\\/2025\\\/01\\\/06\\\/linterview-de-sandrine-goulvestre\\\/#breadcrumb\"},\"inLanguage\":\"fr-FR\",\"potentialAction\":[{\"@type\":\"ReadAction\",\"target\":[\"https:\\\/\\\/www.mines-stetienne.fr\\\/panoramines\\\/2025\\\/01\\\/06\\\/linterview-de-sandrine-goulvestre\\\/\"]}]},{\"@type\":\"ImageObject\",\"inLanguage\":\"fr-FR\",\"@id\":\"https:\\\/\\\/www.mines-stetienne.fr\\\/panoramines\\\/2025\\\/01\\\/06\\\/linterview-de-sandrine-goulvestre\\\/#primaryimage\",\"url\":\"https:\\\/\\\/www.mines-stetienne.fr\\\/panoramines\\\/wp-content\\\/uploads\\\/sites\\\/3\\\/2024\\\/12\\\/Sandrine-Goulvestre-scaled.jpg\",\"contentUrl\":\"https:\\\/\\\/www.mines-stetienne.fr\\\/panoramines\\\/wp-content\\\/uploads\\\/sites\\\/3\\\/2024\\\/12\\\/Sandrine-Goulvestre-scaled.jpg\",\"width\":2526,\"height\":2560},{\"@type\":\"BreadcrumbList\",\"@id\":\"https:\\\/\\\/www.mines-stetienne.fr\\\/panoramines\\\/2025\\\/01\\\/06\\\/linterview-de-sandrine-goulvestre\\\/#breadcrumb\",\"itemListElement\":[{\"@type\":\"ListItem\",\"position\":1,\"name\":\"Accueil\",\"item\":\"https:\\\/\\\/www.mines-stetienne.fr\\\/panoramines\\\/\"},{\"@type\":\"ListItem\",\"position\":2,\"name\":\"L&rsquo;interview de Sandrine Goulvestre\"}]},{\"@type\":\"WebSite\",\"@id\":\"https:\\\/\\\/www.mines-stetienne.fr\\\/panoramines\\\/#website\",\"url\":\"https:\\\/\\\/www.mines-stetienne.fr\\\/panoramines\\\/\",\"name\":\"Panoramines\",\"description\":\"Panoramines, l\u2019actualit\u00e9 de MINES Saint-\u00c9tienne\",\"potentialAction\":[{\"@type\":\"SearchAction\",\"target\":{\"@type\":\"EntryPoint\",\"urlTemplate\":\"https:\\\/\\\/www.mines-stetienne.fr\\\/panoramines\\\/?s={search_term_string}\"},\"query-input\":{\"@type\":\"PropertyValueSpecification\",\"valueRequired\":true,\"valueName\":\"search_term_string\"}}],\"inLanguage\":\"fr-FR\"},{\"@type\":\"Person\",\"@id\":\"https:\\\/\\\/www.mines-stetienne.fr\\\/panoramines\\\/#\\\/schema\\\/person\\\/53c118c529c866c1454c8138b35880e8\",\"name\":\"Gr\u00e9goire\",\"image\":{\"@type\":\"ImageObject\",\"inLanguage\":\"fr-FR\",\"@id\":\"https:\\\/\\\/www.mines-stetienne.fr\\\/panoramines\\\/wp-content\\\/uploads\\\/sites\\\/3\\\/2021\\\/07\\\/logo-75x75-1.png\",\"url\":\"https:\\\/\\\/www.mines-stetienne.fr\\\/panoramines\\\/wp-content\\\/uploads\\\/sites\\\/3\\\/2021\\\/07\\\/logo-75x75-1.png\",\"contentUrl\":\"https:\\\/\\\/www.mines-stetienne.fr\\\/panoramines\\\/wp-content\\\/uploads\\\/sites\\\/3\\\/2021\\\/07\\\/logo-75x75-1.png\",\"caption\":\"Gr\u00e9goire\"},\"sameAs\":[\"http:\\\/\\\/www.mines-stetienne.fr\",\"jjj\",\"kkk\",\"aaa\",\"mmm\",\"https:\\\/\\\/x.com\\\/qqq\",\"lll\",\"rrr\",\"nnn\",\"ooo\",\"ppp\"],\"url\":\"https:\\\/\\\/www.mines-stetienne.fr\\\/panoramines\\\/author\\\/gregoire\\\/\"}]}<\/script>\n<!-- \/ Yoast SEO plugin. -->","yoast_head_json":{"title":"L'interview de Sandrine Goulvestre - Panoramines","robots":{"index":"index","follow":"follow","max-snippet":"max-snippet:-1","max-image-preview":"max-image-preview:large","max-video-preview":"max-video-preview:-1"},"canonical":"https:\/\/www.mines-stetienne.fr\/panoramines\/2025\/01\/06\/linterview-de-sandrine-goulvestre\/","og_locale":"fr_FR","og_type":"article","og_title":"L'interview de Sandrine Goulvestre - Panoramines","og_description":"Elle occupe le poste de charg\u00e9e de projet sur le Campus Aix-Marseille-Provence depuis le 2 mai 2024. Une mission de vulgarisation scientifique au service de La Rotonde que cette ing\u00e9nieure de formation remplit avec passion et enthousiasme. 1. En quoi &hellip;","og_url":"https:\/\/www.mines-stetienne.fr\/panoramines\/2025\/01\/06\/linterview-de-sandrine-goulvestre\/","og_site_name":"Panoramines","article_author":"jjj","article_published_time":"2025-01-06T08:00:00+00:00","article_modified_time":"2025-03-15T10:41:32+00:00","og_image":[{"width":2526,"height":2560,"url":"https:\/\/www.mines-stetienne.fr\/panoramines\/wp-content\/uploads\/sites\/3\/2024\/12\/Sandrine-Goulvestre-scaled.jpg","type":"image\/jpeg"}],"author":"Gr\u00e9goire","twitter_card":"summary_large_image","twitter_creator":"@qqq","twitter_misc":{"\u00c9crit par":"Gr\u00e9goire","Dur\u00e9e de lecture estim\u00e9e":"2 minutes"},"schema":{"@context":"https:\/\/schema.org","@graph":[{"@type":"Article","@id":"https:\/\/www.mines-stetienne.fr\/panoramines\/2025\/01\/06\/linterview-de-sandrine-goulvestre\/#article","isPartOf":{"@id":"https:\/\/www.mines-stetienne.fr\/panoramines\/2025\/01\/06\/linterview-de-sandrine-goulvestre\/"},"author":{"name":"Gr\u00e9goire","@id":"https:\/\/www.mines-stetienne.fr\/panoramines\/#\/schema\/person\/53c118c529c866c1454c8138b35880e8"},"headline":"L&rsquo;interview de Sandrine Goulvestre","datePublished":"2025-01-06T08:00:00+00:00","dateModified":"2025-03-15T10:41:32+00:00","mainEntityOfPage":{"@id":"https:\/\/www.mines-stetienne.fr\/panoramines\/2025\/01\/06\/linterview-de-sandrine-goulvestre\/"},"wordCount":363,"image":{"@id":"https:\/\/www.mines-stetienne.fr\/panoramines\/2025\/01\/06\/linterview-de-sandrine-goulvestre\/#primaryimage"},"thumbnailUrl":"https:\/\/www.mines-stetienne.fr\/panoramines\/wp-content\/uploads\/sites\/3\/2024\/12\/Sandrine-Goulvestre-scaled.jpg","keywords":["Campus Aix-Marseille-Provence","Charg\u00e9e de projet","Sandrine Goulvestre","Vulgarisation scientifique"],"articleSection":["Culture scientifique"],"inLanguage":"fr-FR"},{"@type":"WebPage","@id":"https:\/\/www.mines-stetienne.fr\/panoramines\/2025\/01\/06\/linterview-de-sandrine-goulvestre\/","url":"https:\/\/www.mines-stetienne.fr\/panoramines\/2025\/01\/06\/linterview-de-sandrine-goulvestre\/","name":"L'interview de Sandrine Goulvestre - Panoramines","isPartOf":{"@id":"https:\/\/www.mines-stetienne.fr\/panoramines\/#website"},"primaryImageOfPage":{"@id":"https:\/\/www.mines-stetienne.fr\/panoramines\/2025\/01\/06\/linterview-de-sandrine-goulvestre\/#primaryimage"},"image":{"@id":"https:\/\/www.mines-stetienne.fr\/panoramines\/2025\/01\/06\/linterview-de-sandrine-goulvestre\/#primaryimage"},"thumbnailUrl":"https:\/\/www.mines-stetienne.fr\/panoramines\/wp-content\/uploads\/sites\/3\/2024\/12\/Sandrine-Goulvestre-scaled.jpg","datePublished":"2025-01-06T08:00:00+00:00","dateModified":"2025-03-15T10:41:32+00:00","author":{"@id":"https:\/\/www.mines-stetienne.fr\/panoramines\/#\/schema\/person\/53c118c529c866c1454c8138b35880e8"},"breadcrumb":{"@id":"https:\/\/www.mines-stetienne.fr\/panoramines\/2025\/01\/06\/linterview-de-sandrine-goulvestre\/#breadcrumb"},"inLanguage":"fr-FR","potentialAction":[{"@type":"ReadAction","target":["https:\/\/www.mines-stetienne.fr\/panoramines\/2025\/01\/06\/linterview-de-sandrine-goulvestre\/"]}]},{"@type":"ImageObject","inLanguage":"fr-FR","@id":"https:\/\/www.mines-stetienne.fr\/panoramines\/2025\/01\/06\/linterview-de-sandrine-goulvestre\/#primaryimage","url":"https:\/\/www.mines-stetienne.fr\/panoramines\/wp-content\/uploads\/sites\/3\/2024\/12\/Sandrine-Goulvestre-scaled.jpg","contentUrl":"https:\/\/www.mines-stetienne.fr\/panoramines\/wp-content\/uploads\/sites\/3\/2024\/12\/Sandrine-Goulvestre-scaled.jpg","width":2526,"height":2560},{"@type":"BreadcrumbList","@id":"https:\/\/www.mines-stetienne.fr\/panoramines\/2025\/01\/06\/linterview-de-sandrine-goulvestre\/#breadcrumb","itemListElement":[{"@type":"ListItem","position":1,"name":"Accueil","item":"https:\/\/www.mines-stetienne.fr\/panoramines\/"},{"@type":"ListItem","position":2,"name":"L&rsquo;interview de Sandrine Goulvestre"}]},{"@type":"WebSite","@id":"https:\/\/www.mines-stetienne.fr\/panoramines\/#website","url":"https:\/\/www.mines-stetienne.fr\/panoramines\/","name":"Panoramines","description":"Panoramines, l\u2019actualit\u00e9 de MINES Saint-\u00c9tienne","potentialAction":[{"@type":"SearchAction","target":{"@type":"EntryPoint","urlTemplate":"https:\/\/www.mines-stetienne.fr\/panoramines\/?s={search_term_string}"},"query-input":{"@type":"PropertyValueSpecification","valueRequired":true,"valueName":"search_term_string"}}],"inLanguage":"fr-FR"},{"@type":"Person","@id":"https:\/\/www.mines-stetienne.fr\/panoramines\/#\/schema\/person\/53c118c529c866c1454c8138b35880e8","name":"Gr\u00e9goire","image":{"@type":"ImageObject","inLanguage":"fr-FR","@id":"https:\/\/www.mines-stetienne.fr\/panoramines\/wp-content\/uploads\/sites\/3\/2021\/07\/logo-75x75-1.png","url":"https:\/\/www.mines-stetienne.fr\/panoramines\/wp-content\/uploads\/sites\/3\/2021\/07\/logo-75x75-1.png","contentUrl":"https:\/\/www.mines-stetienne.fr\/panoramines\/wp-content\/uploads\/sites\/3\/2021\/07\/logo-75x75-1.png","caption":"Gr\u00e9goire"},"sameAs":["http:\/\/www.mines-stetienne.fr","jjj","kkk","aaa","mmm","https:\/\/x.com\/qqq","lll","rrr","nnn","ooo","ppp"],"url":"https:\/\/www.mines-stetienne.fr\/panoramines\/author\/gregoire\/"}]}},"_links":{"self":[{"href":"https:\/\/www.mines-stetienne.fr\/panoramines\/wp-json\/wp\/v2\/posts\/27601","targetHints":{"allow":["GET"]}}],"collection":[{"href":"https:\/\/www.mines-stetienne.fr\/panoramines\/wp-json\/wp\/v2\/posts"}],"about":[{"href":"https:\/\/www.mines-stetienne.fr\/panoramines\/wp-json\/wp\/v2\/types\/post"}],"author":[{"embeddable":true,"href":"https:\/\/www.mines-stetienne.fr\/panoramines\/wp-json\/wp\/v2\/users\/2"}],"replies":[{"embeddable":true,"href":"https:\/\/www.mines-stetienne.fr\/panoramines\/wp-json\/wp\/v2\/comments?post=27601"}],"version-history":[{"count":19,"href":"https:\/\/www.mines-stetienne.fr\/panoramines\/wp-json\/wp\/v2\/posts\/27601\/revisions"}],"predecessor-version":[{"id":28058,"href":"https:\/\/www.mines-stetienne.fr\/panoramines\/wp-json\/wp\/v2\/posts\/27601\/revisions\/28058"}],"wp:featuredmedia":[{"embeddable":true,"href":"https:\/\/www.mines-stetienne.fr\/panoramines\/wp-json\/wp\/v2\/media\/27715"}],"wp:attachment":[{"href":"https:\/\/www.mines-stetienne.fr\/panoramines\/wp-json\/wp\/v2\/media?parent=27601"}],"wp:term":[{"taxonomy":"category","embeddable":true,"href":"https:\/\/www.mines-stetienne.fr\/panoramines\/wp-json\/wp\/v2\/categories?post=27601"},{"taxonomy":"post_tag","embeddable":true,"href":"https:\/\/www.mines-stetienne.fr\/panoramines\/wp-json\/wp\/v2\/tags?post=27601"}],"curies":[{"name":"wp","href":"https:\/\/api.w.org\/{rel}","templated":true}]}}