{"id":27572,"date":"2024-12-04T10:17:27","date_gmt":"2024-12-04T09:17:27","guid":{"rendered":"https:\/\/www.mines-stetienne.fr\/panoramines\/?p=27572"},"modified":"2025-03-15T11:44:02","modified_gmt":"2025-03-15T10:44:02","slug":"des-etudiants-entrepreneurs-du-cursus-ismin-incubes-chez-team","status":"publish","type":"post","link":"https:\/\/www.mines-stetienne.fr\/panoramines\/2024\/12\/04\/des-etudiants-entrepreneurs-du-cursus-ismin-incubes-chez-team\/","title":{"rendered":"Des \u00e9tudiants-entrepreneurs du cursus ISMIN  incub\u00e9s chez TEAM"},"content":{"rendered":"\n<h2 class=\"wp-block-heading\">Ils b\u00e9n\u00e9ficient du m\u00eame accompagnement que des start-up pour m\u00fbrir et d\u00e9velopper leurs projets innovants dans les meilleures conditions. <\/h2>\n\n\n\n<p>Ils sont jeunes. Ils ont soif d&rsquo;apprendre et d&rsquo;entreprendre.<\/p>\n\n\n\n<p>Cl\u00e9ment Petitjean, Alexandre Chalin et Ka\u00efs Bourdache ont le statut particulier d&rsquo;<a href=\"https:\/\/www.enseignementsup-recherche.gouv.fr\/fr\/statut-national-etudiant-entrepreneur-46412\">\u00e9tudiant-entrepreneur<\/a>. Int\u00e9gr\u00e9s au cursus d&rsquo;ing\u00e9nieur syst\u00e8mes micro\u00e9lectroniques et informatiques (ISMIN) du Campus Aix-Marseille-Provence, ils \u00e9laborent un projet entrepreneurial avec <a href=\"https:\/\/www.mines-stetienne.fr\/entreprise\/incubation-technologique-team\/\">P\u00e9pite Provence <\/a>parall\u00e8lement \u00e0 leur formation.<\/p>\n\n\n\n<p>Cl\u00e9ment, Alexandre et Ka\u00efs b\u00e9n\u00e9ficient depuis la rentr\u00e9e de l&rsquo;accompagnement personnalis\u00e9 de <a href=\"https:\/\/www.mines-stetienne.fr\/entreprise\/incubation-technologique-team\/\">TEAM<\/a>, l&rsquo;incubateur de Mines Saint-\u00c9tienne. \u00c0 ce titre, ils sont plac\u00e9s sur le m\u00eame pied d&rsquo;\u00e9galit\u00e9 que des start-up. Ils disposent notamment, sur r\u00e9servation, d&rsquo;un bureau partag\u00e9 au Ch\u00e2teau Laurin pour travailler de fa\u00e7on stimulante au c\u0153ur d&rsquo;un \u00e9cosyst\u00e8me propice \u00e0 leur \u00e9panouissement personnel et professionnel.<\/p>\n\n\n\n<p>En b\u00e9n\u00e9ficiant des ressources, des partenariats et des r\u00e9seaux de Mines Saint-\u00c9tienne, ces \u00e9tudiants-entrepreneurs ont toutes les cartes en main pour concr\u00e9tiser leur projet entrepreneurial et d\u00e9crocher leur dipl\u00f4me (D2E).<\/p>\n\n\n\n<p>F\u00e9licitations \u00e0 tous pour ces parcours inspirants.<\/p>\n\n\n\n<h3 class=\"wp-block-heading\">Ils t\u00e9moignent :<\/h3>\n\n\n\n<p><strong>Cl\u00e9ment Petitjean<\/strong> &#8211; Planar Systems <\/p>\n\n\n\n<p>Le projet vise \u00e0 acc\u00e9l\u00e9rer la transition des disc-jockeys vers une pratique nomade de la musique.<\/p>\n\n\n\n<p><strong>Quelles comp\u00e9tences acquises au cours de votre cursus vous ont le plus aid\u00e9 dans votre projet ? <\/strong><\/p>\n\n\n\n<p>\u00ab\u00a0<em>Sans aucun doute le projet industriel de 2A, d\u00e9sormais devenu projet \u00e9cole, ainsi que les cours de strat\u00e9gie financi\u00e8re. La gestion de production et le management m\u2019ont apport\u00e9 des bases de connaissances, mais je n\u2019y ai pas r\u00e9ellement engrang\u00e9 de comp\u00e9tences utiles pour mon projet. En d\u00e9finitive, ce qui m&rsquo;a le plus aid\u00e9 sont les exp\u00e9riences concr\u00e8tes en projet et en stage<\/em>.\u00a0\u00bb<\/p>\n\n\n\n<hr class=\"wp-block-separator has-alpha-channel-opacity\"\/>\n\n\n\n<p><strong>Alexandre Chalin<\/strong> &#8211; Blue Smart Robotics<\/p>\n\n\n\n<p>Le projet vise \u00e0 d\u00e9velopper des solutions robotiques qui simplifient l&rsquo;ensemble du cycle d&rsquo;utilisation des v\u00e9hicules a\u00e9ronautiques et, plus particuli\u00e8rement, des planeurs.<\/p>\n\n\n\n<p><strong>Quels conseils donneriez-vous \u00e0 vos camarades qui h\u00e9sitent \u00e0 se lancer dans une d\u00e9marche entrepreneuriale pendant leurs \u00e9tudes ?<\/strong>&nbsp;<\/p>\n\n\n\n<p>\u00ab\u00a0<em>\u00c0 Mines Saint-\u00c9tienne, nous b\u00e9n\u00e9ficions d\u2019un cadre privil\u00e9gi\u00e9 pour nous lancer dans une d\u00e9marche entrepreneuriale. De plus, l\u2019\u00e9cosyst\u00e8me IMT offre de nombreuses opportunit\u00e9s. La d\u00e9marche entrepreneuriale demande rigueur et m\u00e9thode, ce qui correspond pr\u00e9cis\u00e9ment \u00e0 ce que le cursus ISMIN nous apporte. Autrement dit, vous avez toutes les cl\u00e9s en main pour vous lancer : il ne manque plus qu\u2019une bonne id\u00e9e <\/em>!\u00a0\u00bb<\/p>\n\n\n\n<hr class=\"wp-block-separator has-alpha-channel-opacity\"\/>\n\n\n\n<p><strong>Ka\u00efs Bourdache<\/strong> &#8211; Heimdall Sense<\/p>\n\n\n\n<p>Le projet vise \u00e0 d\u00e9velopper une solution \u00ab\u00a0wearable\u00a0\u00bb connect\u00e9e permettant de pr\u00e9dire les crises autistiques.<\/p>\n\n\n\n<p><strong>Comment conciliez-vous votre formation d\u2019ing\u00e9nieur \u00e0 Mines Saint-\u00c9tienne avec votre d\u00e9marche entrepreneuriale ?<\/strong><\/p>\n\n\n\n<p>\u00ab\u00a0<em>Dans un premier temps, il est certain que la quantit\u00e9 de travail est consid\u00e9rable et qu\u2019il faut supporter la cadence et le stress. Cependant, ma d\u00e9marche entrepreneuriale me permet de trouver une application et un int\u00e9r\u00eat plus concret \u00e0 chacun des cours en les transposant \u00e0 mon projet. Je ne dissocie plus vraiment les cours et mon projet. Je vais en cours afin de d\u00e9velopper des comp\u00e9tences qui me seront utiles. De cette mani\u00e8re, j\u2019appr\u00e9hende beaucoup mieux mes \u00e9tudes au sein de l\u2019Ecole et elles prennent une tout autre dimension.\u00a0\u00bb<\/em><\/p>\n","protected":false},"excerpt":{"rendered":"<p>Ils b\u00e9n\u00e9ficient du m\u00eame accompagnement que des start-up pour m\u00fbrir et d\u00e9velopper leurs projets innovants dans les meilleures conditions. Ils sont jeunes. Ils ont soif d&rsquo;apprendre et d&rsquo;entreprendre. Cl\u00e9ment Petitjean, Alexandre Chalin et Ka\u00efs Bourdache ont le statut particulier d&rsquo;\u00e9tudiant-entrepreneur. &hellip;<\/p>\n","protected":false},"author":2,"featured_media":27609,"comment_status":"closed","ping_status":"open","sticky":false,"template":"","format":"standard","meta":{"_relevanssi_hide_post":"","_relevanssi_hide_content":"","_relevanssi_pin_for_all":"","_relevanssi_pin_keywords":"","_relevanssi_unpin_keywords":"","_relevanssi_related_keywords":"","_relevanssi_related_include_ids":"","_relevanssi_related_exclude_ids":"","_relevanssi_related_no_append":"","_relevanssi_related_not_related":"","_relevanssi_related_posts":"20683,27050,24227,25216,14130,23830","_relevanssi_noindex_reason":"","footnotes":""},"categories":[6],"tags":[1130,42,645,140],"class_list":["post-27572","post","type-post","status-publish","format-standard","has-post-thumbnail","hentry","category-formation","tag-etudiant-entrepreneur","tag-ismin","tag-pepite-provence","tag-team"],"pp_statuses_selecting_workflow":false,"pp_workflow_action":"current","pp_status_selection":"publish","pp_force_visibility":null,"pp_subpost_visibility":null,"pp_inherited_force_visibility":null,"pp_inherited_subpost_visibility":null,"yoast_head":"<!-- This site is optimized with the Yoast SEO plugin v27.5 - https:\/\/yoast.com\/product\/yoast-seo-wordpress\/ -->\n<title>Des \u00e9tudiants-entrepreneurs du cursus ISMIN incub\u00e9s chez TEAM - Panoramines<\/title>\n<meta name=\"robots\" content=\"index, follow, max-snippet:-1, max-image-preview:large, max-video-preview:-1\" \/>\n<link rel=\"canonical\" href=\"https:\/\/www.mines-stetienne.fr\/panoramines\/2024\/12\/04\/des-etudiants-entrepreneurs-du-cursus-ismin-incubes-chez-team\/\" \/>\n<meta property=\"og:locale\" content=\"fr_FR\" \/>\n<meta property=\"og:type\" content=\"article\" \/>\n<meta property=\"og:title\" content=\"Des \u00e9tudiants-entrepreneurs du cursus ISMIN incub\u00e9s chez TEAM - Panoramines\" \/>\n<meta property=\"og:description\" content=\"Ils b\u00e9n\u00e9ficient du m\u00eame accompagnement que des start-up pour m\u00fbrir et d\u00e9velopper leurs projets innovants dans les meilleures conditions. Ils sont jeunes. Ils ont soif d&rsquo;apprendre et d&rsquo;entreprendre. Cl\u00e9ment Petitjean, Alexandre Chalin et Ka\u00efs Bourdache ont le statut particulier d&rsquo;\u00e9tudiant-entrepreneur. &hellip;\" \/>\n<meta property=\"og:url\" content=\"https:\/\/www.mines-stetienne.fr\/panoramines\/2024\/12\/04\/des-etudiants-entrepreneurs-du-cursus-ismin-incubes-chez-team\/\" \/>\n<meta property=\"og:site_name\" content=\"Panoramines\" \/>\n<meta property=\"article:author\" content=\"jjj\" \/>\n<meta property=\"article:published_time\" content=\"2024-12-04T09:17:27+00:00\" \/>\n<meta property=\"article:modified_time\" content=\"2025-03-15T10:44:02+00:00\" \/>\n<meta property=\"og:image\" content=\"https:\/\/www.mines-stetienne.fr\/panoramines\/wp-content\/uploads\/sites\/3\/2024\/12\/Etudiants-entrepreneurs-scaled.jpg\" \/>\n\t<meta property=\"og:image:width\" content=\"2560\" \/>\n\t<meta property=\"og:image:height\" content=\"1869\" \/>\n\t<meta property=\"og:image:type\" content=\"image\/jpeg\" \/>\n<meta name=\"author\" content=\"Gr\u00e9goire\" \/>\n<meta name=\"twitter:card\" content=\"summary_large_image\" \/>\n<meta name=\"twitter:creator\" content=\"@qqq\" \/>\n<meta name=\"twitter:label1\" content=\"\u00c9crit par\" \/>\n\t<meta name=\"twitter:data1\" content=\"Gr\u00e9goire\" \/>\n\t<meta name=\"twitter:label2\" content=\"Dur\u00e9e de lecture estim\u00e9e\" \/>\n\t<meta name=\"twitter:data2\" content=\"3 minutes\" \/>\n<script type=\"application\/ld+json\" class=\"yoast-schema-graph\">{\"@context\":\"https:\\\/\\\/schema.org\",\"@graph\":[{\"@type\":\"Article\",\"@id\":\"https:\\\/\\\/www.mines-stetienne.fr\\\/panoramines\\\/2024\\\/12\\\/04\\\/des-etudiants-entrepreneurs-du-cursus-ismin-incubes-chez-team\\\/#article\",\"isPartOf\":{\"@id\":\"https:\\\/\\\/www.mines-stetienne.fr\\\/panoramines\\\/2024\\\/12\\\/04\\\/des-etudiants-entrepreneurs-du-cursus-ismin-incubes-chez-team\\\/\"},\"author\":{\"name\":\"Gr\u00e9goire\",\"@id\":\"https:\\\/\\\/www.mines-stetienne.fr\\\/panoramines\\\/#\\\/schema\\\/person\\\/53c118c529c866c1454c8138b35880e8\"},\"headline\":\"Des \u00e9tudiants-entrepreneurs du cursus ISMIN incub\u00e9s chez TEAM\",\"datePublished\":\"2024-12-04T09:17:27+00:00\",\"dateModified\":\"2025-03-15T10:44:02+00:00\",\"mainEntityOfPage\":{\"@id\":\"https:\\\/\\\/www.mines-stetienne.fr\\\/panoramines\\\/2024\\\/12\\\/04\\\/des-etudiants-entrepreneurs-du-cursus-ismin-incubes-chez-team\\\/\"},\"wordCount\":579,\"image\":{\"@id\":\"https:\\\/\\\/www.mines-stetienne.fr\\\/panoramines\\\/2024\\\/12\\\/04\\\/des-etudiants-entrepreneurs-du-cursus-ismin-incubes-chez-team\\\/#primaryimage\"},\"thumbnailUrl\":\"https:\\\/\\\/www.mines-stetienne.fr\\\/panoramines\\\/wp-content\\\/uploads\\\/sites\\\/3\\\/2024\\\/12\\\/Etudiants-entrepreneurs-scaled.jpg\",\"keywords\":[\"Etudiant-entrepreneur\",\"ISMIN\",\"Pepite Provence\",\"TEAM\"],\"articleSection\":[\"Formation\"],\"inLanguage\":\"fr-FR\"},{\"@type\":\"WebPage\",\"@id\":\"https:\\\/\\\/www.mines-stetienne.fr\\\/panoramines\\\/2024\\\/12\\\/04\\\/des-etudiants-entrepreneurs-du-cursus-ismin-incubes-chez-team\\\/\",\"url\":\"https:\\\/\\\/www.mines-stetienne.fr\\\/panoramines\\\/2024\\\/12\\\/04\\\/des-etudiants-entrepreneurs-du-cursus-ismin-incubes-chez-team\\\/\",\"name\":\"Des \u00e9tudiants-entrepreneurs du cursus ISMIN incub\u00e9s chez TEAM - Panoramines\",\"isPartOf\":{\"@id\":\"https:\\\/\\\/www.mines-stetienne.fr\\\/panoramines\\\/#website\"},\"primaryImageOfPage\":{\"@id\":\"https:\\\/\\\/www.mines-stetienne.fr\\\/panoramines\\\/2024\\\/12\\\/04\\\/des-etudiants-entrepreneurs-du-cursus-ismin-incubes-chez-team\\\/#primaryimage\"},\"image\":{\"@id\":\"https:\\\/\\\/www.mines-stetienne.fr\\\/panoramines\\\/2024\\\/12\\\/04\\\/des-etudiants-entrepreneurs-du-cursus-ismin-incubes-chez-team\\\/#primaryimage\"},\"thumbnailUrl\":\"https:\\\/\\\/www.mines-stetienne.fr\\\/panoramines\\\/wp-content\\\/uploads\\\/sites\\\/3\\\/2024\\\/12\\\/Etudiants-entrepreneurs-scaled.jpg\",\"datePublished\":\"2024-12-04T09:17:27+00:00\",\"dateModified\":\"2025-03-15T10:44:02+00:00\",\"author\":{\"@id\":\"https:\\\/\\\/www.mines-stetienne.fr\\\/panoramines\\\/#\\\/schema\\\/person\\\/53c118c529c866c1454c8138b35880e8\"},\"breadcrumb\":{\"@id\":\"https:\\\/\\\/www.mines-stetienne.fr\\\/panoramines\\\/2024\\\/12\\\/04\\\/des-etudiants-entrepreneurs-du-cursus-ismin-incubes-chez-team\\\/#breadcrumb\"},\"inLanguage\":\"fr-FR\",\"potentialAction\":[{\"@type\":\"ReadAction\",\"target\":[\"https:\\\/\\\/www.mines-stetienne.fr\\\/panoramines\\\/2024\\\/12\\\/04\\\/des-etudiants-entrepreneurs-du-cursus-ismin-incubes-chez-team\\\/\"]}]},{\"@type\":\"ImageObject\",\"inLanguage\":\"fr-FR\",\"@id\":\"https:\\\/\\\/www.mines-stetienne.fr\\\/panoramines\\\/2024\\\/12\\\/04\\\/des-etudiants-entrepreneurs-du-cursus-ismin-incubes-chez-team\\\/#primaryimage\",\"url\":\"https:\\\/\\\/www.mines-stetienne.fr\\\/panoramines\\\/wp-content\\\/uploads\\\/sites\\\/3\\\/2024\\\/12\\\/Etudiants-entrepreneurs-scaled.jpg\",\"contentUrl\":\"https:\\\/\\\/www.mines-stetienne.fr\\\/panoramines\\\/wp-content\\\/uploads\\\/sites\\\/3\\\/2024\\\/12\\\/Etudiants-entrepreneurs-scaled.jpg\",\"width\":2560,\"height\":1869},{\"@type\":\"BreadcrumbList\",\"@id\":\"https:\\\/\\\/www.mines-stetienne.fr\\\/panoramines\\\/2024\\\/12\\\/04\\\/des-etudiants-entrepreneurs-du-cursus-ismin-incubes-chez-team\\\/#breadcrumb\",\"itemListElement\":[{\"@type\":\"ListItem\",\"position\":1,\"name\":\"Accueil\",\"item\":\"https:\\\/\\\/www.mines-stetienne.fr\\\/panoramines\\\/\"},{\"@type\":\"ListItem\",\"position\":2,\"name\":\"Des \u00e9tudiants-entrepreneurs du cursus ISMIN incub\u00e9s chez TEAM\"}]},{\"@type\":\"WebSite\",\"@id\":\"https:\\\/\\\/www.mines-stetienne.fr\\\/panoramines\\\/#website\",\"url\":\"https:\\\/\\\/www.mines-stetienne.fr\\\/panoramines\\\/\",\"name\":\"Panoramines\",\"description\":\"Panoramines, l\u2019actualit\u00e9 de MINES Saint-\u00c9tienne\",\"potentialAction\":[{\"@type\":\"SearchAction\",\"target\":{\"@type\":\"EntryPoint\",\"urlTemplate\":\"https:\\\/\\\/www.mines-stetienne.fr\\\/panoramines\\\/?s={search_term_string}\"},\"query-input\":{\"@type\":\"PropertyValueSpecification\",\"valueRequired\":true,\"valueName\":\"search_term_string\"}}],\"inLanguage\":\"fr-FR\"},{\"@type\":\"Person\",\"@id\":\"https:\\\/\\\/www.mines-stetienne.fr\\\/panoramines\\\/#\\\/schema\\\/person\\\/53c118c529c866c1454c8138b35880e8\",\"name\":\"Gr\u00e9goire\",\"image\":{\"@type\":\"ImageObject\",\"inLanguage\":\"fr-FR\",\"@id\":\"https:\\\/\\\/www.mines-stetienne.fr\\\/panoramines\\\/wp-content\\\/uploads\\\/sites\\\/3\\\/2021\\\/07\\\/logo-75x75-1.png\",\"url\":\"https:\\\/\\\/www.mines-stetienne.fr\\\/panoramines\\\/wp-content\\\/uploads\\\/sites\\\/3\\\/2021\\\/07\\\/logo-75x75-1.png\",\"contentUrl\":\"https:\\\/\\\/www.mines-stetienne.fr\\\/panoramines\\\/wp-content\\\/uploads\\\/sites\\\/3\\\/2021\\\/07\\\/logo-75x75-1.png\",\"caption\":\"Gr\u00e9goire\"},\"sameAs\":[\"http:\\\/\\\/www.mines-stetienne.fr\",\"jjj\",\"kkk\",\"aaa\",\"mmm\",\"https:\\\/\\\/x.com\\\/qqq\",\"lll\",\"rrr\",\"nnn\",\"ooo\",\"ppp\"],\"url\":\"https:\\\/\\\/www.mines-stetienne.fr\\\/panoramines\\\/author\\\/gregoire\\\/\"}]}<\/script>\n<!-- \/ Yoast SEO plugin. -->","yoast_head_json":{"title":"Des \u00e9tudiants-entrepreneurs du cursus ISMIN incub\u00e9s chez TEAM - Panoramines","robots":{"index":"index","follow":"follow","max-snippet":"max-snippet:-1","max-image-preview":"max-image-preview:large","max-video-preview":"max-video-preview:-1"},"canonical":"https:\/\/www.mines-stetienne.fr\/panoramines\/2024\/12\/04\/des-etudiants-entrepreneurs-du-cursus-ismin-incubes-chez-team\/","og_locale":"fr_FR","og_type":"article","og_title":"Des \u00e9tudiants-entrepreneurs du cursus ISMIN incub\u00e9s chez TEAM - Panoramines","og_description":"Ils b\u00e9n\u00e9ficient du m\u00eame accompagnement que des start-up pour m\u00fbrir et d\u00e9velopper leurs projets innovants dans les meilleures conditions. Ils sont jeunes. Ils ont soif d&rsquo;apprendre et d&rsquo;entreprendre. Cl\u00e9ment Petitjean, Alexandre Chalin et Ka\u00efs Bourdache ont le statut particulier d&rsquo;\u00e9tudiant-entrepreneur. &hellip;","og_url":"https:\/\/www.mines-stetienne.fr\/panoramines\/2024\/12\/04\/des-etudiants-entrepreneurs-du-cursus-ismin-incubes-chez-team\/","og_site_name":"Panoramines","article_author":"jjj","article_published_time":"2024-12-04T09:17:27+00:00","article_modified_time":"2025-03-15T10:44:02+00:00","og_image":[{"width":2560,"height":1869,"url":"https:\/\/www.mines-stetienne.fr\/panoramines\/wp-content\/uploads\/sites\/3\/2024\/12\/Etudiants-entrepreneurs-scaled.jpg","type":"image\/jpeg"}],"author":"Gr\u00e9goire","twitter_card":"summary_large_image","twitter_creator":"@qqq","twitter_misc":{"\u00c9crit par":"Gr\u00e9goire","Dur\u00e9e de lecture estim\u00e9e":"3 minutes"},"schema":{"@context":"https:\/\/schema.org","@graph":[{"@type":"Article","@id":"https:\/\/www.mines-stetienne.fr\/panoramines\/2024\/12\/04\/des-etudiants-entrepreneurs-du-cursus-ismin-incubes-chez-team\/#article","isPartOf":{"@id":"https:\/\/www.mines-stetienne.fr\/panoramines\/2024\/12\/04\/des-etudiants-entrepreneurs-du-cursus-ismin-incubes-chez-team\/"},"author":{"name":"Gr\u00e9goire","@id":"https:\/\/www.mines-stetienne.fr\/panoramines\/#\/schema\/person\/53c118c529c866c1454c8138b35880e8"},"headline":"Des \u00e9tudiants-entrepreneurs du cursus ISMIN incub\u00e9s chez TEAM","datePublished":"2024-12-04T09:17:27+00:00","dateModified":"2025-03-15T10:44:02+00:00","mainEntityOfPage":{"@id":"https:\/\/www.mines-stetienne.fr\/panoramines\/2024\/12\/04\/des-etudiants-entrepreneurs-du-cursus-ismin-incubes-chez-team\/"},"wordCount":579,"image":{"@id":"https:\/\/www.mines-stetienne.fr\/panoramines\/2024\/12\/04\/des-etudiants-entrepreneurs-du-cursus-ismin-incubes-chez-team\/#primaryimage"},"thumbnailUrl":"https:\/\/www.mines-stetienne.fr\/panoramines\/wp-content\/uploads\/sites\/3\/2024\/12\/Etudiants-entrepreneurs-scaled.jpg","keywords":["Etudiant-entrepreneur","ISMIN","Pepite Provence","TEAM"],"articleSection":["Formation"],"inLanguage":"fr-FR"},{"@type":"WebPage","@id":"https:\/\/www.mines-stetienne.fr\/panoramines\/2024\/12\/04\/des-etudiants-entrepreneurs-du-cursus-ismin-incubes-chez-team\/","url":"https:\/\/www.mines-stetienne.fr\/panoramines\/2024\/12\/04\/des-etudiants-entrepreneurs-du-cursus-ismin-incubes-chez-team\/","name":"Des \u00e9tudiants-entrepreneurs du cursus ISMIN incub\u00e9s chez TEAM - Panoramines","isPartOf":{"@id":"https:\/\/www.mines-stetienne.fr\/panoramines\/#website"},"primaryImageOfPage":{"@id":"https:\/\/www.mines-stetienne.fr\/panoramines\/2024\/12\/04\/des-etudiants-entrepreneurs-du-cursus-ismin-incubes-chez-team\/#primaryimage"},"image":{"@id":"https:\/\/www.mines-stetienne.fr\/panoramines\/2024\/12\/04\/des-etudiants-entrepreneurs-du-cursus-ismin-incubes-chez-team\/#primaryimage"},"thumbnailUrl":"https:\/\/www.mines-stetienne.fr\/panoramines\/wp-content\/uploads\/sites\/3\/2024\/12\/Etudiants-entrepreneurs-scaled.jpg","datePublished":"2024-12-04T09:17:27+00:00","dateModified":"2025-03-15T10:44:02+00:00","author":{"@id":"https:\/\/www.mines-stetienne.fr\/panoramines\/#\/schema\/person\/53c118c529c866c1454c8138b35880e8"},"breadcrumb":{"@id":"https:\/\/www.mines-stetienne.fr\/panoramines\/2024\/12\/04\/des-etudiants-entrepreneurs-du-cursus-ismin-incubes-chez-team\/#breadcrumb"},"inLanguage":"fr-FR","potentialAction":[{"@type":"ReadAction","target":["https:\/\/www.mines-stetienne.fr\/panoramines\/2024\/12\/04\/des-etudiants-entrepreneurs-du-cursus-ismin-incubes-chez-team\/"]}]},{"@type":"ImageObject","inLanguage":"fr-FR","@id":"https:\/\/www.mines-stetienne.fr\/panoramines\/2024\/12\/04\/des-etudiants-entrepreneurs-du-cursus-ismin-incubes-chez-team\/#primaryimage","url":"https:\/\/www.mines-stetienne.fr\/panoramines\/wp-content\/uploads\/sites\/3\/2024\/12\/Etudiants-entrepreneurs-scaled.jpg","contentUrl":"https:\/\/www.mines-stetienne.fr\/panoramines\/wp-content\/uploads\/sites\/3\/2024\/12\/Etudiants-entrepreneurs-scaled.jpg","width":2560,"height":1869},{"@type":"BreadcrumbList","@id":"https:\/\/www.mines-stetienne.fr\/panoramines\/2024\/12\/04\/des-etudiants-entrepreneurs-du-cursus-ismin-incubes-chez-team\/#breadcrumb","itemListElement":[{"@type":"ListItem","position":1,"name":"Accueil","item":"https:\/\/www.mines-stetienne.fr\/panoramines\/"},{"@type":"ListItem","position":2,"name":"Des \u00e9tudiants-entrepreneurs du cursus ISMIN incub\u00e9s chez TEAM"}]},{"@type":"WebSite","@id":"https:\/\/www.mines-stetienne.fr\/panoramines\/#website","url":"https:\/\/www.mines-stetienne.fr\/panoramines\/","name":"Panoramines","description":"Panoramines, l\u2019actualit\u00e9 de MINES Saint-\u00c9tienne","potentialAction":[{"@type":"SearchAction","target":{"@type":"EntryPoint","urlTemplate":"https:\/\/www.mines-stetienne.fr\/panoramines\/?s={search_term_string}"},"query-input":{"@type":"PropertyValueSpecification","valueRequired":true,"valueName":"search_term_string"}}],"inLanguage":"fr-FR"},{"@type":"Person","@id":"https:\/\/www.mines-stetienne.fr\/panoramines\/#\/schema\/person\/53c118c529c866c1454c8138b35880e8","name":"Gr\u00e9goire","image":{"@type":"ImageObject","inLanguage":"fr-FR","@id":"https:\/\/www.mines-stetienne.fr\/panoramines\/wp-content\/uploads\/sites\/3\/2021\/07\/logo-75x75-1.png","url":"https:\/\/www.mines-stetienne.fr\/panoramines\/wp-content\/uploads\/sites\/3\/2021\/07\/logo-75x75-1.png","contentUrl":"https:\/\/www.mines-stetienne.fr\/panoramines\/wp-content\/uploads\/sites\/3\/2021\/07\/logo-75x75-1.png","caption":"Gr\u00e9goire"},"sameAs":["http:\/\/www.mines-stetienne.fr","jjj","kkk","aaa","mmm","https:\/\/x.com\/qqq","lll","rrr","nnn","ooo","ppp"],"url":"https:\/\/www.mines-stetienne.fr\/panoramines\/author\/gregoire\/"}]}},"_links":{"self":[{"href":"https:\/\/www.mines-stetienne.fr\/panoramines\/wp-json\/wp\/v2\/posts\/27572","targetHints":{"allow":["GET"]}}],"collection":[{"href":"https:\/\/www.mines-stetienne.fr\/panoramines\/wp-json\/wp\/v2\/posts"}],"about":[{"href":"https:\/\/www.mines-stetienne.fr\/panoramines\/wp-json\/wp\/v2\/types\/post"}],"author":[{"embeddable":true,"href":"https:\/\/www.mines-stetienne.fr\/panoramines\/wp-json\/wp\/v2\/users\/2"}],"replies":[{"embeddable":true,"href":"https:\/\/www.mines-stetienne.fr\/panoramines\/wp-json\/wp\/v2\/comments?post=27572"}],"version-history":[{"count":18,"href":"https:\/\/www.mines-stetienne.fr\/panoramines\/wp-json\/wp\/v2\/posts\/27572\/revisions"}],"predecessor-version":[{"id":28064,"href":"https:\/\/www.mines-stetienne.fr\/panoramines\/wp-json\/wp\/v2\/posts\/27572\/revisions\/28064"}],"wp:featuredmedia":[{"embeddable":true,"href":"https:\/\/www.mines-stetienne.fr\/panoramines\/wp-json\/wp\/v2\/media\/27609"}],"wp:attachment":[{"href":"https:\/\/www.mines-stetienne.fr\/panoramines\/wp-json\/wp\/v2\/media?parent=27572"}],"wp:term":[{"taxonomy":"category","embeddable":true,"href":"https:\/\/www.mines-stetienne.fr\/panoramines\/wp-json\/wp\/v2\/categories?post=27572"},{"taxonomy":"post_tag","embeddable":true,"href":"https:\/\/www.mines-stetienne.fr\/panoramines\/wp-json\/wp\/v2\/tags?post=27572"}],"curies":[{"name":"wp","href":"https:\/\/api.w.org\/{rel}","templated":true}]}}