{"id":27458,"date":"2024-10-22T09:00:00","date_gmt":"2024-10-22T07:00:00","guid":{"rendered":"https:\/\/www.mines-stetienne.fr\/panoramines\/?p=27458"},"modified":"2025-03-15T11:47:38","modified_gmt":"2025-03-15T10:47:38","slug":"plongez-dans-lunivers-enchante-des-cabanes-colorees-avec-les-tout-petits","status":"publish","type":"post","link":"https:\/\/www.mines-stetienne.fr\/panoramines\/2024\/10\/22\/plongez-dans-lunivers-enchante-des-cabanes-colorees-avec-les-tout-petits\/","title":{"rendered":"Plongez dans l\u2019univers enchant\u00e9 des cabanes color\u00e9es avec les tout-petits"},"content":{"rendered":"\n<h2 class=\"wp-block-heading\">Jusqu&rsquo;au 14 d\u00e9cembre 2024, les enfants \u00e2g\u00e9s de 3 \u00e0 6 ans peuvent participer \u00e0 des ateliers pour construire des cabanes dans l&#8217;embl\u00e9matique Soucoupe de Mines Saint-\u00c9tienne.<\/h2>\n\n\n\n<p>L&rsquo;exposition \u00ab\u00a0Cabanes\u00a0\u00bb invite les jeunes enfants \u00e0 embarquer pour une aventure cr\u00e9ative et ludique au c\u0153ur d\u2019un monde f\u00e9\u00e9rique. D\u00e8s leur arriv\u00e9e sur le site, les petits explorateurs sont plong\u00e9s dans un univers de cabanes color\u00e9es, taill\u00e9es \u00e0 leur mesure, o\u00f9 l&rsquo;imagination et le jeu sont rois.<\/p>\n\n\n\n<p>Guid\u00e9s par un conte, ils suivent les aventures de deux h\u00e9ros, Mira et Yuba, qui les m\u00e8nent \u00e0 la d\u00e9couverte de cabanes du monde entier. Chaque construction renferme ses propres surprises et devient tour \u00e0 tour refuge, cachette, aire de jeux \u00e0 partager ou abri pour r\u00eaver.<\/p>\n\n\n\n<figure class=\"wp-block-gallery has-nested-images columns-default is-cropped wp-block-gallery-2 is-layout-flex wp-block-gallery-is-layout-flex\">\n<figure class=\"wp-block-image size-large\"><img loading=\"lazy\" decoding=\"async\" width=\"1024\" height=\"683\" data-id=\"27460\" src=\"https:\/\/www.mines-stetienne.fr\/panoramines\/wp-content\/uploads\/sites\/3\/2024\/10\/3936-Copyright-Th-Guillaume-EPPDCSI-92.jpg\" alt=\"\" class=\"wp-image-27460\" srcset=\"https:\/\/www.mines-stetienne.fr\/panoramines\/wp-content\/uploads\/sites\/3\/2024\/10\/3936-Copyright-Th-Guillaume-EPPDCSI-92.jpg 1024w, https:\/\/www.mines-stetienne.fr\/panoramines\/wp-content\/uploads\/sites\/3\/2024\/10\/3936-Copyright-Th-Guillaume-EPPDCSI-92-300x200.jpg 300w, https:\/\/www.mines-stetienne.fr\/panoramines\/wp-content\/uploads\/sites\/3\/2024\/10\/3936-Copyright-Th-Guillaume-EPPDCSI-92-768x512.jpg 768w\" sizes=\"auto, (max-width: 1024px) 100vw, 1024px\" \/><\/figure>\n\n\n\n<figure class=\"wp-block-image size-large\"><img loading=\"lazy\" decoding=\"async\" width=\"1024\" height=\"1024\" data-id=\"27462\" src=\"https:\/\/www.mines-stetienne.fr\/panoramines\/wp-content\/uploads\/sites\/3\/2024\/10\/3936-Copyright-Th-Guillaume-EPPDCSI-182.jpg\" alt=\"\" class=\"wp-image-27462\" srcset=\"https:\/\/www.mines-stetienne.fr\/panoramines\/wp-content\/uploads\/sites\/3\/2024\/10\/3936-Copyright-Th-Guillaume-EPPDCSI-182.jpg 1024w, https:\/\/www.mines-stetienne.fr\/panoramines\/wp-content\/uploads\/sites\/3\/2024\/10\/3936-Copyright-Th-Guillaume-EPPDCSI-182-300x300.jpg 300w, https:\/\/www.mines-stetienne.fr\/panoramines\/wp-content\/uploads\/sites\/3\/2024\/10\/3936-Copyright-Th-Guillaume-EPPDCSI-182-150x150.jpg 150w, https:\/\/www.mines-stetienne.fr\/panoramines\/wp-content\/uploads\/sites\/3\/2024\/10\/3936-Copyright-Th-Guillaume-EPPDCSI-182-768x768.jpg 768w, https:\/\/www.mines-stetienne.fr\/panoramines\/wp-content\/uploads\/sites\/3\/2024\/10\/3936-Copyright-Th-Guillaume-EPPDCSI-182-75x75.jpg 75w, https:\/\/www.mines-stetienne.fr\/panoramines\/wp-content\/uploads\/sites\/3\/2024\/10\/3936-Copyright-Th-Guillaume-EPPDCSI-182-360x360.jpg 360w\" sizes=\"auto, (max-width: 1024px) 100vw, 1024px\" \/><\/figure>\n\n\n\n<figure class=\"wp-block-image size-large\"><img loading=\"lazy\" decoding=\"async\" width=\"1024\" height=\"683\" data-id=\"27461\" src=\"https:\/\/www.mines-stetienne.fr\/panoramines\/wp-content\/uploads\/sites\/3\/2024\/10\/3940-Copyright-Ph-Levy-EPPDCSI-121-1.jpg\" alt=\"\" class=\"wp-image-27461\" srcset=\"https:\/\/www.mines-stetienne.fr\/panoramines\/wp-content\/uploads\/sites\/3\/2024\/10\/3940-Copyright-Ph-Levy-EPPDCSI-121-1.jpg 1024w, https:\/\/www.mines-stetienne.fr\/panoramines\/wp-content\/uploads\/sites\/3\/2024\/10\/3940-Copyright-Ph-Levy-EPPDCSI-121-1-300x200.jpg 300w, https:\/\/www.mines-stetienne.fr\/panoramines\/wp-content\/uploads\/sites\/3\/2024\/10\/3940-Copyright-Ph-Levy-EPPDCSI-121-1-768x512.jpg 768w\" sizes=\"auto, (max-width: 1024px) 100vw, 1024px\" \/><\/figure>\n<\/figure>\n\n\n\n<p>Le centre de cette exp\u00e9rience immersive est l\u2019\u00ab Espace d\u00e9fi-cabanes \u00bb de la Cit\u00e9 des Sciences et de l\u2019Industrie de Paris. Cet atelier interactif invite petits et grands \u00e0 se lancer dans la construction de leur propre cabane. Coop\u00e9ration ou cr\u00e9ativit\u00e9 en solo, chaque enfant est libre de manipuler, assembler et b\u00e2tir avec les mat\u00e9riaux mis \u00e0 sa disposition. Une belle occasion de d\u00e9velopper le sens de l&rsquo;entraide et de laisser libre cours \u00e0 son imagination.<\/p>\n\n\n\n<p>Avec \u00ab\u00a0Cabanes\u00a0\u00bb, chaque construction est un petit chef-d&rsquo;\u0153uvre de cr\u00e9ativit\u00e9.<\/p>\n\n\n\n<p><strong>Photos : Th. Guillaume et Ph. Levy<\/strong><\/p>\n\n\n\n<hr class=\"wp-block-separator has-alpha-channel-opacity\"\/>\n\n\n\n<h3 class=\"wp-block-heading\">OUVERTURE<\/h3>\n\n\n\n<p><strong>En p\u00e9riode scolaire :&nbsp;<\/strong>les mercredis (s\u00e9ances \u00e0 10h et 15h) et les samedis (s\u00e9ances \u00e0 14h et 16h).<\/p>\n\n\n\n<p><strong>Vacances&nbsp;scolaires&nbsp;:<\/strong><\/p>\n\n\n\n<ul class=\"wp-block-list\">\n<li>du mardi au vendredi :&nbsp;s\u00e9ances \u00e0 10h, 14h et 16h.<\/li>\n\n\n\n<li>les samedis : s\u00e9ances \u00e0 14h et 16h.<\/li>\n<\/ul>\n\n\n\n<h3 class=\"wp-block-heading\">LIEU<\/h3>\n\n\n\n<p><strong>Soucoupe \u2013 La Rotonde<br><\/strong>158, cours Fauriel \u2013 Saint-\u00c9tienne<\/p>\n\n\n\n<h3 class=\"wp-block-heading\">DUR\u00c9E<\/h3>\n\n\n\n<p>S\u00e9ance d\u2019environ 1h30 (r\u00e9servation obligatoire).<\/p>\n\n\n\n<h3 class=\"wp-block-heading\">PUBLIC<\/h3>\n\n\n\n<p>De 3 \u00e0 6 ans, en tribu.<\/p>\n\n\n\n<h3 class=\"wp-block-heading\">TARIFS<\/h3>\n\n\n\n<p><strong>Adulte&nbsp;<\/strong>: 6 \u20ac<br><strong>Enfant (- 16 ans)&nbsp;<\/strong>: 4 \u20ac<br><strong>R\u00e9duit<\/strong>&nbsp;: 4 \u20ac&nbsp;<em>(\u00e9tudiants, demandeurs d\u2019emploi, personnes en situation de handicap, enseignants et animateurs de l\u2019\u00e9ducation populaire)<\/em>.<\/p>\n\n\n\n<p>Plus d&rsquo;infos <strong><a href=\"https:\/\/www.larotonde-sciences.com\/cest-au-programme\/cabanes\/\">ICI<\/a><\/strong><\/p>\n","protected":false},"excerpt":{"rendered":"<p>Jusqu&rsquo;au 14 d\u00e9cembre 2024, les enfants \u00e2g\u00e9s de 3 \u00e0 6 ans peuvent participer \u00e0 des ateliers pour construire des cabanes dans l&#8217;embl\u00e9matique Soucoupe de Mines Saint-\u00c9tienne. L&rsquo;exposition \u00ab\u00a0Cabanes\u00a0\u00bb invite les jeunes enfants \u00e0 embarquer pour une aventure cr\u00e9ative et &hellip;<\/p>\n","protected":false},"author":2,"featured_media":27459,"comment_status":"closed","ping_status":"open","sticky":false,"template":"","format":"standard","meta":{"_relevanssi_hide_post":"","_relevanssi_hide_content":"","_relevanssi_pin_for_all":"","_relevanssi_pin_keywords":"","_relevanssi_unpin_keywords":"","_relevanssi_related_keywords":"","_relevanssi_related_include_ids":"","_relevanssi_related_exclude_ids":"","_relevanssi_related_no_append":"","_relevanssi_related_not_related":"","_relevanssi_related_posts":"24030,6620,22312,26340,21375,13321","_relevanssi_noindex_reason":"","footnotes":""},"categories":[10],"tags":[1044,1103,36,309,873],"class_list":["post-27458","post","type-post","status-publish","format-standard","has-post-thumbnail","hentry","category-culture-scientifique","tag-ateliers","tag-cabanes","tag-exposition","tag-la-rotonde","tag-mines-saint-etienne"],"pp_statuses_selecting_workflow":false,"pp_workflow_action":"current","pp_status_selection":"publish","pp_force_visibility":null,"pp_subpost_visibility":null,"pp_inherited_force_visibility":null,"pp_inherited_subpost_visibility":null,"yoast_head":"<!-- This site is optimized with the Yoast SEO plugin v27.5 - https:\/\/yoast.com\/product\/yoast-seo-wordpress\/ -->\n<title>Plongez dans l\u2019univers enchant\u00e9 des cabanes color\u00e9es avec les tout-petits - Panoramines<\/title>\n<meta name=\"robots\" content=\"index, follow, max-snippet:-1, max-image-preview:large, max-video-preview:-1\" \/>\n<link rel=\"canonical\" href=\"https:\/\/www.mines-stetienne.fr\/panoramines\/2024\/10\/22\/plongez-dans-lunivers-enchante-des-cabanes-colorees-avec-les-tout-petits\/\" \/>\n<meta property=\"og:locale\" content=\"fr_FR\" \/>\n<meta property=\"og:type\" content=\"article\" \/>\n<meta property=\"og:title\" content=\"Plongez dans l\u2019univers enchant\u00e9 des cabanes color\u00e9es avec les tout-petits - Panoramines\" \/>\n<meta property=\"og:description\" content=\"Jusqu&rsquo;au 14 d\u00e9cembre 2024, les enfants \u00e2g\u00e9s de 3 \u00e0 6 ans peuvent participer \u00e0 des ateliers pour construire des cabanes dans l&#8217;embl\u00e9matique Soucoupe de Mines Saint-\u00c9tienne. L&rsquo;exposition \u00ab\u00a0Cabanes\u00a0\u00bb invite les jeunes enfants \u00e0 embarquer pour une aventure cr\u00e9ative et &hellip;\" \/>\n<meta property=\"og:url\" content=\"https:\/\/www.mines-stetienne.fr\/panoramines\/2024\/10\/22\/plongez-dans-lunivers-enchante-des-cabanes-colorees-avec-les-tout-petits\/\" \/>\n<meta property=\"og:site_name\" content=\"Panoramines\" \/>\n<meta property=\"article:author\" content=\"jjj\" \/>\n<meta property=\"article:published_time\" content=\"2024-10-22T07:00:00+00:00\" \/>\n<meta property=\"article:modified_time\" content=\"2025-03-15T10:47:38+00:00\" \/>\n<meta property=\"og:image\" content=\"https:\/\/www.mines-stetienne.fr\/panoramines\/wp-content\/uploads\/sites\/3\/2024\/10\/CABANES_1024x335-scaled.jpg\" \/>\n\t<meta property=\"og:image:width\" content=\"2560\" \/>\n\t<meta property=\"og:image:height\" content=\"838\" \/>\n\t<meta property=\"og:image:type\" content=\"image\/jpeg\" \/>\n<meta name=\"author\" content=\"Gr\u00e9goire\" \/>\n<meta name=\"twitter:card\" content=\"summary_large_image\" \/>\n<meta name=\"twitter:creator\" content=\"@qqq\" \/>\n<meta name=\"twitter:label1\" content=\"\u00c9crit par\" \/>\n\t<meta name=\"twitter:data1\" content=\"Gr\u00e9goire\" \/>\n\t<meta name=\"twitter:label2\" content=\"Dur\u00e9e de lecture estim\u00e9e\" \/>\n\t<meta name=\"twitter:data2\" content=\"3 minutes\" \/>\n<script type=\"application\/ld+json\" class=\"yoast-schema-graph\">{\"@context\":\"https:\\\/\\\/schema.org\",\"@graph\":[{\"@type\":\"Article\",\"@id\":\"https:\\\/\\\/www.mines-stetienne.fr\\\/panoramines\\\/2024\\\/10\\\/22\\\/plongez-dans-lunivers-enchante-des-cabanes-colorees-avec-les-tout-petits\\\/#article\",\"isPartOf\":{\"@id\":\"https:\\\/\\\/www.mines-stetienne.fr\\\/panoramines\\\/2024\\\/10\\\/22\\\/plongez-dans-lunivers-enchante-des-cabanes-colorees-avec-les-tout-petits\\\/\"},\"author\":{\"name\":\"Gr\u00e9goire\",\"@id\":\"https:\\\/\\\/www.mines-stetienne.fr\\\/panoramines\\\/#\\\/schema\\\/person\\\/53c118c529c866c1454c8138b35880e8\"},\"headline\":\"Plongez dans l\u2019univers enchant\u00e9 des cabanes color\u00e9es avec les tout-petits\",\"datePublished\":\"2024-10-22T07:00:00+00:00\",\"dateModified\":\"2025-03-15T10:47:38+00:00\",\"mainEntityOfPage\":{\"@id\":\"https:\\\/\\\/www.mines-stetienne.fr\\\/panoramines\\\/2024\\\/10\\\/22\\\/plongez-dans-lunivers-enchante-des-cabanes-colorees-avec-les-tout-petits\\\/\"},\"wordCount\":334,\"image\":{\"@id\":\"https:\\\/\\\/www.mines-stetienne.fr\\\/panoramines\\\/2024\\\/10\\\/22\\\/plongez-dans-lunivers-enchante-des-cabanes-colorees-avec-les-tout-petits\\\/#primaryimage\"},\"thumbnailUrl\":\"https:\\\/\\\/www.mines-stetienne.fr\\\/panoramines\\\/wp-content\\\/uploads\\\/sites\\\/3\\\/2024\\\/10\\\/CABANES_1024x335-scaled.jpg\",\"keywords\":[\"Ateliers\",\"Cabanes\",\"Exposition\",\"La Rotonde\",\"Mines Saint-Etienne\"],\"articleSection\":[\"Culture scientifique\"],\"inLanguage\":\"fr-FR\"},{\"@type\":\"WebPage\",\"@id\":\"https:\\\/\\\/www.mines-stetienne.fr\\\/panoramines\\\/2024\\\/10\\\/22\\\/plongez-dans-lunivers-enchante-des-cabanes-colorees-avec-les-tout-petits\\\/\",\"url\":\"https:\\\/\\\/www.mines-stetienne.fr\\\/panoramines\\\/2024\\\/10\\\/22\\\/plongez-dans-lunivers-enchante-des-cabanes-colorees-avec-les-tout-petits\\\/\",\"name\":\"Plongez dans l\u2019univers enchant\u00e9 des cabanes color\u00e9es avec les tout-petits - Panoramines\",\"isPartOf\":{\"@id\":\"https:\\\/\\\/www.mines-stetienne.fr\\\/panoramines\\\/#website\"},\"primaryImageOfPage\":{\"@id\":\"https:\\\/\\\/www.mines-stetienne.fr\\\/panoramines\\\/2024\\\/10\\\/22\\\/plongez-dans-lunivers-enchante-des-cabanes-colorees-avec-les-tout-petits\\\/#primaryimage\"},\"image\":{\"@id\":\"https:\\\/\\\/www.mines-stetienne.fr\\\/panoramines\\\/2024\\\/10\\\/22\\\/plongez-dans-lunivers-enchante-des-cabanes-colorees-avec-les-tout-petits\\\/#primaryimage\"},\"thumbnailUrl\":\"https:\\\/\\\/www.mines-stetienne.fr\\\/panoramines\\\/wp-content\\\/uploads\\\/sites\\\/3\\\/2024\\\/10\\\/CABANES_1024x335-scaled.jpg\",\"datePublished\":\"2024-10-22T07:00:00+00:00\",\"dateModified\":\"2025-03-15T10:47:38+00:00\",\"author\":{\"@id\":\"https:\\\/\\\/www.mines-stetienne.fr\\\/panoramines\\\/#\\\/schema\\\/person\\\/53c118c529c866c1454c8138b35880e8\"},\"breadcrumb\":{\"@id\":\"https:\\\/\\\/www.mines-stetienne.fr\\\/panoramines\\\/2024\\\/10\\\/22\\\/plongez-dans-lunivers-enchante-des-cabanes-colorees-avec-les-tout-petits\\\/#breadcrumb\"},\"inLanguage\":\"fr-FR\",\"potentialAction\":[{\"@type\":\"ReadAction\",\"target\":[\"https:\\\/\\\/www.mines-stetienne.fr\\\/panoramines\\\/2024\\\/10\\\/22\\\/plongez-dans-lunivers-enchante-des-cabanes-colorees-avec-les-tout-petits\\\/\"]}]},{\"@type\":\"ImageObject\",\"inLanguage\":\"fr-FR\",\"@id\":\"https:\\\/\\\/www.mines-stetienne.fr\\\/panoramines\\\/2024\\\/10\\\/22\\\/plongez-dans-lunivers-enchante-des-cabanes-colorees-avec-les-tout-petits\\\/#primaryimage\",\"url\":\"https:\\\/\\\/www.mines-stetienne.fr\\\/panoramines\\\/wp-content\\\/uploads\\\/sites\\\/3\\\/2024\\\/10\\\/CABANES_1024x335-scaled.jpg\",\"contentUrl\":\"https:\\\/\\\/www.mines-stetienne.fr\\\/panoramines\\\/wp-content\\\/uploads\\\/sites\\\/3\\\/2024\\\/10\\\/CABANES_1024x335-scaled.jpg\",\"width\":2560,\"height\":838},{\"@type\":\"BreadcrumbList\",\"@id\":\"https:\\\/\\\/www.mines-stetienne.fr\\\/panoramines\\\/2024\\\/10\\\/22\\\/plongez-dans-lunivers-enchante-des-cabanes-colorees-avec-les-tout-petits\\\/#breadcrumb\",\"itemListElement\":[{\"@type\":\"ListItem\",\"position\":1,\"name\":\"Accueil\",\"item\":\"https:\\\/\\\/www.mines-stetienne.fr\\\/panoramines\\\/\"},{\"@type\":\"ListItem\",\"position\":2,\"name\":\"Plongez dans l\u2019univers enchant\u00e9 des cabanes color\u00e9es avec les tout-petits\"}]},{\"@type\":\"WebSite\",\"@id\":\"https:\\\/\\\/www.mines-stetienne.fr\\\/panoramines\\\/#website\",\"url\":\"https:\\\/\\\/www.mines-stetienne.fr\\\/panoramines\\\/\",\"name\":\"Panoramines\",\"description\":\"Panoramines, l\u2019actualit\u00e9 de MINES Saint-\u00c9tienne\",\"potentialAction\":[{\"@type\":\"SearchAction\",\"target\":{\"@type\":\"EntryPoint\",\"urlTemplate\":\"https:\\\/\\\/www.mines-stetienne.fr\\\/panoramines\\\/?s={search_term_string}\"},\"query-input\":{\"@type\":\"PropertyValueSpecification\",\"valueRequired\":true,\"valueName\":\"search_term_string\"}}],\"inLanguage\":\"fr-FR\"},{\"@type\":\"Person\",\"@id\":\"https:\\\/\\\/www.mines-stetienne.fr\\\/panoramines\\\/#\\\/schema\\\/person\\\/53c118c529c866c1454c8138b35880e8\",\"name\":\"Gr\u00e9goire\",\"image\":{\"@type\":\"ImageObject\",\"inLanguage\":\"fr-FR\",\"@id\":\"https:\\\/\\\/www.mines-stetienne.fr\\\/panoramines\\\/wp-content\\\/uploads\\\/sites\\\/3\\\/2021\\\/07\\\/logo-75x75-1.png\",\"url\":\"https:\\\/\\\/www.mines-stetienne.fr\\\/panoramines\\\/wp-content\\\/uploads\\\/sites\\\/3\\\/2021\\\/07\\\/logo-75x75-1.png\",\"contentUrl\":\"https:\\\/\\\/www.mines-stetienne.fr\\\/panoramines\\\/wp-content\\\/uploads\\\/sites\\\/3\\\/2021\\\/07\\\/logo-75x75-1.png\",\"caption\":\"Gr\u00e9goire\"},\"sameAs\":[\"http:\\\/\\\/www.mines-stetienne.fr\",\"jjj\",\"kkk\",\"aaa\",\"mmm\",\"https:\\\/\\\/x.com\\\/qqq\",\"lll\",\"rrr\",\"nnn\",\"ooo\",\"ppp\"],\"url\":\"https:\\\/\\\/www.mines-stetienne.fr\\\/panoramines\\\/author\\\/gregoire\\\/\"}]}<\/script>\n<!-- \/ Yoast SEO plugin. -->","yoast_head_json":{"title":"Plongez dans l\u2019univers enchant\u00e9 des cabanes color\u00e9es avec les tout-petits - Panoramines","robots":{"index":"index","follow":"follow","max-snippet":"max-snippet:-1","max-image-preview":"max-image-preview:large","max-video-preview":"max-video-preview:-1"},"canonical":"https:\/\/www.mines-stetienne.fr\/panoramines\/2024\/10\/22\/plongez-dans-lunivers-enchante-des-cabanes-colorees-avec-les-tout-petits\/","og_locale":"fr_FR","og_type":"article","og_title":"Plongez dans l\u2019univers enchant\u00e9 des cabanes color\u00e9es avec les tout-petits - Panoramines","og_description":"Jusqu&rsquo;au 14 d\u00e9cembre 2024, les enfants \u00e2g\u00e9s de 3 \u00e0 6 ans peuvent participer \u00e0 des ateliers pour construire des cabanes dans l&#8217;embl\u00e9matique Soucoupe de Mines Saint-\u00c9tienne. L&rsquo;exposition \u00ab\u00a0Cabanes\u00a0\u00bb invite les jeunes enfants \u00e0 embarquer pour une aventure cr\u00e9ative et &hellip;","og_url":"https:\/\/www.mines-stetienne.fr\/panoramines\/2024\/10\/22\/plongez-dans-lunivers-enchante-des-cabanes-colorees-avec-les-tout-petits\/","og_site_name":"Panoramines","article_author":"jjj","article_published_time":"2024-10-22T07:00:00+00:00","article_modified_time":"2025-03-15T10:47:38+00:00","og_image":[{"width":2560,"height":838,"url":"https:\/\/www.mines-stetienne.fr\/panoramines\/wp-content\/uploads\/sites\/3\/2024\/10\/CABANES_1024x335-scaled.jpg","type":"image\/jpeg"}],"author":"Gr\u00e9goire","twitter_card":"summary_large_image","twitter_creator":"@qqq","twitter_misc":{"\u00c9crit par":"Gr\u00e9goire","Dur\u00e9e de lecture estim\u00e9e":"3 minutes"},"schema":{"@context":"https:\/\/schema.org","@graph":[{"@type":"Article","@id":"https:\/\/www.mines-stetienne.fr\/panoramines\/2024\/10\/22\/plongez-dans-lunivers-enchante-des-cabanes-colorees-avec-les-tout-petits\/#article","isPartOf":{"@id":"https:\/\/www.mines-stetienne.fr\/panoramines\/2024\/10\/22\/plongez-dans-lunivers-enchante-des-cabanes-colorees-avec-les-tout-petits\/"},"author":{"name":"Gr\u00e9goire","@id":"https:\/\/www.mines-stetienne.fr\/panoramines\/#\/schema\/person\/53c118c529c866c1454c8138b35880e8"},"headline":"Plongez dans l\u2019univers enchant\u00e9 des cabanes color\u00e9es avec les tout-petits","datePublished":"2024-10-22T07:00:00+00:00","dateModified":"2025-03-15T10:47:38+00:00","mainEntityOfPage":{"@id":"https:\/\/www.mines-stetienne.fr\/panoramines\/2024\/10\/22\/plongez-dans-lunivers-enchante-des-cabanes-colorees-avec-les-tout-petits\/"},"wordCount":334,"image":{"@id":"https:\/\/www.mines-stetienne.fr\/panoramines\/2024\/10\/22\/plongez-dans-lunivers-enchante-des-cabanes-colorees-avec-les-tout-petits\/#primaryimage"},"thumbnailUrl":"https:\/\/www.mines-stetienne.fr\/panoramines\/wp-content\/uploads\/sites\/3\/2024\/10\/CABANES_1024x335-scaled.jpg","keywords":["Ateliers","Cabanes","Exposition","La Rotonde","Mines Saint-Etienne"],"articleSection":["Culture scientifique"],"inLanguage":"fr-FR"},{"@type":"WebPage","@id":"https:\/\/www.mines-stetienne.fr\/panoramines\/2024\/10\/22\/plongez-dans-lunivers-enchante-des-cabanes-colorees-avec-les-tout-petits\/","url":"https:\/\/www.mines-stetienne.fr\/panoramines\/2024\/10\/22\/plongez-dans-lunivers-enchante-des-cabanes-colorees-avec-les-tout-petits\/","name":"Plongez dans l\u2019univers enchant\u00e9 des cabanes color\u00e9es avec les tout-petits - Panoramines","isPartOf":{"@id":"https:\/\/www.mines-stetienne.fr\/panoramines\/#website"},"primaryImageOfPage":{"@id":"https:\/\/www.mines-stetienne.fr\/panoramines\/2024\/10\/22\/plongez-dans-lunivers-enchante-des-cabanes-colorees-avec-les-tout-petits\/#primaryimage"},"image":{"@id":"https:\/\/www.mines-stetienne.fr\/panoramines\/2024\/10\/22\/plongez-dans-lunivers-enchante-des-cabanes-colorees-avec-les-tout-petits\/#primaryimage"},"thumbnailUrl":"https:\/\/www.mines-stetienne.fr\/panoramines\/wp-content\/uploads\/sites\/3\/2024\/10\/CABANES_1024x335-scaled.jpg","datePublished":"2024-10-22T07:00:00+00:00","dateModified":"2025-03-15T10:47:38+00:00","author":{"@id":"https:\/\/www.mines-stetienne.fr\/panoramines\/#\/schema\/person\/53c118c529c866c1454c8138b35880e8"},"breadcrumb":{"@id":"https:\/\/www.mines-stetienne.fr\/panoramines\/2024\/10\/22\/plongez-dans-lunivers-enchante-des-cabanes-colorees-avec-les-tout-petits\/#breadcrumb"},"inLanguage":"fr-FR","potentialAction":[{"@type":"ReadAction","target":["https:\/\/www.mines-stetienne.fr\/panoramines\/2024\/10\/22\/plongez-dans-lunivers-enchante-des-cabanes-colorees-avec-les-tout-petits\/"]}]},{"@type":"ImageObject","inLanguage":"fr-FR","@id":"https:\/\/www.mines-stetienne.fr\/panoramines\/2024\/10\/22\/plongez-dans-lunivers-enchante-des-cabanes-colorees-avec-les-tout-petits\/#primaryimage","url":"https:\/\/www.mines-stetienne.fr\/panoramines\/wp-content\/uploads\/sites\/3\/2024\/10\/CABANES_1024x335-scaled.jpg","contentUrl":"https:\/\/www.mines-stetienne.fr\/panoramines\/wp-content\/uploads\/sites\/3\/2024\/10\/CABANES_1024x335-scaled.jpg","width":2560,"height":838},{"@type":"BreadcrumbList","@id":"https:\/\/www.mines-stetienne.fr\/panoramines\/2024\/10\/22\/plongez-dans-lunivers-enchante-des-cabanes-colorees-avec-les-tout-petits\/#breadcrumb","itemListElement":[{"@type":"ListItem","position":1,"name":"Accueil","item":"https:\/\/www.mines-stetienne.fr\/panoramines\/"},{"@type":"ListItem","position":2,"name":"Plongez dans l\u2019univers enchant\u00e9 des cabanes color\u00e9es avec les tout-petits"}]},{"@type":"WebSite","@id":"https:\/\/www.mines-stetienne.fr\/panoramines\/#website","url":"https:\/\/www.mines-stetienne.fr\/panoramines\/","name":"Panoramines","description":"Panoramines, l\u2019actualit\u00e9 de MINES Saint-\u00c9tienne","potentialAction":[{"@type":"SearchAction","target":{"@type":"EntryPoint","urlTemplate":"https:\/\/www.mines-stetienne.fr\/panoramines\/?s={search_term_string}"},"query-input":{"@type":"PropertyValueSpecification","valueRequired":true,"valueName":"search_term_string"}}],"inLanguage":"fr-FR"},{"@type":"Person","@id":"https:\/\/www.mines-stetienne.fr\/panoramines\/#\/schema\/person\/53c118c529c866c1454c8138b35880e8","name":"Gr\u00e9goire","image":{"@type":"ImageObject","inLanguage":"fr-FR","@id":"https:\/\/www.mines-stetienne.fr\/panoramines\/wp-content\/uploads\/sites\/3\/2021\/07\/logo-75x75-1.png","url":"https:\/\/www.mines-stetienne.fr\/panoramines\/wp-content\/uploads\/sites\/3\/2021\/07\/logo-75x75-1.png","contentUrl":"https:\/\/www.mines-stetienne.fr\/panoramines\/wp-content\/uploads\/sites\/3\/2021\/07\/logo-75x75-1.png","caption":"Gr\u00e9goire"},"sameAs":["http:\/\/www.mines-stetienne.fr","jjj","kkk","aaa","mmm","https:\/\/x.com\/qqq","lll","rrr","nnn","ooo","ppp"],"url":"https:\/\/www.mines-stetienne.fr\/panoramines\/author\/gregoire\/"}]}},"_links":{"self":[{"href":"https:\/\/www.mines-stetienne.fr\/panoramines\/wp-json\/wp\/v2\/posts\/27458","targetHints":{"allow":["GET"]}}],"collection":[{"href":"https:\/\/www.mines-stetienne.fr\/panoramines\/wp-json\/wp\/v2\/posts"}],"about":[{"href":"https:\/\/www.mines-stetienne.fr\/panoramines\/wp-json\/wp\/v2\/types\/post"}],"author":[{"embeddable":true,"href":"https:\/\/www.mines-stetienne.fr\/panoramines\/wp-json\/wp\/v2\/users\/2"}],"replies":[{"embeddable":true,"href":"https:\/\/www.mines-stetienne.fr\/panoramines\/wp-json\/wp\/v2\/comments?post=27458"}],"version-history":[{"count":5,"href":"https:\/\/www.mines-stetienne.fr\/panoramines\/wp-json\/wp\/v2\/posts\/27458\/revisions"}],"predecessor-version":[{"id":28070,"href":"https:\/\/www.mines-stetienne.fr\/panoramines\/wp-json\/wp\/v2\/posts\/27458\/revisions\/28070"}],"wp:featuredmedia":[{"embeddable":true,"href":"https:\/\/www.mines-stetienne.fr\/panoramines\/wp-json\/wp\/v2\/media\/27459"}],"wp:attachment":[{"href":"https:\/\/www.mines-stetienne.fr\/panoramines\/wp-json\/wp\/v2\/media?parent=27458"}],"wp:term":[{"taxonomy":"category","embeddable":true,"href":"https:\/\/www.mines-stetienne.fr\/panoramines\/wp-json\/wp\/v2\/categories?post=27458"},{"taxonomy":"post_tag","embeddable":true,"href":"https:\/\/www.mines-stetienne.fr\/panoramines\/wp-json\/wp\/v2\/tags?post=27458"}],"curies":[{"name":"wp","href":"https:\/\/api.w.org\/{rel}","templated":true}]}}