{"id":27176,"date":"2024-08-27T09:35:05","date_gmt":"2024-08-27T07:35:05","guid":{"rendered":"https:\/\/www.mines-stetienne.fr\/panoramines\/?p=27176"},"modified":"2025-03-10T16:52:05","modified_gmt":"2025-03-10T15:52:05","slug":"des-repas-livres-aux-etudiants-sur-le-campus-aix-marseille-provence","status":"publish","type":"post","link":"https:\/\/www.mines-stetienne.fr\/panoramines\/2024\/08\/27\/des-repas-livres-aux-etudiants-sur-le-campus-aix-marseille-provence\/","title":{"rendered":"Des repas livr\u00e9s aux \u00e9tudiants sur le Campus Aix-Marseille-Provence"},"content":{"rendered":"\n<h2 class=\"wp-block-heading\">Ce nouveau service de livraison de repas organis\u00e9 en partenariat avec l&rsquo;association \u00e9tudiante Comif est op\u00e9rationnel depuis la rentr\u00e9e.<\/h2>\n\n\n\n<p>Les \u00e9tudiants du Campus Aix-Marseille-Provence peuvent d\u00e9sormais se faire livrer leurs d\u00e9jeuners directement sur le campus via une plateforme d\u00e9di\u00e9e de commandes en ligne.<\/p>\n\n\n\n<p>Les repas sont pr\u00e9par\u00e9s par la cuisine centrale de la ville de Gardanne. Ils sont compos\u00e9s d&rsquo;une entr\u00e9e, d&rsquo;un plat, d&rsquo;un fromage et d&rsquo;un dessert.<\/p>\n\n\n\n<p>Les barquettes micro-ondables et jetables sont \u00e0 retirer entre 12h et 12h30, du lundi au vendredi, en SV03. \u00c0 noter que les couverts ne sont pas fournis.<\/p>\n\n\n\n<p>Le prix unitaires d&rsquo;un repas, apr\u00e8s subvention, est fix\u00e9 \u00e0 3, 30 euros. <\/p>\n\n\n\n<p>Une seule commande par semaine est possible.<\/p>\n\n\n\n\n","protected":false},"excerpt":{"rendered":"<p>Ce nouveau service de livraison de repas organis\u00e9 en partenariat avec l&rsquo;association \u00e9tudiante Comif est op\u00e9rationnel depuis la rentr\u00e9e. Les \u00e9tudiants du Campus Aix-Marseille-Provence peuvent d\u00e9sormais se faire livrer leurs d\u00e9jeuners directement sur le campus via une plateforme d\u00e9di\u00e9e de &hellip;<\/p>\n","protected":false},"author":2,"featured_media":27178,"comment_status":"closed","ping_status":"open","sticky":false,"template":"","format":"standard","meta":{"_relevanssi_hide_post":"","_relevanssi_hide_content":"","_relevanssi_pin_for_all":"","_relevanssi_pin_keywords":"","_relevanssi_unpin_keywords":"","_relevanssi_related_keywords":"","_relevanssi_related_include_ids":"","_relevanssi_related_exclude_ids":"","_relevanssi_related_no_append":"","_relevanssi_related_not_related":"","_relevanssi_related_posts":"14869,22503,21504,22543,17868,17605","_relevanssi_noindex_reason":"","footnotes":""},"categories":[8],"tags":[971,1077,1074],"class_list":["post-27176","post","type-post","status-publish","format-standard","has-post-thumbnail","hentry","category-vie-etudiante","tag-campus-aix-marseille-provence","tag-cuisine-centrale-de-gardanne","tag-livraison-de-repas"],"pp_statuses_selecting_workflow":false,"pp_workflow_action":"current","pp_status_selection":"publish","pp_force_visibility":null,"pp_subpost_visibility":null,"pp_inherited_force_visibility":null,"pp_inherited_subpost_visibility":null,"yoast_head":"<!-- This site is optimized with the Yoast SEO plugin v27.4 - https:\/\/yoast.com\/product\/yoast-seo-wordpress\/ -->\n<title>Des repas livr\u00e9s aux \u00e9tudiants sur le Campus Aix-Marseille-Provence - Panoramines<\/title>\n<meta name=\"robots\" content=\"index, follow, max-snippet:-1, max-image-preview:large, max-video-preview:-1\" \/>\n<link rel=\"canonical\" href=\"https:\/\/www.mines-stetienne.fr\/panoramines\/2024\/08\/27\/des-repas-livres-aux-etudiants-sur-le-campus-aix-marseille-provence\/\" \/>\n<meta property=\"og:locale\" content=\"fr_FR\" \/>\n<meta property=\"og:type\" content=\"article\" \/>\n<meta property=\"og:title\" content=\"Des repas livr\u00e9s aux \u00e9tudiants sur le Campus Aix-Marseille-Provence - Panoramines\" \/>\n<meta property=\"og:description\" content=\"Ce nouveau service de livraison de repas organis\u00e9 en partenariat avec l&rsquo;association \u00e9tudiante Comif est op\u00e9rationnel depuis la rentr\u00e9e. Les \u00e9tudiants du Campus Aix-Marseille-Provence peuvent d\u00e9sormais se faire livrer leurs d\u00e9jeuners directement sur le campus via une plateforme d\u00e9di\u00e9e de &hellip;\" \/>\n<meta property=\"og:url\" content=\"https:\/\/www.mines-stetienne.fr\/panoramines\/2024\/08\/27\/des-repas-livres-aux-etudiants-sur-le-campus-aix-marseille-provence\/\" \/>\n<meta property=\"og:site_name\" content=\"Panoramines\" \/>\n<meta property=\"article:author\" content=\"jjj\" \/>\n<meta property=\"article:published_time\" content=\"2024-08-27T07:35:05+00:00\" \/>\n<meta property=\"article:modified_time\" content=\"2025-03-10T15:52:05+00:00\" \/>\n<meta property=\"og:image\" content=\"https:\/\/www.mines-stetienne.fr\/panoramines\/wp-content\/uploads\/sites\/3\/2024\/07\/Livraison-des-repas-a-Gardanne-scaled.jpeg\" \/>\n\t<meta property=\"og:image:width\" content=\"2560\" \/>\n\t<meta property=\"og:image:height\" content=\"2060\" \/>\n\t<meta property=\"og:image:type\" content=\"image\/jpeg\" \/>\n<meta name=\"author\" content=\"Gr\u00e9goire\" \/>\n<meta name=\"twitter:card\" content=\"summary_large_image\" \/>\n<meta name=\"twitter:creator\" content=\"@qqq\" \/>\n<meta name=\"twitter:label1\" content=\"\u00c9crit par\" \/>\n\t<meta name=\"twitter:data1\" content=\"Gr\u00e9goire\" \/>\n\t<meta name=\"twitter:label2\" content=\"Dur\u00e9e de lecture estim\u00e9e\" \/>\n\t<meta name=\"twitter:data2\" content=\"1 minute\" \/>\n<script type=\"application\/ld+json\" class=\"yoast-schema-graph\">{\"@context\":\"https:\\\/\\\/schema.org\",\"@graph\":[{\"@type\":\"Article\",\"@id\":\"https:\\\/\\\/www.mines-stetienne.fr\\\/panoramines\\\/2024\\\/08\\\/27\\\/des-repas-livres-aux-etudiants-sur-le-campus-aix-marseille-provence\\\/#article\",\"isPartOf\":{\"@id\":\"https:\\\/\\\/www.mines-stetienne.fr\\\/panoramines\\\/2024\\\/08\\\/27\\\/des-repas-livres-aux-etudiants-sur-le-campus-aix-marseille-provence\\\/\"},\"author\":{\"name\":\"Gr\u00e9goire\",\"@id\":\"https:\\\/\\\/www.mines-stetienne.fr\\\/panoramines\\\/#\\\/schema\\\/person\\\/53c118c529c866c1454c8138b35880e8\"},\"headline\":\"Des repas livr\u00e9s aux \u00e9tudiants sur le Campus Aix-Marseille-Provence\",\"datePublished\":\"2024-08-27T07:35:05+00:00\",\"dateModified\":\"2025-03-10T15:52:05+00:00\",\"mainEntityOfPage\":{\"@id\":\"https:\\\/\\\/www.mines-stetienne.fr\\\/panoramines\\\/2024\\\/08\\\/27\\\/des-repas-livres-aux-etudiants-sur-le-campus-aix-marseille-provence\\\/\"},\"wordCount\":131,\"image\":{\"@id\":\"https:\\\/\\\/www.mines-stetienne.fr\\\/panoramines\\\/2024\\\/08\\\/27\\\/des-repas-livres-aux-etudiants-sur-le-campus-aix-marseille-provence\\\/#primaryimage\"},\"thumbnailUrl\":\"https:\\\/\\\/www.mines-stetienne.fr\\\/panoramines\\\/wp-content\\\/uploads\\\/sites\\\/3\\\/2024\\\/07\\\/Livraison-des-repas-a-Gardanne-scaled.jpeg\",\"keywords\":[\"Campus Aix-Marseille-Provence\",\"Cuisine centrale de Gardanne\",\"Livraison de repas\"],\"articleSection\":[\"Vie \u00e9tudiante\"],\"inLanguage\":\"fr-FR\"},{\"@type\":\"WebPage\",\"@id\":\"https:\\\/\\\/www.mines-stetienne.fr\\\/panoramines\\\/2024\\\/08\\\/27\\\/des-repas-livres-aux-etudiants-sur-le-campus-aix-marseille-provence\\\/\",\"url\":\"https:\\\/\\\/www.mines-stetienne.fr\\\/panoramines\\\/2024\\\/08\\\/27\\\/des-repas-livres-aux-etudiants-sur-le-campus-aix-marseille-provence\\\/\",\"name\":\"Des repas livr\u00e9s aux \u00e9tudiants sur le Campus Aix-Marseille-Provence - Panoramines\",\"isPartOf\":{\"@id\":\"https:\\\/\\\/www.mines-stetienne.fr\\\/panoramines\\\/#website\"},\"primaryImageOfPage\":{\"@id\":\"https:\\\/\\\/www.mines-stetienne.fr\\\/panoramines\\\/2024\\\/08\\\/27\\\/des-repas-livres-aux-etudiants-sur-le-campus-aix-marseille-provence\\\/#primaryimage\"},\"image\":{\"@id\":\"https:\\\/\\\/www.mines-stetienne.fr\\\/panoramines\\\/2024\\\/08\\\/27\\\/des-repas-livres-aux-etudiants-sur-le-campus-aix-marseille-provence\\\/#primaryimage\"},\"thumbnailUrl\":\"https:\\\/\\\/www.mines-stetienne.fr\\\/panoramines\\\/wp-content\\\/uploads\\\/sites\\\/3\\\/2024\\\/07\\\/Livraison-des-repas-a-Gardanne-scaled.jpeg\",\"datePublished\":\"2024-08-27T07:35:05+00:00\",\"dateModified\":\"2025-03-10T15:52:05+00:00\",\"author\":{\"@id\":\"https:\\\/\\\/www.mines-stetienne.fr\\\/panoramines\\\/#\\\/schema\\\/person\\\/53c118c529c866c1454c8138b35880e8\"},\"breadcrumb\":{\"@id\":\"https:\\\/\\\/www.mines-stetienne.fr\\\/panoramines\\\/2024\\\/08\\\/27\\\/des-repas-livres-aux-etudiants-sur-le-campus-aix-marseille-provence\\\/#breadcrumb\"},\"inLanguage\":\"fr-FR\",\"potentialAction\":[{\"@type\":\"ReadAction\",\"target\":[\"https:\\\/\\\/www.mines-stetienne.fr\\\/panoramines\\\/2024\\\/08\\\/27\\\/des-repas-livres-aux-etudiants-sur-le-campus-aix-marseille-provence\\\/\"]}]},{\"@type\":\"ImageObject\",\"inLanguage\":\"fr-FR\",\"@id\":\"https:\\\/\\\/www.mines-stetienne.fr\\\/panoramines\\\/2024\\\/08\\\/27\\\/des-repas-livres-aux-etudiants-sur-le-campus-aix-marseille-provence\\\/#primaryimage\",\"url\":\"https:\\\/\\\/www.mines-stetienne.fr\\\/panoramines\\\/wp-content\\\/uploads\\\/sites\\\/3\\\/2024\\\/07\\\/Livraison-des-repas-a-Gardanne-scaled.jpeg\",\"contentUrl\":\"https:\\\/\\\/www.mines-stetienne.fr\\\/panoramines\\\/wp-content\\\/uploads\\\/sites\\\/3\\\/2024\\\/07\\\/Livraison-des-repas-a-Gardanne-scaled.jpeg\",\"width\":2560,\"height\":2060},{\"@type\":\"BreadcrumbList\",\"@id\":\"https:\\\/\\\/www.mines-stetienne.fr\\\/panoramines\\\/2024\\\/08\\\/27\\\/des-repas-livres-aux-etudiants-sur-le-campus-aix-marseille-provence\\\/#breadcrumb\",\"itemListElement\":[{\"@type\":\"ListItem\",\"position\":1,\"name\":\"Accueil\",\"item\":\"https:\\\/\\\/www.mines-stetienne.fr\\\/panoramines\\\/\"},{\"@type\":\"ListItem\",\"position\":2,\"name\":\"Des repas livr\u00e9s aux \u00e9tudiants sur le Campus Aix-Marseille-Provence\"}]},{\"@type\":\"WebSite\",\"@id\":\"https:\\\/\\\/www.mines-stetienne.fr\\\/panoramines\\\/#website\",\"url\":\"https:\\\/\\\/www.mines-stetienne.fr\\\/panoramines\\\/\",\"name\":\"Panoramines\",\"description\":\"Panoramines, l\u2019actualit\u00e9 de MINES Saint-\u00c9tienne\",\"potentialAction\":[{\"@type\":\"SearchAction\",\"target\":{\"@type\":\"EntryPoint\",\"urlTemplate\":\"https:\\\/\\\/www.mines-stetienne.fr\\\/panoramines\\\/?s={search_term_string}\"},\"query-input\":{\"@type\":\"PropertyValueSpecification\",\"valueRequired\":true,\"valueName\":\"search_term_string\"}}],\"inLanguage\":\"fr-FR\"},{\"@type\":\"Person\",\"@id\":\"https:\\\/\\\/www.mines-stetienne.fr\\\/panoramines\\\/#\\\/schema\\\/person\\\/53c118c529c866c1454c8138b35880e8\",\"name\":\"Gr\u00e9goire\",\"image\":{\"@type\":\"ImageObject\",\"inLanguage\":\"fr-FR\",\"@id\":\"https:\\\/\\\/www.mines-stetienne.fr\\\/panoramines\\\/wp-content\\\/uploads\\\/sites\\\/3\\\/2021\\\/07\\\/logo-75x75-1.png\",\"url\":\"https:\\\/\\\/www.mines-stetienne.fr\\\/panoramines\\\/wp-content\\\/uploads\\\/sites\\\/3\\\/2021\\\/07\\\/logo-75x75-1.png\",\"contentUrl\":\"https:\\\/\\\/www.mines-stetienne.fr\\\/panoramines\\\/wp-content\\\/uploads\\\/sites\\\/3\\\/2021\\\/07\\\/logo-75x75-1.png\",\"caption\":\"Gr\u00e9goire\"},\"sameAs\":[\"http:\\\/\\\/www.mines-stetienne.fr\",\"jjj\",\"kkk\",\"aaa\",\"mmm\",\"https:\\\/\\\/x.com\\\/qqq\",\"lll\",\"rrr\",\"nnn\",\"ooo\",\"ppp\"],\"url\":\"https:\\\/\\\/www.mines-stetienne.fr\\\/panoramines\\\/author\\\/gregoire\\\/\"}]}<\/script>\n<!-- \/ Yoast SEO plugin. -->","yoast_head_json":{"title":"Des repas livr\u00e9s aux \u00e9tudiants sur le Campus Aix-Marseille-Provence - Panoramines","robots":{"index":"index","follow":"follow","max-snippet":"max-snippet:-1","max-image-preview":"max-image-preview:large","max-video-preview":"max-video-preview:-1"},"canonical":"https:\/\/www.mines-stetienne.fr\/panoramines\/2024\/08\/27\/des-repas-livres-aux-etudiants-sur-le-campus-aix-marseille-provence\/","og_locale":"fr_FR","og_type":"article","og_title":"Des repas livr\u00e9s aux \u00e9tudiants sur le Campus Aix-Marseille-Provence - Panoramines","og_description":"Ce nouveau service de livraison de repas organis\u00e9 en partenariat avec l&rsquo;association \u00e9tudiante Comif est op\u00e9rationnel depuis la rentr\u00e9e. Les \u00e9tudiants du Campus Aix-Marseille-Provence peuvent d\u00e9sormais se faire livrer leurs d\u00e9jeuners directement sur le campus via une plateforme d\u00e9di\u00e9e de &hellip;","og_url":"https:\/\/www.mines-stetienne.fr\/panoramines\/2024\/08\/27\/des-repas-livres-aux-etudiants-sur-le-campus-aix-marseille-provence\/","og_site_name":"Panoramines","article_author":"jjj","article_published_time":"2024-08-27T07:35:05+00:00","article_modified_time":"2025-03-10T15:52:05+00:00","og_image":[{"width":2560,"height":2060,"url":"https:\/\/www.mines-stetienne.fr\/panoramines\/wp-content\/uploads\/sites\/3\/2024\/07\/Livraison-des-repas-a-Gardanne-scaled.jpeg","type":"image\/jpeg"}],"author":"Gr\u00e9goire","twitter_card":"summary_large_image","twitter_creator":"@qqq","twitter_misc":{"\u00c9crit par":"Gr\u00e9goire","Dur\u00e9e de lecture estim\u00e9e":"1 minute"},"schema":{"@context":"https:\/\/schema.org","@graph":[{"@type":"Article","@id":"https:\/\/www.mines-stetienne.fr\/panoramines\/2024\/08\/27\/des-repas-livres-aux-etudiants-sur-le-campus-aix-marseille-provence\/#article","isPartOf":{"@id":"https:\/\/www.mines-stetienne.fr\/panoramines\/2024\/08\/27\/des-repas-livres-aux-etudiants-sur-le-campus-aix-marseille-provence\/"},"author":{"name":"Gr\u00e9goire","@id":"https:\/\/www.mines-stetienne.fr\/panoramines\/#\/schema\/person\/53c118c529c866c1454c8138b35880e8"},"headline":"Des repas livr\u00e9s aux \u00e9tudiants sur le Campus Aix-Marseille-Provence","datePublished":"2024-08-27T07:35:05+00:00","dateModified":"2025-03-10T15:52:05+00:00","mainEntityOfPage":{"@id":"https:\/\/www.mines-stetienne.fr\/panoramines\/2024\/08\/27\/des-repas-livres-aux-etudiants-sur-le-campus-aix-marseille-provence\/"},"wordCount":131,"image":{"@id":"https:\/\/www.mines-stetienne.fr\/panoramines\/2024\/08\/27\/des-repas-livres-aux-etudiants-sur-le-campus-aix-marseille-provence\/#primaryimage"},"thumbnailUrl":"https:\/\/www.mines-stetienne.fr\/panoramines\/wp-content\/uploads\/sites\/3\/2024\/07\/Livraison-des-repas-a-Gardanne-scaled.jpeg","keywords":["Campus Aix-Marseille-Provence","Cuisine centrale de Gardanne","Livraison de repas"],"articleSection":["Vie \u00e9tudiante"],"inLanguage":"fr-FR"},{"@type":"WebPage","@id":"https:\/\/www.mines-stetienne.fr\/panoramines\/2024\/08\/27\/des-repas-livres-aux-etudiants-sur-le-campus-aix-marseille-provence\/","url":"https:\/\/www.mines-stetienne.fr\/panoramines\/2024\/08\/27\/des-repas-livres-aux-etudiants-sur-le-campus-aix-marseille-provence\/","name":"Des repas livr\u00e9s aux \u00e9tudiants sur le Campus Aix-Marseille-Provence - Panoramines","isPartOf":{"@id":"https:\/\/www.mines-stetienne.fr\/panoramines\/#website"},"primaryImageOfPage":{"@id":"https:\/\/www.mines-stetienne.fr\/panoramines\/2024\/08\/27\/des-repas-livres-aux-etudiants-sur-le-campus-aix-marseille-provence\/#primaryimage"},"image":{"@id":"https:\/\/www.mines-stetienne.fr\/panoramines\/2024\/08\/27\/des-repas-livres-aux-etudiants-sur-le-campus-aix-marseille-provence\/#primaryimage"},"thumbnailUrl":"https:\/\/www.mines-stetienne.fr\/panoramines\/wp-content\/uploads\/sites\/3\/2024\/07\/Livraison-des-repas-a-Gardanne-scaled.jpeg","datePublished":"2024-08-27T07:35:05+00:00","dateModified":"2025-03-10T15:52:05+00:00","author":{"@id":"https:\/\/www.mines-stetienne.fr\/panoramines\/#\/schema\/person\/53c118c529c866c1454c8138b35880e8"},"breadcrumb":{"@id":"https:\/\/www.mines-stetienne.fr\/panoramines\/2024\/08\/27\/des-repas-livres-aux-etudiants-sur-le-campus-aix-marseille-provence\/#breadcrumb"},"inLanguage":"fr-FR","potentialAction":[{"@type":"ReadAction","target":["https:\/\/www.mines-stetienne.fr\/panoramines\/2024\/08\/27\/des-repas-livres-aux-etudiants-sur-le-campus-aix-marseille-provence\/"]}]},{"@type":"ImageObject","inLanguage":"fr-FR","@id":"https:\/\/www.mines-stetienne.fr\/panoramines\/2024\/08\/27\/des-repas-livres-aux-etudiants-sur-le-campus-aix-marseille-provence\/#primaryimage","url":"https:\/\/www.mines-stetienne.fr\/panoramines\/wp-content\/uploads\/sites\/3\/2024\/07\/Livraison-des-repas-a-Gardanne-scaled.jpeg","contentUrl":"https:\/\/www.mines-stetienne.fr\/panoramines\/wp-content\/uploads\/sites\/3\/2024\/07\/Livraison-des-repas-a-Gardanne-scaled.jpeg","width":2560,"height":2060},{"@type":"BreadcrumbList","@id":"https:\/\/www.mines-stetienne.fr\/panoramines\/2024\/08\/27\/des-repas-livres-aux-etudiants-sur-le-campus-aix-marseille-provence\/#breadcrumb","itemListElement":[{"@type":"ListItem","position":1,"name":"Accueil","item":"https:\/\/www.mines-stetienne.fr\/panoramines\/"},{"@type":"ListItem","position":2,"name":"Des repas livr\u00e9s aux \u00e9tudiants sur le Campus Aix-Marseille-Provence"}]},{"@type":"WebSite","@id":"https:\/\/www.mines-stetienne.fr\/panoramines\/#website","url":"https:\/\/www.mines-stetienne.fr\/panoramines\/","name":"Panoramines","description":"Panoramines, l\u2019actualit\u00e9 de MINES Saint-\u00c9tienne","potentialAction":[{"@type":"SearchAction","target":{"@type":"EntryPoint","urlTemplate":"https:\/\/www.mines-stetienne.fr\/panoramines\/?s={search_term_string}"},"query-input":{"@type":"PropertyValueSpecification","valueRequired":true,"valueName":"search_term_string"}}],"inLanguage":"fr-FR"},{"@type":"Person","@id":"https:\/\/www.mines-stetienne.fr\/panoramines\/#\/schema\/person\/53c118c529c866c1454c8138b35880e8","name":"Gr\u00e9goire","image":{"@type":"ImageObject","inLanguage":"fr-FR","@id":"https:\/\/www.mines-stetienne.fr\/panoramines\/wp-content\/uploads\/sites\/3\/2021\/07\/logo-75x75-1.png","url":"https:\/\/www.mines-stetienne.fr\/panoramines\/wp-content\/uploads\/sites\/3\/2021\/07\/logo-75x75-1.png","contentUrl":"https:\/\/www.mines-stetienne.fr\/panoramines\/wp-content\/uploads\/sites\/3\/2021\/07\/logo-75x75-1.png","caption":"Gr\u00e9goire"},"sameAs":["http:\/\/www.mines-stetienne.fr","jjj","kkk","aaa","mmm","https:\/\/x.com\/qqq","lll","rrr","nnn","ooo","ppp"],"url":"https:\/\/www.mines-stetienne.fr\/panoramines\/author\/gregoire\/"}]}},"_links":{"self":[{"href":"https:\/\/www.mines-stetienne.fr\/panoramines\/wp-json\/wp\/v2\/posts\/27176","targetHints":{"allow":["GET"]}}],"collection":[{"href":"https:\/\/www.mines-stetienne.fr\/panoramines\/wp-json\/wp\/v2\/posts"}],"about":[{"href":"https:\/\/www.mines-stetienne.fr\/panoramines\/wp-json\/wp\/v2\/types\/post"}],"author":[{"embeddable":true,"href":"https:\/\/www.mines-stetienne.fr\/panoramines\/wp-json\/wp\/v2\/users\/2"}],"replies":[{"embeddable":true,"href":"https:\/\/www.mines-stetienne.fr\/panoramines\/wp-json\/wp\/v2\/comments?post=27176"}],"version-history":[{"count":7,"href":"https:\/\/www.mines-stetienne.fr\/panoramines\/wp-json\/wp\/v2\/posts\/27176\/revisions"}],"predecessor-version":[{"id":27200,"href":"https:\/\/www.mines-stetienne.fr\/panoramines\/wp-json\/wp\/v2\/posts\/27176\/revisions\/27200"}],"wp:featuredmedia":[{"embeddable":true,"href":"https:\/\/www.mines-stetienne.fr\/panoramines\/wp-json\/wp\/v2\/media\/27178"}],"wp:attachment":[{"href":"https:\/\/www.mines-stetienne.fr\/panoramines\/wp-json\/wp\/v2\/media?parent=27176"}],"wp:term":[{"taxonomy":"category","embeddable":true,"href":"https:\/\/www.mines-stetienne.fr\/panoramines\/wp-json\/wp\/v2\/categories?post=27176"},{"taxonomy":"post_tag","embeddable":true,"href":"https:\/\/www.mines-stetienne.fr\/panoramines\/wp-json\/wp\/v2\/tags?post=27176"}],"curies":[{"name":"wp","href":"https:\/\/api.w.org\/{rel}","templated":true}]}}