{"id":26988,"date":"2024-06-20T15:12:47","date_gmt":"2024-06-20T13:12:47","guid":{"rendered":"https:\/\/www.mines-stetienne.fr\/panoramines\/?p=26988"},"modified":"2025-03-15T12:19:05","modified_gmt":"2025-03-15T11:19:05","slug":"un-doctorat-honoris-causa-decerne-au-professeur-gerhard-a-holzapfel","status":"publish","type":"post","link":"https:\/\/www.mines-stetienne.fr\/panoramines\/2024\/06\/20\/un-doctorat-honoris-causa-decerne-au-professeur-gerhard-a-holzapfel\/","title":{"rendered":"Un doctorat honoris causa d\u00e9cern\u00e9 au professeur Gerhard A. Holzapfel"},"content":{"rendered":"\n<h2 class=\"wp-block-heading\">Il a \u00e9t\u00e9 remis le mercredi 19 juin \u00e0 cet \u00e9minent sp\u00e9cialiste en g\u00e9nie biom\u00e9dical d&rsquo;envergure mondiale lors d&rsquo;une c\u00e9r\u00e9monie organis\u00e9e sur le campus st\u00e9phanois de Mines Saint-\u00c9tienne.<\/h2>\n\n\n\n<p>Dans un amphith\u00e9\u00e2tre flambant neuf, le scientifique autrichien r\u00e9put\u00e9 pour ses travaux de recherche en g\u00e9nie biom\u00e9dical a re\u00e7u la plus haute distinction attribu\u00e9e par les universit\u00e9s fran\u00e7aises pour honorer \u00ab <em>des personnalit\u00e9s de nationalit\u00e9 \u00e9trang\u00e8re en raison de services \u00e9minents rendus aux sciences, aux lettres ou aux arts, \u00e0 la France ou \u00e0 l&rsquo;universit\u00e9<\/em> \u00bb.<\/p>\n\n\n\n<p>L&rsquo;occasion pour Jacques Fayolle, directeur de Mines Saint-\u00c9tienne, de lui rendre un bel hommage : \u00ab\u00a0<em>Nous sommes r\u00e9unis aujourd\u2019hui pour une occasion exceptionnelle&nbsp;: l\u2019attribution du doctorat honorifique \u00e0 M. Gerhard A. Holzapfel. C\u2019est avec une immense fiert\u00e9, pour l\u2019Institut Mines-T\u00e9l\u00e9com et Mines Saint-\u00c9tienne en particulier, que nous honorons un homme dont les contributions remarquables \u00e0 l\u2019ing\u00e9nierie de la sant\u00e9, en particulier la biom\u00e9canique, ont laiss\u00e9 une marque significative. Une bonne recherche ne peut \u00eatre men\u00e9e qu\u2019en \u00e9changeant et en confrontant des id\u00e9es avec les meilleurs professeurs internationaux de la discipline. Ce doctorat honoris causa reconna\u00eet ainsi \u00e0 la fois le travail accompli par Gerhard A. Holzapfel et la collaboration fructueuse entre l\u2019Universit\u00e9 de Graz et Mines Saint-\u00c9tienne au fil des ans.<\/em>\u00ab\u00a0<\/p>\n\n\n\n<p>Apr\u00e8s avoir chaleureusement remerci\u00e9 l&rsquo;assembl\u00e9e, \u00e9mu et v\u00eatu de la traditionnelle robe universitaire, le professeur Gerhard A. Holzapfel<em> <\/em>a donn\u00e9 un cours magistral qui a captiv\u00e9 l&rsquo;auditoire.<\/p>\n\n\n\n<p>L&rsquo;\u00e9v\u00e9nement s&rsquo;est termin\u00e9 autour d&rsquo;un cocktail et d&rsquo;\u00e9changes passionn\u00e9s entre les invit\u00e9s.<\/p>\n\n\n\n<p>Plus d&rsquo;infos sur le professeur Gerhard A. Holzapfel <a href=\"https:\/\/www.biomech.tugraz.at\/\">ICI<\/a><\/p>\n","protected":false},"excerpt":{"rendered":"<p>Il a \u00e9t\u00e9 remis le mercredi 19 juin \u00e0 cet \u00e9minent sp\u00e9cialiste en g\u00e9nie biom\u00e9dical d&rsquo;envergure mondiale lors d&rsquo;une c\u00e9r\u00e9monie organis\u00e9e sur le campus st\u00e9phanois de Mines Saint-\u00c9tienne. Dans un amphith\u00e9\u00e2tre flambant neuf, le scientifique autrichien r\u00e9put\u00e9 pour ses travaux &hellip;<\/p>\n","protected":false},"author":2,"featured_media":27046,"comment_status":"closed","ping_status":"open","sticky":false,"template":"","format":"standard","meta":{"_relevanssi_hide_post":"","_relevanssi_hide_content":"","_relevanssi_pin_for_all":"","_relevanssi_pin_keywords":"","_relevanssi_unpin_keywords":"","_relevanssi_related_keywords":"","_relevanssi_related_include_ids":"","_relevanssi_related_exclude_ids":"","_relevanssi_related_no_append":"","_relevanssi_related_not_related":"","_relevanssi_related_posts":"22455,22958,12999,26340,22726,20785","_relevanssi_noindex_reason":"","footnotes":""},"categories":[11],"tags":[1054,1055,873],"class_list":["post-26988","post","type-post","status-publish","format-standard","has-post-thumbnail","hentry","category-vie-de-l-ecole","tag-doctorat-honoris-causa","tag-gerhard-a-holzapfel","tag-mines-saint-etienne"],"pp_statuses_selecting_workflow":false,"pp_workflow_action":"current","pp_status_selection":"publish","pp_force_visibility":null,"pp_subpost_visibility":null,"pp_inherited_force_visibility":null,"pp_inherited_subpost_visibility":null,"yoast_head":"<!-- This site is optimized with the Yoast SEO plugin v27.5 - https:\/\/yoast.com\/product\/yoast-seo-wordpress\/ -->\n<title>Un doctorat honoris causa d\u00e9cern\u00e9 au professeur Gerhard A. Holzapfel - Panoramines<\/title>\n<meta name=\"robots\" content=\"index, follow, max-snippet:-1, max-image-preview:large, max-video-preview:-1\" \/>\n<link rel=\"canonical\" href=\"https:\/\/www.mines-stetienne.fr\/panoramines\/2024\/06\/20\/un-doctorat-honoris-causa-decerne-au-professeur-gerhard-a-holzapfel\/\" \/>\n<meta property=\"og:locale\" content=\"fr_FR\" \/>\n<meta property=\"og:type\" content=\"article\" \/>\n<meta property=\"og:title\" content=\"Un doctorat honoris causa d\u00e9cern\u00e9 au professeur Gerhard A. Holzapfel - Panoramines\" \/>\n<meta property=\"og:description\" content=\"Il a \u00e9t\u00e9 remis le mercredi 19 juin \u00e0 cet \u00e9minent sp\u00e9cialiste en g\u00e9nie biom\u00e9dical d&rsquo;envergure mondiale lors d&rsquo;une c\u00e9r\u00e9monie organis\u00e9e sur le campus st\u00e9phanois de Mines Saint-\u00c9tienne. Dans un amphith\u00e9\u00e2tre flambant neuf, le scientifique autrichien r\u00e9put\u00e9 pour ses travaux &hellip;\" \/>\n<meta property=\"og:url\" content=\"https:\/\/www.mines-stetienne.fr\/panoramines\/2024\/06\/20\/un-doctorat-honoris-causa-decerne-au-professeur-gerhard-a-holzapfel\/\" \/>\n<meta property=\"og:site_name\" content=\"Panoramines\" \/>\n<meta property=\"article:author\" content=\"jjj\" \/>\n<meta property=\"article:published_time\" content=\"2024-06-20T13:12:47+00:00\" \/>\n<meta property=\"article:modified_time\" content=\"2025-03-15T11:19:05+00:00\" \/>\n<meta property=\"og:image\" content=\"https:\/\/www.mines-stetienne.fr\/panoramines\/wp-content\/uploads\/sites\/3\/2024\/06\/Honoris-causa-08-scaled.jpg\" \/>\n\t<meta property=\"og:image:width\" content=\"2560\" \/>\n\t<meta property=\"og:image:height\" content=\"1707\" \/>\n\t<meta property=\"og:image:type\" content=\"image\/jpeg\" \/>\n<meta name=\"author\" content=\"Gr\u00e9goire\" \/>\n<meta name=\"twitter:card\" content=\"summary_large_image\" \/>\n<meta name=\"twitter:creator\" content=\"@qqq\" \/>\n<meta name=\"twitter:label1\" content=\"\u00c9crit par\" \/>\n\t<meta name=\"twitter:data1\" content=\"Gr\u00e9goire\" \/>\n\t<meta name=\"twitter:label2\" content=\"Dur\u00e9e de lecture estim\u00e9e\" \/>\n\t<meta name=\"twitter:data2\" content=\"2 minutes\" \/>\n<script type=\"application\/ld+json\" class=\"yoast-schema-graph\">{\"@context\":\"https:\\\/\\\/schema.org\",\"@graph\":[{\"@type\":\"Article\",\"@id\":\"https:\\\/\\\/www.mines-stetienne.fr\\\/panoramines\\\/2024\\\/06\\\/20\\\/un-doctorat-honoris-causa-decerne-au-professeur-gerhard-a-holzapfel\\\/#article\",\"isPartOf\":{\"@id\":\"https:\\\/\\\/www.mines-stetienne.fr\\\/panoramines\\\/2024\\\/06\\\/20\\\/un-doctorat-honoris-causa-decerne-au-professeur-gerhard-a-holzapfel\\\/\"},\"author\":{\"name\":\"Gr\u00e9goire\",\"@id\":\"https:\\\/\\\/www.mines-stetienne.fr\\\/panoramines\\\/#\\\/schema\\\/person\\\/53c118c529c866c1454c8138b35880e8\"},\"headline\":\"Un doctorat honoris causa d\u00e9cern\u00e9 au professeur Gerhard A. Holzapfel\",\"datePublished\":\"2024-06-20T13:12:47+00:00\",\"dateModified\":\"2025-03-15T11:19:05+00:00\",\"mainEntityOfPage\":{\"@id\":\"https:\\\/\\\/www.mines-stetienne.fr\\\/panoramines\\\/2024\\\/06\\\/20\\\/un-doctorat-honoris-causa-decerne-au-professeur-gerhard-a-holzapfel\\\/\"},\"wordCount\":299,\"image\":{\"@id\":\"https:\\\/\\\/www.mines-stetienne.fr\\\/panoramines\\\/2024\\\/06\\\/20\\\/un-doctorat-honoris-causa-decerne-au-professeur-gerhard-a-holzapfel\\\/#primaryimage\"},\"thumbnailUrl\":\"https:\\\/\\\/www.mines-stetienne.fr\\\/panoramines\\\/wp-content\\\/uploads\\\/sites\\\/3\\\/2024\\\/06\\\/Honoris-causa-08-scaled.jpg\",\"keywords\":[\"Doctorat honoris causa\",\"Gerhard A. Holzapfel\",\"Mines Saint-Etienne\"],\"articleSection\":[\"Vie de l'\u00c9cole\"],\"inLanguage\":\"fr-FR\"},{\"@type\":\"WebPage\",\"@id\":\"https:\\\/\\\/www.mines-stetienne.fr\\\/panoramines\\\/2024\\\/06\\\/20\\\/un-doctorat-honoris-causa-decerne-au-professeur-gerhard-a-holzapfel\\\/\",\"url\":\"https:\\\/\\\/www.mines-stetienne.fr\\\/panoramines\\\/2024\\\/06\\\/20\\\/un-doctorat-honoris-causa-decerne-au-professeur-gerhard-a-holzapfel\\\/\",\"name\":\"Un doctorat honoris causa d\u00e9cern\u00e9 au professeur Gerhard A. Holzapfel - Panoramines\",\"isPartOf\":{\"@id\":\"https:\\\/\\\/www.mines-stetienne.fr\\\/panoramines\\\/#website\"},\"primaryImageOfPage\":{\"@id\":\"https:\\\/\\\/www.mines-stetienne.fr\\\/panoramines\\\/2024\\\/06\\\/20\\\/un-doctorat-honoris-causa-decerne-au-professeur-gerhard-a-holzapfel\\\/#primaryimage\"},\"image\":{\"@id\":\"https:\\\/\\\/www.mines-stetienne.fr\\\/panoramines\\\/2024\\\/06\\\/20\\\/un-doctorat-honoris-causa-decerne-au-professeur-gerhard-a-holzapfel\\\/#primaryimage\"},\"thumbnailUrl\":\"https:\\\/\\\/www.mines-stetienne.fr\\\/panoramines\\\/wp-content\\\/uploads\\\/sites\\\/3\\\/2024\\\/06\\\/Honoris-causa-08-scaled.jpg\",\"datePublished\":\"2024-06-20T13:12:47+00:00\",\"dateModified\":\"2025-03-15T11:19:05+00:00\",\"author\":{\"@id\":\"https:\\\/\\\/www.mines-stetienne.fr\\\/panoramines\\\/#\\\/schema\\\/person\\\/53c118c529c866c1454c8138b35880e8\"},\"breadcrumb\":{\"@id\":\"https:\\\/\\\/www.mines-stetienne.fr\\\/panoramines\\\/2024\\\/06\\\/20\\\/un-doctorat-honoris-causa-decerne-au-professeur-gerhard-a-holzapfel\\\/#breadcrumb\"},\"inLanguage\":\"fr-FR\",\"potentialAction\":[{\"@type\":\"ReadAction\",\"target\":[\"https:\\\/\\\/www.mines-stetienne.fr\\\/panoramines\\\/2024\\\/06\\\/20\\\/un-doctorat-honoris-causa-decerne-au-professeur-gerhard-a-holzapfel\\\/\"]}]},{\"@type\":\"ImageObject\",\"inLanguage\":\"fr-FR\",\"@id\":\"https:\\\/\\\/www.mines-stetienne.fr\\\/panoramines\\\/2024\\\/06\\\/20\\\/un-doctorat-honoris-causa-decerne-au-professeur-gerhard-a-holzapfel\\\/#primaryimage\",\"url\":\"https:\\\/\\\/www.mines-stetienne.fr\\\/panoramines\\\/wp-content\\\/uploads\\\/sites\\\/3\\\/2024\\\/06\\\/Honoris-causa-08-scaled.jpg\",\"contentUrl\":\"https:\\\/\\\/www.mines-stetienne.fr\\\/panoramines\\\/wp-content\\\/uploads\\\/sites\\\/3\\\/2024\\\/06\\\/Honoris-causa-08-scaled.jpg\",\"width\":2560,\"height\":1707},{\"@type\":\"BreadcrumbList\",\"@id\":\"https:\\\/\\\/www.mines-stetienne.fr\\\/panoramines\\\/2024\\\/06\\\/20\\\/un-doctorat-honoris-causa-decerne-au-professeur-gerhard-a-holzapfel\\\/#breadcrumb\",\"itemListElement\":[{\"@type\":\"ListItem\",\"position\":1,\"name\":\"Accueil\",\"item\":\"https:\\\/\\\/www.mines-stetienne.fr\\\/panoramines\\\/\"},{\"@type\":\"ListItem\",\"position\":2,\"name\":\"Un doctorat honoris causa d\u00e9cern\u00e9 au professeur Gerhard A. Holzapfel\"}]},{\"@type\":\"WebSite\",\"@id\":\"https:\\\/\\\/www.mines-stetienne.fr\\\/panoramines\\\/#website\",\"url\":\"https:\\\/\\\/www.mines-stetienne.fr\\\/panoramines\\\/\",\"name\":\"Panoramines\",\"description\":\"Panoramines, l\u2019actualit\u00e9 de MINES Saint-\u00c9tienne\",\"potentialAction\":[{\"@type\":\"SearchAction\",\"target\":{\"@type\":\"EntryPoint\",\"urlTemplate\":\"https:\\\/\\\/www.mines-stetienne.fr\\\/panoramines\\\/?s={search_term_string}\"},\"query-input\":{\"@type\":\"PropertyValueSpecification\",\"valueRequired\":true,\"valueName\":\"search_term_string\"}}],\"inLanguage\":\"fr-FR\"},{\"@type\":\"Person\",\"@id\":\"https:\\\/\\\/www.mines-stetienne.fr\\\/panoramines\\\/#\\\/schema\\\/person\\\/53c118c529c866c1454c8138b35880e8\",\"name\":\"Gr\u00e9goire\",\"image\":{\"@type\":\"ImageObject\",\"inLanguage\":\"fr-FR\",\"@id\":\"https:\\\/\\\/www.mines-stetienne.fr\\\/panoramines\\\/wp-content\\\/uploads\\\/sites\\\/3\\\/2021\\\/07\\\/logo-75x75-1.png\",\"url\":\"https:\\\/\\\/www.mines-stetienne.fr\\\/panoramines\\\/wp-content\\\/uploads\\\/sites\\\/3\\\/2021\\\/07\\\/logo-75x75-1.png\",\"contentUrl\":\"https:\\\/\\\/www.mines-stetienne.fr\\\/panoramines\\\/wp-content\\\/uploads\\\/sites\\\/3\\\/2021\\\/07\\\/logo-75x75-1.png\",\"caption\":\"Gr\u00e9goire\"},\"sameAs\":[\"http:\\\/\\\/www.mines-stetienne.fr\",\"jjj\",\"kkk\",\"aaa\",\"mmm\",\"https:\\\/\\\/x.com\\\/qqq\",\"lll\",\"rrr\",\"nnn\",\"ooo\",\"ppp\"],\"url\":\"https:\\\/\\\/www.mines-stetienne.fr\\\/panoramines\\\/author\\\/gregoire\\\/\"}]}<\/script>\n<!-- \/ Yoast SEO plugin. -->","yoast_head_json":{"title":"Un doctorat honoris causa d\u00e9cern\u00e9 au professeur Gerhard A. Holzapfel - Panoramines","robots":{"index":"index","follow":"follow","max-snippet":"max-snippet:-1","max-image-preview":"max-image-preview:large","max-video-preview":"max-video-preview:-1"},"canonical":"https:\/\/www.mines-stetienne.fr\/panoramines\/2024\/06\/20\/un-doctorat-honoris-causa-decerne-au-professeur-gerhard-a-holzapfel\/","og_locale":"fr_FR","og_type":"article","og_title":"Un doctorat honoris causa d\u00e9cern\u00e9 au professeur Gerhard A. Holzapfel - Panoramines","og_description":"Il a \u00e9t\u00e9 remis le mercredi 19 juin \u00e0 cet \u00e9minent sp\u00e9cialiste en g\u00e9nie biom\u00e9dical d&rsquo;envergure mondiale lors d&rsquo;une c\u00e9r\u00e9monie organis\u00e9e sur le campus st\u00e9phanois de Mines Saint-\u00c9tienne. Dans un amphith\u00e9\u00e2tre flambant neuf, le scientifique autrichien r\u00e9put\u00e9 pour ses travaux &hellip;","og_url":"https:\/\/www.mines-stetienne.fr\/panoramines\/2024\/06\/20\/un-doctorat-honoris-causa-decerne-au-professeur-gerhard-a-holzapfel\/","og_site_name":"Panoramines","article_author":"jjj","article_published_time":"2024-06-20T13:12:47+00:00","article_modified_time":"2025-03-15T11:19:05+00:00","og_image":[{"width":2560,"height":1707,"url":"https:\/\/www.mines-stetienne.fr\/panoramines\/wp-content\/uploads\/sites\/3\/2024\/06\/Honoris-causa-08-scaled.jpg","type":"image\/jpeg"}],"author":"Gr\u00e9goire","twitter_card":"summary_large_image","twitter_creator":"@qqq","twitter_misc":{"\u00c9crit par":"Gr\u00e9goire","Dur\u00e9e de lecture estim\u00e9e":"2 minutes"},"schema":{"@context":"https:\/\/schema.org","@graph":[{"@type":"Article","@id":"https:\/\/www.mines-stetienne.fr\/panoramines\/2024\/06\/20\/un-doctorat-honoris-causa-decerne-au-professeur-gerhard-a-holzapfel\/#article","isPartOf":{"@id":"https:\/\/www.mines-stetienne.fr\/panoramines\/2024\/06\/20\/un-doctorat-honoris-causa-decerne-au-professeur-gerhard-a-holzapfel\/"},"author":{"name":"Gr\u00e9goire","@id":"https:\/\/www.mines-stetienne.fr\/panoramines\/#\/schema\/person\/53c118c529c866c1454c8138b35880e8"},"headline":"Un doctorat honoris causa d\u00e9cern\u00e9 au professeur Gerhard A. Holzapfel","datePublished":"2024-06-20T13:12:47+00:00","dateModified":"2025-03-15T11:19:05+00:00","mainEntityOfPage":{"@id":"https:\/\/www.mines-stetienne.fr\/panoramines\/2024\/06\/20\/un-doctorat-honoris-causa-decerne-au-professeur-gerhard-a-holzapfel\/"},"wordCount":299,"image":{"@id":"https:\/\/www.mines-stetienne.fr\/panoramines\/2024\/06\/20\/un-doctorat-honoris-causa-decerne-au-professeur-gerhard-a-holzapfel\/#primaryimage"},"thumbnailUrl":"https:\/\/www.mines-stetienne.fr\/panoramines\/wp-content\/uploads\/sites\/3\/2024\/06\/Honoris-causa-08-scaled.jpg","keywords":["Doctorat honoris causa","Gerhard A. Holzapfel","Mines Saint-Etienne"],"articleSection":["Vie de l'\u00c9cole"],"inLanguage":"fr-FR"},{"@type":"WebPage","@id":"https:\/\/www.mines-stetienne.fr\/panoramines\/2024\/06\/20\/un-doctorat-honoris-causa-decerne-au-professeur-gerhard-a-holzapfel\/","url":"https:\/\/www.mines-stetienne.fr\/panoramines\/2024\/06\/20\/un-doctorat-honoris-causa-decerne-au-professeur-gerhard-a-holzapfel\/","name":"Un doctorat honoris causa d\u00e9cern\u00e9 au professeur Gerhard A. Holzapfel - Panoramines","isPartOf":{"@id":"https:\/\/www.mines-stetienne.fr\/panoramines\/#website"},"primaryImageOfPage":{"@id":"https:\/\/www.mines-stetienne.fr\/panoramines\/2024\/06\/20\/un-doctorat-honoris-causa-decerne-au-professeur-gerhard-a-holzapfel\/#primaryimage"},"image":{"@id":"https:\/\/www.mines-stetienne.fr\/panoramines\/2024\/06\/20\/un-doctorat-honoris-causa-decerne-au-professeur-gerhard-a-holzapfel\/#primaryimage"},"thumbnailUrl":"https:\/\/www.mines-stetienne.fr\/panoramines\/wp-content\/uploads\/sites\/3\/2024\/06\/Honoris-causa-08-scaled.jpg","datePublished":"2024-06-20T13:12:47+00:00","dateModified":"2025-03-15T11:19:05+00:00","author":{"@id":"https:\/\/www.mines-stetienne.fr\/panoramines\/#\/schema\/person\/53c118c529c866c1454c8138b35880e8"},"breadcrumb":{"@id":"https:\/\/www.mines-stetienne.fr\/panoramines\/2024\/06\/20\/un-doctorat-honoris-causa-decerne-au-professeur-gerhard-a-holzapfel\/#breadcrumb"},"inLanguage":"fr-FR","potentialAction":[{"@type":"ReadAction","target":["https:\/\/www.mines-stetienne.fr\/panoramines\/2024\/06\/20\/un-doctorat-honoris-causa-decerne-au-professeur-gerhard-a-holzapfel\/"]}]},{"@type":"ImageObject","inLanguage":"fr-FR","@id":"https:\/\/www.mines-stetienne.fr\/panoramines\/2024\/06\/20\/un-doctorat-honoris-causa-decerne-au-professeur-gerhard-a-holzapfel\/#primaryimage","url":"https:\/\/www.mines-stetienne.fr\/panoramines\/wp-content\/uploads\/sites\/3\/2024\/06\/Honoris-causa-08-scaled.jpg","contentUrl":"https:\/\/www.mines-stetienne.fr\/panoramines\/wp-content\/uploads\/sites\/3\/2024\/06\/Honoris-causa-08-scaled.jpg","width":2560,"height":1707},{"@type":"BreadcrumbList","@id":"https:\/\/www.mines-stetienne.fr\/panoramines\/2024\/06\/20\/un-doctorat-honoris-causa-decerne-au-professeur-gerhard-a-holzapfel\/#breadcrumb","itemListElement":[{"@type":"ListItem","position":1,"name":"Accueil","item":"https:\/\/www.mines-stetienne.fr\/panoramines\/"},{"@type":"ListItem","position":2,"name":"Un doctorat honoris causa d\u00e9cern\u00e9 au professeur Gerhard A. Holzapfel"}]},{"@type":"WebSite","@id":"https:\/\/www.mines-stetienne.fr\/panoramines\/#website","url":"https:\/\/www.mines-stetienne.fr\/panoramines\/","name":"Panoramines","description":"Panoramines, l\u2019actualit\u00e9 de MINES Saint-\u00c9tienne","potentialAction":[{"@type":"SearchAction","target":{"@type":"EntryPoint","urlTemplate":"https:\/\/www.mines-stetienne.fr\/panoramines\/?s={search_term_string}"},"query-input":{"@type":"PropertyValueSpecification","valueRequired":true,"valueName":"search_term_string"}}],"inLanguage":"fr-FR"},{"@type":"Person","@id":"https:\/\/www.mines-stetienne.fr\/panoramines\/#\/schema\/person\/53c118c529c866c1454c8138b35880e8","name":"Gr\u00e9goire","image":{"@type":"ImageObject","inLanguage":"fr-FR","@id":"https:\/\/www.mines-stetienne.fr\/panoramines\/wp-content\/uploads\/sites\/3\/2021\/07\/logo-75x75-1.png","url":"https:\/\/www.mines-stetienne.fr\/panoramines\/wp-content\/uploads\/sites\/3\/2021\/07\/logo-75x75-1.png","contentUrl":"https:\/\/www.mines-stetienne.fr\/panoramines\/wp-content\/uploads\/sites\/3\/2021\/07\/logo-75x75-1.png","caption":"Gr\u00e9goire"},"sameAs":["http:\/\/www.mines-stetienne.fr","jjj","kkk","aaa","mmm","https:\/\/x.com\/qqq","lll","rrr","nnn","ooo","ppp"],"url":"https:\/\/www.mines-stetienne.fr\/panoramines\/author\/gregoire\/"}]}},"_links":{"self":[{"href":"https:\/\/www.mines-stetienne.fr\/panoramines\/wp-json\/wp\/v2\/posts\/26988","targetHints":{"allow":["GET"]}}],"collection":[{"href":"https:\/\/www.mines-stetienne.fr\/panoramines\/wp-json\/wp\/v2\/posts"}],"about":[{"href":"https:\/\/www.mines-stetienne.fr\/panoramines\/wp-json\/wp\/v2\/types\/post"}],"author":[{"embeddable":true,"href":"https:\/\/www.mines-stetienne.fr\/panoramines\/wp-json\/wp\/v2\/users\/2"}],"replies":[{"embeddable":true,"href":"https:\/\/www.mines-stetienne.fr\/panoramines\/wp-json\/wp\/v2\/comments?post=26988"}],"version-history":[{"count":6,"href":"https:\/\/www.mines-stetienne.fr\/panoramines\/wp-json\/wp\/v2\/posts\/26988\/revisions"}],"predecessor-version":[{"id":28086,"href":"https:\/\/www.mines-stetienne.fr\/panoramines\/wp-json\/wp\/v2\/posts\/26988\/revisions\/28086"}],"wp:featuredmedia":[{"embeddable":true,"href":"https:\/\/www.mines-stetienne.fr\/panoramines\/wp-json\/wp\/v2\/media\/27046"}],"wp:attachment":[{"href":"https:\/\/www.mines-stetienne.fr\/panoramines\/wp-json\/wp\/v2\/media?parent=26988"}],"wp:term":[{"taxonomy":"category","embeddable":true,"href":"https:\/\/www.mines-stetienne.fr\/panoramines\/wp-json\/wp\/v2\/categories?post=26988"},{"taxonomy":"post_tag","embeddable":true,"href":"https:\/\/www.mines-stetienne.fr\/panoramines\/wp-json\/wp\/v2\/tags?post=26988"}],"curies":[{"name":"wp","href":"https:\/\/api.w.org\/{rel}","templated":true}]}}