{"id":26977,"date":"2024-06-24T13:44:00","date_gmt":"2024-06-24T11:44:00","guid":{"rendered":"https:\/\/www.mines-stetienne.fr\/panoramines\/?p=26977"},"modified":"2025-03-15T12:18:49","modified_gmt":"2025-03-15T11:18:49","slug":"justine-montagne-tout-feu-tout-flamme","status":"publish","type":"post","link":"https:\/\/www.mines-stetienne.fr\/panoramines\/2024\/06\/24\/justine-montagne-tout-feu-tout-flamme\/","title":{"rendered":"Justine Montagne, tout feu tout flamme"},"content":{"rendered":"\n<h2 class=\"wp-block-heading\">Cette \u00e9tudiante en 2<sup>e<\/sup> ann\u00e9e du cursus Fusion a eu le privil\u00e8ge de porter la flamme olympique lors de son passage \u00e0 Saint-\u00c9tienne le samedi 22 juin. Une exp\u00e9rience m\u00e9morable pour la future ing\u00e9nieure de 22 ans.<\/h2>\n\n\n\n<p>La pluie n&rsquo;a pas douch\u00e9 son enthousiasme ni alt\u00e9r\u00e9 son sourire.<\/p>\n\n\n\n<p>Samedi 22 juin, peu apr\u00e8s 18h, Justine Montagne a effectu\u00e9 son relais sous le regard admiratif de plusieurs \u00e9l\u00e8ves en uniforme de Mines Saint-\u00c9tienne et de badauds port\u00e9s par l&rsquo;\u00e9v\u00e9nement. <\/p>\n\n\n\n<p>Partie de la place du Peuple, Justine a rejoint la place Dorian voisine en trottinant. Ces quelque centaines de m\u00e8tres parcourus la torche \u00e0 la main resteront grav\u00e9s dans sa m\u00e9moire : \u00ab\u00a0<em>C&rsquo;\u00e9tait impressionnant et m\u00eame un peu intimidant. J&rsquo;avais peur de mal faire, de ne pas transmettre la torche de la bonne main au relayeur suivant ou simplement de glisser sur le sol humide \u00e0 cause de la pluie. Au final, tout s&rsquo;est bien pass\u00e9. Je n&rsquo;oublierai jamais ce moment. Je suis consciente d&rsquo;\u00eatre privil\u00e9gi\u00e9e<\/em>.\u00a0\u00bb<\/p>\n\n\n\n<p>Avant de circuler dans les rues de l&rsquo;agglom\u00e9ration st\u00e9phanoise et d&#8217;embraser le stade Geoffroy Guichard en fin de journ\u00e9e, la flamme olympique avait d\u00e9but\u00e9 son p\u00e9riple lig\u00e9rien \u00e0 Roanne puis \u00e0 Charlieu, avant de passer par Montbrison et Feurs \u00e0 la mi-journ\u00e9e et faire un crochet par Saint-Chamond et Firminy.<\/p>\n\n\n\n<p><strong>8,2 km<\/strong> ont finalement \u00e9t\u00e9 parcourus par la flamme lors de son parcours \u00e0 Saint-\u00c9tienne.<\/p>\n","protected":false},"excerpt":{"rendered":"<p>Cette \u00e9tudiante en 2e ann\u00e9e du cursus Fusion a eu le privil\u00e8ge de porter la flamme olympique lors de son passage \u00e0 Saint-\u00c9tienne le samedi 22 juin. Une exp\u00e9rience m\u00e9morable pour la future ing\u00e9nieure de 22 ans. La pluie n&rsquo;a &hellip;<\/p>\n","protected":false},"author":2,"featured_media":27066,"comment_status":"closed","ping_status":"open","sticky":false,"template":"","format":"standard","meta":{"_relevanssi_hide_post":"","_relevanssi_hide_content":"","_relevanssi_pin_for_all":"","_relevanssi_pin_keywords":"","_relevanssi_unpin_keywords":"","_relevanssi_related_keywords":"","_relevanssi_related_include_ids":"","_relevanssi_related_exclude_ids":"","_relevanssi_related_no_append":"","_relevanssi_related_not_related":"","_relevanssi_related_posts":"22392,22328,19856,14964,12529,5129","_relevanssi_noindex_reason":"","footnotes":""},"categories":[11],"tags":[1057,1058,1056,873,800],"class_list":["post-26977","post","type-post","status-publish","format-standard","has-post-thumbnail","hentry","category-vie-de-l-ecole","tag-flamme-olympique","tag-jeux-olympiques-2024","tag-justine-montagne","tag-mines-saint-etienne","tag-saint-etienne-2"],"pp_statuses_selecting_workflow":false,"pp_workflow_action":"current","pp_status_selection":"publish","pp_force_visibility":null,"pp_subpost_visibility":null,"pp_inherited_force_visibility":null,"pp_inherited_subpost_visibility":null,"yoast_head":"<!-- This site is optimized with the Yoast SEO plugin v27.4 - https:\/\/yoast.com\/product\/yoast-seo-wordpress\/ -->\n<title>Justine Montagne, tout feu tout flamme - Panoramines<\/title>\n<meta name=\"robots\" content=\"index, follow, max-snippet:-1, max-image-preview:large, max-video-preview:-1\" \/>\n<link rel=\"canonical\" href=\"https:\/\/www.mines-stetienne.fr\/panoramines\/2024\/06\/24\/justine-montagne-tout-feu-tout-flamme\/\" \/>\n<meta property=\"og:locale\" content=\"fr_FR\" \/>\n<meta property=\"og:type\" content=\"article\" \/>\n<meta property=\"og:title\" content=\"Justine Montagne, tout feu tout flamme - Panoramines\" \/>\n<meta property=\"og:description\" content=\"Cette \u00e9tudiante en 2e ann\u00e9e du cursus Fusion a eu le privil\u00e8ge de porter la flamme olympique lors de son passage \u00e0 Saint-\u00c9tienne le samedi 22 juin. Une exp\u00e9rience m\u00e9morable pour la future ing\u00e9nieure de 22 ans. La pluie n&rsquo;a &hellip;\" \/>\n<meta property=\"og:url\" content=\"https:\/\/www.mines-stetienne.fr\/panoramines\/2024\/06\/24\/justine-montagne-tout-feu-tout-flamme\/\" \/>\n<meta property=\"og:site_name\" content=\"Panoramines\" \/>\n<meta property=\"article:author\" content=\"jjj\" \/>\n<meta property=\"article:published_time\" content=\"2024-06-24T11:44:00+00:00\" \/>\n<meta property=\"article:modified_time\" content=\"2025-03-15T11:18:49+00:00\" \/>\n<meta property=\"og:image\" content=\"https:\/\/www.mines-stetienne.fr\/panoramines\/wp-content\/uploads\/sites\/3\/2024\/06\/Justine-Montagne-scaled.jpg\" \/>\n\t<meta property=\"og:image:width\" content=\"2560\" \/>\n\t<meta property=\"og:image:height\" content=\"2560\" \/>\n\t<meta property=\"og:image:type\" content=\"image\/jpeg\" \/>\n<meta name=\"author\" content=\"Gr\u00e9goire\" \/>\n<meta name=\"twitter:card\" content=\"summary_large_image\" \/>\n<meta name=\"twitter:creator\" content=\"@qqq\" \/>\n<meta name=\"twitter:label1\" content=\"\u00c9crit par\" \/>\n\t<meta name=\"twitter:data1\" content=\"Gr\u00e9goire\" \/>\n\t<meta name=\"twitter:label2\" content=\"Dur\u00e9e de lecture estim\u00e9e\" \/>\n\t<meta name=\"twitter:data2\" content=\"2 minutes\" \/>\n<script type=\"application\/ld+json\" class=\"yoast-schema-graph\">{\"@context\":\"https:\\\/\\\/schema.org\",\"@graph\":[{\"@type\":\"Article\",\"@id\":\"https:\\\/\\\/www.mines-stetienne.fr\\\/panoramines\\\/2024\\\/06\\\/24\\\/justine-montagne-tout-feu-tout-flamme\\\/#article\",\"isPartOf\":{\"@id\":\"https:\\\/\\\/www.mines-stetienne.fr\\\/panoramines\\\/2024\\\/06\\\/24\\\/justine-montagne-tout-feu-tout-flamme\\\/\"},\"author\":{\"name\":\"Gr\u00e9goire\",\"@id\":\"https:\\\/\\\/www.mines-stetienne.fr\\\/panoramines\\\/#\\\/schema\\\/person\\\/53c118c529c866c1454c8138b35880e8\"},\"headline\":\"Justine Montagne, tout feu tout flamme\",\"datePublished\":\"2024-06-24T11:44:00+00:00\",\"dateModified\":\"2025-03-15T11:18:49+00:00\",\"mainEntityOfPage\":{\"@id\":\"https:\\\/\\\/www.mines-stetienne.fr\\\/panoramines\\\/2024\\\/06\\\/24\\\/justine-montagne-tout-feu-tout-flamme\\\/\"},\"wordCount\":252,\"image\":{\"@id\":\"https:\\\/\\\/www.mines-stetienne.fr\\\/panoramines\\\/2024\\\/06\\\/24\\\/justine-montagne-tout-feu-tout-flamme\\\/#primaryimage\"},\"thumbnailUrl\":\"https:\\\/\\\/www.mines-stetienne.fr\\\/panoramines\\\/wp-content\\\/uploads\\\/sites\\\/3\\\/2024\\\/06\\\/Justine-Montagne-scaled.jpg\",\"keywords\":[\"Flamme olympique\",\"Jeux olympiques 2024\",\"Justine Montagne\",\"Mines Saint-Etienne\",\"Saint-Etienne\"],\"articleSection\":[\"Vie de l'\u00c9cole\"],\"inLanguage\":\"fr-FR\"},{\"@type\":\"WebPage\",\"@id\":\"https:\\\/\\\/www.mines-stetienne.fr\\\/panoramines\\\/2024\\\/06\\\/24\\\/justine-montagne-tout-feu-tout-flamme\\\/\",\"url\":\"https:\\\/\\\/www.mines-stetienne.fr\\\/panoramines\\\/2024\\\/06\\\/24\\\/justine-montagne-tout-feu-tout-flamme\\\/\",\"name\":\"Justine Montagne, tout feu tout flamme - Panoramines\",\"isPartOf\":{\"@id\":\"https:\\\/\\\/www.mines-stetienne.fr\\\/panoramines\\\/#website\"},\"primaryImageOfPage\":{\"@id\":\"https:\\\/\\\/www.mines-stetienne.fr\\\/panoramines\\\/2024\\\/06\\\/24\\\/justine-montagne-tout-feu-tout-flamme\\\/#primaryimage\"},\"image\":{\"@id\":\"https:\\\/\\\/www.mines-stetienne.fr\\\/panoramines\\\/2024\\\/06\\\/24\\\/justine-montagne-tout-feu-tout-flamme\\\/#primaryimage\"},\"thumbnailUrl\":\"https:\\\/\\\/www.mines-stetienne.fr\\\/panoramines\\\/wp-content\\\/uploads\\\/sites\\\/3\\\/2024\\\/06\\\/Justine-Montagne-scaled.jpg\",\"datePublished\":\"2024-06-24T11:44:00+00:00\",\"dateModified\":\"2025-03-15T11:18:49+00:00\",\"author\":{\"@id\":\"https:\\\/\\\/www.mines-stetienne.fr\\\/panoramines\\\/#\\\/schema\\\/person\\\/53c118c529c866c1454c8138b35880e8\"},\"breadcrumb\":{\"@id\":\"https:\\\/\\\/www.mines-stetienne.fr\\\/panoramines\\\/2024\\\/06\\\/24\\\/justine-montagne-tout-feu-tout-flamme\\\/#breadcrumb\"},\"inLanguage\":\"fr-FR\",\"potentialAction\":[{\"@type\":\"ReadAction\",\"target\":[\"https:\\\/\\\/www.mines-stetienne.fr\\\/panoramines\\\/2024\\\/06\\\/24\\\/justine-montagne-tout-feu-tout-flamme\\\/\"]}]},{\"@type\":\"ImageObject\",\"inLanguage\":\"fr-FR\",\"@id\":\"https:\\\/\\\/www.mines-stetienne.fr\\\/panoramines\\\/2024\\\/06\\\/24\\\/justine-montagne-tout-feu-tout-flamme\\\/#primaryimage\",\"url\":\"https:\\\/\\\/www.mines-stetienne.fr\\\/panoramines\\\/wp-content\\\/uploads\\\/sites\\\/3\\\/2024\\\/06\\\/Justine-Montagne-scaled.jpg\",\"contentUrl\":\"https:\\\/\\\/www.mines-stetienne.fr\\\/panoramines\\\/wp-content\\\/uploads\\\/sites\\\/3\\\/2024\\\/06\\\/Justine-Montagne-scaled.jpg\",\"width\":2560,\"height\":2560},{\"@type\":\"BreadcrumbList\",\"@id\":\"https:\\\/\\\/www.mines-stetienne.fr\\\/panoramines\\\/2024\\\/06\\\/24\\\/justine-montagne-tout-feu-tout-flamme\\\/#breadcrumb\",\"itemListElement\":[{\"@type\":\"ListItem\",\"position\":1,\"name\":\"Accueil\",\"item\":\"https:\\\/\\\/www.mines-stetienne.fr\\\/panoramines\\\/\"},{\"@type\":\"ListItem\",\"position\":2,\"name\":\"Justine Montagne, tout feu tout flamme\"}]},{\"@type\":\"WebSite\",\"@id\":\"https:\\\/\\\/www.mines-stetienne.fr\\\/panoramines\\\/#website\",\"url\":\"https:\\\/\\\/www.mines-stetienne.fr\\\/panoramines\\\/\",\"name\":\"Panoramines\",\"description\":\"Panoramines, l\u2019actualit\u00e9 de MINES Saint-\u00c9tienne\",\"potentialAction\":[{\"@type\":\"SearchAction\",\"target\":{\"@type\":\"EntryPoint\",\"urlTemplate\":\"https:\\\/\\\/www.mines-stetienne.fr\\\/panoramines\\\/?s={search_term_string}\"},\"query-input\":{\"@type\":\"PropertyValueSpecification\",\"valueRequired\":true,\"valueName\":\"search_term_string\"}}],\"inLanguage\":\"fr-FR\"},{\"@type\":\"Person\",\"@id\":\"https:\\\/\\\/www.mines-stetienne.fr\\\/panoramines\\\/#\\\/schema\\\/person\\\/53c118c529c866c1454c8138b35880e8\",\"name\":\"Gr\u00e9goire\",\"image\":{\"@type\":\"ImageObject\",\"inLanguage\":\"fr-FR\",\"@id\":\"https:\\\/\\\/www.mines-stetienne.fr\\\/panoramines\\\/wp-content\\\/uploads\\\/sites\\\/3\\\/2021\\\/07\\\/logo-75x75-1.png\",\"url\":\"https:\\\/\\\/www.mines-stetienne.fr\\\/panoramines\\\/wp-content\\\/uploads\\\/sites\\\/3\\\/2021\\\/07\\\/logo-75x75-1.png\",\"contentUrl\":\"https:\\\/\\\/www.mines-stetienne.fr\\\/panoramines\\\/wp-content\\\/uploads\\\/sites\\\/3\\\/2021\\\/07\\\/logo-75x75-1.png\",\"caption\":\"Gr\u00e9goire\"},\"sameAs\":[\"http:\\\/\\\/www.mines-stetienne.fr\",\"jjj\",\"kkk\",\"aaa\",\"mmm\",\"https:\\\/\\\/x.com\\\/qqq\",\"lll\",\"rrr\",\"nnn\",\"ooo\",\"ppp\"],\"url\":\"https:\\\/\\\/www.mines-stetienne.fr\\\/panoramines\\\/author\\\/gregoire\\\/\"}]}<\/script>\n<!-- \/ Yoast SEO plugin. -->","yoast_head_json":{"title":"Justine Montagne, tout feu tout flamme - Panoramines","robots":{"index":"index","follow":"follow","max-snippet":"max-snippet:-1","max-image-preview":"max-image-preview:large","max-video-preview":"max-video-preview:-1"},"canonical":"https:\/\/www.mines-stetienne.fr\/panoramines\/2024\/06\/24\/justine-montagne-tout-feu-tout-flamme\/","og_locale":"fr_FR","og_type":"article","og_title":"Justine Montagne, tout feu tout flamme - Panoramines","og_description":"Cette \u00e9tudiante en 2e ann\u00e9e du cursus Fusion a eu le privil\u00e8ge de porter la flamme olympique lors de son passage \u00e0 Saint-\u00c9tienne le samedi 22 juin. Une exp\u00e9rience m\u00e9morable pour la future ing\u00e9nieure de 22 ans. La pluie n&rsquo;a &hellip;","og_url":"https:\/\/www.mines-stetienne.fr\/panoramines\/2024\/06\/24\/justine-montagne-tout-feu-tout-flamme\/","og_site_name":"Panoramines","article_author":"jjj","article_published_time":"2024-06-24T11:44:00+00:00","article_modified_time":"2025-03-15T11:18:49+00:00","og_image":[{"width":2560,"height":2560,"url":"https:\/\/www.mines-stetienne.fr\/panoramines\/wp-content\/uploads\/sites\/3\/2024\/06\/Justine-Montagne-scaled.jpg","type":"image\/jpeg"}],"author":"Gr\u00e9goire","twitter_card":"summary_large_image","twitter_creator":"@qqq","twitter_misc":{"\u00c9crit par":"Gr\u00e9goire","Dur\u00e9e de lecture estim\u00e9e":"2 minutes"},"schema":{"@context":"https:\/\/schema.org","@graph":[{"@type":"Article","@id":"https:\/\/www.mines-stetienne.fr\/panoramines\/2024\/06\/24\/justine-montagne-tout-feu-tout-flamme\/#article","isPartOf":{"@id":"https:\/\/www.mines-stetienne.fr\/panoramines\/2024\/06\/24\/justine-montagne-tout-feu-tout-flamme\/"},"author":{"name":"Gr\u00e9goire","@id":"https:\/\/www.mines-stetienne.fr\/panoramines\/#\/schema\/person\/53c118c529c866c1454c8138b35880e8"},"headline":"Justine Montagne, tout feu tout flamme","datePublished":"2024-06-24T11:44:00+00:00","dateModified":"2025-03-15T11:18:49+00:00","mainEntityOfPage":{"@id":"https:\/\/www.mines-stetienne.fr\/panoramines\/2024\/06\/24\/justine-montagne-tout-feu-tout-flamme\/"},"wordCount":252,"image":{"@id":"https:\/\/www.mines-stetienne.fr\/panoramines\/2024\/06\/24\/justine-montagne-tout-feu-tout-flamme\/#primaryimage"},"thumbnailUrl":"https:\/\/www.mines-stetienne.fr\/panoramines\/wp-content\/uploads\/sites\/3\/2024\/06\/Justine-Montagne-scaled.jpg","keywords":["Flamme olympique","Jeux olympiques 2024","Justine Montagne","Mines Saint-Etienne","Saint-Etienne"],"articleSection":["Vie de l'\u00c9cole"],"inLanguage":"fr-FR"},{"@type":"WebPage","@id":"https:\/\/www.mines-stetienne.fr\/panoramines\/2024\/06\/24\/justine-montagne-tout-feu-tout-flamme\/","url":"https:\/\/www.mines-stetienne.fr\/panoramines\/2024\/06\/24\/justine-montagne-tout-feu-tout-flamme\/","name":"Justine Montagne, tout feu tout flamme - Panoramines","isPartOf":{"@id":"https:\/\/www.mines-stetienne.fr\/panoramines\/#website"},"primaryImageOfPage":{"@id":"https:\/\/www.mines-stetienne.fr\/panoramines\/2024\/06\/24\/justine-montagne-tout-feu-tout-flamme\/#primaryimage"},"image":{"@id":"https:\/\/www.mines-stetienne.fr\/panoramines\/2024\/06\/24\/justine-montagne-tout-feu-tout-flamme\/#primaryimage"},"thumbnailUrl":"https:\/\/www.mines-stetienne.fr\/panoramines\/wp-content\/uploads\/sites\/3\/2024\/06\/Justine-Montagne-scaled.jpg","datePublished":"2024-06-24T11:44:00+00:00","dateModified":"2025-03-15T11:18:49+00:00","author":{"@id":"https:\/\/www.mines-stetienne.fr\/panoramines\/#\/schema\/person\/53c118c529c866c1454c8138b35880e8"},"breadcrumb":{"@id":"https:\/\/www.mines-stetienne.fr\/panoramines\/2024\/06\/24\/justine-montagne-tout-feu-tout-flamme\/#breadcrumb"},"inLanguage":"fr-FR","potentialAction":[{"@type":"ReadAction","target":["https:\/\/www.mines-stetienne.fr\/panoramines\/2024\/06\/24\/justine-montagne-tout-feu-tout-flamme\/"]}]},{"@type":"ImageObject","inLanguage":"fr-FR","@id":"https:\/\/www.mines-stetienne.fr\/panoramines\/2024\/06\/24\/justine-montagne-tout-feu-tout-flamme\/#primaryimage","url":"https:\/\/www.mines-stetienne.fr\/panoramines\/wp-content\/uploads\/sites\/3\/2024\/06\/Justine-Montagne-scaled.jpg","contentUrl":"https:\/\/www.mines-stetienne.fr\/panoramines\/wp-content\/uploads\/sites\/3\/2024\/06\/Justine-Montagne-scaled.jpg","width":2560,"height":2560},{"@type":"BreadcrumbList","@id":"https:\/\/www.mines-stetienne.fr\/panoramines\/2024\/06\/24\/justine-montagne-tout-feu-tout-flamme\/#breadcrumb","itemListElement":[{"@type":"ListItem","position":1,"name":"Accueil","item":"https:\/\/www.mines-stetienne.fr\/panoramines\/"},{"@type":"ListItem","position":2,"name":"Justine Montagne, tout feu tout flamme"}]},{"@type":"WebSite","@id":"https:\/\/www.mines-stetienne.fr\/panoramines\/#website","url":"https:\/\/www.mines-stetienne.fr\/panoramines\/","name":"Panoramines","description":"Panoramines, l\u2019actualit\u00e9 de MINES Saint-\u00c9tienne","potentialAction":[{"@type":"SearchAction","target":{"@type":"EntryPoint","urlTemplate":"https:\/\/www.mines-stetienne.fr\/panoramines\/?s={search_term_string}"},"query-input":{"@type":"PropertyValueSpecification","valueRequired":true,"valueName":"search_term_string"}}],"inLanguage":"fr-FR"},{"@type":"Person","@id":"https:\/\/www.mines-stetienne.fr\/panoramines\/#\/schema\/person\/53c118c529c866c1454c8138b35880e8","name":"Gr\u00e9goire","image":{"@type":"ImageObject","inLanguage":"fr-FR","@id":"https:\/\/www.mines-stetienne.fr\/panoramines\/wp-content\/uploads\/sites\/3\/2021\/07\/logo-75x75-1.png","url":"https:\/\/www.mines-stetienne.fr\/panoramines\/wp-content\/uploads\/sites\/3\/2021\/07\/logo-75x75-1.png","contentUrl":"https:\/\/www.mines-stetienne.fr\/panoramines\/wp-content\/uploads\/sites\/3\/2021\/07\/logo-75x75-1.png","caption":"Gr\u00e9goire"},"sameAs":["http:\/\/www.mines-stetienne.fr","jjj","kkk","aaa","mmm","https:\/\/x.com\/qqq","lll","rrr","nnn","ooo","ppp"],"url":"https:\/\/www.mines-stetienne.fr\/panoramines\/author\/gregoire\/"}]}},"_links":{"self":[{"href":"https:\/\/www.mines-stetienne.fr\/panoramines\/wp-json\/wp\/v2\/posts\/26977","targetHints":{"allow":["GET"]}}],"collection":[{"href":"https:\/\/www.mines-stetienne.fr\/panoramines\/wp-json\/wp\/v2\/posts"}],"about":[{"href":"https:\/\/www.mines-stetienne.fr\/panoramines\/wp-json\/wp\/v2\/types\/post"}],"author":[{"embeddable":true,"href":"https:\/\/www.mines-stetienne.fr\/panoramines\/wp-json\/wp\/v2\/users\/2"}],"replies":[{"embeddable":true,"href":"https:\/\/www.mines-stetienne.fr\/panoramines\/wp-json\/wp\/v2\/comments?post=26977"}],"version-history":[{"count":7,"href":"https:\/\/www.mines-stetienne.fr\/panoramines\/wp-json\/wp\/v2\/posts\/26977\/revisions"}],"predecessor-version":[{"id":28085,"href":"https:\/\/www.mines-stetienne.fr\/panoramines\/wp-json\/wp\/v2\/posts\/26977\/revisions\/28085"}],"wp:featuredmedia":[{"embeddable":true,"href":"https:\/\/www.mines-stetienne.fr\/panoramines\/wp-json\/wp\/v2\/media\/27066"}],"wp:attachment":[{"href":"https:\/\/www.mines-stetienne.fr\/panoramines\/wp-json\/wp\/v2\/media?parent=26977"}],"wp:term":[{"taxonomy":"category","embeddable":true,"href":"https:\/\/www.mines-stetienne.fr\/panoramines\/wp-json\/wp\/v2\/categories?post=26977"},{"taxonomy":"post_tag","embeddable":true,"href":"https:\/\/www.mines-stetienne.fr\/panoramines\/wp-json\/wp\/v2\/tags?post=26977"}],"curies":[{"name":"wp","href":"https:\/\/api.w.org\/{rel}","templated":true}]}}