{"id":26907,"date":"2024-05-13T10:20:28","date_gmt":"2024-05-13T08:20:28","guid":{"rendered":"https:\/\/www.mines-stetienne.fr\/panoramines\/?p=26907"},"modified":"2025-03-10T16:52:07","modified_gmt":"2025-03-10T15:52:07","slug":"les-etudiants-stephanois-honorent-la-memoire-des-morts-pour-la-france","status":"publish","type":"post","link":"https:\/\/www.mines-stetienne.fr\/panoramines\/2024\/05\/13\/les-etudiants-stephanois-honorent-la-memoire-des-morts-pour-la-france\/","title":{"rendered":"Les \u00e9tudiants st\u00e9phanois honorent la m\u00e9moire des morts pour la France"},"content":{"rendered":"\n<h2 class=\"wp-block-heading\">Plusieurs de nos \u00e9l\u00e8ves ont particip\u00e9 aux traditionnelles comm\u00e9morations du 8 mai 1945 organis\u00e9es par la ville de Saint-\u00c9tienne.<\/h2>\n\n\n\n<p>Un devoir de m\u00e9moire.<\/p>\n\n\n\n<p>Comme chaque ann\u00e9e, des \u00e9tudiants de Mines Saint-\u00c9tienne ont rendu hommage aux soldats, aux civils et aux \u00e9l\u00e8ves de l&rsquo;\u00c9cole tomb\u00e9s pour la France \u00e0 l\u2019occasion de la comm\u00e9moration nationale du 8 mai 1945 qui marque la fin de la Seconde Guerre mondiale en Europe et la capitulation de l&rsquo;Allemagne nazie.<\/p>\n\n\n\n<p>V\u00eatus de l&rsquo;uniforme embl\u00e9matique de Mines Saint-\u00c9tienne, ils se sont retrouv\u00e9s en centre-ville, sur la place Fourneyron, devant le monument aux morts, o\u00f9 de nombreuses gerbes de fleurs avaient \u00e9t\u00e9 d\u00e9pos\u00e9es.<\/p>\n\n\n\n<p>Un moment fort et charg\u00e9 d&rsquo;\u00e9motion pour ne pas oublier.<\/p>\n\n\n\n\n","protected":false},"excerpt":{"rendered":"<p>Plusieurs de nos \u00e9l\u00e8ves ont particip\u00e9 aux traditionnelles comm\u00e9morations du 8 mai 1945 organis\u00e9es par la ville de Saint-\u00c9tienne. Un devoir de m\u00e9moire. Comme chaque ann\u00e9e, des \u00e9tudiants de Mines Saint-\u00c9tienne ont rendu hommage aux soldats, aux civils et aux &hellip;<\/p>\n","protected":false},"author":2,"featured_media":26908,"comment_status":"closed","ping_status":"open","sticky":false,"template":"","format":"standard","meta":{"_relevanssi_hide_post":"","_relevanssi_hide_content":"","_relevanssi_pin_for_all":"","_relevanssi_pin_keywords":"","_relevanssi_unpin_keywords":"","_relevanssi_related_keywords":"","_relevanssi_related_include_ids":"","_relevanssi_related_exclude_ids":"","_relevanssi_related_no_append":"","_relevanssi_related_not_related":"","_relevanssi_related_posts":"26847,14182,20445,18232,16317,11133","_relevanssi_noindex_reason":"","footnotes":""},"categories":[11],"tags":[1041,873],"class_list":["post-26907","post","type-post","status-publish","format-standard","has-post-thumbnail","hentry","category-vie-de-l-ecole","tag-commemorations-du-8-mai-1945","tag-mines-saint-etienne"],"pp_statuses_selecting_workflow":false,"pp_workflow_action":"current","pp_status_selection":"publish","pp_force_visibility":null,"pp_subpost_visibility":null,"pp_inherited_force_visibility":null,"pp_inherited_subpost_visibility":null,"yoast_head":"<!-- This site is optimized with the Yoast SEO plugin v27.4 - https:\/\/yoast.com\/product\/yoast-seo-wordpress\/ -->\n<title>Les \u00e9tudiants st\u00e9phanois honorent la m\u00e9moire des morts pour la France - Panoramines<\/title>\n<meta name=\"robots\" content=\"index, follow, max-snippet:-1, max-image-preview:large, max-video-preview:-1\" \/>\n<link rel=\"canonical\" href=\"https:\/\/www.mines-stetienne.fr\/panoramines\/2024\/05\/13\/les-etudiants-stephanois-honorent-la-memoire-des-morts-pour-la-france\/\" \/>\n<meta property=\"og:locale\" content=\"fr_FR\" \/>\n<meta property=\"og:type\" content=\"article\" \/>\n<meta property=\"og:title\" content=\"Les \u00e9tudiants st\u00e9phanois honorent la m\u00e9moire des morts pour la France - Panoramines\" \/>\n<meta property=\"og:description\" content=\"Plusieurs de nos \u00e9l\u00e8ves ont particip\u00e9 aux traditionnelles comm\u00e9morations du 8 mai 1945 organis\u00e9es par la ville de Saint-\u00c9tienne. Un devoir de m\u00e9moire. Comme chaque ann\u00e9e, des \u00e9tudiants de Mines Saint-\u00c9tienne ont rendu hommage aux soldats, aux civils et aux &hellip;\" \/>\n<meta property=\"og:url\" content=\"https:\/\/www.mines-stetienne.fr\/panoramines\/2024\/05\/13\/les-etudiants-stephanois-honorent-la-memoire-des-morts-pour-la-france\/\" \/>\n<meta property=\"og:site_name\" content=\"Panoramines\" \/>\n<meta property=\"article:author\" content=\"jjj\" \/>\n<meta property=\"article:published_time\" content=\"2024-05-13T08:20:28+00:00\" \/>\n<meta property=\"article:modified_time\" content=\"2025-03-10T15:52:07+00:00\" \/>\n<meta property=\"og:image\" content=\"https:\/\/www.mines-stetienne.fr\/panoramines\/wp-content\/uploads\/sites\/3\/2024\/05\/Ceremonie-du-8-mai.jpg\" \/>\n\t<meta property=\"og:image:width\" content=\"600\" \/>\n\t<meta property=\"og:image:height\" content=\"450\" \/>\n\t<meta property=\"og:image:type\" content=\"image\/jpeg\" \/>\n<meta name=\"author\" content=\"Gr\u00e9goire\" \/>\n<meta name=\"twitter:card\" content=\"summary_large_image\" \/>\n<meta name=\"twitter:creator\" content=\"@qqq\" \/>\n<meta name=\"twitter:label1\" content=\"\u00c9crit par\" \/>\n\t<meta name=\"twitter:data1\" content=\"Gr\u00e9goire\" \/>\n\t<meta name=\"twitter:label2\" content=\"Dur\u00e9e de lecture estim\u00e9e\" \/>\n\t<meta name=\"twitter:data2\" content=\"1 minute\" \/>\n<script type=\"application\/ld+json\" class=\"yoast-schema-graph\">{\"@context\":\"https:\\\/\\\/schema.org\",\"@graph\":[{\"@type\":\"Article\",\"@id\":\"https:\\\/\\\/www.mines-stetienne.fr\\\/panoramines\\\/2024\\\/05\\\/13\\\/les-etudiants-stephanois-honorent-la-memoire-des-morts-pour-la-france\\\/#article\",\"isPartOf\":{\"@id\":\"https:\\\/\\\/www.mines-stetienne.fr\\\/panoramines\\\/2024\\\/05\\\/13\\\/les-etudiants-stephanois-honorent-la-memoire-des-morts-pour-la-france\\\/\"},\"author\":{\"name\":\"Gr\u00e9goire\",\"@id\":\"https:\\\/\\\/www.mines-stetienne.fr\\\/panoramines\\\/#\\\/schema\\\/person\\\/53c118c529c866c1454c8138b35880e8\"},\"headline\":\"Les \u00e9tudiants st\u00e9phanois honorent la m\u00e9moire des morts pour la France\",\"datePublished\":\"2024-05-13T08:20:28+00:00\",\"dateModified\":\"2025-03-10T15:52:07+00:00\",\"mainEntityOfPage\":{\"@id\":\"https:\\\/\\\/www.mines-stetienne.fr\\\/panoramines\\\/2024\\\/05\\\/13\\\/les-etudiants-stephanois-honorent-la-memoire-des-morts-pour-la-france\\\/\"},\"wordCount\":142,\"image\":{\"@id\":\"https:\\\/\\\/www.mines-stetienne.fr\\\/panoramines\\\/2024\\\/05\\\/13\\\/les-etudiants-stephanois-honorent-la-memoire-des-morts-pour-la-france\\\/#primaryimage\"},\"thumbnailUrl\":\"https:\\\/\\\/www.mines-stetienne.fr\\\/panoramines\\\/wp-content\\\/uploads\\\/sites\\\/3\\\/2024\\\/05\\\/Ceremonie-du-8-mai.jpg\",\"keywords\":[\"Comm\u00e9morations du 8 mai 1945\",\"Mines Saint-Etienne\"],\"articleSection\":[\"Vie de l'\u00c9cole\"],\"inLanguage\":\"fr-FR\"},{\"@type\":\"WebPage\",\"@id\":\"https:\\\/\\\/www.mines-stetienne.fr\\\/panoramines\\\/2024\\\/05\\\/13\\\/les-etudiants-stephanois-honorent-la-memoire-des-morts-pour-la-france\\\/\",\"url\":\"https:\\\/\\\/www.mines-stetienne.fr\\\/panoramines\\\/2024\\\/05\\\/13\\\/les-etudiants-stephanois-honorent-la-memoire-des-morts-pour-la-france\\\/\",\"name\":\"Les \u00e9tudiants st\u00e9phanois honorent la m\u00e9moire des morts pour la France - Panoramines\",\"isPartOf\":{\"@id\":\"https:\\\/\\\/www.mines-stetienne.fr\\\/panoramines\\\/#website\"},\"primaryImageOfPage\":{\"@id\":\"https:\\\/\\\/www.mines-stetienne.fr\\\/panoramines\\\/2024\\\/05\\\/13\\\/les-etudiants-stephanois-honorent-la-memoire-des-morts-pour-la-france\\\/#primaryimage\"},\"image\":{\"@id\":\"https:\\\/\\\/www.mines-stetienne.fr\\\/panoramines\\\/2024\\\/05\\\/13\\\/les-etudiants-stephanois-honorent-la-memoire-des-morts-pour-la-france\\\/#primaryimage\"},\"thumbnailUrl\":\"https:\\\/\\\/www.mines-stetienne.fr\\\/panoramines\\\/wp-content\\\/uploads\\\/sites\\\/3\\\/2024\\\/05\\\/Ceremonie-du-8-mai.jpg\",\"datePublished\":\"2024-05-13T08:20:28+00:00\",\"dateModified\":\"2025-03-10T15:52:07+00:00\",\"author\":{\"@id\":\"https:\\\/\\\/www.mines-stetienne.fr\\\/panoramines\\\/#\\\/schema\\\/person\\\/53c118c529c866c1454c8138b35880e8\"},\"breadcrumb\":{\"@id\":\"https:\\\/\\\/www.mines-stetienne.fr\\\/panoramines\\\/2024\\\/05\\\/13\\\/les-etudiants-stephanois-honorent-la-memoire-des-morts-pour-la-france\\\/#breadcrumb\"},\"inLanguage\":\"fr-FR\",\"potentialAction\":[{\"@type\":\"ReadAction\",\"target\":[\"https:\\\/\\\/www.mines-stetienne.fr\\\/panoramines\\\/2024\\\/05\\\/13\\\/les-etudiants-stephanois-honorent-la-memoire-des-morts-pour-la-france\\\/\"]}]},{\"@type\":\"ImageObject\",\"inLanguage\":\"fr-FR\",\"@id\":\"https:\\\/\\\/www.mines-stetienne.fr\\\/panoramines\\\/2024\\\/05\\\/13\\\/les-etudiants-stephanois-honorent-la-memoire-des-morts-pour-la-france\\\/#primaryimage\",\"url\":\"https:\\\/\\\/www.mines-stetienne.fr\\\/panoramines\\\/wp-content\\\/uploads\\\/sites\\\/3\\\/2024\\\/05\\\/Ceremonie-du-8-mai.jpg\",\"contentUrl\":\"https:\\\/\\\/www.mines-stetienne.fr\\\/panoramines\\\/wp-content\\\/uploads\\\/sites\\\/3\\\/2024\\\/05\\\/Ceremonie-du-8-mai.jpg\",\"width\":600,\"height\":450},{\"@type\":\"BreadcrumbList\",\"@id\":\"https:\\\/\\\/www.mines-stetienne.fr\\\/panoramines\\\/2024\\\/05\\\/13\\\/les-etudiants-stephanois-honorent-la-memoire-des-morts-pour-la-france\\\/#breadcrumb\",\"itemListElement\":[{\"@type\":\"ListItem\",\"position\":1,\"name\":\"Accueil\",\"item\":\"https:\\\/\\\/www.mines-stetienne.fr\\\/panoramines\\\/\"},{\"@type\":\"ListItem\",\"position\":2,\"name\":\"Les \u00e9tudiants st\u00e9phanois honorent la m\u00e9moire des morts pour la France\"}]},{\"@type\":\"WebSite\",\"@id\":\"https:\\\/\\\/www.mines-stetienne.fr\\\/panoramines\\\/#website\",\"url\":\"https:\\\/\\\/www.mines-stetienne.fr\\\/panoramines\\\/\",\"name\":\"Panoramines\",\"description\":\"Panoramines, l\u2019actualit\u00e9 de MINES Saint-\u00c9tienne\",\"potentialAction\":[{\"@type\":\"SearchAction\",\"target\":{\"@type\":\"EntryPoint\",\"urlTemplate\":\"https:\\\/\\\/www.mines-stetienne.fr\\\/panoramines\\\/?s={search_term_string}\"},\"query-input\":{\"@type\":\"PropertyValueSpecification\",\"valueRequired\":true,\"valueName\":\"search_term_string\"}}],\"inLanguage\":\"fr-FR\"},{\"@type\":\"Person\",\"@id\":\"https:\\\/\\\/www.mines-stetienne.fr\\\/panoramines\\\/#\\\/schema\\\/person\\\/53c118c529c866c1454c8138b35880e8\",\"name\":\"Gr\u00e9goire\",\"image\":{\"@type\":\"ImageObject\",\"inLanguage\":\"fr-FR\",\"@id\":\"https:\\\/\\\/www.mines-stetienne.fr\\\/panoramines\\\/wp-content\\\/uploads\\\/sites\\\/3\\\/2021\\\/07\\\/logo-75x75-1.png\",\"url\":\"https:\\\/\\\/www.mines-stetienne.fr\\\/panoramines\\\/wp-content\\\/uploads\\\/sites\\\/3\\\/2021\\\/07\\\/logo-75x75-1.png\",\"contentUrl\":\"https:\\\/\\\/www.mines-stetienne.fr\\\/panoramines\\\/wp-content\\\/uploads\\\/sites\\\/3\\\/2021\\\/07\\\/logo-75x75-1.png\",\"caption\":\"Gr\u00e9goire\"},\"sameAs\":[\"http:\\\/\\\/www.mines-stetienne.fr\",\"jjj\",\"kkk\",\"aaa\",\"mmm\",\"https:\\\/\\\/x.com\\\/qqq\",\"lll\",\"rrr\",\"nnn\",\"ooo\",\"ppp\"],\"url\":\"https:\\\/\\\/www.mines-stetienne.fr\\\/panoramines\\\/author\\\/gregoire\\\/\"}]}<\/script>\n<!-- \/ Yoast SEO plugin. -->","yoast_head_json":{"title":"Les \u00e9tudiants st\u00e9phanois honorent la m\u00e9moire des morts pour la France - Panoramines","robots":{"index":"index","follow":"follow","max-snippet":"max-snippet:-1","max-image-preview":"max-image-preview:large","max-video-preview":"max-video-preview:-1"},"canonical":"https:\/\/www.mines-stetienne.fr\/panoramines\/2024\/05\/13\/les-etudiants-stephanois-honorent-la-memoire-des-morts-pour-la-france\/","og_locale":"fr_FR","og_type":"article","og_title":"Les \u00e9tudiants st\u00e9phanois honorent la m\u00e9moire des morts pour la France - Panoramines","og_description":"Plusieurs de nos \u00e9l\u00e8ves ont particip\u00e9 aux traditionnelles comm\u00e9morations du 8 mai 1945 organis\u00e9es par la ville de Saint-\u00c9tienne. Un devoir de m\u00e9moire. Comme chaque ann\u00e9e, des \u00e9tudiants de Mines Saint-\u00c9tienne ont rendu hommage aux soldats, aux civils et aux &hellip;","og_url":"https:\/\/www.mines-stetienne.fr\/panoramines\/2024\/05\/13\/les-etudiants-stephanois-honorent-la-memoire-des-morts-pour-la-france\/","og_site_name":"Panoramines","article_author":"jjj","article_published_time":"2024-05-13T08:20:28+00:00","article_modified_time":"2025-03-10T15:52:07+00:00","og_image":[{"width":600,"height":450,"url":"https:\/\/www.mines-stetienne.fr\/panoramines\/wp-content\/uploads\/sites\/3\/2024\/05\/Ceremonie-du-8-mai.jpg","type":"image\/jpeg"}],"author":"Gr\u00e9goire","twitter_card":"summary_large_image","twitter_creator":"@qqq","twitter_misc":{"\u00c9crit par":"Gr\u00e9goire","Dur\u00e9e de lecture estim\u00e9e":"1 minute"},"schema":{"@context":"https:\/\/schema.org","@graph":[{"@type":"Article","@id":"https:\/\/www.mines-stetienne.fr\/panoramines\/2024\/05\/13\/les-etudiants-stephanois-honorent-la-memoire-des-morts-pour-la-france\/#article","isPartOf":{"@id":"https:\/\/www.mines-stetienne.fr\/panoramines\/2024\/05\/13\/les-etudiants-stephanois-honorent-la-memoire-des-morts-pour-la-france\/"},"author":{"name":"Gr\u00e9goire","@id":"https:\/\/www.mines-stetienne.fr\/panoramines\/#\/schema\/person\/53c118c529c866c1454c8138b35880e8"},"headline":"Les \u00e9tudiants st\u00e9phanois honorent la m\u00e9moire des morts pour la France","datePublished":"2024-05-13T08:20:28+00:00","dateModified":"2025-03-10T15:52:07+00:00","mainEntityOfPage":{"@id":"https:\/\/www.mines-stetienne.fr\/panoramines\/2024\/05\/13\/les-etudiants-stephanois-honorent-la-memoire-des-morts-pour-la-france\/"},"wordCount":142,"image":{"@id":"https:\/\/www.mines-stetienne.fr\/panoramines\/2024\/05\/13\/les-etudiants-stephanois-honorent-la-memoire-des-morts-pour-la-france\/#primaryimage"},"thumbnailUrl":"https:\/\/www.mines-stetienne.fr\/panoramines\/wp-content\/uploads\/sites\/3\/2024\/05\/Ceremonie-du-8-mai.jpg","keywords":["Comm\u00e9morations du 8 mai 1945","Mines Saint-Etienne"],"articleSection":["Vie de l'\u00c9cole"],"inLanguage":"fr-FR"},{"@type":"WebPage","@id":"https:\/\/www.mines-stetienne.fr\/panoramines\/2024\/05\/13\/les-etudiants-stephanois-honorent-la-memoire-des-morts-pour-la-france\/","url":"https:\/\/www.mines-stetienne.fr\/panoramines\/2024\/05\/13\/les-etudiants-stephanois-honorent-la-memoire-des-morts-pour-la-france\/","name":"Les \u00e9tudiants st\u00e9phanois honorent la m\u00e9moire des morts pour la France - Panoramines","isPartOf":{"@id":"https:\/\/www.mines-stetienne.fr\/panoramines\/#website"},"primaryImageOfPage":{"@id":"https:\/\/www.mines-stetienne.fr\/panoramines\/2024\/05\/13\/les-etudiants-stephanois-honorent-la-memoire-des-morts-pour-la-france\/#primaryimage"},"image":{"@id":"https:\/\/www.mines-stetienne.fr\/panoramines\/2024\/05\/13\/les-etudiants-stephanois-honorent-la-memoire-des-morts-pour-la-france\/#primaryimage"},"thumbnailUrl":"https:\/\/www.mines-stetienne.fr\/panoramines\/wp-content\/uploads\/sites\/3\/2024\/05\/Ceremonie-du-8-mai.jpg","datePublished":"2024-05-13T08:20:28+00:00","dateModified":"2025-03-10T15:52:07+00:00","author":{"@id":"https:\/\/www.mines-stetienne.fr\/panoramines\/#\/schema\/person\/53c118c529c866c1454c8138b35880e8"},"breadcrumb":{"@id":"https:\/\/www.mines-stetienne.fr\/panoramines\/2024\/05\/13\/les-etudiants-stephanois-honorent-la-memoire-des-morts-pour-la-france\/#breadcrumb"},"inLanguage":"fr-FR","potentialAction":[{"@type":"ReadAction","target":["https:\/\/www.mines-stetienne.fr\/panoramines\/2024\/05\/13\/les-etudiants-stephanois-honorent-la-memoire-des-morts-pour-la-france\/"]}]},{"@type":"ImageObject","inLanguage":"fr-FR","@id":"https:\/\/www.mines-stetienne.fr\/panoramines\/2024\/05\/13\/les-etudiants-stephanois-honorent-la-memoire-des-morts-pour-la-france\/#primaryimage","url":"https:\/\/www.mines-stetienne.fr\/panoramines\/wp-content\/uploads\/sites\/3\/2024\/05\/Ceremonie-du-8-mai.jpg","contentUrl":"https:\/\/www.mines-stetienne.fr\/panoramines\/wp-content\/uploads\/sites\/3\/2024\/05\/Ceremonie-du-8-mai.jpg","width":600,"height":450},{"@type":"BreadcrumbList","@id":"https:\/\/www.mines-stetienne.fr\/panoramines\/2024\/05\/13\/les-etudiants-stephanois-honorent-la-memoire-des-morts-pour-la-france\/#breadcrumb","itemListElement":[{"@type":"ListItem","position":1,"name":"Accueil","item":"https:\/\/www.mines-stetienne.fr\/panoramines\/"},{"@type":"ListItem","position":2,"name":"Les \u00e9tudiants st\u00e9phanois honorent la m\u00e9moire des morts pour la France"}]},{"@type":"WebSite","@id":"https:\/\/www.mines-stetienne.fr\/panoramines\/#website","url":"https:\/\/www.mines-stetienne.fr\/panoramines\/","name":"Panoramines","description":"Panoramines, l\u2019actualit\u00e9 de MINES Saint-\u00c9tienne","potentialAction":[{"@type":"SearchAction","target":{"@type":"EntryPoint","urlTemplate":"https:\/\/www.mines-stetienne.fr\/panoramines\/?s={search_term_string}"},"query-input":{"@type":"PropertyValueSpecification","valueRequired":true,"valueName":"search_term_string"}}],"inLanguage":"fr-FR"},{"@type":"Person","@id":"https:\/\/www.mines-stetienne.fr\/panoramines\/#\/schema\/person\/53c118c529c866c1454c8138b35880e8","name":"Gr\u00e9goire","image":{"@type":"ImageObject","inLanguage":"fr-FR","@id":"https:\/\/www.mines-stetienne.fr\/panoramines\/wp-content\/uploads\/sites\/3\/2021\/07\/logo-75x75-1.png","url":"https:\/\/www.mines-stetienne.fr\/panoramines\/wp-content\/uploads\/sites\/3\/2021\/07\/logo-75x75-1.png","contentUrl":"https:\/\/www.mines-stetienne.fr\/panoramines\/wp-content\/uploads\/sites\/3\/2021\/07\/logo-75x75-1.png","caption":"Gr\u00e9goire"},"sameAs":["http:\/\/www.mines-stetienne.fr","jjj","kkk","aaa","mmm","https:\/\/x.com\/qqq","lll","rrr","nnn","ooo","ppp"],"url":"https:\/\/www.mines-stetienne.fr\/panoramines\/author\/gregoire\/"}]}},"_links":{"self":[{"href":"https:\/\/www.mines-stetienne.fr\/panoramines\/wp-json\/wp\/v2\/posts\/26907","targetHints":{"allow":["GET"]}}],"collection":[{"href":"https:\/\/www.mines-stetienne.fr\/panoramines\/wp-json\/wp\/v2\/posts"}],"about":[{"href":"https:\/\/www.mines-stetienne.fr\/panoramines\/wp-json\/wp\/v2\/types\/post"}],"author":[{"embeddable":true,"href":"https:\/\/www.mines-stetienne.fr\/panoramines\/wp-json\/wp\/v2\/users\/2"}],"replies":[{"embeddable":true,"href":"https:\/\/www.mines-stetienne.fr\/panoramines\/wp-json\/wp\/v2\/comments?post=26907"}],"version-history":[{"count":2,"href":"https:\/\/www.mines-stetienne.fr\/panoramines\/wp-json\/wp\/v2\/posts\/26907\/revisions"}],"predecessor-version":[{"id":26910,"href":"https:\/\/www.mines-stetienne.fr\/panoramines\/wp-json\/wp\/v2\/posts\/26907\/revisions\/26910"}],"wp:featuredmedia":[{"embeddable":true,"href":"https:\/\/www.mines-stetienne.fr\/panoramines\/wp-json\/wp\/v2\/media\/26908"}],"wp:attachment":[{"href":"https:\/\/www.mines-stetienne.fr\/panoramines\/wp-json\/wp\/v2\/media?parent=26907"}],"wp:term":[{"taxonomy":"category","embeddable":true,"href":"https:\/\/www.mines-stetienne.fr\/panoramines\/wp-json\/wp\/v2\/categories?post=26907"},{"taxonomy":"post_tag","embeddable":true,"href":"https:\/\/www.mines-stetienne.fr\/panoramines\/wp-json\/wp\/v2\/tags?post=26907"}],"curies":[{"name":"wp","href":"https:\/\/api.w.org\/{rel}","templated":true}]}}