{"id":26887,"date":"2024-06-10T16:36:56","date_gmt":"2024-06-10T14:36:56","guid":{"rendered":"https:\/\/www.mines-stetienne.fr\/panoramines\/?p=26887"},"modified":"2025-03-10T16:52:07","modified_gmt":"2025-03-10T15:52:07","slug":"mines-saint-etienne-integre-le-projet-hygen","status":"publish","type":"post","link":"https:\/\/www.mines-stetienne.fr\/panoramines\/2024\/06\/10\/mines-saint-etienne-integre-le-projet-hygen\/","title":{"rendered":"Mines Saint-\u00c9tienne int\u00e8gre le projet HyGen"},"content":{"rendered":"\n<h2 class=\"wp-block-heading\">Des \u00e9quipes du centre SPIN (Sciences des Processus Industriels et Naturels) et du centre SMS (Sciences des Mat\u00e9riaux et des Structures) participent \u00e0 ce projet destin\u00e9 \u00e0 d\u00e9velopper les mobilit\u00e9s d\u00e9carbon\u00e9es gr\u00e2ce \u00e0 l&rsquo;hydrog\u00e8ne liquide.<\/h2>\n\n\n\n<p>Le projet HyGen est port\u00e9 par <a href=\"https:\/\/www.fivesgroup.com\/fr\">Fives<\/a>, leader technologique dans la cryog\u00e9nie depuis 65 ans et chef de file du consortium, <a href=\"https:\/\/www.mines-stetienne.fr\/\">Mines Saint-\u00c9tienne<\/a> et le <a href=\"https:\/\/www.cea.fr\/\">CEA<\/a>.<\/p>\n\n\n\n<p>Ce programme de recherche et d\u00e9veloppement a pour ambition de lever <strong>les verrous technologiques pour liqu\u00e9fier l&rsquo;hydrog\u00e8ne<\/strong> \u00e0 grande \u00e9chelle et ainsi <strong>r\u00e9pondre \u00e0 la demande mondiale<\/strong>.<\/p>\n\n\n\n<p>Dans ce projet d&rsquo;envergure, l&rsquo;implication de l&rsquo;\u00c9cole est double : <\/p>\n\n\n\n<ul class=\"wp-block-list\">\n<li><strong>Le<\/strong> <strong>centre SPIN travaillera sur les aspects technologiques des poudre<\/strong>s dans les \u00e9quipements pour la distribution d\u2019hydrog\u00e8ne avec le <strong>d\u00e9partement PMMG<\/strong>.<\/li>\n<\/ul>\n\n\n\n<ul class=\"wp-block-list\">\n<li><strong>Le centre SMS travaillera sur les aspects m\u00e9caniques et mat\u00e9riaux<\/strong> en interaction avec l\u2019hydrog\u00e8ne avec le<strong> d\u00e9partement MPI<\/strong>.<\/li>\n<\/ul>\n\n\n\n<p>Une dizaine d\u2019enseignants-chercheurs, ing\u00e9nieurs de recherche, techniciens et post-doctorants seront impliqu\u00e9s sur toute la dur\u00e9e du projet, jusqu\u2019en 2027.<\/p>\n\n\n\n<p>HyGen a \u00e9t\u00e9 financ\u00e9 \u00e0 hauteur de <strong>3,4 M d&rsquo;euros<\/strong> par le gouvernement dans le cadre du plan <a href=\"https:\/\/www.economie.gouv.fr\/france-2030\">France 2030<\/a> op\u00e9r\u00e9 par l&rsquo;<a href=\"https:\/\/www.ademe.fr\/\">ADEME<\/a>, agence de la transition \u00e9cologique. <\/p>\n\n\n\n<p>Il s\u2019inscrit dans la strat\u00e9gie nationale fran\u00e7aise d\u2019acc\u00e9l\u00e9ration de l\u2019hydrog\u00e8ne d\u00e9carbon\u00e9.<\/p>\n\n\n\n<p>Ce projet devrait contribuer \u00e0 la cr\u00e9ation de <strong>85 nouveaux emplois dans la r\u00e9gion Grand-Est<\/strong> o\u00f9 le groupe Fives est implant\u00e9 depuis 120 ans.<\/p>\n\n\n\n\n","protected":false},"excerpt":{"rendered":"<p>Des \u00e9quipes du centre SPIN (Sciences des Processus Industriels et Naturels) et du centre SMS (Sciences des Mat\u00e9riaux et des Structures) participent \u00e0 ce projet destin\u00e9 \u00e0 d\u00e9velopper les mobilit\u00e9s d\u00e9carbon\u00e9es gr\u00e2ce \u00e0 l&rsquo;hydrog\u00e8ne liquide. Le projet HyGen est port\u00e9 &hellip;<\/p>\n","protected":false},"author":2,"featured_media":26893,"comment_status":"closed","ping_status":"open","sticky":false,"template":"","format":"standard","meta":{"_relevanssi_hide_post":"","_relevanssi_hide_content":"","_relevanssi_pin_for_all":"","_relevanssi_pin_keywords":"","_relevanssi_unpin_keywords":"","_relevanssi_related_keywords":"","_relevanssi_related_include_ids":"","_relevanssi_related_exclude_ids":"","_relevanssi_related_no_append":"","_relevanssi_related_not_related":"","_relevanssi_related_posts":"22321,17049,15823,20503,26252,20569","_relevanssi_noindex_reason":"","footnotes":""},"categories":[14],"tags":[684,1040,1038,873,1039],"class_list":["post-26887","post","type-post","status-publish","format-standard","has-post-thumbnail","hentry","category-recherche","tag-cea","tag-hydrogene-liquide","tag-hygen","tag-mines-saint-etienne","tag-mobilite-decarbonee"],"pp_statuses_selecting_workflow":false,"pp_workflow_action":"current","pp_status_selection":"publish","pp_force_visibility":null,"pp_subpost_visibility":null,"pp_inherited_force_visibility":null,"pp_inherited_subpost_visibility":null,"yoast_head":"<!-- This site is optimized with the Yoast SEO plugin v27.5 - https:\/\/yoast.com\/product\/yoast-seo-wordpress\/ -->\n<title>Mines Saint-\u00c9tienne int\u00e8gre le projet HyGen - Panoramines<\/title>\n<meta name=\"robots\" content=\"index, follow, max-snippet:-1, max-image-preview:large, max-video-preview:-1\" \/>\n<link rel=\"canonical\" href=\"https:\/\/www.mines-stetienne.fr\/panoramines\/2024\/06\/10\/mines-saint-etienne-integre-le-projet-hygen\/\" \/>\n<meta property=\"og:locale\" content=\"fr_FR\" \/>\n<meta property=\"og:type\" content=\"article\" \/>\n<meta property=\"og:title\" content=\"Mines Saint-\u00c9tienne int\u00e8gre le projet HyGen - Panoramines\" \/>\n<meta property=\"og:description\" content=\"Des \u00e9quipes du centre SPIN (Sciences des Processus Industriels et Naturels) et du centre SMS (Sciences des Mat\u00e9riaux et des Structures) participent \u00e0 ce projet destin\u00e9 \u00e0 d\u00e9velopper les mobilit\u00e9s d\u00e9carbon\u00e9es gr\u00e2ce \u00e0 l&rsquo;hydrog\u00e8ne liquide. Le projet HyGen est port\u00e9 &hellip;\" \/>\n<meta property=\"og:url\" content=\"https:\/\/www.mines-stetienne.fr\/panoramines\/2024\/06\/10\/mines-saint-etienne-integre-le-projet-hygen\/\" \/>\n<meta property=\"og:site_name\" content=\"Panoramines\" \/>\n<meta property=\"article:author\" content=\"jjj\" \/>\n<meta property=\"article:published_time\" content=\"2024-06-10T14:36:56+00:00\" \/>\n<meta property=\"article:modified_time\" content=\"2025-03-10T15:52:07+00:00\" \/>\n<meta property=\"og:image\" content=\"https:\/\/www.mines-stetienne.fr\/panoramines\/wp-content\/uploads\/sites\/3\/2024\/05\/Consortium_HyGen.jpg\" \/>\n\t<meta property=\"og:image:width\" content=\"1598\" \/>\n\t<meta property=\"og:image:height\" content=\"1127\" \/>\n\t<meta property=\"og:image:type\" content=\"image\/jpeg\" \/>\n<meta name=\"author\" content=\"Gr\u00e9goire\" \/>\n<meta name=\"twitter:card\" content=\"summary_large_image\" \/>\n<meta name=\"twitter:creator\" content=\"@qqq\" \/>\n<meta name=\"twitter:label1\" content=\"\u00c9crit par\" \/>\n\t<meta name=\"twitter:data1\" content=\"Gr\u00e9goire\" \/>\n\t<meta name=\"twitter:label2\" content=\"Dur\u00e9e de lecture estim\u00e9e\" \/>\n\t<meta name=\"twitter:data2\" content=\"2 minutes\" \/>\n<script type=\"application\/ld+json\" class=\"yoast-schema-graph\">{\"@context\":\"https:\\\/\\\/schema.org\",\"@graph\":[{\"@type\":\"Article\",\"@id\":\"https:\\\/\\\/www.mines-stetienne.fr\\\/panoramines\\\/2024\\\/06\\\/10\\\/mines-saint-etienne-integre-le-projet-hygen\\\/#article\",\"isPartOf\":{\"@id\":\"https:\\\/\\\/www.mines-stetienne.fr\\\/panoramines\\\/2024\\\/06\\\/10\\\/mines-saint-etienne-integre-le-projet-hygen\\\/\"},\"author\":{\"name\":\"Gr\u00e9goire\",\"@id\":\"https:\\\/\\\/www.mines-stetienne.fr\\\/panoramines\\\/#\\\/schema\\\/person\\\/53c118c529c866c1454c8138b35880e8\"},\"headline\":\"Mines Saint-\u00c9tienne int\u00e8gre le projet HyGen\",\"datePublished\":\"2024-06-10T14:36:56+00:00\",\"dateModified\":\"2025-03-10T15:52:07+00:00\",\"mainEntityOfPage\":{\"@id\":\"https:\\\/\\\/www.mines-stetienne.fr\\\/panoramines\\\/2024\\\/06\\\/10\\\/mines-saint-etienne-integre-le-projet-hygen\\\/\"},\"wordCount\":252,\"image\":{\"@id\":\"https:\\\/\\\/www.mines-stetienne.fr\\\/panoramines\\\/2024\\\/06\\\/10\\\/mines-saint-etienne-integre-le-projet-hygen\\\/#primaryimage\"},\"thumbnailUrl\":\"https:\\\/\\\/www.mines-stetienne.fr\\\/panoramines\\\/wp-content\\\/uploads\\\/sites\\\/3\\\/2024\\\/05\\\/Consortium_HyGen.jpg\",\"keywords\":[\"CEA\",\"hydrog\u00e8ne liquide\",\"HyGen\",\"Mines Saint-Etienne\",\"mobilit\u00e9 d\u00e9carbon\u00e9e\"],\"articleSection\":[\"Recherche\"],\"inLanguage\":\"fr-FR\"},{\"@type\":\"WebPage\",\"@id\":\"https:\\\/\\\/www.mines-stetienne.fr\\\/panoramines\\\/2024\\\/06\\\/10\\\/mines-saint-etienne-integre-le-projet-hygen\\\/\",\"url\":\"https:\\\/\\\/www.mines-stetienne.fr\\\/panoramines\\\/2024\\\/06\\\/10\\\/mines-saint-etienne-integre-le-projet-hygen\\\/\",\"name\":\"Mines Saint-\u00c9tienne int\u00e8gre le projet HyGen - Panoramines\",\"isPartOf\":{\"@id\":\"https:\\\/\\\/www.mines-stetienne.fr\\\/panoramines\\\/#website\"},\"primaryImageOfPage\":{\"@id\":\"https:\\\/\\\/www.mines-stetienne.fr\\\/panoramines\\\/2024\\\/06\\\/10\\\/mines-saint-etienne-integre-le-projet-hygen\\\/#primaryimage\"},\"image\":{\"@id\":\"https:\\\/\\\/www.mines-stetienne.fr\\\/panoramines\\\/2024\\\/06\\\/10\\\/mines-saint-etienne-integre-le-projet-hygen\\\/#primaryimage\"},\"thumbnailUrl\":\"https:\\\/\\\/www.mines-stetienne.fr\\\/panoramines\\\/wp-content\\\/uploads\\\/sites\\\/3\\\/2024\\\/05\\\/Consortium_HyGen.jpg\",\"datePublished\":\"2024-06-10T14:36:56+00:00\",\"dateModified\":\"2025-03-10T15:52:07+00:00\",\"author\":{\"@id\":\"https:\\\/\\\/www.mines-stetienne.fr\\\/panoramines\\\/#\\\/schema\\\/person\\\/53c118c529c866c1454c8138b35880e8\"},\"breadcrumb\":{\"@id\":\"https:\\\/\\\/www.mines-stetienne.fr\\\/panoramines\\\/2024\\\/06\\\/10\\\/mines-saint-etienne-integre-le-projet-hygen\\\/#breadcrumb\"},\"inLanguage\":\"fr-FR\",\"potentialAction\":[{\"@type\":\"ReadAction\",\"target\":[\"https:\\\/\\\/www.mines-stetienne.fr\\\/panoramines\\\/2024\\\/06\\\/10\\\/mines-saint-etienne-integre-le-projet-hygen\\\/\"]}]},{\"@type\":\"ImageObject\",\"inLanguage\":\"fr-FR\",\"@id\":\"https:\\\/\\\/www.mines-stetienne.fr\\\/panoramines\\\/2024\\\/06\\\/10\\\/mines-saint-etienne-integre-le-projet-hygen\\\/#primaryimage\",\"url\":\"https:\\\/\\\/www.mines-stetienne.fr\\\/panoramines\\\/wp-content\\\/uploads\\\/sites\\\/3\\\/2024\\\/05\\\/Consortium_HyGen.jpg\",\"contentUrl\":\"https:\\\/\\\/www.mines-stetienne.fr\\\/panoramines\\\/wp-content\\\/uploads\\\/sites\\\/3\\\/2024\\\/05\\\/Consortium_HyGen.jpg\",\"width\":1598,\"height\":1127},{\"@type\":\"BreadcrumbList\",\"@id\":\"https:\\\/\\\/www.mines-stetienne.fr\\\/panoramines\\\/2024\\\/06\\\/10\\\/mines-saint-etienne-integre-le-projet-hygen\\\/#breadcrumb\",\"itemListElement\":[{\"@type\":\"ListItem\",\"position\":1,\"name\":\"Accueil\",\"item\":\"https:\\\/\\\/www.mines-stetienne.fr\\\/panoramines\\\/\"},{\"@type\":\"ListItem\",\"position\":2,\"name\":\"Mines Saint-\u00c9tienne int\u00e8gre le projet HyGen\"}]},{\"@type\":\"WebSite\",\"@id\":\"https:\\\/\\\/www.mines-stetienne.fr\\\/panoramines\\\/#website\",\"url\":\"https:\\\/\\\/www.mines-stetienne.fr\\\/panoramines\\\/\",\"name\":\"Panoramines\",\"description\":\"Panoramines, l\u2019actualit\u00e9 de MINES Saint-\u00c9tienne\",\"potentialAction\":[{\"@type\":\"SearchAction\",\"target\":{\"@type\":\"EntryPoint\",\"urlTemplate\":\"https:\\\/\\\/www.mines-stetienne.fr\\\/panoramines\\\/?s={search_term_string}\"},\"query-input\":{\"@type\":\"PropertyValueSpecification\",\"valueRequired\":true,\"valueName\":\"search_term_string\"}}],\"inLanguage\":\"fr-FR\"},{\"@type\":\"Person\",\"@id\":\"https:\\\/\\\/www.mines-stetienne.fr\\\/panoramines\\\/#\\\/schema\\\/person\\\/53c118c529c866c1454c8138b35880e8\",\"name\":\"Gr\u00e9goire\",\"image\":{\"@type\":\"ImageObject\",\"inLanguage\":\"fr-FR\",\"@id\":\"https:\\\/\\\/www.mines-stetienne.fr\\\/panoramines\\\/wp-content\\\/uploads\\\/sites\\\/3\\\/2021\\\/07\\\/logo-75x75-1.png\",\"url\":\"https:\\\/\\\/www.mines-stetienne.fr\\\/panoramines\\\/wp-content\\\/uploads\\\/sites\\\/3\\\/2021\\\/07\\\/logo-75x75-1.png\",\"contentUrl\":\"https:\\\/\\\/www.mines-stetienne.fr\\\/panoramines\\\/wp-content\\\/uploads\\\/sites\\\/3\\\/2021\\\/07\\\/logo-75x75-1.png\",\"caption\":\"Gr\u00e9goire\"},\"sameAs\":[\"http:\\\/\\\/www.mines-stetienne.fr\",\"jjj\",\"kkk\",\"aaa\",\"mmm\",\"https:\\\/\\\/x.com\\\/qqq\",\"lll\",\"rrr\",\"nnn\",\"ooo\",\"ppp\"],\"url\":\"https:\\\/\\\/www.mines-stetienne.fr\\\/panoramines\\\/author\\\/gregoire\\\/\"}]}<\/script>\n<!-- \/ Yoast SEO plugin. -->","yoast_head_json":{"title":"Mines Saint-\u00c9tienne int\u00e8gre le projet HyGen - Panoramines","robots":{"index":"index","follow":"follow","max-snippet":"max-snippet:-1","max-image-preview":"max-image-preview:large","max-video-preview":"max-video-preview:-1"},"canonical":"https:\/\/www.mines-stetienne.fr\/panoramines\/2024\/06\/10\/mines-saint-etienne-integre-le-projet-hygen\/","og_locale":"fr_FR","og_type":"article","og_title":"Mines Saint-\u00c9tienne int\u00e8gre le projet HyGen - Panoramines","og_description":"Des \u00e9quipes du centre SPIN (Sciences des Processus Industriels et Naturels) et du centre SMS (Sciences des Mat\u00e9riaux et des Structures) participent \u00e0 ce projet destin\u00e9 \u00e0 d\u00e9velopper les mobilit\u00e9s d\u00e9carbon\u00e9es gr\u00e2ce \u00e0 l&rsquo;hydrog\u00e8ne liquide. Le projet HyGen est port\u00e9 &hellip;","og_url":"https:\/\/www.mines-stetienne.fr\/panoramines\/2024\/06\/10\/mines-saint-etienne-integre-le-projet-hygen\/","og_site_name":"Panoramines","article_author":"jjj","article_published_time":"2024-06-10T14:36:56+00:00","article_modified_time":"2025-03-10T15:52:07+00:00","og_image":[{"width":1598,"height":1127,"url":"https:\/\/www.mines-stetienne.fr\/panoramines\/wp-content\/uploads\/sites\/3\/2024\/05\/Consortium_HyGen.jpg","type":"image\/jpeg"}],"author":"Gr\u00e9goire","twitter_card":"summary_large_image","twitter_creator":"@qqq","twitter_misc":{"\u00c9crit par":"Gr\u00e9goire","Dur\u00e9e de lecture estim\u00e9e":"2 minutes"},"schema":{"@context":"https:\/\/schema.org","@graph":[{"@type":"Article","@id":"https:\/\/www.mines-stetienne.fr\/panoramines\/2024\/06\/10\/mines-saint-etienne-integre-le-projet-hygen\/#article","isPartOf":{"@id":"https:\/\/www.mines-stetienne.fr\/panoramines\/2024\/06\/10\/mines-saint-etienne-integre-le-projet-hygen\/"},"author":{"name":"Gr\u00e9goire","@id":"https:\/\/www.mines-stetienne.fr\/panoramines\/#\/schema\/person\/53c118c529c866c1454c8138b35880e8"},"headline":"Mines Saint-\u00c9tienne int\u00e8gre le projet HyGen","datePublished":"2024-06-10T14:36:56+00:00","dateModified":"2025-03-10T15:52:07+00:00","mainEntityOfPage":{"@id":"https:\/\/www.mines-stetienne.fr\/panoramines\/2024\/06\/10\/mines-saint-etienne-integre-le-projet-hygen\/"},"wordCount":252,"image":{"@id":"https:\/\/www.mines-stetienne.fr\/panoramines\/2024\/06\/10\/mines-saint-etienne-integre-le-projet-hygen\/#primaryimage"},"thumbnailUrl":"https:\/\/www.mines-stetienne.fr\/panoramines\/wp-content\/uploads\/sites\/3\/2024\/05\/Consortium_HyGen.jpg","keywords":["CEA","hydrog\u00e8ne liquide","HyGen","Mines Saint-Etienne","mobilit\u00e9 d\u00e9carbon\u00e9e"],"articleSection":["Recherche"],"inLanguage":"fr-FR"},{"@type":"WebPage","@id":"https:\/\/www.mines-stetienne.fr\/panoramines\/2024\/06\/10\/mines-saint-etienne-integre-le-projet-hygen\/","url":"https:\/\/www.mines-stetienne.fr\/panoramines\/2024\/06\/10\/mines-saint-etienne-integre-le-projet-hygen\/","name":"Mines Saint-\u00c9tienne int\u00e8gre le projet HyGen - Panoramines","isPartOf":{"@id":"https:\/\/www.mines-stetienne.fr\/panoramines\/#website"},"primaryImageOfPage":{"@id":"https:\/\/www.mines-stetienne.fr\/panoramines\/2024\/06\/10\/mines-saint-etienne-integre-le-projet-hygen\/#primaryimage"},"image":{"@id":"https:\/\/www.mines-stetienne.fr\/panoramines\/2024\/06\/10\/mines-saint-etienne-integre-le-projet-hygen\/#primaryimage"},"thumbnailUrl":"https:\/\/www.mines-stetienne.fr\/panoramines\/wp-content\/uploads\/sites\/3\/2024\/05\/Consortium_HyGen.jpg","datePublished":"2024-06-10T14:36:56+00:00","dateModified":"2025-03-10T15:52:07+00:00","author":{"@id":"https:\/\/www.mines-stetienne.fr\/panoramines\/#\/schema\/person\/53c118c529c866c1454c8138b35880e8"},"breadcrumb":{"@id":"https:\/\/www.mines-stetienne.fr\/panoramines\/2024\/06\/10\/mines-saint-etienne-integre-le-projet-hygen\/#breadcrumb"},"inLanguage":"fr-FR","potentialAction":[{"@type":"ReadAction","target":["https:\/\/www.mines-stetienne.fr\/panoramines\/2024\/06\/10\/mines-saint-etienne-integre-le-projet-hygen\/"]}]},{"@type":"ImageObject","inLanguage":"fr-FR","@id":"https:\/\/www.mines-stetienne.fr\/panoramines\/2024\/06\/10\/mines-saint-etienne-integre-le-projet-hygen\/#primaryimage","url":"https:\/\/www.mines-stetienne.fr\/panoramines\/wp-content\/uploads\/sites\/3\/2024\/05\/Consortium_HyGen.jpg","contentUrl":"https:\/\/www.mines-stetienne.fr\/panoramines\/wp-content\/uploads\/sites\/3\/2024\/05\/Consortium_HyGen.jpg","width":1598,"height":1127},{"@type":"BreadcrumbList","@id":"https:\/\/www.mines-stetienne.fr\/panoramines\/2024\/06\/10\/mines-saint-etienne-integre-le-projet-hygen\/#breadcrumb","itemListElement":[{"@type":"ListItem","position":1,"name":"Accueil","item":"https:\/\/www.mines-stetienne.fr\/panoramines\/"},{"@type":"ListItem","position":2,"name":"Mines Saint-\u00c9tienne int\u00e8gre le projet HyGen"}]},{"@type":"WebSite","@id":"https:\/\/www.mines-stetienne.fr\/panoramines\/#website","url":"https:\/\/www.mines-stetienne.fr\/panoramines\/","name":"Panoramines","description":"Panoramines, l\u2019actualit\u00e9 de MINES Saint-\u00c9tienne","potentialAction":[{"@type":"SearchAction","target":{"@type":"EntryPoint","urlTemplate":"https:\/\/www.mines-stetienne.fr\/panoramines\/?s={search_term_string}"},"query-input":{"@type":"PropertyValueSpecification","valueRequired":true,"valueName":"search_term_string"}}],"inLanguage":"fr-FR"},{"@type":"Person","@id":"https:\/\/www.mines-stetienne.fr\/panoramines\/#\/schema\/person\/53c118c529c866c1454c8138b35880e8","name":"Gr\u00e9goire","image":{"@type":"ImageObject","inLanguage":"fr-FR","@id":"https:\/\/www.mines-stetienne.fr\/panoramines\/wp-content\/uploads\/sites\/3\/2021\/07\/logo-75x75-1.png","url":"https:\/\/www.mines-stetienne.fr\/panoramines\/wp-content\/uploads\/sites\/3\/2021\/07\/logo-75x75-1.png","contentUrl":"https:\/\/www.mines-stetienne.fr\/panoramines\/wp-content\/uploads\/sites\/3\/2021\/07\/logo-75x75-1.png","caption":"Gr\u00e9goire"},"sameAs":["http:\/\/www.mines-stetienne.fr","jjj","kkk","aaa","mmm","https:\/\/x.com\/qqq","lll","rrr","nnn","ooo","ppp"],"url":"https:\/\/www.mines-stetienne.fr\/panoramines\/author\/gregoire\/"}]}},"_links":{"self":[{"href":"https:\/\/www.mines-stetienne.fr\/panoramines\/wp-json\/wp\/v2\/posts\/26887","targetHints":{"allow":["GET"]}}],"collection":[{"href":"https:\/\/www.mines-stetienne.fr\/panoramines\/wp-json\/wp\/v2\/posts"}],"about":[{"href":"https:\/\/www.mines-stetienne.fr\/panoramines\/wp-json\/wp\/v2\/types\/post"}],"author":[{"embeddable":true,"href":"https:\/\/www.mines-stetienne.fr\/panoramines\/wp-json\/wp\/v2\/users\/2"}],"replies":[{"embeddable":true,"href":"https:\/\/www.mines-stetienne.fr\/panoramines\/wp-json\/wp\/v2\/comments?post=26887"}],"version-history":[{"count":15,"href":"https:\/\/www.mines-stetienne.fr\/panoramines\/wp-json\/wp\/v2\/posts\/26887\/revisions"}],"predecessor-version":[{"id":26994,"href":"https:\/\/www.mines-stetienne.fr\/panoramines\/wp-json\/wp\/v2\/posts\/26887\/revisions\/26994"}],"wp:featuredmedia":[{"embeddable":true,"href":"https:\/\/www.mines-stetienne.fr\/panoramines\/wp-json\/wp\/v2\/media\/26893"}],"wp:attachment":[{"href":"https:\/\/www.mines-stetienne.fr\/panoramines\/wp-json\/wp\/v2\/media?parent=26887"}],"wp:term":[{"taxonomy":"category","embeddable":true,"href":"https:\/\/www.mines-stetienne.fr\/panoramines\/wp-json\/wp\/v2\/categories?post=26887"},{"taxonomy":"post_tag","embeddable":true,"href":"https:\/\/www.mines-stetienne.fr\/panoramines\/wp-json\/wp\/v2\/tags?post=26887"}],"curies":[{"name":"wp","href":"https:\/\/api.w.org\/{rel}","templated":true}]}}