{"id":26441,"date":"2024-02-15T07:57:50","date_gmt":"2024-02-15T06:57:50","guid":{"rendered":"https:\/\/www.mines-stetienne.fr\/panoramines\/?p=26441"},"modified":"2025-03-10T16:51:12","modified_gmt":"2025-03-10T15:51:12","slug":"le-medtechlab-devient-un-tiers-lieu-dexperimentation-denvergure-nationale","status":"publish","type":"post","link":"https:\/\/www.mines-stetienne.fr\/panoramines\/2024\/02\/15\/le-medtechlab-devient-un-tiers-lieu-dexperimentation-denvergure-nationale\/","title":{"rendered":"Le MedTechLab devient un tiers-lieu d&rsquo;exp\u00e9rimentation d&rsquo;envergure nationale"},"content":{"rendered":"\n<h2 class=\"wp-block-heading\">Il est officiellement reconnu comme un acteur incontournable de l&rsquo;innovation dans le domaine de la sant\u00e9 et de l&rsquo;autonomie en France.<\/h2>\n\n\n\n<p>C&rsquo;est une belle et m\u00e9rit\u00e9e reconnaissance \u00e0 laquelle acc\u00e8de le MedTechLab depuis le 18 janvier dernier et l&rsquo;annonce faite par la <strong>D\u00e9l\u00e9gation au Num\u00e9rique en Sant\u00e9<\/strong> (DNS) lors de la <strong>Journ\u00e9e Nationale de l&rsquo;Innovation en Sant\u00e9 Num\u00e9rique<\/strong> au Beffroi de Montrouge (92).<\/p>\n\n\n\n<p>Le MedTechLab a en effet d\u00e9croch\u00e9 l&rsquo;appel \u00e0 projets <strong>Tiers-Lieu d&rsquo;Exp\u00e9rimentation<\/strong> qui s\u2019inscrit dans la strat\u00e9gie d\u2019acc\u00e9l\u00e9ration \u00ab <strong>Sant\u00e9 num\u00e9rique<\/strong> \u00bb du <strong>plan France 2030<\/strong>.<\/p>\n\n\n\n<p>Port\u00e9 par <strong>Mines Saint-\u00c9tienne, A\u00c9SIO Sant\u00e9 et A\u00c9SIO mutuelle<\/strong>, le MedTechLab est un <strong>laboratoire vivant<\/strong> (living lab) d\u00e9di\u00e9 \u00e0 l\u2019exp\u00e9rimentation terrain de nouveaux produits ou services int\u00e9grant des technologies innovantes pour la sant\u00e9 et l\u2019autonomie des s\u00e9niors.<\/p>\n\n\n\n<figure class=\"wp-block-pullquote\"><blockquote><p><em>Nous serons plus visibles aupr\u00e8s des acteurs publics et des industriels. Nous pourrons r\u00e9pondre \u00e0 des appels \u00e0 projets publics auxquels nous ne pouvions pas pr\u00e9tendre et nous serons r\u00e9f\u00e9renc\u00e9s par l\u2019ANS qui pourra d\u00e9sormais fl\u00e9cher les industriels vers nous.&nbsp;Par ailleurs, cette reconnaissance est un virage strat\u00e9gique qui va nous permettre de nous structurer et de passer \u00e0 la phase d\u2019\u00e9tude clinique. Nous pourrons d\u00e9sormais proposer aux industriels un service complet du concept \u00e0 la r\u00e9alisation du produit minimal viable, en passant par la formation<\/em>.&nbsp;\u00bb.<\/p><cite>Vincent Augusto et Guillaume Gardin, co-directeurs du MedTechLab&nbsp;<\/cite><\/blockquote><\/figure>\n\n\n\n<p><strong>1,2 million d\u2019euros<\/strong> seront allou\u00e9s au MedTechLab pour p\u00e9renniser le living lab, d\u00e9velopper ses activit\u00e9s et financer deux sous-projets sp\u00e9cifiques&nbsp;: <strong>ANA*<\/strong> et <strong>ESLIB**<\/strong>.<\/p>\n\n\n\n<p>Des formations pour les d\u00e9cideurs seront \u00e9galement mises en place cette ann\u00e9e. Le MedTechLab sera par exemple le lieu d&rsquo;exp\u00e9rimentation du <strong>projet europ\u00e9en Co-Creative Decision-Makers for 5.0 Organizations (CoDEMO 5.0)<\/strong> qui ambitionne d&rsquo;imaginer le cursus des managers de la sant\u00e9 de demain.<\/p>\n\n\n\n<p>Pour acqu\u00e9rir les comp\u00e9tences n\u00e9cessaires \u00e0 ce d\u00e9veloppement, <strong>le MedTechLab cr\u00e9era cinq emplois d\u2019ici l&rsquo;\u00e9t\u00e9<\/strong>.<\/p>\n\n\n\n\n\n\n\n<hr class=\"wp-block-separator has-alpha-channel-opacity\" \/>\n\n\n\n<p><strong>* <em>ANA<\/em><\/strong><em>&nbsp;: men\u00e9 en avec la start-up Dynseo, le projet vise \u00e0 rep\u00e9rer les troubles cognitifs des s\u00e9niors au stade pr\u00e9coce via une application sur mobile, un serious game, qui permet de r\u00e9aliser de fa\u00e7on ludique les tests habituellement utilis\u00e9s lors d\u2019une consultation m\u00e9moire. Cette innovation permettra de poser un diagnostic et de proposer une prise en charge adapt\u00e9e dans les territoires o\u00f9 la d\u00e9mographie m\u00e9dicale est en difficult\u00e9.<\/em><\/p>\n\n\n\n<p><strong>** ESLIB<\/strong>&nbsp;: <em>men\u00e9 en partenariat avec les Ateliers du Haut Forez, le projet permet d\u2019\u00e9valuer l\u2019efficacit\u00e9 du sommeil des s\u00e9niors gr\u00e2ce \u00e0 un lit intelligent \u00e9quip\u00e9 d&rsquo;un capteur ballistocardiographique (BCG). L&rsquo;\u00e9tude \u00e9value l&rsquo;efficacit\u00e9 d&rsquo;un capteur BCG sur un lit m\u00e9dicalis\u00e9 pour analyser le sommeil, compar\u00e9 au polysomnographe (consid\u00e9r\u00e9 comme test de r\u00e9f\u00e9rence), transformant le lit en syst\u00e8me d&rsquo;analyse du sommeil non invasif.<\/em><\/p>\n","protected":false},"excerpt":{"rendered":"<p>Il est officiellement reconnu comme un acteur incontournable de l&rsquo;innovation dans le domaine de la sant\u00e9 et de l&rsquo;autonomie en France. C&rsquo;est une belle et m\u00e9rit\u00e9e reconnaissance \u00e0 laquelle acc\u00e8de le MedTechLab depuis le 18 janvier dernier et l&rsquo;annonce faite &hellip;<\/p>\n","protected":false},"author":2,"featured_media":26534,"comment_status":"closed","ping_status":"open","sticky":false,"template":"","format":"standard","meta":{"_relevanssi_hide_post":"","_relevanssi_hide_content":"","_relevanssi_pin_for_all":"","_relevanssi_pin_keywords":"","_relevanssi_unpin_keywords":"","_relevanssi_related_keywords":"","_relevanssi_related_include_ids":"","_relevanssi_related_exclude_ids":"","_relevanssi_related_no_append":"","_relevanssi_related_not_related":"","_relevanssi_related_posts":"6087,11704,438,551,9285,915","_relevanssi_noindex_reason":"","footnotes":""},"categories":[11],"tags":[363,272,1006,785,1005],"class_list":["post-26441","post","type-post","status-publish","format-standard","has-post-thumbnail","hentry","category-vie-de-l-ecole","tag-futuremedicine","tag-cis","tag-delegation-au-numerique-en-sante","tag-medtechlab","tag-tiers-lieu-dexperimentation"],"pp_statuses_selecting_workflow":false,"pp_workflow_action":"current","pp_status_selection":"publish","pp_force_visibility":null,"pp_subpost_visibility":null,"pp_inherited_force_visibility":null,"pp_inherited_subpost_visibility":null,"yoast_head":"<!-- This site is optimized with the Yoast SEO plugin v27.4 - https:\/\/yoast.com\/product\/yoast-seo-wordpress\/ -->\n<title>Le MedTechLab devient un tiers-lieu d&#039;exp\u00e9rimentation d&#039;envergure nationale - Panoramines<\/title>\n<meta name=\"robots\" content=\"index, follow, max-snippet:-1, max-image-preview:large, max-video-preview:-1\" \/>\n<link rel=\"canonical\" href=\"https:\/\/www.mines-stetienne.fr\/panoramines\/2024\/02\/15\/le-medtechlab-devient-un-tiers-lieu-dexperimentation-denvergure-nationale\/\" \/>\n<meta property=\"og:locale\" content=\"fr_FR\" \/>\n<meta property=\"og:type\" content=\"article\" \/>\n<meta property=\"og:title\" content=\"Le MedTechLab devient un tiers-lieu d&#039;exp\u00e9rimentation d&#039;envergure nationale - Panoramines\" \/>\n<meta property=\"og:description\" content=\"Il est officiellement reconnu comme un acteur incontournable de l&rsquo;innovation dans le domaine de la sant\u00e9 et de l&rsquo;autonomie en France. C&rsquo;est une belle et m\u00e9rit\u00e9e reconnaissance \u00e0 laquelle acc\u00e8de le MedTechLab depuis le 18 janvier dernier et l&rsquo;annonce faite &hellip;\" \/>\n<meta property=\"og:url\" content=\"https:\/\/www.mines-stetienne.fr\/panoramines\/2024\/02\/15\/le-medtechlab-devient-un-tiers-lieu-dexperimentation-denvergure-nationale\/\" \/>\n<meta property=\"og:site_name\" content=\"Panoramines\" \/>\n<meta property=\"article:author\" content=\"jjj\" \/>\n<meta property=\"article:published_time\" content=\"2024-02-15T06:57:50+00:00\" \/>\n<meta property=\"article:modified_time\" content=\"2025-03-10T15:51:12+00:00\" \/>\n<meta property=\"og:image\" content=\"https:\/\/www.mines-stetienne.fr\/panoramines\/wp-content\/uploads\/sites\/3\/2024\/02\/EDMiaug14Juin2019-0008-scaled.jpg\" \/>\n\t<meta property=\"og:image:width\" content=\"2560\" \/>\n\t<meta property=\"og:image:height\" content=\"1693\" \/>\n\t<meta property=\"og:image:type\" content=\"image\/jpeg\" \/>\n<meta name=\"author\" content=\"Gr\u00e9goire\" \/>\n<meta name=\"twitter:card\" content=\"summary_large_image\" \/>\n<meta name=\"twitter:creator\" content=\"@qqq\" \/>\n<meta name=\"twitter:label1\" content=\"\u00c9crit par\" \/>\n\t<meta name=\"twitter:data1\" content=\"Gr\u00e9goire\" \/>\n\t<meta name=\"twitter:label2\" content=\"Dur\u00e9e de lecture estim\u00e9e\" \/>\n\t<meta name=\"twitter:data2\" content=\"2 minutes\" \/>\n<script type=\"application\/ld+json\" class=\"yoast-schema-graph\">{\"@context\":\"https:\\\/\\\/schema.org\",\"@graph\":[{\"@type\":\"Article\",\"@id\":\"https:\\\/\\\/www.mines-stetienne.fr\\\/panoramines\\\/2024\\\/02\\\/15\\\/le-medtechlab-devient-un-tiers-lieu-dexperimentation-denvergure-nationale\\\/#article\",\"isPartOf\":{\"@id\":\"https:\\\/\\\/www.mines-stetienne.fr\\\/panoramines\\\/2024\\\/02\\\/15\\\/le-medtechlab-devient-un-tiers-lieu-dexperimentation-denvergure-nationale\\\/\"},\"author\":{\"name\":\"Gr\u00e9goire\",\"@id\":\"https:\\\/\\\/www.mines-stetienne.fr\\\/panoramines\\\/#\\\/schema\\\/person\\\/53c118c529c866c1454c8138b35880e8\"},\"headline\":\"Le MedTechLab devient un tiers-lieu d&rsquo;exp\u00e9rimentation d&rsquo;envergure nationale\",\"datePublished\":\"2024-02-15T06:57:50+00:00\",\"dateModified\":\"2025-03-10T15:51:12+00:00\",\"mainEntityOfPage\":{\"@id\":\"https:\\\/\\\/www.mines-stetienne.fr\\\/panoramines\\\/2024\\\/02\\\/15\\\/le-medtechlab-devient-un-tiers-lieu-dexperimentation-denvergure-nationale\\\/\"},\"wordCount\":501,\"image\":{\"@id\":\"https:\\\/\\\/www.mines-stetienne.fr\\\/panoramines\\\/2024\\\/02\\\/15\\\/le-medtechlab-devient-un-tiers-lieu-dexperimentation-denvergure-nationale\\\/#primaryimage\"},\"thumbnailUrl\":\"https:\\\/\\\/www.mines-stetienne.fr\\\/panoramines\\\/wp-content\\\/uploads\\\/sites\\\/3\\\/2024\\\/02\\\/EDMiaug14Juin2019-0008-scaled.jpg\",\"keywords\":[\"#FutureMedicine\",\"CIS\",\"D\u00e9l\u00e9gation au Num\u00e9rique en Sant\u00e9\",\"MedTechLab\",\"Tiers-lieu d'exp\u00e9rimentation\"],\"articleSection\":[\"Vie de l'\u00c9cole\"],\"inLanguage\":\"fr-FR\"},{\"@type\":\"WebPage\",\"@id\":\"https:\\\/\\\/www.mines-stetienne.fr\\\/panoramines\\\/2024\\\/02\\\/15\\\/le-medtechlab-devient-un-tiers-lieu-dexperimentation-denvergure-nationale\\\/\",\"url\":\"https:\\\/\\\/www.mines-stetienne.fr\\\/panoramines\\\/2024\\\/02\\\/15\\\/le-medtechlab-devient-un-tiers-lieu-dexperimentation-denvergure-nationale\\\/\",\"name\":\"Le MedTechLab devient un tiers-lieu d'exp\u00e9rimentation d'envergure nationale - Panoramines\",\"isPartOf\":{\"@id\":\"https:\\\/\\\/www.mines-stetienne.fr\\\/panoramines\\\/#website\"},\"primaryImageOfPage\":{\"@id\":\"https:\\\/\\\/www.mines-stetienne.fr\\\/panoramines\\\/2024\\\/02\\\/15\\\/le-medtechlab-devient-un-tiers-lieu-dexperimentation-denvergure-nationale\\\/#primaryimage\"},\"image\":{\"@id\":\"https:\\\/\\\/www.mines-stetienne.fr\\\/panoramines\\\/2024\\\/02\\\/15\\\/le-medtechlab-devient-un-tiers-lieu-dexperimentation-denvergure-nationale\\\/#primaryimage\"},\"thumbnailUrl\":\"https:\\\/\\\/www.mines-stetienne.fr\\\/panoramines\\\/wp-content\\\/uploads\\\/sites\\\/3\\\/2024\\\/02\\\/EDMiaug14Juin2019-0008-scaled.jpg\",\"datePublished\":\"2024-02-15T06:57:50+00:00\",\"dateModified\":\"2025-03-10T15:51:12+00:00\",\"author\":{\"@id\":\"https:\\\/\\\/www.mines-stetienne.fr\\\/panoramines\\\/#\\\/schema\\\/person\\\/53c118c529c866c1454c8138b35880e8\"},\"breadcrumb\":{\"@id\":\"https:\\\/\\\/www.mines-stetienne.fr\\\/panoramines\\\/2024\\\/02\\\/15\\\/le-medtechlab-devient-un-tiers-lieu-dexperimentation-denvergure-nationale\\\/#breadcrumb\"},\"inLanguage\":\"fr-FR\",\"potentialAction\":[{\"@type\":\"ReadAction\",\"target\":[\"https:\\\/\\\/www.mines-stetienne.fr\\\/panoramines\\\/2024\\\/02\\\/15\\\/le-medtechlab-devient-un-tiers-lieu-dexperimentation-denvergure-nationale\\\/\"]}]},{\"@type\":\"ImageObject\",\"inLanguage\":\"fr-FR\",\"@id\":\"https:\\\/\\\/www.mines-stetienne.fr\\\/panoramines\\\/2024\\\/02\\\/15\\\/le-medtechlab-devient-un-tiers-lieu-dexperimentation-denvergure-nationale\\\/#primaryimage\",\"url\":\"https:\\\/\\\/www.mines-stetienne.fr\\\/panoramines\\\/wp-content\\\/uploads\\\/sites\\\/3\\\/2024\\\/02\\\/EDMiaug14Juin2019-0008-scaled.jpg\",\"contentUrl\":\"https:\\\/\\\/www.mines-stetienne.fr\\\/panoramines\\\/wp-content\\\/uploads\\\/sites\\\/3\\\/2024\\\/02\\\/EDMiaug14Juin2019-0008-scaled.jpg\",\"width\":2560,\"height\":1693,\"caption\":\"l!\"},{\"@type\":\"BreadcrumbList\",\"@id\":\"https:\\\/\\\/www.mines-stetienne.fr\\\/panoramines\\\/2024\\\/02\\\/15\\\/le-medtechlab-devient-un-tiers-lieu-dexperimentation-denvergure-nationale\\\/#breadcrumb\",\"itemListElement\":[{\"@type\":\"ListItem\",\"position\":1,\"name\":\"Accueil\",\"item\":\"https:\\\/\\\/www.mines-stetienne.fr\\\/panoramines\\\/\"},{\"@type\":\"ListItem\",\"position\":2,\"name\":\"Le MedTechLab devient un tiers-lieu d&rsquo;exp\u00e9rimentation d&rsquo;envergure nationale\"}]},{\"@type\":\"WebSite\",\"@id\":\"https:\\\/\\\/www.mines-stetienne.fr\\\/panoramines\\\/#website\",\"url\":\"https:\\\/\\\/www.mines-stetienne.fr\\\/panoramines\\\/\",\"name\":\"Panoramines\",\"description\":\"Panoramines, l\u2019actualit\u00e9 de MINES Saint-\u00c9tienne\",\"potentialAction\":[{\"@type\":\"SearchAction\",\"target\":{\"@type\":\"EntryPoint\",\"urlTemplate\":\"https:\\\/\\\/www.mines-stetienne.fr\\\/panoramines\\\/?s={search_term_string}\"},\"query-input\":{\"@type\":\"PropertyValueSpecification\",\"valueRequired\":true,\"valueName\":\"search_term_string\"}}],\"inLanguage\":\"fr-FR\"},{\"@type\":\"Person\",\"@id\":\"https:\\\/\\\/www.mines-stetienne.fr\\\/panoramines\\\/#\\\/schema\\\/person\\\/53c118c529c866c1454c8138b35880e8\",\"name\":\"Gr\u00e9goire\",\"image\":{\"@type\":\"ImageObject\",\"inLanguage\":\"fr-FR\",\"@id\":\"https:\\\/\\\/www.mines-stetienne.fr\\\/panoramines\\\/wp-content\\\/uploads\\\/sites\\\/3\\\/2021\\\/07\\\/logo-75x75-1.png\",\"url\":\"https:\\\/\\\/www.mines-stetienne.fr\\\/panoramines\\\/wp-content\\\/uploads\\\/sites\\\/3\\\/2021\\\/07\\\/logo-75x75-1.png\",\"contentUrl\":\"https:\\\/\\\/www.mines-stetienne.fr\\\/panoramines\\\/wp-content\\\/uploads\\\/sites\\\/3\\\/2021\\\/07\\\/logo-75x75-1.png\",\"caption\":\"Gr\u00e9goire\"},\"sameAs\":[\"http:\\\/\\\/www.mines-stetienne.fr\",\"jjj\",\"kkk\",\"aaa\",\"mmm\",\"https:\\\/\\\/x.com\\\/qqq\",\"lll\",\"rrr\",\"nnn\",\"ooo\",\"ppp\"],\"url\":\"https:\\\/\\\/www.mines-stetienne.fr\\\/panoramines\\\/author\\\/gregoire\\\/\"}]}<\/script>\n<!-- \/ Yoast SEO plugin. -->","yoast_head_json":{"title":"Le MedTechLab devient un tiers-lieu d'exp\u00e9rimentation d'envergure nationale - Panoramines","robots":{"index":"index","follow":"follow","max-snippet":"max-snippet:-1","max-image-preview":"max-image-preview:large","max-video-preview":"max-video-preview:-1"},"canonical":"https:\/\/www.mines-stetienne.fr\/panoramines\/2024\/02\/15\/le-medtechlab-devient-un-tiers-lieu-dexperimentation-denvergure-nationale\/","og_locale":"fr_FR","og_type":"article","og_title":"Le MedTechLab devient un tiers-lieu d'exp\u00e9rimentation d'envergure nationale - Panoramines","og_description":"Il est officiellement reconnu comme un acteur incontournable de l&rsquo;innovation dans le domaine de la sant\u00e9 et de l&rsquo;autonomie en France. C&rsquo;est une belle et m\u00e9rit\u00e9e reconnaissance \u00e0 laquelle acc\u00e8de le MedTechLab depuis le 18 janvier dernier et l&rsquo;annonce faite &hellip;","og_url":"https:\/\/www.mines-stetienne.fr\/panoramines\/2024\/02\/15\/le-medtechlab-devient-un-tiers-lieu-dexperimentation-denvergure-nationale\/","og_site_name":"Panoramines","article_author":"jjj","article_published_time":"2024-02-15T06:57:50+00:00","article_modified_time":"2025-03-10T15:51:12+00:00","og_image":[{"width":2560,"height":1693,"url":"https:\/\/www.mines-stetienne.fr\/panoramines\/wp-content\/uploads\/sites\/3\/2024\/02\/EDMiaug14Juin2019-0008-scaled.jpg","type":"image\/jpeg"}],"author":"Gr\u00e9goire","twitter_card":"summary_large_image","twitter_creator":"@qqq","twitter_misc":{"\u00c9crit par":"Gr\u00e9goire","Dur\u00e9e de lecture estim\u00e9e":"2 minutes"},"schema":{"@context":"https:\/\/schema.org","@graph":[{"@type":"Article","@id":"https:\/\/www.mines-stetienne.fr\/panoramines\/2024\/02\/15\/le-medtechlab-devient-un-tiers-lieu-dexperimentation-denvergure-nationale\/#article","isPartOf":{"@id":"https:\/\/www.mines-stetienne.fr\/panoramines\/2024\/02\/15\/le-medtechlab-devient-un-tiers-lieu-dexperimentation-denvergure-nationale\/"},"author":{"name":"Gr\u00e9goire","@id":"https:\/\/www.mines-stetienne.fr\/panoramines\/#\/schema\/person\/53c118c529c866c1454c8138b35880e8"},"headline":"Le MedTechLab devient un tiers-lieu d&rsquo;exp\u00e9rimentation d&rsquo;envergure nationale","datePublished":"2024-02-15T06:57:50+00:00","dateModified":"2025-03-10T15:51:12+00:00","mainEntityOfPage":{"@id":"https:\/\/www.mines-stetienne.fr\/panoramines\/2024\/02\/15\/le-medtechlab-devient-un-tiers-lieu-dexperimentation-denvergure-nationale\/"},"wordCount":501,"image":{"@id":"https:\/\/www.mines-stetienne.fr\/panoramines\/2024\/02\/15\/le-medtechlab-devient-un-tiers-lieu-dexperimentation-denvergure-nationale\/#primaryimage"},"thumbnailUrl":"https:\/\/www.mines-stetienne.fr\/panoramines\/wp-content\/uploads\/sites\/3\/2024\/02\/EDMiaug14Juin2019-0008-scaled.jpg","keywords":["#FutureMedicine","CIS","D\u00e9l\u00e9gation au Num\u00e9rique en Sant\u00e9","MedTechLab","Tiers-lieu d'exp\u00e9rimentation"],"articleSection":["Vie de l'\u00c9cole"],"inLanguage":"fr-FR"},{"@type":"WebPage","@id":"https:\/\/www.mines-stetienne.fr\/panoramines\/2024\/02\/15\/le-medtechlab-devient-un-tiers-lieu-dexperimentation-denvergure-nationale\/","url":"https:\/\/www.mines-stetienne.fr\/panoramines\/2024\/02\/15\/le-medtechlab-devient-un-tiers-lieu-dexperimentation-denvergure-nationale\/","name":"Le MedTechLab devient un tiers-lieu d'exp\u00e9rimentation d'envergure nationale - Panoramines","isPartOf":{"@id":"https:\/\/www.mines-stetienne.fr\/panoramines\/#website"},"primaryImageOfPage":{"@id":"https:\/\/www.mines-stetienne.fr\/panoramines\/2024\/02\/15\/le-medtechlab-devient-un-tiers-lieu-dexperimentation-denvergure-nationale\/#primaryimage"},"image":{"@id":"https:\/\/www.mines-stetienne.fr\/panoramines\/2024\/02\/15\/le-medtechlab-devient-un-tiers-lieu-dexperimentation-denvergure-nationale\/#primaryimage"},"thumbnailUrl":"https:\/\/www.mines-stetienne.fr\/panoramines\/wp-content\/uploads\/sites\/3\/2024\/02\/EDMiaug14Juin2019-0008-scaled.jpg","datePublished":"2024-02-15T06:57:50+00:00","dateModified":"2025-03-10T15:51:12+00:00","author":{"@id":"https:\/\/www.mines-stetienne.fr\/panoramines\/#\/schema\/person\/53c118c529c866c1454c8138b35880e8"},"breadcrumb":{"@id":"https:\/\/www.mines-stetienne.fr\/panoramines\/2024\/02\/15\/le-medtechlab-devient-un-tiers-lieu-dexperimentation-denvergure-nationale\/#breadcrumb"},"inLanguage":"fr-FR","potentialAction":[{"@type":"ReadAction","target":["https:\/\/www.mines-stetienne.fr\/panoramines\/2024\/02\/15\/le-medtechlab-devient-un-tiers-lieu-dexperimentation-denvergure-nationale\/"]}]},{"@type":"ImageObject","inLanguage":"fr-FR","@id":"https:\/\/www.mines-stetienne.fr\/panoramines\/2024\/02\/15\/le-medtechlab-devient-un-tiers-lieu-dexperimentation-denvergure-nationale\/#primaryimage","url":"https:\/\/www.mines-stetienne.fr\/panoramines\/wp-content\/uploads\/sites\/3\/2024\/02\/EDMiaug14Juin2019-0008-scaled.jpg","contentUrl":"https:\/\/www.mines-stetienne.fr\/panoramines\/wp-content\/uploads\/sites\/3\/2024\/02\/EDMiaug14Juin2019-0008-scaled.jpg","width":2560,"height":1693,"caption":"l!"},{"@type":"BreadcrumbList","@id":"https:\/\/www.mines-stetienne.fr\/panoramines\/2024\/02\/15\/le-medtechlab-devient-un-tiers-lieu-dexperimentation-denvergure-nationale\/#breadcrumb","itemListElement":[{"@type":"ListItem","position":1,"name":"Accueil","item":"https:\/\/www.mines-stetienne.fr\/panoramines\/"},{"@type":"ListItem","position":2,"name":"Le MedTechLab devient un tiers-lieu d&rsquo;exp\u00e9rimentation d&rsquo;envergure nationale"}]},{"@type":"WebSite","@id":"https:\/\/www.mines-stetienne.fr\/panoramines\/#website","url":"https:\/\/www.mines-stetienne.fr\/panoramines\/","name":"Panoramines","description":"Panoramines, l\u2019actualit\u00e9 de MINES Saint-\u00c9tienne","potentialAction":[{"@type":"SearchAction","target":{"@type":"EntryPoint","urlTemplate":"https:\/\/www.mines-stetienne.fr\/panoramines\/?s={search_term_string}"},"query-input":{"@type":"PropertyValueSpecification","valueRequired":true,"valueName":"search_term_string"}}],"inLanguage":"fr-FR"},{"@type":"Person","@id":"https:\/\/www.mines-stetienne.fr\/panoramines\/#\/schema\/person\/53c118c529c866c1454c8138b35880e8","name":"Gr\u00e9goire","image":{"@type":"ImageObject","inLanguage":"fr-FR","@id":"https:\/\/www.mines-stetienne.fr\/panoramines\/wp-content\/uploads\/sites\/3\/2021\/07\/logo-75x75-1.png","url":"https:\/\/www.mines-stetienne.fr\/panoramines\/wp-content\/uploads\/sites\/3\/2021\/07\/logo-75x75-1.png","contentUrl":"https:\/\/www.mines-stetienne.fr\/panoramines\/wp-content\/uploads\/sites\/3\/2021\/07\/logo-75x75-1.png","caption":"Gr\u00e9goire"},"sameAs":["http:\/\/www.mines-stetienne.fr","jjj","kkk","aaa","mmm","https:\/\/x.com\/qqq","lll","rrr","nnn","ooo","ppp"],"url":"https:\/\/www.mines-stetienne.fr\/panoramines\/author\/gregoire\/"}]}},"_links":{"self":[{"href":"https:\/\/www.mines-stetienne.fr\/panoramines\/wp-json\/wp\/v2\/posts\/26441","targetHints":{"allow":["GET"]}}],"collection":[{"href":"https:\/\/www.mines-stetienne.fr\/panoramines\/wp-json\/wp\/v2\/posts"}],"about":[{"href":"https:\/\/www.mines-stetienne.fr\/panoramines\/wp-json\/wp\/v2\/types\/post"}],"author":[{"embeddable":true,"href":"https:\/\/www.mines-stetienne.fr\/panoramines\/wp-json\/wp\/v2\/users\/2"}],"replies":[{"embeddable":true,"href":"https:\/\/www.mines-stetienne.fr\/panoramines\/wp-json\/wp\/v2\/comments?post=26441"}],"version-history":[{"count":12,"href":"https:\/\/www.mines-stetienne.fr\/panoramines\/wp-json\/wp\/v2\/posts\/26441\/revisions"}],"predecessor-version":[{"id":26535,"href":"https:\/\/www.mines-stetienne.fr\/panoramines\/wp-json\/wp\/v2\/posts\/26441\/revisions\/26535"}],"wp:featuredmedia":[{"embeddable":true,"href":"https:\/\/www.mines-stetienne.fr\/panoramines\/wp-json\/wp\/v2\/media\/26534"}],"wp:attachment":[{"href":"https:\/\/www.mines-stetienne.fr\/panoramines\/wp-json\/wp\/v2\/media?parent=26441"}],"wp:term":[{"taxonomy":"category","embeddable":true,"href":"https:\/\/www.mines-stetienne.fr\/panoramines\/wp-json\/wp\/v2\/categories?post=26441"},{"taxonomy":"post_tag","embeddable":true,"href":"https:\/\/www.mines-stetienne.fr\/panoramines\/wp-json\/wp\/v2\/tags?post=26441"}],"curies":[{"name":"wp","href":"https:\/\/api.w.org\/{rel}","templated":true}]}}