{"id":26251,"date":"2024-01-08T13:48:35","date_gmt":"2024-01-08T12:48:35","guid":{"rendered":"https:\/\/www.mines-stetienne.fr\/panoramines\/?p=26251"},"modified":"2025-03-10T16:51:16","modified_gmt":"2025-03-10T15:51:16","slug":"campus-du-futur-le-site-historique-de-saint-etienne-va-entrer-dans-une-nouvelle-ere","status":"publish","type":"post","link":"https:\/\/www.mines-stetienne.fr\/panoramines\/2024\/01\/08\/campus-du-futur-le-site-historique-de-saint-etienne-va-entrer-dans-une-nouvelle-ere\/","title":{"rendered":"Campus du Futur : le site historique de Saint-\u00c9tienne va entrer dans une nouvelle \u00e8re"},"content":{"rendered":"\n<h2 class=\"wp-block-heading\">Un projet ambitieux vise \u00e0 r\u00e9habiliter et \u00e0 restructurer les locaux st\u00e9phanois de Mines Saint-\u00c9tienne pour en faire un campus encore plus accueillant et inclusif, tourn\u00e9 vers l&rsquo;avenir et peu \u00e9nergivore. Il se d\u00e9roulera sur une p\u00e9riode estim\u00e9e de six \u00e0 huit ans.<\/h2>\n\n\n\n<p>C&rsquo;est un chantier pharaonique qui se profile \u00e0 l&rsquo;horizon.<\/p>\n\n\n\n<p>Un chantier qui changera en profondeur le visage et les usages des b\u00e2timents situ\u00e9s au 158, cours Fauriel, \u00e0 Saint-\u00c9tienne.<\/p>\n\n\n\n<p>Le projet \u00ab\u00a0Campus du Futur\u00a0\u00bb est en effet destin\u00e9 \u00e0 moderniser le site historique st\u00e9phanois en l&rsquo;adaptant aux nouveaux d\u00e9fis soci\u00e9taux, environnementaux, p\u00e9dagogiques et de recherche des prochaines d\u00e9cennies. <\/p>\n\n\n\n<p>Plus a\u00e9r\u00e9 et fonctionnel, dot\u00e9 d&rsquo;\u00e9quipements \u00e0 la pointe de la technologie, ce campus de demain donnera \u00e0 chacun l&rsquo;opportunit\u00e9 d&rsquo;\u00e9voluer dans un \u00e9cosyst\u00e8me propice \u00e0 son \u00e9panouissement personnel et professionnel. <\/p>\n\n\n\n<p>Au moment d&rsquo;\u00e9crire ces lignes, le projet est toujours dans sa phase dite pr\u00e9-op\u00e9rationnelle. Une consultation de programmiste est actuellement en cours pour \u00e9laborer le programme technique d\u00e9taill\u00e9. Il permettra le lancement de la proc\u00e9dure qui d\u00e9signera le nom du ma\u00eetre-\u0153uvre, le chef d&rsquo;orchestre de la r\u00e9alisation des futurs travaux. <\/p>\n\n\n\n<figure class=\"wp-block-pullquote\"><blockquote><p><strong>35,6 millions d&rsquo;euros<\/strong> : c&rsquo;est le budget n\u00e9cessaire pour mener \u00e0 terme le projet Campus du Futur financ\u00e9 par un Contrat de plan \u00c9tat-R\u00e9gion (CPER) incluant l&rsquo;\u00c9tat, la r\u00e9gion Auvergne-Rh\u00f4ne-Alpes, Saint-\u00c9tienne M\u00e9tropole et le d\u00e9partement de la Loire. <\/p><\/blockquote><\/figure>\n\n\n\n<p>La transformation des lieux et des usages n\u00e9cessitera des travaux de grande ampleur. lls se d\u00e9rouleront en site occup\u00e9, de mani\u00e8re phas\u00e9e, \u00e0 partir du milieu d&rsquo;ann\u00e9e 2026. <\/p>\n\n\n\n<p>Ces travaux permettront des gains \u00e9nerg\u00e9tiques substantiels estim\u00e9s \u00e0 26% (soit 650 MWh), une optimisation de l&rsquo;espace disponible (24 700 m2), une meilleure int\u00e9gration des personnels et des \u00e9tudiants, une am\u00e9lioration de l&rsquo;accessibilit\u00e9 pour les personnes \u00e0 mobilit\u00e9 r\u00e9duite et, plus g\u00e9n\u00e9ralement, une attractivit\u00e9 renforc\u00e9e du site.<\/p>\n\n\n\n<p>Ces progr\u00e8s sont totalement en phase avec les objectifs vertueux figurant dans le plan strat\u00e9gique 2023-2027 de Mines Saint-\u00c9tienne, \u00c9cole d&rsquo;ing\u00e9nieur.e.s responsable moteur d&rsquo;innovations \u00e0 impact soci\u00e9tal.<\/p>\n\n\n\n<p> \u00c0 noter que la ma\u00eetrise d&rsquo;ouvrage d\u00e9l\u00e9gu\u00e9e a d\u00e9j\u00e0 \u00e9t\u00e9 confi\u00e9e \u00e0 l&rsquo;universit\u00e9 de Lyon.<\/p>\n\n\n\n\n","protected":false},"excerpt":{"rendered":"<p>Un projet ambitieux vise \u00e0 r\u00e9habiliter et \u00e0 restructurer les locaux st\u00e9phanois de Mines Saint-\u00c9tienne pour en faire un campus encore plus accueillant et inclusif, tourn\u00e9 vers l&rsquo;avenir et peu \u00e9nergivore. Il se d\u00e9roulera sur une p\u00e9riode estim\u00e9e de six &hellip;<\/p>\n","protected":false},"author":2,"featured_media":26266,"comment_status":"closed","ping_status":"open","sticky":false,"template":"","format":"standard","meta":{"_relevanssi_hide_post":"","_relevanssi_hide_content":"","_relevanssi_pin_for_all":"","_relevanssi_pin_keywords":"","_relevanssi_unpin_keywords":"","_relevanssi_related_keywords":"","_relevanssi_related_include_ids":"","_relevanssi_related_exclude_ids":"","_relevanssi_related_no_append":"","_relevanssi_related_not_related":"","_relevanssi_related_posts":"1074,480,16001,23830,713,14020","_relevanssi_noindex_reason":"","footnotes":""},"categories":[11],"tags":[916,873,757],"class_list":["post-26251","post","type-post","status-publish","format-standard","has-post-thumbnail","hentry","category-vie-de-l-ecole","tag-campus-du-futur","tag-mines-saint-etienne","tag-travaux"],"pp_statuses_selecting_workflow":false,"pp_workflow_action":"current","pp_status_selection":"publish","pp_force_visibility":null,"pp_subpost_visibility":null,"pp_inherited_force_visibility":null,"pp_inherited_subpost_visibility":null,"yoast_head":"<!-- This site is optimized with the Yoast SEO plugin v27.5 - https:\/\/yoast.com\/product\/yoast-seo-wordpress\/ -->\n<title>Campus du Futur : le site historique de Saint-\u00c9tienne va entrer dans une nouvelle \u00e8re - Panoramines<\/title>\n<meta name=\"robots\" content=\"index, follow, max-snippet:-1, max-image-preview:large, max-video-preview:-1\" \/>\n<link rel=\"canonical\" href=\"https:\/\/www.mines-stetienne.fr\/panoramines\/2024\/01\/08\/campus-du-futur-le-site-historique-de-saint-etienne-va-entrer-dans-une-nouvelle-ere\/\" \/>\n<meta property=\"og:locale\" content=\"fr_FR\" \/>\n<meta property=\"og:type\" content=\"article\" \/>\n<meta property=\"og:title\" content=\"Campus du Futur : le site historique de Saint-\u00c9tienne va entrer dans une nouvelle \u00e8re - Panoramines\" \/>\n<meta property=\"og:description\" content=\"Un projet ambitieux vise \u00e0 r\u00e9habiliter et \u00e0 restructurer les locaux st\u00e9phanois de Mines Saint-\u00c9tienne pour en faire un campus encore plus accueillant et inclusif, tourn\u00e9 vers l&rsquo;avenir et peu \u00e9nergivore. Il se d\u00e9roulera sur une p\u00e9riode estim\u00e9e de six &hellip;\" \/>\n<meta property=\"og:url\" content=\"https:\/\/www.mines-stetienne.fr\/panoramines\/2024\/01\/08\/campus-du-futur-le-site-historique-de-saint-etienne-va-entrer-dans-une-nouvelle-ere\/\" \/>\n<meta property=\"og:site_name\" content=\"Panoramines\" \/>\n<meta property=\"article:author\" content=\"jjj\" \/>\n<meta property=\"article:published_time\" content=\"2024-01-08T12:48:35+00:00\" \/>\n<meta property=\"article:modified_time\" content=\"2025-03-10T15:51:16+00:00\" \/>\n<meta property=\"og:image\" content=\"https:\/\/www.mines-stetienne.fr\/panoramines\/wp-content\/uploads\/sites\/3\/2023\/12\/Mines-Saint-Etienne-Vue-aerienne-scaled.jpg\" \/>\n\t<meta property=\"og:image:width\" content=\"2560\" \/>\n\t<meta property=\"og:image:height\" content=\"1705\" \/>\n\t<meta property=\"og:image:type\" content=\"image\/jpeg\" \/>\n<meta name=\"author\" content=\"Gr\u00e9goire\" \/>\n<meta name=\"twitter:card\" content=\"summary_large_image\" \/>\n<meta name=\"twitter:creator\" content=\"@qqq\" \/>\n<meta name=\"twitter:label1\" content=\"\u00c9crit par\" \/>\n\t<meta name=\"twitter:data1\" content=\"Gr\u00e9goire\" \/>\n\t<meta name=\"twitter:label2\" content=\"Dur\u00e9e de lecture estim\u00e9e\" \/>\n\t<meta name=\"twitter:data2\" content=\"2 minutes\" \/>\n<script type=\"application\/ld+json\" class=\"yoast-schema-graph\">{\"@context\":\"https:\\\/\\\/schema.org\",\"@graph\":[{\"@type\":\"Article\",\"@id\":\"https:\\\/\\\/www.mines-stetienne.fr\\\/panoramines\\\/2024\\\/01\\\/08\\\/campus-du-futur-le-site-historique-de-saint-etienne-va-entrer-dans-une-nouvelle-ere\\\/#article\",\"isPartOf\":{\"@id\":\"https:\\\/\\\/www.mines-stetienne.fr\\\/panoramines\\\/2024\\\/01\\\/08\\\/campus-du-futur-le-site-historique-de-saint-etienne-va-entrer-dans-une-nouvelle-ere\\\/\"},\"author\":{\"name\":\"Gr\u00e9goire\",\"@id\":\"https:\\\/\\\/www.mines-stetienne.fr\\\/panoramines\\\/#\\\/schema\\\/person\\\/53c118c529c866c1454c8138b35880e8\"},\"headline\":\"Campus du Futur : le site historique de Saint-\u00c9tienne va entrer dans une nouvelle \u00e8re\",\"datePublished\":\"2024-01-08T12:48:35+00:00\",\"dateModified\":\"2025-03-10T15:51:16+00:00\",\"mainEntityOfPage\":{\"@id\":\"https:\\\/\\\/www.mines-stetienne.fr\\\/panoramines\\\/2024\\\/01\\\/08\\\/campus-du-futur-le-site-historique-de-saint-etienne-va-entrer-dans-une-nouvelle-ere\\\/\"},\"wordCount\":389,\"image\":{\"@id\":\"https:\\\/\\\/www.mines-stetienne.fr\\\/panoramines\\\/2024\\\/01\\\/08\\\/campus-du-futur-le-site-historique-de-saint-etienne-va-entrer-dans-une-nouvelle-ere\\\/#primaryimage\"},\"thumbnailUrl\":\"https:\\\/\\\/www.mines-stetienne.fr\\\/panoramines\\\/wp-content\\\/uploads\\\/sites\\\/3\\\/2023\\\/12\\\/Mines-Saint-Etienne-Vue-aerienne-scaled.jpg\",\"keywords\":[\"campus du futur\",\"Mines Saint-Etienne\",\"Travaux\"],\"articleSection\":[\"Vie de l'\u00c9cole\"],\"inLanguage\":\"fr-FR\"},{\"@type\":\"WebPage\",\"@id\":\"https:\\\/\\\/www.mines-stetienne.fr\\\/panoramines\\\/2024\\\/01\\\/08\\\/campus-du-futur-le-site-historique-de-saint-etienne-va-entrer-dans-une-nouvelle-ere\\\/\",\"url\":\"https:\\\/\\\/www.mines-stetienne.fr\\\/panoramines\\\/2024\\\/01\\\/08\\\/campus-du-futur-le-site-historique-de-saint-etienne-va-entrer-dans-une-nouvelle-ere\\\/\",\"name\":\"Campus du Futur : le site historique de Saint-\u00c9tienne va entrer dans une nouvelle \u00e8re - Panoramines\",\"isPartOf\":{\"@id\":\"https:\\\/\\\/www.mines-stetienne.fr\\\/panoramines\\\/#website\"},\"primaryImageOfPage\":{\"@id\":\"https:\\\/\\\/www.mines-stetienne.fr\\\/panoramines\\\/2024\\\/01\\\/08\\\/campus-du-futur-le-site-historique-de-saint-etienne-va-entrer-dans-une-nouvelle-ere\\\/#primaryimage\"},\"image\":{\"@id\":\"https:\\\/\\\/www.mines-stetienne.fr\\\/panoramines\\\/2024\\\/01\\\/08\\\/campus-du-futur-le-site-historique-de-saint-etienne-va-entrer-dans-une-nouvelle-ere\\\/#primaryimage\"},\"thumbnailUrl\":\"https:\\\/\\\/www.mines-stetienne.fr\\\/panoramines\\\/wp-content\\\/uploads\\\/sites\\\/3\\\/2023\\\/12\\\/Mines-Saint-Etienne-Vue-aerienne-scaled.jpg\",\"datePublished\":\"2024-01-08T12:48:35+00:00\",\"dateModified\":\"2025-03-10T15:51:16+00:00\",\"author\":{\"@id\":\"https:\\\/\\\/www.mines-stetienne.fr\\\/panoramines\\\/#\\\/schema\\\/person\\\/53c118c529c866c1454c8138b35880e8\"},\"breadcrumb\":{\"@id\":\"https:\\\/\\\/www.mines-stetienne.fr\\\/panoramines\\\/2024\\\/01\\\/08\\\/campus-du-futur-le-site-historique-de-saint-etienne-va-entrer-dans-une-nouvelle-ere\\\/#breadcrumb\"},\"inLanguage\":\"fr-FR\",\"potentialAction\":[{\"@type\":\"ReadAction\",\"target\":[\"https:\\\/\\\/www.mines-stetienne.fr\\\/panoramines\\\/2024\\\/01\\\/08\\\/campus-du-futur-le-site-historique-de-saint-etienne-va-entrer-dans-une-nouvelle-ere\\\/\"]}]},{\"@type\":\"ImageObject\",\"inLanguage\":\"fr-FR\",\"@id\":\"https:\\\/\\\/www.mines-stetienne.fr\\\/panoramines\\\/2024\\\/01\\\/08\\\/campus-du-futur-le-site-historique-de-saint-etienne-va-entrer-dans-une-nouvelle-ere\\\/#primaryimage\",\"url\":\"https:\\\/\\\/www.mines-stetienne.fr\\\/panoramines\\\/wp-content\\\/uploads\\\/sites\\\/3\\\/2023\\\/12\\\/Mines-Saint-Etienne-Vue-aerienne-scaled.jpg\",\"contentUrl\":\"https:\\\/\\\/www.mines-stetienne.fr\\\/panoramines\\\/wp-content\\\/uploads\\\/sites\\\/3\\\/2023\\\/12\\\/Mines-Saint-Etienne-Vue-aerienne-scaled.jpg\",\"width\":2560,\"height\":1705},{\"@type\":\"BreadcrumbList\",\"@id\":\"https:\\\/\\\/www.mines-stetienne.fr\\\/panoramines\\\/2024\\\/01\\\/08\\\/campus-du-futur-le-site-historique-de-saint-etienne-va-entrer-dans-une-nouvelle-ere\\\/#breadcrumb\",\"itemListElement\":[{\"@type\":\"ListItem\",\"position\":1,\"name\":\"Accueil\",\"item\":\"https:\\\/\\\/www.mines-stetienne.fr\\\/panoramines\\\/\"},{\"@type\":\"ListItem\",\"position\":2,\"name\":\"Campus du Futur : le site historique de Saint-\u00c9tienne va entrer dans une nouvelle \u00e8re\"}]},{\"@type\":\"WebSite\",\"@id\":\"https:\\\/\\\/www.mines-stetienne.fr\\\/panoramines\\\/#website\",\"url\":\"https:\\\/\\\/www.mines-stetienne.fr\\\/panoramines\\\/\",\"name\":\"Panoramines\",\"description\":\"Panoramines, l\u2019actualit\u00e9 de MINES Saint-\u00c9tienne\",\"potentialAction\":[{\"@type\":\"SearchAction\",\"target\":{\"@type\":\"EntryPoint\",\"urlTemplate\":\"https:\\\/\\\/www.mines-stetienne.fr\\\/panoramines\\\/?s={search_term_string}\"},\"query-input\":{\"@type\":\"PropertyValueSpecification\",\"valueRequired\":true,\"valueName\":\"search_term_string\"}}],\"inLanguage\":\"fr-FR\"},{\"@type\":\"Person\",\"@id\":\"https:\\\/\\\/www.mines-stetienne.fr\\\/panoramines\\\/#\\\/schema\\\/person\\\/53c118c529c866c1454c8138b35880e8\",\"name\":\"Gr\u00e9goire\",\"image\":{\"@type\":\"ImageObject\",\"inLanguage\":\"fr-FR\",\"@id\":\"https:\\\/\\\/www.mines-stetienne.fr\\\/panoramines\\\/wp-content\\\/uploads\\\/sites\\\/3\\\/2021\\\/07\\\/logo-75x75-1.png\",\"url\":\"https:\\\/\\\/www.mines-stetienne.fr\\\/panoramines\\\/wp-content\\\/uploads\\\/sites\\\/3\\\/2021\\\/07\\\/logo-75x75-1.png\",\"contentUrl\":\"https:\\\/\\\/www.mines-stetienne.fr\\\/panoramines\\\/wp-content\\\/uploads\\\/sites\\\/3\\\/2021\\\/07\\\/logo-75x75-1.png\",\"caption\":\"Gr\u00e9goire\"},\"sameAs\":[\"http:\\\/\\\/www.mines-stetienne.fr\",\"jjj\",\"kkk\",\"aaa\",\"mmm\",\"https:\\\/\\\/x.com\\\/qqq\",\"lll\",\"rrr\",\"nnn\",\"ooo\",\"ppp\"],\"url\":\"https:\\\/\\\/www.mines-stetienne.fr\\\/panoramines\\\/author\\\/gregoire\\\/\"}]}<\/script>\n<!-- \/ Yoast SEO plugin. -->","yoast_head_json":{"title":"Campus du Futur : le site historique de Saint-\u00c9tienne va entrer dans une nouvelle \u00e8re - Panoramines","robots":{"index":"index","follow":"follow","max-snippet":"max-snippet:-1","max-image-preview":"max-image-preview:large","max-video-preview":"max-video-preview:-1"},"canonical":"https:\/\/www.mines-stetienne.fr\/panoramines\/2024\/01\/08\/campus-du-futur-le-site-historique-de-saint-etienne-va-entrer-dans-une-nouvelle-ere\/","og_locale":"fr_FR","og_type":"article","og_title":"Campus du Futur : le site historique de Saint-\u00c9tienne va entrer dans une nouvelle \u00e8re - Panoramines","og_description":"Un projet ambitieux vise \u00e0 r\u00e9habiliter et \u00e0 restructurer les locaux st\u00e9phanois de Mines Saint-\u00c9tienne pour en faire un campus encore plus accueillant et inclusif, tourn\u00e9 vers l&rsquo;avenir et peu \u00e9nergivore. Il se d\u00e9roulera sur une p\u00e9riode estim\u00e9e de six &hellip;","og_url":"https:\/\/www.mines-stetienne.fr\/panoramines\/2024\/01\/08\/campus-du-futur-le-site-historique-de-saint-etienne-va-entrer-dans-une-nouvelle-ere\/","og_site_name":"Panoramines","article_author":"jjj","article_published_time":"2024-01-08T12:48:35+00:00","article_modified_time":"2025-03-10T15:51:16+00:00","og_image":[{"width":2560,"height":1705,"url":"https:\/\/www.mines-stetienne.fr\/panoramines\/wp-content\/uploads\/sites\/3\/2023\/12\/Mines-Saint-Etienne-Vue-aerienne-scaled.jpg","type":"image\/jpeg"}],"author":"Gr\u00e9goire","twitter_card":"summary_large_image","twitter_creator":"@qqq","twitter_misc":{"\u00c9crit par":"Gr\u00e9goire","Dur\u00e9e de lecture estim\u00e9e":"2 minutes"},"schema":{"@context":"https:\/\/schema.org","@graph":[{"@type":"Article","@id":"https:\/\/www.mines-stetienne.fr\/panoramines\/2024\/01\/08\/campus-du-futur-le-site-historique-de-saint-etienne-va-entrer-dans-une-nouvelle-ere\/#article","isPartOf":{"@id":"https:\/\/www.mines-stetienne.fr\/panoramines\/2024\/01\/08\/campus-du-futur-le-site-historique-de-saint-etienne-va-entrer-dans-une-nouvelle-ere\/"},"author":{"name":"Gr\u00e9goire","@id":"https:\/\/www.mines-stetienne.fr\/panoramines\/#\/schema\/person\/53c118c529c866c1454c8138b35880e8"},"headline":"Campus du Futur : le site historique de Saint-\u00c9tienne va entrer dans une nouvelle \u00e8re","datePublished":"2024-01-08T12:48:35+00:00","dateModified":"2025-03-10T15:51:16+00:00","mainEntityOfPage":{"@id":"https:\/\/www.mines-stetienne.fr\/panoramines\/2024\/01\/08\/campus-du-futur-le-site-historique-de-saint-etienne-va-entrer-dans-une-nouvelle-ere\/"},"wordCount":389,"image":{"@id":"https:\/\/www.mines-stetienne.fr\/panoramines\/2024\/01\/08\/campus-du-futur-le-site-historique-de-saint-etienne-va-entrer-dans-une-nouvelle-ere\/#primaryimage"},"thumbnailUrl":"https:\/\/www.mines-stetienne.fr\/panoramines\/wp-content\/uploads\/sites\/3\/2023\/12\/Mines-Saint-Etienne-Vue-aerienne-scaled.jpg","keywords":["campus du futur","Mines Saint-Etienne","Travaux"],"articleSection":["Vie de l'\u00c9cole"],"inLanguage":"fr-FR"},{"@type":"WebPage","@id":"https:\/\/www.mines-stetienne.fr\/panoramines\/2024\/01\/08\/campus-du-futur-le-site-historique-de-saint-etienne-va-entrer-dans-une-nouvelle-ere\/","url":"https:\/\/www.mines-stetienne.fr\/panoramines\/2024\/01\/08\/campus-du-futur-le-site-historique-de-saint-etienne-va-entrer-dans-une-nouvelle-ere\/","name":"Campus du Futur : le site historique de Saint-\u00c9tienne va entrer dans une nouvelle \u00e8re - Panoramines","isPartOf":{"@id":"https:\/\/www.mines-stetienne.fr\/panoramines\/#website"},"primaryImageOfPage":{"@id":"https:\/\/www.mines-stetienne.fr\/panoramines\/2024\/01\/08\/campus-du-futur-le-site-historique-de-saint-etienne-va-entrer-dans-une-nouvelle-ere\/#primaryimage"},"image":{"@id":"https:\/\/www.mines-stetienne.fr\/panoramines\/2024\/01\/08\/campus-du-futur-le-site-historique-de-saint-etienne-va-entrer-dans-une-nouvelle-ere\/#primaryimage"},"thumbnailUrl":"https:\/\/www.mines-stetienne.fr\/panoramines\/wp-content\/uploads\/sites\/3\/2023\/12\/Mines-Saint-Etienne-Vue-aerienne-scaled.jpg","datePublished":"2024-01-08T12:48:35+00:00","dateModified":"2025-03-10T15:51:16+00:00","author":{"@id":"https:\/\/www.mines-stetienne.fr\/panoramines\/#\/schema\/person\/53c118c529c866c1454c8138b35880e8"},"breadcrumb":{"@id":"https:\/\/www.mines-stetienne.fr\/panoramines\/2024\/01\/08\/campus-du-futur-le-site-historique-de-saint-etienne-va-entrer-dans-une-nouvelle-ere\/#breadcrumb"},"inLanguage":"fr-FR","potentialAction":[{"@type":"ReadAction","target":["https:\/\/www.mines-stetienne.fr\/panoramines\/2024\/01\/08\/campus-du-futur-le-site-historique-de-saint-etienne-va-entrer-dans-une-nouvelle-ere\/"]}]},{"@type":"ImageObject","inLanguage":"fr-FR","@id":"https:\/\/www.mines-stetienne.fr\/panoramines\/2024\/01\/08\/campus-du-futur-le-site-historique-de-saint-etienne-va-entrer-dans-une-nouvelle-ere\/#primaryimage","url":"https:\/\/www.mines-stetienne.fr\/panoramines\/wp-content\/uploads\/sites\/3\/2023\/12\/Mines-Saint-Etienne-Vue-aerienne-scaled.jpg","contentUrl":"https:\/\/www.mines-stetienne.fr\/panoramines\/wp-content\/uploads\/sites\/3\/2023\/12\/Mines-Saint-Etienne-Vue-aerienne-scaled.jpg","width":2560,"height":1705},{"@type":"BreadcrumbList","@id":"https:\/\/www.mines-stetienne.fr\/panoramines\/2024\/01\/08\/campus-du-futur-le-site-historique-de-saint-etienne-va-entrer-dans-une-nouvelle-ere\/#breadcrumb","itemListElement":[{"@type":"ListItem","position":1,"name":"Accueil","item":"https:\/\/www.mines-stetienne.fr\/panoramines\/"},{"@type":"ListItem","position":2,"name":"Campus du Futur : le site historique de Saint-\u00c9tienne va entrer dans une nouvelle \u00e8re"}]},{"@type":"WebSite","@id":"https:\/\/www.mines-stetienne.fr\/panoramines\/#website","url":"https:\/\/www.mines-stetienne.fr\/panoramines\/","name":"Panoramines","description":"Panoramines, l\u2019actualit\u00e9 de MINES Saint-\u00c9tienne","potentialAction":[{"@type":"SearchAction","target":{"@type":"EntryPoint","urlTemplate":"https:\/\/www.mines-stetienne.fr\/panoramines\/?s={search_term_string}"},"query-input":{"@type":"PropertyValueSpecification","valueRequired":true,"valueName":"search_term_string"}}],"inLanguage":"fr-FR"},{"@type":"Person","@id":"https:\/\/www.mines-stetienne.fr\/panoramines\/#\/schema\/person\/53c118c529c866c1454c8138b35880e8","name":"Gr\u00e9goire","image":{"@type":"ImageObject","inLanguage":"fr-FR","@id":"https:\/\/www.mines-stetienne.fr\/panoramines\/wp-content\/uploads\/sites\/3\/2021\/07\/logo-75x75-1.png","url":"https:\/\/www.mines-stetienne.fr\/panoramines\/wp-content\/uploads\/sites\/3\/2021\/07\/logo-75x75-1.png","contentUrl":"https:\/\/www.mines-stetienne.fr\/panoramines\/wp-content\/uploads\/sites\/3\/2021\/07\/logo-75x75-1.png","caption":"Gr\u00e9goire"},"sameAs":["http:\/\/www.mines-stetienne.fr","jjj","kkk","aaa","mmm","https:\/\/x.com\/qqq","lll","rrr","nnn","ooo","ppp"],"url":"https:\/\/www.mines-stetienne.fr\/panoramines\/author\/gregoire\/"}]}},"_links":{"self":[{"href":"https:\/\/www.mines-stetienne.fr\/panoramines\/wp-json\/wp\/v2\/posts\/26251","targetHints":{"allow":["GET"]}}],"collection":[{"href":"https:\/\/www.mines-stetienne.fr\/panoramines\/wp-json\/wp\/v2\/posts"}],"about":[{"href":"https:\/\/www.mines-stetienne.fr\/panoramines\/wp-json\/wp\/v2\/types\/post"}],"author":[{"embeddable":true,"href":"https:\/\/www.mines-stetienne.fr\/panoramines\/wp-json\/wp\/v2\/users\/2"}],"replies":[{"embeddable":true,"href":"https:\/\/www.mines-stetienne.fr\/panoramines\/wp-json\/wp\/v2\/comments?post=26251"}],"version-history":[{"count":18,"href":"https:\/\/www.mines-stetienne.fr\/panoramines\/wp-json\/wp\/v2\/posts\/26251\/revisions"}],"predecessor-version":[{"id":26315,"href":"https:\/\/www.mines-stetienne.fr\/panoramines\/wp-json\/wp\/v2\/posts\/26251\/revisions\/26315"}],"wp:featuredmedia":[{"embeddable":true,"href":"https:\/\/www.mines-stetienne.fr\/panoramines\/wp-json\/wp\/v2\/media\/26266"}],"wp:attachment":[{"href":"https:\/\/www.mines-stetienne.fr\/panoramines\/wp-json\/wp\/v2\/media?parent=26251"}],"wp:term":[{"taxonomy":"category","embeddable":true,"href":"https:\/\/www.mines-stetienne.fr\/panoramines\/wp-json\/wp\/v2\/categories?post=26251"},{"taxonomy":"post_tag","embeddable":true,"href":"https:\/\/www.mines-stetienne.fr\/panoramines\/wp-json\/wp\/v2\/tags?post=26251"}],"curies":[{"name":"wp","href":"https:\/\/api.w.org\/{rel}","templated":true}]}}