{"id":26108,"date":"2023-12-01T09:25:18","date_gmt":"2023-12-01T08:25:18","guid":{"rendered":"https:\/\/www.mines-stetienne.fr\/panoramines\/?p=26108"},"modified":"2025-03-15T12:23:52","modified_gmt":"2025-03-15T11:23:52","slug":"le-centre-microelectronique-de-provence-cmp-fete-ses-vingt-ans","status":"publish","type":"post","link":"https:\/\/www.mines-stetienne.fr\/panoramines\/2023\/12\/01\/le-centre-microelectronique-de-provence-cmp-fete-ses-vingt-ans\/","title":{"rendered":"Le Centre Micro\u00e9lectronique de Provence (CMP) f\u00eate ses vingt ans"},"content":{"rendered":"\n<h2 class=\"wp-block-heading\">Pr\u00e8s de 200 invit\u00e9s \u00e9taient r\u00e9unis sur le Campus Aix-Marseille-Provence, le mercredi 29 novembre 2023, pour c\u00e9l\u00e9brer l&rsquo;anniversaire du centre d\u00e9di\u00e9 \u00e0 la recherche et \u00e0 l&rsquo;innovation en micro\u00e9lectronique dans la r\u00e9gion Sud.<\/h2>\n\n\n\n<p>Vingt ans, le bel \u00e2ge? <\/p>\n\n\n\n<p>C&rsquo;est en tous les cas une belle tranche de vie que le personnel et ses invit\u00e9s ont tenu \u00e0 f\u00eater ensemble.<\/p>\n\n\n\n<p>Apr\u00e8s avoir d\u00e9voil\u00e9 la nouvelle plaque de l&rsquo;\u00e9tablissement en pr\u00e9sence de David Delafosse, directeur du campus, de Herv\u00e9 Granier, maire de Gardanne, et de Roger Me\u00ef, maire honoraire de Gardanne, les convives ont rejoint le b\u00e2timent principal.<\/p>\n\n\n\n<figure class=\"wp-block-image size-large\"><img loading=\"lazy\" decoding=\"async\" width=\"809\" height=\"1024\" src=\"https:\/\/www.mines-stetienne.fr\/panoramines\/wp-content\/uploads\/sites\/3\/2023\/12\/Plaque-809x1024.jpg\" alt=\"\" class=\"wp-image-26143\" srcset=\"https:\/\/www.mines-stetienne.fr\/panoramines\/wp-content\/uploads\/sites\/3\/2023\/12\/Plaque-809x1024.jpg 809w, https:\/\/www.mines-stetienne.fr\/panoramines\/wp-content\/uploads\/sites\/3\/2023\/12\/Plaque-237x300.jpg 237w, https:\/\/www.mines-stetienne.fr\/panoramines\/wp-content\/uploads\/sites\/3\/2023\/12\/Plaque-768x972.jpg 768w, https:\/\/www.mines-stetienne.fr\/panoramines\/wp-content\/uploads\/sites\/3\/2023\/12\/Plaque-1214x1536.jpg 1214w, https:\/\/www.mines-stetienne.fr\/panoramines\/wp-content\/uploads\/sites\/3\/2023\/12\/Plaque-1619x2048.jpg 1619w, https:\/\/www.mines-stetienne.fr\/panoramines\/wp-content\/uploads\/sites\/3\/2023\/12\/Plaque-scaled.jpg 2023w\" sizes=\"auto, (max-width: 809px) 100vw, 809px\" \/><\/figure>\n\n\n\n<p>Ils ont visit\u00e9 les neuf stands regroupant des start-up int\u00e9gr\u00e9es \u00e0 notre incubateur TEAM ainsi que des partenaires avant de se retrouver dans la salle Sainte-Victoire.<\/p>\n\n\n\n<p>Plusieurs discours ont alors \u00e9t\u00e9 prononc\u00e9s successivement par David Delafosse, directeur du campus, Jacques Fayolle, directeur de Mines Saint-\u00c9tienne, Dominique Feillet, directeur du CMP, Herv\u00e9 Granier, maire de Gardanne, Roger Me\u00ef, maire honoraire de Gardanne et enfin Georges Cristiani, conseiller r\u00e9gional d\u00e9l\u00e9gu\u00e9 aux relations avec les communes et maire de Mimet.<\/p>\n\n\n\n<figure class=\"wp-block-pullquote\"><blockquote><p><em>La micro\u00e9lectronique est un secteur strat\u00e9gique pour la souverainet\u00e9 \u00e9conomique de la France et de l\u2019Europe. L&rsquo;Europe a d\u2019ailleurs approuv\u00e9 r\u00e9cemment 8,1 milliards \u20ac d&rsquo;aides d&rsquo;\u00c9tats pour ce secteur afin de r\u00e9duire la d\u00e9pendance aux producteurs asiatiques. Innover dans ce secteur est donc devenu essentiel, notamment en r\u00e9gion Sud, qui repr\u00e9sente 35% de la production fran\u00e7aise de semi-conducteurs.&nbsp;<\/em><\/p><cite>Jacques Fayolle, directeur de Mines Saint-\u00c9tienne<\/cite><\/blockquote><\/figure>\n\n\n\n<p>Et David Delafosse d&rsquo;insister sur le r\u00f4le majeur jou\u00e9 par la recherche et l&rsquo;innovation pour garantir un num\u00e9rique plus responsable dans les prochaines d\u00e9cennies : \u00ab\u00a0<em>L\u2019empreinte environnementale du num\u00e9rique augmente de mani\u00e8re tr\u00e8s rapide. Si nous voulons continuer d\u2019utiliser les services num\u00e9riques int\u00e9gr\u00e9s dans notre quotidien, il sera n\u00e9cessaire de repenser les \u00e9quipements, les r\u00e9seaux, les services et les usages. Ceci n\u00e9cessite de combiner expertise technique, proximit\u00e9 avec l\u2019industrie pour tenir compte des r\u00e9alit\u00e9s auxquelles elle est confront\u00e9e et accompagnement du changement pour les personnels et les usages. Nous formons nos ing\u00e9nieurs en int\u00e9grant toutes ces dimensions<\/em>.\u00a0\u00bb<\/p>\n\n\n\n<p>L&rsquo;arriv\u00e9e d&rsquo;un magnifique g\u00e2teau et ses fontaines lumineuses a conclu la s\u00e9rie d&rsquo;interventions.<\/p>\n\n\n\n<p>L&rsquo;assistance s&rsquo;est ensuite retrouv\u00e9e autour d&rsquo;un buffet d\u00eenatoire pour \u00e9changer et se rem\u00e9morer les bons moments pass\u00e9s et \u00e0 venir. <\/p>\n\n\n\n<p>Le personnel et les \u00e9l\u00e8ves ont termin\u00e9 cette belle journ\u00e9e au TiBar.<\/p>\n\n\n\n<figure class=\"wp-block-gallery has-nested-images columns-default is-cropped wp-block-gallery-2 is-layout-flex wp-block-gallery-is-layout-flex\">\n<figure class=\"wp-block-image size-large\"><img loading=\"lazy\" decoding=\"async\" width=\"1024\" height=\"661\" data-id=\"26144\" src=\"https:\/\/www.mines-stetienne.fr\/panoramines\/wp-content\/uploads\/sites\/3\/2023\/12\/Ambiance-1024x661.jpg\" alt=\"\" class=\"wp-image-26144\" srcset=\"https:\/\/www.mines-stetienne.fr\/panoramines\/wp-content\/uploads\/sites\/3\/2023\/12\/Ambiance-1024x661.jpg 1024w, https:\/\/www.mines-stetienne.fr\/panoramines\/wp-content\/uploads\/sites\/3\/2023\/12\/Ambiance-300x194.jpg 300w, https:\/\/www.mines-stetienne.fr\/panoramines\/wp-content\/uploads\/sites\/3\/2023\/12\/Ambiance-768x496.jpg 768w, https:\/\/www.mines-stetienne.fr\/panoramines\/wp-content\/uploads\/sites\/3\/2023\/12\/Ambiance-1536x991.jpg 1536w, https:\/\/www.mines-stetienne.fr\/panoramines\/wp-content\/uploads\/sites\/3\/2023\/12\/Ambiance-2048x1322.jpg 2048w\" sizes=\"auto, (max-width: 1024px) 100vw, 1024px\" \/><\/figure>\n\n\n\n<figure class=\"wp-block-image size-large\"><img loading=\"lazy\" decoding=\"async\" width=\"1024\" height=\"683\" data-id=\"26145\" src=\"https:\/\/www.mines-stetienne.fr\/panoramines\/wp-content\/uploads\/sites\/3\/2023\/12\/Conference-1024x683.jpg\" alt=\"\" class=\"wp-image-26145\" srcset=\"https:\/\/www.mines-stetienne.fr\/panoramines\/wp-content\/uploads\/sites\/3\/2023\/12\/Conference-1024x683.jpg 1024w, https:\/\/www.mines-stetienne.fr\/panoramines\/wp-content\/uploads\/sites\/3\/2023\/12\/Conference-300x200.jpg 300w, https:\/\/www.mines-stetienne.fr\/panoramines\/wp-content\/uploads\/sites\/3\/2023\/12\/Conference-768x512.jpg 768w, https:\/\/www.mines-stetienne.fr\/panoramines\/wp-content\/uploads\/sites\/3\/2023\/12\/Conference-1536x1024.jpg 1536w, https:\/\/www.mines-stetienne.fr\/panoramines\/wp-content\/uploads\/sites\/3\/2023\/12\/Conference-2048x1365.jpg 2048w\" sizes=\"auto, (max-width: 1024px) 100vw, 1024px\" \/><\/figure>\n\n\n\n<figure class=\"wp-block-image size-large\"><img loading=\"lazy\" decoding=\"async\" width=\"1024\" height=\"683\" data-id=\"26146\" src=\"https:\/\/www.mines-stetienne.fr\/panoramines\/wp-content\/uploads\/sites\/3\/2023\/12\/Microelectronique-1024x683.jpg\" alt=\"\" class=\"wp-image-26146\" srcset=\"https:\/\/www.mines-stetienne.fr\/panoramines\/wp-content\/uploads\/sites\/3\/2023\/12\/Microelectronique-1024x683.jpg 1024w, https:\/\/www.mines-stetienne.fr\/panoramines\/wp-content\/uploads\/sites\/3\/2023\/12\/Microelectronique-300x200.jpg 300w, https:\/\/www.mines-stetienne.fr\/panoramines\/wp-content\/uploads\/sites\/3\/2023\/12\/Microelectronique-768x512.jpg 768w, https:\/\/www.mines-stetienne.fr\/panoramines\/wp-content\/uploads\/sites\/3\/2023\/12\/Microelectronique-1536x1024.jpg 1536w, https:\/\/www.mines-stetienne.fr\/panoramines\/wp-content\/uploads\/sites\/3\/2023\/12\/Microelectronique-2048x1365.jpg 2048w\" sizes=\"auto, (max-width: 1024px) 100vw, 1024px\" \/><\/figure>\n\n\n\n<figure class=\"wp-block-image size-large\"><img loading=\"lazy\" decoding=\"async\" width=\"1024\" height=\"683\" data-id=\"26147\" src=\"https:\/\/www.mines-stetienne.fr\/panoramines\/wp-content\/uploads\/sites\/3\/2023\/12\/Stands-1024x683.jpg\" alt=\"\" class=\"wp-image-26147\" srcset=\"https:\/\/www.mines-stetienne.fr\/panoramines\/wp-content\/uploads\/sites\/3\/2023\/12\/Stands-1024x683.jpg 1024w, https:\/\/www.mines-stetienne.fr\/panoramines\/wp-content\/uploads\/sites\/3\/2023\/12\/Stands-300x200.jpg 300w, https:\/\/www.mines-stetienne.fr\/panoramines\/wp-content\/uploads\/sites\/3\/2023\/12\/Stands-768x512.jpg 768w, https:\/\/www.mines-stetienne.fr\/panoramines\/wp-content\/uploads\/sites\/3\/2023\/12\/Stands-1536x1024.jpg 1536w, https:\/\/www.mines-stetienne.fr\/panoramines\/wp-content\/uploads\/sites\/3\/2023\/12\/Stands-2048x1365.jpg 2048w\" sizes=\"auto, (max-width: 1024px) 100vw, 1024px\" \/><\/figure>\n<\/figure>\n\n\n\n<p>\u00c0 noter qu&rsquo;une conf\u00e9rence sur le th\u00e8me de la d\u00e9carbonation anim\u00e9e par Claude Imauven, actuel pr\u00e9sident du conseil d&rsquo;administration d&rsquo;<a href=\"https:\/\/www.orano.group\/fr\">Orano<\/a>, \u00e9tait organis\u00e9e le lendemain, \u00e0 14h, sur le campus.<\/p>\n\n\n\n<hr class=\"wp-block-separator has-alpha-channel-opacity\"\/>\n\n\n\n<p><strong>Le saviez-vous\u00a0?<\/strong><\/p>\n\n\n\n<p>Le Centre Micro\u00e9lectronique de Provence a \u00e9t\u00e9 <strong>cr\u00e9\u00e9 en 2003<\/strong> dans le cadre de la <strong>reconversion \u00e9conomique de Gardanne <\/strong>dans l\u2019industrie micro\u00e9lectronique apr\u00e8s la fermeture des mines et sous l\u2019impulsion du maire Roger Me\u00ef, alors d\u00e9put\u00e9 (1997-2002). D\u2019abord h\u00e9berg\u00e9 au centre Saint-Pierre, \u00e0 Biver, le CMP s\u2019installe sur le site actuel apr\u00e8s deux ans de travaux. Il est <strong>inaugur\u00e9 par Georges Charpak<\/strong>, <strong>Prix Nobel de physique<\/strong> <strong>en 1992<\/strong>.<\/p>\n\n\n\n<p><strong>Un campus de 6 hectares avec : <\/strong><\/p>\n\n\n\n<ul class=\"wp-block-list\">\n<li>21 000 m\u00e8tres carr\u00e9s de b\u00e2timents, dont 700 m\u00e8tres carr\u00e9s en salle blanche<\/li>\n\n\n\n<li>4 dipl\u00f4mes <\/li>\n\n\n\n<li>Pr\u00e8s de 400 \u00e9tudiants dont 300 \u00e9l\u00e8ves ing\u00e9nieurs&nbsp;(25% filles, 15% internationaux et 30% boursiers)<\/li>\n\n\n\n<li>12 associations d&rsquo;\u00e9tudiants<\/li>\n\n\n\n<li>1 Junior Entreprise&nbsp;: Junior \u00c9tudes Provence<\/li>\n\n\n\n<li>157 logements pour les \u00e9tudiants<\/li>\n\n\n\n<li>192 personnels de l\u2019\u00c9cole et d\u2019entreprises partenaires fr\u00e9quentent quotidiennement le campus<\/li>\n\n\n\n<li>3 M\u20ac de contrats de recherche par an<\/li>\n\n\n\n<li>1 incubateur&nbsp;: 10 start-up accompagn\u00e9es<\/li>\n\n\n\n<li>4&nbsp;500 m2 de panneaux photovolta\u00efques qui produisent 1&nbsp;300 MW.h par an<\/li>\n\n\n\n<li>6 moutons pour l\u2019\u00e9co p\u00e2turage<\/li>\n\n\n\n<li>12 ruches<\/li>\n\n\n\n<li>300 litres d\u2019eau de ros\u00e9e r\u00e9colt\u00e9s quotidiennement par les panneaux photovolta\u00efques et utilis\u00e9s pour laver les sols<\/li>\n<\/ul>\n","protected":false},"excerpt":{"rendered":"<p>Pr\u00e8s de 200 invit\u00e9s \u00e9taient r\u00e9unis sur le Campus Aix-Marseille-Provence, le mercredi 29 novembre 2023, pour c\u00e9l\u00e9brer l&rsquo;anniversaire du centre d\u00e9di\u00e9 \u00e0 la recherche et \u00e0 l&rsquo;innovation en micro\u00e9lectronique dans la r\u00e9gion Sud. Vingt ans, le bel \u00e2ge? C&rsquo;est en &hellip;<\/p>\n","protected":false},"author":2,"featured_media":26142,"comment_status":"closed","ping_status":"open","sticky":false,"template":"","format":"standard","meta":{"_relevanssi_hide_post":"","_relevanssi_hide_content":"","_relevanssi_pin_for_all":"","_relevanssi_pin_keywords":"","_relevanssi_unpin_keywords":"","_relevanssi_related_keywords":"","_relevanssi_related_include_ids":"","_relevanssi_related_exclude_ids":"","_relevanssi_related_no_append":"","_relevanssi_related_not_related":"","_relevanssi_related_posts":"15991,25527,4693,863,9771,3490","_relevanssi_noindex_reason":"","footnotes":""},"categories":[11],"tags":[577,568,971,167,290],"class_list":["post-26108","post","type-post","status-publish","format-standard","has-post-thumbnail","hentry","category-vie-de-l-ecole","tag-20-ans","tag-anniversaire","tag-campus-aix-marseille-provence","tag-cmp","tag-gardanne"],"pp_statuses_selecting_workflow":false,"pp_workflow_action":"current","pp_status_selection":"publish","pp_force_visibility":null,"pp_subpost_visibility":null,"pp_inherited_force_visibility":null,"pp_inherited_subpost_visibility":null,"yoast_head":"<!-- This site is optimized with the Yoast SEO plugin v27.5 - https:\/\/yoast.com\/product\/yoast-seo-wordpress\/ -->\n<title>Le Centre Micro\u00e9lectronique de Provence (CMP) f\u00eate ses vingt ans - Panoramines<\/title>\n<meta name=\"robots\" content=\"index, follow, max-snippet:-1, max-image-preview:large, max-video-preview:-1\" \/>\n<link rel=\"canonical\" href=\"https:\/\/www.mines-stetienne.fr\/panoramines\/2023\/12\/01\/le-centre-microelectronique-de-provence-cmp-fete-ses-vingt-ans\/\" \/>\n<meta property=\"og:locale\" content=\"fr_FR\" \/>\n<meta property=\"og:type\" content=\"article\" \/>\n<meta property=\"og:title\" content=\"Le Centre Micro\u00e9lectronique de Provence (CMP) f\u00eate ses vingt ans - Panoramines\" \/>\n<meta property=\"og:description\" content=\"Pr\u00e8s de 200 invit\u00e9s \u00e9taient r\u00e9unis sur le Campus Aix-Marseille-Provence, le mercredi 29 novembre 2023, pour c\u00e9l\u00e9brer l&rsquo;anniversaire du centre d\u00e9di\u00e9 \u00e0 la recherche et \u00e0 l&rsquo;innovation en micro\u00e9lectronique dans la r\u00e9gion Sud. Vingt ans, le bel \u00e2ge? C&rsquo;est en &hellip;\" \/>\n<meta property=\"og:url\" content=\"https:\/\/www.mines-stetienne.fr\/panoramines\/2023\/12\/01\/le-centre-microelectronique-de-provence-cmp-fete-ses-vingt-ans\/\" \/>\n<meta property=\"og:site_name\" content=\"Panoramines\" \/>\n<meta property=\"article:author\" content=\"jjj\" \/>\n<meta property=\"article:published_time\" content=\"2023-12-01T08:25:18+00:00\" \/>\n<meta property=\"article:modified_time\" content=\"2025-03-15T11:23:52+00:00\" \/>\n<meta property=\"og:image\" content=\"https:\/\/www.mines-stetienne.fr\/panoramines\/wp-content\/uploads\/sites\/3\/2023\/12\/Gateau-scaled.jpg\" \/>\n\t<meta property=\"og:image:width\" content=\"2560\" \/>\n\t<meta property=\"og:image:height\" content=\"1682\" \/>\n\t<meta property=\"og:image:type\" content=\"image\/jpeg\" \/>\n<meta name=\"author\" content=\"Gr\u00e9goire\" \/>\n<meta name=\"twitter:card\" content=\"summary_large_image\" \/>\n<meta name=\"twitter:creator\" content=\"@qqq\" \/>\n<meta name=\"twitter:label1\" content=\"\u00c9crit par\" \/>\n\t<meta name=\"twitter:data1\" content=\"Gr\u00e9goire\" \/>\n\t<meta name=\"twitter:label2\" content=\"Dur\u00e9e de lecture estim\u00e9e\" \/>\n\t<meta name=\"twitter:data2\" content=\"4 minutes\" \/>\n<script type=\"application\/ld+json\" class=\"yoast-schema-graph\">{\"@context\":\"https:\\\/\\\/schema.org\",\"@graph\":[{\"@type\":\"Article\",\"@id\":\"https:\\\/\\\/www.mines-stetienne.fr\\\/panoramines\\\/2023\\\/12\\\/01\\\/le-centre-microelectronique-de-provence-cmp-fete-ses-vingt-ans\\\/#article\",\"isPartOf\":{\"@id\":\"https:\\\/\\\/www.mines-stetienne.fr\\\/panoramines\\\/2023\\\/12\\\/01\\\/le-centre-microelectronique-de-provence-cmp-fete-ses-vingt-ans\\\/\"},\"author\":{\"name\":\"Gr\u00e9goire\",\"@id\":\"https:\\\/\\\/www.mines-stetienne.fr\\\/panoramines\\\/#\\\/schema\\\/person\\\/53c118c529c866c1454c8138b35880e8\"},\"headline\":\"Le Centre Micro\u00e9lectronique de Provence (CMP) f\u00eate ses vingt ans\",\"datePublished\":\"2023-12-01T08:25:18+00:00\",\"dateModified\":\"2025-03-15T11:23:52+00:00\",\"mainEntityOfPage\":{\"@id\":\"https:\\\/\\\/www.mines-stetienne.fr\\\/panoramines\\\/2023\\\/12\\\/01\\\/le-centre-microelectronique-de-provence-cmp-fete-ses-vingt-ans\\\/\"},\"wordCount\":669,\"image\":{\"@id\":\"https:\\\/\\\/www.mines-stetienne.fr\\\/panoramines\\\/2023\\\/12\\\/01\\\/le-centre-microelectronique-de-provence-cmp-fete-ses-vingt-ans\\\/#primaryimage\"},\"thumbnailUrl\":\"https:\\\/\\\/www.mines-stetienne.fr\\\/panoramines\\\/wp-content\\\/uploads\\\/sites\\\/3\\\/2023\\\/12\\\/Gateau-scaled.jpg\",\"keywords\":[\"20 ans\",\"Anniversaire\",\"Campus Aix-Marseille-Provence\",\"CMP\",\"Gardanne\"],\"articleSection\":[\"Vie de l'\u00c9cole\"],\"inLanguage\":\"fr-FR\"},{\"@type\":\"WebPage\",\"@id\":\"https:\\\/\\\/www.mines-stetienne.fr\\\/panoramines\\\/2023\\\/12\\\/01\\\/le-centre-microelectronique-de-provence-cmp-fete-ses-vingt-ans\\\/\",\"url\":\"https:\\\/\\\/www.mines-stetienne.fr\\\/panoramines\\\/2023\\\/12\\\/01\\\/le-centre-microelectronique-de-provence-cmp-fete-ses-vingt-ans\\\/\",\"name\":\"Le Centre Micro\u00e9lectronique de Provence (CMP) f\u00eate ses vingt ans - Panoramines\",\"isPartOf\":{\"@id\":\"https:\\\/\\\/www.mines-stetienne.fr\\\/panoramines\\\/#website\"},\"primaryImageOfPage\":{\"@id\":\"https:\\\/\\\/www.mines-stetienne.fr\\\/panoramines\\\/2023\\\/12\\\/01\\\/le-centre-microelectronique-de-provence-cmp-fete-ses-vingt-ans\\\/#primaryimage\"},\"image\":{\"@id\":\"https:\\\/\\\/www.mines-stetienne.fr\\\/panoramines\\\/2023\\\/12\\\/01\\\/le-centre-microelectronique-de-provence-cmp-fete-ses-vingt-ans\\\/#primaryimage\"},\"thumbnailUrl\":\"https:\\\/\\\/www.mines-stetienne.fr\\\/panoramines\\\/wp-content\\\/uploads\\\/sites\\\/3\\\/2023\\\/12\\\/Gateau-scaled.jpg\",\"datePublished\":\"2023-12-01T08:25:18+00:00\",\"dateModified\":\"2025-03-15T11:23:52+00:00\",\"author\":{\"@id\":\"https:\\\/\\\/www.mines-stetienne.fr\\\/panoramines\\\/#\\\/schema\\\/person\\\/53c118c529c866c1454c8138b35880e8\"},\"breadcrumb\":{\"@id\":\"https:\\\/\\\/www.mines-stetienne.fr\\\/panoramines\\\/2023\\\/12\\\/01\\\/le-centre-microelectronique-de-provence-cmp-fete-ses-vingt-ans\\\/#breadcrumb\"},\"inLanguage\":\"fr-FR\",\"potentialAction\":[{\"@type\":\"ReadAction\",\"target\":[\"https:\\\/\\\/www.mines-stetienne.fr\\\/panoramines\\\/2023\\\/12\\\/01\\\/le-centre-microelectronique-de-provence-cmp-fete-ses-vingt-ans\\\/\"]}]},{\"@type\":\"ImageObject\",\"inLanguage\":\"fr-FR\",\"@id\":\"https:\\\/\\\/www.mines-stetienne.fr\\\/panoramines\\\/2023\\\/12\\\/01\\\/le-centre-microelectronique-de-provence-cmp-fete-ses-vingt-ans\\\/#primaryimage\",\"url\":\"https:\\\/\\\/www.mines-stetienne.fr\\\/panoramines\\\/wp-content\\\/uploads\\\/sites\\\/3\\\/2023\\\/12\\\/Gateau-scaled.jpg\",\"contentUrl\":\"https:\\\/\\\/www.mines-stetienne.fr\\\/panoramines\\\/wp-content\\\/uploads\\\/sites\\\/3\\\/2023\\\/12\\\/Gateau-scaled.jpg\",\"width\":2560,\"height\":1682},{\"@type\":\"BreadcrumbList\",\"@id\":\"https:\\\/\\\/www.mines-stetienne.fr\\\/panoramines\\\/2023\\\/12\\\/01\\\/le-centre-microelectronique-de-provence-cmp-fete-ses-vingt-ans\\\/#breadcrumb\",\"itemListElement\":[{\"@type\":\"ListItem\",\"position\":1,\"name\":\"Accueil\",\"item\":\"https:\\\/\\\/www.mines-stetienne.fr\\\/panoramines\\\/\"},{\"@type\":\"ListItem\",\"position\":2,\"name\":\"Le Centre Micro\u00e9lectronique de Provence (CMP) f\u00eate ses vingt ans\"}]},{\"@type\":\"WebSite\",\"@id\":\"https:\\\/\\\/www.mines-stetienne.fr\\\/panoramines\\\/#website\",\"url\":\"https:\\\/\\\/www.mines-stetienne.fr\\\/panoramines\\\/\",\"name\":\"Panoramines\",\"description\":\"Panoramines, l\u2019actualit\u00e9 de MINES Saint-\u00c9tienne\",\"potentialAction\":[{\"@type\":\"SearchAction\",\"target\":{\"@type\":\"EntryPoint\",\"urlTemplate\":\"https:\\\/\\\/www.mines-stetienne.fr\\\/panoramines\\\/?s={search_term_string}\"},\"query-input\":{\"@type\":\"PropertyValueSpecification\",\"valueRequired\":true,\"valueName\":\"search_term_string\"}}],\"inLanguage\":\"fr-FR\"},{\"@type\":\"Person\",\"@id\":\"https:\\\/\\\/www.mines-stetienne.fr\\\/panoramines\\\/#\\\/schema\\\/person\\\/53c118c529c866c1454c8138b35880e8\",\"name\":\"Gr\u00e9goire\",\"image\":{\"@type\":\"ImageObject\",\"inLanguage\":\"fr-FR\",\"@id\":\"https:\\\/\\\/www.mines-stetienne.fr\\\/panoramines\\\/wp-content\\\/uploads\\\/sites\\\/3\\\/2021\\\/07\\\/logo-75x75-1.png\",\"url\":\"https:\\\/\\\/www.mines-stetienne.fr\\\/panoramines\\\/wp-content\\\/uploads\\\/sites\\\/3\\\/2021\\\/07\\\/logo-75x75-1.png\",\"contentUrl\":\"https:\\\/\\\/www.mines-stetienne.fr\\\/panoramines\\\/wp-content\\\/uploads\\\/sites\\\/3\\\/2021\\\/07\\\/logo-75x75-1.png\",\"caption\":\"Gr\u00e9goire\"},\"sameAs\":[\"http:\\\/\\\/www.mines-stetienne.fr\",\"jjj\",\"kkk\",\"aaa\",\"mmm\",\"https:\\\/\\\/x.com\\\/qqq\",\"lll\",\"rrr\",\"nnn\",\"ooo\",\"ppp\"],\"url\":\"https:\\\/\\\/www.mines-stetienne.fr\\\/panoramines\\\/author\\\/gregoire\\\/\"}]}<\/script>\n<!-- \/ Yoast SEO plugin. -->","yoast_head_json":{"title":"Le Centre Micro\u00e9lectronique de Provence (CMP) f\u00eate ses vingt ans - Panoramines","robots":{"index":"index","follow":"follow","max-snippet":"max-snippet:-1","max-image-preview":"max-image-preview:large","max-video-preview":"max-video-preview:-1"},"canonical":"https:\/\/www.mines-stetienne.fr\/panoramines\/2023\/12\/01\/le-centre-microelectronique-de-provence-cmp-fete-ses-vingt-ans\/","og_locale":"fr_FR","og_type":"article","og_title":"Le Centre Micro\u00e9lectronique de Provence (CMP) f\u00eate ses vingt ans - Panoramines","og_description":"Pr\u00e8s de 200 invit\u00e9s \u00e9taient r\u00e9unis sur le Campus Aix-Marseille-Provence, le mercredi 29 novembre 2023, pour c\u00e9l\u00e9brer l&rsquo;anniversaire du centre d\u00e9di\u00e9 \u00e0 la recherche et \u00e0 l&rsquo;innovation en micro\u00e9lectronique dans la r\u00e9gion Sud. Vingt ans, le bel \u00e2ge? C&rsquo;est en &hellip;","og_url":"https:\/\/www.mines-stetienne.fr\/panoramines\/2023\/12\/01\/le-centre-microelectronique-de-provence-cmp-fete-ses-vingt-ans\/","og_site_name":"Panoramines","article_author":"jjj","article_published_time":"2023-12-01T08:25:18+00:00","article_modified_time":"2025-03-15T11:23:52+00:00","og_image":[{"width":2560,"height":1682,"url":"https:\/\/www.mines-stetienne.fr\/panoramines\/wp-content\/uploads\/sites\/3\/2023\/12\/Gateau-scaled.jpg","type":"image\/jpeg"}],"author":"Gr\u00e9goire","twitter_card":"summary_large_image","twitter_creator":"@qqq","twitter_misc":{"\u00c9crit par":"Gr\u00e9goire","Dur\u00e9e de lecture estim\u00e9e":"4 minutes"},"schema":{"@context":"https:\/\/schema.org","@graph":[{"@type":"Article","@id":"https:\/\/www.mines-stetienne.fr\/panoramines\/2023\/12\/01\/le-centre-microelectronique-de-provence-cmp-fete-ses-vingt-ans\/#article","isPartOf":{"@id":"https:\/\/www.mines-stetienne.fr\/panoramines\/2023\/12\/01\/le-centre-microelectronique-de-provence-cmp-fete-ses-vingt-ans\/"},"author":{"name":"Gr\u00e9goire","@id":"https:\/\/www.mines-stetienne.fr\/panoramines\/#\/schema\/person\/53c118c529c866c1454c8138b35880e8"},"headline":"Le Centre Micro\u00e9lectronique de Provence (CMP) f\u00eate ses vingt ans","datePublished":"2023-12-01T08:25:18+00:00","dateModified":"2025-03-15T11:23:52+00:00","mainEntityOfPage":{"@id":"https:\/\/www.mines-stetienne.fr\/panoramines\/2023\/12\/01\/le-centre-microelectronique-de-provence-cmp-fete-ses-vingt-ans\/"},"wordCount":669,"image":{"@id":"https:\/\/www.mines-stetienne.fr\/panoramines\/2023\/12\/01\/le-centre-microelectronique-de-provence-cmp-fete-ses-vingt-ans\/#primaryimage"},"thumbnailUrl":"https:\/\/www.mines-stetienne.fr\/panoramines\/wp-content\/uploads\/sites\/3\/2023\/12\/Gateau-scaled.jpg","keywords":["20 ans","Anniversaire","Campus Aix-Marseille-Provence","CMP","Gardanne"],"articleSection":["Vie de l'\u00c9cole"],"inLanguage":"fr-FR"},{"@type":"WebPage","@id":"https:\/\/www.mines-stetienne.fr\/panoramines\/2023\/12\/01\/le-centre-microelectronique-de-provence-cmp-fete-ses-vingt-ans\/","url":"https:\/\/www.mines-stetienne.fr\/panoramines\/2023\/12\/01\/le-centre-microelectronique-de-provence-cmp-fete-ses-vingt-ans\/","name":"Le Centre Micro\u00e9lectronique de Provence (CMP) f\u00eate ses vingt ans - Panoramines","isPartOf":{"@id":"https:\/\/www.mines-stetienne.fr\/panoramines\/#website"},"primaryImageOfPage":{"@id":"https:\/\/www.mines-stetienne.fr\/panoramines\/2023\/12\/01\/le-centre-microelectronique-de-provence-cmp-fete-ses-vingt-ans\/#primaryimage"},"image":{"@id":"https:\/\/www.mines-stetienne.fr\/panoramines\/2023\/12\/01\/le-centre-microelectronique-de-provence-cmp-fete-ses-vingt-ans\/#primaryimage"},"thumbnailUrl":"https:\/\/www.mines-stetienne.fr\/panoramines\/wp-content\/uploads\/sites\/3\/2023\/12\/Gateau-scaled.jpg","datePublished":"2023-12-01T08:25:18+00:00","dateModified":"2025-03-15T11:23:52+00:00","author":{"@id":"https:\/\/www.mines-stetienne.fr\/panoramines\/#\/schema\/person\/53c118c529c866c1454c8138b35880e8"},"breadcrumb":{"@id":"https:\/\/www.mines-stetienne.fr\/panoramines\/2023\/12\/01\/le-centre-microelectronique-de-provence-cmp-fete-ses-vingt-ans\/#breadcrumb"},"inLanguage":"fr-FR","potentialAction":[{"@type":"ReadAction","target":["https:\/\/www.mines-stetienne.fr\/panoramines\/2023\/12\/01\/le-centre-microelectronique-de-provence-cmp-fete-ses-vingt-ans\/"]}]},{"@type":"ImageObject","inLanguage":"fr-FR","@id":"https:\/\/www.mines-stetienne.fr\/panoramines\/2023\/12\/01\/le-centre-microelectronique-de-provence-cmp-fete-ses-vingt-ans\/#primaryimage","url":"https:\/\/www.mines-stetienne.fr\/panoramines\/wp-content\/uploads\/sites\/3\/2023\/12\/Gateau-scaled.jpg","contentUrl":"https:\/\/www.mines-stetienne.fr\/panoramines\/wp-content\/uploads\/sites\/3\/2023\/12\/Gateau-scaled.jpg","width":2560,"height":1682},{"@type":"BreadcrumbList","@id":"https:\/\/www.mines-stetienne.fr\/panoramines\/2023\/12\/01\/le-centre-microelectronique-de-provence-cmp-fete-ses-vingt-ans\/#breadcrumb","itemListElement":[{"@type":"ListItem","position":1,"name":"Accueil","item":"https:\/\/www.mines-stetienne.fr\/panoramines\/"},{"@type":"ListItem","position":2,"name":"Le Centre Micro\u00e9lectronique de Provence (CMP) f\u00eate ses vingt ans"}]},{"@type":"WebSite","@id":"https:\/\/www.mines-stetienne.fr\/panoramines\/#website","url":"https:\/\/www.mines-stetienne.fr\/panoramines\/","name":"Panoramines","description":"Panoramines, l\u2019actualit\u00e9 de MINES Saint-\u00c9tienne","potentialAction":[{"@type":"SearchAction","target":{"@type":"EntryPoint","urlTemplate":"https:\/\/www.mines-stetienne.fr\/panoramines\/?s={search_term_string}"},"query-input":{"@type":"PropertyValueSpecification","valueRequired":true,"valueName":"search_term_string"}}],"inLanguage":"fr-FR"},{"@type":"Person","@id":"https:\/\/www.mines-stetienne.fr\/panoramines\/#\/schema\/person\/53c118c529c866c1454c8138b35880e8","name":"Gr\u00e9goire","image":{"@type":"ImageObject","inLanguage":"fr-FR","@id":"https:\/\/www.mines-stetienne.fr\/panoramines\/wp-content\/uploads\/sites\/3\/2021\/07\/logo-75x75-1.png","url":"https:\/\/www.mines-stetienne.fr\/panoramines\/wp-content\/uploads\/sites\/3\/2021\/07\/logo-75x75-1.png","contentUrl":"https:\/\/www.mines-stetienne.fr\/panoramines\/wp-content\/uploads\/sites\/3\/2021\/07\/logo-75x75-1.png","caption":"Gr\u00e9goire"},"sameAs":["http:\/\/www.mines-stetienne.fr","jjj","kkk","aaa","mmm","https:\/\/x.com\/qqq","lll","rrr","nnn","ooo","ppp"],"url":"https:\/\/www.mines-stetienne.fr\/panoramines\/author\/gregoire\/"}]}},"_links":{"self":[{"href":"https:\/\/www.mines-stetienne.fr\/panoramines\/wp-json\/wp\/v2\/posts\/26108","targetHints":{"allow":["GET"]}}],"collection":[{"href":"https:\/\/www.mines-stetienne.fr\/panoramines\/wp-json\/wp\/v2\/posts"}],"about":[{"href":"https:\/\/www.mines-stetienne.fr\/panoramines\/wp-json\/wp\/v2\/types\/post"}],"author":[{"embeddable":true,"href":"https:\/\/www.mines-stetienne.fr\/panoramines\/wp-json\/wp\/v2\/users\/2"}],"replies":[{"embeddable":true,"href":"https:\/\/www.mines-stetienne.fr\/panoramines\/wp-json\/wp\/v2\/comments?post=26108"}],"version-history":[{"count":26,"href":"https:\/\/www.mines-stetienne.fr\/panoramines\/wp-json\/wp\/v2\/posts\/26108\/revisions"}],"predecessor-version":[{"id":28100,"href":"https:\/\/www.mines-stetienne.fr\/panoramines\/wp-json\/wp\/v2\/posts\/26108\/revisions\/28100"}],"wp:featuredmedia":[{"embeddable":true,"href":"https:\/\/www.mines-stetienne.fr\/panoramines\/wp-json\/wp\/v2\/media\/26142"}],"wp:attachment":[{"href":"https:\/\/www.mines-stetienne.fr\/panoramines\/wp-json\/wp\/v2\/media?parent=26108"}],"wp:term":[{"taxonomy":"category","embeddable":true,"href":"https:\/\/www.mines-stetienne.fr\/panoramines\/wp-json\/wp\/v2\/categories?post=26108"},{"taxonomy":"post_tag","embeddable":true,"href":"https:\/\/www.mines-stetienne.fr\/panoramines\/wp-json\/wp\/v2\/tags?post=26108"}],"curies":[{"name":"wp","href":"https:\/\/api.w.org\/{rel}","templated":true}]}}