{"id":26098,"date":"2023-11-30T14:34:37","date_gmt":"2023-11-30T13:34:37","guid":{"rendered":"https:\/\/www.mines-stetienne.fr\/panoramines\/?p=26098"},"modified":"2025-03-15T12:23:58","modified_gmt":"2025-03-15T11:23:58","slug":"felicitations-aux-84-diplomes-du-cursus-ismin","status":"publish","type":"post","link":"https:\/\/www.mines-stetienne.fr\/panoramines\/2023\/11\/30\/felicitations-aux-84-diplomes-du-cursus-ismin\/","title":{"rendered":"F\u00e9licitations aux 84 dipl\u00f4m\u00e9s du cursus ISMIN!"},"content":{"rendered":"\n<h2 class=\"wp-block-heading\">La traditionnelle c\u00e9r\u00e9monie de remise du dipl\u00f4me d&rsquo;Ing\u00e9nieur Syst\u00e8mes Micro\u00e9lectronique et Informatique (ISMIN) s&rsquo;est d\u00e9roul\u00e9e sur le Campus Aix-Marseille-Provence le samedi 25 novembre 2023. <\/h2>\n\n\n\n<p>La journ\u00e9e restera grav\u00e9e dans leur m\u00e9moire et celle de leurs familles. <\/p>\n\n\n\n<p>En uniforme pour la grande majorit\u00e9, \u00e9mus et fiers, les jeunes ing\u00e9nieurs ont re\u00e7u le dipl\u00f4me sanctionnant leurs trois ann\u00e9es d&rsquo;\u00e9tude dans l&rsquo;\u00e9tablissement des mains de Jacques Fayolle, directeur de Mines Saint-\u00c9tienne.<\/p>\n\n\n\n<p>Ponctu\u00e9e d&rsquo;interventions \u00e9clairantes et de vid\u00e9os parfois d\u00e9cal\u00e9es, la c\u00e9r\u00e9monie a \u00e9t\u00e9 l&rsquo;occasion d&rsquo;\u00e9voquer les atouts de la formation, les nombreux savoirs dispens\u00e9s dans ce cadre et aussi la richesse de la vie \u00e9tudiante sur le site. <\/p>\n\n\n\n<p>Philippine Windels, dipl\u00f4m\u00e9e en 2016 et marraine de la promotion, est revenue sur ses souvenirs d&rsquo;\u00e9tudiante sur le campus, son parcours et sur les enseignements qu&rsquo;elle met aujourd&rsquo;hui en pratique dans son poste de directrice de l&rsquo;innovation et des op\u00e9rations chez <a href=\"https:\/\/www.morphee.co\/\">Morph\u00e9e<\/a>. <\/p>\n\n\n\n<figure class=\"wp-block-image size-large\"><img loading=\"lazy\" decoding=\"async\" width=\"1024\" height=\"683\" src=\"https:\/\/www.mines-stetienne.fr\/panoramines\/wp-content\/uploads\/sites\/3\/2023\/11\/Marraine-1024x683.jpg\" alt=\"\" class=\"wp-image-26116\" srcset=\"https:\/\/www.mines-stetienne.fr\/panoramines\/wp-content\/uploads\/sites\/3\/2023\/11\/Marraine-1024x683.jpg 1024w, https:\/\/www.mines-stetienne.fr\/panoramines\/wp-content\/uploads\/sites\/3\/2023\/11\/Marraine-300x200.jpg 300w, https:\/\/www.mines-stetienne.fr\/panoramines\/wp-content\/uploads\/sites\/3\/2023\/11\/Marraine-768x512.jpg 768w, https:\/\/www.mines-stetienne.fr\/panoramines\/wp-content\/uploads\/sites\/3\/2023\/11\/Marraine-1536x1024.jpg 1536w, https:\/\/www.mines-stetienne.fr\/panoramines\/wp-content\/uploads\/sites\/3\/2023\/11\/Marraine-2048x1365.jpg 2048w\" sizes=\"auto, (max-width: 1024px) 100vw, 1024px\" \/><\/figure>\n\n\n\n<blockquote class=\"wp-block-quote is-layout-flow wp-block-quote-is-layout-flow\">\n<p>Je vous encourage \u00e0 aborder votre vie active avec audace et enthousiasme. L&rsquo;avenir est devant vous. Je vous souhaite le meilleur.<\/p>\n<cite>Philippine Windels, marraine et directrice de l&rsquo;innovation et des op\u00e9rations chez Morph\u00e9e <\/cite><\/blockquote>\n\n\n\n<p>A l&rsquo;issue de la c\u00e9r\u00e9monie dans la salle Sainte-Victoire, les invit\u00e9s ont \u00e9t\u00e9 convi\u00e9s \u00e0 partager un moment convivial autour d&rsquo;un cocktail d\u00eenatoire. <\/p>\n\n\n\n<p>Pour prolonger la journ\u00e9e dans une ambiance festive, les \u00e9tudiants et leurs familles ont assist\u00e9 \u00e0 un spectacle musical organis\u00e9 par l&rsquo;association Gala, qui f\u00eatait ses dix ans de collaboration, avant de prendre la direction d&rsquo;Aix-en-Provence pour d\u00eener \u00e0 la Villa Divina.<\/p>\n\n\n\n<p>Bravo et bon vent \u00e0 tous les dipl\u00f4m\u00e9s!<\/p>\n\n\n\n<figure class=\"wp-block-gallery has-nested-images columns-default is-cropped wp-block-gallery-2 is-layout-flex wp-block-gallery-is-layout-flex\">\n<figure class=\"wp-block-image size-large\"><a href=\"https:\/\/www.mines-stetienne.fr\/panoramines\/wp-content\/uploads\/sites\/3\/2023\/11\/Ambiance-2-scaled.jpg\"><img loading=\"lazy\" decoding=\"async\" width=\"1024\" height=\"683\" data-id=\"26117\" src=\"https:\/\/www.mines-stetienne.fr\/panoramines\/wp-content\/uploads\/sites\/3\/2023\/11\/Ambiance-2-1024x683.jpg\" alt=\"\" class=\"wp-image-26117\" srcset=\"https:\/\/www.mines-stetienne.fr\/panoramines\/wp-content\/uploads\/sites\/3\/2023\/11\/Ambiance-2-1024x683.jpg 1024w, https:\/\/www.mines-stetienne.fr\/panoramines\/wp-content\/uploads\/sites\/3\/2023\/11\/Ambiance-2-300x200.jpg 300w, https:\/\/www.mines-stetienne.fr\/panoramines\/wp-content\/uploads\/sites\/3\/2023\/11\/Ambiance-2-768x512.jpg 768w, https:\/\/www.mines-stetienne.fr\/panoramines\/wp-content\/uploads\/sites\/3\/2023\/11\/Ambiance-2-1536x1025.jpg 1536w, https:\/\/www.mines-stetienne.fr\/panoramines\/wp-content\/uploads\/sites\/3\/2023\/11\/Ambiance-2-2048x1366.jpg 2048w\" sizes=\"auto, (max-width: 1024px) 100vw, 1024px\" \/><\/a><\/figure>\n\n\n\n<figure class=\"wp-block-image size-large\"><a href=\"https:\/\/www.mines-stetienne.fr\/panoramines\/wp-content\/uploads\/sites\/3\/2023\/11\/Ambiance-3-scaled.jpg\"><img loading=\"lazy\" decoding=\"async\" width=\"1024\" height=\"683\" data-id=\"26119\" src=\"https:\/\/www.mines-stetienne.fr\/panoramines\/wp-content\/uploads\/sites\/3\/2023\/11\/Ambiance-3-1024x683.jpg\" alt=\"\" class=\"wp-image-26119\" srcset=\"https:\/\/www.mines-stetienne.fr\/panoramines\/wp-content\/uploads\/sites\/3\/2023\/11\/Ambiance-3-1024x683.jpg 1024w, https:\/\/www.mines-stetienne.fr\/panoramines\/wp-content\/uploads\/sites\/3\/2023\/11\/Ambiance-3-300x200.jpg 300w, https:\/\/www.mines-stetienne.fr\/panoramines\/wp-content\/uploads\/sites\/3\/2023\/11\/Ambiance-3-768x512.jpg 768w, https:\/\/www.mines-stetienne.fr\/panoramines\/wp-content\/uploads\/sites\/3\/2023\/11\/Ambiance-3-1536x1025.jpg 1536w, https:\/\/www.mines-stetienne.fr\/panoramines\/wp-content\/uploads\/sites\/3\/2023\/11\/Ambiance-3-2048x1366.jpg 2048w\" sizes=\"auto, (max-width: 1024px) 100vw, 1024px\" \/><\/a><\/figure>\n\n\n\n<figure class=\"wp-block-image size-large\"><a href=\"https:\/\/www.mines-stetienne.fr\/panoramines\/wp-content\/uploads\/sites\/3\/2023\/11\/Ambiance-scaled.jpg\"><img loading=\"lazy\" decoding=\"async\" width=\"1024\" height=\"683\" data-id=\"26118\" src=\"https:\/\/www.mines-stetienne.fr\/panoramines\/wp-content\/uploads\/sites\/3\/2023\/11\/Ambiance-1024x683.jpg\" alt=\"\" class=\"wp-image-26118\" srcset=\"https:\/\/www.mines-stetienne.fr\/panoramines\/wp-content\/uploads\/sites\/3\/2023\/11\/Ambiance-1024x683.jpg 1024w, https:\/\/www.mines-stetienne.fr\/panoramines\/wp-content\/uploads\/sites\/3\/2023\/11\/Ambiance-300x200.jpg 300w, https:\/\/www.mines-stetienne.fr\/panoramines\/wp-content\/uploads\/sites\/3\/2023\/11\/Ambiance-768x512.jpg 768w, https:\/\/www.mines-stetienne.fr\/panoramines\/wp-content\/uploads\/sites\/3\/2023\/11\/Ambiance-1536x1025.jpg 1536w, https:\/\/www.mines-stetienne.fr\/panoramines\/wp-content\/uploads\/sites\/3\/2023\/11\/Ambiance-2048x1366.jpg 2048w\" sizes=\"auto, (max-width: 1024px) 100vw, 1024px\" \/><\/a><\/figure>\n\n\n\n<figure class=\"wp-block-image size-large\"><a href=\"https:\/\/www.mines-stetienne.fr\/panoramines\/wp-content\/uploads\/sites\/3\/2023\/11\/D.-Delafosse-scaled.jpg\"><img loading=\"lazy\" decoding=\"async\" width=\"1024\" height=\"683\" data-id=\"26121\" src=\"https:\/\/www.mines-stetienne.fr\/panoramines\/wp-content\/uploads\/sites\/3\/2023\/11\/D.-Delafosse-1024x683.jpg\" alt=\"\" class=\"wp-image-26121\" srcset=\"https:\/\/www.mines-stetienne.fr\/panoramines\/wp-content\/uploads\/sites\/3\/2023\/11\/D.-Delafosse-1024x683.jpg 1024w, https:\/\/www.mines-stetienne.fr\/panoramines\/wp-content\/uploads\/sites\/3\/2023\/11\/D.-Delafosse-300x200.jpg 300w, https:\/\/www.mines-stetienne.fr\/panoramines\/wp-content\/uploads\/sites\/3\/2023\/11\/D.-Delafosse-768x512.jpg 768w, https:\/\/www.mines-stetienne.fr\/panoramines\/wp-content\/uploads\/sites\/3\/2023\/11\/D.-Delafosse-1536x1024.jpg 1536w, https:\/\/www.mines-stetienne.fr\/panoramines\/wp-content\/uploads\/sites\/3\/2023\/11\/D.-Delafosse-2048x1365.jpg 2048w\" sizes=\"auto, (max-width: 1024px) 100vw, 1024px\" \/><\/a><\/figure>\n\n\n\n<figure class=\"wp-block-image size-large\"><a href=\"https:\/\/www.mines-stetienne.fr\/panoramines\/wp-content\/uploads\/sites\/3\/2023\/11\/Diplome-scaled.jpg\"><img loading=\"lazy\" decoding=\"async\" width=\"1024\" height=\"683\" data-id=\"26120\" src=\"https:\/\/www.mines-stetienne.fr\/panoramines\/wp-content\/uploads\/sites\/3\/2023\/11\/Diplome-1024x683.jpg\" alt=\"\" class=\"wp-image-26120\" srcset=\"https:\/\/www.mines-stetienne.fr\/panoramines\/wp-content\/uploads\/sites\/3\/2023\/11\/Diplome-1024x683.jpg 1024w, https:\/\/www.mines-stetienne.fr\/panoramines\/wp-content\/uploads\/sites\/3\/2023\/11\/Diplome-300x200.jpg 300w, https:\/\/www.mines-stetienne.fr\/panoramines\/wp-content\/uploads\/sites\/3\/2023\/11\/Diplome-768x512.jpg 768w, https:\/\/www.mines-stetienne.fr\/panoramines\/wp-content\/uploads\/sites\/3\/2023\/11\/Diplome-1536x1025.jpg 1536w, https:\/\/www.mines-stetienne.fr\/panoramines\/wp-content\/uploads\/sites\/3\/2023\/11\/Diplome-2048x1366.jpg 2048w\" sizes=\"auto, (max-width: 1024px) 100vw, 1024px\" \/><\/a><\/figure>\n\n\n\n<figure class=\"wp-block-image size-large\"><a href=\"https:\/\/www.mines-stetienne.fr\/panoramines\/wp-content\/uploads\/sites\/3\/2023\/11\/Etudiants-scaled.jpg\"><img loading=\"lazy\" decoding=\"async\" width=\"1024\" height=\"683\" data-id=\"26122\" src=\"https:\/\/www.mines-stetienne.fr\/panoramines\/wp-content\/uploads\/sites\/3\/2023\/11\/Etudiants-1024x683.jpg\" alt=\"\" class=\"wp-image-26122\" srcset=\"https:\/\/www.mines-stetienne.fr\/panoramines\/wp-content\/uploads\/sites\/3\/2023\/11\/Etudiants-1024x683.jpg 1024w, https:\/\/www.mines-stetienne.fr\/panoramines\/wp-content\/uploads\/sites\/3\/2023\/11\/Etudiants-300x200.jpg 300w, https:\/\/www.mines-stetienne.fr\/panoramines\/wp-content\/uploads\/sites\/3\/2023\/11\/Etudiants-768x512.jpg 768w, https:\/\/www.mines-stetienne.fr\/panoramines\/wp-content\/uploads\/sites\/3\/2023\/11\/Etudiants-1536x1025.jpg 1536w, https:\/\/www.mines-stetienne.fr\/panoramines\/wp-content\/uploads\/sites\/3\/2023\/11\/Etudiants-2048x1366.jpg 2048w\" sizes=\"auto, (max-width: 1024px) 100vw, 1024px\" \/><\/a><\/figure>\n\n\n\n<figure class=\"wp-block-image size-large\"><a href=\"https:\/\/www.mines-stetienne.fr\/panoramines\/wp-content\/uploads\/sites\/3\/2023\/11\/J.-Fayolle-scaled.jpg\"><img loading=\"lazy\" decoding=\"async\" width=\"1024\" height=\"683\" data-id=\"26123\" src=\"https:\/\/www.mines-stetienne.fr\/panoramines\/wp-content\/uploads\/sites\/3\/2023\/11\/J.-Fayolle-1024x683.jpg\" alt=\"\" class=\"wp-image-26123\" srcset=\"https:\/\/www.mines-stetienne.fr\/panoramines\/wp-content\/uploads\/sites\/3\/2023\/11\/J.-Fayolle-1024x683.jpg 1024w, https:\/\/www.mines-stetienne.fr\/panoramines\/wp-content\/uploads\/sites\/3\/2023\/11\/J.-Fayolle-300x200.jpg 300w, https:\/\/www.mines-stetienne.fr\/panoramines\/wp-content\/uploads\/sites\/3\/2023\/11\/J.-Fayolle-768x512.jpg 768w, https:\/\/www.mines-stetienne.fr\/panoramines\/wp-content\/uploads\/sites\/3\/2023\/11\/J.-Fayolle-1536x1024.jpg 1536w, https:\/\/www.mines-stetienne.fr\/panoramines\/wp-content\/uploads\/sites\/3\/2023\/11\/J.-Fayolle-2048x1365.jpg 2048w\" sizes=\"auto, (max-width: 1024px) 100vw, 1024px\" \/><\/a><\/figure>\n\n\n\n<figure class=\"wp-block-image size-large\"><a href=\"https:\/\/www.mines-stetienne.fr\/panoramines\/wp-content\/uploads\/sites\/3\/2023\/11\/Marraine-et-J.-Fayolle-scaled.jpg\"><img loading=\"lazy\" decoding=\"async\" width=\"1024\" height=\"683\" data-id=\"26124\" src=\"https:\/\/www.mines-stetienne.fr\/panoramines\/wp-content\/uploads\/sites\/3\/2023\/11\/Marraine-et-J.-Fayolle-1024x683.jpg\" alt=\"\" class=\"wp-image-26124\" srcset=\"https:\/\/www.mines-stetienne.fr\/panoramines\/wp-content\/uploads\/sites\/3\/2023\/11\/Marraine-et-J.-Fayolle-1024x683.jpg 1024w, https:\/\/www.mines-stetienne.fr\/panoramines\/wp-content\/uploads\/sites\/3\/2023\/11\/Marraine-et-J.-Fayolle-300x200.jpg 300w, https:\/\/www.mines-stetienne.fr\/panoramines\/wp-content\/uploads\/sites\/3\/2023\/11\/Marraine-et-J.-Fayolle-768x512.jpg 768w, https:\/\/www.mines-stetienne.fr\/panoramines\/wp-content\/uploads\/sites\/3\/2023\/11\/Marraine-et-J.-Fayolle-1536x1025.jpg 1536w, https:\/\/www.mines-stetienne.fr\/panoramines\/wp-content\/uploads\/sites\/3\/2023\/11\/Marraine-et-J.-Fayolle-2048x1366.jpg 2048w\" sizes=\"auto, (max-width: 1024px) 100vw, 1024px\" \/><\/a><\/figure>\n\n\n\n<figure class=\"wp-block-image size-large\"><a href=\"https:\/\/www.mines-stetienne.fr\/panoramines\/wp-content\/uploads\/sites\/3\/2023\/11\/Oumaima-scaled.jpg\"><img loading=\"lazy\" decoding=\"async\" width=\"1024\" height=\"683\" data-id=\"26125\" src=\"https:\/\/www.mines-stetienne.fr\/panoramines\/wp-content\/uploads\/sites\/3\/2023\/11\/Oumaima-1024x683.jpg\" alt=\"\" class=\"wp-image-26125\" srcset=\"https:\/\/www.mines-stetienne.fr\/panoramines\/wp-content\/uploads\/sites\/3\/2023\/11\/Oumaima-1024x683.jpg 1024w, https:\/\/www.mines-stetienne.fr\/panoramines\/wp-content\/uploads\/sites\/3\/2023\/11\/Oumaima-300x200.jpg 300w, https:\/\/www.mines-stetienne.fr\/panoramines\/wp-content\/uploads\/sites\/3\/2023\/11\/Oumaima-768x512.jpg 768w, https:\/\/www.mines-stetienne.fr\/panoramines\/wp-content\/uploads\/sites\/3\/2023\/11\/Oumaima-1536x1024.jpg 1536w, https:\/\/www.mines-stetienne.fr\/panoramines\/wp-content\/uploads\/sites\/3\/2023\/11\/Oumaima-2048x1365.jpg 2048w\" sizes=\"auto, (max-width: 1024px) 100vw, 1024px\" \/><\/a><\/figure>\n<\/figure>\n","protected":false},"excerpt":{"rendered":"<p>La traditionnelle c\u00e9r\u00e9monie de remise du dipl\u00f4me d&rsquo;Ing\u00e9nieur Syst\u00e8mes Micro\u00e9lectronique et Informatique (ISMIN) s&rsquo;est d\u00e9roul\u00e9e sur le Campus Aix-Marseille-Provence le samedi 25 novembre 2023. La journ\u00e9e restera grav\u00e9e dans leur m\u00e9moire et celle de leurs familles. En uniforme pour la &hellip;<\/p>\n","protected":false},"author":2,"featured_media":26115,"comment_status":"closed","ping_status":"open","sticky":false,"template":"","format":"standard","meta":{"_relevanssi_hide_post":"","_relevanssi_hide_content":"","_relevanssi_pin_for_all":"","_relevanssi_pin_keywords":"","_relevanssi_unpin_keywords":"","_relevanssi_related_keywords":"","_relevanssi_related_include_ids":"","_relevanssi_related_exclude_ids":"","_relevanssi_related_no_append":"","_relevanssi_related_not_related":"","_relevanssi_related_posts":"933,1032,109,3837,969,599","_relevanssi_noindex_reason":"","footnotes":""},"categories":[11],"tags":[971,42,972],"class_list":["post-26098","post","type-post","status-publish","format-standard","has-post-thumbnail","hentry","category-vie-de-l-ecole","tag-campus-aix-marseille-provence","tag-ismin","tag-remise-des-diplomes"],"pp_statuses_selecting_workflow":false,"pp_workflow_action":"current","pp_status_selection":"publish","pp_force_visibility":null,"pp_subpost_visibility":null,"pp_inherited_force_visibility":null,"pp_inherited_subpost_visibility":null,"yoast_head":"<!-- This site is optimized with the Yoast SEO plugin v27.5 - https:\/\/yoast.com\/product\/yoast-seo-wordpress\/ -->\n<title>F\u00e9licitations aux 84 dipl\u00f4m\u00e9s du cursus ISMIN! - Panoramines<\/title>\n<meta name=\"robots\" content=\"index, follow, max-snippet:-1, max-image-preview:large, max-video-preview:-1\" \/>\n<link rel=\"canonical\" href=\"https:\/\/www.mines-stetienne.fr\/panoramines\/2023\/11\/30\/felicitations-aux-84-diplomes-du-cursus-ismin\/\" \/>\n<meta property=\"og:locale\" content=\"fr_FR\" \/>\n<meta property=\"og:type\" content=\"article\" \/>\n<meta property=\"og:title\" content=\"F\u00e9licitations aux 84 dipl\u00f4m\u00e9s du cursus ISMIN! - Panoramines\" \/>\n<meta property=\"og:description\" content=\"La traditionnelle c\u00e9r\u00e9monie de remise du dipl\u00f4me d&rsquo;Ing\u00e9nieur Syst\u00e8mes Micro\u00e9lectronique et Informatique (ISMIN) s&rsquo;est d\u00e9roul\u00e9e sur le Campus Aix-Marseille-Provence le samedi 25 novembre 2023. La journ\u00e9e restera grav\u00e9e dans leur m\u00e9moire et celle de leurs familles. En uniforme pour la &hellip;\" \/>\n<meta property=\"og:url\" content=\"https:\/\/www.mines-stetienne.fr\/panoramines\/2023\/11\/30\/felicitations-aux-84-diplomes-du-cursus-ismin\/\" \/>\n<meta property=\"og:site_name\" content=\"Panoramines\" \/>\n<meta property=\"article:author\" content=\"jjj\" \/>\n<meta property=\"article:published_time\" content=\"2023-11-30T13:34:37+00:00\" \/>\n<meta property=\"article:modified_time\" content=\"2025-03-15T11:23:58+00:00\" \/>\n<meta property=\"og:image\" content=\"https:\/\/www.mines-stetienne.fr\/panoramines\/wp-content\/uploads\/sites\/3\/2023\/11\/Photo-de-groupe-scaled.jpg\" \/>\n\t<meta property=\"og:image:width\" content=\"2560\" \/>\n\t<meta property=\"og:image:height\" content=\"1440\" \/>\n\t<meta property=\"og:image:type\" content=\"image\/jpeg\" \/>\n<meta name=\"author\" content=\"Gr\u00e9goire\" \/>\n<meta name=\"twitter:card\" content=\"summary_large_image\" \/>\n<meta name=\"twitter:creator\" content=\"@qqq\" \/>\n<meta name=\"twitter:label1\" content=\"\u00c9crit par\" \/>\n\t<meta name=\"twitter:data1\" content=\"Gr\u00e9goire\" \/>\n\t<meta name=\"twitter:label2\" content=\"Dur\u00e9e de lecture estim\u00e9e\" \/>\n\t<meta name=\"twitter:data2\" content=\"4 minutes\" \/>\n<script type=\"application\/ld+json\" class=\"yoast-schema-graph\">{\"@context\":\"https:\\\/\\\/schema.org\",\"@graph\":[{\"@type\":\"Article\",\"@id\":\"https:\\\/\\\/www.mines-stetienne.fr\\\/panoramines\\\/2023\\\/11\\\/30\\\/felicitations-aux-84-diplomes-du-cursus-ismin\\\/#article\",\"isPartOf\":{\"@id\":\"https:\\\/\\\/www.mines-stetienne.fr\\\/panoramines\\\/2023\\\/11\\\/30\\\/felicitations-aux-84-diplomes-du-cursus-ismin\\\/\"},\"author\":{\"name\":\"Gr\u00e9goire\",\"@id\":\"https:\\\/\\\/www.mines-stetienne.fr\\\/panoramines\\\/#\\\/schema\\\/person\\\/53c118c529c866c1454c8138b35880e8\"},\"headline\":\"F\u00e9licitations aux 84 dipl\u00f4m\u00e9s du cursus ISMIN!\",\"datePublished\":\"2023-11-30T13:34:37+00:00\",\"dateModified\":\"2025-03-15T11:23:58+00:00\",\"mainEntityOfPage\":{\"@id\":\"https:\\\/\\\/www.mines-stetienne.fr\\\/panoramines\\\/2023\\\/11\\\/30\\\/felicitations-aux-84-diplomes-du-cursus-ismin\\\/\"},\"wordCount\":297,\"image\":{\"@id\":\"https:\\\/\\\/www.mines-stetienne.fr\\\/panoramines\\\/2023\\\/11\\\/30\\\/felicitations-aux-84-diplomes-du-cursus-ismin\\\/#primaryimage\"},\"thumbnailUrl\":\"https:\\\/\\\/www.mines-stetienne.fr\\\/panoramines\\\/wp-content\\\/uploads\\\/sites\\\/3\\\/2023\\\/11\\\/Photo-de-groupe-scaled.jpg\",\"keywords\":[\"Campus Aix-Marseille-Provence\",\"ISMIN\",\"Remise des dipl\u00f4mes\"],\"articleSection\":[\"Vie de l'\u00c9cole\"],\"inLanguage\":\"fr-FR\"},{\"@type\":\"WebPage\",\"@id\":\"https:\\\/\\\/www.mines-stetienne.fr\\\/panoramines\\\/2023\\\/11\\\/30\\\/felicitations-aux-84-diplomes-du-cursus-ismin\\\/\",\"url\":\"https:\\\/\\\/www.mines-stetienne.fr\\\/panoramines\\\/2023\\\/11\\\/30\\\/felicitations-aux-84-diplomes-du-cursus-ismin\\\/\",\"name\":\"F\u00e9licitations aux 84 dipl\u00f4m\u00e9s du cursus ISMIN! - Panoramines\",\"isPartOf\":{\"@id\":\"https:\\\/\\\/www.mines-stetienne.fr\\\/panoramines\\\/#website\"},\"primaryImageOfPage\":{\"@id\":\"https:\\\/\\\/www.mines-stetienne.fr\\\/panoramines\\\/2023\\\/11\\\/30\\\/felicitations-aux-84-diplomes-du-cursus-ismin\\\/#primaryimage\"},\"image\":{\"@id\":\"https:\\\/\\\/www.mines-stetienne.fr\\\/panoramines\\\/2023\\\/11\\\/30\\\/felicitations-aux-84-diplomes-du-cursus-ismin\\\/#primaryimage\"},\"thumbnailUrl\":\"https:\\\/\\\/www.mines-stetienne.fr\\\/panoramines\\\/wp-content\\\/uploads\\\/sites\\\/3\\\/2023\\\/11\\\/Photo-de-groupe-scaled.jpg\",\"datePublished\":\"2023-11-30T13:34:37+00:00\",\"dateModified\":\"2025-03-15T11:23:58+00:00\",\"author\":{\"@id\":\"https:\\\/\\\/www.mines-stetienne.fr\\\/panoramines\\\/#\\\/schema\\\/person\\\/53c118c529c866c1454c8138b35880e8\"},\"breadcrumb\":{\"@id\":\"https:\\\/\\\/www.mines-stetienne.fr\\\/panoramines\\\/2023\\\/11\\\/30\\\/felicitations-aux-84-diplomes-du-cursus-ismin\\\/#breadcrumb\"},\"inLanguage\":\"fr-FR\",\"potentialAction\":[{\"@type\":\"ReadAction\",\"target\":[\"https:\\\/\\\/www.mines-stetienne.fr\\\/panoramines\\\/2023\\\/11\\\/30\\\/felicitations-aux-84-diplomes-du-cursus-ismin\\\/\"]}]},{\"@type\":\"ImageObject\",\"inLanguage\":\"fr-FR\",\"@id\":\"https:\\\/\\\/www.mines-stetienne.fr\\\/panoramines\\\/2023\\\/11\\\/30\\\/felicitations-aux-84-diplomes-du-cursus-ismin\\\/#primaryimage\",\"url\":\"https:\\\/\\\/www.mines-stetienne.fr\\\/panoramines\\\/wp-content\\\/uploads\\\/sites\\\/3\\\/2023\\\/11\\\/Photo-de-groupe-scaled.jpg\",\"contentUrl\":\"https:\\\/\\\/www.mines-stetienne.fr\\\/panoramines\\\/wp-content\\\/uploads\\\/sites\\\/3\\\/2023\\\/11\\\/Photo-de-groupe-scaled.jpg\",\"width\":2560,\"height\":1440},{\"@type\":\"BreadcrumbList\",\"@id\":\"https:\\\/\\\/www.mines-stetienne.fr\\\/panoramines\\\/2023\\\/11\\\/30\\\/felicitations-aux-84-diplomes-du-cursus-ismin\\\/#breadcrumb\",\"itemListElement\":[{\"@type\":\"ListItem\",\"position\":1,\"name\":\"Accueil\",\"item\":\"https:\\\/\\\/www.mines-stetienne.fr\\\/panoramines\\\/\"},{\"@type\":\"ListItem\",\"position\":2,\"name\":\"F\u00e9licitations aux 84 dipl\u00f4m\u00e9s du cursus ISMIN!\"}]},{\"@type\":\"WebSite\",\"@id\":\"https:\\\/\\\/www.mines-stetienne.fr\\\/panoramines\\\/#website\",\"url\":\"https:\\\/\\\/www.mines-stetienne.fr\\\/panoramines\\\/\",\"name\":\"Panoramines\",\"description\":\"Panoramines, l\u2019actualit\u00e9 de MINES Saint-\u00c9tienne\",\"potentialAction\":[{\"@type\":\"SearchAction\",\"target\":{\"@type\":\"EntryPoint\",\"urlTemplate\":\"https:\\\/\\\/www.mines-stetienne.fr\\\/panoramines\\\/?s={search_term_string}\"},\"query-input\":{\"@type\":\"PropertyValueSpecification\",\"valueRequired\":true,\"valueName\":\"search_term_string\"}}],\"inLanguage\":\"fr-FR\"},{\"@type\":\"Person\",\"@id\":\"https:\\\/\\\/www.mines-stetienne.fr\\\/panoramines\\\/#\\\/schema\\\/person\\\/53c118c529c866c1454c8138b35880e8\",\"name\":\"Gr\u00e9goire\",\"image\":{\"@type\":\"ImageObject\",\"inLanguage\":\"fr-FR\",\"@id\":\"https:\\\/\\\/www.mines-stetienne.fr\\\/panoramines\\\/wp-content\\\/uploads\\\/sites\\\/3\\\/2021\\\/07\\\/logo-75x75-1.png\",\"url\":\"https:\\\/\\\/www.mines-stetienne.fr\\\/panoramines\\\/wp-content\\\/uploads\\\/sites\\\/3\\\/2021\\\/07\\\/logo-75x75-1.png\",\"contentUrl\":\"https:\\\/\\\/www.mines-stetienne.fr\\\/panoramines\\\/wp-content\\\/uploads\\\/sites\\\/3\\\/2021\\\/07\\\/logo-75x75-1.png\",\"caption\":\"Gr\u00e9goire\"},\"sameAs\":[\"http:\\\/\\\/www.mines-stetienne.fr\",\"jjj\",\"kkk\",\"aaa\",\"mmm\",\"https:\\\/\\\/x.com\\\/qqq\",\"lll\",\"rrr\",\"nnn\",\"ooo\",\"ppp\"],\"url\":\"https:\\\/\\\/www.mines-stetienne.fr\\\/panoramines\\\/author\\\/gregoire\\\/\"}]}<\/script>\n<!-- \/ Yoast SEO plugin. -->","yoast_head_json":{"title":"F\u00e9licitations aux 84 dipl\u00f4m\u00e9s du cursus ISMIN! - Panoramines","robots":{"index":"index","follow":"follow","max-snippet":"max-snippet:-1","max-image-preview":"max-image-preview:large","max-video-preview":"max-video-preview:-1"},"canonical":"https:\/\/www.mines-stetienne.fr\/panoramines\/2023\/11\/30\/felicitations-aux-84-diplomes-du-cursus-ismin\/","og_locale":"fr_FR","og_type":"article","og_title":"F\u00e9licitations aux 84 dipl\u00f4m\u00e9s du cursus ISMIN! - Panoramines","og_description":"La traditionnelle c\u00e9r\u00e9monie de remise du dipl\u00f4me d&rsquo;Ing\u00e9nieur Syst\u00e8mes Micro\u00e9lectronique et Informatique (ISMIN) s&rsquo;est d\u00e9roul\u00e9e sur le Campus Aix-Marseille-Provence le samedi 25 novembre 2023. La journ\u00e9e restera grav\u00e9e dans leur m\u00e9moire et celle de leurs familles. En uniforme pour la &hellip;","og_url":"https:\/\/www.mines-stetienne.fr\/panoramines\/2023\/11\/30\/felicitations-aux-84-diplomes-du-cursus-ismin\/","og_site_name":"Panoramines","article_author":"jjj","article_published_time":"2023-11-30T13:34:37+00:00","article_modified_time":"2025-03-15T11:23:58+00:00","og_image":[{"width":2560,"height":1440,"url":"https:\/\/www.mines-stetienne.fr\/panoramines\/wp-content\/uploads\/sites\/3\/2023\/11\/Photo-de-groupe-scaled.jpg","type":"image\/jpeg"}],"author":"Gr\u00e9goire","twitter_card":"summary_large_image","twitter_creator":"@qqq","twitter_misc":{"\u00c9crit par":"Gr\u00e9goire","Dur\u00e9e de lecture estim\u00e9e":"4 minutes"},"schema":{"@context":"https:\/\/schema.org","@graph":[{"@type":"Article","@id":"https:\/\/www.mines-stetienne.fr\/panoramines\/2023\/11\/30\/felicitations-aux-84-diplomes-du-cursus-ismin\/#article","isPartOf":{"@id":"https:\/\/www.mines-stetienne.fr\/panoramines\/2023\/11\/30\/felicitations-aux-84-diplomes-du-cursus-ismin\/"},"author":{"name":"Gr\u00e9goire","@id":"https:\/\/www.mines-stetienne.fr\/panoramines\/#\/schema\/person\/53c118c529c866c1454c8138b35880e8"},"headline":"F\u00e9licitations aux 84 dipl\u00f4m\u00e9s du cursus ISMIN!","datePublished":"2023-11-30T13:34:37+00:00","dateModified":"2025-03-15T11:23:58+00:00","mainEntityOfPage":{"@id":"https:\/\/www.mines-stetienne.fr\/panoramines\/2023\/11\/30\/felicitations-aux-84-diplomes-du-cursus-ismin\/"},"wordCount":297,"image":{"@id":"https:\/\/www.mines-stetienne.fr\/panoramines\/2023\/11\/30\/felicitations-aux-84-diplomes-du-cursus-ismin\/#primaryimage"},"thumbnailUrl":"https:\/\/www.mines-stetienne.fr\/panoramines\/wp-content\/uploads\/sites\/3\/2023\/11\/Photo-de-groupe-scaled.jpg","keywords":["Campus Aix-Marseille-Provence","ISMIN","Remise des dipl\u00f4mes"],"articleSection":["Vie de l'\u00c9cole"],"inLanguage":"fr-FR"},{"@type":"WebPage","@id":"https:\/\/www.mines-stetienne.fr\/panoramines\/2023\/11\/30\/felicitations-aux-84-diplomes-du-cursus-ismin\/","url":"https:\/\/www.mines-stetienne.fr\/panoramines\/2023\/11\/30\/felicitations-aux-84-diplomes-du-cursus-ismin\/","name":"F\u00e9licitations aux 84 dipl\u00f4m\u00e9s du cursus ISMIN! - Panoramines","isPartOf":{"@id":"https:\/\/www.mines-stetienne.fr\/panoramines\/#website"},"primaryImageOfPage":{"@id":"https:\/\/www.mines-stetienne.fr\/panoramines\/2023\/11\/30\/felicitations-aux-84-diplomes-du-cursus-ismin\/#primaryimage"},"image":{"@id":"https:\/\/www.mines-stetienne.fr\/panoramines\/2023\/11\/30\/felicitations-aux-84-diplomes-du-cursus-ismin\/#primaryimage"},"thumbnailUrl":"https:\/\/www.mines-stetienne.fr\/panoramines\/wp-content\/uploads\/sites\/3\/2023\/11\/Photo-de-groupe-scaled.jpg","datePublished":"2023-11-30T13:34:37+00:00","dateModified":"2025-03-15T11:23:58+00:00","author":{"@id":"https:\/\/www.mines-stetienne.fr\/panoramines\/#\/schema\/person\/53c118c529c866c1454c8138b35880e8"},"breadcrumb":{"@id":"https:\/\/www.mines-stetienne.fr\/panoramines\/2023\/11\/30\/felicitations-aux-84-diplomes-du-cursus-ismin\/#breadcrumb"},"inLanguage":"fr-FR","potentialAction":[{"@type":"ReadAction","target":["https:\/\/www.mines-stetienne.fr\/panoramines\/2023\/11\/30\/felicitations-aux-84-diplomes-du-cursus-ismin\/"]}]},{"@type":"ImageObject","inLanguage":"fr-FR","@id":"https:\/\/www.mines-stetienne.fr\/panoramines\/2023\/11\/30\/felicitations-aux-84-diplomes-du-cursus-ismin\/#primaryimage","url":"https:\/\/www.mines-stetienne.fr\/panoramines\/wp-content\/uploads\/sites\/3\/2023\/11\/Photo-de-groupe-scaled.jpg","contentUrl":"https:\/\/www.mines-stetienne.fr\/panoramines\/wp-content\/uploads\/sites\/3\/2023\/11\/Photo-de-groupe-scaled.jpg","width":2560,"height":1440},{"@type":"BreadcrumbList","@id":"https:\/\/www.mines-stetienne.fr\/panoramines\/2023\/11\/30\/felicitations-aux-84-diplomes-du-cursus-ismin\/#breadcrumb","itemListElement":[{"@type":"ListItem","position":1,"name":"Accueil","item":"https:\/\/www.mines-stetienne.fr\/panoramines\/"},{"@type":"ListItem","position":2,"name":"F\u00e9licitations aux 84 dipl\u00f4m\u00e9s du cursus ISMIN!"}]},{"@type":"WebSite","@id":"https:\/\/www.mines-stetienne.fr\/panoramines\/#website","url":"https:\/\/www.mines-stetienne.fr\/panoramines\/","name":"Panoramines","description":"Panoramines, l\u2019actualit\u00e9 de MINES Saint-\u00c9tienne","potentialAction":[{"@type":"SearchAction","target":{"@type":"EntryPoint","urlTemplate":"https:\/\/www.mines-stetienne.fr\/panoramines\/?s={search_term_string}"},"query-input":{"@type":"PropertyValueSpecification","valueRequired":true,"valueName":"search_term_string"}}],"inLanguage":"fr-FR"},{"@type":"Person","@id":"https:\/\/www.mines-stetienne.fr\/panoramines\/#\/schema\/person\/53c118c529c866c1454c8138b35880e8","name":"Gr\u00e9goire","image":{"@type":"ImageObject","inLanguage":"fr-FR","@id":"https:\/\/www.mines-stetienne.fr\/panoramines\/wp-content\/uploads\/sites\/3\/2021\/07\/logo-75x75-1.png","url":"https:\/\/www.mines-stetienne.fr\/panoramines\/wp-content\/uploads\/sites\/3\/2021\/07\/logo-75x75-1.png","contentUrl":"https:\/\/www.mines-stetienne.fr\/panoramines\/wp-content\/uploads\/sites\/3\/2021\/07\/logo-75x75-1.png","caption":"Gr\u00e9goire"},"sameAs":["http:\/\/www.mines-stetienne.fr","jjj","kkk","aaa","mmm","https:\/\/x.com\/qqq","lll","rrr","nnn","ooo","ppp"],"url":"https:\/\/www.mines-stetienne.fr\/panoramines\/author\/gregoire\/"}]}},"_links":{"self":[{"href":"https:\/\/www.mines-stetienne.fr\/panoramines\/wp-json\/wp\/v2\/posts\/26098","targetHints":{"allow":["GET"]}}],"collection":[{"href":"https:\/\/www.mines-stetienne.fr\/panoramines\/wp-json\/wp\/v2\/posts"}],"about":[{"href":"https:\/\/www.mines-stetienne.fr\/panoramines\/wp-json\/wp\/v2\/types\/post"}],"author":[{"embeddable":true,"href":"https:\/\/www.mines-stetienne.fr\/panoramines\/wp-json\/wp\/v2\/users\/2"}],"replies":[{"embeddable":true,"href":"https:\/\/www.mines-stetienne.fr\/panoramines\/wp-json\/wp\/v2\/comments?post=26098"}],"version-history":[{"count":15,"href":"https:\/\/www.mines-stetienne.fr\/panoramines\/wp-json\/wp\/v2\/posts\/26098\/revisions"}],"predecessor-version":[{"id":28101,"href":"https:\/\/www.mines-stetienne.fr\/panoramines\/wp-json\/wp\/v2\/posts\/26098\/revisions\/28101"}],"wp:featuredmedia":[{"embeddable":true,"href":"https:\/\/www.mines-stetienne.fr\/panoramines\/wp-json\/wp\/v2\/media\/26115"}],"wp:attachment":[{"href":"https:\/\/www.mines-stetienne.fr\/panoramines\/wp-json\/wp\/v2\/media?parent=26098"}],"wp:term":[{"taxonomy":"category","embeddable":true,"href":"https:\/\/www.mines-stetienne.fr\/panoramines\/wp-json\/wp\/v2\/categories?post=26098"},{"taxonomy":"post_tag","embeddable":true,"href":"https:\/\/www.mines-stetienne.fr\/panoramines\/wp-json\/wp\/v2\/tags?post=26098"}],"curies":[{"name":"wp","href":"https:\/\/api.w.org\/{rel}","templated":true}]}}