{"id":25630,"date":"2023-09-14T09:38:30","date_gmt":"2023-09-14T07:38:30","guid":{"rendered":"https:\/\/www.mines-stetienne.fr\/panoramines\/?p=25630"},"modified":"2025-03-15T12:28:05","modified_gmt":"2025-03-15T11:28:05","slug":"le-week-end-dintegration-fait-le-plein","status":"publish","type":"post","link":"https:\/\/www.mines-stetienne.fr\/panoramines\/2023\/09\/14\/le-week-end-dintegration-fait-le-plein\/","title":{"rendered":"Le week-end d&rsquo;int\u00e9gration fait le plein"},"content":{"rendered":"\n<h2 class=\"wp-block-heading\">Le traditionnel week-end d&rsquo;int\u00e9gration des \u00e9l\u00e8ves des cursus ICM et ISMIN s&rsquo;est d\u00e9roul\u00e9 du 7 au 10 septembre sur des sites diff\u00e9rents. Pr\u00e8s de 250 \u00e9tudiants ont fait connaissance lors de ces journ\u00e9es m\u00ealant convivialit\u00e9, partage et sport.<\/h2>\n\n\n\n<p>Les ICM ont commenc\u00e9 d\u00e8s le mercredi apr\u00e8s-midi par des activit\u00e9s r\u00e9cr\u00e9atives organis\u00e9es \u00e0 la Maison des \u00e9l\u00e8ves de Saint-\u00c9tienne. Ils ont consacr\u00e9 la journ\u00e9e du jeudi \u00e0 aider des associations et \u00e0 rendre visite \u00e0 des personnes \u00e2g\u00e9es en maison de retraite. Les nouvelle recrues ont ensuite pris de la hauteur et rejoint le Parc naturel r\u00e9gional du Pilat o\u00f9 ils ont effectu\u00e9 une randonn\u00e9e sur les chemins pierreux du Bessat, test\u00e9 la Via Ferrata de Planfoy (parcours d\u2019escalade sur des rochers am\u00e9nag\u00e9s) et descendu le fleuve Loire en cano\u00eb. <\/p>\n\n\n\n<hr class=\"wp-block-separator has-alpha-channel-opacity\"\/>\n\n\n\n<figure class=\"wp-block-image size-large\"><img loading=\"lazy\" decoding=\"async\" width=\"1024\" height=\"768\" src=\"https:\/\/www.mines-stetienne.fr\/panoramines\/wp-content\/uploads\/sites\/3\/2023\/09\/WANA-ISMIN-1024x768.jpg\" alt=\"\" class=\"wp-image-25670\" srcset=\"https:\/\/www.mines-stetienne.fr\/panoramines\/wp-content\/uploads\/sites\/3\/2023\/09\/WANA-ISMIN-1024x768.jpg 1024w, https:\/\/www.mines-stetienne.fr\/panoramines\/wp-content\/uploads\/sites\/3\/2023\/09\/WANA-ISMIN-300x225.jpg 300w, https:\/\/www.mines-stetienne.fr\/panoramines\/wp-content\/uploads\/sites\/3\/2023\/09\/WANA-ISMIN-768x576.jpg 768w, https:\/\/www.mines-stetienne.fr\/panoramines\/wp-content\/uploads\/sites\/3\/2023\/09\/WANA-ISMIN-1536x1152.jpg 1536w, https:\/\/www.mines-stetienne.fr\/panoramines\/wp-content\/uploads\/sites\/3\/2023\/09\/WANA-ISMIN-2048x1536.jpg 2048w\" sizes=\"auto, (max-width: 1024px) 100vw, 1024px\" \/><\/figure>\n\n\n\n<p>Leurs homologues proven\u00e7aux ont d\u00e9marr\u00e9 par une randonn\u00e9e en direction du Glacier Blanc, au c\u0153ur du Parc national des \u00c9crins, avant de poursuivre leur week-end de fa\u00e7on plus acrobatique avec un parcours d&rsquo;escalade et de la tyrolienne. Le troisi\u00e8me jour a \u00e9t\u00e9 enti\u00e8rement consacr\u00e9 \u00e0 une bonne action soci\u00e9tale. Elle a consist\u00e9 \u00e0 nettoyer les canaux destin\u00e9s \u00e0 alimenter en eau l&rsquo;ensemble du r\u00e9seau d&rsquo;irrigation g\u00e9r\u00e9 par l&rsquo;Asa de Vallouise. Une descente en canoraft sur les eaux agit\u00e9es de la rivi\u00e8re Durance a conclu ces quelques jours riches en \u00e9motions.<\/p>\n","protected":false},"excerpt":{"rendered":"<p>Le traditionnel week-end d&rsquo;int\u00e9gration des \u00e9l\u00e8ves des cursus ICM et ISMIN s&rsquo;est d\u00e9roul\u00e9 du 7 au 10 septembre sur des sites diff\u00e9rents. Pr\u00e8s de 250 \u00e9tudiants ont fait connaissance lors de ces journ\u00e9es m\u00ealant convivialit\u00e9, partage et sport. Les ICM &hellip;<\/p>\n","protected":false},"author":2,"featured_media":25669,"comment_status":"closed","ping_status":"open","sticky":false,"template":"","format":"standard","meta":{"_relevanssi_hide_post":"","_relevanssi_hide_content":"","_relevanssi_pin_for_all":"","_relevanssi_pin_keywords":"","_relevanssi_unpin_keywords":"","_relevanssi_related_keywords":"","_relevanssi_related_include_ids":"","_relevanssi_related_exclude_ids":"","_relevanssi_related_no_append":"","_relevanssi_related_not_related":"","_relevanssi_related_posts":"22405,174,388,19213,567,13331","_relevanssi_noindex_reason":"","footnotes":""},"categories":[8],"tags":[37,160,42,816],"class_list":["post-25630","post","type-post","status-publish","format-standard","has-post-thumbnail","hentry","category-vie-etudiante","tag-icm","tag-integration","tag-ismin","tag-wana"],"pp_statuses_selecting_workflow":false,"pp_workflow_action":"current","pp_status_selection":"publish","pp_force_visibility":null,"pp_subpost_visibility":null,"pp_inherited_force_visibility":null,"pp_inherited_subpost_visibility":null,"yoast_head":"<!-- This site is optimized with the Yoast SEO plugin v27.4 - https:\/\/yoast.com\/product\/yoast-seo-wordpress\/ -->\n<title>Le week-end d&#039;int\u00e9gration fait le plein - Panoramines<\/title>\n<meta name=\"robots\" content=\"index, follow, max-snippet:-1, max-image-preview:large, max-video-preview:-1\" \/>\n<link rel=\"canonical\" href=\"https:\/\/www.mines-stetienne.fr\/panoramines\/2023\/09\/14\/le-week-end-dintegration-fait-le-plein\/\" \/>\n<meta property=\"og:locale\" content=\"fr_FR\" \/>\n<meta property=\"og:type\" content=\"article\" \/>\n<meta property=\"og:title\" content=\"Le week-end d&#039;int\u00e9gration fait le plein - Panoramines\" \/>\n<meta property=\"og:description\" content=\"Le traditionnel week-end d&rsquo;int\u00e9gration des \u00e9l\u00e8ves des cursus ICM et ISMIN s&rsquo;est d\u00e9roul\u00e9 du 7 au 10 septembre sur des sites diff\u00e9rents. Pr\u00e8s de 250 \u00e9tudiants ont fait connaissance lors de ces journ\u00e9es m\u00ealant convivialit\u00e9, partage et sport. Les ICM &hellip;\" \/>\n<meta property=\"og:url\" content=\"https:\/\/www.mines-stetienne.fr\/panoramines\/2023\/09\/14\/le-week-end-dintegration-fait-le-plein\/\" \/>\n<meta property=\"og:site_name\" content=\"Panoramines\" \/>\n<meta property=\"article:author\" content=\"jjj\" \/>\n<meta property=\"article:published_time\" content=\"2023-09-14T07:38:30+00:00\" \/>\n<meta property=\"article:modified_time\" content=\"2025-03-15T11:28:05+00:00\" \/>\n<meta property=\"og:image\" content=\"https:\/\/www.mines-stetienne.fr\/panoramines\/wp-content\/uploads\/sites\/3\/2023\/09\/WANA-ICM-scaled.jpg\" \/>\n\t<meta property=\"og:image:width\" content=\"2560\" \/>\n\t<meta property=\"og:image:height\" content=\"1714\" \/>\n\t<meta property=\"og:image:type\" content=\"image\/jpeg\" \/>\n<meta name=\"author\" content=\"Gr\u00e9goire\" \/>\n<meta name=\"twitter:card\" content=\"summary_large_image\" \/>\n<meta name=\"twitter:creator\" content=\"@qqq\" \/>\n<meta name=\"twitter:label1\" content=\"\u00c9crit par\" \/>\n\t<meta name=\"twitter:data1\" content=\"Gr\u00e9goire\" \/>\n\t<meta name=\"twitter:label2\" content=\"Dur\u00e9e de lecture estim\u00e9e\" \/>\n\t<meta name=\"twitter:data2\" content=\"2 minutes\" \/>\n<script type=\"application\/ld+json\" class=\"yoast-schema-graph\">{\"@context\":\"https:\\\/\\\/schema.org\",\"@graph\":[{\"@type\":\"Article\",\"@id\":\"https:\\\/\\\/www.mines-stetienne.fr\\\/panoramines\\\/2023\\\/09\\\/14\\\/le-week-end-dintegration-fait-le-plein\\\/#article\",\"isPartOf\":{\"@id\":\"https:\\\/\\\/www.mines-stetienne.fr\\\/panoramines\\\/2023\\\/09\\\/14\\\/le-week-end-dintegration-fait-le-plein\\\/\"},\"author\":{\"name\":\"Gr\u00e9goire\",\"@id\":\"https:\\\/\\\/www.mines-stetienne.fr\\\/panoramines\\\/#\\\/schema\\\/person\\\/53c118c529c866c1454c8138b35880e8\"},\"headline\":\"Le week-end d&rsquo;int\u00e9gration fait le plein\",\"datePublished\":\"2023-09-14T07:38:30+00:00\",\"dateModified\":\"2025-03-15T11:28:05+00:00\",\"mainEntityOfPage\":{\"@id\":\"https:\\\/\\\/www.mines-stetienne.fr\\\/panoramines\\\/2023\\\/09\\\/14\\\/le-week-end-dintegration-fait-le-plein\\\/\"},\"wordCount\":251,\"image\":{\"@id\":\"https:\\\/\\\/www.mines-stetienne.fr\\\/panoramines\\\/2023\\\/09\\\/14\\\/le-week-end-dintegration-fait-le-plein\\\/#primaryimage\"},\"thumbnailUrl\":\"https:\\\/\\\/www.mines-stetienne.fr\\\/panoramines\\\/wp-content\\\/uploads\\\/sites\\\/3\\\/2023\\\/09\\\/WANA-ICM-scaled.jpg\",\"keywords\":[\"ICM\",\"Int\u00e9gration\",\"ISMIN\",\"WANA\"],\"articleSection\":[\"Vie \u00e9tudiante\"],\"inLanguage\":\"fr-FR\"},{\"@type\":\"WebPage\",\"@id\":\"https:\\\/\\\/www.mines-stetienne.fr\\\/panoramines\\\/2023\\\/09\\\/14\\\/le-week-end-dintegration-fait-le-plein\\\/\",\"url\":\"https:\\\/\\\/www.mines-stetienne.fr\\\/panoramines\\\/2023\\\/09\\\/14\\\/le-week-end-dintegration-fait-le-plein\\\/\",\"name\":\"Le week-end d'int\u00e9gration fait le plein - Panoramines\",\"isPartOf\":{\"@id\":\"https:\\\/\\\/www.mines-stetienne.fr\\\/panoramines\\\/#website\"},\"primaryImageOfPage\":{\"@id\":\"https:\\\/\\\/www.mines-stetienne.fr\\\/panoramines\\\/2023\\\/09\\\/14\\\/le-week-end-dintegration-fait-le-plein\\\/#primaryimage\"},\"image\":{\"@id\":\"https:\\\/\\\/www.mines-stetienne.fr\\\/panoramines\\\/2023\\\/09\\\/14\\\/le-week-end-dintegration-fait-le-plein\\\/#primaryimage\"},\"thumbnailUrl\":\"https:\\\/\\\/www.mines-stetienne.fr\\\/panoramines\\\/wp-content\\\/uploads\\\/sites\\\/3\\\/2023\\\/09\\\/WANA-ICM-scaled.jpg\",\"datePublished\":\"2023-09-14T07:38:30+00:00\",\"dateModified\":\"2025-03-15T11:28:05+00:00\",\"author\":{\"@id\":\"https:\\\/\\\/www.mines-stetienne.fr\\\/panoramines\\\/#\\\/schema\\\/person\\\/53c118c529c866c1454c8138b35880e8\"},\"breadcrumb\":{\"@id\":\"https:\\\/\\\/www.mines-stetienne.fr\\\/panoramines\\\/2023\\\/09\\\/14\\\/le-week-end-dintegration-fait-le-plein\\\/#breadcrumb\"},\"inLanguage\":\"fr-FR\",\"potentialAction\":[{\"@type\":\"ReadAction\",\"target\":[\"https:\\\/\\\/www.mines-stetienne.fr\\\/panoramines\\\/2023\\\/09\\\/14\\\/le-week-end-dintegration-fait-le-plein\\\/\"]}]},{\"@type\":\"ImageObject\",\"inLanguage\":\"fr-FR\",\"@id\":\"https:\\\/\\\/www.mines-stetienne.fr\\\/panoramines\\\/2023\\\/09\\\/14\\\/le-week-end-dintegration-fait-le-plein\\\/#primaryimage\",\"url\":\"https:\\\/\\\/www.mines-stetienne.fr\\\/panoramines\\\/wp-content\\\/uploads\\\/sites\\\/3\\\/2023\\\/09\\\/WANA-ICM-scaled.jpg\",\"contentUrl\":\"https:\\\/\\\/www.mines-stetienne.fr\\\/panoramines\\\/wp-content\\\/uploads\\\/sites\\\/3\\\/2023\\\/09\\\/WANA-ICM-scaled.jpg\",\"width\":2560,\"height\":1714},{\"@type\":\"BreadcrumbList\",\"@id\":\"https:\\\/\\\/www.mines-stetienne.fr\\\/panoramines\\\/2023\\\/09\\\/14\\\/le-week-end-dintegration-fait-le-plein\\\/#breadcrumb\",\"itemListElement\":[{\"@type\":\"ListItem\",\"position\":1,\"name\":\"Accueil\",\"item\":\"https:\\\/\\\/www.mines-stetienne.fr\\\/panoramines\\\/\"},{\"@type\":\"ListItem\",\"position\":2,\"name\":\"Le week-end d&rsquo;int\u00e9gration fait le plein\"}]},{\"@type\":\"WebSite\",\"@id\":\"https:\\\/\\\/www.mines-stetienne.fr\\\/panoramines\\\/#website\",\"url\":\"https:\\\/\\\/www.mines-stetienne.fr\\\/panoramines\\\/\",\"name\":\"Panoramines\",\"description\":\"Panoramines, l\u2019actualit\u00e9 de MINES Saint-\u00c9tienne\",\"potentialAction\":[{\"@type\":\"SearchAction\",\"target\":{\"@type\":\"EntryPoint\",\"urlTemplate\":\"https:\\\/\\\/www.mines-stetienne.fr\\\/panoramines\\\/?s={search_term_string}\"},\"query-input\":{\"@type\":\"PropertyValueSpecification\",\"valueRequired\":true,\"valueName\":\"search_term_string\"}}],\"inLanguage\":\"fr-FR\"},{\"@type\":\"Person\",\"@id\":\"https:\\\/\\\/www.mines-stetienne.fr\\\/panoramines\\\/#\\\/schema\\\/person\\\/53c118c529c866c1454c8138b35880e8\",\"name\":\"Gr\u00e9goire\",\"image\":{\"@type\":\"ImageObject\",\"inLanguage\":\"fr-FR\",\"@id\":\"https:\\\/\\\/www.mines-stetienne.fr\\\/panoramines\\\/wp-content\\\/uploads\\\/sites\\\/3\\\/2021\\\/07\\\/logo-75x75-1.png\",\"url\":\"https:\\\/\\\/www.mines-stetienne.fr\\\/panoramines\\\/wp-content\\\/uploads\\\/sites\\\/3\\\/2021\\\/07\\\/logo-75x75-1.png\",\"contentUrl\":\"https:\\\/\\\/www.mines-stetienne.fr\\\/panoramines\\\/wp-content\\\/uploads\\\/sites\\\/3\\\/2021\\\/07\\\/logo-75x75-1.png\",\"caption\":\"Gr\u00e9goire\"},\"sameAs\":[\"http:\\\/\\\/www.mines-stetienne.fr\",\"jjj\",\"kkk\",\"aaa\",\"mmm\",\"https:\\\/\\\/x.com\\\/qqq\",\"lll\",\"rrr\",\"nnn\",\"ooo\",\"ppp\"],\"url\":\"https:\\\/\\\/www.mines-stetienne.fr\\\/panoramines\\\/author\\\/gregoire\\\/\"}]}<\/script>\n<!-- \/ Yoast SEO plugin. -->","yoast_head_json":{"title":"Le week-end d'int\u00e9gration fait le plein - Panoramines","robots":{"index":"index","follow":"follow","max-snippet":"max-snippet:-1","max-image-preview":"max-image-preview:large","max-video-preview":"max-video-preview:-1"},"canonical":"https:\/\/www.mines-stetienne.fr\/panoramines\/2023\/09\/14\/le-week-end-dintegration-fait-le-plein\/","og_locale":"fr_FR","og_type":"article","og_title":"Le week-end d'int\u00e9gration fait le plein - Panoramines","og_description":"Le traditionnel week-end d&rsquo;int\u00e9gration des \u00e9l\u00e8ves des cursus ICM et ISMIN s&rsquo;est d\u00e9roul\u00e9 du 7 au 10 septembre sur des sites diff\u00e9rents. Pr\u00e8s de 250 \u00e9tudiants ont fait connaissance lors de ces journ\u00e9es m\u00ealant convivialit\u00e9, partage et sport. Les ICM &hellip;","og_url":"https:\/\/www.mines-stetienne.fr\/panoramines\/2023\/09\/14\/le-week-end-dintegration-fait-le-plein\/","og_site_name":"Panoramines","article_author":"jjj","article_published_time":"2023-09-14T07:38:30+00:00","article_modified_time":"2025-03-15T11:28:05+00:00","og_image":[{"width":2560,"height":1714,"url":"https:\/\/www.mines-stetienne.fr\/panoramines\/wp-content\/uploads\/sites\/3\/2023\/09\/WANA-ICM-scaled.jpg","type":"image\/jpeg"}],"author":"Gr\u00e9goire","twitter_card":"summary_large_image","twitter_creator":"@qqq","twitter_misc":{"\u00c9crit par":"Gr\u00e9goire","Dur\u00e9e de lecture estim\u00e9e":"2 minutes"},"schema":{"@context":"https:\/\/schema.org","@graph":[{"@type":"Article","@id":"https:\/\/www.mines-stetienne.fr\/panoramines\/2023\/09\/14\/le-week-end-dintegration-fait-le-plein\/#article","isPartOf":{"@id":"https:\/\/www.mines-stetienne.fr\/panoramines\/2023\/09\/14\/le-week-end-dintegration-fait-le-plein\/"},"author":{"name":"Gr\u00e9goire","@id":"https:\/\/www.mines-stetienne.fr\/panoramines\/#\/schema\/person\/53c118c529c866c1454c8138b35880e8"},"headline":"Le week-end d&rsquo;int\u00e9gration fait le plein","datePublished":"2023-09-14T07:38:30+00:00","dateModified":"2025-03-15T11:28:05+00:00","mainEntityOfPage":{"@id":"https:\/\/www.mines-stetienne.fr\/panoramines\/2023\/09\/14\/le-week-end-dintegration-fait-le-plein\/"},"wordCount":251,"image":{"@id":"https:\/\/www.mines-stetienne.fr\/panoramines\/2023\/09\/14\/le-week-end-dintegration-fait-le-plein\/#primaryimage"},"thumbnailUrl":"https:\/\/www.mines-stetienne.fr\/panoramines\/wp-content\/uploads\/sites\/3\/2023\/09\/WANA-ICM-scaled.jpg","keywords":["ICM","Int\u00e9gration","ISMIN","WANA"],"articleSection":["Vie \u00e9tudiante"],"inLanguage":"fr-FR"},{"@type":"WebPage","@id":"https:\/\/www.mines-stetienne.fr\/panoramines\/2023\/09\/14\/le-week-end-dintegration-fait-le-plein\/","url":"https:\/\/www.mines-stetienne.fr\/panoramines\/2023\/09\/14\/le-week-end-dintegration-fait-le-plein\/","name":"Le week-end d'int\u00e9gration fait le plein - Panoramines","isPartOf":{"@id":"https:\/\/www.mines-stetienne.fr\/panoramines\/#website"},"primaryImageOfPage":{"@id":"https:\/\/www.mines-stetienne.fr\/panoramines\/2023\/09\/14\/le-week-end-dintegration-fait-le-plein\/#primaryimage"},"image":{"@id":"https:\/\/www.mines-stetienne.fr\/panoramines\/2023\/09\/14\/le-week-end-dintegration-fait-le-plein\/#primaryimage"},"thumbnailUrl":"https:\/\/www.mines-stetienne.fr\/panoramines\/wp-content\/uploads\/sites\/3\/2023\/09\/WANA-ICM-scaled.jpg","datePublished":"2023-09-14T07:38:30+00:00","dateModified":"2025-03-15T11:28:05+00:00","author":{"@id":"https:\/\/www.mines-stetienne.fr\/panoramines\/#\/schema\/person\/53c118c529c866c1454c8138b35880e8"},"breadcrumb":{"@id":"https:\/\/www.mines-stetienne.fr\/panoramines\/2023\/09\/14\/le-week-end-dintegration-fait-le-plein\/#breadcrumb"},"inLanguage":"fr-FR","potentialAction":[{"@type":"ReadAction","target":["https:\/\/www.mines-stetienne.fr\/panoramines\/2023\/09\/14\/le-week-end-dintegration-fait-le-plein\/"]}]},{"@type":"ImageObject","inLanguage":"fr-FR","@id":"https:\/\/www.mines-stetienne.fr\/panoramines\/2023\/09\/14\/le-week-end-dintegration-fait-le-plein\/#primaryimage","url":"https:\/\/www.mines-stetienne.fr\/panoramines\/wp-content\/uploads\/sites\/3\/2023\/09\/WANA-ICM-scaled.jpg","contentUrl":"https:\/\/www.mines-stetienne.fr\/panoramines\/wp-content\/uploads\/sites\/3\/2023\/09\/WANA-ICM-scaled.jpg","width":2560,"height":1714},{"@type":"BreadcrumbList","@id":"https:\/\/www.mines-stetienne.fr\/panoramines\/2023\/09\/14\/le-week-end-dintegration-fait-le-plein\/#breadcrumb","itemListElement":[{"@type":"ListItem","position":1,"name":"Accueil","item":"https:\/\/www.mines-stetienne.fr\/panoramines\/"},{"@type":"ListItem","position":2,"name":"Le week-end d&rsquo;int\u00e9gration fait le plein"}]},{"@type":"WebSite","@id":"https:\/\/www.mines-stetienne.fr\/panoramines\/#website","url":"https:\/\/www.mines-stetienne.fr\/panoramines\/","name":"Panoramines","description":"Panoramines, l\u2019actualit\u00e9 de MINES Saint-\u00c9tienne","potentialAction":[{"@type":"SearchAction","target":{"@type":"EntryPoint","urlTemplate":"https:\/\/www.mines-stetienne.fr\/panoramines\/?s={search_term_string}"},"query-input":{"@type":"PropertyValueSpecification","valueRequired":true,"valueName":"search_term_string"}}],"inLanguage":"fr-FR"},{"@type":"Person","@id":"https:\/\/www.mines-stetienne.fr\/panoramines\/#\/schema\/person\/53c118c529c866c1454c8138b35880e8","name":"Gr\u00e9goire","image":{"@type":"ImageObject","inLanguage":"fr-FR","@id":"https:\/\/www.mines-stetienne.fr\/panoramines\/wp-content\/uploads\/sites\/3\/2021\/07\/logo-75x75-1.png","url":"https:\/\/www.mines-stetienne.fr\/panoramines\/wp-content\/uploads\/sites\/3\/2021\/07\/logo-75x75-1.png","contentUrl":"https:\/\/www.mines-stetienne.fr\/panoramines\/wp-content\/uploads\/sites\/3\/2021\/07\/logo-75x75-1.png","caption":"Gr\u00e9goire"},"sameAs":["http:\/\/www.mines-stetienne.fr","jjj","kkk","aaa","mmm","https:\/\/x.com\/qqq","lll","rrr","nnn","ooo","ppp"],"url":"https:\/\/www.mines-stetienne.fr\/panoramines\/author\/gregoire\/"}]}},"_links":{"self":[{"href":"https:\/\/www.mines-stetienne.fr\/panoramines\/wp-json\/wp\/v2\/posts\/25630","targetHints":{"allow":["GET"]}}],"collection":[{"href":"https:\/\/www.mines-stetienne.fr\/panoramines\/wp-json\/wp\/v2\/posts"}],"about":[{"href":"https:\/\/www.mines-stetienne.fr\/panoramines\/wp-json\/wp\/v2\/types\/post"}],"author":[{"embeddable":true,"href":"https:\/\/www.mines-stetienne.fr\/panoramines\/wp-json\/wp\/v2\/users\/2"}],"replies":[{"embeddable":true,"href":"https:\/\/www.mines-stetienne.fr\/panoramines\/wp-json\/wp\/v2\/comments?post=25630"}],"version-history":[{"count":15,"href":"https:\/\/www.mines-stetienne.fr\/panoramines\/wp-json\/wp\/v2\/posts\/25630\/revisions"}],"predecessor-version":[{"id":28111,"href":"https:\/\/www.mines-stetienne.fr\/panoramines\/wp-json\/wp\/v2\/posts\/25630\/revisions\/28111"}],"wp:featuredmedia":[{"embeddable":true,"href":"https:\/\/www.mines-stetienne.fr\/panoramines\/wp-json\/wp\/v2\/media\/25669"}],"wp:attachment":[{"href":"https:\/\/www.mines-stetienne.fr\/panoramines\/wp-json\/wp\/v2\/media?parent=25630"}],"wp:term":[{"taxonomy":"category","embeddable":true,"href":"https:\/\/www.mines-stetienne.fr\/panoramines\/wp-json\/wp\/v2\/categories?post=25630"},{"taxonomy":"post_tag","embeddable":true,"href":"https:\/\/www.mines-stetienne.fr\/panoramines\/wp-json\/wp\/v2\/tags?post=25630"}],"curies":[{"name":"wp","href":"https:\/\/api.w.org\/{rel}","templated":true}]}}