{"id":25439,"date":"2023-07-28T09:51:43","date_gmt":"2023-07-28T07:51:43","guid":{"rendered":"https:\/\/www.mines-stetienne.fr\/panoramines\/?p=25439"},"modified":"2025-03-10T16:51:23","modified_gmt":"2025-03-10T15:51:23","slug":"decollage-reussi-pour-deux-etudiants-de-mines-saint-etienne","status":"publish","type":"post","link":"https:\/\/www.mines-stetienne.fr\/panoramines\/2023\/07\/28\/decollage-reussi-pour-deux-etudiants-de-mines-saint-etienne\/","title":{"rendered":"D\u00e9collage r\u00e9ussi pour deux \u00e9tudiants de Mines Saint-\u00c9tienne"},"content":{"rendered":"\n<h2 class=\"wp-block-heading\">Aldric Parent et Evann Kurzawa, en premi\u00e8re ann\u00e9e du cursus ICM, ont pens\u00e9, fabriqu\u00e9 et lanc\u00e9 une mini-fus\u00e9e. Retour sur un beau projet men\u00e9 dans le cadre de leur parcours de futurs ing\u00e9nieurs dans l&rsquo;a\u00e9rospatial.<\/h2>\n\n\n\n<p>Ils ont les pieds sur terre et la t\u00eate dans les \u00e9toiles. Aldric Parent et Evann Kurzawa sont deux amis passionn\u00e9s par l&rsquo;espace et l&rsquo;a\u00e9rospatial. Ils se sont rencontr\u00e9s \u00e0 Mines Saint-\u00c9tienne cette ann\u00e9e. Tr\u00e8s vite et de fa\u00e7on assez naturelle, ils d\u00e9cident de participer \u00e0 l&rsquo;\u00e9dition 2023 du C&rsquo;Space Project, le concours national de lancement de fus\u00e9es exp\u00e9rimentales organis\u00e9 par le <a href=\"https:\/\/cnes.fr\/fr\" target=\"_blank\" rel=\"noreferrer noopener\">Centre National d&rsquo;\u00c9tudes Spatiales<\/a> (CNES) en partenariat avec l&rsquo;association <a href=\"https:\/\/www.planete-sciences.org\/national\/\" target=\"_blank\" rel=\"noreferrer noopener\">Plan\u00e8te Sciences<\/a>. <\/p>\n\n\n\n<h4 class=\"wp-block-heading\">Un d\u00e9collage sans encombre<\/h4>\n\n\n\n<p>Epsi\u14a7\u14aaon, le nom de la fus\u00e9e imagin\u00e9e par les deux jeunes ing\u00e9nieurs en formation, a donc d\u00e9coll\u00e9 le mercredi 19 juillet, \u00e0 17h30, depuis la rampe Toutatis install\u00e9e sur le tarmac de la base militaire du 1<sup>er<\/sup> r\u00e9giment de hussards parachutistes de Tarbes (Hautes-Pyr\u00e9n\u00e9es). <\/p>\n\n\n\n<p>L&rsquo;objet volant a \u00e9t\u00e9 propuls\u00e9 dans les airs gr\u00e2ce \u00e0 de la poudre explosive et une m\u00e8che. Il a atteint une apog\u00e9e de 650 m. Le temps de vol ascendant a dur\u00e9 10,5 secondes et le temps de descente, sous parachute, a pris 81 secondes. <\/p>\n\n\n\n<p>Comme le pr\u00e9cise Aldric : \u00ab\u00a0<em>Malgr\u00e9 quelques p\u00e9rip\u00e9ties peu avant le jour J<\/em>, <em>nous garderons un excellent souvenir de cette exp\u00e9rience. Nous n&rsquo;avons rencontr\u00e9 aucun probl\u00e8me de propulsion. La fus\u00e9e est rest\u00e9e stable lors du vol. Les capteurs ont fonctionn\u00e9 et ils nous ont permis d&rsquo;obtenir des valeurs de temp\u00e9rature que nous analyserons ult\u00e9rieurement.<\/em>\u00ab\u00a0<\/p>\n\n\n\n<p>Dans ce projet collaboratif, Aldric avait en charge la partie \u00e9lectronique de la fus\u00e9e tandis qu&rsquo;Evann supervisait la conception m\u00e9canique.<\/p>\n\n\n\n<figure class=\"wp-block-gallery has-nested-images columns-default is-cropped wp-block-gallery-2 is-layout-flex wp-block-gallery-is-layout-flex\">\n<figure class=\"wp-block-image size-large\"><img loading=\"lazy\" decoding=\"async\" width=\"768\" height=\"1024\" data-id=\"25453\" src=\"https:\/\/www.mines-stetienne.fr\/panoramines\/wp-content\/uploads\/sites\/3\/2023\/07\/Fusee-1-768x1024.jpg\" alt=\"\" class=\"wp-image-25453\" srcset=\"https:\/\/www.mines-stetienne.fr\/panoramines\/wp-content\/uploads\/sites\/3\/2023\/07\/Fusee-1-768x1024.jpg 768w, https:\/\/www.mines-stetienne.fr\/panoramines\/wp-content\/uploads\/sites\/3\/2023\/07\/Fusee-1-225x300.jpg 225w, https:\/\/www.mines-stetienne.fr\/panoramines\/wp-content\/uploads\/sites\/3\/2023\/07\/Fusee-1-1152x1536.jpg 1152w, https:\/\/www.mines-stetienne.fr\/panoramines\/wp-content\/uploads\/sites\/3\/2023\/07\/Fusee-1-1536x2048.jpg 1536w, https:\/\/www.mines-stetienne.fr\/panoramines\/wp-content\/uploads\/sites\/3\/2023\/07\/Fusee-1-scaled.jpg 1920w\" sizes=\"auto, (max-width: 768px) 100vw, 768px\" \/><\/figure>\n\n\n\n<figure class=\"wp-block-image size-large\"><img loading=\"lazy\" decoding=\"async\" width=\"768\" height=\"1024\" data-id=\"25452\" src=\"https:\/\/www.mines-stetienne.fr\/panoramines\/wp-content\/uploads\/sites\/3\/2023\/07\/Fusee-2-768x1024.jpg\" alt=\"\" class=\"wp-image-25452\" srcset=\"https:\/\/www.mines-stetienne.fr\/panoramines\/wp-content\/uploads\/sites\/3\/2023\/07\/Fusee-2-768x1024.jpg 768w, https:\/\/www.mines-stetienne.fr\/panoramines\/wp-content\/uploads\/sites\/3\/2023\/07\/Fusee-2-225x300.jpg 225w, https:\/\/www.mines-stetienne.fr\/panoramines\/wp-content\/uploads\/sites\/3\/2023\/07\/Fusee-2-1152x1536.jpg 1152w, https:\/\/www.mines-stetienne.fr\/panoramines\/wp-content\/uploads\/sites\/3\/2023\/07\/Fusee-2-1536x2048.jpg 1536w, https:\/\/www.mines-stetienne.fr\/panoramines\/wp-content\/uploads\/sites\/3\/2023\/07\/Fusee-2-scaled.jpg 1920w\" sizes=\"auto, (max-width: 768px) 100vw, 768px\" \/><\/figure>\n\n\n\n<figure class=\"wp-block-image size-large\"><img loading=\"lazy\" decoding=\"async\" width=\"683\" height=\"1024\" data-id=\"25454\" src=\"https:\/\/www.mines-stetienne.fr\/panoramines\/wp-content\/uploads\/sites\/3\/2023\/07\/Fusee-decollage-683x1024.jpg\" alt=\"\" class=\"wp-image-25454\" srcset=\"https:\/\/www.mines-stetienne.fr\/panoramines\/wp-content\/uploads\/sites\/3\/2023\/07\/Fusee-decollage-683x1024.jpg 683w, https:\/\/www.mines-stetienne.fr\/panoramines\/wp-content\/uploads\/sites\/3\/2023\/07\/Fusee-decollage-200x300.jpg 200w, https:\/\/www.mines-stetienne.fr\/panoramines\/wp-content\/uploads\/sites\/3\/2023\/07\/Fusee-decollage-768x1152.jpg 768w, https:\/\/www.mines-stetienne.fr\/panoramines\/wp-content\/uploads\/sites\/3\/2023\/07\/Fusee-decollage-1024x1536.jpg 1024w, https:\/\/www.mines-stetienne.fr\/panoramines\/wp-content\/uploads\/sites\/3\/2023\/07\/Fusee-decollage-1365x2048.jpg 1365w, https:\/\/www.mines-stetienne.fr\/panoramines\/wp-content\/uploads\/sites\/3\/2023\/07\/Fusee-decollage-scaled.jpg 1707w\" sizes=\"auto, (max-width: 683px) 100vw, 683px\" \/><\/figure>\n<\/figure>\n\n\n\n<hr class=\"wp-block-separator has-alpha-channel-opacity\" \/>\n\n\n\n<h4 class=\"wp-block-heading\">L&rsquo;Irec Project en ligne de mire en 2024<\/h4>\n\n\n\n<p>En mai dernier, suite \u00e0 l&rsquo;envoi d&rsquo;un solide dossier de candidature, les deux \u00e9tudiants ont d\u00e9croch\u00e9 une \u00ab\u00a0bourse espace\u00a0\u00bb de 3000 euros attribu\u00e9e par la <a href=\"https:\/\/www.fondation-ailesdefrance.fr\/\" target=\"_blank\" rel=\"noreferrer noopener\">Fondation Ailes de France<\/a>. Ces dotations sont destin\u00e9es \u00e0 soutenir des \u00e9tudiants m\u00e9ritants en leur donnant les moyens de mener \u00e0 bien des projets dans les domaines directement li\u00e9s au secteur spatial. Aldric et Evann utiliseront cette somme pour tenter de d\u00e9crocher une place \u00e0 l&rsquo;Irec Project l&rsquo;ann\u00e9e prochaine. Ce concours de lancement de fus\u00e9es est organis\u00e9 aux Etats-Unis. Il r\u00e9unit des \u00e9quipes venues du monde entier : \u00ab\u00a0<span><i>Nous sommes conscients qu&rsquo;il sera difficile de participer \u00e0 cet \u00e9v\u00e9nement de haut niveau. Nous allons malgr\u00e9 tout tenter notre chance en faisant du mieux possible. Si notre r\u00eave am\u00e9ricain ne se concr\u00e9tisait pas, nous nous rabattrons sur l&rsquo;<\/i><a style=\"font-style: italic\" href=\"https:\/\/euroc.pt\/\" target=\"_blank\" rel=\"noreferrer noopener\">European Rocketry Challenge<\/a><\/span><em> ou sur une nouvelle participation au C&rsquo;Space Project dans la cat\u00e9gorie sup\u00e9rieure. Nous sommes pr\u00eats et d\u00e9termin\u00e9s \u00e0 relever l&rsquo;un de ces d\u00e9fis.<\/em>\u00ab\u00a0<\/p>\n\n\n\n<figure class=\"wp-block-image size-large\"><img loading=\"lazy\" decoding=\"async\" width=\"1024\" height=\"768\" src=\"https:\/\/www.mines-stetienne.fr\/panoramines\/wp-content\/uploads\/sites\/3\/2023\/07\/Remise-de-la-bourse-1024x768.jpeg\" alt=\"\" class=\"wp-image-25457\" srcset=\"https:\/\/www.mines-stetienne.fr\/panoramines\/wp-content\/uploads\/sites\/3\/2023\/07\/Remise-de-la-bourse-1024x768.jpeg 1024w, https:\/\/www.mines-stetienne.fr\/panoramines\/wp-content\/uploads\/sites\/3\/2023\/07\/Remise-de-la-bourse-300x225.jpeg 300w, https:\/\/www.mines-stetienne.fr\/panoramines\/wp-content\/uploads\/sites\/3\/2023\/07\/Remise-de-la-bourse-768x576.jpeg 768w, https:\/\/www.mines-stetienne.fr\/panoramines\/wp-content\/uploads\/sites\/3\/2023\/07\/Remise-de-la-bourse.jpeg 1478w\" sizes=\"auto, (max-width: 1024px) 100vw, 1024px\" \/><figcaption class=\"wp-element-caption\">La remise du ch\u00e8que s&rsquo;est d\u00e9roul\u00e9e lors de la 54\u00e8me \u00e9dition du Salon International de l&rsquo;A\u00e9ronautique et de l&rsquo;Espace, fin juin 2023, au Parc des Expositions de Paris-Le Bourget.<\/figcaption><\/figure>\n\n\n\n<hr class=\"wp-block-separator has-alpha-channel-opacity\" \/>\n","protected":false},"excerpt":{"rendered":"<p>Aldric Parent et Evann Kurzawa, en premi\u00e8re ann\u00e9e du cursus ICM, ont pens\u00e9, fabriqu\u00e9 et lanc\u00e9 une mini-fus\u00e9e. Retour sur un beau projet men\u00e9 dans le cadre de leur parcours de futurs ing\u00e9nieurs dans l&rsquo;a\u00e9rospatial. Ils ont les pieds sur &hellip;<\/p>\n","protected":false},"author":2,"featured_media":25451,"comment_status":"closed","ping_status":"open","sticky":false,"template":"","format":"standard","meta":{"_relevanssi_hide_post":"","_relevanssi_hide_content":"","_relevanssi_pin_for_all":"","_relevanssi_pin_keywords":"","_relevanssi_unpin_keywords":"","_relevanssi_related_keywords":"","_relevanssi_related_include_ids":"","_relevanssi_related_exclude_ids":"","_relevanssi_related_no_append":"","_relevanssi_related_not_related":"","_relevanssi_related_posts":"17214,1051,18047,1427,86,1112","_relevanssi_noindex_reason":"","footnotes":""},"categories":[8],"tags":[910,545,913,37,911,873],"class_list":["post-25439","post","type-post","status-publish","format-standard","has-post-thumbnail","hentry","category-vie-etudiante","tag-cspace-project","tag-cnes","tag-fondation-ailes-de-france","tag-icm","tag-irec-project","tag-mines-saint-etienne"],"pp_statuses_selecting_workflow":false,"pp_workflow_action":"current","pp_status_selection":"publish","pp_force_visibility":null,"pp_subpost_visibility":null,"pp_inherited_force_visibility":null,"pp_inherited_subpost_visibility":null,"yoast_head":"<!-- This site is optimized with the Yoast SEO plugin v27.4 - https:\/\/yoast.com\/product\/yoast-seo-wordpress\/ -->\n<title>D\u00e9collage r\u00e9ussi pour deux \u00e9tudiants de Mines Saint-\u00c9tienne - Panoramines<\/title>\n<meta name=\"robots\" content=\"index, follow, max-snippet:-1, max-image-preview:large, max-video-preview:-1\" \/>\n<link rel=\"canonical\" href=\"https:\/\/www.mines-stetienne.fr\/panoramines\/2023\/07\/28\/decollage-reussi-pour-deux-etudiants-de-mines-saint-etienne\/\" \/>\n<meta property=\"og:locale\" content=\"fr_FR\" \/>\n<meta property=\"og:type\" content=\"article\" \/>\n<meta property=\"og:title\" content=\"D\u00e9collage r\u00e9ussi pour deux \u00e9tudiants de Mines Saint-\u00c9tienne - Panoramines\" \/>\n<meta property=\"og:description\" content=\"Aldric Parent et Evann Kurzawa, en premi\u00e8re ann\u00e9e du cursus ICM, ont pens\u00e9, fabriqu\u00e9 et lanc\u00e9 une mini-fus\u00e9e. Retour sur un beau projet men\u00e9 dans le cadre de leur parcours de futurs ing\u00e9nieurs dans l&rsquo;a\u00e9rospatial. Ils ont les pieds sur &hellip;\" \/>\n<meta property=\"og:url\" content=\"https:\/\/www.mines-stetienne.fr\/panoramines\/2023\/07\/28\/decollage-reussi-pour-deux-etudiants-de-mines-saint-etienne\/\" \/>\n<meta property=\"og:site_name\" content=\"Panoramines\" \/>\n<meta property=\"article:author\" content=\"jjj\" \/>\n<meta property=\"article:published_time\" content=\"2023-07-28T07:51:43+00:00\" \/>\n<meta property=\"article:modified_time\" content=\"2025-03-10T15:51:23+00:00\" \/>\n<meta property=\"og:image\" content=\"https:\/\/www.mines-stetienne.fr\/panoramines\/wp-content\/uploads\/sites\/3\/2023\/07\/Aldric-Parent-et-Evann-Kurzawa-scaled.jpg\" \/>\n\t<meta property=\"og:image:width\" content=\"2560\" \/>\n\t<meta property=\"og:image:height\" content=\"1920\" \/>\n\t<meta property=\"og:image:type\" content=\"image\/jpeg\" \/>\n<meta name=\"author\" content=\"Gr\u00e9goire\" \/>\n<meta name=\"twitter:card\" content=\"summary_large_image\" \/>\n<meta name=\"twitter:creator\" content=\"@qqq\" \/>\n<meta name=\"twitter:label1\" content=\"\u00c9crit par\" \/>\n\t<meta name=\"twitter:data1\" content=\"Gr\u00e9goire\" \/>\n\t<meta name=\"twitter:label2\" content=\"Dur\u00e9e de lecture estim\u00e9e\" \/>\n\t<meta name=\"twitter:data2\" content=\"4 minutes\" \/>\n<script type=\"application\/ld+json\" class=\"yoast-schema-graph\">{\"@context\":\"https:\\\/\\\/schema.org\",\"@graph\":[{\"@type\":\"Article\",\"@id\":\"https:\\\/\\\/www.mines-stetienne.fr\\\/panoramines\\\/2023\\\/07\\\/28\\\/decollage-reussi-pour-deux-etudiants-de-mines-saint-etienne\\\/#article\",\"isPartOf\":{\"@id\":\"https:\\\/\\\/www.mines-stetienne.fr\\\/panoramines\\\/2023\\\/07\\\/28\\\/decollage-reussi-pour-deux-etudiants-de-mines-saint-etienne\\\/\"},\"author\":{\"name\":\"Gr\u00e9goire\",\"@id\":\"https:\\\/\\\/www.mines-stetienne.fr\\\/panoramines\\\/#\\\/schema\\\/person\\\/53c118c529c866c1454c8138b35880e8\"},\"headline\":\"D\u00e9collage r\u00e9ussi pour deux \u00e9tudiants de Mines Saint-\u00c9tienne\",\"datePublished\":\"2023-07-28T07:51:43+00:00\",\"dateModified\":\"2025-03-10T15:51:23+00:00\",\"mainEntityOfPage\":{\"@id\":\"https:\\\/\\\/www.mines-stetienne.fr\\\/panoramines\\\/2023\\\/07\\\/28\\\/decollage-reussi-pour-deux-etudiants-de-mines-saint-etienne\\\/\"},\"wordCount\":527,\"image\":{\"@id\":\"https:\\\/\\\/www.mines-stetienne.fr\\\/panoramines\\\/2023\\\/07\\\/28\\\/decollage-reussi-pour-deux-etudiants-de-mines-saint-etienne\\\/#primaryimage\"},\"thumbnailUrl\":\"https:\\\/\\\/www.mines-stetienne.fr\\\/panoramines\\\/wp-content\\\/uploads\\\/sites\\\/3\\\/2023\\\/07\\\/Aldric-Parent-et-Evann-Kurzawa-scaled.jpg\",\"keywords\":[\"C&#039;Space Project\",\"CNES\",\"Fondation Ailes de France\",\"ICM\",\"Irec Project\",\"Mines Saint-Etienne\"],\"articleSection\":[\"Vie \u00e9tudiante\"],\"inLanguage\":\"fr-FR\"},{\"@type\":\"WebPage\",\"@id\":\"https:\\\/\\\/www.mines-stetienne.fr\\\/panoramines\\\/2023\\\/07\\\/28\\\/decollage-reussi-pour-deux-etudiants-de-mines-saint-etienne\\\/\",\"url\":\"https:\\\/\\\/www.mines-stetienne.fr\\\/panoramines\\\/2023\\\/07\\\/28\\\/decollage-reussi-pour-deux-etudiants-de-mines-saint-etienne\\\/\",\"name\":\"D\u00e9collage r\u00e9ussi pour deux \u00e9tudiants de Mines Saint-\u00c9tienne - Panoramines\",\"isPartOf\":{\"@id\":\"https:\\\/\\\/www.mines-stetienne.fr\\\/panoramines\\\/#website\"},\"primaryImageOfPage\":{\"@id\":\"https:\\\/\\\/www.mines-stetienne.fr\\\/panoramines\\\/2023\\\/07\\\/28\\\/decollage-reussi-pour-deux-etudiants-de-mines-saint-etienne\\\/#primaryimage\"},\"image\":{\"@id\":\"https:\\\/\\\/www.mines-stetienne.fr\\\/panoramines\\\/2023\\\/07\\\/28\\\/decollage-reussi-pour-deux-etudiants-de-mines-saint-etienne\\\/#primaryimage\"},\"thumbnailUrl\":\"https:\\\/\\\/www.mines-stetienne.fr\\\/panoramines\\\/wp-content\\\/uploads\\\/sites\\\/3\\\/2023\\\/07\\\/Aldric-Parent-et-Evann-Kurzawa-scaled.jpg\",\"datePublished\":\"2023-07-28T07:51:43+00:00\",\"dateModified\":\"2025-03-10T15:51:23+00:00\",\"author\":{\"@id\":\"https:\\\/\\\/www.mines-stetienne.fr\\\/panoramines\\\/#\\\/schema\\\/person\\\/53c118c529c866c1454c8138b35880e8\"},\"breadcrumb\":{\"@id\":\"https:\\\/\\\/www.mines-stetienne.fr\\\/panoramines\\\/2023\\\/07\\\/28\\\/decollage-reussi-pour-deux-etudiants-de-mines-saint-etienne\\\/#breadcrumb\"},\"inLanguage\":\"fr-FR\",\"potentialAction\":[{\"@type\":\"ReadAction\",\"target\":[\"https:\\\/\\\/www.mines-stetienne.fr\\\/panoramines\\\/2023\\\/07\\\/28\\\/decollage-reussi-pour-deux-etudiants-de-mines-saint-etienne\\\/\"]}]},{\"@type\":\"ImageObject\",\"inLanguage\":\"fr-FR\",\"@id\":\"https:\\\/\\\/www.mines-stetienne.fr\\\/panoramines\\\/2023\\\/07\\\/28\\\/decollage-reussi-pour-deux-etudiants-de-mines-saint-etienne\\\/#primaryimage\",\"url\":\"https:\\\/\\\/www.mines-stetienne.fr\\\/panoramines\\\/wp-content\\\/uploads\\\/sites\\\/3\\\/2023\\\/07\\\/Aldric-Parent-et-Evann-Kurzawa-scaled.jpg\",\"contentUrl\":\"https:\\\/\\\/www.mines-stetienne.fr\\\/panoramines\\\/wp-content\\\/uploads\\\/sites\\\/3\\\/2023\\\/07\\\/Aldric-Parent-et-Evann-Kurzawa-scaled.jpg\",\"width\":2560,\"height\":1920},{\"@type\":\"BreadcrumbList\",\"@id\":\"https:\\\/\\\/www.mines-stetienne.fr\\\/panoramines\\\/2023\\\/07\\\/28\\\/decollage-reussi-pour-deux-etudiants-de-mines-saint-etienne\\\/#breadcrumb\",\"itemListElement\":[{\"@type\":\"ListItem\",\"position\":1,\"name\":\"Accueil\",\"item\":\"https:\\\/\\\/www.mines-stetienne.fr\\\/panoramines\\\/\"},{\"@type\":\"ListItem\",\"position\":2,\"name\":\"D\u00e9collage r\u00e9ussi pour deux \u00e9tudiants de Mines Saint-\u00c9tienne\"}]},{\"@type\":\"WebSite\",\"@id\":\"https:\\\/\\\/www.mines-stetienne.fr\\\/panoramines\\\/#website\",\"url\":\"https:\\\/\\\/www.mines-stetienne.fr\\\/panoramines\\\/\",\"name\":\"Panoramines\",\"description\":\"Panoramines, l\u2019actualit\u00e9 de MINES Saint-\u00c9tienne\",\"potentialAction\":[{\"@type\":\"SearchAction\",\"target\":{\"@type\":\"EntryPoint\",\"urlTemplate\":\"https:\\\/\\\/www.mines-stetienne.fr\\\/panoramines\\\/?s={search_term_string}\"},\"query-input\":{\"@type\":\"PropertyValueSpecification\",\"valueRequired\":true,\"valueName\":\"search_term_string\"}}],\"inLanguage\":\"fr-FR\"},{\"@type\":\"Person\",\"@id\":\"https:\\\/\\\/www.mines-stetienne.fr\\\/panoramines\\\/#\\\/schema\\\/person\\\/53c118c529c866c1454c8138b35880e8\",\"name\":\"Gr\u00e9goire\",\"image\":{\"@type\":\"ImageObject\",\"inLanguage\":\"fr-FR\",\"@id\":\"https:\\\/\\\/www.mines-stetienne.fr\\\/panoramines\\\/wp-content\\\/uploads\\\/sites\\\/3\\\/2021\\\/07\\\/logo-75x75-1.png\",\"url\":\"https:\\\/\\\/www.mines-stetienne.fr\\\/panoramines\\\/wp-content\\\/uploads\\\/sites\\\/3\\\/2021\\\/07\\\/logo-75x75-1.png\",\"contentUrl\":\"https:\\\/\\\/www.mines-stetienne.fr\\\/panoramines\\\/wp-content\\\/uploads\\\/sites\\\/3\\\/2021\\\/07\\\/logo-75x75-1.png\",\"caption\":\"Gr\u00e9goire\"},\"sameAs\":[\"http:\\\/\\\/www.mines-stetienne.fr\",\"jjj\",\"kkk\",\"aaa\",\"mmm\",\"https:\\\/\\\/x.com\\\/qqq\",\"lll\",\"rrr\",\"nnn\",\"ooo\",\"ppp\"],\"url\":\"https:\\\/\\\/www.mines-stetienne.fr\\\/panoramines\\\/author\\\/gregoire\\\/\"}]}<\/script>\n<!-- \/ Yoast SEO plugin. -->","yoast_head_json":{"title":"D\u00e9collage r\u00e9ussi pour deux \u00e9tudiants de Mines Saint-\u00c9tienne - Panoramines","robots":{"index":"index","follow":"follow","max-snippet":"max-snippet:-1","max-image-preview":"max-image-preview:large","max-video-preview":"max-video-preview:-1"},"canonical":"https:\/\/www.mines-stetienne.fr\/panoramines\/2023\/07\/28\/decollage-reussi-pour-deux-etudiants-de-mines-saint-etienne\/","og_locale":"fr_FR","og_type":"article","og_title":"D\u00e9collage r\u00e9ussi pour deux \u00e9tudiants de Mines Saint-\u00c9tienne - Panoramines","og_description":"Aldric Parent et Evann Kurzawa, en premi\u00e8re ann\u00e9e du cursus ICM, ont pens\u00e9, fabriqu\u00e9 et lanc\u00e9 une mini-fus\u00e9e. Retour sur un beau projet men\u00e9 dans le cadre de leur parcours de futurs ing\u00e9nieurs dans l&rsquo;a\u00e9rospatial. Ils ont les pieds sur &hellip;","og_url":"https:\/\/www.mines-stetienne.fr\/panoramines\/2023\/07\/28\/decollage-reussi-pour-deux-etudiants-de-mines-saint-etienne\/","og_site_name":"Panoramines","article_author":"jjj","article_published_time":"2023-07-28T07:51:43+00:00","article_modified_time":"2025-03-10T15:51:23+00:00","og_image":[{"width":2560,"height":1920,"url":"https:\/\/www.mines-stetienne.fr\/panoramines\/wp-content\/uploads\/sites\/3\/2023\/07\/Aldric-Parent-et-Evann-Kurzawa-scaled.jpg","type":"image\/jpeg"}],"author":"Gr\u00e9goire","twitter_card":"summary_large_image","twitter_creator":"@qqq","twitter_misc":{"\u00c9crit par":"Gr\u00e9goire","Dur\u00e9e de lecture estim\u00e9e":"4 minutes"},"schema":{"@context":"https:\/\/schema.org","@graph":[{"@type":"Article","@id":"https:\/\/www.mines-stetienne.fr\/panoramines\/2023\/07\/28\/decollage-reussi-pour-deux-etudiants-de-mines-saint-etienne\/#article","isPartOf":{"@id":"https:\/\/www.mines-stetienne.fr\/panoramines\/2023\/07\/28\/decollage-reussi-pour-deux-etudiants-de-mines-saint-etienne\/"},"author":{"name":"Gr\u00e9goire","@id":"https:\/\/www.mines-stetienne.fr\/panoramines\/#\/schema\/person\/53c118c529c866c1454c8138b35880e8"},"headline":"D\u00e9collage r\u00e9ussi pour deux \u00e9tudiants de Mines Saint-\u00c9tienne","datePublished":"2023-07-28T07:51:43+00:00","dateModified":"2025-03-10T15:51:23+00:00","mainEntityOfPage":{"@id":"https:\/\/www.mines-stetienne.fr\/panoramines\/2023\/07\/28\/decollage-reussi-pour-deux-etudiants-de-mines-saint-etienne\/"},"wordCount":527,"image":{"@id":"https:\/\/www.mines-stetienne.fr\/panoramines\/2023\/07\/28\/decollage-reussi-pour-deux-etudiants-de-mines-saint-etienne\/#primaryimage"},"thumbnailUrl":"https:\/\/www.mines-stetienne.fr\/panoramines\/wp-content\/uploads\/sites\/3\/2023\/07\/Aldric-Parent-et-Evann-Kurzawa-scaled.jpg","keywords":["C&#039;Space Project","CNES","Fondation Ailes de France","ICM","Irec Project","Mines Saint-Etienne"],"articleSection":["Vie \u00e9tudiante"],"inLanguage":"fr-FR"},{"@type":"WebPage","@id":"https:\/\/www.mines-stetienne.fr\/panoramines\/2023\/07\/28\/decollage-reussi-pour-deux-etudiants-de-mines-saint-etienne\/","url":"https:\/\/www.mines-stetienne.fr\/panoramines\/2023\/07\/28\/decollage-reussi-pour-deux-etudiants-de-mines-saint-etienne\/","name":"D\u00e9collage r\u00e9ussi pour deux \u00e9tudiants de Mines Saint-\u00c9tienne - Panoramines","isPartOf":{"@id":"https:\/\/www.mines-stetienne.fr\/panoramines\/#website"},"primaryImageOfPage":{"@id":"https:\/\/www.mines-stetienne.fr\/panoramines\/2023\/07\/28\/decollage-reussi-pour-deux-etudiants-de-mines-saint-etienne\/#primaryimage"},"image":{"@id":"https:\/\/www.mines-stetienne.fr\/panoramines\/2023\/07\/28\/decollage-reussi-pour-deux-etudiants-de-mines-saint-etienne\/#primaryimage"},"thumbnailUrl":"https:\/\/www.mines-stetienne.fr\/panoramines\/wp-content\/uploads\/sites\/3\/2023\/07\/Aldric-Parent-et-Evann-Kurzawa-scaled.jpg","datePublished":"2023-07-28T07:51:43+00:00","dateModified":"2025-03-10T15:51:23+00:00","author":{"@id":"https:\/\/www.mines-stetienne.fr\/panoramines\/#\/schema\/person\/53c118c529c866c1454c8138b35880e8"},"breadcrumb":{"@id":"https:\/\/www.mines-stetienne.fr\/panoramines\/2023\/07\/28\/decollage-reussi-pour-deux-etudiants-de-mines-saint-etienne\/#breadcrumb"},"inLanguage":"fr-FR","potentialAction":[{"@type":"ReadAction","target":["https:\/\/www.mines-stetienne.fr\/panoramines\/2023\/07\/28\/decollage-reussi-pour-deux-etudiants-de-mines-saint-etienne\/"]}]},{"@type":"ImageObject","inLanguage":"fr-FR","@id":"https:\/\/www.mines-stetienne.fr\/panoramines\/2023\/07\/28\/decollage-reussi-pour-deux-etudiants-de-mines-saint-etienne\/#primaryimage","url":"https:\/\/www.mines-stetienne.fr\/panoramines\/wp-content\/uploads\/sites\/3\/2023\/07\/Aldric-Parent-et-Evann-Kurzawa-scaled.jpg","contentUrl":"https:\/\/www.mines-stetienne.fr\/panoramines\/wp-content\/uploads\/sites\/3\/2023\/07\/Aldric-Parent-et-Evann-Kurzawa-scaled.jpg","width":2560,"height":1920},{"@type":"BreadcrumbList","@id":"https:\/\/www.mines-stetienne.fr\/panoramines\/2023\/07\/28\/decollage-reussi-pour-deux-etudiants-de-mines-saint-etienne\/#breadcrumb","itemListElement":[{"@type":"ListItem","position":1,"name":"Accueil","item":"https:\/\/www.mines-stetienne.fr\/panoramines\/"},{"@type":"ListItem","position":2,"name":"D\u00e9collage r\u00e9ussi pour deux \u00e9tudiants de Mines Saint-\u00c9tienne"}]},{"@type":"WebSite","@id":"https:\/\/www.mines-stetienne.fr\/panoramines\/#website","url":"https:\/\/www.mines-stetienne.fr\/panoramines\/","name":"Panoramines","description":"Panoramines, l\u2019actualit\u00e9 de MINES Saint-\u00c9tienne","potentialAction":[{"@type":"SearchAction","target":{"@type":"EntryPoint","urlTemplate":"https:\/\/www.mines-stetienne.fr\/panoramines\/?s={search_term_string}"},"query-input":{"@type":"PropertyValueSpecification","valueRequired":true,"valueName":"search_term_string"}}],"inLanguage":"fr-FR"},{"@type":"Person","@id":"https:\/\/www.mines-stetienne.fr\/panoramines\/#\/schema\/person\/53c118c529c866c1454c8138b35880e8","name":"Gr\u00e9goire","image":{"@type":"ImageObject","inLanguage":"fr-FR","@id":"https:\/\/www.mines-stetienne.fr\/panoramines\/wp-content\/uploads\/sites\/3\/2021\/07\/logo-75x75-1.png","url":"https:\/\/www.mines-stetienne.fr\/panoramines\/wp-content\/uploads\/sites\/3\/2021\/07\/logo-75x75-1.png","contentUrl":"https:\/\/www.mines-stetienne.fr\/panoramines\/wp-content\/uploads\/sites\/3\/2021\/07\/logo-75x75-1.png","caption":"Gr\u00e9goire"},"sameAs":["http:\/\/www.mines-stetienne.fr","jjj","kkk","aaa","mmm","https:\/\/x.com\/qqq","lll","rrr","nnn","ooo","ppp"],"url":"https:\/\/www.mines-stetienne.fr\/panoramines\/author\/gregoire\/"}]}},"_links":{"self":[{"href":"https:\/\/www.mines-stetienne.fr\/panoramines\/wp-json\/wp\/v2\/posts\/25439","targetHints":{"allow":["GET"]}}],"collection":[{"href":"https:\/\/www.mines-stetienne.fr\/panoramines\/wp-json\/wp\/v2\/posts"}],"about":[{"href":"https:\/\/www.mines-stetienne.fr\/panoramines\/wp-json\/wp\/v2\/types\/post"}],"author":[{"embeddable":true,"href":"https:\/\/www.mines-stetienne.fr\/panoramines\/wp-json\/wp\/v2\/users\/2"}],"replies":[{"embeddable":true,"href":"https:\/\/www.mines-stetienne.fr\/panoramines\/wp-json\/wp\/v2\/comments?post=25439"}],"version-history":[{"count":21,"href":"https:\/\/www.mines-stetienne.fr\/panoramines\/wp-json\/wp\/v2\/posts\/25439\/revisions"}],"predecessor-version":[{"id":25466,"href":"https:\/\/www.mines-stetienne.fr\/panoramines\/wp-json\/wp\/v2\/posts\/25439\/revisions\/25466"}],"wp:featuredmedia":[{"embeddable":true,"href":"https:\/\/www.mines-stetienne.fr\/panoramines\/wp-json\/wp\/v2\/media\/25451"}],"wp:attachment":[{"href":"https:\/\/www.mines-stetienne.fr\/panoramines\/wp-json\/wp\/v2\/media?parent=25439"}],"wp:term":[{"taxonomy":"category","embeddable":true,"href":"https:\/\/www.mines-stetienne.fr\/panoramines\/wp-json\/wp\/v2\/categories?post=25439"},{"taxonomy":"post_tag","embeddable":true,"href":"https:\/\/www.mines-stetienne.fr\/panoramines\/wp-json\/wp\/v2\/tags?post=25439"}],"curies":[{"name":"wp","href":"https:\/\/api.w.org\/{rel}","templated":true}]}}