{"id":25308,"date":"2023-07-04T15:13:14","date_gmt":"2023-07-04T13:13:14","guid":{"rendered":"https:\/\/www.mines-stetienne.fr\/panoramines\/?p=25308"},"modified":"2025-03-10T16:51:23","modified_gmt":"2025-03-10T15:51:23","slug":"premiere-edition-reussie-du-concours-photo-a-mines-saint-etienne","status":"publish","type":"post","link":"https:\/\/www.mines-stetienne.fr\/panoramines\/2023\/07\/04\/premiere-edition-reussie-du-concours-photo-a-mines-saint-etienne\/","title":{"rendered":"Premi\u00e8re \u00e9dition du concours photo r\u00e9ussie \u00e0 Mines Saint-\u00c9tienne"},"content":{"rendered":"\n<h2 class=\"wp-block-heading\">Organis\u00e9 par l\u2019association \u00e9tudiante MiTV, il s\u2019est d\u00e9roul\u00e9 du 12 au 20 juin 2023.<\/h2>\n\n\n\n<p>Les \u00e9tudiants et le personnel de Mines Saint-Etienne ont eu l\u2019opportunit\u00e9 de d\u00e9couvrir l\u2019univers de la photographie \u00e0 l\u2019occasion d&rsquo;un concours photo amical. Une dizaine de personnes s&rsquo;est pr\u00eat\u00e9e au jeu. Elles disposaient de quelques jours pour prendre un beau clich\u00e9 et le soumettre au jury.<\/p>\n\n\n\n<h4 class=\"wp-block-heading\">L&rsquo;art du portrait<\/h4>\n\n\n\n<p>Le th\u00e8me retenu pour cette premi\u00e8re \u00e9dition \u00e9tait celui du \u00ab&nbsp;portrait&nbsp;\u00bb. Il a permis aux participants de laisser libre cours \u00e0 leur imagination et de voir comment ils s\u2019appropriaient un th\u00e8me impos\u00e9.<\/p>\n\n\n\n<p>Dans un second temps, un jury compos\u00e9 de membres du MiTV \u00e9tait charg\u00e9 de d\u00e9partager&nbsp;les participants selon trois crit\u00e8res d\u2019\u00e9valuation&nbsp;: la technique, la cr\u00e9ativit\u00e9 et l\u2019esth\u00e9tique. Les trois meilleurs photographes ont remport\u00e9 les tirages papier de certaines de leurs photos.<\/p>\n\n\n\n<p>L\u2019association a expos\u00e9 les productions \u00e0 l\u2019Espace Cabanes, au 158, cours Fauriel, du 27 au 30 juin. <\/p>\n\n\n\n<p>A noter que ce concours avait valeur de test. Il pourra \u00eatre reconduit sur d\u2019autres th\u00e9matiques \u00e0 l&rsquo;avenir.<\/p>\n\n\n\n<figure class=\"wp-block-gallery has-nested-images columns-default is-cropped wp-block-gallery-2 is-layout-flex wp-block-gallery-is-layout-flex\">\n<figure class=\"wp-block-image size-large\"><img loading=\"lazy\" decoding=\"async\" width=\"1024\" height=\"683\" data-id=\"25316\" src=\"https:\/\/www.mines-stetienne.fr\/panoramines\/wp-content\/uploads\/sites\/3\/2023\/07\/Claire-Joly-par-Lou-Ann-1024x683.jpg\" alt=\"\" class=\"wp-image-25316\" srcset=\"https:\/\/www.mines-stetienne.fr\/panoramines\/wp-content\/uploads\/sites\/3\/2023\/07\/Claire-Joly-par-Lou-Ann-1024x683.jpg 1024w, https:\/\/www.mines-stetienne.fr\/panoramines\/wp-content\/uploads\/sites\/3\/2023\/07\/Claire-Joly-par-Lou-Ann-300x200.jpg 300w, https:\/\/www.mines-stetienne.fr\/panoramines\/wp-content\/uploads\/sites\/3\/2023\/07\/Claire-Joly-par-Lou-Ann-768x512.jpg 768w, https:\/\/www.mines-stetienne.fr\/panoramines\/wp-content\/uploads\/sites\/3\/2023\/07\/Claire-Joly-par-Lou-Ann-1536x1024.jpg 1536w, https:\/\/www.mines-stetienne.fr\/panoramines\/wp-content\/uploads\/sites\/3\/2023\/07\/Claire-Joly-par-Lou-Ann-2048x1365.jpg 2048w\" sizes=\"auto, (max-width: 1024px) 100vw, 1024px\" \/><\/figure>\n\n\n\n<figure class=\"wp-block-image size-large\"><img loading=\"lazy\" decoding=\"async\" width=\"1024\" height=\"681\" data-id=\"25317\" src=\"https:\/\/www.mines-stetienne.fr\/panoramines\/wp-content\/uploads\/sites\/3\/2023\/07\/enzo-par-Laurent-bouquet-1024x681.jpeg\" alt=\"\" class=\"wp-image-25317\" srcset=\"https:\/\/www.mines-stetienne.fr\/panoramines\/wp-content\/uploads\/sites\/3\/2023\/07\/enzo-par-Laurent-bouquet-1024x681.jpeg 1024w, https:\/\/www.mines-stetienne.fr\/panoramines\/wp-content\/uploads\/sites\/3\/2023\/07\/enzo-par-Laurent-bouquet-300x199.jpeg 300w, https:\/\/www.mines-stetienne.fr\/panoramines\/wp-content\/uploads\/sites\/3\/2023\/07\/enzo-par-Laurent-bouquet-768x510.jpeg 768w, https:\/\/www.mines-stetienne.fr\/panoramines\/wp-content\/uploads\/sites\/3\/2023\/07\/enzo-par-Laurent-bouquet-1536x1021.jpeg 1536w, https:\/\/www.mines-stetienne.fr\/panoramines\/wp-content\/uploads\/sites\/3\/2023\/07\/enzo-par-Laurent-bouquet.jpeg 2048w\" sizes=\"auto, (max-width: 1024px) 100vw, 1024px\" \/><\/figure>\n\n\n\n<figure class=\"wp-block-image size-large\"><img loading=\"lazy\" decoding=\"async\" width=\"683\" height=\"1024\" data-id=\"25318\" src=\"https:\/\/www.mines-stetienne.fr\/panoramines\/wp-content\/uploads\/sites\/3\/2023\/07\/Henri-par-Cedric-Gioanni-683x1024.jpg\" alt=\"\" class=\"wp-image-25318\" srcset=\"https:\/\/www.mines-stetienne.fr\/panoramines\/wp-content\/uploads\/sites\/3\/2023\/07\/Henri-par-Cedric-Gioanni-683x1024.jpg 683w, https:\/\/www.mines-stetienne.fr\/panoramines\/wp-content\/uploads\/sites\/3\/2023\/07\/Henri-par-Cedric-Gioanni-200x300.jpg 200w, https:\/\/www.mines-stetienne.fr\/panoramines\/wp-content\/uploads\/sites\/3\/2023\/07\/Henri-par-Cedric-Gioanni-768x1152.jpg 768w, https:\/\/www.mines-stetienne.fr\/panoramines\/wp-content\/uploads\/sites\/3\/2023\/07\/Henri-par-Cedric-Gioanni-1024x1536.jpg 1024w, https:\/\/www.mines-stetienne.fr\/panoramines\/wp-content\/uploads\/sites\/3\/2023\/07\/Henri-par-Cedric-Gioanni-1365x2048.jpg 1365w, https:\/\/www.mines-stetienne.fr\/panoramines\/wp-content\/uploads\/sites\/3\/2023\/07\/Henri-par-Cedric-Gioanni-scaled.jpg 1707w\" sizes=\"auto, (max-width: 683px) 100vw, 683px\" \/><\/figure>\n<figcaption class=\"blocks-gallery-caption wp-element-caption\">Les photos des trois laur\u00e9ats.<\/figcaption><\/figure>\n","protected":false},"excerpt":{"rendered":"<p>Organis\u00e9 par l\u2019association \u00e9tudiante MiTV, il s\u2019est d\u00e9roul\u00e9 du 12 au 20 juin 2023. Les \u00e9tudiants et le personnel de Mines Saint-Etienne ont eu l\u2019opportunit\u00e9 de d\u00e9couvrir l\u2019univers de la photographie \u00e0 l\u2019occasion d&rsquo;un concours photo amical. Une dizaine de &hellip;<\/p>\n","protected":false},"author":2,"featured_media":25314,"comment_status":"closed","ping_status":"open","sticky":false,"template":"","format":"standard","meta":{"_relevanssi_hide_post":"","_relevanssi_hide_content":"","_relevanssi_pin_for_all":"","_relevanssi_pin_keywords":"","_relevanssi_unpin_keywords":"","_relevanssi_related_keywords":"","_relevanssi_related_include_ids":"","_relevanssi_related_exclude_ids":"","_relevanssi_related_no_append":"","_relevanssi_related_not_related":"","_relevanssi_related_posts":"17894,3217,16496,1205,4031,66","_relevanssi_noindex_reason":"","footnotes":""},"categories":[8],"tags":[900,873,901],"class_list":["post-25308","post","type-post","status-publish","format-standard","has-post-thumbnail","hentry","category-vie-etudiante","tag-concours-photo","tag-mines-saint-etienne","tag-portrait"],"pp_statuses_selecting_workflow":false,"pp_workflow_action":"current","pp_status_selection":"publish","pp_force_visibility":null,"pp_subpost_visibility":null,"pp_inherited_force_visibility":null,"pp_inherited_subpost_visibility":null,"yoast_head":"<!-- This site is optimized with the Yoast SEO plugin v27.4 - https:\/\/yoast.com\/product\/yoast-seo-wordpress\/ -->\n<title>Premi\u00e8re \u00e9dition du concours photo r\u00e9ussie \u00e0 Mines Saint-\u00c9tienne - Panoramines<\/title>\n<meta name=\"robots\" content=\"index, follow, max-snippet:-1, max-image-preview:large, max-video-preview:-1\" \/>\n<link rel=\"canonical\" href=\"https:\/\/www.mines-stetienne.fr\/panoramines\/2023\/07\/04\/premiere-edition-reussie-du-concours-photo-a-mines-saint-etienne\/\" \/>\n<meta property=\"og:locale\" content=\"fr_FR\" \/>\n<meta property=\"og:type\" content=\"article\" \/>\n<meta property=\"og:title\" content=\"Premi\u00e8re \u00e9dition du concours photo r\u00e9ussie \u00e0 Mines Saint-\u00c9tienne - Panoramines\" \/>\n<meta property=\"og:description\" content=\"Organis\u00e9 par l\u2019association \u00e9tudiante MiTV, il s\u2019est d\u00e9roul\u00e9 du 12 au 20 juin 2023. Les \u00e9tudiants et le personnel de Mines Saint-Etienne ont eu l\u2019opportunit\u00e9 de d\u00e9couvrir l\u2019univers de la photographie \u00e0 l\u2019occasion d&rsquo;un concours photo amical. Une dizaine de &hellip;\" \/>\n<meta property=\"og:url\" content=\"https:\/\/www.mines-stetienne.fr\/panoramines\/2023\/07\/04\/premiere-edition-reussie-du-concours-photo-a-mines-saint-etienne\/\" \/>\n<meta property=\"og:site_name\" content=\"Panoramines\" \/>\n<meta property=\"article:author\" content=\"jjj\" \/>\n<meta property=\"article:published_time\" content=\"2023-07-04T13:13:14+00:00\" \/>\n<meta property=\"article:modified_time\" content=\"2025-03-10T15:51:23+00:00\" \/>\n<meta property=\"og:image\" content=\"https:\/\/www.mines-stetienne.fr\/panoramines\/wp-content\/uploads\/sites\/3\/2023\/07\/20230627_113245-scaled.jpg\" \/>\n\t<meta property=\"og:image:width\" content=\"2560\" \/>\n\t<meta property=\"og:image:height\" content=\"1440\" \/>\n\t<meta property=\"og:image:type\" content=\"image\/jpeg\" \/>\n<meta name=\"author\" content=\"Gr\u00e9goire\" \/>\n<meta name=\"twitter:card\" content=\"summary_large_image\" \/>\n<meta name=\"twitter:creator\" content=\"@qqq\" \/>\n<meta name=\"twitter:label1\" content=\"\u00c9crit par\" \/>\n\t<meta name=\"twitter:data1\" content=\"Gr\u00e9goire\" \/>\n\t<meta name=\"twitter:label2\" content=\"Dur\u00e9e de lecture estim\u00e9e\" \/>\n\t<meta name=\"twitter:data2\" content=\"2 minutes\" \/>\n<script type=\"application\/ld+json\" class=\"yoast-schema-graph\">{\"@context\":\"https:\\\/\\\/schema.org\",\"@graph\":[{\"@type\":\"Article\",\"@id\":\"https:\\\/\\\/www.mines-stetienne.fr\\\/panoramines\\\/2023\\\/07\\\/04\\\/premiere-edition-reussie-du-concours-photo-a-mines-saint-etienne\\\/#article\",\"isPartOf\":{\"@id\":\"https:\\\/\\\/www.mines-stetienne.fr\\\/panoramines\\\/2023\\\/07\\\/04\\\/premiere-edition-reussie-du-concours-photo-a-mines-saint-etienne\\\/\"},\"author\":{\"name\":\"Gr\u00e9goire\",\"@id\":\"https:\\\/\\\/www.mines-stetienne.fr\\\/panoramines\\\/#\\\/schema\\\/person\\\/53c118c529c866c1454c8138b35880e8\"},\"headline\":\"Premi\u00e8re \u00e9dition du concours photo r\u00e9ussie \u00e0 Mines Saint-\u00c9tienne\",\"datePublished\":\"2023-07-04T13:13:14+00:00\",\"dateModified\":\"2025-03-10T15:51:23+00:00\",\"mainEntityOfPage\":{\"@id\":\"https:\\\/\\\/www.mines-stetienne.fr\\\/panoramines\\\/2023\\\/07\\\/04\\\/premiere-edition-reussie-du-concours-photo-a-mines-saint-etienne\\\/\"},\"wordCount\":205,\"image\":{\"@id\":\"https:\\\/\\\/www.mines-stetienne.fr\\\/panoramines\\\/2023\\\/07\\\/04\\\/premiere-edition-reussie-du-concours-photo-a-mines-saint-etienne\\\/#primaryimage\"},\"thumbnailUrl\":\"https:\\\/\\\/www.mines-stetienne.fr\\\/panoramines\\\/wp-content\\\/uploads\\\/sites\\\/3\\\/2023\\\/07\\\/20230627_113245-scaled.jpg\",\"keywords\":[\"Concours photo\",\"Mines Saint-Etienne\",\"Portrait\"],\"articleSection\":[\"Vie \u00e9tudiante\"],\"inLanguage\":\"fr-FR\"},{\"@type\":\"WebPage\",\"@id\":\"https:\\\/\\\/www.mines-stetienne.fr\\\/panoramines\\\/2023\\\/07\\\/04\\\/premiere-edition-reussie-du-concours-photo-a-mines-saint-etienne\\\/\",\"url\":\"https:\\\/\\\/www.mines-stetienne.fr\\\/panoramines\\\/2023\\\/07\\\/04\\\/premiere-edition-reussie-du-concours-photo-a-mines-saint-etienne\\\/\",\"name\":\"Premi\u00e8re \u00e9dition du concours photo r\u00e9ussie \u00e0 Mines Saint-\u00c9tienne - Panoramines\",\"isPartOf\":{\"@id\":\"https:\\\/\\\/www.mines-stetienne.fr\\\/panoramines\\\/#website\"},\"primaryImageOfPage\":{\"@id\":\"https:\\\/\\\/www.mines-stetienne.fr\\\/panoramines\\\/2023\\\/07\\\/04\\\/premiere-edition-reussie-du-concours-photo-a-mines-saint-etienne\\\/#primaryimage\"},\"image\":{\"@id\":\"https:\\\/\\\/www.mines-stetienne.fr\\\/panoramines\\\/2023\\\/07\\\/04\\\/premiere-edition-reussie-du-concours-photo-a-mines-saint-etienne\\\/#primaryimage\"},\"thumbnailUrl\":\"https:\\\/\\\/www.mines-stetienne.fr\\\/panoramines\\\/wp-content\\\/uploads\\\/sites\\\/3\\\/2023\\\/07\\\/20230627_113245-scaled.jpg\",\"datePublished\":\"2023-07-04T13:13:14+00:00\",\"dateModified\":\"2025-03-10T15:51:23+00:00\",\"author\":{\"@id\":\"https:\\\/\\\/www.mines-stetienne.fr\\\/panoramines\\\/#\\\/schema\\\/person\\\/53c118c529c866c1454c8138b35880e8\"},\"breadcrumb\":{\"@id\":\"https:\\\/\\\/www.mines-stetienne.fr\\\/panoramines\\\/2023\\\/07\\\/04\\\/premiere-edition-reussie-du-concours-photo-a-mines-saint-etienne\\\/#breadcrumb\"},\"inLanguage\":\"fr-FR\",\"potentialAction\":[{\"@type\":\"ReadAction\",\"target\":[\"https:\\\/\\\/www.mines-stetienne.fr\\\/panoramines\\\/2023\\\/07\\\/04\\\/premiere-edition-reussie-du-concours-photo-a-mines-saint-etienne\\\/\"]}]},{\"@type\":\"ImageObject\",\"inLanguage\":\"fr-FR\",\"@id\":\"https:\\\/\\\/www.mines-stetienne.fr\\\/panoramines\\\/2023\\\/07\\\/04\\\/premiere-edition-reussie-du-concours-photo-a-mines-saint-etienne\\\/#primaryimage\",\"url\":\"https:\\\/\\\/www.mines-stetienne.fr\\\/panoramines\\\/wp-content\\\/uploads\\\/sites\\\/3\\\/2023\\\/07\\\/20230627_113245-scaled.jpg\",\"contentUrl\":\"https:\\\/\\\/www.mines-stetienne.fr\\\/panoramines\\\/wp-content\\\/uploads\\\/sites\\\/3\\\/2023\\\/07\\\/20230627_113245-scaled.jpg\",\"width\":2560,\"height\":1440},{\"@type\":\"BreadcrumbList\",\"@id\":\"https:\\\/\\\/www.mines-stetienne.fr\\\/panoramines\\\/2023\\\/07\\\/04\\\/premiere-edition-reussie-du-concours-photo-a-mines-saint-etienne\\\/#breadcrumb\",\"itemListElement\":[{\"@type\":\"ListItem\",\"position\":1,\"name\":\"Accueil\",\"item\":\"https:\\\/\\\/www.mines-stetienne.fr\\\/panoramines\\\/\"},{\"@type\":\"ListItem\",\"position\":2,\"name\":\"Premi\u00e8re \u00e9dition du concours photo r\u00e9ussie \u00e0 Mines Saint-\u00c9tienne\"}]},{\"@type\":\"WebSite\",\"@id\":\"https:\\\/\\\/www.mines-stetienne.fr\\\/panoramines\\\/#website\",\"url\":\"https:\\\/\\\/www.mines-stetienne.fr\\\/panoramines\\\/\",\"name\":\"Panoramines\",\"description\":\"Panoramines, l\u2019actualit\u00e9 de MINES Saint-\u00c9tienne\",\"potentialAction\":[{\"@type\":\"SearchAction\",\"target\":{\"@type\":\"EntryPoint\",\"urlTemplate\":\"https:\\\/\\\/www.mines-stetienne.fr\\\/panoramines\\\/?s={search_term_string}\"},\"query-input\":{\"@type\":\"PropertyValueSpecification\",\"valueRequired\":true,\"valueName\":\"search_term_string\"}}],\"inLanguage\":\"fr-FR\"},{\"@type\":\"Person\",\"@id\":\"https:\\\/\\\/www.mines-stetienne.fr\\\/panoramines\\\/#\\\/schema\\\/person\\\/53c118c529c866c1454c8138b35880e8\",\"name\":\"Gr\u00e9goire\",\"image\":{\"@type\":\"ImageObject\",\"inLanguage\":\"fr-FR\",\"@id\":\"https:\\\/\\\/www.mines-stetienne.fr\\\/panoramines\\\/wp-content\\\/uploads\\\/sites\\\/3\\\/2021\\\/07\\\/logo-75x75-1.png\",\"url\":\"https:\\\/\\\/www.mines-stetienne.fr\\\/panoramines\\\/wp-content\\\/uploads\\\/sites\\\/3\\\/2021\\\/07\\\/logo-75x75-1.png\",\"contentUrl\":\"https:\\\/\\\/www.mines-stetienne.fr\\\/panoramines\\\/wp-content\\\/uploads\\\/sites\\\/3\\\/2021\\\/07\\\/logo-75x75-1.png\",\"caption\":\"Gr\u00e9goire\"},\"sameAs\":[\"http:\\\/\\\/www.mines-stetienne.fr\",\"jjj\",\"kkk\",\"aaa\",\"mmm\",\"https:\\\/\\\/x.com\\\/qqq\",\"lll\",\"rrr\",\"nnn\",\"ooo\",\"ppp\"],\"url\":\"https:\\\/\\\/www.mines-stetienne.fr\\\/panoramines\\\/author\\\/gregoire\\\/\"}]}<\/script>\n<!-- \/ Yoast SEO plugin. -->","yoast_head_json":{"title":"Premi\u00e8re \u00e9dition du concours photo r\u00e9ussie \u00e0 Mines Saint-\u00c9tienne - Panoramines","robots":{"index":"index","follow":"follow","max-snippet":"max-snippet:-1","max-image-preview":"max-image-preview:large","max-video-preview":"max-video-preview:-1"},"canonical":"https:\/\/www.mines-stetienne.fr\/panoramines\/2023\/07\/04\/premiere-edition-reussie-du-concours-photo-a-mines-saint-etienne\/","og_locale":"fr_FR","og_type":"article","og_title":"Premi\u00e8re \u00e9dition du concours photo r\u00e9ussie \u00e0 Mines Saint-\u00c9tienne - Panoramines","og_description":"Organis\u00e9 par l\u2019association \u00e9tudiante MiTV, il s\u2019est d\u00e9roul\u00e9 du 12 au 20 juin 2023. Les \u00e9tudiants et le personnel de Mines Saint-Etienne ont eu l\u2019opportunit\u00e9 de d\u00e9couvrir l\u2019univers de la photographie \u00e0 l\u2019occasion d&rsquo;un concours photo amical. Une dizaine de &hellip;","og_url":"https:\/\/www.mines-stetienne.fr\/panoramines\/2023\/07\/04\/premiere-edition-reussie-du-concours-photo-a-mines-saint-etienne\/","og_site_name":"Panoramines","article_author":"jjj","article_published_time":"2023-07-04T13:13:14+00:00","article_modified_time":"2025-03-10T15:51:23+00:00","og_image":[{"width":2560,"height":1440,"url":"https:\/\/www.mines-stetienne.fr\/panoramines\/wp-content\/uploads\/sites\/3\/2023\/07\/20230627_113245-scaled.jpg","type":"image\/jpeg"}],"author":"Gr\u00e9goire","twitter_card":"summary_large_image","twitter_creator":"@qqq","twitter_misc":{"\u00c9crit par":"Gr\u00e9goire","Dur\u00e9e de lecture estim\u00e9e":"2 minutes"},"schema":{"@context":"https:\/\/schema.org","@graph":[{"@type":"Article","@id":"https:\/\/www.mines-stetienne.fr\/panoramines\/2023\/07\/04\/premiere-edition-reussie-du-concours-photo-a-mines-saint-etienne\/#article","isPartOf":{"@id":"https:\/\/www.mines-stetienne.fr\/panoramines\/2023\/07\/04\/premiere-edition-reussie-du-concours-photo-a-mines-saint-etienne\/"},"author":{"name":"Gr\u00e9goire","@id":"https:\/\/www.mines-stetienne.fr\/panoramines\/#\/schema\/person\/53c118c529c866c1454c8138b35880e8"},"headline":"Premi\u00e8re \u00e9dition du concours photo r\u00e9ussie \u00e0 Mines Saint-\u00c9tienne","datePublished":"2023-07-04T13:13:14+00:00","dateModified":"2025-03-10T15:51:23+00:00","mainEntityOfPage":{"@id":"https:\/\/www.mines-stetienne.fr\/panoramines\/2023\/07\/04\/premiere-edition-reussie-du-concours-photo-a-mines-saint-etienne\/"},"wordCount":205,"image":{"@id":"https:\/\/www.mines-stetienne.fr\/panoramines\/2023\/07\/04\/premiere-edition-reussie-du-concours-photo-a-mines-saint-etienne\/#primaryimage"},"thumbnailUrl":"https:\/\/www.mines-stetienne.fr\/panoramines\/wp-content\/uploads\/sites\/3\/2023\/07\/20230627_113245-scaled.jpg","keywords":["Concours photo","Mines Saint-Etienne","Portrait"],"articleSection":["Vie \u00e9tudiante"],"inLanguage":"fr-FR"},{"@type":"WebPage","@id":"https:\/\/www.mines-stetienne.fr\/panoramines\/2023\/07\/04\/premiere-edition-reussie-du-concours-photo-a-mines-saint-etienne\/","url":"https:\/\/www.mines-stetienne.fr\/panoramines\/2023\/07\/04\/premiere-edition-reussie-du-concours-photo-a-mines-saint-etienne\/","name":"Premi\u00e8re \u00e9dition du concours photo r\u00e9ussie \u00e0 Mines Saint-\u00c9tienne - Panoramines","isPartOf":{"@id":"https:\/\/www.mines-stetienne.fr\/panoramines\/#website"},"primaryImageOfPage":{"@id":"https:\/\/www.mines-stetienne.fr\/panoramines\/2023\/07\/04\/premiere-edition-reussie-du-concours-photo-a-mines-saint-etienne\/#primaryimage"},"image":{"@id":"https:\/\/www.mines-stetienne.fr\/panoramines\/2023\/07\/04\/premiere-edition-reussie-du-concours-photo-a-mines-saint-etienne\/#primaryimage"},"thumbnailUrl":"https:\/\/www.mines-stetienne.fr\/panoramines\/wp-content\/uploads\/sites\/3\/2023\/07\/20230627_113245-scaled.jpg","datePublished":"2023-07-04T13:13:14+00:00","dateModified":"2025-03-10T15:51:23+00:00","author":{"@id":"https:\/\/www.mines-stetienne.fr\/panoramines\/#\/schema\/person\/53c118c529c866c1454c8138b35880e8"},"breadcrumb":{"@id":"https:\/\/www.mines-stetienne.fr\/panoramines\/2023\/07\/04\/premiere-edition-reussie-du-concours-photo-a-mines-saint-etienne\/#breadcrumb"},"inLanguage":"fr-FR","potentialAction":[{"@type":"ReadAction","target":["https:\/\/www.mines-stetienne.fr\/panoramines\/2023\/07\/04\/premiere-edition-reussie-du-concours-photo-a-mines-saint-etienne\/"]}]},{"@type":"ImageObject","inLanguage":"fr-FR","@id":"https:\/\/www.mines-stetienne.fr\/panoramines\/2023\/07\/04\/premiere-edition-reussie-du-concours-photo-a-mines-saint-etienne\/#primaryimage","url":"https:\/\/www.mines-stetienne.fr\/panoramines\/wp-content\/uploads\/sites\/3\/2023\/07\/20230627_113245-scaled.jpg","contentUrl":"https:\/\/www.mines-stetienne.fr\/panoramines\/wp-content\/uploads\/sites\/3\/2023\/07\/20230627_113245-scaled.jpg","width":2560,"height":1440},{"@type":"BreadcrumbList","@id":"https:\/\/www.mines-stetienne.fr\/panoramines\/2023\/07\/04\/premiere-edition-reussie-du-concours-photo-a-mines-saint-etienne\/#breadcrumb","itemListElement":[{"@type":"ListItem","position":1,"name":"Accueil","item":"https:\/\/www.mines-stetienne.fr\/panoramines\/"},{"@type":"ListItem","position":2,"name":"Premi\u00e8re \u00e9dition du concours photo r\u00e9ussie \u00e0 Mines Saint-\u00c9tienne"}]},{"@type":"WebSite","@id":"https:\/\/www.mines-stetienne.fr\/panoramines\/#website","url":"https:\/\/www.mines-stetienne.fr\/panoramines\/","name":"Panoramines","description":"Panoramines, l\u2019actualit\u00e9 de MINES Saint-\u00c9tienne","potentialAction":[{"@type":"SearchAction","target":{"@type":"EntryPoint","urlTemplate":"https:\/\/www.mines-stetienne.fr\/panoramines\/?s={search_term_string}"},"query-input":{"@type":"PropertyValueSpecification","valueRequired":true,"valueName":"search_term_string"}}],"inLanguage":"fr-FR"},{"@type":"Person","@id":"https:\/\/www.mines-stetienne.fr\/panoramines\/#\/schema\/person\/53c118c529c866c1454c8138b35880e8","name":"Gr\u00e9goire","image":{"@type":"ImageObject","inLanguage":"fr-FR","@id":"https:\/\/www.mines-stetienne.fr\/panoramines\/wp-content\/uploads\/sites\/3\/2021\/07\/logo-75x75-1.png","url":"https:\/\/www.mines-stetienne.fr\/panoramines\/wp-content\/uploads\/sites\/3\/2021\/07\/logo-75x75-1.png","contentUrl":"https:\/\/www.mines-stetienne.fr\/panoramines\/wp-content\/uploads\/sites\/3\/2021\/07\/logo-75x75-1.png","caption":"Gr\u00e9goire"},"sameAs":["http:\/\/www.mines-stetienne.fr","jjj","kkk","aaa","mmm","https:\/\/x.com\/qqq","lll","rrr","nnn","ooo","ppp"],"url":"https:\/\/www.mines-stetienne.fr\/panoramines\/author\/gregoire\/"}]}},"_links":{"self":[{"href":"https:\/\/www.mines-stetienne.fr\/panoramines\/wp-json\/wp\/v2\/posts\/25308","targetHints":{"allow":["GET"]}}],"collection":[{"href":"https:\/\/www.mines-stetienne.fr\/panoramines\/wp-json\/wp\/v2\/posts"}],"about":[{"href":"https:\/\/www.mines-stetienne.fr\/panoramines\/wp-json\/wp\/v2\/types\/post"}],"author":[{"embeddable":true,"href":"https:\/\/www.mines-stetienne.fr\/panoramines\/wp-json\/wp\/v2\/users\/2"}],"replies":[{"embeddable":true,"href":"https:\/\/www.mines-stetienne.fr\/panoramines\/wp-json\/wp\/v2\/comments?post=25308"}],"version-history":[{"count":9,"href":"https:\/\/www.mines-stetienne.fr\/panoramines\/wp-json\/wp\/v2\/posts\/25308\/revisions"}],"predecessor-version":[{"id":25321,"href":"https:\/\/www.mines-stetienne.fr\/panoramines\/wp-json\/wp\/v2\/posts\/25308\/revisions\/25321"}],"wp:featuredmedia":[{"embeddable":true,"href":"https:\/\/www.mines-stetienne.fr\/panoramines\/wp-json\/wp\/v2\/media\/25314"}],"wp:attachment":[{"href":"https:\/\/www.mines-stetienne.fr\/panoramines\/wp-json\/wp\/v2\/media?parent=25308"}],"wp:term":[{"taxonomy":"category","embeddable":true,"href":"https:\/\/www.mines-stetienne.fr\/panoramines\/wp-json\/wp\/v2\/categories?post=25308"},{"taxonomy":"post_tag","embeddable":true,"href":"https:\/\/www.mines-stetienne.fr\/panoramines\/wp-json\/wp\/v2\/tags?post=25308"}],"curies":[{"name":"wp","href":"https:\/\/api.w.org\/{rel}","templated":true}]}}