{"id":25201,"date":"2023-06-23T13:56:40","date_gmt":"2023-06-23T11:56:40","guid":{"rendered":"https:\/\/www.mines-stetienne.fr\/panoramines\/?p=25201"},"modified":"2025-03-10T16:51:24","modified_gmt":"2025-03-10T15:51:24","slug":"une-journee-hydrogene-et-problematiques-materiaux-a-charbonnieres-les-bains","status":"publish","type":"post","link":"https:\/\/www.mines-stetienne.fr\/panoramines\/2023\/06\/23\/une-journee-hydrogene-et-problematiques-materiaux-a-charbonnieres-les-bains\/","title":{"rendered":"Une journ\u00e9e \u00ab\u00a0hydrog\u00e8ne et probl\u00e9matiques mat\u00e9riaux\u00a0\u00bb \u00e0 Charbonni\u00e8res-les-Bains"},"content":{"rendered":"\n<h4 class=\"wp-block-heading\">L&rsquo;\u00e9v\u00e9nement s&rsquo;est d\u00e9roul\u00e9 le 1er juin dernier sur le Campus R\u00e9gion du num\u00e9rique de Charbonni\u00e8res-les-Bains.<\/h4>\n\n\n\n<p>Le site rh\u00f4nalpin n&rsquo;h\u00e9berge pas seulement la plateforme <a href=\"https:\/\/www.diwii.fr\/\" target=\"_blank\" rel=\"noreferrer noopener\">DIWII<\/a> qui d\u00e9ploie, sur pr\u00e8s de 800 m\u00b2, une\u00a0plateforme technologique\u00a0repr\u00e9sentant des ateliers de\u00a0l\u2019industrie du futur, avec ses\u00a0processus industriels et ses fonctions support. Il a accueilli, le temps d&rsquo;une journ\u00e9e riche en \u00e9changes, une manifestation scientifique qui avait pour th\u00e8me : hydrog\u00e8ne et probl\u00e9matiques mat\u00e9riaux.<\/p>\n\n\n\n<p>Organis\u00e9e par le <a href=\"https:\/\/www.mines-stetienne.fr\/recherche\/centres-et-departements\/sciences-des-materiaux-et-des-structures\/cercle-detudes-des-metaux\/\" target=\"_blank\" rel=\"noreferrer noopener\">Cercle d&rsquo;\u00c9tudes des M\u00e9taux<\/a>, elle a r\u00e9uni 90 personnes dont plus de la moiti\u00e9 travaille dans l&rsquo;industrie. De nombreux chercheurs de Mines Saint-\u00c9tienne \u00e9taient pr\u00e9sents \u00e0 cette occasion.<\/p>\n\n\n\n<p>Parmi eux, Fr\u00e9d\u00e9ric Christien, membre du Centre d&rsquo;Enseignement et de Recherche st\u00e9phanois consacr\u00e9 aux Sciences des Mat\u00e9riaux et des Structures (SMS), a effectu\u00e9 le cadrage de cette journ\u00e9e appr\u00e9ci\u00e9e de tous les participants.<\/p>\n\n\n\n<p><\/p>\n","protected":false},"excerpt":{"rendered":"<p>L&rsquo;\u00e9v\u00e9nement s&rsquo;est d\u00e9roul\u00e9 le 1er juin dernier sur le Campus R\u00e9gion du num\u00e9rique de Charbonni\u00e8res-les-Bains. Le site rh\u00f4nalpin n&rsquo;h\u00e9berge pas seulement la plateforme DIWII qui d\u00e9ploie, sur pr\u00e8s de 800 m\u00b2, une\u00a0plateforme technologique\u00a0repr\u00e9sentant des ateliers de\u00a0l\u2019industrie du futur, avec ses\u00a0processus &hellip;<\/p>\n","protected":false},"author":2,"featured_media":25205,"comment_status":"closed","ping_status":"open","sticky":false,"template":"","format":"standard","meta":{"_relevanssi_hide_post":"","_relevanssi_hide_content":"","_relevanssi_pin_for_all":"","_relevanssi_pin_keywords":"","_relevanssi_unpin_keywords":"","_relevanssi_related_keywords":"","_relevanssi_related_include_ids":"","_relevanssi_related_exclude_ids":"","_relevanssi_related_no_append":"","_relevanssi_related_not_related":"","_relevanssi_related_posts":"980,201,238,15351,505,888","_relevanssi_noindex_reason":"","footnotes":""},"categories":[10],"tags":[891,714,619,690,873],"class_list":["post-25201","post","type-post","status-publish","format-standard","has-post-thumbnail","hentry","category-culture-scientifique","tag-cercle-detudes-des-metaux","tag-charbonnieres-les-bains","tag-diwii","tag-hydrogene","tag-mines-saint-etienne"],"pp_statuses_selecting_workflow":false,"pp_workflow_action":"current","pp_status_selection":"publish","pp_force_visibility":null,"pp_subpost_visibility":null,"pp_inherited_force_visibility":null,"pp_inherited_subpost_visibility":null,"yoast_head":"<!-- This site is optimized with the Yoast SEO plugin v27.5 - https:\/\/yoast.com\/product\/yoast-seo-wordpress\/ -->\n<title>Une journ\u00e9e &quot;hydrog\u00e8ne et probl\u00e9matiques mat\u00e9riaux&quot; \u00e0 Charbonni\u00e8res-les-Bains - Panoramines<\/title>\n<meta name=\"robots\" content=\"index, follow, max-snippet:-1, max-image-preview:large, max-video-preview:-1\" \/>\n<link rel=\"canonical\" href=\"https:\/\/www.mines-stetienne.fr\/panoramines\/2023\/06\/23\/une-journee-hydrogene-et-problematiques-materiaux-a-charbonnieres-les-bains\/\" \/>\n<meta property=\"og:locale\" content=\"fr_FR\" \/>\n<meta property=\"og:type\" content=\"article\" \/>\n<meta property=\"og:title\" content=\"Une journ\u00e9e &quot;hydrog\u00e8ne et probl\u00e9matiques mat\u00e9riaux&quot; \u00e0 Charbonni\u00e8res-les-Bains - Panoramines\" \/>\n<meta property=\"og:description\" content=\"L&rsquo;\u00e9v\u00e9nement s&rsquo;est d\u00e9roul\u00e9 le 1er juin dernier sur le Campus R\u00e9gion du num\u00e9rique de Charbonni\u00e8res-les-Bains. Le site rh\u00f4nalpin n&rsquo;h\u00e9berge pas seulement la plateforme DIWII qui d\u00e9ploie, sur pr\u00e8s de 800 m\u00b2, une\u00a0plateforme technologique\u00a0repr\u00e9sentant des ateliers de\u00a0l\u2019industrie du futur, avec ses\u00a0processus &hellip;\" \/>\n<meta property=\"og:url\" content=\"https:\/\/www.mines-stetienne.fr\/panoramines\/2023\/06\/23\/une-journee-hydrogene-et-problematiques-materiaux-a-charbonnieres-les-bains\/\" \/>\n<meta property=\"og:site_name\" content=\"Panoramines\" \/>\n<meta property=\"article:author\" content=\"jjj\" \/>\n<meta property=\"article:published_time\" content=\"2023-06-23T11:56:40+00:00\" \/>\n<meta property=\"article:modified_time\" content=\"2025-03-10T15:51:24+00:00\" \/>\n<meta property=\"og:image\" content=\"https:\/\/www.mines-stetienne.fr\/panoramines\/wp-content\/uploads\/sites\/3\/2023\/06\/20230601_103505-scaled.jpg\" \/>\n\t<meta property=\"og:image:width\" content=\"2560\" \/>\n\t<meta property=\"og:image:height\" content=\"1920\" \/>\n\t<meta property=\"og:image:type\" content=\"image\/jpeg\" \/>\n<meta name=\"author\" content=\"Gr\u00e9goire\" \/>\n<meta name=\"twitter:card\" content=\"summary_large_image\" \/>\n<meta name=\"twitter:creator\" content=\"@qqq\" \/>\n<meta name=\"twitter:label1\" content=\"\u00c9crit par\" \/>\n\t<meta name=\"twitter:data1\" content=\"Gr\u00e9goire\" \/>\n\t<meta name=\"twitter:label2\" content=\"Dur\u00e9e de lecture estim\u00e9e\" \/>\n\t<meta name=\"twitter:data2\" content=\"1 minute\" \/>\n<script type=\"application\/ld+json\" class=\"yoast-schema-graph\">{\"@context\":\"https:\\\/\\\/schema.org\",\"@graph\":[{\"@type\":\"Article\",\"@id\":\"https:\\\/\\\/www.mines-stetienne.fr\\\/panoramines\\\/2023\\\/06\\\/23\\\/une-journee-hydrogene-et-problematiques-materiaux-a-charbonnieres-les-bains\\\/#article\",\"isPartOf\":{\"@id\":\"https:\\\/\\\/www.mines-stetienne.fr\\\/panoramines\\\/2023\\\/06\\\/23\\\/une-journee-hydrogene-et-problematiques-materiaux-a-charbonnieres-les-bains\\\/\"},\"author\":{\"name\":\"Gr\u00e9goire\",\"@id\":\"https:\\\/\\\/www.mines-stetienne.fr\\\/panoramines\\\/#\\\/schema\\\/person\\\/53c118c529c866c1454c8138b35880e8\"},\"headline\":\"Une journ\u00e9e \u00ab\u00a0hydrog\u00e8ne et probl\u00e9matiques mat\u00e9riaux\u00a0\u00bb \u00e0 Charbonni\u00e8res-les-Bains\",\"datePublished\":\"2023-06-23T11:56:40+00:00\",\"dateModified\":\"2025-03-10T15:51:24+00:00\",\"mainEntityOfPage\":{\"@id\":\"https:\\\/\\\/www.mines-stetienne.fr\\\/panoramines\\\/2023\\\/06\\\/23\\\/une-journee-hydrogene-et-problematiques-materiaux-a-charbonnieres-les-bains\\\/\"},\"wordCount\":173,\"image\":{\"@id\":\"https:\\\/\\\/www.mines-stetienne.fr\\\/panoramines\\\/2023\\\/06\\\/23\\\/une-journee-hydrogene-et-problematiques-materiaux-a-charbonnieres-les-bains\\\/#primaryimage\"},\"thumbnailUrl\":\"https:\\\/\\\/www.mines-stetienne.fr\\\/panoramines\\\/wp-content\\\/uploads\\\/sites\\\/3\\\/2023\\\/06\\\/20230601_103505-scaled.jpg\",\"keywords\":[\"Cercle d&#039;\u00e9tudes des m\u00e9taux\",\"Charbonni\u00e8res-les-bains\",\"DIWII\",\"Hydrog\u00e8ne\",\"Mines Saint-Etienne\"],\"articleSection\":[\"Culture scientifique\"],\"inLanguage\":\"fr-FR\"},{\"@type\":\"WebPage\",\"@id\":\"https:\\\/\\\/www.mines-stetienne.fr\\\/panoramines\\\/2023\\\/06\\\/23\\\/une-journee-hydrogene-et-problematiques-materiaux-a-charbonnieres-les-bains\\\/\",\"url\":\"https:\\\/\\\/www.mines-stetienne.fr\\\/panoramines\\\/2023\\\/06\\\/23\\\/une-journee-hydrogene-et-problematiques-materiaux-a-charbonnieres-les-bains\\\/\",\"name\":\"Une journ\u00e9e \\\"hydrog\u00e8ne et probl\u00e9matiques mat\u00e9riaux\\\" \u00e0 Charbonni\u00e8res-les-Bains - Panoramines\",\"isPartOf\":{\"@id\":\"https:\\\/\\\/www.mines-stetienne.fr\\\/panoramines\\\/#website\"},\"primaryImageOfPage\":{\"@id\":\"https:\\\/\\\/www.mines-stetienne.fr\\\/panoramines\\\/2023\\\/06\\\/23\\\/une-journee-hydrogene-et-problematiques-materiaux-a-charbonnieres-les-bains\\\/#primaryimage\"},\"image\":{\"@id\":\"https:\\\/\\\/www.mines-stetienne.fr\\\/panoramines\\\/2023\\\/06\\\/23\\\/une-journee-hydrogene-et-problematiques-materiaux-a-charbonnieres-les-bains\\\/#primaryimage\"},\"thumbnailUrl\":\"https:\\\/\\\/www.mines-stetienne.fr\\\/panoramines\\\/wp-content\\\/uploads\\\/sites\\\/3\\\/2023\\\/06\\\/20230601_103505-scaled.jpg\",\"datePublished\":\"2023-06-23T11:56:40+00:00\",\"dateModified\":\"2025-03-10T15:51:24+00:00\",\"author\":{\"@id\":\"https:\\\/\\\/www.mines-stetienne.fr\\\/panoramines\\\/#\\\/schema\\\/person\\\/53c118c529c866c1454c8138b35880e8\"},\"breadcrumb\":{\"@id\":\"https:\\\/\\\/www.mines-stetienne.fr\\\/panoramines\\\/2023\\\/06\\\/23\\\/une-journee-hydrogene-et-problematiques-materiaux-a-charbonnieres-les-bains\\\/#breadcrumb\"},\"inLanguage\":\"fr-FR\",\"potentialAction\":[{\"@type\":\"ReadAction\",\"target\":[\"https:\\\/\\\/www.mines-stetienne.fr\\\/panoramines\\\/2023\\\/06\\\/23\\\/une-journee-hydrogene-et-problematiques-materiaux-a-charbonnieres-les-bains\\\/\"]}]},{\"@type\":\"ImageObject\",\"inLanguage\":\"fr-FR\",\"@id\":\"https:\\\/\\\/www.mines-stetienne.fr\\\/panoramines\\\/2023\\\/06\\\/23\\\/une-journee-hydrogene-et-problematiques-materiaux-a-charbonnieres-les-bains\\\/#primaryimage\",\"url\":\"https:\\\/\\\/www.mines-stetienne.fr\\\/panoramines\\\/wp-content\\\/uploads\\\/sites\\\/3\\\/2023\\\/06\\\/20230601_103505-scaled.jpg\",\"contentUrl\":\"https:\\\/\\\/www.mines-stetienne.fr\\\/panoramines\\\/wp-content\\\/uploads\\\/sites\\\/3\\\/2023\\\/06\\\/20230601_103505-scaled.jpg\",\"width\":2560,\"height\":1920},{\"@type\":\"BreadcrumbList\",\"@id\":\"https:\\\/\\\/www.mines-stetienne.fr\\\/panoramines\\\/2023\\\/06\\\/23\\\/une-journee-hydrogene-et-problematiques-materiaux-a-charbonnieres-les-bains\\\/#breadcrumb\",\"itemListElement\":[{\"@type\":\"ListItem\",\"position\":1,\"name\":\"Accueil\",\"item\":\"https:\\\/\\\/www.mines-stetienne.fr\\\/panoramines\\\/\"},{\"@type\":\"ListItem\",\"position\":2,\"name\":\"Une journ\u00e9e \u00ab\u00a0hydrog\u00e8ne et probl\u00e9matiques mat\u00e9riaux\u00a0\u00bb \u00e0 Charbonni\u00e8res-les-Bains\"}]},{\"@type\":\"WebSite\",\"@id\":\"https:\\\/\\\/www.mines-stetienne.fr\\\/panoramines\\\/#website\",\"url\":\"https:\\\/\\\/www.mines-stetienne.fr\\\/panoramines\\\/\",\"name\":\"Panoramines\",\"description\":\"Panoramines, l\u2019actualit\u00e9 de MINES Saint-\u00c9tienne\",\"potentialAction\":[{\"@type\":\"SearchAction\",\"target\":{\"@type\":\"EntryPoint\",\"urlTemplate\":\"https:\\\/\\\/www.mines-stetienne.fr\\\/panoramines\\\/?s={search_term_string}\"},\"query-input\":{\"@type\":\"PropertyValueSpecification\",\"valueRequired\":true,\"valueName\":\"search_term_string\"}}],\"inLanguage\":\"fr-FR\"},{\"@type\":\"Person\",\"@id\":\"https:\\\/\\\/www.mines-stetienne.fr\\\/panoramines\\\/#\\\/schema\\\/person\\\/53c118c529c866c1454c8138b35880e8\",\"name\":\"Gr\u00e9goire\",\"image\":{\"@type\":\"ImageObject\",\"inLanguage\":\"fr-FR\",\"@id\":\"https:\\\/\\\/www.mines-stetienne.fr\\\/panoramines\\\/wp-content\\\/uploads\\\/sites\\\/3\\\/2021\\\/07\\\/logo-75x75-1.png\",\"url\":\"https:\\\/\\\/www.mines-stetienne.fr\\\/panoramines\\\/wp-content\\\/uploads\\\/sites\\\/3\\\/2021\\\/07\\\/logo-75x75-1.png\",\"contentUrl\":\"https:\\\/\\\/www.mines-stetienne.fr\\\/panoramines\\\/wp-content\\\/uploads\\\/sites\\\/3\\\/2021\\\/07\\\/logo-75x75-1.png\",\"caption\":\"Gr\u00e9goire\"},\"sameAs\":[\"http:\\\/\\\/www.mines-stetienne.fr\",\"jjj\",\"kkk\",\"aaa\",\"mmm\",\"https:\\\/\\\/x.com\\\/qqq\",\"lll\",\"rrr\",\"nnn\",\"ooo\",\"ppp\"],\"url\":\"https:\\\/\\\/www.mines-stetienne.fr\\\/panoramines\\\/author\\\/gregoire\\\/\"}]}<\/script>\n<!-- \/ Yoast SEO plugin. -->","yoast_head_json":{"title":"Une journ\u00e9e \"hydrog\u00e8ne et probl\u00e9matiques mat\u00e9riaux\" \u00e0 Charbonni\u00e8res-les-Bains - Panoramines","robots":{"index":"index","follow":"follow","max-snippet":"max-snippet:-1","max-image-preview":"max-image-preview:large","max-video-preview":"max-video-preview:-1"},"canonical":"https:\/\/www.mines-stetienne.fr\/panoramines\/2023\/06\/23\/une-journee-hydrogene-et-problematiques-materiaux-a-charbonnieres-les-bains\/","og_locale":"fr_FR","og_type":"article","og_title":"Une journ\u00e9e \"hydrog\u00e8ne et probl\u00e9matiques mat\u00e9riaux\" \u00e0 Charbonni\u00e8res-les-Bains - Panoramines","og_description":"L&rsquo;\u00e9v\u00e9nement s&rsquo;est d\u00e9roul\u00e9 le 1er juin dernier sur le Campus R\u00e9gion du num\u00e9rique de Charbonni\u00e8res-les-Bains. Le site rh\u00f4nalpin n&rsquo;h\u00e9berge pas seulement la plateforme DIWII qui d\u00e9ploie, sur pr\u00e8s de 800 m\u00b2, une\u00a0plateforme technologique\u00a0repr\u00e9sentant des ateliers de\u00a0l\u2019industrie du futur, avec ses\u00a0processus &hellip;","og_url":"https:\/\/www.mines-stetienne.fr\/panoramines\/2023\/06\/23\/une-journee-hydrogene-et-problematiques-materiaux-a-charbonnieres-les-bains\/","og_site_name":"Panoramines","article_author":"jjj","article_published_time":"2023-06-23T11:56:40+00:00","article_modified_time":"2025-03-10T15:51:24+00:00","og_image":[{"width":2560,"height":1920,"url":"https:\/\/www.mines-stetienne.fr\/panoramines\/wp-content\/uploads\/sites\/3\/2023\/06\/20230601_103505-scaled.jpg","type":"image\/jpeg"}],"author":"Gr\u00e9goire","twitter_card":"summary_large_image","twitter_creator":"@qqq","twitter_misc":{"\u00c9crit par":"Gr\u00e9goire","Dur\u00e9e de lecture estim\u00e9e":"1 minute"},"schema":{"@context":"https:\/\/schema.org","@graph":[{"@type":"Article","@id":"https:\/\/www.mines-stetienne.fr\/panoramines\/2023\/06\/23\/une-journee-hydrogene-et-problematiques-materiaux-a-charbonnieres-les-bains\/#article","isPartOf":{"@id":"https:\/\/www.mines-stetienne.fr\/panoramines\/2023\/06\/23\/une-journee-hydrogene-et-problematiques-materiaux-a-charbonnieres-les-bains\/"},"author":{"name":"Gr\u00e9goire","@id":"https:\/\/www.mines-stetienne.fr\/panoramines\/#\/schema\/person\/53c118c529c866c1454c8138b35880e8"},"headline":"Une journ\u00e9e \u00ab\u00a0hydrog\u00e8ne et probl\u00e9matiques mat\u00e9riaux\u00a0\u00bb \u00e0 Charbonni\u00e8res-les-Bains","datePublished":"2023-06-23T11:56:40+00:00","dateModified":"2025-03-10T15:51:24+00:00","mainEntityOfPage":{"@id":"https:\/\/www.mines-stetienne.fr\/panoramines\/2023\/06\/23\/une-journee-hydrogene-et-problematiques-materiaux-a-charbonnieres-les-bains\/"},"wordCount":173,"image":{"@id":"https:\/\/www.mines-stetienne.fr\/panoramines\/2023\/06\/23\/une-journee-hydrogene-et-problematiques-materiaux-a-charbonnieres-les-bains\/#primaryimage"},"thumbnailUrl":"https:\/\/www.mines-stetienne.fr\/panoramines\/wp-content\/uploads\/sites\/3\/2023\/06\/20230601_103505-scaled.jpg","keywords":["Cercle d&#039;\u00e9tudes des m\u00e9taux","Charbonni\u00e8res-les-bains","DIWII","Hydrog\u00e8ne","Mines Saint-Etienne"],"articleSection":["Culture scientifique"],"inLanguage":"fr-FR"},{"@type":"WebPage","@id":"https:\/\/www.mines-stetienne.fr\/panoramines\/2023\/06\/23\/une-journee-hydrogene-et-problematiques-materiaux-a-charbonnieres-les-bains\/","url":"https:\/\/www.mines-stetienne.fr\/panoramines\/2023\/06\/23\/une-journee-hydrogene-et-problematiques-materiaux-a-charbonnieres-les-bains\/","name":"Une journ\u00e9e \"hydrog\u00e8ne et probl\u00e9matiques mat\u00e9riaux\" \u00e0 Charbonni\u00e8res-les-Bains - Panoramines","isPartOf":{"@id":"https:\/\/www.mines-stetienne.fr\/panoramines\/#website"},"primaryImageOfPage":{"@id":"https:\/\/www.mines-stetienne.fr\/panoramines\/2023\/06\/23\/une-journee-hydrogene-et-problematiques-materiaux-a-charbonnieres-les-bains\/#primaryimage"},"image":{"@id":"https:\/\/www.mines-stetienne.fr\/panoramines\/2023\/06\/23\/une-journee-hydrogene-et-problematiques-materiaux-a-charbonnieres-les-bains\/#primaryimage"},"thumbnailUrl":"https:\/\/www.mines-stetienne.fr\/panoramines\/wp-content\/uploads\/sites\/3\/2023\/06\/20230601_103505-scaled.jpg","datePublished":"2023-06-23T11:56:40+00:00","dateModified":"2025-03-10T15:51:24+00:00","author":{"@id":"https:\/\/www.mines-stetienne.fr\/panoramines\/#\/schema\/person\/53c118c529c866c1454c8138b35880e8"},"breadcrumb":{"@id":"https:\/\/www.mines-stetienne.fr\/panoramines\/2023\/06\/23\/une-journee-hydrogene-et-problematiques-materiaux-a-charbonnieres-les-bains\/#breadcrumb"},"inLanguage":"fr-FR","potentialAction":[{"@type":"ReadAction","target":["https:\/\/www.mines-stetienne.fr\/panoramines\/2023\/06\/23\/une-journee-hydrogene-et-problematiques-materiaux-a-charbonnieres-les-bains\/"]}]},{"@type":"ImageObject","inLanguage":"fr-FR","@id":"https:\/\/www.mines-stetienne.fr\/panoramines\/2023\/06\/23\/une-journee-hydrogene-et-problematiques-materiaux-a-charbonnieres-les-bains\/#primaryimage","url":"https:\/\/www.mines-stetienne.fr\/panoramines\/wp-content\/uploads\/sites\/3\/2023\/06\/20230601_103505-scaled.jpg","contentUrl":"https:\/\/www.mines-stetienne.fr\/panoramines\/wp-content\/uploads\/sites\/3\/2023\/06\/20230601_103505-scaled.jpg","width":2560,"height":1920},{"@type":"BreadcrumbList","@id":"https:\/\/www.mines-stetienne.fr\/panoramines\/2023\/06\/23\/une-journee-hydrogene-et-problematiques-materiaux-a-charbonnieres-les-bains\/#breadcrumb","itemListElement":[{"@type":"ListItem","position":1,"name":"Accueil","item":"https:\/\/www.mines-stetienne.fr\/panoramines\/"},{"@type":"ListItem","position":2,"name":"Une journ\u00e9e \u00ab\u00a0hydrog\u00e8ne et probl\u00e9matiques mat\u00e9riaux\u00a0\u00bb \u00e0 Charbonni\u00e8res-les-Bains"}]},{"@type":"WebSite","@id":"https:\/\/www.mines-stetienne.fr\/panoramines\/#website","url":"https:\/\/www.mines-stetienne.fr\/panoramines\/","name":"Panoramines","description":"Panoramines, l\u2019actualit\u00e9 de MINES Saint-\u00c9tienne","potentialAction":[{"@type":"SearchAction","target":{"@type":"EntryPoint","urlTemplate":"https:\/\/www.mines-stetienne.fr\/panoramines\/?s={search_term_string}"},"query-input":{"@type":"PropertyValueSpecification","valueRequired":true,"valueName":"search_term_string"}}],"inLanguage":"fr-FR"},{"@type":"Person","@id":"https:\/\/www.mines-stetienne.fr\/panoramines\/#\/schema\/person\/53c118c529c866c1454c8138b35880e8","name":"Gr\u00e9goire","image":{"@type":"ImageObject","inLanguage":"fr-FR","@id":"https:\/\/www.mines-stetienne.fr\/panoramines\/wp-content\/uploads\/sites\/3\/2021\/07\/logo-75x75-1.png","url":"https:\/\/www.mines-stetienne.fr\/panoramines\/wp-content\/uploads\/sites\/3\/2021\/07\/logo-75x75-1.png","contentUrl":"https:\/\/www.mines-stetienne.fr\/panoramines\/wp-content\/uploads\/sites\/3\/2021\/07\/logo-75x75-1.png","caption":"Gr\u00e9goire"},"sameAs":["http:\/\/www.mines-stetienne.fr","jjj","kkk","aaa","mmm","https:\/\/x.com\/qqq","lll","rrr","nnn","ooo","ppp"],"url":"https:\/\/www.mines-stetienne.fr\/panoramines\/author\/gregoire\/"}]}},"_links":{"self":[{"href":"https:\/\/www.mines-stetienne.fr\/panoramines\/wp-json\/wp\/v2\/posts\/25201","targetHints":{"allow":["GET"]}}],"collection":[{"href":"https:\/\/www.mines-stetienne.fr\/panoramines\/wp-json\/wp\/v2\/posts"}],"about":[{"href":"https:\/\/www.mines-stetienne.fr\/panoramines\/wp-json\/wp\/v2\/types\/post"}],"author":[{"embeddable":true,"href":"https:\/\/www.mines-stetienne.fr\/panoramines\/wp-json\/wp\/v2\/users\/2"}],"replies":[{"embeddable":true,"href":"https:\/\/www.mines-stetienne.fr\/panoramines\/wp-json\/wp\/v2\/comments?post=25201"}],"version-history":[{"count":4,"href":"https:\/\/www.mines-stetienne.fr\/panoramines\/wp-json\/wp\/v2\/posts\/25201\/revisions"}],"predecessor-version":[{"id":25206,"href":"https:\/\/www.mines-stetienne.fr\/panoramines\/wp-json\/wp\/v2\/posts\/25201\/revisions\/25206"}],"wp:featuredmedia":[{"embeddable":true,"href":"https:\/\/www.mines-stetienne.fr\/panoramines\/wp-json\/wp\/v2\/media\/25205"}],"wp:attachment":[{"href":"https:\/\/www.mines-stetienne.fr\/panoramines\/wp-json\/wp\/v2\/media?parent=25201"}],"wp:term":[{"taxonomy":"category","embeddable":true,"href":"https:\/\/www.mines-stetienne.fr\/panoramines\/wp-json\/wp\/v2\/categories?post=25201"},{"taxonomy":"post_tag","embeddable":true,"href":"https:\/\/www.mines-stetienne.fr\/panoramines\/wp-json\/wp\/v2\/tags?post=25201"}],"curies":[{"name":"wp","href":"https:\/\/api.w.org\/{rel}","templated":true}]}}