{"id":25059,"date":"2023-06-15T11:06:46","date_gmt":"2023-06-15T09:06:46","guid":{"rendered":"https:\/\/www.mines-stetienne.fr\/panoramines\/?p=25059"},"modified":"2025-03-10T16:51:24","modified_gmt":"2025-03-10T15:51:24","slug":"le-challenge-convergence-imt-2023-se-tiendra-dans-le-rhone-et-la-loire","status":"publish","type":"post","link":"https:\/\/www.mines-stetienne.fr\/panoramines\/2023\/06\/15\/le-challenge-convergence-imt-2023-se-tiendra-dans-le-rhone-et-la-loire\/","title":{"rendered":"Le Challenge Convergence IMT 2023 dans le Rh\u00f4ne et la Loire"},"content":{"rendered":"\n<h4 class=\"wp-block-heading\">La 2<sup>\u00e8me<\/sup> \u00e9dition de cet \u00e9v\u00e9nement phare organis\u00e9 par l&rsquo;IMT et soutenu par la Fondation Mines-T\u00e9l\u00e9com s&rsquo;est d\u00e9roul\u00e9e du 22 au 25 juin 2023 \u00e0 Lyon et \u00e0 Saint-Etienne.<\/h4>\n\n\n\n<p>Cinquante \u00e9tudiantes et \u00e9tudiants du r\u00e9seau IMT ont planch\u00e9 sur le th\u00e8me de l&rsquo;innovation durable et l&rsquo;industrie du futur pendant quatre jours. Un vaste et beau sujet qui a conduit les participants \u00e0 construire et d\u00e9construire des solutions innovantes, des produits et des services autour de mod\u00e8les \u00e9conomiques \u00e0 la fois p\u00e9rennes et soutenables. Ces travaux ont \u00e9t\u00e9 r\u00e9alis\u00e9s par \u00e9quipes de cinq. Ils se sont d\u00e9roul\u00e9s sous la forme de diff\u00e9rents d\u00e9fis appliqu\u00e9s \u00e0 des cas concrets en utilisant des technologies \u00e9mergentes comme l&rsquo;intelligence artificielle, l&rsquo;apprentissage automatique, la blockchain et l&rsquo;analyse des donn\u00e9es.<\/p>\n\n\n\n<hr class=\"wp-block-separator has-alpha-channel-opacity\" \/>\n\n\n\n<p>L&rsquo;\u00e9dition 2022 s&rsquo;\u00e9tait tenue au Hub cr\u00e9ativit\u00e9 d&rsquo;Al\u00e8s du 30 juin au 3 juillet. Elle avait accueilli des \u00e9l\u00e8ves en provenance de sept \u00e9coles de l&rsquo;IMT. Le th\u00e8me retenu \u00e9tait celui de l&rsquo;innovation durable et du territoire.<\/p>\n\n\n\n<div class=\"wp-block-buttons is-layout-flex wp-block-buttons-is-layout-flex\">\n<div class=\"wp-block-button\"><a class=\"wp-block-button__link wp-element-button\" href=\"https:\/\/www.imt.fr\/formation\/challenge-imt\/\" target=\"_blank\" rel=\"noreferrer noopener\">Plus d&rsquo;infos sur le Challenge Convergence IMT 2023<\/a><\/div>\n<\/div>\n","protected":false},"excerpt":{"rendered":"<p>La 2\u00e8me \u00e9dition de cet \u00e9v\u00e9nement phare organis\u00e9 par l&rsquo;IMT et soutenu par la Fondation Mines-T\u00e9l\u00e9com s&rsquo;est d\u00e9roul\u00e9e du 22 au 25 juin 2023 \u00e0 Lyon et \u00e0 Saint-Etienne. Cinquante \u00e9tudiantes et \u00e9tudiants du r\u00e9seau IMT ont planch\u00e9 sur le &hellip;<\/p>\n","protected":false},"author":2,"featured_media":25069,"comment_status":"closed","ping_status":"open","sticky":false,"template":"","format":"standard","meta":{"_relevanssi_hide_post":"","_relevanssi_hide_content":"","_relevanssi_pin_for_all":"","_relevanssi_pin_keywords":"","_relevanssi_unpin_keywords":"","_relevanssi_related_keywords":"","_relevanssi_related_include_ids":"","_relevanssi_related_exclude_ids":"","_relevanssi_related_no_append":"","_relevanssi_related_not_related":"","_relevanssi_related_posts":"1337,980,641,608,22485,4848","_relevanssi_noindex_reason":"","footnotes":""},"categories":[8],"tags":[878,879,443,880,800],"class_list":["post-25059","post","type-post","status-publish","format-standard","has-post-thumbnail","hentry","category-vie-etudiante","tag-challenge-convergence-imt-2023","tag-fondation-mines-telecom-2","tag-lyon","tag-plateforme-diwii","tag-saint-etienne-2"],"pp_statuses_selecting_workflow":false,"pp_workflow_action":"current","pp_status_selection":"publish","pp_force_visibility":null,"pp_subpost_visibility":null,"pp_inherited_force_visibility":null,"pp_inherited_subpost_visibility":null,"yoast_head":"<!-- This site is optimized with the Yoast SEO plugin v27.4 - https:\/\/yoast.com\/product\/yoast-seo-wordpress\/ -->\n<title>Le Challenge Convergence IMT 2023 dans le Rh\u00f4ne et la Loire - Panoramines<\/title>\n<meta name=\"robots\" content=\"index, follow, max-snippet:-1, max-image-preview:large, max-video-preview:-1\" \/>\n<link rel=\"canonical\" href=\"https:\/\/www.mines-stetienne.fr\/panoramines\/2023\/06\/15\/le-challenge-convergence-imt-2023-se-tiendra-dans-le-rhone-et-la-loire\/\" \/>\n<meta property=\"og:locale\" content=\"fr_FR\" \/>\n<meta property=\"og:type\" content=\"article\" \/>\n<meta property=\"og:title\" content=\"Le Challenge Convergence IMT 2023 dans le Rh\u00f4ne et la Loire - Panoramines\" \/>\n<meta property=\"og:description\" content=\"La 2\u00e8me \u00e9dition de cet \u00e9v\u00e9nement phare organis\u00e9 par l&rsquo;IMT et soutenu par la Fondation Mines-T\u00e9l\u00e9com s&rsquo;est d\u00e9roul\u00e9e du 22 au 25 juin 2023 \u00e0 Lyon et \u00e0 Saint-Etienne. Cinquante \u00e9tudiantes et \u00e9tudiants du r\u00e9seau IMT ont planch\u00e9 sur le &hellip;\" \/>\n<meta property=\"og:url\" content=\"https:\/\/www.mines-stetienne.fr\/panoramines\/2023\/06\/15\/le-challenge-convergence-imt-2023-se-tiendra-dans-le-rhone-et-la-loire\/\" \/>\n<meta property=\"og:site_name\" content=\"Panoramines\" \/>\n<meta property=\"article:author\" content=\"jjj\" \/>\n<meta property=\"article:published_time\" content=\"2023-06-15T09:06:46+00:00\" \/>\n<meta property=\"article:modified_time\" content=\"2025-03-10T15:51:24+00:00\" \/>\n<meta property=\"og:image\" content=\"https:\/\/www.mines-stetienne.fr\/panoramines\/wp-content\/uploads\/sites\/3\/2023\/06\/Capture-decran-2023-06-15-105426.png\" \/>\n\t<meta property=\"og:image:width\" content=\"281\" \/>\n\t<meta property=\"og:image:height\" content=\"183\" \/>\n\t<meta property=\"og:image:type\" content=\"image\/png\" \/>\n<meta name=\"author\" content=\"Gr\u00e9goire\" \/>\n<meta name=\"twitter:card\" content=\"summary_large_image\" \/>\n<meta name=\"twitter:creator\" content=\"@qqq\" \/>\n<meta name=\"twitter:label1\" content=\"\u00c9crit par\" \/>\n\t<meta name=\"twitter:data1\" content=\"Gr\u00e9goire\" \/>\n\t<meta name=\"twitter:label2\" content=\"Dur\u00e9e de lecture estim\u00e9e\" \/>\n\t<meta name=\"twitter:data2\" content=\"1 minute\" \/>\n<script type=\"application\/ld+json\" class=\"yoast-schema-graph\">{\"@context\":\"https:\\\/\\\/schema.org\",\"@graph\":[{\"@type\":\"Article\",\"@id\":\"https:\\\/\\\/www.mines-stetienne.fr\\\/panoramines\\\/2023\\\/06\\\/15\\\/le-challenge-convergence-imt-2023-se-tiendra-dans-le-rhone-et-la-loire\\\/#article\",\"isPartOf\":{\"@id\":\"https:\\\/\\\/www.mines-stetienne.fr\\\/panoramines\\\/2023\\\/06\\\/15\\\/le-challenge-convergence-imt-2023-se-tiendra-dans-le-rhone-et-la-loire\\\/\"},\"author\":{\"name\":\"Gr\u00e9goire\",\"@id\":\"https:\\\/\\\/www.mines-stetienne.fr\\\/panoramines\\\/#\\\/schema\\\/person\\\/53c118c529c866c1454c8138b35880e8\"},\"headline\":\"Le Challenge Convergence IMT 2023 dans le Rh\u00f4ne et la Loire\",\"datePublished\":\"2023-06-15T09:06:46+00:00\",\"dateModified\":\"2025-03-10T15:51:24+00:00\",\"mainEntityOfPage\":{\"@id\":\"https:\\\/\\\/www.mines-stetienne.fr\\\/panoramines\\\/2023\\\/06\\\/15\\\/le-challenge-convergence-imt-2023-se-tiendra-dans-le-rhone-et-la-loire\\\/\"},\"wordCount\":191,\"image\":{\"@id\":\"https:\\\/\\\/www.mines-stetienne.fr\\\/panoramines\\\/2023\\\/06\\\/15\\\/le-challenge-convergence-imt-2023-se-tiendra-dans-le-rhone-et-la-loire\\\/#primaryimage\"},\"thumbnailUrl\":\"https:\\\/\\\/www.mines-stetienne.fr\\\/panoramines\\\/wp-content\\\/uploads\\\/sites\\\/3\\\/2023\\\/06\\\/Capture-decran-2023-06-15-105426.png\",\"keywords\":[\"Challenge Convergence IMT 2023\",\"Fondation Mines-T\u00e9l\u00e9com\",\"Lyon\",\"Plateforme DIWII\",\"Saint-Etienne\"],\"articleSection\":[\"Vie \u00e9tudiante\"],\"inLanguage\":\"fr-FR\"},{\"@type\":\"WebPage\",\"@id\":\"https:\\\/\\\/www.mines-stetienne.fr\\\/panoramines\\\/2023\\\/06\\\/15\\\/le-challenge-convergence-imt-2023-se-tiendra-dans-le-rhone-et-la-loire\\\/\",\"url\":\"https:\\\/\\\/www.mines-stetienne.fr\\\/panoramines\\\/2023\\\/06\\\/15\\\/le-challenge-convergence-imt-2023-se-tiendra-dans-le-rhone-et-la-loire\\\/\",\"name\":\"Le Challenge Convergence IMT 2023 dans le Rh\u00f4ne et la Loire - Panoramines\",\"isPartOf\":{\"@id\":\"https:\\\/\\\/www.mines-stetienne.fr\\\/panoramines\\\/#website\"},\"primaryImageOfPage\":{\"@id\":\"https:\\\/\\\/www.mines-stetienne.fr\\\/panoramines\\\/2023\\\/06\\\/15\\\/le-challenge-convergence-imt-2023-se-tiendra-dans-le-rhone-et-la-loire\\\/#primaryimage\"},\"image\":{\"@id\":\"https:\\\/\\\/www.mines-stetienne.fr\\\/panoramines\\\/2023\\\/06\\\/15\\\/le-challenge-convergence-imt-2023-se-tiendra-dans-le-rhone-et-la-loire\\\/#primaryimage\"},\"thumbnailUrl\":\"https:\\\/\\\/www.mines-stetienne.fr\\\/panoramines\\\/wp-content\\\/uploads\\\/sites\\\/3\\\/2023\\\/06\\\/Capture-decran-2023-06-15-105426.png\",\"datePublished\":\"2023-06-15T09:06:46+00:00\",\"dateModified\":\"2025-03-10T15:51:24+00:00\",\"author\":{\"@id\":\"https:\\\/\\\/www.mines-stetienne.fr\\\/panoramines\\\/#\\\/schema\\\/person\\\/53c118c529c866c1454c8138b35880e8\"},\"breadcrumb\":{\"@id\":\"https:\\\/\\\/www.mines-stetienne.fr\\\/panoramines\\\/2023\\\/06\\\/15\\\/le-challenge-convergence-imt-2023-se-tiendra-dans-le-rhone-et-la-loire\\\/#breadcrumb\"},\"inLanguage\":\"fr-FR\",\"potentialAction\":[{\"@type\":\"ReadAction\",\"target\":[\"https:\\\/\\\/www.mines-stetienne.fr\\\/panoramines\\\/2023\\\/06\\\/15\\\/le-challenge-convergence-imt-2023-se-tiendra-dans-le-rhone-et-la-loire\\\/\"]}]},{\"@type\":\"ImageObject\",\"inLanguage\":\"fr-FR\",\"@id\":\"https:\\\/\\\/www.mines-stetienne.fr\\\/panoramines\\\/2023\\\/06\\\/15\\\/le-challenge-convergence-imt-2023-se-tiendra-dans-le-rhone-et-la-loire\\\/#primaryimage\",\"url\":\"https:\\\/\\\/www.mines-stetienne.fr\\\/panoramines\\\/wp-content\\\/uploads\\\/sites\\\/3\\\/2023\\\/06\\\/Capture-decran-2023-06-15-105426.png\",\"contentUrl\":\"https:\\\/\\\/www.mines-stetienne.fr\\\/panoramines\\\/wp-content\\\/uploads\\\/sites\\\/3\\\/2023\\\/06\\\/Capture-decran-2023-06-15-105426.png\",\"width\":281,\"height\":183},{\"@type\":\"BreadcrumbList\",\"@id\":\"https:\\\/\\\/www.mines-stetienne.fr\\\/panoramines\\\/2023\\\/06\\\/15\\\/le-challenge-convergence-imt-2023-se-tiendra-dans-le-rhone-et-la-loire\\\/#breadcrumb\",\"itemListElement\":[{\"@type\":\"ListItem\",\"position\":1,\"name\":\"Accueil\",\"item\":\"https:\\\/\\\/www.mines-stetienne.fr\\\/panoramines\\\/\"},{\"@type\":\"ListItem\",\"position\":2,\"name\":\"Le Challenge Convergence IMT 2023 dans le Rh\u00f4ne et la Loire\"}]},{\"@type\":\"WebSite\",\"@id\":\"https:\\\/\\\/www.mines-stetienne.fr\\\/panoramines\\\/#website\",\"url\":\"https:\\\/\\\/www.mines-stetienne.fr\\\/panoramines\\\/\",\"name\":\"Panoramines\",\"description\":\"Panoramines, l\u2019actualit\u00e9 de MINES Saint-\u00c9tienne\",\"potentialAction\":[{\"@type\":\"SearchAction\",\"target\":{\"@type\":\"EntryPoint\",\"urlTemplate\":\"https:\\\/\\\/www.mines-stetienne.fr\\\/panoramines\\\/?s={search_term_string}\"},\"query-input\":{\"@type\":\"PropertyValueSpecification\",\"valueRequired\":true,\"valueName\":\"search_term_string\"}}],\"inLanguage\":\"fr-FR\"},{\"@type\":\"Person\",\"@id\":\"https:\\\/\\\/www.mines-stetienne.fr\\\/panoramines\\\/#\\\/schema\\\/person\\\/53c118c529c866c1454c8138b35880e8\",\"name\":\"Gr\u00e9goire\",\"image\":{\"@type\":\"ImageObject\",\"inLanguage\":\"fr-FR\",\"@id\":\"https:\\\/\\\/www.mines-stetienne.fr\\\/panoramines\\\/wp-content\\\/uploads\\\/sites\\\/3\\\/2021\\\/07\\\/logo-75x75-1.png\",\"url\":\"https:\\\/\\\/www.mines-stetienne.fr\\\/panoramines\\\/wp-content\\\/uploads\\\/sites\\\/3\\\/2021\\\/07\\\/logo-75x75-1.png\",\"contentUrl\":\"https:\\\/\\\/www.mines-stetienne.fr\\\/panoramines\\\/wp-content\\\/uploads\\\/sites\\\/3\\\/2021\\\/07\\\/logo-75x75-1.png\",\"caption\":\"Gr\u00e9goire\"},\"sameAs\":[\"http:\\\/\\\/www.mines-stetienne.fr\",\"jjj\",\"kkk\",\"aaa\",\"mmm\",\"https:\\\/\\\/x.com\\\/qqq\",\"lll\",\"rrr\",\"nnn\",\"ooo\",\"ppp\"],\"url\":\"https:\\\/\\\/www.mines-stetienne.fr\\\/panoramines\\\/author\\\/gregoire\\\/\"}]}<\/script>\n<!-- \/ Yoast SEO plugin. -->","yoast_head_json":{"title":"Le Challenge Convergence IMT 2023 dans le Rh\u00f4ne et la Loire - Panoramines","robots":{"index":"index","follow":"follow","max-snippet":"max-snippet:-1","max-image-preview":"max-image-preview:large","max-video-preview":"max-video-preview:-1"},"canonical":"https:\/\/www.mines-stetienne.fr\/panoramines\/2023\/06\/15\/le-challenge-convergence-imt-2023-se-tiendra-dans-le-rhone-et-la-loire\/","og_locale":"fr_FR","og_type":"article","og_title":"Le Challenge Convergence IMT 2023 dans le Rh\u00f4ne et la Loire - Panoramines","og_description":"La 2\u00e8me \u00e9dition de cet \u00e9v\u00e9nement phare organis\u00e9 par l&rsquo;IMT et soutenu par la Fondation Mines-T\u00e9l\u00e9com s&rsquo;est d\u00e9roul\u00e9e du 22 au 25 juin 2023 \u00e0 Lyon et \u00e0 Saint-Etienne. Cinquante \u00e9tudiantes et \u00e9tudiants du r\u00e9seau IMT ont planch\u00e9 sur le &hellip;","og_url":"https:\/\/www.mines-stetienne.fr\/panoramines\/2023\/06\/15\/le-challenge-convergence-imt-2023-se-tiendra-dans-le-rhone-et-la-loire\/","og_site_name":"Panoramines","article_author":"jjj","article_published_time":"2023-06-15T09:06:46+00:00","article_modified_time":"2025-03-10T15:51:24+00:00","og_image":[{"width":281,"height":183,"url":"https:\/\/www.mines-stetienne.fr\/panoramines\/wp-content\/uploads\/sites\/3\/2023\/06\/Capture-decran-2023-06-15-105426.png","type":"image\/png"}],"author":"Gr\u00e9goire","twitter_card":"summary_large_image","twitter_creator":"@qqq","twitter_misc":{"\u00c9crit par":"Gr\u00e9goire","Dur\u00e9e de lecture estim\u00e9e":"1 minute"},"schema":{"@context":"https:\/\/schema.org","@graph":[{"@type":"Article","@id":"https:\/\/www.mines-stetienne.fr\/panoramines\/2023\/06\/15\/le-challenge-convergence-imt-2023-se-tiendra-dans-le-rhone-et-la-loire\/#article","isPartOf":{"@id":"https:\/\/www.mines-stetienne.fr\/panoramines\/2023\/06\/15\/le-challenge-convergence-imt-2023-se-tiendra-dans-le-rhone-et-la-loire\/"},"author":{"name":"Gr\u00e9goire","@id":"https:\/\/www.mines-stetienne.fr\/panoramines\/#\/schema\/person\/53c118c529c866c1454c8138b35880e8"},"headline":"Le Challenge Convergence IMT 2023 dans le Rh\u00f4ne et la Loire","datePublished":"2023-06-15T09:06:46+00:00","dateModified":"2025-03-10T15:51:24+00:00","mainEntityOfPage":{"@id":"https:\/\/www.mines-stetienne.fr\/panoramines\/2023\/06\/15\/le-challenge-convergence-imt-2023-se-tiendra-dans-le-rhone-et-la-loire\/"},"wordCount":191,"image":{"@id":"https:\/\/www.mines-stetienne.fr\/panoramines\/2023\/06\/15\/le-challenge-convergence-imt-2023-se-tiendra-dans-le-rhone-et-la-loire\/#primaryimage"},"thumbnailUrl":"https:\/\/www.mines-stetienne.fr\/panoramines\/wp-content\/uploads\/sites\/3\/2023\/06\/Capture-decran-2023-06-15-105426.png","keywords":["Challenge Convergence IMT 2023","Fondation Mines-T\u00e9l\u00e9com","Lyon","Plateforme DIWII","Saint-Etienne"],"articleSection":["Vie \u00e9tudiante"],"inLanguage":"fr-FR"},{"@type":"WebPage","@id":"https:\/\/www.mines-stetienne.fr\/panoramines\/2023\/06\/15\/le-challenge-convergence-imt-2023-se-tiendra-dans-le-rhone-et-la-loire\/","url":"https:\/\/www.mines-stetienne.fr\/panoramines\/2023\/06\/15\/le-challenge-convergence-imt-2023-se-tiendra-dans-le-rhone-et-la-loire\/","name":"Le Challenge Convergence IMT 2023 dans le Rh\u00f4ne et la Loire - Panoramines","isPartOf":{"@id":"https:\/\/www.mines-stetienne.fr\/panoramines\/#website"},"primaryImageOfPage":{"@id":"https:\/\/www.mines-stetienne.fr\/panoramines\/2023\/06\/15\/le-challenge-convergence-imt-2023-se-tiendra-dans-le-rhone-et-la-loire\/#primaryimage"},"image":{"@id":"https:\/\/www.mines-stetienne.fr\/panoramines\/2023\/06\/15\/le-challenge-convergence-imt-2023-se-tiendra-dans-le-rhone-et-la-loire\/#primaryimage"},"thumbnailUrl":"https:\/\/www.mines-stetienne.fr\/panoramines\/wp-content\/uploads\/sites\/3\/2023\/06\/Capture-decran-2023-06-15-105426.png","datePublished":"2023-06-15T09:06:46+00:00","dateModified":"2025-03-10T15:51:24+00:00","author":{"@id":"https:\/\/www.mines-stetienne.fr\/panoramines\/#\/schema\/person\/53c118c529c866c1454c8138b35880e8"},"breadcrumb":{"@id":"https:\/\/www.mines-stetienne.fr\/panoramines\/2023\/06\/15\/le-challenge-convergence-imt-2023-se-tiendra-dans-le-rhone-et-la-loire\/#breadcrumb"},"inLanguage":"fr-FR","potentialAction":[{"@type":"ReadAction","target":["https:\/\/www.mines-stetienne.fr\/panoramines\/2023\/06\/15\/le-challenge-convergence-imt-2023-se-tiendra-dans-le-rhone-et-la-loire\/"]}]},{"@type":"ImageObject","inLanguage":"fr-FR","@id":"https:\/\/www.mines-stetienne.fr\/panoramines\/2023\/06\/15\/le-challenge-convergence-imt-2023-se-tiendra-dans-le-rhone-et-la-loire\/#primaryimage","url":"https:\/\/www.mines-stetienne.fr\/panoramines\/wp-content\/uploads\/sites\/3\/2023\/06\/Capture-decran-2023-06-15-105426.png","contentUrl":"https:\/\/www.mines-stetienne.fr\/panoramines\/wp-content\/uploads\/sites\/3\/2023\/06\/Capture-decran-2023-06-15-105426.png","width":281,"height":183},{"@type":"BreadcrumbList","@id":"https:\/\/www.mines-stetienne.fr\/panoramines\/2023\/06\/15\/le-challenge-convergence-imt-2023-se-tiendra-dans-le-rhone-et-la-loire\/#breadcrumb","itemListElement":[{"@type":"ListItem","position":1,"name":"Accueil","item":"https:\/\/www.mines-stetienne.fr\/panoramines\/"},{"@type":"ListItem","position":2,"name":"Le Challenge Convergence IMT 2023 dans le Rh\u00f4ne et la Loire"}]},{"@type":"WebSite","@id":"https:\/\/www.mines-stetienne.fr\/panoramines\/#website","url":"https:\/\/www.mines-stetienne.fr\/panoramines\/","name":"Panoramines","description":"Panoramines, l\u2019actualit\u00e9 de MINES Saint-\u00c9tienne","potentialAction":[{"@type":"SearchAction","target":{"@type":"EntryPoint","urlTemplate":"https:\/\/www.mines-stetienne.fr\/panoramines\/?s={search_term_string}"},"query-input":{"@type":"PropertyValueSpecification","valueRequired":true,"valueName":"search_term_string"}}],"inLanguage":"fr-FR"},{"@type":"Person","@id":"https:\/\/www.mines-stetienne.fr\/panoramines\/#\/schema\/person\/53c118c529c866c1454c8138b35880e8","name":"Gr\u00e9goire","image":{"@type":"ImageObject","inLanguage":"fr-FR","@id":"https:\/\/www.mines-stetienne.fr\/panoramines\/wp-content\/uploads\/sites\/3\/2021\/07\/logo-75x75-1.png","url":"https:\/\/www.mines-stetienne.fr\/panoramines\/wp-content\/uploads\/sites\/3\/2021\/07\/logo-75x75-1.png","contentUrl":"https:\/\/www.mines-stetienne.fr\/panoramines\/wp-content\/uploads\/sites\/3\/2021\/07\/logo-75x75-1.png","caption":"Gr\u00e9goire"},"sameAs":["http:\/\/www.mines-stetienne.fr","jjj","kkk","aaa","mmm","https:\/\/x.com\/qqq","lll","rrr","nnn","ooo","ppp"],"url":"https:\/\/www.mines-stetienne.fr\/panoramines\/author\/gregoire\/"}]}},"_links":{"self":[{"href":"https:\/\/www.mines-stetienne.fr\/panoramines\/wp-json\/wp\/v2\/posts\/25059","targetHints":{"allow":["GET"]}}],"collection":[{"href":"https:\/\/www.mines-stetienne.fr\/panoramines\/wp-json\/wp\/v2\/posts"}],"about":[{"href":"https:\/\/www.mines-stetienne.fr\/panoramines\/wp-json\/wp\/v2\/types\/post"}],"author":[{"embeddable":true,"href":"https:\/\/www.mines-stetienne.fr\/panoramines\/wp-json\/wp\/v2\/users\/2"}],"replies":[{"embeddable":true,"href":"https:\/\/www.mines-stetienne.fr\/panoramines\/wp-json\/wp\/v2\/comments?post=25059"}],"version-history":[{"count":14,"href":"https:\/\/www.mines-stetienne.fr\/panoramines\/wp-json\/wp\/v2\/posts\/25059\/revisions"}],"predecessor-version":[{"id":25237,"href":"https:\/\/www.mines-stetienne.fr\/panoramines\/wp-json\/wp\/v2\/posts\/25059\/revisions\/25237"}],"wp:featuredmedia":[{"embeddable":true,"href":"https:\/\/www.mines-stetienne.fr\/panoramines\/wp-json\/wp\/v2\/media\/25069"}],"wp:attachment":[{"href":"https:\/\/www.mines-stetienne.fr\/panoramines\/wp-json\/wp\/v2\/media?parent=25059"}],"wp:term":[{"taxonomy":"category","embeddable":true,"href":"https:\/\/www.mines-stetienne.fr\/panoramines\/wp-json\/wp\/v2\/categories?post=25059"},{"taxonomy":"post_tag","embeddable":true,"href":"https:\/\/www.mines-stetienne.fr\/panoramines\/wp-json\/wp\/v2\/tags?post=25059"}],"curies":[{"name":"wp","href":"https:\/\/api.w.org\/{rel}","templated":true}]}}