{"id":24827,"date":"2023-04-27T11:30:27","date_gmt":"2023-04-27T09:30:27","guid":{"rendered":"https:\/\/www.mines-stetienne.fr\/panoramines\/?p=24827"},"modified":"2023-08-11T13:50:56","modified_gmt":"2023-08-11T11:50:56","slug":"quelle-est-lempreinte-carbone-de-la-vie-etudiante","status":"publish","type":"post","link":"https:\/\/www.mines-stetienne.fr\/panoramines\/2023\/04\/27\/quelle-est-lempreinte-carbone-de-la-vie-etudiante\/","title":{"rendered":"Quelle est l&#8217;empreinte carbone de la vie \u00e9tudiante ?"},"content":{"rendered":"\n<h2 class=\"wp-block-heading\">Depuis quelques ann\u00e9es, les \u00e9tudiants \u00e9tablissent un bilan des \u00e9missions de gaz \u00e0 effet de serre de leurs campagnes \u00e9tudiantes. Pilot\u00e9 par l&rsquo;association \u00e9tudiante Respire, il a pour objectif de r\u00e9duire l&rsquo;impact environnemental des \u00e9v\u00e9nements \u00e9tudiants. <\/h2>\n\n\n\n<p>Les \u00e9tudiants de <a href=\"https:\/\/www.mines-stetienne.fr\/\" target=\"_blank\" rel=\"noreferrer noopener\">Mines Saint-\u00c9tienne<\/a> sont \u00e0 l&rsquo;initiative d&rsquo;un bilan des \u00e9missions de gaz \u00e0 effet de serre de leurs campagnes \u00e9tudiantes. C&rsquo;est l\u2019ann\u00e9e derni\u00e8re qu&rsquo;est n\u00e9 ce projet ambitieux \u00e0 Respire, l\u2019association \u00e9cologiste de l\u2019\u00c9cole. Il a vocation \u00e0 proposer des solutions pour r\u00e9duire l\u2019impact environnemental de la vie associative, et notamment des campagnes \u00e9tudiantes, qui repr\u00e9sentent un temps fort de l&rsquo;ann\u00e9e. Celles-ci visent \u00e0 \u00e9lire les responsables des associations qui font vivre le campus. <\/p>\n\n\n\n<figure class=\"wp-block-gallery has-nested-images columns-default is-cropped wp-block-gallery-2 is-layout-flex wp-block-gallery-is-layout-flex\">\n<figure class=\"wp-block-image size-large\"><img decoding=\"async\" data-id=\"24857\" src=\"https:\/\/www.mines-stetienne.fr\/panoramines\/wp-content\/uploads\/sites\/3\/2023\/04\/Campagnes-etudiantes.jpg\" alt=\"\" class=\"wp-image-24857\"\/><\/figure>\n\n\n\n<figure class=\"wp-block-image size-large\"><img decoding=\"async\" data-id=\"24859\" src=\"https:\/\/www.mines-stetienne.fr\/panoramines\/wp-content\/uploads\/sites\/3\/2023\/04\/Campagnes-etudiantes-3.jpg\" alt=\"\" class=\"wp-image-24859\"\/><\/figure>\n\n\n\n<figure class=\"wp-block-image size-large\"><img decoding=\"async\" data-id=\"24858\" src=\"https:\/\/www.mines-stetienne.fr\/panoramines\/wp-content\/uploads\/sites\/3\/2023\/04\/Campagnes-etudiantes-2.jpg\" alt=\"\" class=\"wp-image-24858\"\/><\/figure>\n<\/figure>\n\n\n\n<p>Apr\u00e8s avoir \u00e9tabli les hypoth\u00e8ses de calcul, les \u00e9tudiants engag\u00e9s ont demand\u00e9 aux diff\u00e9rentes listes qui s\u2019affrontent durant les campagnes de leur communiquer leur consommation li\u00e9e aux scopes 1 (consommations directes) et 3 (\u00e9missions indirectes).<\/p>\n\n\n\n<p>\u00c0 l\u2019aide de ces informations, l&rsquo;association Respire r\u00e9dige un guide pour un \u00e9v\u00e8nementiel plus responsable, qui regroupe les moyens et les astuces pour r\u00e9duire le bilan carbone des campagnes. Cette analyse leur a permis de prendre du recul sur leur impact environnemental en tant qu\u2019\u00e9tudiants et leur fournit des leviers d\u2019action plus pertinents pour le r\u00e9duire.<\/p>\n\n\n\n<p><strong>Bravo pour cette belle initiative ! <\/strong><\/p>\n","protected":false},"excerpt":{"rendered":"<p>Depuis quelques ann\u00e9es, les \u00e9tudiants \u00e9tablissent un bilan des \u00e9missions de gaz \u00e0 effet de serre de leurs campagnes \u00e9tudiantes. Pilot\u00e9 par l&rsquo;association \u00e9tudiante Respire, il a pour objectif de r\u00e9duire l&rsquo;impact environnemental des \u00e9v\u00e9nements \u00e9tudiants. Les \u00e9tudiants de Mines &hellip;<\/p>\n","protected":false},"author":9686,"featured_media":0,"comment_status":"closed","ping_status":"open","sticky":false,"template":"","format":"standard","meta":{"_relevanssi_hide_post":"","_relevanssi_hide_content":"","_relevanssi_pin_for_all":"","_relevanssi_pin_keywords":"","_relevanssi_unpin_keywords":"","_relevanssi_related_keywords":"","_relevanssi_related_include_ids":"","_relevanssi_related_exclude_ids":"","_relevanssi_related_no_append":"","_relevanssi_related_not_related":"","_relevanssi_related_posts":"17692,18428,653,10761,1411,8524","_relevanssi_noindex_reason":"","footnotes":""},"categories":[8],"tags":[870,867,866,20,868,869],"class_list":["post-24827","post","type-post","status-publish","format-standard","hentry","category-vie-etudiante","tag-association-etudiante","tag-campagnes-etudiantes","tag-empreinte-carbone","tag-environnement","tag-evenements","tag-gaz-a-effet-de-serre"],"pp_statuses_selecting_workflow":false,"pp_workflow_action":"current","pp_status_selection":"publish","pp_force_visibility":null,"pp_subpost_visibility":null,"pp_inherited_force_visibility":null,"pp_inherited_subpost_visibility":null,"yoast_head":"<!-- This site is optimized with the Yoast SEO plugin v27.4 - https:\/\/yoast.com\/product\/yoast-seo-wordpress\/ -->\n<title>Quelle est l&#039;empreinte carbone de la vie \u00e9tudiante ? - Panoramines<\/title>\n<meta name=\"robots\" content=\"index, follow, max-snippet:-1, max-image-preview:large, max-video-preview:-1\" \/>\n<link rel=\"canonical\" href=\"https:\/\/www.mines-stetienne.fr\/panoramines\/2023\/04\/27\/quelle-est-lempreinte-carbone-de-la-vie-etudiante\/\" \/>\n<meta property=\"og:locale\" content=\"fr_FR\" \/>\n<meta property=\"og:type\" content=\"article\" \/>\n<meta property=\"og:title\" content=\"Quelle est l&#039;empreinte carbone de la vie \u00e9tudiante ? - Panoramines\" \/>\n<meta property=\"og:description\" content=\"Depuis quelques ann\u00e9es, les \u00e9tudiants \u00e9tablissent un bilan des \u00e9missions de gaz \u00e0 effet de serre de leurs campagnes \u00e9tudiantes. Pilot\u00e9 par l&rsquo;association \u00e9tudiante Respire, il a pour objectif de r\u00e9duire l&rsquo;impact environnemental des \u00e9v\u00e9nements \u00e9tudiants. Les \u00e9tudiants de Mines &hellip;\" \/>\n<meta property=\"og:url\" content=\"https:\/\/www.mines-stetienne.fr\/panoramines\/2023\/04\/27\/quelle-est-lempreinte-carbone-de-la-vie-etudiante\/\" \/>\n<meta property=\"og:site_name\" content=\"Panoramines\" \/>\n<meta property=\"article:published_time\" content=\"2023-04-27T09:30:27+00:00\" \/>\n<meta property=\"article:modified_time\" content=\"2023-08-11T11:50:56+00:00\" \/>\n<meta property=\"og:image\" content=\"https:\/\/www.mines-stetienne.fr\/panoramines\/wp-content\/uploads\/sites\/3\/2023\/04\/Campagnes-etudiantes.jpg\" \/>\n<meta name=\"twitter:card\" content=\"summary_large_image\" \/>\n<meta name=\"twitter:label1\" content=\"\u00c9crit par\" \/>\n\t<meta name=\"twitter:data1\" content=\"\" \/>\n\t<meta name=\"twitter:label2\" content=\"Dur\u00e9e de lecture estim\u00e9e\" \/>\n\t<meta name=\"twitter:data2\" content=\"2 minutes\" \/>\n<script type=\"application\/ld+json\" class=\"yoast-schema-graph\">{\"@context\":\"https:\\\/\\\/schema.org\",\"@graph\":[{\"@type\":\"Article\",\"@id\":\"https:\\\/\\\/www.mines-stetienne.fr\\\/panoramines\\\/2023\\\/04\\\/27\\\/quelle-est-lempreinte-carbone-de-la-vie-etudiante\\\/#article\",\"isPartOf\":{\"@id\":\"https:\\\/\\\/www.mines-stetienne.fr\\\/panoramines\\\/2023\\\/04\\\/27\\\/quelle-est-lempreinte-carbone-de-la-vie-etudiante\\\/\"},\"author\":{\"name\":\"\",\"@id\":\"\"},\"headline\":\"Quelle est l&#8217;empreinte carbone de la vie \u00e9tudiante ?\",\"datePublished\":\"2023-04-27T09:30:27+00:00\",\"dateModified\":\"2023-08-11T11:50:56+00:00\",\"mainEntityOfPage\":{\"@id\":\"https:\\\/\\\/www.mines-stetienne.fr\\\/panoramines\\\/2023\\\/04\\\/27\\\/quelle-est-lempreinte-carbone-de-la-vie-etudiante\\\/\"},\"wordCount\":233,\"image\":{\"@id\":\"https:\\\/\\\/www.mines-stetienne.fr\\\/panoramines\\\/2023\\\/04\\\/27\\\/quelle-est-lempreinte-carbone-de-la-vie-etudiante\\\/#primaryimage\"},\"thumbnailUrl\":\"https:\\\/\\\/www.mines-stetienne.fr\\\/panoramines\\\/wp-content\\\/uploads\\\/sites\\\/3\\\/2023\\\/04\\\/Campagnes-etudiantes.jpg\",\"keywords\":[\"Association \u00e9tudiante\",\"campagnes \u00e9tudiantes\",\"Empreinte carbone\",\"Environnement\",\"Ev\u00e8nements\",\"Gaz \u00e0 effet de serre\"],\"articleSection\":[\"Vie \u00e9tudiante\"],\"inLanguage\":\"fr-FR\"},{\"@type\":\"WebPage\",\"@id\":\"https:\\\/\\\/www.mines-stetienne.fr\\\/panoramines\\\/2023\\\/04\\\/27\\\/quelle-est-lempreinte-carbone-de-la-vie-etudiante\\\/\",\"url\":\"https:\\\/\\\/www.mines-stetienne.fr\\\/panoramines\\\/2023\\\/04\\\/27\\\/quelle-est-lempreinte-carbone-de-la-vie-etudiante\\\/\",\"name\":\"Quelle est l'empreinte carbone de la vie \u00e9tudiante ? - Panoramines\",\"isPartOf\":{\"@id\":\"https:\\\/\\\/www.mines-stetienne.fr\\\/panoramines\\\/#website\"},\"primaryImageOfPage\":{\"@id\":\"https:\\\/\\\/www.mines-stetienne.fr\\\/panoramines\\\/2023\\\/04\\\/27\\\/quelle-est-lempreinte-carbone-de-la-vie-etudiante\\\/#primaryimage\"},\"image\":{\"@id\":\"https:\\\/\\\/www.mines-stetienne.fr\\\/panoramines\\\/2023\\\/04\\\/27\\\/quelle-est-lempreinte-carbone-de-la-vie-etudiante\\\/#primaryimage\"},\"thumbnailUrl\":\"https:\\\/\\\/www.mines-stetienne.fr\\\/panoramines\\\/wp-content\\\/uploads\\\/sites\\\/3\\\/2023\\\/04\\\/Campagnes-etudiantes.jpg\",\"datePublished\":\"2023-04-27T09:30:27+00:00\",\"dateModified\":\"2023-08-11T11:50:56+00:00\",\"author\":{\"@id\":\"\"},\"breadcrumb\":{\"@id\":\"https:\\\/\\\/www.mines-stetienne.fr\\\/panoramines\\\/2023\\\/04\\\/27\\\/quelle-est-lempreinte-carbone-de-la-vie-etudiante\\\/#breadcrumb\"},\"inLanguage\":\"fr-FR\",\"potentialAction\":[{\"@type\":\"ReadAction\",\"target\":[\"https:\\\/\\\/www.mines-stetienne.fr\\\/panoramines\\\/2023\\\/04\\\/27\\\/quelle-est-lempreinte-carbone-de-la-vie-etudiante\\\/\"]}]},{\"@type\":\"ImageObject\",\"inLanguage\":\"fr-FR\",\"@id\":\"https:\\\/\\\/www.mines-stetienne.fr\\\/panoramines\\\/2023\\\/04\\\/27\\\/quelle-est-lempreinte-carbone-de-la-vie-etudiante\\\/#primaryimage\",\"url\":\"\",\"contentUrl\":\"\"},{\"@type\":\"BreadcrumbList\",\"@id\":\"https:\\\/\\\/www.mines-stetienne.fr\\\/panoramines\\\/2023\\\/04\\\/27\\\/quelle-est-lempreinte-carbone-de-la-vie-etudiante\\\/#breadcrumb\",\"itemListElement\":[{\"@type\":\"ListItem\",\"position\":1,\"name\":\"Accueil\",\"item\":\"https:\\\/\\\/www.mines-stetienne.fr\\\/panoramines\\\/\"},{\"@type\":\"ListItem\",\"position\":2,\"name\":\"Quelle est l&#8217;empreinte carbone de la vie \u00e9tudiante ?\"}]},{\"@type\":\"WebSite\",\"@id\":\"https:\\\/\\\/www.mines-stetienne.fr\\\/panoramines\\\/#website\",\"url\":\"https:\\\/\\\/www.mines-stetienne.fr\\\/panoramines\\\/\",\"name\":\"Panoramines\",\"description\":\"Panoramines, l\u2019actualit\u00e9 de MINES Saint-\u00c9tienne\",\"potentialAction\":[{\"@type\":\"SearchAction\",\"target\":{\"@type\":\"EntryPoint\",\"urlTemplate\":\"https:\\\/\\\/www.mines-stetienne.fr\\\/panoramines\\\/?s={search_term_string}\"},\"query-input\":{\"@type\":\"PropertyValueSpecification\",\"valueRequired\":true,\"valueName\":\"search_term_string\"}}],\"inLanguage\":\"fr-FR\"},{\"@type\":\"Person\",\"@id\":\"\",\"url\":\"https:\\\/\\\/www.mines-stetienne.fr\\\/panoramines\\\/author\\\/\"}]}<\/script>\n<!-- \/ Yoast SEO plugin. -->","yoast_head_json":{"title":"Quelle est l'empreinte carbone de la vie \u00e9tudiante ? - Panoramines","robots":{"index":"index","follow":"follow","max-snippet":"max-snippet:-1","max-image-preview":"max-image-preview:large","max-video-preview":"max-video-preview:-1"},"canonical":"https:\/\/www.mines-stetienne.fr\/panoramines\/2023\/04\/27\/quelle-est-lempreinte-carbone-de-la-vie-etudiante\/","og_locale":"fr_FR","og_type":"article","og_title":"Quelle est l'empreinte carbone de la vie \u00e9tudiante ? - Panoramines","og_description":"Depuis quelques ann\u00e9es, les \u00e9tudiants \u00e9tablissent un bilan des \u00e9missions de gaz \u00e0 effet de serre de leurs campagnes \u00e9tudiantes. Pilot\u00e9 par l&rsquo;association \u00e9tudiante Respire, il a pour objectif de r\u00e9duire l&rsquo;impact environnemental des \u00e9v\u00e9nements \u00e9tudiants. Les \u00e9tudiants de Mines &hellip;","og_url":"https:\/\/www.mines-stetienne.fr\/panoramines\/2023\/04\/27\/quelle-est-lempreinte-carbone-de-la-vie-etudiante\/","og_site_name":"Panoramines","article_published_time":"2023-04-27T09:30:27+00:00","article_modified_time":"2023-08-11T11:50:56+00:00","og_image":[{"url":"https:\/\/www.mines-stetienne.fr\/panoramines\/wp-content\/uploads\/sites\/3\/2023\/04\/Campagnes-etudiantes.jpg","type":"","width":"","height":""}],"twitter_card":"summary_large_image","twitter_misc":{"\u00c9crit par":"","Dur\u00e9e de lecture estim\u00e9e":"2 minutes"},"schema":{"@context":"https:\/\/schema.org","@graph":[{"@type":"Article","@id":"https:\/\/www.mines-stetienne.fr\/panoramines\/2023\/04\/27\/quelle-est-lempreinte-carbone-de-la-vie-etudiante\/#article","isPartOf":{"@id":"https:\/\/www.mines-stetienne.fr\/panoramines\/2023\/04\/27\/quelle-est-lempreinte-carbone-de-la-vie-etudiante\/"},"author":{"name":"","@id":""},"headline":"Quelle est l&#8217;empreinte carbone de la vie \u00e9tudiante ?","datePublished":"2023-04-27T09:30:27+00:00","dateModified":"2023-08-11T11:50:56+00:00","mainEntityOfPage":{"@id":"https:\/\/www.mines-stetienne.fr\/panoramines\/2023\/04\/27\/quelle-est-lempreinte-carbone-de-la-vie-etudiante\/"},"wordCount":233,"image":{"@id":"https:\/\/www.mines-stetienne.fr\/panoramines\/2023\/04\/27\/quelle-est-lempreinte-carbone-de-la-vie-etudiante\/#primaryimage"},"thumbnailUrl":"https:\/\/www.mines-stetienne.fr\/panoramines\/wp-content\/uploads\/sites\/3\/2023\/04\/Campagnes-etudiantes.jpg","keywords":["Association \u00e9tudiante","campagnes \u00e9tudiantes","Empreinte carbone","Environnement","Ev\u00e8nements","Gaz \u00e0 effet de serre"],"articleSection":["Vie \u00e9tudiante"],"inLanguage":"fr-FR"},{"@type":"WebPage","@id":"https:\/\/www.mines-stetienne.fr\/panoramines\/2023\/04\/27\/quelle-est-lempreinte-carbone-de-la-vie-etudiante\/","url":"https:\/\/www.mines-stetienne.fr\/panoramines\/2023\/04\/27\/quelle-est-lempreinte-carbone-de-la-vie-etudiante\/","name":"Quelle est l'empreinte carbone de la vie \u00e9tudiante ? - Panoramines","isPartOf":{"@id":"https:\/\/www.mines-stetienne.fr\/panoramines\/#website"},"primaryImageOfPage":{"@id":"https:\/\/www.mines-stetienne.fr\/panoramines\/2023\/04\/27\/quelle-est-lempreinte-carbone-de-la-vie-etudiante\/#primaryimage"},"image":{"@id":"https:\/\/www.mines-stetienne.fr\/panoramines\/2023\/04\/27\/quelle-est-lempreinte-carbone-de-la-vie-etudiante\/#primaryimage"},"thumbnailUrl":"https:\/\/www.mines-stetienne.fr\/panoramines\/wp-content\/uploads\/sites\/3\/2023\/04\/Campagnes-etudiantes.jpg","datePublished":"2023-04-27T09:30:27+00:00","dateModified":"2023-08-11T11:50:56+00:00","author":{"@id":""},"breadcrumb":{"@id":"https:\/\/www.mines-stetienne.fr\/panoramines\/2023\/04\/27\/quelle-est-lempreinte-carbone-de-la-vie-etudiante\/#breadcrumb"},"inLanguage":"fr-FR","potentialAction":[{"@type":"ReadAction","target":["https:\/\/www.mines-stetienne.fr\/panoramines\/2023\/04\/27\/quelle-est-lempreinte-carbone-de-la-vie-etudiante\/"]}]},{"@type":"ImageObject","inLanguage":"fr-FR","@id":"https:\/\/www.mines-stetienne.fr\/panoramines\/2023\/04\/27\/quelle-est-lempreinte-carbone-de-la-vie-etudiante\/#primaryimage","url":"","contentUrl":""},{"@type":"BreadcrumbList","@id":"https:\/\/www.mines-stetienne.fr\/panoramines\/2023\/04\/27\/quelle-est-lempreinte-carbone-de-la-vie-etudiante\/#breadcrumb","itemListElement":[{"@type":"ListItem","position":1,"name":"Accueil","item":"https:\/\/www.mines-stetienne.fr\/panoramines\/"},{"@type":"ListItem","position":2,"name":"Quelle est l&#8217;empreinte carbone de la vie \u00e9tudiante ?"}]},{"@type":"WebSite","@id":"https:\/\/www.mines-stetienne.fr\/panoramines\/#website","url":"https:\/\/www.mines-stetienne.fr\/panoramines\/","name":"Panoramines","description":"Panoramines, l\u2019actualit\u00e9 de MINES Saint-\u00c9tienne","potentialAction":[{"@type":"SearchAction","target":{"@type":"EntryPoint","urlTemplate":"https:\/\/www.mines-stetienne.fr\/panoramines\/?s={search_term_string}"},"query-input":{"@type":"PropertyValueSpecification","valueRequired":true,"valueName":"search_term_string"}}],"inLanguage":"fr-FR"},{"@type":"Person","@id":"","url":"https:\/\/www.mines-stetienne.fr\/panoramines\/author\/"}]}},"_links":{"self":[{"href":"https:\/\/www.mines-stetienne.fr\/panoramines\/wp-json\/wp\/v2\/posts\/24827","targetHints":{"allow":["GET"]}}],"collection":[{"href":"https:\/\/www.mines-stetienne.fr\/panoramines\/wp-json\/wp\/v2\/posts"}],"about":[{"href":"https:\/\/www.mines-stetienne.fr\/panoramines\/wp-json\/wp\/v2\/types\/post"}],"author":[{"embeddable":true,"href":"https:\/\/www.mines-stetienne.fr\/panoramines\/wp-json\/wp\/v2\/users\/9686"}],"replies":[{"embeddable":true,"href":"https:\/\/www.mines-stetienne.fr\/panoramines\/wp-json\/wp\/v2\/comments?post=24827"}],"version-history":[{"count":2,"href":"https:\/\/www.mines-stetienne.fr\/panoramines\/wp-json\/wp\/v2\/posts\/24827\/revisions"}],"predecessor-version":[{"id":25481,"href":"https:\/\/www.mines-stetienne.fr\/panoramines\/wp-json\/wp\/v2\/posts\/24827\/revisions\/25481"}],"wp:attachment":[{"href":"https:\/\/www.mines-stetienne.fr\/panoramines\/wp-json\/wp\/v2\/media?parent=24827"}],"wp:term":[{"taxonomy":"category","embeddable":true,"href":"https:\/\/www.mines-stetienne.fr\/panoramines\/wp-json\/wp\/v2\/categories?post=24827"},{"taxonomy":"post_tag","embeddable":true,"href":"https:\/\/www.mines-stetienne.fr\/panoramines\/wp-json\/wp\/v2\/tags?post=24827"}],"curies":[{"name":"wp","href":"https:\/\/api.w.org\/{rel}","templated":true}]}}