{"id":24819,"date":"2023-04-03T08:25:00","date_gmt":"2023-04-03T06:25:00","guid":{"rendered":"https:\/\/www.mines-stetienne.fr\/panoramines\/?p=24819"},"modified":"2023-08-11T14:25:57","modified_gmt":"2023-08-11T12:25:57","slug":"mines-saint-etienne-participe-a-la-4e-edition-du-micro-innovation-day","status":"publish","type":"post","link":"https:\/\/www.mines-stetienne.fr\/panoramines\/2023\/04\/03\/mines-saint-etienne-participe-a-la-4e-edition-du-micro-innovation-day\/","title":{"rendered":"Mines Saint-\u00c9tienne participe \u00e0 l&rsquo;inauguration du programme I-NovMicro"},"content":{"rendered":"\n<h2 class=\"wp-block-heading\">Le Micro Innovation Day du P\u00f4le <a href=\"https:\/\/www.pole-scs.org\/\" target=\"_blank\" rel=\"noreferrer noopener\">SCS<\/a> a r\u00e9uni des experts scientifiques du monde universitaire et de l&rsquo;industrie sur le th\u00e8me de l&rsquo;IoT et de l&rsquo;\u00e9nergie intelligente. Il s&rsquo;est en partie d\u00e9roul\u00e9 sur le campus Georges Charpak Provence de <a href=\"https:\/\/www.mines-stetienne.fr\/\" target=\"_blank\" rel=\"noreferrer noopener\">Mines Saint-\u00c9tienne<\/a>.  <\/h2>\n\n\n\n<p>Cette quatri\u00e8me \u00e9dition du Micro Innovation Day a accueilli des scientifiques du monde universitaire et de l\u2019industrie autour de la th\u00e9matique \u00ab&nbsp;<strong>IoT&amp; Smart Energy \u00bb<\/strong>. La conf\u00e9rence, qui s&rsquo;est tenu le premier jour de l&rsquo;\u00e9v\u00e9nement \u00ab\u00a0La Micro\u00e9lectronique &amp; l&rsquo;\u00c9lectronique &#8211; Un enjeu d&rsquo;avenir\u00a0\u00bb, a \u00e9t\u00e9 inaugur\u00e9e avec le <strong>programme d&rsquo;innovation I-novMicro<\/strong> les 16 et 17 mars 2023.<\/p>\n\n\n\n<p>Marc Ramuz, enseignant-chercheur de Mines Saint-\u00c9tienne, est intervenu lors de la Conf\u00e9rence sur le sujet <strong>\u00ab M\u00e9thodologies et plateformes de d\u00e9veloppement pour la ma\u00eetrise \u00e9nerg\u00e9tique des objets IOT et Wearables \u00bb<\/strong>.<\/p>\n","protected":false},"excerpt":{"rendered":"<p>Le Micro Innovation Day du P\u00f4le SCS a r\u00e9uni des experts scientifiques du monde universitaire et de l&rsquo;industrie sur le th\u00e8me de l&rsquo;IoT et de l&rsquo;\u00e9nergie intelligente. Il s&rsquo;est en partie d\u00e9roul\u00e9 sur le campus Georges Charpak Provence de Mines &hellip;<\/p>\n","protected":false},"author":9686,"featured_media":0,"comment_status":"closed","ping_status":"open","sticky":false,"template":"","format":"standard","meta":{"_relevanssi_hide_post":"","_relevanssi_hide_content":"","_relevanssi_pin_for_all":"","_relevanssi_pin_keywords":"","_relevanssi_unpin_keywords":"","_relevanssi_related_keywords":"","_relevanssi_related_include_ids":"","_relevanssi_related_exclude_ids":"","_relevanssi_related_no_append":"","_relevanssi_related_not_related":"","_relevanssi_related_posts":"1039,15351,1005,680,1459,1207","_relevanssi_noindex_reason":"","footnotes":""},"categories":[10],"tags":[370,31,40,197],"class_list":["post-24819","post","type-post","status-publish","format-standard","hentry","category-culture-scientifique","tag-campus-gc-provence","tag-energie","tag-innovation","tag-iot"],"pp_statuses_selecting_workflow":false,"pp_workflow_action":"current","pp_status_selection":"publish","pp_force_visibility":null,"pp_subpost_visibility":null,"pp_inherited_force_visibility":null,"pp_inherited_subpost_visibility":null,"yoast_head":"<!-- This site is optimized with the Yoast SEO plugin v27.5 - https:\/\/yoast.com\/product\/yoast-seo-wordpress\/ -->\n<title>Mines Saint-\u00c9tienne participe \u00e0 l&#039;inauguration du programme I-NovMicro - Panoramines<\/title>\n<meta name=\"robots\" content=\"index, follow, max-snippet:-1, max-image-preview:large, max-video-preview:-1\" \/>\n<link rel=\"canonical\" href=\"https:\/\/www.mines-stetienne.fr\/panoramines\/2023\/04\/03\/mines-saint-etienne-participe-a-la-4e-edition-du-micro-innovation-day\/\" \/>\n<meta property=\"og:locale\" content=\"fr_FR\" \/>\n<meta property=\"og:type\" content=\"article\" \/>\n<meta property=\"og:title\" content=\"Mines Saint-\u00c9tienne participe \u00e0 l&#039;inauguration du programme I-NovMicro - Panoramines\" \/>\n<meta property=\"og:description\" content=\"Le Micro Innovation Day du P\u00f4le SCS a r\u00e9uni des experts scientifiques du monde universitaire et de l&rsquo;industrie sur le th\u00e8me de l&rsquo;IoT et de l&rsquo;\u00e9nergie intelligente. Il s&rsquo;est en partie d\u00e9roul\u00e9 sur le campus Georges Charpak Provence de Mines &hellip;\" \/>\n<meta property=\"og:url\" content=\"https:\/\/www.mines-stetienne.fr\/panoramines\/2023\/04\/03\/mines-saint-etienne-participe-a-la-4e-edition-du-micro-innovation-day\/\" \/>\n<meta property=\"og:site_name\" content=\"Panoramines\" \/>\n<meta property=\"article:published_time\" content=\"2023-04-03T06:25:00+00:00\" \/>\n<meta property=\"article:modified_time\" content=\"2023-08-11T12:25:57+00:00\" \/>\n<meta name=\"twitter:card\" content=\"summary_large_image\" \/>\n<meta name=\"twitter:label1\" content=\"\u00c9crit par\" \/>\n\t<meta name=\"twitter:data1\" content=\"\" \/>\n\t<meta name=\"twitter:label2\" content=\"Dur\u00e9e de lecture estim\u00e9e\" \/>\n\t<meta name=\"twitter:data2\" content=\"1 minute\" \/>\n<script type=\"application\/ld+json\" class=\"yoast-schema-graph\">{\"@context\":\"https:\\\/\\\/schema.org\",\"@graph\":[{\"@type\":\"Article\",\"@id\":\"https:\\\/\\\/www.mines-stetienne.fr\\\/panoramines\\\/2023\\\/04\\\/03\\\/mines-saint-etienne-participe-a-la-4e-edition-du-micro-innovation-day\\\/#article\",\"isPartOf\":{\"@id\":\"https:\\\/\\\/www.mines-stetienne.fr\\\/panoramines\\\/2023\\\/04\\\/03\\\/mines-saint-etienne-participe-a-la-4e-edition-du-micro-innovation-day\\\/\"},\"author\":{\"name\":\"\",\"@id\":\"\"},\"headline\":\"Mines Saint-\u00c9tienne participe \u00e0 l&rsquo;inauguration du programme I-NovMicro\",\"datePublished\":\"2023-04-03T06:25:00+00:00\",\"dateModified\":\"2023-08-11T12:25:57+00:00\",\"mainEntityOfPage\":{\"@id\":\"https:\\\/\\\/www.mines-stetienne.fr\\\/panoramines\\\/2023\\\/04\\\/03\\\/mines-saint-etienne-participe-a-la-4e-edition-du-micro-innovation-day\\\/\"},\"wordCount\":154,\"keywords\":[\"Campus GC Provence\",\"\u00c9nergie\",\"Innovation\",\"IoT\"],\"articleSection\":[\"Culture scientifique\"],\"inLanguage\":\"fr-FR\"},{\"@type\":\"WebPage\",\"@id\":\"https:\\\/\\\/www.mines-stetienne.fr\\\/panoramines\\\/2023\\\/04\\\/03\\\/mines-saint-etienne-participe-a-la-4e-edition-du-micro-innovation-day\\\/\",\"url\":\"https:\\\/\\\/www.mines-stetienne.fr\\\/panoramines\\\/2023\\\/04\\\/03\\\/mines-saint-etienne-participe-a-la-4e-edition-du-micro-innovation-day\\\/\",\"name\":\"Mines Saint-\u00c9tienne participe \u00e0 l'inauguration du programme I-NovMicro - Panoramines\",\"isPartOf\":{\"@id\":\"https:\\\/\\\/www.mines-stetienne.fr\\\/panoramines\\\/#website\"},\"datePublished\":\"2023-04-03T06:25:00+00:00\",\"dateModified\":\"2023-08-11T12:25:57+00:00\",\"author\":{\"@id\":\"\"},\"breadcrumb\":{\"@id\":\"https:\\\/\\\/www.mines-stetienne.fr\\\/panoramines\\\/2023\\\/04\\\/03\\\/mines-saint-etienne-participe-a-la-4e-edition-du-micro-innovation-day\\\/#breadcrumb\"},\"inLanguage\":\"fr-FR\",\"potentialAction\":[{\"@type\":\"ReadAction\",\"target\":[\"https:\\\/\\\/www.mines-stetienne.fr\\\/panoramines\\\/2023\\\/04\\\/03\\\/mines-saint-etienne-participe-a-la-4e-edition-du-micro-innovation-day\\\/\"]}]},{\"@type\":\"BreadcrumbList\",\"@id\":\"https:\\\/\\\/www.mines-stetienne.fr\\\/panoramines\\\/2023\\\/04\\\/03\\\/mines-saint-etienne-participe-a-la-4e-edition-du-micro-innovation-day\\\/#breadcrumb\",\"itemListElement\":[{\"@type\":\"ListItem\",\"position\":1,\"name\":\"Accueil\",\"item\":\"https:\\\/\\\/www.mines-stetienne.fr\\\/panoramines\\\/\"},{\"@type\":\"ListItem\",\"position\":2,\"name\":\"Mines Saint-\u00c9tienne participe \u00e0 l&rsquo;inauguration du programme I-NovMicro\"}]},{\"@type\":\"WebSite\",\"@id\":\"https:\\\/\\\/www.mines-stetienne.fr\\\/panoramines\\\/#website\",\"url\":\"https:\\\/\\\/www.mines-stetienne.fr\\\/panoramines\\\/\",\"name\":\"Panoramines\",\"description\":\"Panoramines, l\u2019actualit\u00e9 de MINES Saint-\u00c9tienne\",\"potentialAction\":[{\"@type\":\"SearchAction\",\"target\":{\"@type\":\"EntryPoint\",\"urlTemplate\":\"https:\\\/\\\/www.mines-stetienne.fr\\\/panoramines\\\/?s={search_term_string}\"},\"query-input\":{\"@type\":\"PropertyValueSpecification\",\"valueRequired\":true,\"valueName\":\"search_term_string\"}}],\"inLanguage\":\"fr-FR\"},{\"@type\":\"Person\",\"@id\":\"\",\"url\":\"https:\\\/\\\/www.mines-stetienne.fr\\\/panoramines\\\/author\\\/\"}]}<\/script>\n<!-- \/ Yoast SEO plugin. -->","yoast_head_json":{"title":"Mines Saint-\u00c9tienne participe \u00e0 l'inauguration du programme I-NovMicro - Panoramines","robots":{"index":"index","follow":"follow","max-snippet":"max-snippet:-1","max-image-preview":"max-image-preview:large","max-video-preview":"max-video-preview:-1"},"canonical":"https:\/\/www.mines-stetienne.fr\/panoramines\/2023\/04\/03\/mines-saint-etienne-participe-a-la-4e-edition-du-micro-innovation-day\/","og_locale":"fr_FR","og_type":"article","og_title":"Mines Saint-\u00c9tienne participe \u00e0 l'inauguration du programme I-NovMicro - Panoramines","og_description":"Le Micro Innovation Day du P\u00f4le SCS a r\u00e9uni des experts scientifiques du monde universitaire et de l&rsquo;industrie sur le th\u00e8me de l&rsquo;IoT et de l&rsquo;\u00e9nergie intelligente. Il s&rsquo;est en partie d\u00e9roul\u00e9 sur le campus Georges Charpak Provence de Mines &hellip;","og_url":"https:\/\/www.mines-stetienne.fr\/panoramines\/2023\/04\/03\/mines-saint-etienne-participe-a-la-4e-edition-du-micro-innovation-day\/","og_site_name":"Panoramines","article_published_time":"2023-04-03T06:25:00+00:00","article_modified_time":"2023-08-11T12:25:57+00:00","twitter_card":"summary_large_image","twitter_misc":{"\u00c9crit par":"","Dur\u00e9e de lecture estim\u00e9e":"1 minute"},"schema":{"@context":"https:\/\/schema.org","@graph":[{"@type":"Article","@id":"https:\/\/www.mines-stetienne.fr\/panoramines\/2023\/04\/03\/mines-saint-etienne-participe-a-la-4e-edition-du-micro-innovation-day\/#article","isPartOf":{"@id":"https:\/\/www.mines-stetienne.fr\/panoramines\/2023\/04\/03\/mines-saint-etienne-participe-a-la-4e-edition-du-micro-innovation-day\/"},"author":{"name":"","@id":""},"headline":"Mines Saint-\u00c9tienne participe \u00e0 l&rsquo;inauguration du programme I-NovMicro","datePublished":"2023-04-03T06:25:00+00:00","dateModified":"2023-08-11T12:25:57+00:00","mainEntityOfPage":{"@id":"https:\/\/www.mines-stetienne.fr\/panoramines\/2023\/04\/03\/mines-saint-etienne-participe-a-la-4e-edition-du-micro-innovation-day\/"},"wordCount":154,"keywords":["Campus GC Provence","\u00c9nergie","Innovation","IoT"],"articleSection":["Culture scientifique"],"inLanguage":"fr-FR"},{"@type":"WebPage","@id":"https:\/\/www.mines-stetienne.fr\/panoramines\/2023\/04\/03\/mines-saint-etienne-participe-a-la-4e-edition-du-micro-innovation-day\/","url":"https:\/\/www.mines-stetienne.fr\/panoramines\/2023\/04\/03\/mines-saint-etienne-participe-a-la-4e-edition-du-micro-innovation-day\/","name":"Mines Saint-\u00c9tienne participe \u00e0 l'inauguration du programme I-NovMicro - Panoramines","isPartOf":{"@id":"https:\/\/www.mines-stetienne.fr\/panoramines\/#website"},"datePublished":"2023-04-03T06:25:00+00:00","dateModified":"2023-08-11T12:25:57+00:00","author":{"@id":""},"breadcrumb":{"@id":"https:\/\/www.mines-stetienne.fr\/panoramines\/2023\/04\/03\/mines-saint-etienne-participe-a-la-4e-edition-du-micro-innovation-day\/#breadcrumb"},"inLanguage":"fr-FR","potentialAction":[{"@type":"ReadAction","target":["https:\/\/www.mines-stetienne.fr\/panoramines\/2023\/04\/03\/mines-saint-etienne-participe-a-la-4e-edition-du-micro-innovation-day\/"]}]},{"@type":"BreadcrumbList","@id":"https:\/\/www.mines-stetienne.fr\/panoramines\/2023\/04\/03\/mines-saint-etienne-participe-a-la-4e-edition-du-micro-innovation-day\/#breadcrumb","itemListElement":[{"@type":"ListItem","position":1,"name":"Accueil","item":"https:\/\/www.mines-stetienne.fr\/panoramines\/"},{"@type":"ListItem","position":2,"name":"Mines Saint-\u00c9tienne participe \u00e0 l&rsquo;inauguration du programme I-NovMicro"}]},{"@type":"WebSite","@id":"https:\/\/www.mines-stetienne.fr\/panoramines\/#website","url":"https:\/\/www.mines-stetienne.fr\/panoramines\/","name":"Panoramines","description":"Panoramines, l\u2019actualit\u00e9 de MINES Saint-\u00c9tienne","potentialAction":[{"@type":"SearchAction","target":{"@type":"EntryPoint","urlTemplate":"https:\/\/www.mines-stetienne.fr\/panoramines\/?s={search_term_string}"},"query-input":{"@type":"PropertyValueSpecification","valueRequired":true,"valueName":"search_term_string"}}],"inLanguage":"fr-FR"},{"@type":"Person","@id":"","url":"https:\/\/www.mines-stetienne.fr\/panoramines\/author\/"}]}},"_links":{"self":[{"href":"https:\/\/www.mines-stetienne.fr\/panoramines\/wp-json\/wp\/v2\/posts\/24819","targetHints":{"allow":["GET"]}}],"collection":[{"href":"https:\/\/www.mines-stetienne.fr\/panoramines\/wp-json\/wp\/v2\/posts"}],"about":[{"href":"https:\/\/www.mines-stetienne.fr\/panoramines\/wp-json\/wp\/v2\/types\/post"}],"author":[{"embeddable":true,"href":"https:\/\/www.mines-stetienne.fr\/panoramines\/wp-json\/wp\/v2\/users\/9686"}],"replies":[{"embeddable":true,"href":"https:\/\/www.mines-stetienne.fr\/panoramines\/wp-json\/wp\/v2\/comments?post=24819"}],"version-history":[{"count":2,"href":"https:\/\/www.mines-stetienne.fr\/panoramines\/wp-json\/wp\/v2\/posts\/24819\/revisions"}],"predecessor-version":[{"id":25526,"href":"https:\/\/www.mines-stetienne.fr\/panoramines\/wp-json\/wp\/v2\/posts\/24819\/revisions\/25526"}],"wp:attachment":[{"href":"https:\/\/www.mines-stetienne.fr\/panoramines\/wp-json\/wp\/v2\/media?parent=24819"}],"wp:term":[{"taxonomy":"category","embeddable":true,"href":"https:\/\/www.mines-stetienne.fr\/panoramines\/wp-json\/wp\/v2\/categories?post=24819"},{"taxonomy":"post_tag","embeddable":true,"href":"https:\/\/www.mines-stetienne.fr\/panoramines\/wp-json\/wp\/v2\/tags?post=24819"}],"curies":[{"name":"wp","href":"https:\/\/api.w.org\/{rel}","templated":true}]}}