{"id":24382,"date":"2023-02-07T16:13:44","date_gmt":"2023-02-07T15:13:44","guid":{"rendered":"https:\/\/www.mines-stetienne.fr\/panoramines\/?p=24382"},"modified":"2024-03-07T16:01:34","modified_gmt":"2024-03-07T15:01:34","slug":"junior-mines-provence-obtient-le-statut-de-junior-entreprise","status":"publish","type":"post","link":"https:\/\/www.mines-stetienne.fr\/panoramines\/2023\/02\/07\/junior-mines-provence-obtient-le-statut-de-junior-entreprise\/","title":{"rendered":"Junior Mines Provence obtient le statut de \u00ab\u00a0Junior Entreprise\u00a0\u00bb"},"content":{"rendered":"\n<h2 class=\"wp-block-heading\">La Junior Mines Provence (JMP) a r\u00e9cup\u00e9r\u00e9 son statut de Junior Entreprise lors de la Conf\u00e9d\u00e9ration Nationale des Junior-Entreprises. Apr\u00e8s avoir perdu son statut en raison de probl\u00e8mes de passation, la JMP a entrepris une refonte compl\u00e8te de son image et de ses processus. Des efforts r\u00e9compens\u00e9s avec la reconnaissance de son statut de Junior Entreprise par les pr\u00e9sidents des Juniors de France.<\/h2>\n\n\n\n<figure class=\"wp-block-pullquote is-style-default\"><blockquote><p>Ce statut garantit ainsi la qualit\u00e9 de nos services et notre implication au sein du mouvement des Junior-Entreprises.<\/p><cite>Camille Gilbert, pr\u00e9sidente de <a href=\"https:\/\/junior-mines-provence.fr\/\" target=\"_blank\" rel=\"noreferrer noopener\">Junior Mines Provence<\/a><\/cite><\/blockquote><\/figure>\n\n\n\n<h3 class=\"wp-block-heading\">Une nouvelle \u00e9tape dans le d\u00e9veloppement de la Junior<\/h3>\n\n\n<div class=\"wp-block-image\">\n<figure class=\"alignleft size-full is-resized\"><img loading=\"lazy\" decoding=\"async\" src=\"https:\/\/www.mines-stetienne.fr\/panoramines\/wp-content\/uploads\/sites\/3\/2023\/01\/JuniorMinesProvence.jpg\" alt=\"\" class=\"wp-image-24425\" width=\"377\" height=\"120\" srcset=\"https:\/\/www.mines-stetienne.fr\/panoramines\/wp-content\/uploads\/sites\/3\/2023\/01\/JuniorMinesProvence.jpg 658w, https:\/\/www.mines-stetienne.fr\/panoramines\/wp-content\/uploads\/sites\/3\/2023\/01\/JuniorMinesProvence-300x96.jpg 300w\" sizes=\"auto, (max-width: 377px) 100vw, 377px\" \/><\/figure>\n<\/div>\n\n\n<p>Cr\u00e9\u00e9e en 2005 sous le nom de M-Gate, <a href=\"https:\/\/junior-mines-provence.fr\/\" target=\"_blank\" rel=\"noreferrer noopener\">Junior Mines Provence<\/a> (JMP) est la Junior Entreprise du campus Georges Charpak Provence. Elle avait d\u00e9j\u00e0 obtenu le statut de Junior Entreprise et avait fait partie de la liste s\u00e9lective des 30 meilleurs Junior de France pendant plusieurs ann\u00e9es. En 2021, suite \u00e0 des probl\u00e8mes de passation, elle r\u00e9trograde au statut de Junior-Initiative. Ne s&rsquo;avouant pas vaincus, les diff\u00e9rents mandats vont travailler d&rsquo;arrache-pied pour obtenir \u00e0 nouveau ce statut. <\/p>\n\n\n\n<p>Apr\u00e8s une refonte totale de leur image de marque et de leurs processus, Camille Gilbert, pr\u00e9sidente de JMP et Jean-Baptiste Espinasse, vice-pr\u00e9sident ont d\u00e9fendu leurs travaux. C&rsquo;est devant les pr\u00e9sidents des 200 Juniors de France lors de l&rsquo;Assembl\u00e9e G\u00e9n\u00e9rale des pr\u00e9sidents de la <a href=\"https:\/\/junior-entreprises.com\/\" target=\"_blank\" rel=\"noreferrer noopener\">Conf\u00e9d\u00e9ration Nationale des Junior-Entreprise <\/a>(CNJE) qu&rsquo;ils ont d\u00e9fendu leurs efforts employ\u00e9s depuis plusieurs ann\u00e9es. Par la suite, ceux-ci ont vot\u00e9 en faveur du passage de marque de la Junior Mines Provence (JMP). Pour la JMP, il s&rsquo;agit d&rsquo;une \u00ab\u00a0cons\u00e9cration importante\u00a0\u00bb. Sa pr\u00e9sidente, Camille Gilbert, tiens \u00e0 souligner et remercier le r\u00f4le qu&rsquo;ont jou\u00e9 les p\u00f4les Conseil et D\u00e9veloppement de la CNJE. Un succ\u00e8s d\u00fb \u00e9galement au pr\u00e9c\u00e9dent en mandat. Une r\u00e9ussite \u00e0 confirmer dans les ann\u00e9es \u00e0 venir avec les futurs mandats.<\/p>\n\n\n\n<h3 class=\"wp-block-heading\">Les Juniors-Entreprises \u00e0 Mines Saint-Etienne<\/h3>\n\n\n\n<p>Ainsi, <a href=\"https:\/\/www.mines-stetienne.fr\/\" target=\"_blank\" rel=\"noreferrer noopener\">Mines Saint-Etienne<\/a>, \u00e0 travers ses deux campus, poss\u00e8dent deux Junior-Entreprises : <a href=\"https:\/\/mep-je.fr\/\" target=\"_blank\" rel=\"noreferrer noopener\">Mines \u00c9tudes et Projet<\/a> (campus de Saint-Etienne) et <a href=\"https:\/\/junior-mines-provence.fr\/\">Junior Mines Provence<\/a> (campus Georges Charpak Provence). Elles ont r\u00e9cemment renouvel\u00e9 leur partenariat pour des \u00e9changes de bonnes pratiques et de conseils. Une r\u00e9ussite due \u00e0 l&rsquo;implication sans failles des \u00e9tudiants ann\u00e9e apr\u00e8s ann\u00e9e.<\/p>\n\n\n\n<p>Les Junior-Entreprises de l\u2019\u00c9cole permettent de r\u00e9aliser des projets pour de divers clients en passant par les \u00e9l\u00e8ves de l\u2019\u00c9cole. Elles permettent aux \u00e9l\u00e8ves de monter en comp\u00e9tences en r\u00e9alisant des missions concr\u00e8tes.<\/p>\n","protected":false},"excerpt":{"rendered":"<p>La Junior Mines Provence (JMP) a r\u00e9cup\u00e9r\u00e9 son statut de Junior Entreprise lors de la Conf\u00e9d\u00e9ration Nationale des Junior-Entreprises. Apr\u00e8s avoir perdu son statut en raison de probl\u00e8mes de passation, la JMP a entrepris une refonte compl\u00e8te de son image &hellip;<\/p>\n","protected":false},"author":6823,"featured_media":24388,"comment_status":"closed","ping_status":"open","sticky":false,"template":"","format":"standard","meta":{"_relevanssi_hide_post":"","_relevanssi_hide_content":"","_relevanssi_pin_for_all":"","_relevanssi_pin_keywords":"","_relevanssi_unpin_keywords":"","_relevanssi_related_keywords":"","_relevanssi_related_include_ids":"","_relevanssi_related_exclude_ids":"","_relevanssi_related_no_append":"","_relevanssi_related_not_related":"","_relevanssi_related_posts":"16400,746,99,7218,10327,12898","_relevanssi_noindex_reason":"","footnotes":""},"categories":[8],"tags":[842,840,370,33,42,841,63],"class_list":["post-24382","post","type-post","status-publish","format-standard","has-post-thumbnail","hentry","category-vie-etudiante","tag-association","tag-audit","tag-campus-gc-provence","tag-entrepreneuriat","tag-ismin","tag-junior-mines-provence","tag-junior-entreprise"],"pp_statuses_selecting_workflow":false,"pp_workflow_action":"current","pp_status_selection":"publish","pp_force_visibility":null,"pp_subpost_visibility":null,"pp_inherited_force_visibility":null,"pp_inherited_subpost_visibility":null,"yoast_head":"<!-- This site is optimized with the Yoast SEO plugin v27.4 - https:\/\/yoast.com\/product\/yoast-seo-wordpress\/ -->\n<title>Junior Mines Provence obtient le statut de &quot;Junior Entreprise&quot; - Panoramines<\/title>\n<meta name=\"robots\" content=\"index, follow, max-snippet:-1, max-image-preview:large, max-video-preview:-1\" \/>\n<link rel=\"canonical\" href=\"https:\/\/www.mines-stetienne.fr\/panoramines\/2023\/02\/07\/junior-mines-provence-obtient-le-statut-de-junior-entreprise\/\" \/>\n<meta property=\"og:locale\" content=\"fr_FR\" \/>\n<meta property=\"og:type\" content=\"article\" \/>\n<meta property=\"og:title\" content=\"Junior Mines Provence obtient le statut de &quot;Junior Entreprise&quot; - Panoramines\" \/>\n<meta property=\"og:description\" content=\"La Junior Mines Provence (JMP) a r\u00e9cup\u00e9r\u00e9 son statut de Junior Entreprise lors de la Conf\u00e9d\u00e9ration Nationale des Junior-Entreprises. Apr\u00e8s avoir perdu son statut en raison de probl\u00e8mes de passation, la JMP a entrepris une refonte compl\u00e8te de son image &hellip;\" \/>\n<meta property=\"og:url\" content=\"https:\/\/www.mines-stetienne.fr\/panoramines\/2023\/02\/07\/junior-mines-provence-obtient-le-statut-de-junior-entreprise\/\" \/>\n<meta property=\"og:site_name\" content=\"Panoramines\" \/>\n<meta property=\"article:published_time\" content=\"2023-02-07T15:13:44+00:00\" \/>\n<meta property=\"article:modified_time\" content=\"2024-03-07T15:01:34+00:00\" \/>\n<meta property=\"og:image\" content=\"https:\/\/www.mines-stetienne.fr\/panoramines\/wp-content\/uploads\/sites\/3\/2023\/01\/IMG_6015-1-scaled.jpg\" \/>\n\t<meta property=\"og:image:width\" content=\"2560\" \/>\n\t<meta property=\"og:image:height\" content=\"1707\" \/>\n\t<meta property=\"og:image:type\" content=\"image\/jpeg\" \/>\n<meta name=\"author\" content=\"CORTES Lucas\" \/>\n<meta name=\"twitter:card\" content=\"summary_large_image\" \/>\n<meta name=\"twitter:label1\" content=\"\u00c9crit par\" \/>\n\t<meta name=\"twitter:data1\" content=\"CORTES Lucas\" \/>\n\t<meta name=\"twitter:label2\" content=\"Dur\u00e9e de lecture estim\u00e9e\" \/>\n\t<meta name=\"twitter:data2\" content=\"3 minutes\" \/>\n<script type=\"application\/ld+json\" class=\"yoast-schema-graph\">{\"@context\":\"https:\\\/\\\/schema.org\",\"@graph\":[{\"@type\":\"Article\",\"@id\":\"https:\\\/\\\/www.mines-stetienne.fr\\\/panoramines\\\/2023\\\/02\\\/07\\\/junior-mines-provence-obtient-le-statut-de-junior-entreprise\\\/#article\",\"isPartOf\":{\"@id\":\"https:\\\/\\\/www.mines-stetienne.fr\\\/panoramines\\\/2023\\\/02\\\/07\\\/junior-mines-provence-obtient-le-statut-de-junior-entreprise\\\/\"},\"author\":{\"name\":\"CORTES Lucas\",\"@id\":\"https:\\\/\\\/www.mines-stetienne.fr\\\/panoramines\\\/#\\\/schema\\\/person\\\/f93b3567fe25af690eb69a1501646912\"},\"headline\":\"Junior Mines Provence obtient le statut de \u00ab\u00a0Junior Entreprise\u00a0\u00bb\",\"datePublished\":\"2023-02-07T15:13:44+00:00\",\"dateModified\":\"2024-03-07T15:01:34+00:00\",\"mainEntityOfPage\":{\"@id\":\"https:\\\/\\\/www.mines-stetienne.fr\\\/panoramines\\\/2023\\\/02\\\/07\\\/junior-mines-provence-obtient-le-statut-de-junior-entreprise\\\/\"},\"wordCount\":444,\"image\":{\"@id\":\"https:\\\/\\\/www.mines-stetienne.fr\\\/panoramines\\\/2023\\\/02\\\/07\\\/junior-mines-provence-obtient-le-statut-de-junior-entreprise\\\/#primaryimage\"},\"thumbnailUrl\":\"https:\\\/\\\/www.mines-stetienne.fr\\\/panoramines\\\/wp-content\\\/uploads\\\/sites\\\/3\\\/2023\\\/01\\\/IMG_6015-1-scaled.jpg\",\"keywords\":[\"Association\",\"Audit\",\"Campus GC Provence\",\"Entrepreneuriat\",\"ISMIN\",\"Junior Mines Provence\",\"Junior-Entreprise\"],\"articleSection\":[\"Vie \u00e9tudiante\"],\"inLanguage\":\"fr-FR\"},{\"@type\":\"WebPage\",\"@id\":\"https:\\\/\\\/www.mines-stetienne.fr\\\/panoramines\\\/2023\\\/02\\\/07\\\/junior-mines-provence-obtient-le-statut-de-junior-entreprise\\\/\",\"url\":\"https:\\\/\\\/www.mines-stetienne.fr\\\/panoramines\\\/2023\\\/02\\\/07\\\/junior-mines-provence-obtient-le-statut-de-junior-entreprise\\\/\",\"name\":\"Junior Mines Provence obtient le statut de \\\"Junior Entreprise\\\" - Panoramines\",\"isPartOf\":{\"@id\":\"https:\\\/\\\/www.mines-stetienne.fr\\\/panoramines\\\/#website\"},\"primaryImageOfPage\":{\"@id\":\"https:\\\/\\\/www.mines-stetienne.fr\\\/panoramines\\\/2023\\\/02\\\/07\\\/junior-mines-provence-obtient-le-statut-de-junior-entreprise\\\/#primaryimage\"},\"image\":{\"@id\":\"https:\\\/\\\/www.mines-stetienne.fr\\\/panoramines\\\/2023\\\/02\\\/07\\\/junior-mines-provence-obtient-le-statut-de-junior-entreprise\\\/#primaryimage\"},\"thumbnailUrl\":\"https:\\\/\\\/www.mines-stetienne.fr\\\/panoramines\\\/wp-content\\\/uploads\\\/sites\\\/3\\\/2023\\\/01\\\/IMG_6015-1-scaled.jpg\",\"datePublished\":\"2023-02-07T15:13:44+00:00\",\"dateModified\":\"2024-03-07T15:01:34+00:00\",\"author\":{\"@id\":\"https:\\\/\\\/www.mines-stetienne.fr\\\/panoramines\\\/#\\\/schema\\\/person\\\/f93b3567fe25af690eb69a1501646912\"},\"breadcrumb\":{\"@id\":\"https:\\\/\\\/www.mines-stetienne.fr\\\/panoramines\\\/2023\\\/02\\\/07\\\/junior-mines-provence-obtient-le-statut-de-junior-entreprise\\\/#breadcrumb\"},\"inLanguage\":\"fr-FR\",\"potentialAction\":[{\"@type\":\"ReadAction\",\"target\":[\"https:\\\/\\\/www.mines-stetienne.fr\\\/panoramines\\\/2023\\\/02\\\/07\\\/junior-mines-provence-obtient-le-statut-de-junior-entreprise\\\/\"]}]},{\"@type\":\"ImageObject\",\"inLanguage\":\"fr-FR\",\"@id\":\"https:\\\/\\\/www.mines-stetienne.fr\\\/panoramines\\\/2023\\\/02\\\/07\\\/junior-mines-provence-obtient-le-statut-de-junior-entreprise\\\/#primaryimage\",\"url\":\"https:\\\/\\\/www.mines-stetienne.fr\\\/panoramines\\\/wp-content\\\/uploads\\\/sites\\\/3\\\/2023\\\/01\\\/IMG_6015-1-scaled.jpg\",\"contentUrl\":\"https:\\\/\\\/www.mines-stetienne.fr\\\/panoramines\\\/wp-content\\\/uploads\\\/sites\\\/3\\\/2023\\\/01\\\/IMG_6015-1-scaled.jpg\",\"width\":2560,\"height\":1707},{\"@type\":\"BreadcrumbList\",\"@id\":\"https:\\\/\\\/www.mines-stetienne.fr\\\/panoramines\\\/2023\\\/02\\\/07\\\/junior-mines-provence-obtient-le-statut-de-junior-entreprise\\\/#breadcrumb\",\"itemListElement\":[{\"@type\":\"ListItem\",\"position\":1,\"name\":\"Accueil\",\"item\":\"https:\\\/\\\/www.mines-stetienne.fr\\\/panoramines\\\/\"},{\"@type\":\"ListItem\",\"position\":2,\"name\":\"Junior Mines Provence obtient le statut de \u00ab\u00a0Junior Entreprise\u00a0\u00bb\"}]},{\"@type\":\"WebSite\",\"@id\":\"https:\\\/\\\/www.mines-stetienne.fr\\\/panoramines\\\/#website\",\"url\":\"https:\\\/\\\/www.mines-stetienne.fr\\\/panoramines\\\/\",\"name\":\"Panoramines\",\"description\":\"Panoramines, l\u2019actualit\u00e9 de MINES Saint-\u00c9tienne\",\"potentialAction\":[{\"@type\":\"SearchAction\",\"target\":{\"@type\":\"EntryPoint\",\"urlTemplate\":\"https:\\\/\\\/www.mines-stetienne.fr\\\/panoramines\\\/?s={search_term_string}\"},\"query-input\":{\"@type\":\"PropertyValueSpecification\",\"valueRequired\":true,\"valueName\":\"search_term_string\"}}],\"inLanguage\":\"fr-FR\"},{\"@type\":\"Person\",\"@id\":\"https:\\\/\\\/www.mines-stetienne.fr\\\/panoramines\\\/#\\\/schema\\\/person\\\/f93b3567fe25af690eb69a1501646912\",\"name\":\"CORTES Lucas\",\"image\":{\"@type\":\"ImageObject\",\"inLanguage\":\"fr-FR\",\"@id\":\"https:\\\/\\\/www.mines-stetienne.fr\\\/panoramines\\\/wp-content\\\/uploads\\\/sites\\\/3\\\/2021\\\/07\\\/logo-75x75-1.png\",\"url\":\"https:\\\/\\\/www.mines-stetienne.fr\\\/panoramines\\\/wp-content\\\/uploads\\\/sites\\\/3\\\/2021\\\/07\\\/logo-75x75-1.png\",\"contentUrl\":\"https:\\\/\\\/www.mines-stetienne.fr\\\/panoramines\\\/wp-content\\\/uploads\\\/sites\\\/3\\\/2021\\\/07\\\/logo-75x75-1.png\",\"caption\":\"CORTES Lucas\"},\"url\":\"https:\\\/\\\/www.mines-stetienne.fr\\\/panoramines\\\/author\\\/lucas-cortes\\\/\"}]}<\/script>\n<!-- \/ Yoast SEO plugin. -->","yoast_head_json":{"title":"Junior Mines Provence obtient le statut de \"Junior Entreprise\" - Panoramines","robots":{"index":"index","follow":"follow","max-snippet":"max-snippet:-1","max-image-preview":"max-image-preview:large","max-video-preview":"max-video-preview:-1"},"canonical":"https:\/\/www.mines-stetienne.fr\/panoramines\/2023\/02\/07\/junior-mines-provence-obtient-le-statut-de-junior-entreprise\/","og_locale":"fr_FR","og_type":"article","og_title":"Junior Mines Provence obtient le statut de \"Junior Entreprise\" - Panoramines","og_description":"La Junior Mines Provence (JMP) a r\u00e9cup\u00e9r\u00e9 son statut de Junior Entreprise lors de la Conf\u00e9d\u00e9ration Nationale des Junior-Entreprises. Apr\u00e8s avoir perdu son statut en raison de probl\u00e8mes de passation, la JMP a entrepris une refonte compl\u00e8te de son image &hellip;","og_url":"https:\/\/www.mines-stetienne.fr\/panoramines\/2023\/02\/07\/junior-mines-provence-obtient-le-statut-de-junior-entreprise\/","og_site_name":"Panoramines","article_published_time":"2023-02-07T15:13:44+00:00","article_modified_time":"2024-03-07T15:01:34+00:00","og_image":[{"width":2560,"height":1707,"url":"https:\/\/www.mines-stetienne.fr\/panoramines\/wp-content\/uploads\/sites\/3\/2023\/01\/IMG_6015-1-scaled.jpg","type":"image\/jpeg"}],"author":"CORTES Lucas","twitter_card":"summary_large_image","twitter_misc":{"\u00c9crit par":"CORTES Lucas","Dur\u00e9e de lecture estim\u00e9e":"3 minutes"},"schema":{"@context":"https:\/\/schema.org","@graph":[{"@type":"Article","@id":"https:\/\/www.mines-stetienne.fr\/panoramines\/2023\/02\/07\/junior-mines-provence-obtient-le-statut-de-junior-entreprise\/#article","isPartOf":{"@id":"https:\/\/www.mines-stetienne.fr\/panoramines\/2023\/02\/07\/junior-mines-provence-obtient-le-statut-de-junior-entreprise\/"},"author":{"name":"CORTES Lucas","@id":"https:\/\/www.mines-stetienne.fr\/panoramines\/#\/schema\/person\/f93b3567fe25af690eb69a1501646912"},"headline":"Junior Mines Provence obtient le statut de \u00ab\u00a0Junior Entreprise\u00a0\u00bb","datePublished":"2023-02-07T15:13:44+00:00","dateModified":"2024-03-07T15:01:34+00:00","mainEntityOfPage":{"@id":"https:\/\/www.mines-stetienne.fr\/panoramines\/2023\/02\/07\/junior-mines-provence-obtient-le-statut-de-junior-entreprise\/"},"wordCount":444,"image":{"@id":"https:\/\/www.mines-stetienne.fr\/panoramines\/2023\/02\/07\/junior-mines-provence-obtient-le-statut-de-junior-entreprise\/#primaryimage"},"thumbnailUrl":"https:\/\/www.mines-stetienne.fr\/panoramines\/wp-content\/uploads\/sites\/3\/2023\/01\/IMG_6015-1-scaled.jpg","keywords":["Association","Audit","Campus GC Provence","Entrepreneuriat","ISMIN","Junior Mines Provence","Junior-Entreprise"],"articleSection":["Vie \u00e9tudiante"],"inLanguage":"fr-FR"},{"@type":"WebPage","@id":"https:\/\/www.mines-stetienne.fr\/panoramines\/2023\/02\/07\/junior-mines-provence-obtient-le-statut-de-junior-entreprise\/","url":"https:\/\/www.mines-stetienne.fr\/panoramines\/2023\/02\/07\/junior-mines-provence-obtient-le-statut-de-junior-entreprise\/","name":"Junior Mines Provence obtient le statut de \"Junior Entreprise\" - Panoramines","isPartOf":{"@id":"https:\/\/www.mines-stetienne.fr\/panoramines\/#website"},"primaryImageOfPage":{"@id":"https:\/\/www.mines-stetienne.fr\/panoramines\/2023\/02\/07\/junior-mines-provence-obtient-le-statut-de-junior-entreprise\/#primaryimage"},"image":{"@id":"https:\/\/www.mines-stetienne.fr\/panoramines\/2023\/02\/07\/junior-mines-provence-obtient-le-statut-de-junior-entreprise\/#primaryimage"},"thumbnailUrl":"https:\/\/www.mines-stetienne.fr\/panoramines\/wp-content\/uploads\/sites\/3\/2023\/01\/IMG_6015-1-scaled.jpg","datePublished":"2023-02-07T15:13:44+00:00","dateModified":"2024-03-07T15:01:34+00:00","author":{"@id":"https:\/\/www.mines-stetienne.fr\/panoramines\/#\/schema\/person\/f93b3567fe25af690eb69a1501646912"},"breadcrumb":{"@id":"https:\/\/www.mines-stetienne.fr\/panoramines\/2023\/02\/07\/junior-mines-provence-obtient-le-statut-de-junior-entreprise\/#breadcrumb"},"inLanguage":"fr-FR","potentialAction":[{"@type":"ReadAction","target":["https:\/\/www.mines-stetienne.fr\/panoramines\/2023\/02\/07\/junior-mines-provence-obtient-le-statut-de-junior-entreprise\/"]}]},{"@type":"ImageObject","inLanguage":"fr-FR","@id":"https:\/\/www.mines-stetienne.fr\/panoramines\/2023\/02\/07\/junior-mines-provence-obtient-le-statut-de-junior-entreprise\/#primaryimage","url":"https:\/\/www.mines-stetienne.fr\/panoramines\/wp-content\/uploads\/sites\/3\/2023\/01\/IMG_6015-1-scaled.jpg","contentUrl":"https:\/\/www.mines-stetienne.fr\/panoramines\/wp-content\/uploads\/sites\/3\/2023\/01\/IMG_6015-1-scaled.jpg","width":2560,"height":1707},{"@type":"BreadcrumbList","@id":"https:\/\/www.mines-stetienne.fr\/panoramines\/2023\/02\/07\/junior-mines-provence-obtient-le-statut-de-junior-entreprise\/#breadcrumb","itemListElement":[{"@type":"ListItem","position":1,"name":"Accueil","item":"https:\/\/www.mines-stetienne.fr\/panoramines\/"},{"@type":"ListItem","position":2,"name":"Junior Mines Provence obtient le statut de \u00ab\u00a0Junior Entreprise\u00a0\u00bb"}]},{"@type":"WebSite","@id":"https:\/\/www.mines-stetienne.fr\/panoramines\/#website","url":"https:\/\/www.mines-stetienne.fr\/panoramines\/","name":"Panoramines","description":"Panoramines, l\u2019actualit\u00e9 de MINES Saint-\u00c9tienne","potentialAction":[{"@type":"SearchAction","target":{"@type":"EntryPoint","urlTemplate":"https:\/\/www.mines-stetienne.fr\/panoramines\/?s={search_term_string}"},"query-input":{"@type":"PropertyValueSpecification","valueRequired":true,"valueName":"search_term_string"}}],"inLanguage":"fr-FR"},{"@type":"Person","@id":"https:\/\/www.mines-stetienne.fr\/panoramines\/#\/schema\/person\/f93b3567fe25af690eb69a1501646912","name":"CORTES Lucas","image":{"@type":"ImageObject","inLanguage":"fr-FR","@id":"https:\/\/www.mines-stetienne.fr\/panoramines\/wp-content\/uploads\/sites\/3\/2021\/07\/logo-75x75-1.png","url":"https:\/\/www.mines-stetienne.fr\/panoramines\/wp-content\/uploads\/sites\/3\/2021\/07\/logo-75x75-1.png","contentUrl":"https:\/\/www.mines-stetienne.fr\/panoramines\/wp-content\/uploads\/sites\/3\/2021\/07\/logo-75x75-1.png","caption":"CORTES Lucas"},"url":"https:\/\/www.mines-stetienne.fr\/panoramines\/author\/lucas-cortes\/"}]}},"_links":{"self":[{"href":"https:\/\/www.mines-stetienne.fr\/panoramines\/wp-json\/wp\/v2\/posts\/24382","targetHints":{"allow":["GET"]}}],"collection":[{"href":"https:\/\/www.mines-stetienne.fr\/panoramines\/wp-json\/wp\/v2\/posts"}],"about":[{"href":"https:\/\/www.mines-stetienne.fr\/panoramines\/wp-json\/wp\/v2\/types\/post"}],"author":[{"embeddable":true,"href":"https:\/\/www.mines-stetienne.fr\/panoramines\/wp-json\/wp\/v2\/users\/6823"}],"replies":[{"embeddable":true,"href":"https:\/\/www.mines-stetienne.fr\/panoramines\/wp-json\/wp\/v2\/comments?post=24382"}],"version-history":[{"count":12,"href":"https:\/\/www.mines-stetienne.fr\/panoramines\/wp-json\/wp\/v2\/posts\/24382\/revisions"}],"predecessor-version":[{"id":24501,"href":"https:\/\/www.mines-stetienne.fr\/panoramines\/wp-json\/wp\/v2\/posts\/24382\/revisions\/24501"}],"wp:featuredmedia":[{"embeddable":true,"href":"https:\/\/www.mines-stetienne.fr\/panoramines\/wp-json\/wp\/v2\/media\/24388"}],"wp:attachment":[{"href":"https:\/\/www.mines-stetienne.fr\/panoramines\/wp-json\/wp\/v2\/media?parent=24382"}],"wp:term":[{"taxonomy":"category","embeddable":true,"href":"https:\/\/www.mines-stetienne.fr\/panoramines\/wp-json\/wp\/v2\/categories?post=24382"},{"taxonomy":"post_tag","embeddable":true,"href":"https:\/\/www.mines-stetienne.fr\/panoramines\/wp-json\/wp\/v2\/tags?post=24382"}],"curies":[{"name":"wp","href":"https:\/\/api.w.org\/{rel}","templated":true}]}}