{"id":24303,"date":"2022-12-21T17:11:13","date_gmt":"2022-12-21T16:11:13","guid":{"rendered":"https:\/\/www.mines-stetienne.fr\/panoramines\/?p=24303"},"modified":"2024-03-07T16:59:42","modified_gmt":"2024-03-07T15:59:42","slug":"une-ouverture-sur-le-monde-pour-nos-eleves","status":"publish","type":"post","link":"https:\/\/www.mines-stetienne.fr\/panoramines\/2022\/12\/21\/une-ouverture-sur-le-monde-pour-nos-eleves\/","title":{"rendered":"Une ouverture sur le monde pour nos \u00e9l\u00e8ves !"},"content":{"rendered":"\n<h2 class=\"wp-block-heading\">Chaque ann\u00e9e, l&rsquo;\u00c9cole organise un forum sur les mobilit\u00e9s internationales \u00e0 destination de ses \u00e9l\u00e8ves. L&rsquo;objectif est de les renseigner et les aider dans leur choix de mobilit\u00e9 internationale : semestre \u00e0 l&rsquo;\u00e9tranger, stage, c\u00e9sure&#8230;<\/h2>\n\n\n\n<p>Ce forum est organis\u00e9 par le service international de l&rsquo;\u00c9cole. Il permet aux \u00e9l\u00e8ves de d\u00e9couvrir les diff\u00e9rentes destinations et universit\u00e9s propos\u00e9es par l&rsquo;\u00c9cole. Mines Saint-Etienne a plus de 100 accords d\u2019\u00e9changes. En effet, chaque \u00e9l\u00e8ve doit effectuer au moins une exp\u00e9rience internationale durant son cursus. Plusieurs options leur sont propos\u00e9es : semestre \u00e0 l&rsquo;\u00e9tranger, stage, c\u00e9sure\u2026<\/p>\n\n\n\n<p>Cet \u00e9v\u00e9nement est aussi l&rsquo;occasion pour les \u00e9l\u00e8ves internationaux de faire d\u00e9couvrir leur pays, leur culture et leur gastronomie \u00e0 leurs camarades. Ils avaient notamment chacun apport\u00e9 une sp\u00e9cialit\u00e9 de leur pays. Un moment d&rsquo;\u00e9change et de convivialit\u00e9 autour de bons plats !<\/p>\n\n\n\n<figure class=\"wp-block-gallery has-nested-images columns-2 is-cropped wp-block-gallery-2 is-layout-flex wp-block-gallery-is-layout-flex\">\n<figure class=\"wp-block-image size-large\"><a href=\"https:\/\/www.mines-stetienne.fr\/panoramines\/wp-content\/uploads\/sites\/3\/2023\/01\/Mob-inter-5-scaled.jpg\"><img loading=\"lazy\" decoding=\"async\" width=\"1024\" height=\"683\" data-id=\"24345\" src=\"https:\/\/www.mines-stetienne.fr\/panoramines\/wp-content\/uploads\/sites\/3\/2023\/01\/Mob-inter-5-1024x683.jpg\" alt=\"\" class=\"wp-image-24345\" srcset=\"https:\/\/www.mines-stetienne.fr\/panoramines\/wp-content\/uploads\/sites\/3\/2023\/01\/Mob-inter-5-1024x683.jpg 1024w, https:\/\/www.mines-stetienne.fr\/panoramines\/wp-content\/uploads\/sites\/3\/2023\/01\/Mob-inter-5-300x200.jpg 300w, https:\/\/www.mines-stetienne.fr\/panoramines\/wp-content\/uploads\/sites\/3\/2023\/01\/Mob-inter-5-768x512.jpg 768w, https:\/\/www.mines-stetienne.fr\/panoramines\/wp-content\/uploads\/sites\/3\/2023\/01\/Mob-inter-5-1536x1024.jpg 1536w, https:\/\/www.mines-stetienne.fr\/panoramines\/wp-content\/uploads\/sites\/3\/2023\/01\/Mob-inter-5-2048x1365.jpg 2048w\" sizes=\"auto, (max-width: 1024px) 100vw, 1024px\" \/><\/a><\/figure>\n\n\n\n<figure class=\"wp-block-image size-large\"><a href=\"https:\/\/www.mines-stetienne.fr\/panoramines\/wp-content\/uploads\/sites\/3\/2023\/01\/Mob-inter-2-scaled.jpg\"><img loading=\"lazy\" decoding=\"async\" width=\"1024\" height=\"683\" data-id=\"24343\" src=\"https:\/\/www.mines-stetienne.fr\/panoramines\/wp-content\/uploads\/sites\/3\/2023\/01\/Mob-inter-2-1024x683.jpg\" alt=\"\" class=\"wp-image-24343\" srcset=\"https:\/\/www.mines-stetienne.fr\/panoramines\/wp-content\/uploads\/sites\/3\/2023\/01\/Mob-inter-2-1024x683.jpg 1024w, https:\/\/www.mines-stetienne.fr\/panoramines\/wp-content\/uploads\/sites\/3\/2023\/01\/Mob-inter-2-300x200.jpg 300w, https:\/\/www.mines-stetienne.fr\/panoramines\/wp-content\/uploads\/sites\/3\/2023\/01\/Mob-inter-2-768x512.jpg 768w, https:\/\/www.mines-stetienne.fr\/panoramines\/wp-content\/uploads\/sites\/3\/2023\/01\/Mob-inter-2-1536x1024.jpg 1536w, https:\/\/www.mines-stetienne.fr\/panoramines\/wp-content\/uploads\/sites\/3\/2023\/01\/Mob-inter-2-2048x1365.jpg 2048w\" sizes=\"auto, (max-width: 1024px) 100vw, 1024px\" \/><\/a><\/figure>\n\n\n\n<figure class=\"wp-block-image size-large\"><a href=\"https:\/\/www.mines-stetienne.fr\/panoramines\/wp-content\/uploads\/sites\/3\/2023\/01\/Mob-inter-1-scaled.jpg\"><img loading=\"lazy\" decoding=\"async\" width=\"1024\" height=\"683\" data-id=\"24350\" src=\"https:\/\/www.mines-stetienne.fr\/panoramines\/wp-content\/uploads\/sites\/3\/2023\/01\/Mob-inter-1-1024x683.jpg\" alt=\"\" class=\"wp-image-24350\" srcset=\"https:\/\/www.mines-stetienne.fr\/panoramines\/wp-content\/uploads\/sites\/3\/2023\/01\/Mob-inter-1-1024x683.jpg 1024w, https:\/\/www.mines-stetienne.fr\/panoramines\/wp-content\/uploads\/sites\/3\/2023\/01\/Mob-inter-1-300x200.jpg 300w, https:\/\/www.mines-stetienne.fr\/panoramines\/wp-content\/uploads\/sites\/3\/2023\/01\/Mob-inter-1-768x512.jpg 768w, https:\/\/www.mines-stetienne.fr\/panoramines\/wp-content\/uploads\/sites\/3\/2023\/01\/Mob-inter-1-1536x1024.jpg 1536w, https:\/\/www.mines-stetienne.fr\/panoramines\/wp-content\/uploads\/sites\/3\/2023\/01\/Mob-inter-1-2048x1365.jpg 2048w\" sizes=\"auto, (max-width: 1024px) 100vw, 1024px\" \/><\/a><\/figure>\n\n\n\n<figure class=\"wp-block-image size-large\"><a href=\"https:\/\/www.mines-stetienne.fr\/panoramines\/wp-content\/uploads\/sites\/3\/2023\/01\/Mob-inter-6-scaled.jpg\"><img loading=\"lazy\" decoding=\"async\" width=\"1024\" height=\"683\" data-id=\"24346\" src=\"https:\/\/www.mines-stetienne.fr\/panoramines\/wp-content\/uploads\/sites\/3\/2023\/01\/Mob-inter-6-1024x683.jpg\" alt=\"\" class=\"wp-image-24346\" srcset=\"https:\/\/www.mines-stetienne.fr\/panoramines\/wp-content\/uploads\/sites\/3\/2023\/01\/Mob-inter-6-1024x683.jpg 1024w, https:\/\/www.mines-stetienne.fr\/panoramines\/wp-content\/uploads\/sites\/3\/2023\/01\/Mob-inter-6-300x200.jpg 300w, https:\/\/www.mines-stetienne.fr\/panoramines\/wp-content\/uploads\/sites\/3\/2023\/01\/Mob-inter-6-768x512.jpg 768w, https:\/\/www.mines-stetienne.fr\/panoramines\/wp-content\/uploads\/sites\/3\/2023\/01\/Mob-inter-6-1536x1024.jpg 1536w, https:\/\/www.mines-stetienne.fr\/panoramines\/wp-content\/uploads\/sites\/3\/2023\/01\/Mob-inter-6-2048x1365.jpg 2048w\" sizes=\"auto, (max-width: 1024px) 100vw, 1024px\" \/><\/a><\/figure>\n<\/figure>\n","protected":false},"excerpt":{"rendered":"<p>Chaque ann\u00e9e, l&rsquo;\u00c9cole organise un forum sur les mobilit\u00e9s internationales \u00e0 destination de ses \u00e9l\u00e8ves. L&rsquo;objectif est de les renseigner et les aider dans leur choix de mobilit\u00e9 internationale : semestre \u00e0 l&rsquo;\u00e9tranger, stage, c\u00e9sure&#8230; Ce forum est organis\u00e9 par &hellip;<\/p>\n","protected":false},"author":6823,"featured_media":24344,"comment_status":"closed","ping_status":"open","sticky":false,"template":"","format":"standard","meta":{"_relevanssi_hide_post":"","_relevanssi_hide_content":"","_relevanssi_pin_for_all":"","_relevanssi_pin_keywords":"","_relevanssi_unpin_keywords":"","_relevanssi_related_keywords":"","_relevanssi_related_include_ids":"","_relevanssi_related_exclude_ids":"","_relevanssi_related_no_append":"","_relevanssi_related_not_related":"","_relevanssi_related_posts":"766,280,6506,13237,14626,20790","_relevanssi_noindex_reason":"","footnotes":""},"categories":[1018],"tags":[836,159,38,37,53,421],"class_list":["post-24303","post","type-post","status-publish","format-standard","has-post-thumbnail","hentry","category-international","tag-culture","tag-etudiants-internationaux","tag-forum","tag-icm","tag-international","tag-mobilite-internationale"],"pp_statuses_selecting_workflow":false,"pp_workflow_action":"current","pp_status_selection":"publish","pp_force_visibility":null,"pp_subpost_visibility":null,"pp_inherited_force_visibility":null,"pp_inherited_subpost_visibility":null,"yoast_head":"<!-- This site is optimized with the Yoast SEO plugin v27.5 - https:\/\/yoast.com\/product\/yoast-seo-wordpress\/ -->\n<title>Une ouverture sur le monde pour nos \u00e9l\u00e8ves ! - Panoramines<\/title>\n<meta name=\"robots\" content=\"index, follow, max-snippet:-1, max-image-preview:large, max-video-preview:-1\" \/>\n<link rel=\"canonical\" href=\"https:\/\/www.mines-stetienne.fr\/panoramines\/2022\/12\/21\/une-ouverture-sur-le-monde-pour-nos-eleves\/\" \/>\n<meta property=\"og:locale\" content=\"fr_FR\" \/>\n<meta property=\"og:type\" content=\"article\" \/>\n<meta property=\"og:title\" content=\"Une ouverture sur le monde pour nos \u00e9l\u00e8ves ! - Panoramines\" \/>\n<meta property=\"og:description\" content=\"Chaque ann\u00e9e, l&rsquo;\u00c9cole organise un forum sur les mobilit\u00e9s internationales \u00e0 destination de ses \u00e9l\u00e8ves. L&rsquo;objectif est de les renseigner et les aider dans leur choix de mobilit\u00e9 internationale : semestre \u00e0 l&rsquo;\u00e9tranger, stage, c\u00e9sure&#8230; Ce forum est organis\u00e9 par &hellip;\" \/>\n<meta property=\"og:url\" content=\"https:\/\/www.mines-stetienne.fr\/panoramines\/2022\/12\/21\/une-ouverture-sur-le-monde-pour-nos-eleves\/\" \/>\n<meta property=\"og:site_name\" content=\"Panoramines\" \/>\n<meta property=\"article:published_time\" content=\"2022-12-21T16:11:13+00:00\" \/>\n<meta property=\"article:modified_time\" content=\"2024-03-07T15:59:42+00:00\" \/>\n<meta property=\"og:image\" content=\"https:\/\/www.mines-stetienne.fr\/panoramines\/wp-content\/uploads\/sites\/3\/2023\/01\/Mob-inter-3-scaled.jpg\" \/>\n\t<meta property=\"og:image:width\" content=\"2560\" \/>\n\t<meta property=\"og:image:height\" content=\"1707\" \/>\n\t<meta property=\"og:image:type\" content=\"image\/jpeg\" \/>\n<meta name=\"author\" content=\"CORTES Lucas\" \/>\n<meta name=\"twitter:card\" content=\"summary_large_image\" \/>\n<meta name=\"twitter:label1\" content=\"\u00c9crit par\" \/>\n\t<meta name=\"twitter:data1\" content=\"CORTES Lucas\" \/>\n\t<meta name=\"twitter:label2\" content=\"Dur\u00e9e de lecture estim\u00e9e\" \/>\n\t<meta name=\"twitter:data2\" content=\"2 minutes\" \/>\n<script type=\"application\/ld+json\" class=\"yoast-schema-graph\">{\"@context\":\"https:\\\/\\\/schema.org\",\"@graph\":[{\"@type\":\"Article\",\"@id\":\"https:\\\/\\\/www.mines-stetienne.fr\\\/panoramines\\\/2022\\\/12\\\/21\\\/une-ouverture-sur-le-monde-pour-nos-eleves\\\/#article\",\"isPartOf\":{\"@id\":\"https:\\\/\\\/www.mines-stetienne.fr\\\/panoramines\\\/2022\\\/12\\\/21\\\/une-ouverture-sur-le-monde-pour-nos-eleves\\\/\"},\"author\":{\"name\":\"CORTES Lucas\",\"@id\":\"https:\\\/\\\/www.mines-stetienne.fr\\\/panoramines\\\/#\\\/schema\\\/person\\\/f93b3567fe25af690eb69a1501646912\"},\"headline\":\"Une ouverture sur le monde pour nos \u00e9l\u00e8ves !\",\"datePublished\":\"2022-12-21T16:11:13+00:00\",\"dateModified\":\"2024-03-07T15:59:42+00:00\",\"mainEntityOfPage\":{\"@id\":\"https:\\\/\\\/www.mines-stetienne.fr\\\/panoramines\\\/2022\\\/12\\\/21\\\/une-ouverture-sur-le-monde-pour-nos-eleves\\\/\"},\"wordCount\":160,\"image\":{\"@id\":\"https:\\\/\\\/www.mines-stetienne.fr\\\/panoramines\\\/2022\\\/12\\\/21\\\/une-ouverture-sur-le-monde-pour-nos-eleves\\\/#primaryimage\"},\"thumbnailUrl\":\"https:\\\/\\\/www.mines-stetienne.fr\\\/panoramines\\\/wp-content\\\/uploads\\\/sites\\\/3\\\/2023\\\/01\\\/Mob-inter-3-scaled.jpg\",\"keywords\":[\"Culture\",\"\u00c9tudiants internationaux\",\"Forum\",\"ICM\",\"International\",\"Mobilit\u00e9 internationale\"],\"articleSection\":[\"International\"],\"inLanguage\":\"fr-FR\"},{\"@type\":\"WebPage\",\"@id\":\"https:\\\/\\\/www.mines-stetienne.fr\\\/panoramines\\\/2022\\\/12\\\/21\\\/une-ouverture-sur-le-monde-pour-nos-eleves\\\/\",\"url\":\"https:\\\/\\\/www.mines-stetienne.fr\\\/panoramines\\\/2022\\\/12\\\/21\\\/une-ouverture-sur-le-monde-pour-nos-eleves\\\/\",\"name\":\"Une ouverture sur le monde pour nos \u00e9l\u00e8ves ! - Panoramines\",\"isPartOf\":{\"@id\":\"https:\\\/\\\/www.mines-stetienne.fr\\\/panoramines\\\/#website\"},\"primaryImageOfPage\":{\"@id\":\"https:\\\/\\\/www.mines-stetienne.fr\\\/panoramines\\\/2022\\\/12\\\/21\\\/une-ouverture-sur-le-monde-pour-nos-eleves\\\/#primaryimage\"},\"image\":{\"@id\":\"https:\\\/\\\/www.mines-stetienne.fr\\\/panoramines\\\/2022\\\/12\\\/21\\\/une-ouverture-sur-le-monde-pour-nos-eleves\\\/#primaryimage\"},\"thumbnailUrl\":\"https:\\\/\\\/www.mines-stetienne.fr\\\/panoramines\\\/wp-content\\\/uploads\\\/sites\\\/3\\\/2023\\\/01\\\/Mob-inter-3-scaled.jpg\",\"datePublished\":\"2022-12-21T16:11:13+00:00\",\"dateModified\":\"2024-03-07T15:59:42+00:00\",\"author\":{\"@id\":\"https:\\\/\\\/www.mines-stetienne.fr\\\/panoramines\\\/#\\\/schema\\\/person\\\/f93b3567fe25af690eb69a1501646912\"},\"breadcrumb\":{\"@id\":\"https:\\\/\\\/www.mines-stetienne.fr\\\/panoramines\\\/2022\\\/12\\\/21\\\/une-ouverture-sur-le-monde-pour-nos-eleves\\\/#breadcrumb\"},\"inLanguage\":\"fr-FR\",\"potentialAction\":[{\"@type\":\"ReadAction\",\"target\":[\"https:\\\/\\\/www.mines-stetienne.fr\\\/panoramines\\\/2022\\\/12\\\/21\\\/une-ouverture-sur-le-monde-pour-nos-eleves\\\/\"]}]},{\"@type\":\"ImageObject\",\"inLanguage\":\"fr-FR\",\"@id\":\"https:\\\/\\\/www.mines-stetienne.fr\\\/panoramines\\\/2022\\\/12\\\/21\\\/une-ouverture-sur-le-monde-pour-nos-eleves\\\/#primaryimage\",\"url\":\"https:\\\/\\\/www.mines-stetienne.fr\\\/panoramines\\\/wp-content\\\/uploads\\\/sites\\\/3\\\/2023\\\/01\\\/Mob-inter-3-scaled.jpg\",\"contentUrl\":\"https:\\\/\\\/www.mines-stetienne.fr\\\/panoramines\\\/wp-content\\\/uploads\\\/sites\\\/3\\\/2023\\\/01\\\/Mob-inter-3-scaled.jpg\",\"width\":2560,\"height\":1707},{\"@type\":\"BreadcrumbList\",\"@id\":\"https:\\\/\\\/www.mines-stetienne.fr\\\/panoramines\\\/2022\\\/12\\\/21\\\/une-ouverture-sur-le-monde-pour-nos-eleves\\\/#breadcrumb\",\"itemListElement\":[{\"@type\":\"ListItem\",\"position\":1,\"name\":\"Accueil\",\"item\":\"https:\\\/\\\/www.mines-stetienne.fr\\\/panoramines\\\/\"},{\"@type\":\"ListItem\",\"position\":2,\"name\":\"Une ouverture sur le monde pour nos \u00e9l\u00e8ves !\"}]},{\"@type\":\"WebSite\",\"@id\":\"https:\\\/\\\/www.mines-stetienne.fr\\\/panoramines\\\/#website\",\"url\":\"https:\\\/\\\/www.mines-stetienne.fr\\\/panoramines\\\/\",\"name\":\"Panoramines\",\"description\":\"Panoramines, l\u2019actualit\u00e9 de MINES Saint-\u00c9tienne\",\"potentialAction\":[{\"@type\":\"SearchAction\",\"target\":{\"@type\":\"EntryPoint\",\"urlTemplate\":\"https:\\\/\\\/www.mines-stetienne.fr\\\/panoramines\\\/?s={search_term_string}\"},\"query-input\":{\"@type\":\"PropertyValueSpecification\",\"valueRequired\":true,\"valueName\":\"search_term_string\"}}],\"inLanguage\":\"fr-FR\"},{\"@type\":\"Person\",\"@id\":\"https:\\\/\\\/www.mines-stetienne.fr\\\/panoramines\\\/#\\\/schema\\\/person\\\/f93b3567fe25af690eb69a1501646912\",\"name\":\"CORTES Lucas\",\"image\":{\"@type\":\"ImageObject\",\"inLanguage\":\"fr-FR\",\"@id\":\"https:\\\/\\\/www.mines-stetienne.fr\\\/panoramines\\\/wp-content\\\/uploads\\\/sites\\\/3\\\/2021\\\/07\\\/logo-75x75-1.png\",\"url\":\"https:\\\/\\\/www.mines-stetienne.fr\\\/panoramines\\\/wp-content\\\/uploads\\\/sites\\\/3\\\/2021\\\/07\\\/logo-75x75-1.png\",\"contentUrl\":\"https:\\\/\\\/www.mines-stetienne.fr\\\/panoramines\\\/wp-content\\\/uploads\\\/sites\\\/3\\\/2021\\\/07\\\/logo-75x75-1.png\",\"caption\":\"CORTES Lucas\"},\"url\":\"https:\\\/\\\/www.mines-stetienne.fr\\\/panoramines\\\/author\\\/lucas-cortes\\\/\"}]}<\/script>\n<!-- \/ Yoast SEO plugin. -->","yoast_head_json":{"title":"Une ouverture sur le monde pour nos \u00e9l\u00e8ves ! - Panoramines","robots":{"index":"index","follow":"follow","max-snippet":"max-snippet:-1","max-image-preview":"max-image-preview:large","max-video-preview":"max-video-preview:-1"},"canonical":"https:\/\/www.mines-stetienne.fr\/panoramines\/2022\/12\/21\/une-ouverture-sur-le-monde-pour-nos-eleves\/","og_locale":"fr_FR","og_type":"article","og_title":"Une ouverture sur le monde pour nos \u00e9l\u00e8ves ! - Panoramines","og_description":"Chaque ann\u00e9e, l&rsquo;\u00c9cole organise un forum sur les mobilit\u00e9s internationales \u00e0 destination de ses \u00e9l\u00e8ves. L&rsquo;objectif est de les renseigner et les aider dans leur choix de mobilit\u00e9 internationale : semestre \u00e0 l&rsquo;\u00e9tranger, stage, c\u00e9sure&#8230; Ce forum est organis\u00e9 par &hellip;","og_url":"https:\/\/www.mines-stetienne.fr\/panoramines\/2022\/12\/21\/une-ouverture-sur-le-monde-pour-nos-eleves\/","og_site_name":"Panoramines","article_published_time":"2022-12-21T16:11:13+00:00","article_modified_time":"2024-03-07T15:59:42+00:00","og_image":[{"width":2560,"height":1707,"url":"https:\/\/www.mines-stetienne.fr\/panoramines\/wp-content\/uploads\/sites\/3\/2023\/01\/Mob-inter-3-scaled.jpg","type":"image\/jpeg"}],"author":"CORTES Lucas","twitter_card":"summary_large_image","twitter_misc":{"\u00c9crit par":"CORTES Lucas","Dur\u00e9e de lecture estim\u00e9e":"2 minutes"},"schema":{"@context":"https:\/\/schema.org","@graph":[{"@type":"Article","@id":"https:\/\/www.mines-stetienne.fr\/panoramines\/2022\/12\/21\/une-ouverture-sur-le-monde-pour-nos-eleves\/#article","isPartOf":{"@id":"https:\/\/www.mines-stetienne.fr\/panoramines\/2022\/12\/21\/une-ouverture-sur-le-monde-pour-nos-eleves\/"},"author":{"name":"CORTES Lucas","@id":"https:\/\/www.mines-stetienne.fr\/panoramines\/#\/schema\/person\/f93b3567fe25af690eb69a1501646912"},"headline":"Une ouverture sur le monde pour nos \u00e9l\u00e8ves !","datePublished":"2022-12-21T16:11:13+00:00","dateModified":"2024-03-07T15:59:42+00:00","mainEntityOfPage":{"@id":"https:\/\/www.mines-stetienne.fr\/panoramines\/2022\/12\/21\/une-ouverture-sur-le-monde-pour-nos-eleves\/"},"wordCount":160,"image":{"@id":"https:\/\/www.mines-stetienne.fr\/panoramines\/2022\/12\/21\/une-ouverture-sur-le-monde-pour-nos-eleves\/#primaryimage"},"thumbnailUrl":"https:\/\/www.mines-stetienne.fr\/panoramines\/wp-content\/uploads\/sites\/3\/2023\/01\/Mob-inter-3-scaled.jpg","keywords":["Culture","\u00c9tudiants internationaux","Forum","ICM","International","Mobilit\u00e9 internationale"],"articleSection":["International"],"inLanguage":"fr-FR"},{"@type":"WebPage","@id":"https:\/\/www.mines-stetienne.fr\/panoramines\/2022\/12\/21\/une-ouverture-sur-le-monde-pour-nos-eleves\/","url":"https:\/\/www.mines-stetienne.fr\/panoramines\/2022\/12\/21\/une-ouverture-sur-le-monde-pour-nos-eleves\/","name":"Une ouverture sur le monde pour nos \u00e9l\u00e8ves ! - Panoramines","isPartOf":{"@id":"https:\/\/www.mines-stetienne.fr\/panoramines\/#website"},"primaryImageOfPage":{"@id":"https:\/\/www.mines-stetienne.fr\/panoramines\/2022\/12\/21\/une-ouverture-sur-le-monde-pour-nos-eleves\/#primaryimage"},"image":{"@id":"https:\/\/www.mines-stetienne.fr\/panoramines\/2022\/12\/21\/une-ouverture-sur-le-monde-pour-nos-eleves\/#primaryimage"},"thumbnailUrl":"https:\/\/www.mines-stetienne.fr\/panoramines\/wp-content\/uploads\/sites\/3\/2023\/01\/Mob-inter-3-scaled.jpg","datePublished":"2022-12-21T16:11:13+00:00","dateModified":"2024-03-07T15:59:42+00:00","author":{"@id":"https:\/\/www.mines-stetienne.fr\/panoramines\/#\/schema\/person\/f93b3567fe25af690eb69a1501646912"},"breadcrumb":{"@id":"https:\/\/www.mines-stetienne.fr\/panoramines\/2022\/12\/21\/une-ouverture-sur-le-monde-pour-nos-eleves\/#breadcrumb"},"inLanguage":"fr-FR","potentialAction":[{"@type":"ReadAction","target":["https:\/\/www.mines-stetienne.fr\/panoramines\/2022\/12\/21\/une-ouverture-sur-le-monde-pour-nos-eleves\/"]}]},{"@type":"ImageObject","inLanguage":"fr-FR","@id":"https:\/\/www.mines-stetienne.fr\/panoramines\/2022\/12\/21\/une-ouverture-sur-le-monde-pour-nos-eleves\/#primaryimage","url":"https:\/\/www.mines-stetienne.fr\/panoramines\/wp-content\/uploads\/sites\/3\/2023\/01\/Mob-inter-3-scaled.jpg","contentUrl":"https:\/\/www.mines-stetienne.fr\/panoramines\/wp-content\/uploads\/sites\/3\/2023\/01\/Mob-inter-3-scaled.jpg","width":2560,"height":1707},{"@type":"BreadcrumbList","@id":"https:\/\/www.mines-stetienne.fr\/panoramines\/2022\/12\/21\/une-ouverture-sur-le-monde-pour-nos-eleves\/#breadcrumb","itemListElement":[{"@type":"ListItem","position":1,"name":"Accueil","item":"https:\/\/www.mines-stetienne.fr\/panoramines\/"},{"@type":"ListItem","position":2,"name":"Une ouverture sur le monde pour nos \u00e9l\u00e8ves !"}]},{"@type":"WebSite","@id":"https:\/\/www.mines-stetienne.fr\/panoramines\/#website","url":"https:\/\/www.mines-stetienne.fr\/panoramines\/","name":"Panoramines","description":"Panoramines, l\u2019actualit\u00e9 de MINES Saint-\u00c9tienne","potentialAction":[{"@type":"SearchAction","target":{"@type":"EntryPoint","urlTemplate":"https:\/\/www.mines-stetienne.fr\/panoramines\/?s={search_term_string}"},"query-input":{"@type":"PropertyValueSpecification","valueRequired":true,"valueName":"search_term_string"}}],"inLanguage":"fr-FR"},{"@type":"Person","@id":"https:\/\/www.mines-stetienne.fr\/panoramines\/#\/schema\/person\/f93b3567fe25af690eb69a1501646912","name":"CORTES Lucas","image":{"@type":"ImageObject","inLanguage":"fr-FR","@id":"https:\/\/www.mines-stetienne.fr\/panoramines\/wp-content\/uploads\/sites\/3\/2021\/07\/logo-75x75-1.png","url":"https:\/\/www.mines-stetienne.fr\/panoramines\/wp-content\/uploads\/sites\/3\/2021\/07\/logo-75x75-1.png","contentUrl":"https:\/\/www.mines-stetienne.fr\/panoramines\/wp-content\/uploads\/sites\/3\/2021\/07\/logo-75x75-1.png","caption":"CORTES Lucas"},"url":"https:\/\/www.mines-stetienne.fr\/panoramines\/author\/lucas-cortes\/"}]}},"_links":{"self":[{"href":"https:\/\/www.mines-stetienne.fr\/panoramines\/wp-json\/wp\/v2\/posts\/24303","targetHints":{"allow":["GET"]}}],"collection":[{"href":"https:\/\/www.mines-stetienne.fr\/panoramines\/wp-json\/wp\/v2\/posts"}],"about":[{"href":"https:\/\/www.mines-stetienne.fr\/panoramines\/wp-json\/wp\/v2\/types\/post"}],"author":[{"embeddable":true,"href":"https:\/\/www.mines-stetienne.fr\/panoramines\/wp-json\/wp\/v2\/users\/6823"}],"replies":[{"embeddable":true,"href":"https:\/\/www.mines-stetienne.fr\/panoramines\/wp-json\/wp\/v2\/comments?post=24303"}],"version-history":[{"count":4,"href":"https:\/\/www.mines-stetienne.fr\/panoramines\/wp-json\/wp\/v2\/posts\/24303\/revisions"}],"predecessor-version":[{"id":24351,"href":"https:\/\/www.mines-stetienne.fr\/panoramines\/wp-json\/wp\/v2\/posts\/24303\/revisions\/24351"}],"wp:featuredmedia":[{"embeddable":true,"href":"https:\/\/www.mines-stetienne.fr\/panoramines\/wp-json\/wp\/v2\/media\/24344"}],"wp:attachment":[{"href":"https:\/\/www.mines-stetienne.fr\/panoramines\/wp-json\/wp\/v2\/media?parent=24303"}],"wp:term":[{"taxonomy":"category","embeddable":true,"href":"https:\/\/www.mines-stetienne.fr\/panoramines\/wp-json\/wp\/v2\/categories?post=24303"},{"taxonomy":"post_tag","embeddable":true,"href":"https:\/\/www.mines-stetienne.fr\/panoramines\/wp-json\/wp\/v2\/tags?post=24303"}],"curies":[{"name":"wp","href":"https:\/\/api.w.org\/{rel}","templated":true}]}}